{"id":1988,"date":"2025-08-14T12:41:46","date_gmt":"2025-08-14T12:41:46","guid":{"rendered":"https:\/\/mznoticia.com.br\/jaguariaiva\/?p=1988"},"modified":"2025-08-14T12:41:46","modified_gmt":"2025-08-14T12:41:46","slug":"corinthians-enfrentara-o-athletico-nas-quartas-de-final-da-copa-do-brasil","status":"publish","type":"post","link":"https:\/\/mznoticia.com.br\/jaguariaiva\/corinthians-enfrentara-o-athletico-nas-quartas-de-final-da-copa-do-brasil\/","title":{"rendered":"Corinthians enfrentar\u00e1 o Athletico nas quartas de final da Copa do Brasil"},"content":{"rendered":"<p data-start=\"79\" data-end=\"345\">O Corinthians conheceu na manh\u00e3 desta ter\u00e7a-feira (12) seu advers\u00e1rio nas quartas de final da Copa do Brasil: o Athletico Paranaense. O confronto foi definido em sorteio realizado pela Confedera\u00e7\u00e3o Brasileira de Futebol (CBF), na sede da entidade, no Rio de Janeiro.<\/p>\n<p data-start=\"347\" data-end=\"634\">As partidas de ida e volta est\u00e3o previstas para as semanas dos dias <strong data-start=\"415\" data-end=\"431\">27 de agosto<\/strong> e <strong data-start=\"434\" data-end=\"452\">11 de setembro<\/strong>, com datas e hor\u00e1rios ainda a serem confirmados pela CBF. O Tim\u00e3o far\u00e1 o segundo jogo <strong data-start=\"539\" data-end=\"550\">em casa<\/strong>, na Neo Qu\u00edmica Arena, e inicia o duelo fora, na <strong data-start=\"600\" data-end=\"620\">Arena da Baixada<\/strong>, em Curitiba.<\/p>\n<p data-start=\"636\" data-end=\"847\">O chaveamento do torneio coloca o Corinthians do mesmo lado do confronto mineiro entre <strong data-start=\"723\" data-end=\"749\">Atl\u00e9tico-MG e Cruzeiro<\/strong>. Ou seja, caso avance \u00e0 semifinal, o time paulista enfrentar\u00e1 um dos dois rivais de Minas Gerais.<\/p>\n<p data-start=\"849\" data-end=\"939\">Do outro lado da chave, os duelos s\u00e3o entre <strong data-start=\"893\" data-end=\"913\">Vasco x Botafogo<\/strong> e <strong data-start=\"916\" data-end=\"938\">Bahia x Fluminense<\/strong>.<\/p>\n<h3 data-start=\"941\" data-end=\"962\">Hist\u00f3rico recente<\/h3>\n<p data-start=\"964\" data-end=\"1282\">Corinthians e Athletico t\u00eam protagonizado jogos equilibrados nos \u00faltimos anos. Em 2022, se enfrentaram nas semifinais da Copa do Brasil Sub-20, com vit\u00f3ria do Furac\u00e3o. J\u00e1 no profissional, o \u00faltimo encontro em mata-mata foi na Copa Sul-Americana de 2018, quando o clube paranaense eliminou o Tim\u00e3o nas oitavas de final.<\/p>\n<p data-start=\"1284\" data-end=\"1517\">Sob o comando do t\u00e9cnico Ant\u00f3nio Oliveira, o Corinthians busca voltar a uma semifinal de Copa do Brasil ap\u00f3s ficar fora nas \u00faltimas temporadas. A equipe ainda sonha com o tetracampeonato \u2014 j\u00e1 venceu a competi\u00e7\u00e3o em 1995, 2002 e 2009.<\/p>\n<p data-start=\"1519\" data-end=\"1663\" data-is-last-node=\"\" data-is-only-node=\"\">O confronto promete ser equilibrado, colocando frente a frente duas equipes acostumadas a decis\u00f5es e que vivem momentos de reconstru\u00e7\u00e3o em 2024.<\/p>\n","protected":false},"excerpt":{"rendered":"<p>O Corinthians conheceu na manh\u00e3 desta ter\u00e7a-feira (12) seu advers\u00e1rio nas quartas de final da Copa do Brasil: o Athletico Paranaense. O confronto foi definido em sorteio realizado pela Confedera\u00e7\u00e3o Brasileira de Futebol (CBF), na sede da entidade, no Rio de Janeiro. As partidas de ida e volta est\u00e3o previstas para as semanas dos dias [&hellip;]<\/p>\n","protected":false},"author":1,"featured_media":1989,"comment_status":"open","ping_status":"open","sticky":false,"template":"","format":"standard","meta":{"footnotes":""},"categories":[9],"tags":[],"class_list":["post-1988","post","type-post","status-publish","format-standard","has-post-thumbnail","hentry","category-esportes"],"yoast_head":"<!-- This site is optimized with the Yoast SEO plugin v24.6 - https:\/\/yoast.com\/wordpress\/plugins\/seo\/ -->\n<title>Corinthians enfrentar\u00e1 o Athletico nas quartas de final da Copa do Brasil - Mz Not\u00edcias<\/title>\n<meta name=\"description\" content=\"O Corinthians conheceu na manh\u00e3 desta ter\u00e7a-feira (12) seu advers\u00e1rio nas quartas de final da Copa do Brasil: o Athletico Paranaense. O confronto foi definido em sorteio realizado pela Confedera\u00e7\u00e3o Brasileira de Futebol (CBF), na sede da entidade, no Rio de Janeiro.\" \/>\n<meta name=\"robots\" content=\"index, follow, max-snippet:-1, max-image-preview:large, max-video-preview:-1\" \/>\n<link rel=\"canonical\" href=\"https:\/\/mznoticia.com.br\/jaguariaiva\/corinthians-enfrentara-o-athletico-nas-quartas-de-final-da-copa-do-brasil\/\" \/>\n<meta property=\"og:locale\" content=\"pt_BR\" \/>\n<meta property=\"og:type\" content=\"article\" \/>\n<meta property=\"og:title\" content=\"Corinthians enfrentar\u00e1 o Athletico nas quartas de final da Copa do Brasil - Mz Not\u00edcias\" \/>\n<meta property=\"og:description\" content=\"O Corinthians conheceu na manh\u00e3 desta ter\u00e7a-feira (12) seu advers\u00e1rio nas quartas de final da Copa do Brasil: o Athletico Paranaense. O confronto foi definido em sorteio realizado pela Confedera\u00e7\u00e3o Brasileira de Futebol (CBF), na sede da entidade, no Rio de Janeiro.\" \/>\n<meta property=\"og:url\" content=\"https:\/\/mznoticia.com.br\/jaguariaiva\/corinthians-enfrentara-o-athletico-nas-quartas-de-final-da-copa-do-brasil\/\" \/>\n<meta property=\"og:site_name\" content=\"Mz Not\u00edcias\" \/>\n<meta property=\"article:publisher\" content=\"https:\/\/www.facebook.com\/profile.php?id=61573479951222\" \/>\n<meta property=\"article:published_time\" content=\"2025-08-14T12:41:46+00:00\" \/>\n<meta property=\"og:image\" content=\"https:\/\/mznoticia.com.br\/jaguariaiva\/wp-content\/uploads\/2025\/08\/baixados.webp\" \/>\n\t<meta property=\"og:image:width\" content=\"325\" \/>\n\t<meta property=\"og:image:height\" content=\"182\" \/>\n\t<meta property=\"og:image:type\" content=\"image\/webp\" \/>\n<meta name=\"author\" content=\"admin\" \/>\n<meta name=\"twitter:card\" content=\"summary_large_image\" \/>\n<meta name=\"twitter:label1\" content=\"Escrito por\" \/>\n\t<meta name=\"twitter:data1\" content=\"admin\" \/>\n\t<meta name=\"twitter:label2\" content=\"Est. tempo de leitura\" \/>\n\t<meta name=\"twitter:data2\" content=\"2 minutos\" \/>\n<script type=\"application\/ld+json\" class=\"yoast-schema-graph\">{\"@context\":\"https:\/\/schema.org\",\"@graph\":[{\"@type\":\"Article\",\"@id\":\"https:\/\/mznoticia.com.br\/jaguariaiva\/corinthians-enfrentara-o-athletico-nas-quartas-de-final-da-copa-do-brasil\/#article\",\"isPartOf\":{\"@id\":\"https:\/\/mznoticia.com.br\/jaguariaiva\/corinthians-enfrentara-o-athletico-nas-quartas-de-final-da-copa-do-brasil\/\"},\"author\":{\"name\":\"admin\",\"@id\":\"https:\/\/mznoticia.com.br\/jaguariaiva\/#\/schema\/person\/2c8e6591d90fd25419fb5d6ef1cba4a0\"},\"headline\":\"Corinthians enfrentar\u00e1 o Athletico nas quartas de final da Copa do Brasil\",\"datePublished\":\"2025-08-14T12:41:46+00:00\",\"mainEntityOfPage\":{\"@id\":\"https:\/\/mznoticia.com.br\/jaguariaiva\/corinthians-enfrentara-o-athletico-nas-quartas-de-final-da-copa-do-brasil\/\"},\"wordCount\":281,\"commentCount\":0,\"publisher\":{\"@id\":\"https:\/\/mznoticia.com.br\/jaguariaiva\/#organization\"},\"image\":{\"@id\":\"https:\/\/mznoticia.com.br\/jaguariaiva\/corinthians-enfrentara-o-athletico-nas-quartas-de-final-da-copa-do-brasil\/#primaryimage\"},\"thumbnailUrl\":\"https:\/\/mznoticia.com.br\/jaguariaiva\/wp-content\/uploads\/2025\/08\/baixados.webp\",\"articleSection\":[\"Esportes\"],\"inLanguage\":\"pt-BR\",\"potentialAction\":[{\"@type\":\"CommentAction\",\"name\":\"Comment\",\"target\":[\"https:\/\/mznoticia.com.br\/jaguariaiva\/corinthians-enfrentara-o-athletico-nas-quartas-de-final-da-copa-do-brasil\/#respond\"]}]},{\"@type\":\"WebPage\",\"@id\":\"https:\/\/mznoticia.com.br\/jaguariaiva\/corinthians-enfrentara-o-athletico-nas-quartas-de-final-da-copa-do-brasil\/\",\"url\":\"https:\/\/mznoticia.com.br\/jaguariaiva\/corinthians-enfrentara-o-athletico-nas-quartas-de-final-da-copa-do-brasil\/\",\"name\":\"Corinthians enfrentar\u00e1 o Athletico nas quartas de final da Copa do Brasil - Mz Not\u00edcias\",\"isPartOf\":{\"@id\":\"https:\/\/mznoticia.com.br\/jaguariaiva\/#website\"},\"primaryImageOfPage\":{\"@id\":\"https:\/\/mznoticia.com.br\/jaguariaiva\/corinthians-enfrentara-o-athletico-nas-quartas-de-final-da-copa-do-brasil\/#primaryimage\"},\"image\":{\"@id\":\"https:\/\/mznoticia.com.br\/jaguariaiva\/corinthians-enfrentara-o-athletico-nas-quartas-de-final-da-copa-do-brasil\/#primaryimage\"},\"thumbnailUrl\":\"https:\/\/mznoticia.com.br\/jaguariaiva\/wp-content\/uploads\/2025\/08\/baixados.webp\",\"datePublished\":\"2025-08-14T12:41:46+00:00\",\"description\":\"O Corinthians conheceu na manh\u00e3 desta ter\u00e7a-feira (12) seu advers\u00e1rio nas quartas de final da Copa do Brasil: o Athletico Paranaense. O confronto foi definido em sorteio realizado pela Confedera\u00e7\u00e3o Brasileira de Futebol (CBF), na sede da entidade, no Rio de Janeiro.\",\"breadcrumb\":{\"@id\":\"https:\/\/mznoticia.com.br\/jaguariaiva\/corinthians-enfrentara-o-athletico-nas-quartas-de-final-da-copa-do-brasil\/#breadcrumb\"},\"inLanguage\":\"pt-BR\",\"potentialAction\":[{\"@type\":\"ReadAction\",\"target\":[\"https:\/\/mznoticia.com.br\/jaguariaiva\/corinthians-enfrentara-o-athletico-nas-quartas-de-final-da-copa-do-brasil\/\"]}]},{\"@type\":\"ImageObject\",\"inLanguage\":\"pt-BR\",\"@id\":\"https:\/\/mznoticia.com.br\/jaguariaiva\/corinthians-enfrentara-o-athletico-nas-quartas-de-final-da-copa-do-brasil\/#primaryimage\",\"url\":\"https:\/\/mznoticia.com.br\/jaguariaiva\/wp-content\/uploads\/2025\/08\/baixados.webp\",\"contentUrl\":\"https:\/\/mznoticia.com.br\/jaguariaiva\/wp-content\/uploads\/2025\/08\/baixados.webp\",\"width\":325,\"height\":182},{\"@type\":\"BreadcrumbList\",\"@id\":\"https:\/\/mznoticia.com.br\/jaguariaiva\/corinthians-enfrentara-o-athletico-nas-quartas-de-final-da-copa-do-brasil\/#breadcrumb\",\"itemListElement\":[{\"@type\":\"ListItem\",\"position\":1,\"name\":\"Home\",\"item\":\"https:\/\/mznoticia.com.br\/jaguariaiva\/\"},{\"@type\":\"ListItem\",\"position\":2,\"name\":\"Corinthians enfrentar\u00e1 o Athletico nas quartas de final da Copa do Brasil\"}]},{\"@type\":\"WebSite\",\"@id\":\"https:\/\/mznoticia.com.br\/jaguariaiva\/#website\",\"url\":\"https:\/\/mznoticia.com.br\/jaguariaiva\/\",\"name\":\"Mz Not\u00edcia\",\"description\":\"A informa\u00e7\u00e3o que voc\u00ea precisa na hora certa!\",\"publisher\":{\"@id\":\"https:\/\/mznoticia.com.br\/jaguariaiva\/#organization\"},\"potentialAction\":[{\"@type\":\"SearchAction\",\"target\":{\"@type\":\"EntryPoint\",\"urlTemplate\":\"https:\/\/mznoticia.com.br\/jaguariaiva\/?s={search_term_string}\"},\"query-input\":{\"@type\":\"PropertyValueSpecification\",\"valueRequired\":true,\"valueName\":\"search_term_string\"}}],\"inLanguage\":\"pt-BR\"},{\"@type\":\"Organization\",\"@id\":\"https:\/\/mznoticia.com.br\/jaguariaiva\/#organization\",\"name\":\"Mz Not\u00edcia\",\"url\":\"https:\/\/mznoticia.com.br\/jaguariaiva\/\",\"logo\":{\"@type\":\"ImageObject\",\"inLanguage\":\"pt-BR\",\"@id\":\"https:\/\/mznoticia.com.br\/jaguariaiva\/#\/schema\/logo\/image\/\",\"url\":\"https:\/\/mznoticia.com.br\/jaguariaiva\/wp-content\/uploads\/2025\/03\/Design-sem-nome-4-e1741200616392.png\",\"contentUrl\":\"https:\/\/mznoticia.com.br\/jaguariaiva\/wp-content\/uploads\/2025\/03\/Design-sem-nome-4-e1741200616392.png\",\"width\":750,\"height\":563,\"caption\":\"Mz Not\u00edcia\"},\"image\":{\"@id\":\"https:\/\/mznoticia.com.br\/jaguariaiva\/#\/schema\/logo\/image\/\"},\"sameAs\":[\"https:\/\/www.facebook.com\/profile.php?id=61573479951222\",\"https:\/\/www.instagram.com\/mz.jaguariaiva\/\"]},{\"@type\":\"Person\",\"@id\":\"https:\/\/mznoticia.com.br\/jaguariaiva\/#\/schema\/person\/2c8e6591d90fd25419fb5d6ef1cba4a0\",\"name\":\"admin\",\"image\":{\"@type\":\"ImageObject\",\"inLanguage\":\"pt-BR\",\"@id\":\"https:\/\/mznoticia.com.br\/jaguariaiva\/#\/schema\/person\/image\/\",\"url\":\"https:\/\/mznoticia.com.br\/jaguariaiva\/wp-content\/uploads\/2025\/02\/mznoticia_jaguariaiva_coluna-150x150.png\",\"contentUrl\":\"https:\/\/mznoticia.com.br\/jaguariaiva\/wp-content\/uploads\/2025\/02\/mznoticia_jaguariaiva_coluna-150x150.png\",\"caption\":\"admin\"},\"sameAs\":[\"https:\/\/upperweb.com.br\/mznoticias\"],\"url\":\"https:\/\/mznoticia.com.br\/jaguariaiva\/author\/admin\/\"}]}<\/script>\n<!-- \/ Yoast SEO plugin. -->","yoast_head_json":{"title":"Corinthians enfrentar\u00e1 o Athletico nas quartas de final da Copa do Brasil - Mz Not\u00edcias","description":"O Corinthians conheceu na manh\u00e3 desta ter\u00e7a-feira (12) seu advers\u00e1rio nas quartas de final da Copa do Brasil: o Athletico Paranaense. O confronto foi definido em sorteio realizado pela Confedera\u00e7\u00e3o Brasileira de Futebol (CBF), na sede da entidade, no Rio de Janeiro.","robots":{"index":"index","follow":"follow","max-snippet":"max-snippet:-1","max-image-preview":"max-image-preview:large","max-video-preview":"max-video-preview:-1"},"canonical":"https:\/\/mznoticia.com.br\/jaguariaiva\/corinthians-enfrentara-o-athletico-nas-quartas-de-final-da-copa-do-brasil\/","og_locale":"pt_BR","og_type":"article","og_title":"Corinthians enfrentar\u00e1 o Athletico nas quartas de final da Copa do Brasil - Mz Not\u00edcias","og_description":"O Corinthians conheceu na manh\u00e3 desta ter\u00e7a-feira (12) seu advers\u00e1rio nas quartas de final da Copa do Brasil: o Athletico Paranaense. O confronto foi definido em sorteio realizado pela Confedera\u00e7\u00e3o Brasileira de Futebol (CBF), na sede da entidade, no Rio de Janeiro.","og_url":"https:\/\/mznoticia.com.br\/jaguariaiva\/corinthians-enfrentara-o-athletico-nas-quartas-de-final-da-copa-do-brasil\/","og_site_name":"Mz Not\u00edcias","article_publisher":"https:\/\/www.facebook.com\/profile.php?id=61573479951222","article_published_time":"2025-08-14T12:41:46+00:00","og_image":[{"width":325,"height":182,"url":"https:\/\/mznoticia.com.br\/jaguariaiva\/wp-content\/uploads\/2025\/08\/baixados.webp","type":"image\/webp"}],"author":"admin","twitter_card":"summary_large_image","twitter_misc":{"Escrito por":"admin","Est. tempo de leitura":"2 minutos"},"schema":{"@context":"https:\/\/schema.org","@graph":[{"@type":"Article","@id":"https:\/\/mznoticia.com.br\/jaguariaiva\/corinthians-enfrentara-o-athletico-nas-quartas-de-final-da-copa-do-brasil\/#article","isPartOf":{"@id":"https:\/\/mznoticia.com.br\/jaguariaiva\/corinthians-enfrentara-o-athletico-nas-quartas-de-final-da-copa-do-brasil\/"},"author":{"name":"admin","@id":"https:\/\/mznoticia.com.br\/jaguariaiva\/#\/schema\/person\/2c8e6591d90fd25419fb5d6ef1cba4a0"},"headline":"Corinthians enfrentar\u00e1 o Athletico nas quartas de final da Copa do Brasil","datePublished":"2025-08-14T12:41:46+00:00","mainEntityOfPage":{"@id":"https:\/\/mznoticia.com.br\/jaguariaiva\/corinthians-enfrentara-o-athletico-nas-quartas-de-final-da-copa-do-brasil\/"},"wordCount":281,"commentCount":0,"publisher":{"@id":"https:\/\/mznoticia.com.br\/jaguariaiva\/#organization"},"image":{"@id":"https:\/\/mznoticia.com.br\/jaguariaiva\/corinthians-enfrentara-o-athletico-nas-quartas-de-final-da-copa-do-brasil\/#primaryimage"},"thumbnailUrl":"https:\/\/mznoticia.com.br\/jaguariaiva\/wp-content\/uploads\/2025\/08\/baixados.webp","articleSection":["Esportes"],"inLanguage":"pt-BR","potentialAction":[{"@type":"CommentAction","name":"Comment","target":["https:\/\/mznoticia.com.br\/jaguariaiva\/corinthians-enfrentara-o-athletico-nas-quartas-de-final-da-copa-do-brasil\/#respond"]}]},{"@type":"WebPage","@id":"https:\/\/mznoticia.com.br\/jaguariaiva\/corinthians-enfrentara-o-athletico-nas-quartas-de-final-da-copa-do-brasil\/","url":"https:\/\/mznoticia.com.br\/jaguariaiva\/corinthians-enfrentara-o-athletico-nas-quartas-de-final-da-copa-do-brasil\/","name":"Corinthians enfrentar\u00e1 o Athletico nas quartas de final da Copa do Brasil - Mz Not\u00edcias","isPartOf":{"@id":"https:\/\/mznoticia.com.br\/jaguariaiva\/#website"},"primaryImageOfPage":{"@id":"https:\/\/mznoticia.com.br\/jaguariaiva\/corinthians-enfrentara-o-athletico-nas-quartas-de-final-da-copa-do-brasil\/#primaryimage"},"image":{"@id":"https:\/\/mznoticia.com.br\/jaguariaiva\/corinthians-enfrentara-o-athletico-nas-quartas-de-final-da-copa-do-brasil\/#primaryimage"},"thumbnailUrl":"https:\/\/mznoticia.com.br\/jaguariaiva\/wp-content\/uploads\/2025\/08\/baixados.webp","datePublished":"2025-08-14T12:41:46+00:00","description":"O Corinthians conheceu na manh\u00e3 desta ter\u00e7a-feira (12) seu advers\u00e1rio nas quartas de final da Copa do Brasil: o Athletico Paranaense. O confronto foi definido em sorteio realizado pela Confedera\u00e7\u00e3o Brasileira de Futebol (CBF), na sede da entidade, no Rio de Janeiro.","breadcrumb":{"@id":"https:\/\/mznoticia.com.br\/jaguariaiva\/corinthians-enfrentara-o-athletico-nas-quartas-de-final-da-copa-do-brasil\/#breadcrumb"},"inLanguage":"pt-BR","potentialAction":[{"@type":"ReadAction","target":["https:\/\/mznoticia.com.br\/jaguariaiva\/corinthians-enfrentara-o-athletico-nas-quartas-de-final-da-copa-do-brasil\/"]}]},{"@type":"ImageObject","inLanguage":"pt-BR","@id":"https:\/\/mznoticia.com.br\/jaguariaiva\/corinthians-enfrentara-o-athletico-nas-quartas-de-final-da-copa-do-brasil\/#primaryimage","url":"https:\/\/mznoticia.com.br\/jaguariaiva\/wp-content\/uploads\/2025\/08\/baixados.webp","contentUrl":"https:\/\/mznoticia.com.br\/jaguariaiva\/wp-content\/uploads\/2025\/08\/baixados.webp","width":325,"height":182},{"@type":"BreadcrumbList","@id":"https:\/\/mznoticia.com.br\/jaguariaiva\/corinthians-enfrentara-o-athletico-nas-quartas-de-final-da-copa-do-brasil\/#breadcrumb","itemListElement":[{"@type":"ListItem","position":1,"name":"Home","item":"https:\/\/mznoticia.com.br\/jaguariaiva\/"},{"@type":"ListItem","position":2,"name":"Corinthians enfrentar\u00e1 o Athletico nas quartas de final da Copa do Brasil"}]},{"@type":"WebSite","@id":"https:\/\/mznoticia.com.br\/jaguariaiva\/#website","url":"https:\/\/mznoticia.com.br\/jaguariaiva\/","name":"Mz Not\u00edcia","description":"A informa\u00e7\u00e3o que voc\u00ea precisa na hora certa!","publisher":{"@id":"https:\/\/mznoticia.com.br\/jaguariaiva\/#organization"},"potentialAction":[{"@type":"SearchAction","target":{"@type":"EntryPoint","urlTemplate":"https:\/\/mznoticia.com.br\/jaguariaiva\/?s={search_term_string}"},"query-input":{"@type":"PropertyValueSpecification","valueRequired":true,"valueName":"search_term_string"}}],"inLanguage":"pt-BR"},{"@type":"Organization","@id":"https:\/\/mznoticia.com.br\/jaguariaiva\/#organization","name":"Mz Not\u00edcia","url":"https:\/\/mznoticia.com.br\/jaguariaiva\/","logo":{"@type":"ImageObject","inLanguage":"pt-BR","@id":"https:\/\/mznoticia.com.br\/jaguariaiva\/#\/schema\/logo\/image\/","url":"https:\/\/mznoticia.com.br\/jaguariaiva\/wp-content\/uploads\/2025\/03\/Design-sem-nome-4-e1741200616392.png","contentUrl":"https:\/\/mznoticia.com.br\/jaguariaiva\/wp-content\/uploads\/2025\/03\/Design-sem-nome-4-e1741200616392.png","width":750,"height":563,"caption":"Mz Not\u00edcia"},"image":{"@id":"https:\/\/mznoticia.com.br\/jaguariaiva\/#\/schema\/logo\/image\/"},"sameAs":["https:\/\/www.facebook.com\/profile.php?id=61573479951222","https:\/\/www.instagram.com\/mz.jaguariaiva\/"]},{"@type":"Person","@id":"https:\/\/mznoticia.com.br\/jaguariaiva\/#\/schema\/person\/2c8e6591d90fd25419fb5d6ef1cba4a0","name":"admin","image":{"@type":"ImageObject","inLanguage":"pt-BR","@id":"https:\/\/mznoticia.com.br\/jaguariaiva\/#\/schema\/person\/image\/","url":"https:\/\/mznoticia.com.br\/jaguariaiva\/wp-content\/uploads\/2025\/02\/mznoticia_jaguariaiva_coluna-150x150.png","contentUrl":"https:\/\/mznoticia.com.br\/jaguariaiva\/wp-content\/uploads\/2025\/02\/mznoticia_jaguariaiva_coluna-150x150.png","caption":"admin"},"sameAs":["https:\/\/upperweb.com.br\/mznoticias"],"url":"https:\/\/mznoticia.com.br\/jaguariaiva\/author\/admin\/"}]}},"_links":{"self":[{"href":"https:\/\/mznoticia.com.br\/jaguariaiva\/wp-json\/wp\/v2\/posts\/1988","targetHints":{"allow":["GET"]}}],"collection":[{"href":"https:\/\/mznoticia.com.br\/jaguariaiva\/wp-json\/wp\/v2\/posts"}],"about":[{"href":"https:\/\/mznoticia.com.br\/jaguariaiva\/wp-json\/wp\/v2\/types\/post"}],"author":[{"embeddable":true,"href":"https:\/\/mznoticia.com.br\/jaguariaiva\/wp-json\/wp\/v2\/users\/1"}],"replies":[{"embeddable":true,"href":"https:\/\/mznoticia.com.br\/jaguariaiva\/wp-json\/wp\/v2\/comments?post=1988"}],"version-history":[{"count":1,"href":"https:\/\/mznoticia.com.br\/jaguariaiva\/wp-json\/wp\/v2\/posts\/1988\/revisions"}],"predecessor-version":[{"id":1990,"href":"https:\/\/mznoticia.com.br\/jaguariaiva\/wp-json\/wp\/v2\/posts\/1988\/revisions\/1990"}],"wp:featuredmedia":[{"embeddable":true,"href":"https:\/\/mznoticia.com.br\/jaguariaiva\/wp-json\/wp\/v2\/media\/1989"}],"wp:attachment":[{"href":"https:\/\/mznoticia.com.br\/jaguariaiva\/wp-json\/wp\/v2\/media?parent=1988"}],"wp:term":[{"taxonomy":"category","embeddable":true,"href":"https:\/\/mznoticia.com.br\/jaguariaiva\/wp-json\/wp\/v2\/categories?post=1988"},{"taxonomy":"post_tag","embeddable":true,"href":"https:\/\/mznoticia.com.br\/jaguariaiva\/wp-json\/wp\/v2\/tags?post=1988"}],"curies":[{"name":"wp","href":"https:\/\/api.w.org\/{rel}","templated":true}]}}