{"id":4285,"date":"2026-03-26T17:16:29","date_gmt":"2026-03-26T17:16:29","guid":{"rendered":"https:\/\/mznoticia.com.br\/jaguariaiva\/?p=4285"},"modified":"2026-03-26T17:17:15","modified_gmt":"2026-03-26T17:17:15","slug":"motorista-fica-ferido-apos-tombamento-na-rodovia-em-jaguariaiva","status":"publish","type":"post","link":"https:\/\/mznoticia.com.br\/jaguariaiva\/motorista-fica-ferido-apos-tombamento-na-rodovia-em-jaguariaiva\/","title":{"rendered":"Motorista fica ferido ap\u00f3s tombamento na rodovia em Jaguaria\u00edva"},"content":{"rendered":"<p>Um caminh\u00e3o carregado com soja tombou na manh\u00e3 desta quinta-feira (26) na PR-092, em Jaguaria\u00edva, espalhando a carga \u00e0s margens da rodovia e exigindo aten\u00e7\u00e3o redobrada dos motoristas.<\/p>\n<p>O acidente aconteceu por volta das 6h, no km 204+300, no trecho entre Arapoti e Jaguaria\u00edva.<\/p>\n<p>O ve\u00edculo, um Scania\/G420 com placas de Andir\u00e1 (PR), seguia no sentido Arapoti\u2013Jaguaria\u00edva quando tombou \u00e0 margem direita da pista.<\/p>\n<p>O motorista, de 38 anos, sofreu apenas ferimentos leves e foi encaminhado para atendimento hospitalar.<\/p>\n<p>Com o impacto, a carga de soja a granel se espalhou pela \u00e1rea de dom\u00ednio da rodovia, podendo afetar o tr\u00e1fego no local.<\/p>\n<p>As causas do acidente n\u00e3o foram detalhadas pela Pol\u00edcia Rodovi\u00e1ria Estadual (BPRv).<\/p>\n","protected":false},"excerpt":{"rendered":"<p>Um caminh\u00e3o carregado com soja tombou na manh\u00e3 desta quinta-feira (26) na PR-092, em Jaguaria\u00edva, espalhando a carga \u00e0s margens da rodovia e exigindo aten\u00e7\u00e3o redobrada dos motoristas. O acidente aconteceu por volta das 6h, no km 204+300, no trecho entre Arapoti e Jaguaria\u00edva. O ve\u00edculo, um Scania\/G420 com placas de Andir\u00e1 (PR), seguia no [&hellip;]<\/p>\n","protected":false},"author":14,"featured_media":4286,"comment_status":"open","ping_status":"open","sticky":false,"template":"","format":"standard","meta":{"footnotes":""},"categories":[140,6],"tags":[31,142,153,47,63,191],"class_list":["post-4285","post","type-post","status-publish","format-standard","has-post-thumbnail","hentry","category-acidente","category-jaguariaiva","tag-acidente","tag-arapoti","tag-caminhao","tag-destaque","tag-jaguariaiva","tag-pr-090"],"yoast_head":"<!-- This site is optimized with the Yoast SEO plugin v24.6 - https:\/\/yoast.com\/wordpress\/plugins\/seo\/ -->\n<title>Motorista fica ferido ap\u00f3s tombamento na rodovia em Jaguaria\u00edva - Mz Not\u00edcias<\/title>\n<meta name=\"description\" content=\"Um caminh\u00e3o carregado com soja tombou na manh\u00e3 desta quinta-feira (26) na PR-092, em Jaguaria\u00edva, espalhando a carga \u00e0s margens da rodovia.\" \/>\n<meta name=\"robots\" content=\"index, follow, max-snippet:-1, max-image-preview:large, max-video-preview:-1\" \/>\n<link rel=\"canonical\" href=\"https:\/\/mznoticia.com.br\/jaguariaiva\/motorista-fica-ferido-apos-tombamento-na-rodovia-em-jaguariaiva\/\" \/>\n<meta property=\"og:locale\" content=\"pt_BR\" \/>\n<meta property=\"og:type\" content=\"article\" \/>\n<meta property=\"og:title\" content=\"Motorista fica ferido ap\u00f3s tombamento na rodovia em Jaguaria\u00edva - Mz Not\u00edcias\" \/>\n<meta property=\"og:description\" content=\"Um caminh\u00e3o carregado com soja tombou na manh\u00e3 desta quinta-feira (26) na PR-092, em Jaguaria\u00edva, espalhando a carga \u00e0s margens da rodovia.\" \/>\n<meta property=\"og:url\" content=\"https:\/\/mznoticia.com.br\/jaguariaiva\/motorista-fica-ferido-apos-tombamento-na-rodovia-em-jaguariaiva\/\" \/>\n<meta property=\"og:site_name\" content=\"Mz Not\u00edcias\" \/>\n<meta property=\"article:publisher\" content=\"https:\/\/www.facebook.com\/profile.php?id=61573479951222\" \/>\n<meta property=\"article:published_time\" content=\"2026-03-26T17:16:29+00:00\" \/>\n<meta property=\"article:modified_time\" content=\"2026-03-26T17:17:15+00:00\" \/>\n<meta property=\"og:image\" content=\"https:\/\/mznoticia.com.br\/jaguariaiva\/wp-content\/uploads\/2026\/03\/caminhao.jpeg\" \/>\n\t<meta property=\"og:image:width\" content=\"750\" \/>\n\t<meta property=\"og:image:height\" content=\"430\" \/>\n\t<meta property=\"og:image:type\" content=\"image\/jpeg\" \/>\n<meta name=\"author\" content=\"redacao__mz\" \/>\n<meta name=\"twitter:card\" content=\"summary_large_image\" \/>\n<meta name=\"twitter:label1\" content=\"Escrito por\" \/>\n\t<meta name=\"twitter:data1\" content=\"redacao__mz\" \/>\n\t<meta name=\"twitter:label2\" content=\"Est. tempo de leitura\" \/>\n\t<meta name=\"twitter:data2\" content=\"1 minuto\" \/>\n<script type=\"application\/ld+json\" class=\"yoast-schema-graph\">{\"@context\":\"https:\/\/schema.org\",\"@graph\":[{\"@type\":\"Article\",\"@id\":\"https:\/\/mznoticia.com.br\/jaguariaiva\/motorista-fica-ferido-apos-tombamento-na-rodovia-em-jaguariaiva\/#article\",\"isPartOf\":{\"@id\":\"https:\/\/mznoticia.com.br\/jaguariaiva\/motorista-fica-ferido-apos-tombamento-na-rodovia-em-jaguariaiva\/\"},\"author\":{\"name\":\"redacao__mz\",\"@id\":\"https:\/\/mznoticia.com.br\/jaguariaiva\/#\/schema\/person\/b56d414b360af534af06dc556960801e\"},\"headline\":\"Motorista fica ferido ap\u00f3s tombamento na rodovia em Jaguaria\u00edva\",\"datePublished\":\"2026-03-26T17:16:29+00:00\",\"dateModified\":\"2026-03-26T17:17:15+00:00\",\"mainEntityOfPage\":{\"@id\":\"https:\/\/mznoticia.com.br\/jaguariaiva\/motorista-fica-ferido-apos-tombamento-na-rodovia-em-jaguariaiva\/\"},\"wordCount\":134,\"commentCount\":0,\"publisher\":{\"@id\":\"https:\/\/mznoticia.com.br\/jaguariaiva\/#organization\"},\"image\":{\"@id\":\"https:\/\/mznoticia.com.br\/jaguariaiva\/motorista-fica-ferido-apos-tombamento-na-rodovia-em-jaguariaiva\/#primaryimage\"},\"thumbnailUrl\":\"https:\/\/mznoticia.com.br\/jaguariaiva\/wp-content\/uploads\/2026\/03\/caminhao.jpeg\",\"keywords\":[\"acidente\",\"arapoti\",\"caminh\u00e3o\",\"destaque\",\"jaguariaiva\",\"PR - 090\"],\"articleSection\":[\"Acidente\",\"Jaguaria\u00edva\"],\"inLanguage\":\"pt-BR\",\"potentialAction\":[{\"@type\":\"CommentAction\",\"name\":\"Comment\",\"target\":[\"https:\/\/mznoticia.com.br\/jaguariaiva\/motorista-fica-ferido-apos-tombamento-na-rodovia-em-jaguariaiva\/#respond\"]}]},{\"@type\":\"WebPage\",\"@id\":\"https:\/\/mznoticia.com.br\/jaguariaiva\/motorista-fica-ferido-apos-tombamento-na-rodovia-em-jaguariaiva\/\",\"url\":\"https:\/\/mznoticia.com.br\/jaguariaiva\/motorista-fica-ferido-apos-tombamento-na-rodovia-em-jaguariaiva\/\",\"name\":\"Motorista fica ferido ap\u00f3s tombamento na rodovia em Jaguaria\u00edva - Mz Not\u00edcias\",\"isPartOf\":{\"@id\":\"https:\/\/mznoticia.com.br\/jaguariaiva\/#website\"},\"primaryImageOfPage\":{\"@id\":\"https:\/\/mznoticia.com.br\/jaguariaiva\/motorista-fica-ferido-apos-tombamento-na-rodovia-em-jaguariaiva\/#primaryimage\"},\"image\":{\"@id\":\"https:\/\/mznoticia.com.br\/jaguariaiva\/motorista-fica-ferido-apos-tombamento-na-rodovia-em-jaguariaiva\/#primaryimage\"},\"thumbnailUrl\":\"https:\/\/mznoticia.com.br\/jaguariaiva\/wp-content\/uploads\/2026\/03\/caminhao.jpeg\",\"datePublished\":\"2026-03-26T17:16:29+00:00\",\"dateModified\":\"2026-03-26T17:17:15+00:00\",\"description\":\"Um caminh\u00e3o carregado com soja tombou na manh\u00e3 desta quinta-feira (26) na PR-092, em Jaguaria\u00edva, espalhando a carga \u00e0s margens da rodovia.\",\"breadcrumb\":{\"@id\":\"https:\/\/mznoticia.com.br\/jaguariaiva\/motorista-fica-ferido-apos-tombamento-na-rodovia-em-jaguariaiva\/#breadcrumb\"},\"inLanguage\":\"pt-BR\",\"potentialAction\":[{\"@type\":\"ReadAction\",\"target\":[\"https:\/\/mznoticia.com.br\/jaguariaiva\/motorista-fica-ferido-apos-tombamento-na-rodovia-em-jaguariaiva\/\"]}]},{\"@type\":\"ImageObject\",\"inLanguage\":\"pt-BR\",\"@id\":\"https:\/\/mznoticia.com.br\/jaguariaiva\/motorista-fica-ferido-apos-tombamento-na-rodovia-em-jaguariaiva\/#primaryimage\",\"url\":\"https:\/\/mznoticia.com.br\/jaguariaiva\/wp-content\/uploads\/2026\/03\/caminhao.jpeg\",\"contentUrl\":\"https:\/\/mznoticia.com.br\/jaguariaiva\/wp-content\/uploads\/2026\/03\/caminhao.jpeg\",\"width\":750,\"height\":430},{\"@type\":\"BreadcrumbList\",\"@id\":\"https:\/\/mznoticia.com.br\/jaguariaiva\/motorista-fica-ferido-apos-tombamento-na-rodovia-em-jaguariaiva\/#breadcrumb\",\"itemListElement\":[{\"@type\":\"ListItem\",\"position\":1,\"name\":\"Home\",\"item\":\"https:\/\/mznoticia.com.br\/jaguariaiva\/\"},{\"@type\":\"ListItem\",\"position\":2,\"name\":\"Motorista fica ferido ap\u00f3s tombamento na rodovia em Jaguaria\u00edva\"}]},{\"@type\":\"WebSite\",\"@id\":\"https:\/\/mznoticia.com.br\/jaguariaiva\/#website\",\"url\":\"https:\/\/mznoticia.com.br\/jaguariaiva\/\",\"name\":\"Mz Not\u00edcia\",\"description\":\"A informa\u00e7\u00e3o que voc\u00ea precisa na hora certa!\",\"publisher\":{\"@id\":\"https:\/\/mznoticia.com.br\/jaguariaiva\/#organization\"},\"potentialAction\":[{\"@type\":\"SearchAction\",\"target\":{\"@type\":\"EntryPoint\",\"urlTemplate\":\"https:\/\/mznoticia.com.br\/jaguariaiva\/?s={search_term_string}\"},\"query-input\":{\"@type\":\"PropertyValueSpecification\",\"valueRequired\":true,\"valueName\":\"search_term_string\"}}],\"inLanguage\":\"pt-BR\"},{\"@type\":\"Organization\",\"@id\":\"https:\/\/mznoticia.com.br\/jaguariaiva\/#organization\",\"name\":\"Mz Not\u00edcia\",\"url\":\"https:\/\/mznoticia.com.br\/jaguariaiva\/\",\"logo\":{\"@type\":\"ImageObject\",\"inLanguage\":\"pt-BR\",\"@id\":\"https:\/\/mznoticia.com.br\/jaguariaiva\/#\/schema\/logo\/image\/\",\"url\":\"https:\/\/mznoticia.com.br\/jaguariaiva\/wp-content\/uploads\/2025\/03\/Design-sem-nome-4-e1741200616392.png\",\"contentUrl\":\"https:\/\/mznoticia.com.br\/jaguariaiva\/wp-content\/uploads\/2025\/03\/Design-sem-nome-4-e1741200616392.png\",\"width\":750,\"height\":563,\"caption\":\"Mz Not\u00edcia\"},\"image\":{\"@id\":\"https:\/\/mznoticia.com.br\/jaguariaiva\/#\/schema\/logo\/image\/\"},\"sameAs\":[\"https:\/\/www.facebook.com\/profile.php?id=61573479951222\",\"https:\/\/www.instagram.com\/mz.jaguariaiva\/\"]},{\"@type\":\"Person\",\"@id\":\"https:\/\/mznoticia.com.br\/jaguariaiva\/#\/schema\/person\/b56d414b360af534af06dc556960801e\",\"name\":\"redacao__mz\",\"image\":{\"@type\":\"ImageObject\",\"inLanguage\":\"pt-BR\",\"@id\":\"https:\/\/mznoticia.com.br\/jaguariaiva\/#\/schema\/person\/image\/\",\"url\":\"https:\/\/mznoticia.com.br\/jaguariaiva\/wp-content\/uploads\/2025\/02\/mznoticia_jaguariaiva_coluna-150x150.png\",\"contentUrl\":\"https:\/\/mznoticia.com.br\/jaguariaiva\/wp-content\/uploads\/2025\/02\/mznoticia_jaguariaiva_coluna-150x150.png\",\"caption\":\"redacao__mz\"},\"url\":\"https:\/\/mznoticia.com.br\/jaguariaiva\/author\/redacao__mz\/\"}]}<\/script>\n<!-- \/ Yoast SEO plugin. -->","yoast_head_json":{"title":"Motorista fica ferido ap\u00f3s tombamento na rodovia em Jaguaria\u00edva - Mz Not\u00edcias","description":"Um caminh\u00e3o carregado com soja tombou na manh\u00e3 desta quinta-feira (26) na PR-092, em Jaguaria\u00edva, espalhando a carga \u00e0s margens da rodovia.","robots":{"index":"index","follow":"follow","max-snippet":"max-snippet:-1","max-image-preview":"max-image-preview:large","max-video-preview":"max-video-preview:-1"},"canonical":"https:\/\/mznoticia.com.br\/jaguariaiva\/motorista-fica-ferido-apos-tombamento-na-rodovia-em-jaguariaiva\/","og_locale":"pt_BR","og_type":"article","og_title":"Motorista fica ferido ap\u00f3s tombamento na rodovia em Jaguaria\u00edva - Mz Not\u00edcias","og_description":"Um caminh\u00e3o carregado com soja tombou na manh\u00e3 desta quinta-feira (26) na PR-092, em Jaguaria\u00edva, espalhando a carga \u00e0s margens da rodovia.","og_url":"https:\/\/mznoticia.com.br\/jaguariaiva\/motorista-fica-ferido-apos-tombamento-na-rodovia-em-jaguariaiva\/","og_site_name":"Mz Not\u00edcias","article_publisher":"https:\/\/www.facebook.com\/profile.php?id=61573479951222","article_published_time":"2026-03-26T17:16:29+00:00","article_modified_time":"2026-03-26T17:17:15+00:00","og_image":[{"width":750,"height":430,"url":"https:\/\/mznoticia.com.br\/jaguariaiva\/wp-content\/uploads\/2026\/03\/caminhao.jpeg","type":"image\/jpeg"}],"author":"redacao__mz","twitter_card":"summary_large_image","twitter_misc":{"Escrito por":"redacao__mz","Est. tempo de leitura":"1 minuto"},"schema":{"@context":"https:\/\/schema.org","@graph":[{"@type":"Article","@id":"https:\/\/mznoticia.com.br\/jaguariaiva\/motorista-fica-ferido-apos-tombamento-na-rodovia-em-jaguariaiva\/#article","isPartOf":{"@id":"https:\/\/mznoticia.com.br\/jaguariaiva\/motorista-fica-ferido-apos-tombamento-na-rodovia-em-jaguariaiva\/"},"author":{"name":"redacao__mz","@id":"https:\/\/mznoticia.com.br\/jaguariaiva\/#\/schema\/person\/b56d414b360af534af06dc556960801e"},"headline":"Motorista fica ferido ap\u00f3s tombamento na rodovia em Jaguaria\u00edva","datePublished":"2026-03-26T17:16:29+00:00","dateModified":"2026-03-26T17:17:15+00:00","mainEntityOfPage":{"@id":"https:\/\/mznoticia.com.br\/jaguariaiva\/motorista-fica-ferido-apos-tombamento-na-rodovia-em-jaguariaiva\/"},"wordCount":134,"commentCount":0,"publisher":{"@id":"https:\/\/mznoticia.com.br\/jaguariaiva\/#organization"},"image":{"@id":"https:\/\/mznoticia.com.br\/jaguariaiva\/motorista-fica-ferido-apos-tombamento-na-rodovia-em-jaguariaiva\/#primaryimage"},"thumbnailUrl":"https:\/\/mznoticia.com.br\/jaguariaiva\/wp-content\/uploads\/2026\/03\/caminhao.jpeg","keywords":["acidente","arapoti","caminh\u00e3o","destaque","jaguariaiva","PR - 090"],"articleSection":["Acidente","Jaguaria\u00edva"],"inLanguage":"pt-BR","potentialAction":[{"@type":"CommentAction","name":"Comment","target":["https:\/\/mznoticia.com.br\/jaguariaiva\/motorista-fica-ferido-apos-tombamento-na-rodovia-em-jaguariaiva\/#respond"]}]},{"@type":"WebPage","@id":"https:\/\/mznoticia.com.br\/jaguariaiva\/motorista-fica-ferido-apos-tombamento-na-rodovia-em-jaguariaiva\/","url":"https:\/\/mznoticia.com.br\/jaguariaiva\/motorista-fica-ferido-apos-tombamento-na-rodovia-em-jaguariaiva\/","name":"Motorista fica ferido ap\u00f3s tombamento na rodovia em Jaguaria\u00edva - Mz Not\u00edcias","isPartOf":{"@id":"https:\/\/mznoticia.com.br\/jaguariaiva\/#website"},"primaryImageOfPage":{"@id":"https:\/\/mznoticia.com.br\/jaguariaiva\/motorista-fica-ferido-apos-tombamento-na-rodovia-em-jaguariaiva\/#primaryimage"},"image":{"@id":"https:\/\/mznoticia.com.br\/jaguariaiva\/motorista-fica-ferido-apos-tombamento-na-rodovia-em-jaguariaiva\/#primaryimage"},"thumbnailUrl":"https:\/\/mznoticia.com.br\/jaguariaiva\/wp-content\/uploads\/2026\/03\/caminhao.jpeg","datePublished":"2026-03-26T17:16:29+00:00","dateModified":"2026-03-26T17:17:15+00:00","description":"Um caminh\u00e3o carregado com soja tombou na manh\u00e3 desta quinta-feira (26) na PR-092, em Jaguaria\u00edva, espalhando a carga \u00e0s margens da rodovia.","breadcrumb":{"@id":"https:\/\/mznoticia.com.br\/jaguariaiva\/motorista-fica-ferido-apos-tombamento-na-rodovia-em-jaguariaiva\/#breadcrumb"},"inLanguage":"pt-BR","potentialAction":[{"@type":"ReadAction","target":["https:\/\/mznoticia.com.br\/jaguariaiva\/motorista-fica-ferido-apos-tombamento-na-rodovia-em-jaguariaiva\/"]}]},{"@type":"ImageObject","inLanguage":"pt-BR","@id":"https:\/\/mznoticia.com.br\/jaguariaiva\/motorista-fica-ferido-apos-tombamento-na-rodovia-em-jaguariaiva\/#primaryimage","url":"https:\/\/mznoticia.com.br\/jaguariaiva\/wp-content\/uploads\/2026\/03\/caminhao.jpeg","contentUrl":"https:\/\/mznoticia.com.br\/jaguariaiva\/wp-content\/uploads\/2026\/03\/caminhao.jpeg","width":750,"height":430},{"@type":"BreadcrumbList","@id":"https:\/\/mznoticia.com.br\/jaguariaiva\/motorista-fica-ferido-apos-tombamento-na-rodovia-em-jaguariaiva\/#breadcrumb","itemListElement":[{"@type":"ListItem","position":1,"name":"Home","item":"https:\/\/mznoticia.com.br\/jaguariaiva\/"},{"@type":"ListItem","position":2,"name":"Motorista fica ferido ap\u00f3s tombamento na rodovia em Jaguaria\u00edva"}]},{"@type":"WebSite","@id":"https:\/\/mznoticia.com.br\/jaguariaiva\/#website","url":"https:\/\/mznoticia.com.br\/jaguariaiva\/","name":"Mz Not\u00edcia","description":"A informa\u00e7\u00e3o que voc\u00ea precisa na hora certa!","publisher":{"@id":"https:\/\/mznoticia.com.br\/jaguariaiva\/#organization"},"potentialAction":[{"@type":"SearchAction","target":{"@type":"EntryPoint","urlTemplate":"https:\/\/mznoticia.com.br\/jaguariaiva\/?s={search_term_string}"},"query-input":{"@type":"PropertyValueSpecification","valueRequired":true,"valueName":"search_term_string"}}],"inLanguage":"pt-BR"},{"@type":"Organization","@id":"https:\/\/mznoticia.com.br\/jaguariaiva\/#organization","name":"Mz Not\u00edcia","url":"https:\/\/mznoticia.com.br\/jaguariaiva\/","logo":{"@type":"ImageObject","inLanguage":"pt-BR","@id":"https:\/\/mznoticia.com.br\/jaguariaiva\/#\/schema\/logo\/image\/","url":"https:\/\/mznoticia.com.br\/jaguariaiva\/wp-content\/uploads\/2025\/03\/Design-sem-nome-4-e1741200616392.png","contentUrl":"https:\/\/mznoticia.com.br\/jaguariaiva\/wp-content\/uploads\/2025\/03\/Design-sem-nome-4-e1741200616392.png","width":750,"height":563,"caption":"Mz Not\u00edcia"},"image":{"@id":"https:\/\/mznoticia.com.br\/jaguariaiva\/#\/schema\/logo\/image\/"},"sameAs":["https:\/\/www.facebook.com\/profile.php?id=61573479951222","https:\/\/www.instagram.com\/mz.jaguariaiva\/"]},{"@type":"Person","@id":"https:\/\/mznoticia.com.br\/jaguariaiva\/#\/schema\/person\/b56d414b360af534af06dc556960801e","name":"redacao__mz","image":{"@type":"ImageObject","inLanguage":"pt-BR","@id":"https:\/\/mznoticia.com.br\/jaguariaiva\/#\/schema\/person\/image\/","url":"https:\/\/mznoticia.com.br\/jaguariaiva\/wp-content\/uploads\/2025\/02\/mznoticia_jaguariaiva_coluna-150x150.png","contentUrl":"https:\/\/mznoticia.com.br\/jaguariaiva\/wp-content\/uploads\/2025\/02\/mznoticia_jaguariaiva_coluna-150x150.png","caption":"redacao__mz"},"url":"https:\/\/mznoticia.com.br\/jaguariaiva\/author\/redacao__mz\/"}]}},"_links":{"self":[{"href":"https:\/\/mznoticia.com.br\/jaguariaiva\/wp-json\/wp\/v2\/posts\/4285","targetHints":{"allow":["GET"]}}],"collection":[{"href":"https:\/\/mznoticia.com.br\/jaguariaiva\/wp-json\/wp\/v2\/posts"}],"about":[{"href":"https:\/\/mznoticia.com.br\/jaguariaiva\/wp-json\/wp\/v2\/types\/post"}],"author":[{"embeddable":true,"href":"https:\/\/mznoticia.com.br\/jaguariaiva\/wp-json\/wp\/v2\/users\/14"}],"replies":[{"embeddable":true,"href":"https:\/\/mznoticia.com.br\/jaguariaiva\/wp-json\/wp\/v2\/comments?post=4285"}],"version-history":[{"count":1,"href":"https:\/\/mznoticia.com.br\/jaguariaiva\/wp-json\/wp\/v2\/posts\/4285\/revisions"}],"predecessor-version":[{"id":4287,"href":"https:\/\/mznoticia.com.br\/jaguariaiva\/wp-json\/wp\/v2\/posts\/4285\/revisions\/4287"}],"wp:featuredmedia":[{"embeddable":true,"href":"https:\/\/mznoticia.com.br\/jaguariaiva\/wp-json\/wp\/v2\/media\/4286"}],"wp:attachment":[{"href":"https:\/\/mznoticia.com.br\/jaguariaiva\/wp-json\/wp\/v2\/media?parent=4285"}],"wp:term":[{"taxonomy":"category","embeddable":true,"href":"https:\/\/mznoticia.com.br\/jaguariaiva\/wp-json\/wp\/v2\/categories?post=4285"},{"taxonomy":"post_tag","embeddable":true,"href":"https:\/\/mznoticia.com.br\/jaguariaiva\/wp-json\/wp\/v2\/tags?post=4285"}],"curies":[{"name":"wp","href":"https:\/\/api.w.org\/{rel}","templated":true}]}}