{"id":5136,"date":"2026-07-22T15:18:02","date_gmt":"2026-07-22T15:18:02","guid":{"rendered":"https:\/\/mznoticia.com.br\/jaguariaiva\/?p=5136"},"modified":"2026-07-22T15:18:02","modified_gmt":"2026-07-22T15:18:02","slug":"ex-funcionarios-da-meta-alegam-que-algoritmos-de-ia-decidiram-quem-seria-demitido-mas-a-falta-de-provas-e-a-arbitragem-dificultam-a-luta-por-justica","status":"publish","type":"post","link":"https:\/\/mznoticia.com.br\/jaguariaiva\/ex-funcionarios-da-meta-alegam-que-algoritmos-de-ia-decidiram-quem-seria-demitido-mas-a-falta-de-provas-e-a-arbitragem-dificultam-a-luta-por-justica\/","title":{"rendered":"Ex-funcion\u00e1rios da Meta alegam que algoritmos de IA decidiram quem seria demitido, mas a falta de provas e a arbitragem dificultam a luta por justi\u00e7a."},"content":{"rendered":"<p>Um grupo de ex-funcion\u00e1rios da Meta Platforms entrou com a\u00e7\u00e3o judicial alegando que a empresa utilizou algoritmos de intelig\u00eancia artificial para escolher quem seria demitido, apontando discrimina\u00e7\u00e3o contra pessoas com defici\u00eancia ou que tiraram licen\u00e7a m\u00e9dica.<\/p>\n<p>Segundo a peti\u00e7\u00e3o, a companhia teria usado ferramentas internas como o assistente \u201cMetamate\u201d, um \u201csegundo c\u00e9rebro\u201d que rastreia comunica\u00e7\u00f5es e um sistema de pontua\u00e7\u00e3o de produtividade baseado em digita\u00e7\u00e3o, e\u2011mail e navega\u00e7\u00e3o. Contudo, os autores n\u00e3o conseguiram apresentar documentos que comprovem que esses sistemas influenciaram as decis\u00f5es.<\/p>\n<p>A falta de acesso aos processos internos e a obrigatoriedade de resolver a disputa por arbitragem dificultam a coleta de provas e impedem a forma\u00e7\u00e3o de a\u00e7\u00e3o coletiva. Nos Estados\u2011Unidos, a maioria dos contratos de trabalho inclui cl\u00e1usulas que remetem os conflitos a \u00e1rbitros privados, limitando a transpar\u00eancia e a possibilidade de press\u00e3o p\u00fablica.<\/p>\n<p>Especialistas apontam que o caso da Meta \u00e9 raro porque a maioria das reclama\u00e7\u00f5es envolvendo IA no ambiente de trabalho ainda n\u00e3o chega aos tribunais. Apenas alguns processos, como o contra a empresa de software Workday, ganharam destaque. Advogados dos trabalhadores pedem que atuais e ex\u2011funcion\u00e1rios da Meta colaborem para identificar eventuais abusos.<\/p>\n","protected":false},"excerpt":{"rendered":"<p>Um grupo de ex-funcion\u00e1rios da Meta Platforms entrou com a\u00e7\u00e3o judicial alegando que a empresa utilizou algoritmos de intelig\u00eancia artificial para escolher quem seria demitido, apontando discrimina\u00e7\u00e3o contra pessoas com defici\u00eancia ou que tiraram licen\u00e7a m\u00e9dica. Segundo a peti\u00e7\u00e3o, a companhia teria usado ferramentas internas como o assistente \u201cMetamate\u201d, um \u201csegundo c\u00e9rebro\u201d que rastreia comunica\u00e7\u00f5es [&hellip;]<\/p>\n","protected":false},"author":16,"featured_media":5137,"comment_status":"open","ping_status":"open","sticky":false,"template":"","format":"standard","meta":{"footnotes":""},"categories":[15],"tags":[809,808,807],"class_list":["post-5136","post","type-post","status-publish","format-standard","has-post-thumbnail","hentry","category-mundo","tag-demissoes","tag-ia","tag-meta"],"yoast_head":"<!-- This site is optimized with the Yoast SEO plugin v28.1 - https:\/\/yoast.com\/product\/yoast-seo-wordpress\/ -->\n<title>Ex-funcion\u00e1rios da Meta alegam que algoritmos de IA decidiram quem seria demitido, mas a falta de provas e a arbitragem dificultam a luta por justi\u00e7a. - Mz Not\u00edcias<\/title>\n<meta name=\"description\" content=\"Ex-funcion\u00e1rios da Meta acusam a empresa de usar IA nas demiss\u00f5es, mas enfrentam falta de provas e barreiras da arbitragem.\" \/>\n<meta name=\"robots\" content=\"index, follow, max-snippet:-1, max-image-preview:large, max-video-preview:-1\" \/>\n<link rel=\"canonical\" href=\"https:\/\/mznoticia.com.br\/jaguariaiva\/ex-funcionarios-da-meta-alegam-que-algoritmos-de-ia-decidiram-quem-seria-demitido-mas-a-falta-de-provas-e-a-arbitragem-dificultam-a-luta-por-justica\/\" \/>\n<meta property=\"og:locale\" content=\"pt_BR\" \/>\n<meta property=\"og:type\" content=\"article\" \/>\n<meta property=\"og:title\" content=\"Ex-funcion\u00e1rios da Meta alegam que algoritmos de IA decidiram quem seria demitido, mas a falta de provas e a arbitragem dificultam a luta por justi\u00e7a. - Mz Not\u00edcias\" \/>\n<meta property=\"og:description\" content=\"Ex-funcion\u00e1rios da Meta acusam a empresa de usar IA nas demiss\u00f5es, mas enfrentam falta de provas e barreiras da arbitragem.\" \/>\n<meta property=\"og:url\" content=\"https:\/\/mznoticia.com.br\/jaguariaiva\/ex-funcionarios-da-meta-alegam-que-algoritmos-de-ia-decidiram-quem-seria-demitido-mas-a-falta-de-provas-e-a-arbitragem-dificultam-a-luta-por-justica\/\" \/>\n<meta property=\"og:site_name\" content=\"Mz Not\u00edcias\" \/>\n<meta property=\"article:publisher\" content=\"https:\/\/www.facebook.com\/profile.php?id=61573479951222\" \/>\n<meta property=\"article:published_time\" content=\"2026-07-22T15:18:02+00:00\" \/>\n<meta name=\"author\" content=\"Redacao mz\" \/>\n<meta name=\"twitter:card\" content=\"summary_large_image\" \/>\n<meta name=\"twitter:label1\" content=\"Escrito por\" \/>\n\t<meta name=\"twitter:data1\" content=\"Redacao mz\" \/>\n\t<meta name=\"twitter:label2\" content=\"Est. tempo de leitura\" \/>\n\t<meta name=\"twitter:data2\" content=\"2 minutos\" \/>\n<script type=\"application\/ld+json\" class=\"yoast-schema-graph\">{\"@context\":\"https:\\\/\\\/schema.org\",\"@graph\":[{\"@type\":\"Article\",\"@id\":\"https:\\\/\\\/mznoticia.com.br\\\/jaguariaiva\\\/ex-funcionarios-da-meta-alegam-que-algoritmos-de-ia-decidiram-quem-seria-demitido-mas-a-falta-de-provas-e-a-arbitragem-dificultam-a-luta-por-justica\\\/#article\",\"isPartOf\":{\"@id\":\"https:\\\/\\\/mznoticia.com.br\\\/jaguariaiva\\\/ex-funcionarios-da-meta-alegam-que-algoritmos-de-ia-decidiram-quem-seria-demitido-mas-a-falta-de-provas-e-a-arbitragem-dificultam-a-luta-por-justica\\\/\"},\"author\":{\"name\":\"Redacao mz\",\"@id\":\"https:\\\/\\\/mznoticia.com.br\\\/jaguariaiva\\\/#\\\/schema\\\/person\\\/84012d827247b3f42f37b550da79cd03\"},\"headline\":\"Ex-funcion\u00e1rios da Meta alegam que algoritmos de IA decidiram quem seria demitido, mas a falta de provas e a arbitragem dificultam a luta por justi\u00e7a.\",\"datePublished\":\"2026-07-22T15:18:02+00:00\",\"mainEntityOfPage\":{\"@id\":\"https:\\\/\\\/mznoticia.com.br\\\/jaguariaiva\\\/ex-funcionarios-da-meta-alegam-que-algoritmos-de-ia-decidiram-quem-seria-demitido-mas-a-falta-de-provas-e-a-arbitragem-dificultam-a-luta-por-justica\\\/\"},\"wordCount\":243,\"commentCount\":0,\"publisher\":{\"@id\":\"https:\\\/\\\/mznoticia.com.br\\\/jaguariaiva\\\/#organization\"},\"image\":{\"@id\":\"https:\\\/\\\/mznoticia.com.br\\\/jaguariaiva\\\/ex-funcionarios-da-meta-alegam-que-algoritmos-de-ia-decidiram-quem-seria-demitido-mas-a-falta-de-provas-e-a-arbitragem-dificultam-a-luta-por-justica\\\/#primaryimage\"},\"thumbnailUrl\":\"https:\\\/\\\/mznoticia.com.br\\\/jaguariaiva\\\/wp-content\\\/uploads\\\/2026\\\/07\\\/meta.avif\",\"keywords\":[\"demissoes\",\"ia\",\"meta\"],\"articleSection\":[\"Mundo\"],\"inLanguage\":\"pt-BR\",\"potentialAction\":[{\"@type\":\"CommentAction\",\"name\":\"Comment\",\"target\":[\"https:\\\/\\\/mznoticia.com.br\\\/jaguariaiva\\\/ex-funcionarios-da-meta-alegam-que-algoritmos-de-ia-decidiram-quem-seria-demitido-mas-a-falta-de-provas-e-a-arbitragem-dificultam-a-luta-por-justica\\\/#respond\"]}]},{\"@type\":\"WebPage\",\"@id\":\"https:\\\/\\\/mznoticia.com.br\\\/jaguariaiva\\\/ex-funcionarios-da-meta-alegam-que-algoritmos-de-ia-decidiram-quem-seria-demitido-mas-a-falta-de-provas-e-a-arbitragem-dificultam-a-luta-por-justica\\\/\",\"url\":\"https:\\\/\\\/mznoticia.com.br\\\/jaguariaiva\\\/ex-funcionarios-da-meta-alegam-que-algoritmos-de-ia-decidiram-quem-seria-demitido-mas-a-falta-de-provas-e-a-arbitragem-dificultam-a-luta-por-justica\\\/\",\"name\":\"Ex-funcion\u00e1rios da Meta alegam que algoritmos de IA decidiram quem seria demitido, mas a falta de provas e a arbitragem dificultam a luta por justi\u00e7a. - Mz Not\u00edcias\",\"isPartOf\":{\"@id\":\"https:\\\/\\\/mznoticia.com.br\\\/jaguariaiva\\\/#website\"},\"primaryImageOfPage\":{\"@id\":\"https:\\\/\\\/mznoticia.com.br\\\/jaguariaiva\\\/ex-funcionarios-da-meta-alegam-que-algoritmos-de-ia-decidiram-quem-seria-demitido-mas-a-falta-de-provas-e-a-arbitragem-dificultam-a-luta-por-justica\\\/#primaryimage\"},\"image\":{\"@id\":\"https:\\\/\\\/mznoticia.com.br\\\/jaguariaiva\\\/ex-funcionarios-da-meta-alegam-que-algoritmos-de-ia-decidiram-quem-seria-demitido-mas-a-falta-de-provas-e-a-arbitragem-dificultam-a-luta-por-justica\\\/#primaryimage\"},\"thumbnailUrl\":\"https:\\\/\\\/mznoticia.com.br\\\/jaguariaiva\\\/wp-content\\\/uploads\\\/2026\\\/07\\\/meta.avif\",\"datePublished\":\"2026-07-22T15:18:02+00:00\",\"description\":\"Ex-funcion\u00e1rios da Meta acusam a empresa de usar IA nas demiss\u00f5es, mas enfrentam falta de provas e barreiras da arbitragem.\",\"breadcrumb\":{\"@id\":\"https:\\\/\\\/mznoticia.com.br\\\/jaguariaiva\\\/ex-funcionarios-da-meta-alegam-que-algoritmos-de-ia-decidiram-quem-seria-demitido-mas-a-falta-de-provas-e-a-arbitragem-dificultam-a-luta-por-justica\\\/#breadcrumb\"},\"inLanguage\":\"pt-BR\",\"potentialAction\":[{\"@type\":\"ReadAction\",\"target\":[\"https:\\\/\\\/mznoticia.com.br\\\/jaguariaiva\\\/ex-funcionarios-da-meta-alegam-que-algoritmos-de-ia-decidiram-quem-seria-demitido-mas-a-falta-de-provas-e-a-arbitragem-dificultam-a-luta-por-justica\\\/\"]}]},{\"@type\":\"ImageObject\",\"inLanguage\":\"pt-BR\",\"@id\":\"https:\\\/\\\/mznoticia.com.br\\\/jaguariaiva\\\/ex-funcionarios-da-meta-alegam-que-algoritmos-de-ia-decidiram-quem-seria-demitido-mas-a-falta-de-provas-e-a-arbitragem-dificultam-a-luta-por-justica\\\/#primaryimage\",\"url\":\"https:\\\/\\\/mznoticia.com.br\\\/jaguariaiva\\\/wp-content\\\/uploads\\\/2026\\\/07\\\/meta.avif\",\"contentUrl\":\"https:\\\/\\\/mznoticia.com.br\\\/jaguariaiva\\\/wp-content\\\/uploads\\\/2026\\\/07\\\/meta.avif\",\"width\":6500,\"height\":4335},{\"@type\":\"BreadcrumbList\",\"@id\":\"https:\\\/\\\/mznoticia.com.br\\\/jaguariaiva\\\/ex-funcionarios-da-meta-alegam-que-algoritmos-de-ia-decidiram-quem-seria-demitido-mas-a-falta-de-provas-e-a-arbitragem-dificultam-a-luta-por-justica\\\/#breadcrumb\",\"itemListElement\":[{\"@type\":\"ListItem\",\"position\":1,\"name\":\"Home\",\"item\":\"https:\\\/\\\/mznoticia.com.br\\\/jaguariaiva\\\/\"},{\"@type\":\"ListItem\",\"position\":2,\"name\":\"Ex-funcion\u00e1rios da Meta alegam que algoritmos de IA decidiram quem seria demitido, mas a falta de provas e a arbitragem dificultam a luta por justi\u00e7a.\"}]},{\"@type\":\"WebSite\",\"@id\":\"https:\\\/\\\/mznoticia.com.br\\\/jaguariaiva\\\/#website\",\"url\":\"https:\\\/\\\/mznoticia.com.br\\\/jaguariaiva\\\/\",\"name\":\"Mz Not\u00edcia\",\"description\":\"A informa\u00e7\u00e3o que voc\u00ea precisa na hora certa!\",\"publisher\":{\"@id\":\"https:\\\/\\\/mznoticia.com.br\\\/jaguariaiva\\\/#organization\"},\"potentialAction\":[{\"@type\":\"SearchAction\",\"target\":{\"@type\":\"EntryPoint\",\"urlTemplate\":\"https:\\\/\\\/mznoticia.com.br\\\/jaguariaiva\\\/?s={search_term_string}\"},\"query-input\":{\"@type\":\"PropertyValueSpecification\",\"valueRequired\":true,\"valueName\":\"search_term_string\"}}],\"inLanguage\":\"pt-BR\"},{\"@type\":\"Organization\",\"@id\":\"https:\\\/\\\/mznoticia.com.br\\\/jaguariaiva\\\/#organization\",\"name\":\"Mz Not\u00edcia\",\"url\":\"https:\\\/\\\/mznoticia.com.br\\\/jaguariaiva\\\/\",\"logo\":{\"@type\":\"ImageObject\",\"inLanguage\":\"pt-BR\",\"@id\":\"https:\\\/\\\/mznoticia.com.br\\\/jaguariaiva\\\/#\\\/schema\\\/logo\\\/image\\\/\",\"url\":\"https:\\\/\\\/mznoticia.com.br\\\/jaguariaiva\\\/wp-content\\\/uploads\\\/2025\\\/03\\\/Design-sem-nome-4-e1741200616392.png\",\"contentUrl\":\"https:\\\/\\\/mznoticia.com.br\\\/jaguariaiva\\\/wp-content\\\/uploads\\\/2025\\\/03\\\/Design-sem-nome-4-e1741200616392.png\",\"width\":750,\"height\":563,\"caption\":\"Mz Not\u00edcia\"},\"image\":{\"@id\":\"https:\\\/\\\/mznoticia.com.br\\\/jaguariaiva\\\/#\\\/schema\\\/logo\\\/image\\\/\"},\"sameAs\":[\"https:\\\/\\\/www.facebook.com\\\/profile.php?id=61573479951222\",\"https:\\\/\\\/www.instagram.com\\\/mz.jaguariaiva\\\/\"]},{\"@type\":\"Person\",\"@id\":\"https:\\\/\\\/mznoticia.com.br\\\/jaguariaiva\\\/#\\\/schema\\\/person\\\/84012d827247b3f42f37b550da79cd03\",\"name\":\"Redacao mz\",\"image\":{\"@type\":\"ImageObject\",\"inLanguage\":\"pt-BR\",\"@id\":\"https:\\\/\\\/mznoticia.com.br\\\/jaguariaiva\\\/wp-content\\\/uploads\\\/2025\\\/02\\\/mznoticia_jaguariaiva_coluna-150x150.png\",\"url\":\"https:\\\/\\\/mznoticia.com.br\\\/jaguariaiva\\\/wp-content\\\/uploads\\\/2025\\\/02\\\/mznoticia_jaguariaiva_coluna-150x150.png\",\"contentUrl\":\"https:\\\/\\\/mznoticia.com.br\\\/jaguariaiva\\\/wp-content\\\/uploads\\\/2025\\\/02\\\/mznoticia_jaguariaiva_coluna-150x150.png\",\"caption\":\"Redacao mz\"},\"sameAs\":[\"http:\\\/\\\/mznoticia.com.br\"],\"url\":\"https:\\\/\\\/mznoticia.com.br\\\/jaguariaiva\\\/author\\\/lucimara\\\/\"}]}<\/script>\n<!-- \/ Yoast SEO plugin. -->","yoast_head_json":{"title":"Ex-funcion\u00e1rios da Meta alegam que algoritmos de IA decidiram quem seria demitido, mas a falta de provas e a arbitragem dificultam a luta por justi\u00e7a. - Mz Not\u00edcias","description":"Ex-funcion\u00e1rios da Meta acusam a empresa de usar IA nas demiss\u00f5es, mas enfrentam falta de provas e barreiras da arbitragem.","robots":{"index":"index","follow":"follow","max-snippet":"max-snippet:-1","max-image-preview":"max-image-preview:large","max-video-preview":"max-video-preview:-1"},"canonical":"https:\/\/mznoticia.com.br\/jaguariaiva\/ex-funcionarios-da-meta-alegam-que-algoritmos-de-ia-decidiram-quem-seria-demitido-mas-a-falta-de-provas-e-a-arbitragem-dificultam-a-luta-por-justica\/","og_locale":"pt_BR","og_type":"article","og_title":"Ex-funcion\u00e1rios da Meta alegam que algoritmos de IA decidiram quem seria demitido, mas a falta de provas e a arbitragem dificultam a luta por justi\u00e7a. - Mz Not\u00edcias","og_description":"Ex-funcion\u00e1rios da Meta acusam a empresa de usar IA nas demiss\u00f5es, mas enfrentam falta de provas e barreiras da arbitragem.","og_url":"https:\/\/mznoticia.com.br\/jaguariaiva\/ex-funcionarios-da-meta-alegam-que-algoritmos-de-ia-decidiram-quem-seria-demitido-mas-a-falta-de-provas-e-a-arbitragem-dificultam-a-luta-por-justica\/","og_site_name":"Mz Not\u00edcias","article_publisher":"https:\/\/www.facebook.com\/profile.php?id=61573479951222","article_published_time":"2026-07-22T15:18:02+00:00","author":"Redacao mz","twitter_card":"summary_large_image","twitter_misc":{"Escrito por":"Redacao mz","Est. tempo de leitura":"2 minutos"},"schema":{"@context":"https:\/\/schema.org","@graph":[{"@type":"Article","@id":"https:\/\/mznoticia.com.br\/jaguariaiva\/ex-funcionarios-da-meta-alegam-que-algoritmos-de-ia-decidiram-quem-seria-demitido-mas-a-falta-de-provas-e-a-arbitragem-dificultam-a-luta-por-justica\/#article","isPartOf":{"@id":"https:\/\/mznoticia.com.br\/jaguariaiva\/ex-funcionarios-da-meta-alegam-que-algoritmos-de-ia-decidiram-quem-seria-demitido-mas-a-falta-de-provas-e-a-arbitragem-dificultam-a-luta-por-justica\/"},"author":{"name":"Redacao mz","@id":"https:\/\/mznoticia.com.br\/jaguariaiva\/#\/schema\/person\/84012d827247b3f42f37b550da79cd03"},"headline":"Ex-funcion\u00e1rios da Meta alegam que algoritmos de IA decidiram quem seria demitido, mas a falta de provas e a arbitragem dificultam a luta por justi\u00e7a.","datePublished":"2026-07-22T15:18:02+00:00","mainEntityOfPage":{"@id":"https:\/\/mznoticia.com.br\/jaguariaiva\/ex-funcionarios-da-meta-alegam-que-algoritmos-de-ia-decidiram-quem-seria-demitido-mas-a-falta-de-provas-e-a-arbitragem-dificultam-a-luta-por-justica\/"},"wordCount":243,"commentCount":0,"publisher":{"@id":"https:\/\/mznoticia.com.br\/jaguariaiva\/#organization"},"image":{"@id":"https:\/\/mznoticia.com.br\/jaguariaiva\/ex-funcionarios-da-meta-alegam-que-algoritmos-de-ia-decidiram-quem-seria-demitido-mas-a-falta-de-provas-e-a-arbitragem-dificultam-a-luta-por-justica\/#primaryimage"},"thumbnailUrl":"https:\/\/mznoticia.com.br\/jaguariaiva\/wp-content\/uploads\/2026\/07\/meta.avif","keywords":["demissoes","ia","meta"],"articleSection":["Mundo"],"inLanguage":"pt-BR","potentialAction":[{"@type":"CommentAction","name":"Comment","target":["https:\/\/mznoticia.com.br\/jaguariaiva\/ex-funcionarios-da-meta-alegam-que-algoritmos-de-ia-decidiram-quem-seria-demitido-mas-a-falta-de-provas-e-a-arbitragem-dificultam-a-luta-por-justica\/#respond"]}]},{"@type":"WebPage","@id":"https:\/\/mznoticia.com.br\/jaguariaiva\/ex-funcionarios-da-meta-alegam-que-algoritmos-de-ia-decidiram-quem-seria-demitido-mas-a-falta-de-provas-e-a-arbitragem-dificultam-a-luta-por-justica\/","url":"https:\/\/mznoticia.com.br\/jaguariaiva\/ex-funcionarios-da-meta-alegam-que-algoritmos-de-ia-decidiram-quem-seria-demitido-mas-a-falta-de-provas-e-a-arbitragem-dificultam-a-luta-por-justica\/","name":"Ex-funcion\u00e1rios da Meta alegam que algoritmos de IA decidiram quem seria demitido, mas a falta de provas e a arbitragem dificultam a luta por justi\u00e7a. - Mz Not\u00edcias","isPartOf":{"@id":"https:\/\/mznoticia.com.br\/jaguariaiva\/#website"},"primaryImageOfPage":{"@id":"https:\/\/mznoticia.com.br\/jaguariaiva\/ex-funcionarios-da-meta-alegam-que-algoritmos-de-ia-decidiram-quem-seria-demitido-mas-a-falta-de-provas-e-a-arbitragem-dificultam-a-luta-por-justica\/#primaryimage"},"image":{"@id":"https:\/\/mznoticia.com.br\/jaguariaiva\/ex-funcionarios-da-meta-alegam-que-algoritmos-de-ia-decidiram-quem-seria-demitido-mas-a-falta-de-provas-e-a-arbitragem-dificultam-a-luta-por-justica\/#primaryimage"},"thumbnailUrl":"https:\/\/mznoticia.com.br\/jaguariaiva\/wp-content\/uploads\/2026\/07\/meta.avif","datePublished":"2026-07-22T15:18:02+00:00","description":"Ex-funcion\u00e1rios da Meta acusam a empresa de usar IA nas demiss\u00f5es, mas enfrentam falta de provas e barreiras da arbitragem.","breadcrumb":{"@id":"https:\/\/mznoticia.com.br\/jaguariaiva\/ex-funcionarios-da-meta-alegam-que-algoritmos-de-ia-decidiram-quem-seria-demitido-mas-a-falta-de-provas-e-a-arbitragem-dificultam-a-luta-por-justica\/#breadcrumb"},"inLanguage":"pt-BR","potentialAction":[{"@type":"ReadAction","target":["https:\/\/mznoticia.com.br\/jaguariaiva\/ex-funcionarios-da-meta-alegam-que-algoritmos-de-ia-decidiram-quem-seria-demitido-mas-a-falta-de-provas-e-a-arbitragem-dificultam-a-luta-por-justica\/"]}]},{"@type":"ImageObject","inLanguage":"pt-BR","@id":"https:\/\/mznoticia.com.br\/jaguariaiva\/ex-funcionarios-da-meta-alegam-que-algoritmos-de-ia-decidiram-quem-seria-demitido-mas-a-falta-de-provas-e-a-arbitragem-dificultam-a-luta-por-justica\/#primaryimage","url":"https:\/\/mznoticia.com.br\/jaguariaiva\/wp-content\/uploads\/2026\/07\/meta.avif","contentUrl":"https:\/\/mznoticia.com.br\/jaguariaiva\/wp-content\/uploads\/2026\/07\/meta.avif","width":6500,"height":4335},{"@type":"BreadcrumbList","@id":"https:\/\/mznoticia.com.br\/jaguariaiva\/ex-funcionarios-da-meta-alegam-que-algoritmos-de-ia-decidiram-quem-seria-demitido-mas-a-falta-de-provas-e-a-arbitragem-dificultam-a-luta-por-justica\/#breadcrumb","itemListElement":[{"@type":"ListItem","position":1,"name":"Home","item":"https:\/\/mznoticia.com.br\/jaguariaiva\/"},{"@type":"ListItem","position":2,"name":"Ex-funcion\u00e1rios da Meta alegam que algoritmos de IA decidiram quem seria demitido, mas a falta de provas e a arbitragem dificultam a luta por justi\u00e7a."}]},{"@type":"WebSite","@id":"https:\/\/mznoticia.com.br\/jaguariaiva\/#website","url":"https:\/\/mznoticia.com.br\/jaguariaiva\/","name":"Mz Not\u00edcia","description":"A informa\u00e7\u00e3o que voc\u00ea precisa na hora certa!","publisher":{"@id":"https:\/\/mznoticia.com.br\/jaguariaiva\/#organization"},"potentialAction":[{"@type":"SearchAction","target":{"@type":"EntryPoint","urlTemplate":"https:\/\/mznoticia.com.br\/jaguariaiva\/?s={search_term_string}"},"query-input":{"@type":"PropertyValueSpecification","valueRequired":true,"valueName":"search_term_string"}}],"inLanguage":"pt-BR"},{"@type":"Organization","@id":"https:\/\/mznoticia.com.br\/jaguariaiva\/#organization","name":"Mz Not\u00edcia","url":"https:\/\/mznoticia.com.br\/jaguariaiva\/","logo":{"@type":"ImageObject","inLanguage":"pt-BR","@id":"https:\/\/mznoticia.com.br\/jaguariaiva\/#\/schema\/logo\/image\/","url":"https:\/\/mznoticia.com.br\/jaguariaiva\/wp-content\/uploads\/2025\/03\/Design-sem-nome-4-e1741200616392.png","contentUrl":"https:\/\/mznoticia.com.br\/jaguariaiva\/wp-content\/uploads\/2025\/03\/Design-sem-nome-4-e1741200616392.png","width":750,"height":563,"caption":"Mz Not\u00edcia"},"image":{"@id":"https:\/\/mznoticia.com.br\/jaguariaiva\/#\/schema\/logo\/image\/"},"sameAs":["https:\/\/www.facebook.com\/profile.php?id=61573479951222","https:\/\/www.instagram.com\/mz.jaguariaiva\/"]},{"@type":"Person","@id":"https:\/\/mznoticia.com.br\/jaguariaiva\/#\/schema\/person\/84012d827247b3f42f37b550da79cd03","name":"Redacao mz","image":{"@type":"ImageObject","inLanguage":"pt-BR","@id":"https:\/\/mznoticia.com.br\/jaguariaiva\/wp-content\/uploads\/2025\/02\/mznoticia_jaguariaiva_coluna-150x150.png","url":"https:\/\/mznoticia.com.br\/jaguariaiva\/wp-content\/uploads\/2025\/02\/mznoticia_jaguariaiva_coluna-150x150.png","contentUrl":"https:\/\/mznoticia.com.br\/jaguariaiva\/wp-content\/uploads\/2025\/02\/mznoticia_jaguariaiva_coluna-150x150.png","caption":"Redacao mz"},"sameAs":["http:\/\/mznoticia.com.br"],"url":"https:\/\/mznoticia.com.br\/jaguariaiva\/author\/lucimara\/"}]}},"_links":{"self":[{"href":"https:\/\/mznoticia.com.br\/jaguariaiva\/wp-json\/wp\/v2\/posts\/5136","targetHints":{"allow":["GET"]}}],"collection":[{"href":"https:\/\/mznoticia.com.br\/jaguariaiva\/wp-json\/wp\/v2\/posts"}],"about":[{"href":"https:\/\/mznoticia.com.br\/jaguariaiva\/wp-json\/wp\/v2\/types\/post"}],"author":[{"embeddable":true,"href":"https:\/\/mznoticia.com.br\/jaguariaiva\/wp-json\/wp\/v2\/users\/16"}],"replies":[{"embeddable":true,"href":"https:\/\/mznoticia.com.br\/jaguariaiva\/wp-json\/wp\/v2\/comments?post=5136"}],"version-history":[{"count":1,"href":"https:\/\/mznoticia.com.br\/jaguariaiva\/wp-json\/wp\/v2\/posts\/5136\/revisions"}],"predecessor-version":[{"id":5138,"href":"https:\/\/mznoticia.com.br\/jaguariaiva\/wp-json\/wp\/v2\/posts\/5136\/revisions\/5138"}],"wp:featuredmedia":[{"embeddable":true,"href":"https:\/\/mznoticia.com.br\/jaguariaiva\/wp-json\/wp\/v2\/media\/5137"}],"wp:attachment":[{"href":"https:\/\/mznoticia.com.br\/jaguariaiva\/wp-json\/wp\/v2\/media?parent=5136"}],"wp:term":[{"taxonomy":"category","embeddable":true,"href":"https:\/\/mznoticia.com.br\/jaguariaiva\/wp-json\/wp\/v2\/categories?post=5136"},{"taxonomy":"post_tag","embeddable":true,"href":"https:\/\/mznoticia.com.br\/jaguariaiva\/wp-json\/wp\/v2\/tags?post=5136"}],"curies":[{"name":"wp","href":"https:\/\/api.w.org\/{rel}","templated":true}]}}