{"id":5173,"date":"2026-07-22T20:45:35","date_gmt":"2026-07-22T20:45:35","guid":{"rendered":"https:\/\/mznoticia.com.br\/jaguariaiva\/?p=5173"},"modified":"2026-07-22T20:45:35","modified_gmt":"2026-07-22T20:45:35","slug":"jaguariaiva-promove-um-dia-no-parque-com-programacao-gratuita-para-toda-a-familia","status":"publish","type":"post","link":"https:\/\/mznoticia.com.br\/jaguariaiva\/jaguariaiva-promove-um-dia-no-parque-com-programacao-gratuita-para-toda-a-familia\/","title":{"rendered":"Jaguaria\u00edva promove &#8220;Um Dia no Parque&#8221; com programa\u00e7\u00e3o gratuita para toda a fam\u00edlia"},"content":{"rendered":"<p class=\"isSelectedEnd\">Evento ser\u00e1 realizado no domingo (26), no Parque Estadual do Cerrado, com trilhas, passeio cicl\u00edstico, recrea\u00e7\u00e3o, atividades f\u00edsicas e caminhada noturna.<\/p>\n<h2>Evento integra mobiliza\u00e7\u00e3o nacional<\/h2>\n<p class=\"isSelectedEnd\">A Prefeitura de Jaguaria\u00edva, por meio da Secretaria Municipal de Meio Ambiente e Turismo, promover\u00e1 no pr\u00f3ximo <strong>domingo (26)<\/strong> o evento <strong>&#8220;Um Dia no Parque&#8221;<\/strong>, no Parque Estadual do Cerrado.<\/p>\n<p class=\"isSelectedEnd\">A programa\u00e7\u00e3o acontece das <strong>8h \u00e0s 20h<\/strong> e contar\u00e1 com diversas atividades gratuitas voltadas ao lazer, ao turismo e ao contato com a natureza.<\/p>\n<p class=\"isSelectedEnd\">A iniciativa faz parte de uma mobiliza\u00e7\u00e3o nacional realizada em mais de <strong>150 Unidades de Conserva\u00e7\u00e3o<\/strong> do Brasil para celebrar o anivers\u00e1rio do Sistema Nacional de Unidades de Conserva\u00e7\u00e3o (SNUC), incentivando a visita\u00e7\u00e3o e aproximando a popula\u00e7\u00e3o dos espa\u00e7os naturais protegidos.<\/p>\n<h2>Programa\u00e7\u00e3o come\u00e7a com passeio cicl\u00edstico<\/h2>\n<p class=\"isSelectedEnd\">As atividades ter\u00e3o in\u00edcio \u00e0s <strong>8h<\/strong>, com um passeio cicl\u00edstico saindo da <strong>Pra\u00e7a Izabel Branco<\/strong>, em frente \u00e0 Prefeitura Municipal.<\/p>\n<p class=\"isSelectedEnd\">A abertura oficial do evento est\u00e1 prevista para <strong>9h<\/strong>, no Parque Estadual do Cerrado.<\/p>\n<p class=\"isSelectedEnd\">Entre <strong>9h20 e 11h40<\/strong>, os participantes poder\u00e3o aproveitar atividades de recrea\u00e7\u00e3o e trilhas interpretativas.<\/p>\n<p class=\"isSelectedEnd\">\u00c0s <strong>10h<\/strong>, ser\u00e1 realizada uma atividade especial voltada ao p\u00fablico feminino, em parceria com a <strong>Academia My Fitness<\/strong>.<\/p>\n<p class=\"isSelectedEnd\">A programa\u00e7\u00e3o da manh\u00e3 ser\u00e1 encerrada ao meio-dia.<\/p>\n<h2>Atividades seguem durante a tarde<\/h2>\n<p class=\"isSelectedEnd\">As a\u00e7\u00f5es retornam \u00e0s <strong>14h<\/strong>, com novas atividades de recrea\u00e7\u00e3o e trilhas interpretativas.<\/p>\n<p class=\"isSelectedEnd\">\u00c0s <strong>15h<\/strong>, a Academia My Fitness promover\u00e1 uma atividade aberta ao p\u00fablico em geral.<\/p>\n<p class=\"isSelectedEnd\">As atividades recreativas seguem at\u00e9 <strong>17h<\/strong>.<\/p>\n<h2>Caminhada noturna ter\u00e1 vagas limitadas<\/h2>\n<p class=\"isSelectedEnd\">Encerrando a programa\u00e7\u00e3o, ser\u00e1 realizada uma caminhada noturna entre <strong>17h30 e 20h<\/strong>.<\/p>\n<p class=\"isSelectedEnd\">A atividade possui <strong>vagas limitadas<\/strong> e exige inscri\u00e7\u00e3o pr\u00e9via dos participantes.<\/p>\n<h2>Transporte gratuito ser\u00e1 disponibilizado<\/h2>\n<p class=\"isSelectedEnd\">Para facilitar o acesso ao parque, a organiza\u00e7\u00e3o oferecer\u00e1 transporte gratuito com sa\u00edda da <strong>Pra\u00e7a Get\u00falio Vargas<\/strong>.<\/p>\n<p class=\"isSelectedEnd\">Os hor\u00e1rios ser\u00e3o:<\/p>\n<ul data-spread=\"false\">\n<li><strong>Manh\u00e3:<\/strong> sa\u00edda \u00e0s <strong>8h30<\/strong> e retorno \u00e0s <strong>12h<\/strong>;<\/li>\n<li><strong>Tarde:<\/strong> sa\u00edda \u00e0s <strong>13h30<\/strong> e retorno \u00e0s <strong>17h<\/strong>.<\/li>\n<\/ul>\n<p class=\"isSelectedEnd\">A Prefeitura informou que <strong>n\u00e3o haver\u00e1 transporte gratuito<\/strong> para os participantes da caminhada noturna.<\/p>\n<h2>Organiza\u00e7\u00e3o orienta visitantes<\/h2>\n<p class=\"isSelectedEnd\">Os organizadores recomendam que os participantes utilizem roupas confort\u00e1veis, levem garrafa de \u00e1gua e sigam as orienta\u00e7\u00f5es das equipes respons\u00e1veis pelas atividades.<\/p>\n<p>O Parque Estadual do Cerrado \u00e9 um dos principais patrim\u00f4nios ambientais e tur\u00edsticos de Jaguaria\u00edva, reunindo \u00e1reas preservadas que valorizam a biodiversidade e o turismo de natureza na regi\u00e3o.<\/p>\n","protected":false},"excerpt":{"rendered":"<p>Evento ser\u00e1 realizado no domingo (26), no Parque Estadual do Cerrado, com trilhas, passeio cicl\u00edstico, recrea\u00e7\u00e3o, atividades f\u00edsicas e caminhada noturna. Evento integra mobiliza\u00e7\u00e3o nacional A Prefeitura de Jaguaria\u00edva, por meio da Secretaria Municipal de Meio Ambiente e Turismo, promover\u00e1 no pr\u00f3ximo domingo (26) o evento &#8220;Um Dia no Parque&#8221;, no Parque Estadual do Cerrado. [&hellip;]<\/p>\n","protected":false},"author":16,"featured_media":5174,"comment_status":"open","ping_status":"open","sticky":false,"template":"","format":"standard","meta":{"footnotes":""},"categories":[505],"tags":[848,47],"class_list":["post-5173","post","type-post","status-publish","format-standard","has-post-thumbnail","hentry","category-turismo","tag-jaguariaiva-umdianoparque-parqueestadualdocerrado-turismo-meioambiente-camposgerais-mznoticias","tag-destaque"],"yoast_head":"<!-- This site is optimized with the Yoast SEO plugin v28.1 - https:\/\/yoast.com\/product\/yoast-seo-wordpress\/ -->\n<title>Jaguaria\u00edva promove &quot;Um Dia no Parque&quot; com programa\u00e7\u00e3o gratuita para toda a fam\u00edlia - Mz Not\u00edcias<\/title>\n<meta name=\"description\" content=\"Evento acontece no domingo (26) com passeio cicl\u00edstico, trilhas, recrea\u00e7\u00e3o, caminhada noturna e transporte gratuito no Parque Estadual do Cerrado.\" \/>\n<meta name=\"robots\" content=\"index, follow, max-snippet:-1, max-image-preview:large, max-video-preview:-1\" \/>\n<link rel=\"canonical\" href=\"https:\/\/mznoticia.com.br\/jaguariaiva\/jaguariaiva-promove-um-dia-no-parque-com-programacao-gratuita-para-toda-a-familia\/\" \/>\n<meta property=\"og:locale\" content=\"pt_BR\" \/>\n<meta property=\"og:type\" content=\"article\" \/>\n<meta property=\"og:title\" content=\"Jaguaria\u00edva promove &quot;Um Dia no Parque&quot; com programa\u00e7\u00e3o gratuita para toda a fam\u00edlia - Mz Not\u00edcias\" \/>\n<meta property=\"og:description\" content=\"Evento acontece no domingo (26) com passeio cicl\u00edstico, trilhas, recrea\u00e7\u00e3o, caminhada noturna e transporte gratuito no Parque Estadual do Cerrado.\" \/>\n<meta property=\"og:url\" content=\"https:\/\/mznoticia.com.br\/jaguariaiva\/jaguariaiva-promove-um-dia-no-parque-com-programacao-gratuita-para-toda-a-familia\/\" \/>\n<meta property=\"og:site_name\" content=\"Mz Not\u00edcias\" \/>\n<meta property=\"article:publisher\" content=\"https:\/\/www.facebook.com\/profile.php?id=61573479951222\" \/>\n<meta property=\"article:published_time\" content=\"2026-07-22T20:45:35+00:00\" \/>\n<meta property=\"og:image\" content=\"https:\/\/mznoticia.com.br\/jaguariaiva\/wp-content\/uploads\/2026\/07\/parque.webp\" \/>\n\t<meta property=\"og:image:width\" content=\"1000\" \/>\n\t<meta property=\"og:image:height\" content=\"666\" \/>\n\t<meta property=\"og:image:type\" content=\"image\/webp\" \/>\n<meta name=\"author\" content=\"Redacao mz\" \/>\n<meta name=\"twitter:card\" content=\"summary_large_image\" \/>\n<meta name=\"twitter:label1\" content=\"Escrito por\" \/>\n\t<meta name=\"twitter:data1\" content=\"Redacao mz\" \/>\n\t<meta name=\"twitter:label2\" content=\"Est. tempo de leitura\" \/>\n\t<meta name=\"twitter:data2\" content=\"3 minutos\" \/>\n<script type=\"application\/ld+json\" class=\"yoast-schema-graph\">{\"@context\":\"https:\\\/\\\/schema.org\",\"@graph\":[{\"@type\":\"Article\",\"@id\":\"https:\\\/\\\/mznoticia.com.br\\\/jaguariaiva\\\/jaguariaiva-promove-um-dia-no-parque-com-programacao-gratuita-para-toda-a-familia\\\/#article\",\"isPartOf\":{\"@id\":\"https:\\\/\\\/mznoticia.com.br\\\/jaguariaiva\\\/jaguariaiva-promove-um-dia-no-parque-com-programacao-gratuita-para-toda-a-familia\\\/\"},\"author\":{\"name\":\"Redacao mz\",\"@id\":\"https:\\\/\\\/mznoticia.com.br\\\/jaguariaiva\\\/#\\\/schema\\\/person\\\/84012d827247b3f42f37b550da79cd03\"},\"headline\":\"Jaguaria\u00edva promove &#8220;Um Dia no Parque&#8221; com programa\u00e7\u00e3o gratuita para toda a fam\u00edlia\",\"datePublished\":\"2026-07-22T20:45:35+00:00\",\"mainEntityOfPage\":{\"@id\":\"https:\\\/\\\/mznoticia.com.br\\\/jaguariaiva\\\/jaguariaiva-promove-um-dia-no-parque-com-programacao-gratuita-para-toda-a-familia\\\/\"},\"wordCount\":432,\"commentCount\":0,\"publisher\":{\"@id\":\"https:\\\/\\\/mznoticia.com.br\\\/jaguariaiva\\\/#organization\"},\"image\":{\"@id\":\"https:\\\/\\\/mznoticia.com.br\\\/jaguariaiva\\\/jaguariaiva-promove-um-dia-no-parque-com-programacao-gratuita-para-toda-a-familia\\\/#primaryimage\"},\"thumbnailUrl\":\"https:\\\/\\\/mznoticia.com.br\\\/jaguariaiva\\\/wp-content\\\/uploads\\\/2026\\\/07\\\/parque.webp\",\"keywords\":[\"#Jaguaria\u00edva #UmDiaNoParque #ParqueEstadualDoCerrado #Turismo #MeioAmbiente #CamposGerais #MZNot\u00edcias\",\"destaque\"],\"articleSection\":[\"Turismo\"],\"inLanguage\":\"pt-BR\",\"potentialAction\":[{\"@type\":\"CommentAction\",\"name\":\"Comment\",\"target\":[\"https:\\\/\\\/mznoticia.com.br\\\/jaguariaiva\\\/jaguariaiva-promove-um-dia-no-parque-com-programacao-gratuita-para-toda-a-familia\\\/#respond\"]}]},{\"@type\":\"WebPage\",\"@id\":\"https:\\\/\\\/mznoticia.com.br\\\/jaguariaiva\\\/jaguariaiva-promove-um-dia-no-parque-com-programacao-gratuita-para-toda-a-familia\\\/\",\"url\":\"https:\\\/\\\/mznoticia.com.br\\\/jaguariaiva\\\/jaguariaiva-promove-um-dia-no-parque-com-programacao-gratuita-para-toda-a-familia\\\/\",\"name\":\"Jaguaria\u00edva promove \\\"Um Dia no Parque\\\" com programa\u00e7\u00e3o gratuita para toda a fam\u00edlia - Mz Not\u00edcias\",\"isPartOf\":{\"@id\":\"https:\\\/\\\/mznoticia.com.br\\\/jaguariaiva\\\/#website\"},\"primaryImageOfPage\":{\"@id\":\"https:\\\/\\\/mznoticia.com.br\\\/jaguariaiva\\\/jaguariaiva-promove-um-dia-no-parque-com-programacao-gratuita-para-toda-a-familia\\\/#primaryimage\"},\"image\":{\"@id\":\"https:\\\/\\\/mznoticia.com.br\\\/jaguariaiva\\\/jaguariaiva-promove-um-dia-no-parque-com-programacao-gratuita-para-toda-a-familia\\\/#primaryimage\"},\"thumbnailUrl\":\"https:\\\/\\\/mznoticia.com.br\\\/jaguariaiva\\\/wp-content\\\/uploads\\\/2026\\\/07\\\/parque.webp\",\"datePublished\":\"2026-07-22T20:45:35+00:00\",\"description\":\"Evento acontece no domingo (26) com passeio cicl\u00edstico, trilhas, recrea\u00e7\u00e3o, caminhada noturna e transporte gratuito no Parque Estadual do Cerrado.\",\"breadcrumb\":{\"@id\":\"https:\\\/\\\/mznoticia.com.br\\\/jaguariaiva\\\/jaguariaiva-promove-um-dia-no-parque-com-programacao-gratuita-para-toda-a-familia\\\/#breadcrumb\"},\"inLanguage\":\"pt-BR\",\"potentialAction\":[{\"@type\":\"ReadAction\",\"target\":[\"https:\\\/\\\/mznoticia.com.br\\\/jaguariaiva\\\/jaguariaiva-promove-um-dia-no-parque-com-programacao-gratuita-para-toda-a-familia\\\/\"]}]},{\"@type\":\"ImageObject\",\"inLanguage\":\"pt-BR\",\"@id\":\"https:\\\/\\\/mznoticia.com.br\\\/jaguariaiva\\\/jaguariaiva-promove-um-dia-no-parque-com-programacao-gratuita-para-toda-a-familia\\\/#primaryimage\",\"url\":\"https:\\\/\\\/mznoticia.com.br\\\/jaguariaiva\\\/wp-content\\\/uploads\\\/2026\\\/07\\\/parque.webp\",\"contentUrl\":\"https:\\\/\\\/mznoticia.com.br\\\/jaguariaiva\\\/wp-content\\\/uploads\\\/2026\\\/07\\\/parque.webp\",\"width\":1000,\"height\":666},{\"@type\":\"BreadcrumbList\",\"@id\":\"https:\\\/\\\/mznoticia.com.br\\\/jaguariaiva\\\/jaguariaiva-promove-um-dia-no-parque-com-programacao-gratuita-para-toda-a-familia\\\/#breadcrumb\",\"itemListElement\":[{\"@type\":\"ListItem\",\"position\":1,\"name\":\"Home\",\"item\":\"https:\\\/\\\/mznoticia.com.br\\\/jaguariaiva\\\/\"},{\"@type\":\"ListItem\",\"position\":2,\"name\":\"Jaguaria\u00edva promove &#8220;Um Dia no Parque&#8221; com programa\u00e7\u00e3o gratuita para toda a fam\u00edlia\"}]},{\"@type\":\"WebSite\",\"@id\":\"https:\\\/\\\/mznoticia.com.br\\\/jaguariaiva\\\/#website\",\"url\":\"https:\\\/\\\/mznoticia.com.br\\\/jaguariaiva\\\/\",\"name\":\"Mz Not\u00edcia\",\"description\":\"A informa\u00e7\u00e3o que voc\u00ea precisa na hora certa!\",\"publisher\":{\"@id\":\"https:\\\/\\\/mznoticia.com.br\\\/jaguariaiva\\\/#organization\"},\"potentialAction\":[{\"@type\":\"SearchAction\",\"target\":{\"@type\":\"EntryPoint\",\"urlTemplate\":\"https:\\\/\\\/mznoticia.com.br\\\/jaguariaiva\\\/?s={search_term_string}\"},\"query-input\":{\"@type\":\"PropertyValueSpecification\",\"valueRequired\":true,\"valueName\":\"search_term_string\"}}],\"inLanguage\":\"pt-BR\"},{\"@type\":\"Organization\",\"@id\":\"https:\\\/\\\/mznoticia.com.br\\\/jaguariaiva\\\/#organization\",\"name\":\"Mz Not\u00edcia\",\"url\":\"https:\\\/\\\/mznoticia.com.br\\\/jaguariaiva\\\/\",\"logo\":{\"@type\":\"ImageObject\",\"inLanguage\":\"pt-BR\",\"@id\":\"https:\\\/\\\/mznoticia.com.br\\\/jaguariaiva\\\/#\\\/schema\\\/logo\\\/image\\\/\",\"url\":\"https:\\\/\\\/mznoticia.com.br\\\/jaguariaiva\\\/wp-content\\\/uploads\\\/2025\\\/03\\\/Design-sem-nome-4-e1741200616392.png\",\"contentUrl\":\"https:\\\/\\\/mznoticia.com.br\\\/jaguariaiva\\\/wp-content\\\/uploads\\\/2025\\\/03\\\/Design-sem-nome-4-e1741200616392.png\",\"width\":750,\"height\":563,\"caption\":\"Mz Not\u00edcia\"},\"image\":{\"@id\":\"https:\\\/\\\/mznoticia.com.br\\\/jaguariaiva\\\/#\\\/schema\\\/logo\\\/image\\\/\"},\"sameAs\":[\"https:\\\/\\\/www.facebook.com\\\/profile.php?id=61573479951222\",\"https:\\\/\\\/www.instagram.com\\\/mz.jaguariaiva\\\/\"]},{\"@type\":\"Person\",\"@id\":\"https:\\\/\\\/mznoticia.com.br\\\/jaguariaiva\\\/#\\\/schema\\\/person\\\/84012d827247b3f42f37b550da79cd03\",\"name\":\"Redacao mz\",\"image\":{\"@type\":\"ImageObject\",\"inLanguage\":\"pt-BR\",\"@id\":\"https:\\\/\\\/mznoticia.com.br\\\/jaguariaiva\\\/wp-content\\\/uploads\\\/2025\\\/02\\\/mznoticia_jaguariaiva_coluna-150x150.png\",\"url\":\"https:\\\/\\\/mznoticia.com.br\\\/jaguariaiva\\\/wp-content\\\/uploads\\\/2025\\\/02\\\/mznoticia_jaguariaiva_coluna-150x150.png\",\"contentUrl\":\"https:\\\/\\\/mznoticia.com.br\\\/jaguariaiva\\\/wp-content\\\/uploads\\\/2025\\\/02\\\/mznoticia_jaguariaiva_coluna-150x150.png\",\"caption\":\"Redacao mz\"},\"sameAs\":[\"http:\\\/\\\/mznoticia.com.br\"],\"url\":\"https:\\\/\\\/mznoticia.com.br\\\/jaguariaiva\\\/author\\\/lucimara\\\/\"}]}<\/script>\n<!-- \/ Yoast SEO plugin. -->","yoast_head_json":{"title":"Jaguaria\u00edva promove \"Um Dia no Parque\" com programa\u00e7\u00e3o gratuita para toda a fam\u00edlia - Mz Not\u00edcias","description":"Evento acontece no domingo (26) com passeio cicl\u00edstico, trilhas, recrea\u00e7\u00e3o, caminhada noturna e transporte gratuito no Parque Estadual do Cerrado.","robots":{"index":"index","follow":"follow","max-snippet":"max-snippet:-1","max-image-preview":"max-image-preview:large","max-video-preview":"max-video-preview:-1"},"canonical":"https:\/\/mznoticia.com.br\/jaguariaiva\/jaguariaiva-promove-um-dia-no-parque-com-programacao-gratuita-para-toda-a-familia\/","og_locale":"pt_BR","og_type":"article","og_title":"Jaguaria\u00edva promove \"Um Dia no Parque\" com programa\u00e7\u00e3o gratuita para toda a fam\u00edlia - Mz Not\u00edcias","og_description":"Evento acontece no domingo (26) com passeio cicl\u00edstico, trilhas, recrea\u00e7\u00e3o, caminhada noturna e transporte gratuito no Parque Estadual do Cerrado.","og_url":"https:\/\/mznoticia.com.br\/jaguariaiva\/jaguariaiva-promove-um-dia-no-parque-com-programacao-gratuita-para-toda-a-familia\/","og_site_name":"Mz Not\u00edcias","article_publisher":"https:\/\/www.facebook.com\/profile.php?id=61573479951222","article_published_time":"2026-07-22T20:45:35+00:00","og_image":[{"width":1000,"height":666,"url":"https:\/\/mznoticia.com.br\/jaguariaiva\/wp-content\/uploads\/2026\/07\/parque.webp","type":"image\/webp"}],"author":"Redacao mz","twitter_card":"summary_large_image","twitter_misc":{"Escrito por":"Redacao mz","Est. tempo de leitura":"3 minutos"},"schema":{"@context":"https:\/\/schema.org","@graph":[{"@type":"Article","@id":"https:\/\/mznoticia.com.br\/jaguariaiva\/jaguariaiva-promove-um-dia-no-parque-com-programacao-gratuita-para-toda-a-familia\/#article","isPartOf":{"@id":"https:\/\/mznoticia.com.br\/jaguariaiva\/jaguariaiva-promove-um-dia-no-parque-com-programacao-gratuita-para-toda-a-familia\/"},"author":{"name":"Redacao mz","@id":"https:\/\/mznoticia.com.br\/jaguariaiva\/#\/schema\/person\/84012d827247b3f42f37b550da79cd03"},"headline":"Jaguaria\u00edva promove &#8220;Um Dia no Parque&#8221; com programa\u00e7\u00e3o gratuita para toda a fam\u00edlia","datePublished":"2026-07-22T20:45:35+00:00","mainEntityOfPage":{"@id":"https:\/\/mznoticia.com.br\/jaguariaiva\/jaguariaiva-promove-um-dia-no-parque-com-programacao-gratuita-para-toda-a-familia\/"},"wordCount":432,"commentCount":0,"publisher":{"@id":"https:\/\/mznoticia.com.br\/jaguariaiva\/#organization"},"image":{"@id":"https:\/\/mznoticia.com.br\/jaguariaiva\/jaguariaiva-promove-um-dia-no-parque-com-programacao-gratuita-para-toda-a-familia\/#primaryimage"},"thumbnailUrl":"https:\/\/mznoticia.com.br\/jaguariaiva\/wp-content\/uploads\/2026\/07\/parque.webp","keywords":["#Jaguaria\u00edva #UmDiaNoParque #ParqueEstadualDoCerrado #Turismo #MeioAmbiente #CamposGerais #MZNot\u00edcias","destaque"],"articleSection":["Turismo"],"inLanguage":"pt-BR","potentialAction":[{"@type":"CommentAction","name":"Comment","target":["https:\/\/mznoticia.com.br\/jaguariaiva\/jaguariaiva-promove-um-dia-no-parque-com-programacao-gratuita-para-toda-a-familia\/#respond"]}]},{"@type":"WebPage","@id":"https:\/\/mznoticia.com.br\/jaguariaiva\/jaguariaiva-promove-um-dia-no-parque-com-programacao-gratuita-para-toda-a-familia\/","url":"https:\/\/mznoticia.com.br\/jaguariaiva\/jaguariaiva-promove-um-dia-no-parque-com-programacao-gratuita-para-toda-a-familia\/","name":"Jaguaria\u00edva promove \"Um Dia no Parque\" com programa\u00e7\u00e3o gratuita para toda a fam\u00edlia - Mz Not\u00edcias","isPartOf":{"@id":"https:\/\/mznoticia.com.br\/jaguariaiva\/#website"},"primaryImageOfPage":{"@id":"https:\/\/mznoticia.com.br\/jaguariaiva\/jaguariaiva-promove-um-dia-no-parque-com-programacao-gratuita-para-toda-a-familia\/#primaryimage"},"image":{"@id":"https:\/\/mznoticia.com.br\/jaguariaiva\/jaguariaiva-promove-um-dia-no-parque-com-programacao-gratuita-para-toda-a-familia\/#primaryimage"},"thumbnailUrl":"https:\/\/mznoticia.com.br\/jaguariaiva\/wp-content\/uploads\/2026\/07\/parque.webp","datePublished":"2026-07-22T20:45:35+00:00","description":"Evento acontece no domingo (26) com passeio cicl\u00edstico, trilhas, recrea\u00e7\u00e3o, caminhada noturna e transporte gratuito no Parque Estadual do Cerrado.","breadcrumb":{"@id":"https:\/\/mznoticia.com.br\/jaguariaiva\/jaguariaiva-promove-um-dia-no-parque-com-programacao-gratuita-para-toda-a-familia\/#breadcrumb"},"inLanguage":"pt-BR","potentialAction":[{"@type":"ReadAction","target":["https:\/\/mznoticia.com.br\/jaguariaiva\/jaguariaiva-promove-um-dia-no-parque-com-programacao-gratuita-para-toda-a-familia\/"]}]},{"@type":"ImageObject","inLanguage":"pt-BR","@id":"https:\/\/mznoticia.com.br\/jaguariaiva\/jaguariaiva-promove-um-dia-no-parque-com-programacao-gratuita-para-toda-a-familia\/#primaryimage","url":"https:\/\/mznoticia.com.br\/jaguariaiva\/wp-content\/uploads\/2026\/07\/parque.webp","contentUrl":"https:\/\/mznoticia.com.br\/jaguariaiva\/wp-content\/uploads\/2026\/07\/parque.webp","width":1000,"height":666},{"@type":"BreadcrumbList","@id":"https:\/\/mznoticia.com.br\/jaguariaiva\/jaguariaiva-promove-um-dia-no-parque-com-programacao-gratuita-para-toda-a-familia\/#breadcrumb","itemListElement":[{"@type":"ListItem","position":1,"name":"Home","item":"https:\/\/mznoticia.com.br\/jaguariaiva\/"},{"@type":"ListItem","position":2,"name":"Jaguaria\u00edva promove &#8220;Um Dia no Parque&#8221; com programa\u00e7\u00e3o gratuita para toda a fam\u00edlia"}]},{"@type":"WebSite","@id":"https:\/\/mznoticia.com.br\/jaguariaiva\/#website","url":"https:\/\/mznoticia.com.br\/jaguariaiva\/","name":"Mz Not\u00edcia","description":"A informa\u00e7\u00e3o que voc\u00ea precisa na hora certa!","publisher":{"@id":"https:\/\/mznoticia.com.br\/jaguariaiva\/#organization"},"potentialAction":[{"@type":"SearchAction","target":{"@type":"EntryPoint","urlTemplate":"https:\/\/mznoticia.com.br\/jaguariaiva\/?s={search_term_string}"},"query-input":{"@type":"PropertyValueSpecification","valueRequired":true,"valueName":"search_term_string"}}],"inLanguage":"pt-BR"},{"@type":"Organization","@id":"https:\/\/mznoticia.com.br\/jaguariaiva\/#organization","name":"Mz Not\u00edcia","url":"https:\/\/mznoticia.com.br\/jaguariaiva\/","logo":{"@type":"ImageObject","inLanguage":"pt-BR","@id":"https:\/\/mznoticia.com.br\/jaguariaiva\/#\/schema\/logo\/image\/","url":"https:\/\/mznoticia.com.br\/jaguariaiva\/wp-content\/uploads\/2025\/03\/Design-sem-nome-4-e1741200616392.png","contentUrl":"https:\/\/mznoticia.com.br\/jaguariaiva\/wp-content\/uploads\/2025\/03\/Design-sem-nome-4-e1741200616392.png","width":750,"height":563,"caption":"Mz Not\u00edcia"},"image":{"@id":"https:\/\/mznoticia.com.br\/jaguariaiva\/#\/schema\/logo\/image\/"},"sameAs":["https:\/\/www.facebook.com\/profile.php?id=61573479951222","https:\/\/www.instagram.com\/mz.jaguariaiva\/"]},{"@type":"Person","@id":"https:\/\/mznoticia.com.br\/jaguariaiva\/#\/schema\/person\/84012d827247b3f42f37b550da79cd03","name":"Redacao mz","image":{"@type":"ImageObject","inLanguage":"pt-BR","@id":"https:\/\/mznoticia.com.br\/jaguariaiva\/wp-content\/uploads\/2025\/02\/mznoticia_jaguariaiva_coluna-150x150.png","url":"https:\/\/mznoticia.com.br\/jaguariaiva\/wp-content\/uploads\/2025\/02\/mznoticia_jaguariaiva_coluna-150x150.png","contentUrl":"https:\/\/mznoticia.com.br\/jaguariaiva\/wp-content\/uploads\/2025\/02\/mznoticia_jaguariaiva_coluna-150x150.png","caption":"Redacao mz"},"sameAs":["http:\/\/mznoticia.com.br"],"url":"https:\/\/mznoticia.com.br\/jaguariaiva\/author\/lucimara\/"}]}},"_links":{"self":[{"href":"https:\/\/mznoticia.com.br\/jaguariaiva\/wp-json\/wp\/v2\/posts\/5173","targetHints":{"allow":["GET"]}}],"collection":[{"href":"https:\/\/mznoticia.com.br\/jaguariaiva\/wp-json\/wp\/v2\/posts"}],"about":[{"href":"https:\/\/mznoticia.com.br\/jaguariaiva\/wp-json\/wp\/v2\/types\/post"}],"author":[{"embeddable":true,"href":"https:\/\/mznoticia.com.br\/jaguariaiva\/wp-json\/wp\/v2\/users\/16"}],"replies":[{"embeddable":true,"href":"https:\/\/mznoticia.com.br\/jaguariaiva\/wp-json\/wp\/v2\/comments?post=5173"}],"version-history":[{"count":1,"href":"https:\/\/mznoticia.com.br\/jaguariaiva\/wp-json\/wp\/v2\/posts\/5173\/revisions"}],"predecessor-version":[{"id":5175,"href":"https:\/\/mznoticia.com.br\/jaguariaiva\/wp-json\/wp\/v2\/posts\/5173\/revisions\/5175"}],"wp:featuredmedia":[{"embeddable":true,"href":"https:\/\/mznoticia.com.br\/jaguariaiva\/wp-json\/wp\/v2\/media\/5174"}],"wp:attachment":[{"href":"https:\/\/mznoticia.com.br\/jaguariaiva\/wp-json\/wp\/v2\/media?parent=5173"}],"wp:term":[{"taxonomy":"category","embeddable":true,"href":"https:\/\/mznoticia.com.br\/jaguariaiva\/wp-json\/wp\/v2\/categories?post=5173"},{"taxonomy":"post_tag","embeddable":true,"href":"https:\/\/mznoticia.com.br\/jaguariaiva\/wp-json\/wp\/v2\/tags?post=5173"}],"curies":[{"name":"wp","href":"https:\/\/api.w.org\/{rel}","templated":true}]}}