{"id":5201,"date":"2026-07-23T13:50:22","date_gmt":"2026-07-23T13:50:22","guid":{"rendered":"https:\/\/mznoticia.com.br\/jaguariaiva\/?p=5201"},"modified":"2026-07-23T13:50:22","modified_gmt":"2026-07-23T13:50:22","slug":"tarifa-de-25-dos-eua-deve-afetar-75-das-exportacoes-do-parana-aponta-fiep","status":"publish","type":"post","link":"https:\/\/mznoticia.com.br\/jaguariaiva\/tarifa-de-25-dos-eua-deve-afetar-75-das-exportacoes-do-parana-aponta-fiep\/","title":{"rendered":"Tarifa de 25% dos EUA deve afetar 75% das exporta\u00e7\u00f5es do Paran\u00e1, aponta Fiep"},"content":{"rendered":"<p class=\"isSelectedEnd\">Federa\u00e7\u00e3o das Ind\u00fastrias do Paran\u00e1 estima impactos sobre produ\u00e7\u00e3o, investimentos e empregos com a nova tarifa imposta pelos Estados Unidos.<\/p>\n<h2>Exporta\u00e7\u00f5es paranaenses devem perder competitividade<\/h2>\n<p class=\"isSelectedEnd\">A Federa\u00e7\u00e3o das Ind\u00fastrias do Paran\u00e1 (Fiep) estima que cerca de 75% das exporta\u00e7\u00f5es do Estado para os Estados Unidos ser\u00e3o afetadas pela nova tarifa adicional de 25% confirmada pelo Escrit\u00f3rio do Representante Comercial dos Estados Unidos (USTR).<\/p>\n<p class=\"isSelectedEnd\">Segundo a entidade, as exporta\u00e7\u00f5es da ind\u00fastria paranaense para o mercado norte-americano somaram aproximadamente <strong>US$ 1,3 bilh\u00e3o em 2025<\/strong>, volume que poder\u00e1 sofrer impactos com a entrada em vigor da medida.<\/p>\n<p class=\"isSelectedEnd\">Em nota oficial, a Fiep afirmou que a sobretaxa reduzir\u00e1 a competitividade de diversos produtos paranaenses no mercado internacional, podendo provocar reflexos sobre investimentos, produ\u00e7\u00e3o e gera\u00e7\u00e3o de empregos no Estado.<\/p>\n<h2>Setores madeireiro, cer\u00e2mico e moveleiro est\u00e3o entre os mais afetados<\/h2>\n<p class=\"isSelectedEnd\">De acordo com a federa\u00e7\u00e3o, os principais impactos devem atingir produtos da cadeia madeireira, como madeira serrada, compensados, molduras, portas e parte dos pisos de madeira.<\/p>\n<p class=\"isSelectedEnd\">Tamb\u00e9m est\u00e3o entre os segmentos afetados os fabricantes de revestimentos cer\u00e2micos, m\u00f3veis e produtos do setor de papel.<\/p>\n<h2>Alguns produtos ficaram fora da sobretaxa<\/h2>\n<p class=\"isSelectedEnd\">A Fiep destacou que alguns produtos conseguiram ser inclu\u00eddos na lista de exce\u00e7\u00f5es da medida norte-americana, preservando a competitividade desses setores.<\/p>\n<p class=\"isSelectedEnd\">Entre os itens isentos da tarifa adicional est\u00e3o a til\u00e1pia, o caf\u00e9 sol\u00favel, o mel e o couro.<\/p>\n<p class=\"isSelectedEnd\">Apesar disso, a entidade ressalta que a maior parte da pauta exportadora industrial do Paran\u00e1 continuar\u00e1 sujeita \u00e0 nova tributa\u00e7\u00e3o.<\/p>\n<h2>Federa\u00e7\u00e3o pede retomada das negocia\u00e7\u00f5es<\/h2>\n<p class=\"isSelectedEnd\">A Fiep informou que participou da audi\u00eancia p\u00fablica realizada em Washington, nos dias 6 e 7 de julho, defendendo os interesses da ind\u00fastria paranaense.<\/p>\n<p class=\"isSelectedEnd\">Com a entrada em vigor das novas tarifas prevista para <strong>22 de julho<\/strong>, a entidade solicita que os governos do Brasil e dos Estados Unidos retomem as negocia\u00e7\u00f5es o mais rapidamente poss\u00edvel para buscar a revers\u00e3o da medida.<\/p>\n<h2>Tarifa ser\u00e1 somada aos impostos j\u00e1 existentes<\/h2>\n<p class=\"isSelectedEnd\">A nova cobran\u00e7a ser\u00e1 aplicada de forma adicional \u00e0s al\u00edquotas de importa\u00e7\u00e3o j\u00e1 vigentes.<\/p>\n<p>Na pr\u00e1tica, um produto que atualmente paga 5% de imposto para ingressar no mercado norte-americano passar\u00e1 a recolher <strong>30%<\/strong>, considerando a al\u00edquota original acrescida da sobretaxa de 25%.<\/p>\n","protected":false},"excerpt":{"rendered":"<p>Federa\u00e7\u00e3o das Ind\u00fastrias do Paran\u00e1 estima impactos sobre produ\u00e7\u00e3o, investimentos e empregos com a nova tarifa imposta pelos Estados Unidos. Exporta\u00e7\u00f5es paranaenses devem perder competitividade A Federa\u00e7\u00e3o das Ind\u00fastrias do Paran\u00e1 (Fiep) estima que cerca de 75% das exporta\u00e7\u00f5es do Estado para os Estados Unidos ser\u00e3o afetadas pela nova tarifa adicional de 25% confirmada pelo [&hellip;]<\/p>\n","protected":false},"author":16,"featured_media":5202,"comment_status":"open","ping_status":"open","sticky":false,"template":"","format":"standard","meta":{"footnotes":""},"categories":[328],"tags":[813,47,478,676,811,865,476,77,231],"class_list":["post-5201","post","type-post","status-publish","format-standard","has-post-thumbnail","hentry","category-parana","tag-comercio-exterior","tag-destaque","tag-economia","tag-estados-unidos","tag-exportacoes","tag-fiep","tag-industria","tag-parana","tag-tarifa"],"yoast_head":"<!-- This site is optimized with the Yoast SEO plugin v28.1 - https:\/\/yoast.com\/product\/yoast-seo-wordpress\/ -->\n<title>Tarifa de 25% dos EUA deve afetar 75% das exporta\u00e7\u00f5es do Paran\u00e1, aponta Fiep - Mz Not\u00edcias<\/title>\n<meta name=\"description\" content=\"Fiep estima que a nova tarifa de 25% imposta pelos Estados Unidos afetar\u00e1 75% das exporta\u00e7\u00f5es industriais do Paran\u00e1 e poder\u00e1 impactar empregos e investimentos.\" \/>\n<meta name=\"robots\" content=\"index, follow, max-snippet:-1, max-image-preview:large, max-video-preview:-1\" \/>\n<link rel=\"canonical\" href=\"https:\/\/mznoticia.com.br\/jaguariaiva\/tarifa-de-25-dos-eua-deve-afetar-75-das-exportacoes-do-parana-aponta-fiep\/\" \/>\n<meta property=\"og:locale\" content=\"pt_BR\" \/>\n<meta property=\"og:type\" content=\"article\" \/>\n<meta property=\"og:title\" content=\"Tarifa de 25% dos EUA deve afetar 75% das exporta\u00e7\u00f5es do Paran\u00e1, aponta Fiep - Mz Not\u00edcias\" \/>\n<meta property=\"og:description\" content=\"Fiep estima que a nova tarifa de 25% imposta pelos Estados Unidos afetar\u00e1 75% das exporta\u00e7\u00f5es industriais do Paran\u00e1 e poder\u00e1 impactar empregos e investimentos.\" \/>\n<meta property=\"og:url\" content=\"https:\/\/mznoticia.com.br\/jaguariaiva\/tarifa-de-25-dos-eua-deve-afetar-75-das-exportacoes-do-parana-aponta-fiep\/\" \/>\n<meta property=\"og:site_name\" content=\"Mz Not\u00edcias\" \/>\n<meta property=\"article:publisher\" content=\"https:\/\/www.facebook.com\/profile.php?id=61573479951222\" \/>\n<meta property=\"article:published_time\" content=\"2026-07-23T13:50:22+00:00\" \/>\n<meta name=\"author\" content=\"Redacao mz\" \/>\n<meta name=\"twitter:card\" content=\"summary_large_image\" \/>\n<meta name=\"twitter:label1\" content=\"Escrito por\" \/>\n\t<meta name=\"twitter:data1\" content=\"Redacao mz\" \/>\n\t<meta name=\"twitter:label2\" content=\"Est. tempo de leitura\" \/>\n\t<meta name=\"twitter:data2\" content=\"3 minutos\" \/>\n<script type=\"application\/ld+json\" class=\"yoast-schema-graph\">{\"@context\":\"https:\\\/\\\/schema.org\",\"@graph\":[{\"@type\":\"Article\",\"@id\":\"https:\\\/\\\/mznoticia.com.br\\\/jaguariaiva\\\/tarifa-de-25-dos-eua-deve-afetar-75-das-exportacoes-do-parana-aponta-fiep\\\/#article\",\"isPartOf\":{\"@id\":\"https:\\\/\\\/mznoticia.com.br\\\/jaguariaiva\\\/tarifa-de-25-dos-eua-deve-afetar-75-das-exportacoes-do-parana-aponta-fiep\\\/\"},\"author\":{\"name\":\"Redacao mz\",\"@id\":\"https:\\\/\\\/mznoticia.com.br\\\/jaguariaiva\\\/#\\\/schema\\\/person\\\/84012d827247b3f42f37b550da79cd03\"},\"headline\":\"Tarifa de 25% dos EUA deve afetar 75% das exporta\u00e7\u00f5es do Paran\u00e1, aponta Fiep\",\"datePublished\":\"2026-07-23T13:50:22+00:00\",\"mainEntityOfPage\":{\"@id\":\"https:\\\/\\\/mznoticia.com.br\\\/jaguariaiva\\\/tarifa-de-25-dos-eua-deve-afetar-75-das-exportacoes-do-parana-aponta-fiep\\\/\"},\"wordCount\":402,\"commentCount\":0,\"publisher\":{\"@id\":\"https:\\\/\\\/mznoticia.com.br\\\/jaguariaiva\\\/#organization\"},\"image\":{\"@id\":\"https:\\\/\\\/mznoticia.com.br\\\/jaguariaiva\\\/tarifa-de-25-dos-eua-deve-afetar-75-das-exportacoes-do-parana-aponta-fiep\\\/#primaryimage\"},\"thumbnailUrl\":\"https:\\\/\\\/mznoticia.com.br\\\/jaguariaiva\\\/wp-content\\\/uploads\\\/2026\\\/07\\\/navio.avif\",\"keywords\":[\"Com\u00e9rcio Exterior\",\"destaque\",\"Economia\",\"Estados Unidos\",\"Exporta\u00e7\u00f5es\",\"Fiep\",\"Ind\u00fastria\",\"parana\",\"TARIFA\"],\"articleSection\":[\"Paran\u00e1\"],\"inLanguage\":\"pt-BR\",\"potentialAction\":[{\"@type\":\"CommentAction\",\"name\":\"Comment\",\"target\":[\"https:\\\/\\\/mznoticia.com.br\\\/jaguariaiva\\\/tarifa-de-25-dos-eua-deve-afetar-75-das-exportacoes-do-parana-aponta-fiep\\\/#respond\"]}]},{\"@type\":\"WebPage\",\"@id\":\"https:\\\/\\\/mznoticia.com.br\\\/jaguariaiva\\\/tarifa-de-25-dos-eua-deve-afetar-75-das-exportacoes-do-parana-aponta-fiep\\\/\",\"url\":\"https:\\\/\\\/mznoticia.com.br\\\/jaguariaiva\\\/tarifa-de-25-dos-eua-deve-afetar-75-das-exportacoes-do-parana-aponta-fiep\\\/\",\"name\":\"Tarifa de 25% dos EUA deve afetar 75% das exporta\u00e7\u00f5es do Paran\u00e1, aponta Fiep - Mz Not\u00edcias\",\"isPartOf\":{\"@id\":\"https:\\\/\\\/mznoticia.com.br\\\/jaguariaiva\\\/#website\"},\"primaryImageOfPage\":{\"@id\":\"https:\\\/\\\/mznoticia.com.br\\\/jaguariaiva\\\/tarifa-de-25-dos-eua-deve-afetar-75-das-exportacoes-do-parana-aponta-fiep\\\/#primaryimage\"},\"image\":{\"@id\":\"https:\\\/\\\/mznoticia.com.br\\\/jaguariaiva\\\/tarifa-de-25-dos-eua-deve-afetar-75-das-exportacoes-do-parana-aponta-fiep\\\/#primaryimage\"},\"thumbnailUrl\":\"https:\\\/\\\/mznoticia.com.br\\\/jaguariaiva\\\/wp-content\\\/uploads\\\/2026\\\/07\\\/navio.avif\",\"datePublished\":\"2026-07-23T13:50:22+00:00\",\"description\":\"Fiep estima que a nova tarifa de 25% imposta pelos Estados Unidos afetar\u00e1 75% das exporta\u00e7\u00f5es industriais do Paran\u00e1 e poder\u00e1 impactar empregos e investimentos.\",\"breadcrumb\":{\"@id\":\"https:\\\/\\\/mznoticia.com.br\\\/jaguariaiva\\\/tarifa-de-25-dos-eua-deve-afetar-75-das-exportacoes-do-parana-aponta-fiep\\\/#breadcrumb\"},\"inLanguage\":\"pt-BR\",\"potentialAction\":[{\"@type\":\"ReadAction\",\"target\":[\"https:\\\/\\\/mznoticia.com.br\\\/jaguariaiva\\\/tarifa-de-25-dos-eua-deve-afetar-75-das-exportacoes-do-parana-aponta-fiep\\\/\"]}]},{\"@type\":\"ImageObject\",\"inLanguage\":\"pt-BR\",\"@id\":\"https:\\\/\\\/mznoticia.com.br\\\/jaguariaiva\\\/tarifa-de-25-dos-eua-deve-afetar-75-das-exportacoes-do-parana-aponta-fiep\\\/#primaryimage\",\"url\":\"https:\\\/\\\/mznoticia.com.br\\\/jaguariaiva\\\/wp-content\\\/uploads\\\/2026\\\/07\\\/navio.avif\",\"contentUrl\":\"https:\\\/\\\/mznoticia.com.br\\\/jaguariaiva\\\/wp-content\\\/uploads\\\/2026\\\/07\\\/navio.avif\",\"width\":984,\"height\":557},{\"@type\":\"BreadcrumbList\",\"@id\":\"https:\\\/\\\/mznoticia.com.br\\\/jaguariaiva\\\/tarifa-de-25-dos-eua-deve-afetar-75-das-exportacoes-do-parana-aponta-fiep\\\/#breadcrumb\",\"itemListElement\":[{\"@type\":\"ListItem\",\"position\":1,\"name\":\"Home\",\"item\":\"https:\\\/\\\/mznoticia.com.br\\\/jaguariaiva\\\/\"},{\"@type\":\"ListItem\",\"position\":2,\"name\":\"Tarifa de 25% dos EUA deve afetar 75% das exporta\u00e7\u00f5es do Paran\u00e1, aponta Fiep\"}]},{\"@type\":\"WebSite\",\"@id\":\"https:\\\/\\\/mznoticia.com.br\\\/jaguariaiva\\\/#website\",\"url\":\"https:\\\/\\\/mznoticia.com.br\\\/jaguariaiva\\\/\",\"name\":\"Mz Not\u00edcia\",\"description\":\"A informa\u00e7\u00e3o que voc\u00ea precisa na hora certa!\",\"publisher\":{\"@id\":\"https:\\\/\\\/mznoticia.com.br\\\/jaguariaiva\\\/#organization\"},\"potentialAction\":[{\"@type\":\"SearchAction\",\"target\":{\"@type\":\"EntryPoint\",\"urlTemplate\":\"https:\\\/\\\/mznoticia.com.br\\\/jaguariaiva\\\/?s={search_term_string}\"},\"query-input\":{\"@type\":\"PropertyValueSpecification\",\"valueRequired\":true,\"valueName\":\"search_term_string\"}}],\"inLanguage\":\"pt-BR\"},{\"@type\":\"Organization\",\"@id\":\"https:\\\/\\\/mznoticia.com.br\\\/jaguariaiva\\\/#organization\",\"name\":\"Mz Not\u00edcia\",\"url\":\"https:\\\/\\\/mznoticia.com.br\\\/jaguariaiva\\\/\",\"logo\":{\"@type\":\"ImageObject\",\"inLanguage\":\"pt-BR\",\"@id\":\"https:\\\/\\\/mznoticia.com.br\\\/jaguariaiva\\\/#\\\/schema\\\/logo\\\/image\\\/\",\"url\":\"https:\\\/\\\/mznoticia.com.br\\\/jaguariaiva\\\/wp-content\\\/uploads\\\/2025\\\/03\\\/Design-sem-nome-4-e1741200616392.png\",\"contentUrl\":\"https:\\\/\\\/mznoticia.com.br\\\/jaguariaiva\\\/wp-content\\\/uploads\\\/2025\\\/03\\\/Design-sem-nome-4-e1741200616392.png\",\"width\":750,\"height\":563,\"caption\":\"Mz Not\u00edcia\"},\"image\":{\"@id\":\"https:\\\/\\\/mznoticia.com.br\\\/jaguariaiva\\\/#\\\/schema\\\/logo\\\/image\\\/\"},\"sameAs\":[\"https:\\\/\\\/www.facebook.com\\\/profile.php?id=61573479951222\",\"https:\\\/\\\/www.instagram.com\\\/mz.jaguariaiva\\\/\"]},{\"@type\":\"Person\",\"@id\":\"https:\\\/\\\/mznoticia.com.br\\\/jaguariaiva\\\/#\\\/schema\\\/person\\\/84012d827247b3f42f37b550da79cd03\",\"name\":\"Redacao mz\",\"image\":{\"@type\":\"ImageObject\",\"inLanguage\":\"pt-BR\",\"@id\":\"https:\\\/\\\/mznoticia.com.br\\\/jaguariaiva\\\/wp-content\\\/uploads\\\/2025\\\/02\\\/mznoticia_jaguariaiva_coluna-150x150.png\",\"url\":\"https:\\\/\\\/mznoticia.com.br\\\/jaguariaiva\\\/wp-content\\\/uploads\\\/2025\\\/02\\\/mznoticia_jaguariaiva_coluna-150x150.png\",\"contentUrl\":\"https:\\\/\\\/mznoticia.com.br\\\/jaguariaiva\\\/wp-content\\\/uploads\\\/2025\\\/02\\\/mznoticia_jaguariaiva_coluna-150x150.png\",\"caption\":\"Redacao mz\"},\"sameAs\":[\"http:\\\/\\\/mznoticia.com.br\"],\"url\":\"https:\\\/\\\/mznoticia.com.br\\\/jaguariaiva\\\/author\\\/lucimara\\\/\"}]}<\/script>\n<!-- \/ Yoast SEO plugin. -->","yoast_head_json":{"title":"Tarifa de 25% dos EUA deve afetar 75% das exporta\u00e7\u00f5es do Paran\u00e1, aponta Fiep - Mz Not\u00edcias","description":"Fiep estima que a nova tarifa de 25% imposta pelos Estados Unidos afetar\u00e1 75% das exporta\u00e7\u00f5es industriais do Paran\u00e1 e poder\u00e1 impactar empregos e investimentos.","robots":{"index":"index","follow":"follow","max-snippet":"max-snippet:-1","max-image-preview":"max-image-preview:large","max-video-preview":"max-video-preview:-1"},"canonical":"https:\/\/mznoticia.com.br\/jaguariaiva\/tarifa-de-25-dos-eua-deve-afetar-75-das-exportacoes-do-parana-aponta-fiep\/","og_locale":"pt_BR","og_type":"article","og_title":"Tarifa de 25% dos EUA deve afetar 75% das exporta\u00e7\u00f5es do Paran\u00e1, aponta Fiep - Mz Not\u00edcias","og_description":"Fiep estima que a nova tarifa de 25% imposta pelos Estados Unidos afetar\u00e1 75% das exporta\u00e7\u00f5es industriais do Paran\u00e1 e poder\u00e1 impactar empregos e investimentos.","og_url":"https:\/\/mznoticia.com.br\/jaguariaiva\/tarifa-de-25-dos-eua-deve-afetar-75-das-exportacoes-do-parana-aponta-fiep\/","og_site_name":"Mz Not\u00edcias","article_publisher":"https:\/\/www.facebook.com\/profile.php?id=61573479951222","article_published_time":"2026-07-23T13:50:22+00:00","author":"Redacao mz","twitter_card":"summary_large_image","twitter_misc":{"Escrito por":"Redacao mz","Est. tempo de leitura":"3 minutos"},"schema":{"@context":"https:\/\/schema.org","@graph":[{"@type":"Article","@id":"https:\/\/mznoticia.com.br\/jaguariaiva\/tarifa-de-25-dos-eua-deve-afetar-75-das-exportacoes-do-parana-aponta-fiep\/#article","isPartOf":{"@id":"https:\/\/mznoticia.com.br\/jaguariaiva\/tarifa-de-25-dos-eua-deve-afetar-75-das-exportacoes-do-parana-aponta-fiep\/"},"author":{"name":"Redacao mz","@id":"https:\/\/mznoticia.com.br\/jaguariaiva\/#\/schema\/person\/84012d827247b3f42f37b550da79cd03"},"headline":"Tarifa de 25% dos EUA deve afetar 75% das exporta\u00e7\u00f5es do Paran\u00e1, aponta Fiep","datePublished":"2026-07-23T13:50:22+00:00","mainEntityOfPage":{"@id":"https:\/\/mznoticia.com.br\/jaguariaiva\/tarifa-de-25-dos-eua-deve-afetar-75-das-exportacoes-do-parana-aponta-fiep\/"},"wordCount":402,"commentCount":0,"publisher":{"@id":"https:\/\/mznoticia.com.br\/jaguariaiva\/#organization"},"image":{"@id":"https:\/\/mznoticia.com.br\/jaguariaiva\/tarifa-de-25-dos-eua-deve-afetar-75-das-exportacoes-do-parana-aponta-fiep\/#primaryimage"},"thumbnailUrl":"https:\/\/mznoticia.com.br\/jaguariaiva\/wp-content\/uploads\/2026\/07\/navio.avif","keywords":["Com\u00e9rcio Exterior","destaque","Economia","Estados Unidos","Exporta\u00e7\u00f5es","Fiep","Ind\u00fastria","parana","TARIFA"],"articleSection":["Paran\u00e1"],"inLanguage":"pt-BR","potentialAction":[{"@type":"CommentAction","name":"Comment","target":["https:\/\/mznoticia.com.br\/jaguariaiva\/tarifa-de-25-dos-eua-deve-afetar-75-das-exportacoes-do-parana-aponta-fiep\/#respond"]}]},{"@type":"WebPage","@id":"https:\/\/mznoticia.com.br\/jaguariaiva\/tarifa-de-25-dos-eua-deve-afetar-75-das-exportacoes-do-parana-aponta-fiep\/","url":"https:\/\/mznoticia.com.br\/jaguariaiva\/tarifa-de-25-dos-eua-deve-afetar-75-das-exportacoes-do-parana-aponta-fiep\/","name":"Tarifa de 25% dos EUA deve afetar 75% das exporta\u00e7\u00f5es do Paran\u00e1, aponta Fiep - Mz Not\u00edcias","isPartOf":{"@id":"https:\/\/mznoticia.com.br\/jaguariaiva\/#website"},"primaryImageOfPage":{"@id":"https:\/\/mznoticia.com.br\/jaguariaiva\/tarifa-de-25-dos-eua-deve-afetar-75-das-exportacoes-do-parana-aponta-fiep\/#primaryimage"},"image":{"@id":"https:\/\/mznoticia.com.br\/jaguariaiva\/tarifa-de-25-dos-eua-deve-afetar-75-das-exportacoes-do-parana-aponta-fiep\/#primaryimage"},"thumbnailUrl":"https:\/\/mznoticia.com.br\/jaguariaiva\/wp-content\/uploads\/2026\/07\/navio.avif","datePublished":"2026-07-23T13:50:22+00:00","description":"Fiep estima que a nova tarifa de 25% imposta pelos Estados Unidos afetar\u00e1 75% das exporta\u00e7\u00f5es industriais do Paran\u00e1 e poder\u00e1 impactar empregos e investimentos.","breadcrumb":{"@id":"https:\/\/mznoticia.com.br\/jaguariaiva\/tarifa-de-25-dos-eua-deve-afetar-75-das-exportacoes-do-parana-aponta-fiep\/#breadcrumb"},"inLanguage":"pt-BR","potentialAction":[{"@type":"ReadAction","target":["https:\/\/mznoticia.com.br\/jaguariaiva\/tarifa-de-25-dos-eua-deve-afetar-75-das-exportacoes-do-parana-aponta-fiep\/"]}]},{"@type":"ImageObject","inLanguage":"pt-BR","@id":"https:\/\/mznoticia.com.br\/jaguariaiva\/tarifa-de-25-dos-eua-deve-afetar-75-das-exportacoes-do-parana-aponta-fiep\/#primaryimage","url":"https:\/\/mznoticia.com.br\/jaguariaiva\/wp-content\/uploads\/2026\/07\/navio.avif","contentUrl":"https:\/\/mznoticia.com.br\/jaguariaiva\/wp-content\/uploads\/2026\/07\/navio.avif","width":984,"height":557},{"@type":"BreadcrumbList","@id":"https:\/\/mznoticia.com.br\/jaguariaiva\/tarifa-de-25-dos-eua-deve-afetar-75-das-exportacoes-do-parana-aponta-fiep\/#breadcrumb","itemListElement":[{"@type":"ListItem","position":1,"name":"Home","item":"https:\/\/mznoticia.com.br\/jaguariaiva\/"},{"@type":"ListItem","position":2,"name":"Tarifa de 25% dos EUA deve afetar 75% das exporta\u00e7\u00f5es do Paran\u00e1, aponta Fiep"}]},{"@type":"WebSite","@id":"https:\/\/mznoticia.com.br\/jaguariaiva\/#website","url":"https:\/\/mznoticia.com.br\/jaguariaiva\/","name":"Mz Not\u00edcia","description":"A informa\u00e7\u00e3o que voc\u00ea precisa na hora certa!","publisher":{"@id":"https:\/\/mznoticia.com.br\/jaguariaiva\/#organization"},"potentialAction":[{"@type":"SearchAction","target":{"@type":"EntryPoint","urlTemplate":"https:\/\/mznoticia.com.br\/jaguariaiva\/?s={search_term_string}"},"query-input":{"@type":"PropertyValueSpecification","valueRequired":true,"valueName":"search_term_string"}}],"inLanguage":"pt-BR"},{"@type":"Organization","@id":"https:\/\/mznoticia.com.br\/jaguariaiva\/#organization","name":"Mz Not\u00edcia","url":"https:\/\/mznoticia.com.br\/jaguariaiva\/","logo":{"@type":"ImageObject","inLanguage":"pt-BR","@id":"https:\/\/mznoticia.com.br\/jaguariaiva\/#\/schema\/logo\/image\/","url":"https:\/\/mznoticia.com.br\/jaguariaiva\/wp-content\/uploads\/2025\/03\/Design-sem-nome-4-e1741200616392.png","contentUrl":"https:\/\/mznoticia.com.br\/jaguariaiva\/wp-content\/uploads\/2025\/03\/Design-sem-nome-4-e1741200616392.png","width":750,"height":563,"caption":"Mz Not\u00edcia"},"image":{"@id":"https:\/\/mznoticia.com.br\/jaguariaiva\/#\/schema\/logo\/image\/"},"sameAs":["https:\/\/www.facebook.com\/profile.php?id=61573479951222","https:\/\/www.instagram.com\/mz.jaguariaiva\/"]},{"@type":"Person","@id":"https:\/\/mznoticia.com.br\/jaguariaiva\/#\/schema\/person\/84012d827247b3f42f37b550da79cd03","name":"Redacao mz","image":{"@type":"ImageObject","inLanguage":"pt-BR","@id":"https:\/\/mznoticia.com.br\/jaguariaiva\/wp-content\/uploads\/2025\/02\/mznoticia_jaguariaiva_coluna-150x150.png","url":"https:\/\/mznoticia.com.br\/jaguariaiva\/wp-content\/uploads\/2025\/02\/mznoticia_jaguariaiva_coluna-150x150.png","contentUrl":"https:\/\/mznoticia.com.br\/jaguariaiva\/wp-content\/uploads\/2025\/02\/mznoticia_jaguariaiva_coluna-150x150.png","caption":"Redacao mz"},"sameAs":["http:\/\/mznoticia.com.br"],"url":"https:\/\/mznoticia.com.br\/jaguariaiva\/author\/lucimara\/"}]}},"_links":{"self":[{"href":"https:\/\/mznoticia.com.br\/jaguariaiva\/wp-json\/wp\/v2\/posts\/5201","targetHints":{"allow":["GET"]}}],"collection":[{"href":"https:\/\/mznoticia.com.br\/jaguariaiva\/wp-json\/wp\/v2\/posts"}],"about":[{"href":"https:\/\/mznoticia.com.br\/jaguariaiva\/wp-json\/wp\/v2\/types\/post"}],"author":[{"embeddable":true,"href":"https:\/\/mznoticia.com.br\/jaguariaiva\/wp-json\/wp\/v2\/users\/16"}],"replies":[{"embeddable":true,"href":"https:\/\/mznoticia.com.br\/jaguariaiva\/wp-json\/wp\/v2\/comments?post=5201"}],"version-history":[{"count":1,"href":"https:\/\/mznoticia.com.br\/jaguariaiva\/wp-json\/wp\/v2\/posts\/5201\/revisions"}],"predecessor-version":[{"id":5203,"href":"https:\/\/mznoticia.com.br\/jaguariaiva\/wp-json\/wp\/v2\/posts\/5201\/revisions\/5203"}],"wp:featuredmedia":[{"embeddable":true,"href":"https:\/\/mznoticia.com.br\/jaguariaiva\/wp-json\/wp\/v2\/media\/5202"}],"wp:attachment":[{"href":"https:\/\/mznoticia.com.br\/jaguariaiva\/wp-json\/wp\/v2\/media?parent=5201"}],"wp:term":[{"taxonomy":"category","embeddable":true,"href":"https:\/\/mznoticia.com.br\/jaguariaiva\/wp-json\/wp\/v2\/categories?post=5201"},{"taxonomy":"post_tag","embeddable":true,"href":"https:\/\/mznoticia.com.br\/jaguariaiva\/wp-json\/wp\/v2\/tags?post=5201"}],"curies":[{"name":"wp","href":"https:\/\/api.w.org\/{rel}","templated":true}]}}