{"id":5241,"date":"2026-07-23T20:48:47","date_gmt":"2026-07-23T20:48:47","guid":{"rendered":"https:\/\/mznoticia.com.br\/jaguariaiva\/?p=5241"},"modified":"2026-07-23T20:48:47","modified_gmt":"2026-07-23T20:48:47","slug":"operario-pr-anuncia-retorno-do-zagueiro-joseph-para-a-sequencia-da-serie-b","status":"publish","type":"post","link":"https:\/\/mznoticia.com.br\/jaguariaiva\/operario-pr-anuncia-retorno-do-zagueiro-joseph-para-a-sequencia-da-serie-b\/","title":{"rendered":"Oper\u00e1rio-PR anuncia retorno do zagueiro Joseph para a sequ\u00eancia da S\u00e9rie B"},"content":{"rendered":"<p class=\"PDq2pG_selectionAnchorContainer\" data-start=\"88\" data-end=\"217\">Defensor de 31 anos retorna ao Fantasma ap\u00f3s passagem pelo futebol iraquiano e assina contrato at\u00e9 o fim de 2027.<\/p>\n<h2 data-section-id=\"b28fgh\" data-start=\"219\" data-end=\"254\">Joseph est\u00e1 de volta ao Fantasma<\/h2>\n<p data-start=\"256\" data-end=\"539\">O Oper\u00e1rio Ferrovi\u00e1rio confirmou nesta quinta-feira (23) a contrata\u00e7\u00e3o do zagueiro Joseph para a disputa da sequ\u00eancia da S\u00e9rie B do Campeonato Brasileiro. Aos 31 anos, o defensor retorna ao clube ap\u00f3s atuar pelo Zakho, do Iraque, e assinou v\u00ednculo com o Fantasma at\u00e9 o final de 2027.<\/p>\n<p data-start=\"541\" data-end=\"715\">A negocia\u00e7\u00e3o foi conclu\u00edda nas \u00faltimas semanas e o jogador j\u00e1 vinha treinando com o elenco enquanto aguardava a regulariza\u00e7\u00e3o da documenta\u00e7\u00e3o para ser anunciado oficialmente.<\/p>\n<h2 data-section-id=\"sfhlo9\" data-start=\"717\" data-end=\"756\">Experi\u00eancia para fortalecer a defesa<\/h2>\n<p data-start=\"758\" data-end=\"933\">Em nota, o Oper\u00e1rio destacou que Joseph retorna para refor\u00e7ar o grupo comandado pelo t\u00e9cnico Luizinho Lopes, agregando experi\u00eancia, lideran\u00e7a e seguran\u00e7a ao sistema defensivo.<\/p>\n<p data-start=\"935\" data-end=\"1065\">Atualmente, a equipe tem Cuen\u00fa e Miranda como titulares na zaga, enquanto Klaus aparece como principal op\u00e7\u00e3o no banco de reservas.<\/p>\n<h2 data-section-id=\"1d5rjs4\" data-start=\"1067\" data-end=\"1110\">Passagem pelo Iraque e retorno ao Brasil<\/h2>\n<p data-start=\"1112\" data-end=\"1243\">Joseph defendia o Zakho desde setembro de 2025. Pelo clube iraquiano, disputou 33 partidas, sendo a \u00faltima em 28 de maio deste ano.<\/p>\n<p data-start=\"1245\" data-end=\"1429\">O defensor enfrentou dificuldades de adapta\u00e7\u00e3o no pa\u00eds e, nos \u00faltimos meses, iniciou conversas para retornar ao Oper\u00e1rio, chegando a um acordo para vestir novamente a camisa alvinegra.<\/p>\n<h2 data-section-id=\"18c9ae3\" data-start=\"1431\" data-end=\"1455\">Hist\u00f3rico no Oper\u00e1rio<\/h2>\n<p data-start=\"1457\" data-end=\"1579\">Revelado pelo Nova Igua\u00e7u, Joseph tamb\u00e9m acumula passagens por Vila Nova-GO, Am\u00e9rica-MG, Cruzeiro, Botafogo-SP e Tombense.<\/p>\n<p data-start=\"1581\" data-end=\"1755\">Na primeira passagem pelo Oper\u00e1rio, entre 2024 e 2025, disputou 70 partidas e foi titular durante grande parte do per\u00edodo, tornando-se uma das refer\u00eancias do setor defensivo.<\/p>\n<p data-start=\"1757\" data-end=\"1966\">A expectativa \u00e9 que o zagueiro j\u00e1 esteja \u00e0 disposi\u00e7\u00e3o da comiss\u00e3o t\u00e9cnica para a partida contra o Atl\u00e9tico-GO, marcada para segunda-feira (27), \u00e0s 19h30, no Est\u00e1dio Ant\u00f4nio Accioly, pela 20\u00aa rodada da S\u00e9rie B.<\/p>\n<p data-start=\"1757\" data-end=\"1966\">Foto: Andr\u00e9 Jonsson \/ OFEC<\/p>\n","protected":false},"excerpt":{"rendered":"<p>Defensor de 31 anos retorna ao Fantasma ap\u00f3s passagem pelo futebol iraquiano e assina contrato at\u00e9 o fim de 2027. Joseph est\u00e1 de volta ao Fantasma O Oper\u00e1rio Ferrovi\u00e1rio confirmou nesta quinta-feira (23) a contrata\u00e7\u00e3o do zagueiro Joseph para a disputa da sequ\u00eancia da S\u00e9rie B do Campeonato Brasileiro. Aos 31 anos, o defensor retorna [&hellip;]<\/p>\n","protected":false},"author":17,"featured_media":5242,"comment_status":"open","ping_status":"open","sticky":false,"template":"","format":"standard","meta":{"footnotes":""},"categories":[9],"tags":[921],"class_list":["post-5241","post","type-post","status-publish","format-standard","has-post-thumbnail","hentry","category-esportes","tag-operariopr-fantasma-serieb-joseph-futebol-pontagrossa-campeonatobrasileiro"],"yoast_head":"<!-- This site is optimized with the Yoast SEO plugin v28.1 - https:\/\/yoast.com\/product\/yoast-seo-wordpress\/ -->\n<title>Oper\u00e1rio-PR anuncia retorno do zagueiro Joseph para a sequ\u00eancia da S\u00e9rie B - Mz Not\u00edcias<\/title>\n<meta name=\"description\" content=\"Oper\u00e1rio-PR confirma o retorno do zagueiro Joseph para a sequ\u00eancia da S\u00e9rie B. Defensor de 31 anos assinou contrato at\u00e9 o fim de 2027.\" \/>\n<meta name=\"robots\" content=\"index, follow, max-snippet:-1, max-image-preview:large, max-video-preview:-1\" \/>\n<link rel=\"canonical\" href=\"https:\/\/mznoticia.com.br\/jaguariaiva\/operario-pr-anuncia-retorno-do-zagueiro-joseph-para-a-sequencia-da-serie-b\/\" \/>\n<meta property=\"og:locale\" content=\"pt_BR\" \/>\n<meta property=\"og:type\" content=\"article\" \/>\n<meta property=\"og:title\" content=\"Oper\u00e1rio-PR anuncia retorno do zagueiro Joseph para a sequ\u00eancia da S\u00e9rie B - Mz Not\u00edcias\" \/>\n<meta property=\"og:description\" content=\"Oper\u00e1rio-PR confirma o retorno do zagueiro Joseph para a sequ\u00eancia da S\u00e9rie B. Defensor de 31 anos assinou contrato at\u00e9 o fim de 2027.\" \/>\n<meta property=\"og:url\" content=\"https:\/\/mznoticia.com.br\/jaguariaiva\/operario-pr-anuncia-retorno-do-zagueiro-joseph-para-a-sequencia-da-serie-b\/\" \/>\n<meta property=\"og:site_name\" content=\"Mz Not\u00edcias\" \/>\n<meta property=\"article:publisher\" content=\"https:\/\/www.facebook.com\/profile.php?id=61573479951222\" \/>\n<meta property=\"article:published_time\" content=\"2026-07-23T20:48:47+00:00\" \/>\n<meta property=\"og:image\" content=\"https:\/\/mznoticia.com.br\/jaguariaiva\/wp-content\/uploads\/2026\/07\/joseph.png\" \/>\n\t<meta property=\"og:image:width\" content=\"1200\" \/>\n\t<meta property=\"og:image:height\" content=\"675\" \/>\n\t<meta property=\"og:image:type\" content=\"image\/png\" \/>\n<meta name=\"author\" content=\"redacao mz\" \/>\n<meta name=\"twitter:card\" content=\"summary_large_image\" \/>\n<meta name=\"twitter:label1\" content=\"Escrito por\" \/>\n\t<meta name=\"twitter:data1\" content=\"redacao mz\" \/>\n\t<meta name=\"twitter:label2\" content=\"Est. tempo de leitura\" \/>\n\t<meta name=\"twitter:data2\" content=\"2 minutos\" \/>\n<script type=\"application\/ld+json\" class=\"yoast-schema-graph\">{\"@context\":\"https:\\\/\\\/schema.org\",\"@graph\":[{\"@type\":\"Article\",\"@id\":\"https:\\\/\\\/mznoticia.com.br\\\/jaguariaiva\\\/operario-pr-anuncia-retorno-do-zagueiro-joseph-para-a-sequencia-da-serie-b\\\/#article\",\"isPartOf\":{\"@id\":\"https:\\\/\\\/mznoticia.com.br\\\/jaguariaiva\\\/operario-pr-anuncia-retorno-do-zagueiro-joseph-para-a-sequencia-da-serie-b\\\/\"},\"author\":{\"name\":\"redacao mz\",\"@id\":\"https:\\\/\\\/mznoticia.com.br\\\/jaguariaiva\\\/#\\\/schema\\\/person\\\/9081e3eea38d0f9ff6d13386b9d71916\"},\"headline\":\"Oper\u00e1rio-PR anuncia retorno do zagueiro Joseph para a sequ\u00eancia da S\u00e9rie B\",\"datePublished\":\"2026-07-23T20:48:47+00:00\",\"mainEntityOfPage\":{\"@id\":\"https:\\\/\\\/mznoticia.com.br\\\/jaguariaiva\\\/operario-pr-anuncia-retorno-do-zagueiro-joseph-para-a-sequencia-da-serie-b\\\/\"},\"wordCount\":332,\"commentCount\":0,\"publisher\":{\"@id\":\"https:\\\/\\\/mznoticia.com.br\\\/jaguariaiva\\\/#organization\"},\"image\":{\"@id\":\"https:\\\/\\\/mznoticia.com.br\\\/jaguariaiva\\\/operario-pr-anuncia-retorno-do-zagueiro-joseph-para-a-sequencia-da-serie-b\\\/#primaryimage\"},\"thumbnailUrl\":\"https:\\\/\\\/mznoticia.com.br\\\/jaguariaiva\\\/wp-content\\\/uploads\\\/2026\\\/07\\\/joseph.png\",\"keywords\":[\"#Oper\u00e1rioPR #Fantasma #S\u00e9rieB #Joseph #Futebol #PontaGrossa #CampeonatoBrasileiro\"],\"articleSection\":[\"Esportes\"],\"inLanguage\":\"pt-BR\",\"potentialAction\":[{\"@type\":\"CommentAction\",\"name\":\"Comment\",\"target\":[\"https:\\\/\\\/mznoticia.com.br\\\/jaguariaiva\\\/operario-pr-anuncia-retorno-do-zagueiro-joseph-para-a-sequencia-da-serie-b\\\/#respond\"]}]},{\"@type\":\"WebPage\",\"@id\":\"https:\\\/\\\/mznoticia.com.br\\\/jaguariaiva\\\/operario-pr-anuncia-retorno-do-zagueiro-joseph-para-a-sequencia-da-serie-b\\\/\",\"url\":\"https:\\\/\\\/mznoticia.com.br\\\/jaguariaiva\\\/operario-pr-anuncia-retorno-do-zagueiro-joseph-para-a-sequencia-da-serie-b\\\/\",\"name\":\"Oper\u00e1rio-PR anuncia retorno do zagueiro Joseph para a sequ\u00eancia da S\u00e9rie B - Mz Not\u00edcias\",\"isPartOf\":{\"@id\":\"https:\\\/\\\/mznoticia.com.br\\\/jaguariaiva\\\/#website\"},\"primaryImageOfPage\":{\"@id\":\"https:\\\/\\\/mznoticia.com.br\\\/jaguariaiva\\\/operario-pr-anuncia-retorno-do-zagueiro-joseph-para-a-sequencia-da-serie-b\\\/#primaryimage\"},\"image\":{\"@id\":\"https:\\\/\\\/mznoticia.com.br\\\/jaguariaiva\\\/operario-pr-anuncia-retorno-do-zagueiro-joseph-para-a-sequencia-da-serie-b\\\/#primaryimage\"},\"thumbnailUrl\":\"https:\\\/\\\/mznoticia.com.br\\\/jaguariaiva\\\/wp-content\\\/uploads\\\/2026\\\/07\\\/joseph.png\",\"datePublished\":\"2026-07-23T20:48:47+00:00\",\"description\":\"Oper\u00e1rio-PR confirma o retorno do zagueiro Joseph para a sequ\u00eancia da S\u00e9rie B. Defensor de 31 anos assinou contrato at\u00e9 o fim de 2027.\",\"breadcrumb\":{\"@id\":\"https:\\\/\\\/mznoticia.com.br\\\/jaguariaiva\\\/operario-pr-anuncia-retorno-do-zagueiro-joseph-para-a-sequencia-da-serie-b\\\/#breadcrumb\"},\"inLanguage\":\"pt-BR\",\"potentialAction\":[{\"@type\":\"ReadAction\",\"target\":[\"https:\\\/\\\/mznoticia.com.br\\\/jaguariaiva\\\/operario-pr-anuncia-retorno-do-zagueiro-joseph-para-a-sequencia-da-serie-b\\\/\"]}]},{\"@type\":\"ImageObject\",\"inLanguage\":\"pt-BR\",\"@id\":\"https:\\\/\\\/mznoticia.com.br\\\/jaguariaiva\\\/operario-pr-anuncia-retorno-do-zagueiro-joseph-para-a-sequencia-da-serie-b\\\/#primaryimage\",\"url\":\"https:\\\/\\\/mznoticia.com.br\\\/jaguariaiva\\\/wp-content\\\/uploads\\\/2026\\\/07\\\/joseph.png\",\"contentUrl\":\"https:\\\/\\\/mznoticia.com.br\\\/jaguariaiva\\\/wp-content\\\/uploads\\\/2026\\\/07\\\/joseph.png\",\"width\":1200,\"height\":675},{\"@type\":\"BreadcrumbList\",\"@id\":\"https:\\\/\\\/mznoticia.com.br\\\/jaguariaiva\\\/operario-pr-anuncia-retorno-do-zagueiro-joseph-para-a-sequencia-da-serie-b\\\/#breadcrumb\",\"itemListElement\":[{\"@type\":\"ListItem\",\"position\":1,\"name\":\"Home\",\"item\":\"https:\\\/\\\/mznoticia.com.br\\\/jaguariaiva\\\/\"},{\"@type\":\"ListItem\",\"position\":2,\"name\":\"Oper\u00e1rio-PR anuncia retorno do zagueiro Joseph para a sequ\u00eancia da S\u00e9rie B\"}]},{\"@type\":\"WebSite\",\"@id\":\"https:\\\/\\\/mznoticia.com.br\\\/jaguariaiva\\\/#website\",\"url\":\"https:\\\/\\\/mznoticia.com.br\\\/jaguariaiva\\\/\",\"name\":\"Mz Not\u00edcia\",\"description\":\"A informa\u00e7\u00e3o que voc\u00ea precisa na hora certa!\",\"publisher\":{\"@id\":\"https:\\\/\\\/mznoticia.com.br\\\/jaguariaiva\\\/#organization\"},\"potentialAction\":[{\"@type\":\"SearchAction\",\"target\":{\"@type\":\"EntryPoint\",\"urlTemplate\":\"https:\\\/\\\/mznoticia.com.br\\\/jaguariaiva\\\/?s={search_term_string}\"},\"query-input\":{\"@type\":\"PropertyValueSpecification\",\"valueRequired\":true,\"valueName\":\"search_term_string\"}}],\"inLanguage\":\"pt-BR\"},{\"@type\":\"Organization\",\"@id\":\"https:\\\/\\\/mznoticia.com.br\\\/jaguariaiva\\\/#organization\",\"name\":\"Mz Not\u00edcia\",\"url\":\"https:\\\/\\\/mznoticia.com.br\\\/jaguariaiva\\\/\",\"logo\":{\"@type\":\"ImageObject\",\"inLanguage\":\"pt-BR\",\"@id\":\"https:\\\/\\\/mznoticia.com.br\\\/jaguariaiva\\\/#\\\/schema\\\/logo\\\/image\\\/\",\"url\":\"https:\\\/\\\/mznoticia.com.br\\\/jaguariaiva\\\/wp-content\\\/uploads\\\/2025\\\/03\\\/Design-sem-nome-4-e1741200616392.png\",\"contentUrl\":\"https:\\\/\\\/mznoticia.com.br\\\/jaguariaiva\\\/wp-content\\\/uploads\\\/2025\\\/03\\\/Design-sem-nome-4-e1741200616392.png\",\"width\":750,\"height\":563,\"caption\":\"Mz Not\u00edcia\"},\"image\":{\"@id\":\"https:\\\/\\\/mznoticia.com.br\\\/jaguariaiva\\\/#\\\/schema\\\/logo\\\/image\\\/\"},\"sameAs\":[\"https:\\\/\\\/www.facebook.com\\\/profile.php?id=61573479951222\",\"https:\\\/\\\/www.instagram.com\\\/mz.jaguariaiva\\\/\"]},{\"@type\":\"Person\",\"@id\":\"https:\\\/\\\/mznoticia.com.br\\\/jaguariaiva\\\/#\\\/schema\\\/person\\\/9081e3eea38d0f9ff6d13386b9d71916\",\"name\":\"redacao mz\",\"image\":{\"@type\":\"ImageObject\",\"inLanguage\":\"pt-BR\",\"@id\":\"https:\\\/\\\/mznoticia.com.br\\\/jaguariaiva\\\/wp-content\\\/uploads\\\/2025\\\/02\\\/mznoticia_jaguariaiva_coluna-150x150.png\",\"url\":\"https:\\\/\\\/mznoticia.com.br\\\/jaguariaiva\\\/wp-content\\\/uploads\\\/2025\\\/02\\\/mznoticia_jaguariaiva_coluna-150x150.png\",\"contentUrl\":\"https:\\\/\\\/mznoticia.com.br\\\/jaguariaiva\\\/wp-content\\\/uploads\\\/2025\\\/02\\\/mznoticia_jaguariaiva_coluna-150x150.png\",\"caption\":\"redacao mz\"},\"url\":\"https:\\\/\\\/mznoticia.com.br\\\/jaguariaiva\\\/author\\\/manu\\\/\"}]}<\/script>\n<!-- \/ Yoast SEO plugin. -->","yoast_head_json":{"title":"Oper\u00e1rio-PR anuncia retorno do zagueiro Joseph para a sequ\u00eancia da S\u00e9rie B - Mz Not\u00edcias","description":"Oper\u00e1rio-PR confirma o retorno do zagueiro Joseph para a sequ\u00eancia da S\u00e9rie B. Defensor de 31 anos assinou contrato at\u00e9 o fim de 2027.","robots":{"index":"index","follow":"follow","max-snippet":"max-snippet:-1","max-image-preview":"max-image-preview:large","max-video-preview":"max-video-preview:-1"},"canonical":"https:\/\/mznoticia.com.br\/jaguariaiva\/operario-pr-anuncia-retorno-do-zagueiro-joseph-para-a-sequencia-da-serie-b\/","og_locale":"pt_BR","og_type":"article","og_title":"Oper\u00e1rio-PR anuncia retorno do zagueiro Joseph para a sequ\u00eancia da S\u00e9rie B - Mz Not\u00edcias","og_description":"Oper\u00e1rio-PR confirma o retorno do zagueiro Joseph para a sequ\u00eancia da S\u00e9rie B. Defensor de 31 anos assinou contrato at\u00e9 o fim de 2027.","og_url":"https:\/\/mznoticia.com.br\/jaguariaiva\/operario-pr-anuncia-retorno-do-zagueiro-joseph-para-a-sequencia-da-serie-b\/","og_site_name":"Mz Not\u00edcias","article_publisher":"https:\/\/www.facebook.com\/profile.php?id=61573479951222","article_published_time":"2026-07-23T20:48:47+00:00","og_image":[{"width":1200,"height":675,"url":"https:\/\/mznoticia.com.br\/jaguariaiva\/wp-content\/uploads\/2026\/07\/joseph.png","type":"image\/png"}],"author":"redacao mz","twitter_card":"summary_large_image","twitter_misc":{"Escrito por":"redacao mz","Est. tempo de leitura":"2 minutos"},"schema":{"@context":"https:\/\/schema.org","@graph":[{"@type":"Article","@id":"https:\/\/mznoticia.com.br\/jaguariaiva\/operario-pr-anuncia-retorno-do-zagueiro-joseph-para-a-sequencia-da-serie-b\/#article","isPartOf":{"@id":"https:\/\/mznoticia.com.br\/jaguariaiva\/operario-pr-anuncia-retorno-do-zagueiro-joseph-para-a-sequencia-da-serie-b\/"},"author":{"name":"redacao mz","@id":"https:\/\/mznoticia.com.br\/jaguariaiva\/#\/schema\/person\/9081e3eea38d0f9ff6d13386b9d71916"},"headline":"Oper\u00e1rio-PR anuncia retorno do zagueiro Joseph para a sequ\u00eancia da S\u00e9rie B","datePublished":"2026-07-23T20:48:47+00:00","mainEntityOfPage":{"@id":"https:\/\/mznoticia.com.br\/jaguariaiva\/operario-pr-anuncia-retorno-do-zagueiro-joseph-para-a-sequencia-da-serie-b\/"},"wordCount":332,"commentCount":0,"publisher":{"@id":"https:\/\/mznoticia.com.br\/jaguariaiva\/#organization"},"image":{"@id":"https:\/\/mznoticia.com.br\/jaguariaiva\/operario-pr-anuncia-retorno-do-zagueiro-joseph-para-a-sequencia-da-serie-b\/#primaryimage"},"thumbnailUrl":"https:\/\/mznoticia.com.br\/jaguariaiva\/wp-content\/uploads\/2026\/07\/joseph.png","keywords":["#Oper\u00e1rioPR #Fantasma #S\u00e9rieB #Joseph #Futebol #PontaGrossa #CampeonatoBrasileiro"],"articleSection":["Esportes"],"inLanguage":"pt-BR","potentialAction":[{"@type":"CommentAction","name":"Comment","target":["https:\/\/mznoticia.com.br\/jaguariaiva\/operario-pr-anuncia-retorno-do-zagueiro-joseph-para-a-sequencia-da-serie-b\/#respond"]}]},{"@type":"WebPage","@id":"https:\/\/mznoticia.com.br\/jaguariaiva\/operario-pr-anuncia-retorno-do-zagueiro-joseph-para-a-sequencia-da-serie-b\/","url":"https:\/\/mznoticia.com.br\/jaguariaiva\/operario-pr-anuncia-retorno-do-zagueiro-joseph-para-a-sequencia-da-serie-b\/","name":"Oper\u00e1rio-PR anuncia retorno do zagueiro Joseph para a sequ\u00eancia da S\u00e9rie B - Mz Not\u00edcias","isPartOf":{"@id":"https:\/\/mznoticia.com.br\/jaguariaiva\/#website"},"primaryImageOfPage":{"@id":"https:\/\/mznoticia.com.br\/jaguariaiva\/operario-pr-anuncia-retorno-do-zagueiro-joseph-para-a-sequencia-da-serie-b\/#primaryimage"},"image":{"@id":"https:\/\/mznoticia.com.br\/jaguariaiva\/operario-pr-anuncia-retorno-do-zagueiro-joseph-para-a-sequencia-da-serie-b\/#primaryimage"},"thumbnailUrl":"https:\/\/mznoticia.com.br\/jaguariaiva\/wp-content\/uploads\/2026\/07\/joseph.png","datePublished":"2026-07-23T20:48:47+00:00","description":"Oper\u00e1rio-PR confirma o retorno do zagueiro Joseph para a sequ\u00eancia da S\u00e9rie B. Defensor de 31 anos assinou contrato at\u00e9 o fim de 2027.","breadcrumb":{"@id":"https:\/\/mznoticia.com.br\/jaguariaiva\/operario-pr-anuncia-retorno-do-zagueiro-joseph-para-a-sequencia-da-serie-b\/#breadcrumb"},"inLanguage":"pt-BR","potentialAction":[{"@type":"ReadAction","target":["https:\/\/mznoticia.com.br\/jaguariaiva\/operario-pr-anuncia-retorno-do-zagueiro-joseph-para-a-sequencia-da-serie-b\/"]}]},{"@type":"ImageObject","inLanguage":"pt-BR","@id":"https:\/\/mznoticia.com.br\/jaguariaiva\/operario-pr-anuncia-retorno-do-zagueiro-joseph-para-a-sequencia-da-serie-b\/#primaryimage","url":"https:\/\/mznoticia.com.br\/jaguariaiva\/wp-content\/uploads\/2026\/07\/joseph.png","contentUrl":"https:\/\/mznoticia.com.br\/jaguariaiva\/wp-content\/uploads\/2026\/07\/joseph.png","width":1200,"height":675},{"@type":"BreadcrumbList","@id":"https:\/\/mznoticia.com.br\/jaguariaiva\/operario-pr-anuncia-retorno-do-zagueiro-joseph-para-a-sequencia-da-serie-b\/#breadcrumb","itemListElement":[{"@type":"ListItem","position":1,"name":"Home","item":"https:\/\/mznoticia.com.br\/jaguariaiva\/"},{"@type":"ListItem","position":2,"name":"Oper\u00e1rio-PR anuncia retorno do zagueiro Joseph para a sequ\u00eancia da S\u00e9rie B"}]},{"@type":"WebSite","@id":"https:\/\/mznoticia.com.br\/jaguariaiva\/#website","url":"https:\/\/mznoticia.com.br\/jaguariaiva\/","name":"Mz Not\u00edcia","description":"A informa\u00e7\u00e3o que voc\u00ea precisa na hora certa!","publisher":{"@id":"https:\/\/mznoticia.com.br\/jaguariaiva\/#organization"},"potentialAction":[{"@type":"SearchAction","target":{"@type":"EntryPoint","urlTemplate":"https:\/\/mznoticia.com.br\/jaguariaiva\/?s={search_term_string}"},"query-input":{"@type":"PropertyValueSpecification","valueRequired":true,"valueName":"search_term_string"}}],"inLanguage":"pt-BR"},{"@type":"Organization","@id":"https:\/\/mznoticia.com.br\/jaguariaiva\/#organization","name":"Mz Not\u00edcia","url":"https:\/\/mznoticia.com.br\/jaguariaiva\/","logo":{"@type":"ImageObject","inLanguage":"pt-BR","@id":"https:\/\/mznoticia.com.br\/jaguariaiva\/#\/schema\/logo\/image\/","url":"https:\/\/mznoticia.com.br\/jaguariaiva\/wp-content\/uploads\/2025\/03\/Design-sem-nome-4-e1741200616392.png","contentUrl":"https:\/\/mznoticia.com.br\/jaguariaiva\/wp-content\/uploads\/2025\/03\/Design-sem-nome-4-e1741200616392.png","width":750,"height":563,"caption":"Mz Not\u00edcia"},"image":{"@id":"https:\/\/mznoticia.com.br\/jaguariaiva\/#\/schema\/logo\/image\/"},"sameAs":["https:\/\/www.facebook.com\/profile.php?id=61573479951222","https:\/\/www.instagram.com\/mz.jaguariaiva\/"]},{"@type":"Person","@id":"https:\/\/mznoticia.com.br\/jaguariaiva\/#\/schema\/person\/9081e3eea38d0f9ff6d13386b9d71916","name":"redacao mz","image":{"@type":"ImageObject","inLanguage":"pt-BR","@id":"https:\/\/mznoticia.com.br\/jaguariaiva\/wp-content\/uploads\/2025\/02\/mznoticia_jaguariaiva_coluna-150x150.png","url":"https:\/\/mznoticia.com.br\/jaguariaiva\/wp-content\/uploads\/2025\/02\/mznoticia_jaguariaiva_coluna-150x150.png","contentUrl":"https:\/\/mznoticia.com.br\/jaguariaiva\/wp-content\/uploads\/2025\/02\/mznoticia_jaguariaiva_coluna-150x150.png","caption":"redacao mz"},"url":"https:\/\/mznoticia.com.br\/jaguariaiva\/author\/manu\/"}]}},"_links":{"self":[{"href":"https:\/\/mznoticia.com.br\/jaguariaiva\/wp-json\/wp\/v2\/posts\/5241","targetHints":{"allow":["GET"]}}],"collection":[{"href":"https:\/\/mznoticia.com.br\/jaguariaiva\/wp-json\/wp\/v2\/posts"}],"about":[{"href":"https:\/\/mznoticia.com.br\/jaguariaiva\/wp-json\/wp\/v2\/types\/post"}],"author":[{"embeddable":true,"href":"https:\/\/mznoticia.com.br\/jaguariaiva\/wp-json\/wp\/v2\/users\/17"}],"replies":[{"embeddable":true,"href":"https:\/\/mznoticia.com.br\/jaguariaiva\/wp-json\/wp\/v2\/comments?post=5241"}],"version-history":[{"count":1,"href":"https:\/\/mznoticia.com.br\/jaguariaiva\/wp-json\/wp\/v2\/posts\/5241\/revisions"}],"predecessor-version":[{"id":5243,"href":"https:\/\/mznoticia.com.br\/jaguariaiva\/wp-json\/wp\/v2\/posts\/5241\/revisions\/5243"}],"wp:featuredmedia":[{"embeddable":true,"href":"https:\/\/mznoticia.com.br\/jaguariaiva\/wp-json\/wp\/v2\/media\/5242"}],"wp:attachment":[{"href":"https:\/\/mznoticia.com.br\/jaguariaiva\/wp-json\/wp\/v2\/media?parent=5241"}],"wp:term":[{"taxonomy":"category","embeddable":true,"href":"https:\/\/mznoticia.com.br\/jaguariaiva\/wp-json\/wp\/v2\/categories?post=5241"},{"taxonomy":"post_tag","embeddable":true,"href":"https:\/\/mznoticia.com.br\/jaguariaiva\/wp-json\/wp\/v2\/tags?post=5241"}],"curies":[{"name":"wp","href":"https:\/\/api.w.org\/{rel}","templated":true}]}}