{"id":5244,"date":"2026-07-23T21:41:58","date_gmt":"2026-07-23T21:41:58","guid":{"rendered":"https:\/\/mznoticia.com.br\/jaguariaiva\/?p=5244"},"modified":"2026-07-23T21:41:58","modified_gmt":"2026-07-23T21:41:58","slug":"bebe-de-1-ano-morre-apos-prender-a-cabeca-em-grade-de-creche-em-sao-paulo","status":"publish","type":"post","link":"https:\/\/mznoticia.com.br\/jaguariaiva\/bebe-de-1-ano-morre-apos-prender-a-cabeca-em-grade-de-creche-em-sao-paulo\/","title":{"rendered":"Beb\u00ea de 1 ano morre ap\u00f3s prender a cabe\u00e7a em grade de creche em S\u00e3o Paulo"},"content":{"rendered":"<p class=\"PDq2pG_selectionAnchorContainer\" data-start=\"87\" data-end=\"256\">Crian\u00e7a de 1 ano e 4 meses ficou cerca de sete minutos presa durante uma atividade recreativa; Pol\u00edcia Civil investiga cinco funcion\u00e1rios da institui\u00e7\u00e3o.<\/p>\n<h3 data-section-id=\"axq9kh\" data-start=\"258\" data-end=\"300\">Trag\u00e9dia em creche da capital paulista<\/h3>\n<p data-start=\"302\" data-end=\"549\">Um beb\u00ea de <strong data-start=\"313\" data-end=\"332\">1 ano e 4 meses<\/strong> morreu ap\u00f3s prender a cabe\u00e7a em uma grade durante uma atividade recreativa na <strong data-start=\"411\" data-end=\"433\">Creche Luz do Br\u00e1s<\/strong>, na regi\u00e3o central de S\u00e3o Paulo. O caso aconteceu na manh\u00e3 de quarta-feira (22) e \u00e9 investigado pela Pol\u00edcia Civil.<\/p>\n<p data-start=\"551\" data-end=\"761\">Segundo a Secretaria da Seguran\u00e7a P\u00fablica de S\u00e3o Paulo (SSP), cinco funcion\u00e1rios da unidade est\u00e3o sendo investigados: a diretora, a coordenadora, uma professora, uma pedagoga e outro colaborador da institui\u00e7\u00e3o.<\/p>\n<h3 data-section-id=\"yowjem\" data-start=\"763\" data-end=\"812\">Crian\u00e7a ficou presa por cerca de sete minutos<\/h3>\n<p data-start=\"814\" data-end=\"995\">De acordo com o boletim de ocorr\u00eancia, o beb\u00ea se aproximou de uma grade instalada ao lado de uma parede e acabou ficando com a cabe\u00e7a presa entre a estrutura met\u00e1lica e a alvenaria.<\/p>\n<p data-start=\"997\" data-end=\"1117\">A crian\u00e7a permaneceu nessa situa\u00e7\u00e3o por aproximadamente <strong data-start=\"1053\" data-end=\"1069\">sete minutos<\/strong>, at\u00e9 ser retirada pelos funcion\u00e1rios da creche.<\/p>\n<p data-start=\"1119\" data-end=\"1327\">Ap\u00f3s o resgate, policiais militares que realizavam patrulhamento na regi\u00e3o auxiliaram no atendimento. O beb\u00ea foi encaminhado em estado grave para a Unidade de Pronto Atendimento (UPA) Mooca, mas n\u00e3o resistiu.<\/p>\n<h3 data-section-id=\"jzc0ze\" data-start=\"1329\" data-end=\"1364\">Pol\u00edcia apura responsabilidades<\/h3>\n<p data-start=\"1366\" data-end=\"1502\">O caso foi registrado como <strong data-start=\"1393\" data-end=\"1414\">homic\u00eddio culposo<\/strong>, quando n\u00e3o h\u00e1 inten\u00e7\u00e3o de matar, e \u00e9 investigado pelo <strong data-start=\"1470\" data-end=\"1501\">8\u00ba Distrito Policial (Br\u00e1s)<\/strong>.<\/p>\n<p data-start=\"1504\" data-end=\"1673\">A Pol\u00edcia Civil solicitou per\u00edcia ao Instituto de Criminal\u00edstica (IC) e exames ao Instituto M\u00e9dico Legal (IML), que devem ajudar a esclarecer as circunst\u00e2ncias da morte.<\/p>\n<h3 data-section-id=\"1jgv22m\" data-start=\"1675\" data-end=\"1706\">Prefeitura acompanha o caso<\/h3>\n<p data-start=\"1708\" data-end=\"1926\">Em nota, a Secretaria Municipal de Educa\u00e7\u00e3o informou que est\u00e1 prestando assist\u00eancia \u00e0 fam\u00edlia da crian\u00e7a, colaborando com as investiga\u00e7\u00f5es e que adotar\u00e1 as medidas administrativas cab\u00edveis ap\u00f3s a conclus\u00e3o da apura\u00e7\u00e3o.<\/p>\n","protected":false},"excerpt":{"rendered":"<p>Crian\u00e7a de 1 ano e 4 meses ficou cerca de sete minutos presa durante uma atividade recreativa; Pol\u00edcia Civil investiga cinco funcion\u00e1rios da institui\u00e7\u00e3o. Trag\u00e9dia em creche da capital paulista Um beb\u00ea de 1 ano e 4 meses morreu ap\u00f3s prender a cabe\u00e7a em uma grade durante uma atividade recreativa na Creche Luz do Br\u00e1s, [&hellip;]<\/p>\n","protected":false},"author":17,"featured_media":5245,"comment_status":"open","ping_status":"open","sticky":false,"template":"","format":"standard","meta":{"footnotes":""},"categories":[5,12],"tags":[922],"class_list":["post-5244","post","type-post","status-publish","format-standard","has-post-thumbnail","hentry","category-brasil","category-geral","tag-saopaulo-creche-policiacivil-investigacao-seguranca-educacao-mznoticias"],"yoast_head":"<!-- This site is optimized with the Yoast SEO plugin v28.1 - https:\/\/yoast.com\/product\/yoast-seo-wordpress\/ -->\n<title>Beb\u00ea de 1 ano morre ap\u00f3s prender a cabe\u00e7a em grade de creche em S\u00e3o Paulo - Mz Not\u00edcias<\/title>\n<meta name=\"description\" content=\"Beb\u00ea de 1 ano e 4 meses morreu ap\u00f3s prender a cabe\u00e7a em uma grade de creche em S\u00e3o Paulo. Pol\u00edcia Civil investiga cinco funcion\u00e1rios da institui\u00e7\u00e3o.Palavra-chave: beb\u00ea morre em creche S\u00e3o Paulo\" \/>\n<meta name=\"robots\" content=\"index, follow, max-snippet:-1, max-image-preview:large, max-video-preview:-1\" \/>\n<link rel=\"canonical\" href=\"https:\/\/mznoticia.com.br\/jaguariaiva\/bebe-de-1-ano-morre-apos-prender-a-cabeca-em-grade-de-creche-em-sao-paulo\/\" \/>\n<meta property=\"og:locale\" content=\"pt_BR\" \/>\n<meta property=\"og:type\" content=\"article\" \/>\n<meta property=\"og:title\" content=\"Beb\u00ea de 1 ano morre ap\u00f3s prender a cabe\u00e7a em grade de creche em S\u00e3o Paulo - Mz Not\u00edcias\" \/>\n<meta property=\"og:description\" content=\"Beb\u00ea de 1 ano e 4 meses morreu ap\u00f3s prender a cabe\u00e7a em uma grade de creche em S\u00e3o Paulo. Pol\u00edcia Civil investiga cinco funcion\u00e1rios da institui\u00e7\u00e3o.Palavra-chave: beb\u00ea morre em creche S\u00e3o Paulo\" \/>\n<meta property=\"og:url\" content=\"https:\/\/mznoticia.com.br\/jaguariaiva\/bebe-de-1-ano-morre-apos-prender-a-cabeca-em-grade-de-creche-em-sao-paulo\/\" \/>\n<meta property=\"og:site_name\" content=\"Mz Not\u00edcias\" \/>\n<meta property=\"article:publisher\" content=\"https:\/\/www.facebook.com\/profile.php?id=61573479951222\" \/>\n<meta property=\"article:published_time\" content=\"2026-07-23T21:41:58+00:00\" \/>\n<meta property=\"og:image\" content=\"https:\/\/mznoticia.com.br\/jaguariaiva\/wp-content\/uploads\/2026\/07\/bebe.webp\" \/>\n\t<meta property=\"og:image:width\" content=\"1024\" \/>\n\t<meta property=\"og:image:height\" content=\"614\" \/>\n\t<meta property=\"og:image:type\" content=\"image\/webp\" \/>\n<meta name=\"author\" content=\"redacao mz\" \/>\n<meta name=\"twitter:card\" content=\"summary_large_image\" \/>\n<meta name=\"twitter:label1\" content=\"Escrito por\" \/>\n\t<meta name=\"twitter:data1\" content=\"redacao mz\" \/>\n\t<meta name=\"twitter:label2\" content=\"Est. tempo de leitura\" \/>\n\t<meta name=\"twitter:data2\" content=\"2 minutos\" \/>\n<script type=\"application\/ld+json\" class=\"yoast-schema-graph\">{\"@context\":\"https:\\\/\\\/schema.org\",\"@graph\":[{\"@type\":\"Article\",\"@id\":\"https:\\\/\\\/mznoticia.com.br\\\/jaguariaiva\\\/bebe-de-1-ano-morre-apos-prender-a-cabeca-em-grade-de-creche-em-sao-paulo\\\/#article\",\"isPartOf\":{\"@id\":\"https:\\\/\\\/mznoticia.com.br\\\/jaguariaiva\\\/bebe-de-1-ano-morre-apos-prender-a-cabeca-em-grade-de-creche-em-sao-paulo\\\/\"},\"author\":{\"name\":\"redacao mz\",\"@id\":\"https:\\\/\\\/mznoticia.com.br\\\/jaguariaiva\\\/#\\\/schema\\\/person\\\/9081e3eea38d0f9ff6d13386b9d71916\"},\"headline\":\"Beb\u00ea de 1 ano morre ap\u00f3s prender a cabe\u00e7a em grade de creche em S\u00e3o Paulo\",\"datePublished\":\"2026-07-23T21:41:58+00:00\",\"mainEntityOfPage\":{\"@id\":\"https:\\\/\\\/mznoticia.com.br\\\/jaguariaiva\\\/bebe-de-1-ano-morre-apos-prender-a-cabeca-em-grade-de-creche-em-sao-paulo\\\/\"},\"wordCount\":335,\"commentCount\":0,\"publisher\":{\"@id\":\"https:\\\/\\\/mznoticia.com.br\\\/jaguariaiva\\\/#organization\"},\"image\":{\"@id\":\"https:\\\/\\\/mznoticia.com.br\\\/jaguariaiva\\\/bebe-de-1-ano-morre-apos-prender-a-cabeca-em-grade-de-creche-em-sao-paulo\\\/#primaryimage\"},\"thumbnailUrl\":\"https:\\\/\\\/mznoticia.com.br\\\/jaguariaiva\\\/wp-content\\\/uploads\\\/2026\\\/07\\\/bebe.webp\",\"keywords\":[\"#S\u00e3oPaulo #Creche #Pol\u00edciaCivil #Investiga\u00e7\u00e3o #Seguran\u00e7a #Educa\u00e7\u00e3o #MZNot\u00edcias\"],\"articleSection\":[\"Brasil\",\"Geral\"],\"inLanguage\":\"pt-BR\",\"potentialAction\":[{\"@type\":\"CommentAction\",\"name\":\"Comment\",\"target\":[\"https:\\\/\\\/mznoticia.com.br\\\/jaguariaiva\\\/bebe-de-1-ano-morre-apos-prender-a-cabeca-em-grade-de-creche-em-sao-paulo\\\/#respond\"]}]},{\"@type\":\"WebPage\",\"@id\":\"https:\\\/\\\/mznoticia.com.br\\\/jaguariaiva\\\/bebe-de-1-ano-morre-apos-prender-a-cabeca-em-grade-de-creche-em-sao-paulo\\\/\",\"url\":\"https:\\\/\\\/mznoticia.com.br\\\/jaguariaiva\\\/bebe-de-1-ano-morre-apos-prender-a-cabeca-em-grade-de-creche-em-sao-paulo\\\/\",\"name\":\"Beb\u00ea de 1 ano morre ap\u00f3s prender a cabe\u00e7a em grade de creche em S\u00e3o Paulo - Mz Not\u00edcias\",\"isPartOf\":{\"@id\":\"https:\\\/\\\/mznoticia.com.br\\\/jaguariaiva\\\/#website\"},\"primaryImageOfPage\":{\"@id\":\"https:\\\/\\\/mznoticia.com.br\\\/jaguariaiva\\\/bebe-de-1-ano-morre-apos-prender-a-cabeca-em-grade-de-creche-em-sao-paulo\\\/#primaryimage\"},\"image\":{\"@id\":\"https:\\\/\\\/mznoticia.com.br\\\/jaguariaiva\\\/bebe-de-1-ano-morre-apos-prender-a-cabeca-em-grade-de-creche-em-sao-paulo\\\/#primaryimage\"},\"thumbnailUrl\":\"https:\\\/\\\/mznoticia.com.br\\\/jaguariaiva\\\/wp-content\\\/uploads\\\/2026\\\/07\\\/bebe.webp\",\"datePublished\":\"2026-07-23T21:41:58+00:00\",\"description\":\"Beb\u00ea de 1 ano e 4 meses morreu ap\u00f3s prender a cabe\u00e7a em uma grade de creche em S\u00e3o Paulo. Pol\u00edcia Civil investiga cinco funcion\u00e1rios da institui\u00e7\u00e3o.Palavra-chave: beb\u00ea morre em creche S\u00e3o Paulo\",\"breadcrumb\":{\"@id\":\"https:\\\/\\\/mznoticia.com.br\\\/jaguariaiva\\\/bebe-de-1-ano-morre-apos-prender-a-cabeca-em-grade-de-creche-em-sao-paulo\\\/#breadcrumb\"},\"inLanguage\":\"pt-BR\",\"potentialAction\":[{\"@type\":\"ReadAction\",\"target\":[\"https:\\\/\\\/mznoticia.com.br\\\/jaguariaiva\\\/bebe-de-1-ano-morre-apos-prender-a-cabeca-em-grade-de-creche-em-sao-paulo\\\/\"]}]},{\"@type\":\"ImageObject\",\"inLanguage\":\"pt-BR\",\"@id\":\"https:\\\/\\\/mznoticia.com.br\\\/jaguariaiva\\\/bebe-de-1-ano-morre-apos-prender-a-cabeca-em-grade-de-creche-em-sao-paulo\\\/#primaryimage\",\"url\":\"https:\\\/\\\/mznoticia.com.br\\\/jaguariaiva\\\/wp-content\\\/uploads\\\/2026\\\/07\\\/bebe.webp\",\"contentUrl\":\"https:\\\/\\\/mznoticia.com.br\\\/jaguariaiva\\\/wp-content\\\/uploads\\\/2026\\\/07\\\/bebe.webp\",\"width\":1024,\"height\":614},{\"@type\":\"BreadcrumbList\",\"@id\":\"https:\\\/\\\/mznoticia.com.br\\\/jaguariaiva\\\/bebe-de-1-ano-morre-apos-prender-a-cabeca-em-grade-de-creche-em-sao-paulo\\\/#breadcrumb\",\"itemListElement\":[{\"@type\":\"ListItem\",\"position\":1,\"name\":\"Home\",\"item\":\"https:\\\/\\\/mznoticia.com.br\\\/jaguariaiva\\\/\"},{\"@type\":\"ListItem\",\"position\":2,\"name\":\"Beb\u00ea de 1 ano morre ap\u00f3s prender a cabe\u00e7a em grade de creche em S\u00e3o Paulo\"}]},{\"@type\":\"WebSite\",\"@id\":\"https:\\\/\\\/mznoticia.com.br\\\/jaguariaiva\\\/#website\",\"url\":\"https:\\\/\\\/mznoticia.com.br\\\/jaguariaiva\\\/\",\"name\":\"Mz Not\u00edcia\",\"description\":\"A informa\u00e7\u00e3o que voc\u00ea precisa na hora certa!\",\"publisher\":{\"@id\":\"https:\\\/\\\/mznoticia.com.br\\\/jaguariaiva\\\/#organization\"},\"potentialAction\":[{\"@type\":\"SearchAction\",\"target\":{\"@type\":\"EntryPoint\",\"urlTemplate\":\"https:\\\/\\\/mznoticia.com.br\\\/jaguariaiva\\\/?s={search_term_string}\"},\"query-input\":{\"@type\":\"PropertyValueSpecification\",\"valueRequired\":true,\"valueName\":\"search_term_string\"}}],\"inLanguage\":\"pt-BR\"},{\"@type\":\"Organization\",\"@id\":\"https:\\\/\\\/mznoticia.com.br\\\/jaguariaiva\\\/#organization\",\"name\":\"Mz Not\u00edcia\",\"url\":\"https:\\\/\\\/mznoticia.com.br\\\/jaguariaiva\\\/\",\"logo\":{\"@type\":\"ImageObject\",\"inLanguage\":\"pt-BR\",\"@id\":\"https:\\\/\\\/mznoticia.com.br\\\/jaguariaiva\\\/#\\\/schema\\\/logo\\\/image\\\/\",\"url\":\"https:\\\/\\\/mznoticia.com.br\\\/jaguariaiva\\\/wp-content\\\/uploads\\\/2025\\\/03\\\/Design-sem-nome-4-e1741200616392.png\",\"contentUrl\":\"https:\\\/\\\/mznoticia.com.br\\\/jaguariaiva\\\/wp-content\\\/uploads\\\/2025\\\/03\\\/Design-sem-nome-4-e1741200616392.png\",\"width\":750,\"height\":563,\"caption\":\"Mz Not\u00edcia\"},\"image\":{\"@id\":\"https:\\\/\\\/mznoticia.com.br\\\/jaguariaiva\\\/#\\\/schema\\\/logo\\\/image\\\/\"},\"sameAs\":[\"https:\\\/\\\/www.facebook.com\\\/profile.php?id=61573479951222\",\"https:\\\/\\\/www.instagram.com\\\/mz.jaguariaiva\\\/\"]},{\"@type\":\"Person\",\"@id\":\"https:\\\/\\\/mznoticia.com.br\\\/jaguariaiva\\\/#\\\/schema\\\/person\\\/9081e3eea38d0f9ff6d13386b9d71916\",\"name\":\"redacao mz\",\"image\":{\"@type\":\"ImageObject\",\"inLanguage\":\"pt-BR\",\"@id\":\"https:\\\/\\\/mznoticia.com.br\\\/jaguariaiva\\\/wp-content\\\/uploads\\\/2025\\\/02\\\/mznoticia_jaguariaiva_coluna-150x150.png\",\"url\":\"https:\\\/\\\/mznoticia.com.br\\\/jaguariaiva\\\/wp-content\\\/uploads\\\/2025\\\/02\\\/mznoticia_jaguariaiva_coluna-150x150.png\",\"contentUrl\":\"https:\\\/\\\/mznoticia.com.br\\\/jaguariaiva\\\/wp-content\\\/uploads\\\/2025\\\/02\\\/mznoticia_jaguariaiva_coluna-150x150.png\",\"caption\":\"redacao mz\"},\"url\":\"https:\\\/\\\/mznoticia.com.br\\\/jaguariaiva\\\/author\\\/manu\\\/\"}]}<\/script>\n<!-- \/ Yoast SEO plugin. -->","yoast_head_json":{"title":"Beb\u00ea de 1 ano morre ap\u00f3s prender a cabe\u00e7a em grade de creche em S\u00e3o Paulo - Mz Not\u00edcias","description":"Beb\u00ea de 1 ano e 4 meses morreu ap\u00f3s prender a cabe\u00e7a em uma grade de creche em S\u00e3o Paulo. Pol\u00edcia Civil investiga cinco funcion\u00e1rios da institui\u00e7\u00e3o.Palavra-chave: beb\u00ea morre em creche S\u00e3o Paulo","robots":{"index":"index","follow":"follow","max-snippet":"max-snippet:-1","max-image-preview":"max-image-preview:large","max-video-preview":"max-video-preview:-1"},"canonical":"https:\/\/mznoticia.com.br\/jaguariaiva\/bebe-de-1-ano-morre-apos-prender-a-cabeca-em-grade-de-creche-em-sao-paulo\/","og_locale":"pt_BR","og_type":"article","og_title":"Beb\u00ea de 1 ano morre ap\u00f3s prender a cabe\u00e7a em grade de creche em S\u00e3o Paulo - Mz Not\u00edcias","og_description":"Beb\u00ea de 1 ano e 4 meses morreu ap\u00f3s prender a cabe\u00e7a em uma grade de creche em S\u00e3o Paulo. Pol\u00edcia Civil investiga cinco funcion\u00e1rios da institui\u00e7\u00e3o.Palavra-chave: beb\u00ea morre em creche S\u00e3o Paulo","og_url":"https:\/\/mznoticia.com.br\/jaguariaiva\/bebe-de-1-ano-morre-apos-prender-a-cabeca-em-grade-de-creche-em-sao-paulo\/","og_site_name":"Mz Not\u00edcias","article_publisher":"https:\/\/www.facebook.com\/profile.php?id=61573479951222","article_published_time":"2026-07-23T21:41:58+00:00","og_image":[{"width":1024,"height":614,"url":"https:\/\/mznoticia.com.br\/jaguariaiva\/wp-content\/uploads\/2026\/07\/bebe.webp","type":"image\/webp"}],"author":"redacao mz","twitter_card":"summary_large_image","twitter_misc":{"Escrito por":"redacao mz","Est. tempo de leitura":"2 minutos"},"schema":{"@context":"https:\/\/schema.org","@graph":[{"@type":"Article","@id":"https:\/\/mznoticia.com.br\/jaguariaiva\/bebe-de-1-ano-morre-apos-prender-a-cabeca-em-grade-de-creche-em-sao-paulo\/#article","isPartOf":{"@id":"https:\/\/mznoticia.com.br\/jaguariaiva\/bebe-de-1-ano-morre-apos-prender-a-cabeca-em-grade-de-creche-em-sao-paulo\/"},"author":{"name":"redacao mz","@id":"https:\/\/mznoticia.com.br\/jaguariaiva\/#\/schema\/person\/9081e3eea38d0f9ff6d13386b9d71916"},"headline":"Beb\u00ea de 1 ano morre ap\u00f3s prender a cabe\u00e7a em grade de creche em S\u00e3o Paulo","datePublished":"2026-07-23T21:41:58+00:00","mainEntityOfPage":{"@id":"https:\/\/mznoticia.com.br\/jaguariaiva\/bebe-de-1-ano-morre-apos-prender-a-cabeca-em-grade-de-creche-em-sao-paulo\/"},"wordCount":335,"commentCount":0,"publisher":{"@id":"https:\/\/mznoticia.com.br\/jaguariaiva\/#organization"},"image":{"@id":"https:\/\/mznoticia.com.br\/jaguariaiva\/bebe-de-1-ano-morre-apos-prender-a-cabeca-em-grade-de-creche-em-sao-paulo\/#primaryimage"},"thumbnailUrl":"https:\/\/mznoticia.com.br\/jaguariaiva\/wp-content\/uploads\/2026\/07\/bebe.webp","keywords":["#S\u00e3oPaulo #Creche #Pol\u00edciaCivil #Investiga\u00e7\u00e3o #Seguran\u00e7a #Educa\u00e7\u00e3o #MZNot\u00edcias"],"articleSection":["Brasil","Geral"],"inLanguage":"pt-BR","potentialAction":[{"@type":"CommentAction","name":"Comment","target":["https:\/\/mznoticia.com.br\/jaguariaiva\/bebe-de-1-ano-morre-apos-prender-a-cabeca-em-grade-de-creche-em-sao-paulo\/#respond"]}]},{"@type":"WebPage","@id":"https:\/\/mznoticia.com.br\/jaguariaiva\/bebe-de-1-ano-morre-apos-prender-a-cabeca-em-grade-de-creche-em-sao-paulo\/","url":"https:\/\/mznoticia.com.br\/jaguariaiva\/bebe-de-1-ano-morre-apos-prender-a-cabeca-em-grade-de-creche-em-sao-paulo\/","name":"Beb\u00ea de 1 ano morre ap\u00f3s prender a cabe\u00e7a em grade de creche em S\u00e3o Paulo - Mz Not\u00edcias","isPartOf":{"@id":"https:\/\/mznoticia.com.br\/jaguariaiva\/#website"},"primaryImageOfPage":{"@id":"https:\/\/mznoticia.com.br\/jaguariaiva\/bebe-de-1-ano-morre-apos-prender-a-cabeca-em-grade-de-creche-em-sao-paulo\/#primaryimage"},"image":{"@id":"https:\/\/mznoticia.com.br\/jaguariaiva\/bebe-de-1-ano-morre-apos-prender-a-cabeca-em-grade-de-creche-em-sao-paulo\/#primaryimage"},"thumbnailUrl":"https:\/\/mznoticia.com.br\/jaguariaiva\/wp-content\/uploads\/2026\/07\/bebe.webp","datePublished":"2026-07-23T21:41:58+00:00","description":"Beb\u00ea de 1 ano e 4 meses morreu ap\u00f3s prender a cabe\u00e7a em uma grade de creche em S\u00e3o Paulo. Pol\u00edcia Civil investiga cinco funcion\u00e1rios da institui\u00e7\u00e3o.Palavra-chave: beb\u00ea morre em creche S\u00e3o Paulo","breadcrumb":{"@id":"https:\/\/mznoticia.com.br\/jaguariaiva\/bebe-de-1-ano-morre-apos-prender-a-cabeca-em-grade-de-creche-em-sao-paulo\/#breadcrumb"},"inLanguage":"pt-BR","potentialAction":[{"@type":"ReadAction","target":["https:\/\/mznoticia.com.br\/jaguariaiva\/bebe-de-1-ano-morre-apos-prender-a-cabeca-em-grade-de-creche-em-sao-paulo\/"]}]},{"@type":"ImageObject","inLanguage":"pt-BR","@id":"https:\/\/mznoticia.com.br\/jaguariaiva\/bebe-de-1-ano-morre-apos-prender-a-cabeca-em-grade-de-creche-em-sao-paulo\/#primaryimage","url":"https:\/\/mznoticia.com.br\/jaguariaiva\/wp-content\/uploads\/2026\/07\/bebe.webp","contentUrl":"https:\/\/mznoticia.com.br\/jaguariaiva\/wp-content\/uploads\/2026\/07\/bebe.webp","width":1024,"height":614},{"@type":"BreadcrumbList","@id":"https:\/\/mznoticia.com.br\/jaguariaiva\/bebe-de-1-ano-morre-apos-prender-a-cabeca-em-grade-de-creche-em-sao-paulo\/#breadcrumb","itemListElement":[{"@type":"ListItem","position":1,"name":"Home","item":"https:\/\/mznoticia.com.br\/jaguariaiva\/"},{"@type":"ListItem","position":2,"name":"Beb\u00ea de 1 ano morre ap\u00f3s prender a cabe\u00e7a em grade de creche em S\u00e3o Paulo"}]},{"@type":"WebSite","@id":"https:\/\/mznoticia.com.br\/jaguariaiva\/#website","url":"https:\/\/mznoticia.com.br\/jaguariaiva\/","name":"Mz Not\u00edcia","description":"A informa\u00e7\u00e3o que voc\u00ea precisa na hora certa!","publisher":{"@id":"https:\/\/mznoticia.com.br\/jaguariaiva\/#organization"},"potentialAction":[{"@type":"SearchAction","target":{"@type":"EntryPoint","urlTemplate":"https:\/\/mznoticia.com.br\/jaguariaiva\/?s={search_term_string}"},"query-input":{"@type":"PropertyValueSpecification","valueRequired":true,"valueName":"search_term_string"}}],"inLanguage":"pt-BR"},{"@type":"Organization","@id":"https:\/\/mznoticia.com.br\/jaguariaiva\/#organization","name":"Mz Not\u00edcia","url":"https:\/\/mznoticia.com.br\/jaguariaiva\/","logo":{"@type":"ImageObject","inLanguage":"pt-BR","@id":"https:\/\/mznoticia.com.br\/jaguariaiva\/#\/schema\/logo\/image\/","url":"https:\/\/mznoticia.com.br\/jaguariaiva\/wp-content\/uploads\/2025\/03\/Design-sem-nome-4-e1741200616392.png","contentUrl":"https:\/\/mznoticia.com.br\/jaguariaiva\/wp-content\/uploads\/2025\/03\/Design-sem-nome-4-e1741200616392.png","width":750,"height":563,"caption":"Mz Not\u00edcia"},"image":{"@id":"https:\/\/mznoticia.com.br\/jaguariaiva\/#\/schema\/logo\/image\/"},"sameAs":["https:\/\/www.facebook.com\/profile.php?id=61573479951222","https:\/\/www.instagram.com\/mz.jaguariaiva\/"]},{"@type":"Person","@id":"https:\/\/mznoticia.com.br\/jaguariaiva\/#\/schema\/person\/9081e3eea38d0f9ff6d13386b9d71916","name":"redacao mz","image":{"@type":"ImageObject","inLanguage":"pt-BR","@id":"https:\/\/mznoticia.com.br\/jaguariaiva\/wp-content\/uploads\/2025\/02\/mznoticia_jaguariaiva_coluna-150x150.png","url":"https:\/\/mznoticia.com.br\/jaguariaiva\/wp-content\/uploads\/2025\/02\/mznoticia_jaguariaiva_coluna-150x150.png","contentUrl":"https:\/\/mznoticia.com.br\/jaguariaiva\/wp-content\/uploads\/2025\/02\/mznoticia_jaguariaiva_coluna-150x150.png","caption":"redacao mz"},"url":"https:\/\/mznoticia.com.br\/jaguariaiva\/author\/manu\/"}]}},"_links":{"self":[{"href":"https:\/\/mznoticia.com.br\/jaguariaiva\/wp-json\/wp\/v2\/posts\/5244","targetHints":{"allow":["GET"]}}],"collection":[{"href":"https:\/\/mznoticia.com.br\/jaguariaiva\/wp-json\/wp\/v2\/posts"}],"about":[{"href":"https:\/\/mznoticia.com.br\/jaguariaiva\/wp-json\/wp\/v2\/types\/post"}],"author":[{"embeddable":true,"href":"https:\/\/mznoticia.com.br\/jaguariaiva\/wp-json\/wp\/v2\/users\/17"}],"replies":[{"embeddable":true,"href":"https:\/\/mznoticia.com.br\/jaguariaiva\/wp-json\/wp\/v2\/comments?post=5244"}],"version-history":[{"count":1,"href":"https:\/\/mznoticia.com.br\/jaguariaiva\/wp-json\/wp\/v2\/posts\/5244\/revisions"}],"predecessor-version":[{"id":5246,"href":"https:\/\/mznoticia.com.br\/jaguariaiva\/wp-json\/wp\/v2\/posts\/5244\/revisions\/5246"}],"wp:featuredmedia":[{"embeddable":true,"href":"https:\/\/mznoticia.com.br\/jaguariaiva\/wp-json\/wp\/v2\/media\/5245"}],"wp:attachment":[{"href":"https:\/\/mznoticia.com.br\/jaguariaiva\/wp-json\/wp\/v2\/media?parent=5244"}],"wp:term":[{"taxonomy":"category","embeddable":true,"href":"https:\/\/mznoticia.com.br\/jaguariaiva\/wp-json\/wp\/v2\/categories?post=5244"},{"taxonomy":"post_tag","embeddable":true,"href":"https:\/\/mznoticia.com.br\/jaguariaiva\/wp-json\/wp\/v2\/tags?post=5244"}],"curies":[{"name":"wp","href":"https:\/\/api.w.org\/{rel}","templated":true}]}}