{"id":5323,"date":"2026-07-27T11:38:00","date_gmt":"2026-07-27T11:38:00","guid":{"rendered":"https:\/\/mznoticia.com.br\/jaguariaiva\/?p=5323"},"modified":"2026-07-27T11:38:00","modified_gmt":"2026-07-27T11:38:00","slug":"obituario-confira-os-falecimentos-e-sepultamentos-desta-segunda-feira-27-em-ponta-grossa-e-regiao","status":"publish","type":"post","link":"https:\/\/mznoticia.com.br\/jaguariaiva\/obituario-confira-os-falecimentos-e-sepultamentos-desta-segunda-feira-27-em-ponta-grossa-e-regiao\/","title":{"rendered":"Obitu\u00e1rio: confira os falecimentos e sepultamentos desta segunda-feira (27) em Ponta Grossa e regi\u00e3o"},"content":{"rendered":"<p class=\"PDq2pG_selectionAnchorContainer\" data-start=\"116\" data-end=\"320\">O Servi\u00e7o Funer\u00e1rio Municipal divulgou a rela\u00e7\u00e3o de falecimentos e os hor\u00e1rios de sepultamento desta segunda-feira (27), incluindo moradores de Ponta Grossa e munic\u00edpios dos Campos Gerais.<\/p>\n<h2 data-section-id=\"p4tsux\" data-start=\"322\" data-end=\"363\">Sepultamentos desta segunda-feira (27)<\/h2>\n<p data-start=\"365\" data-end=\"541\">O Servi\u00e7o Funer\u00e1rio Municipal de Ponta Grossa divulgou a lista de falecimentos e sepultamentos programados para esta segunda-feira, 27 de julho de 2026. Confira as informa\u00e7\u00f5es:<\/p>\n<h3 data-section-id=\"d18yct\" data-start=\"543\" data-end=\"568\">Frida Goebel, 93 anos<\/h3>\n<ul data-start=\"569\" data-end=\"659\">\n<li data-section-id=\"s9r0jx\" data-start=\"569\" data-end=\"598\"><strong data-start=\"571\" data-end=\"583\">Vel\u00f3rio:<\/strong> na resid\u00eancia.<\/li>\n<li data-section-id=\"ejk2tx\" data-start=\"599\" data-end=\"659\"><strong data-start=\"601\" data-end=\"618\">Sepultamento:<\/strong> Cemit\u00e9rio Luterano, em Imbituva, \u00e0s 14h.<\/li>\n<\/ul>\n<h3 data-section-id=\"19jjhpj\" data-start=\"661\" data-end=\"695\">Maria de Jesus Taufer, 75 anos<\/h3>\n<ul data-start=\"696\" data-end=\"776\">\n<li data-section-id=\"nvr01k\" data-start=\"696\" data-end=\"730\"><strong data-start=\"698\" data-end=\"710\">Vel\u00f3rio:<\/strong> em outro munic\u00edpio.<\/li>\n<li data-section-id=\"s7jd0d\" data-start=\"731\" data-end=\"776\"><strong data-start=\"733\" data-end=\"750\">Sepultamento:<\/strong> Cemit\u00e9rio Tronco, \u00e0s 10h.<\/li>\n<\/ul>\n<h3 data-section-id=\"3ibucx\" data-start=\"778\" data-end=\"816\">Maria Dirce Ramos de Melo, 78 anos<\/h3>\n<ul data-start=\"817\" data-end=\"920\">\n<li data-section-id=\"n6od2z\" data-start=\"817\" data-end=\"861\"><strong data-start=\"819\" data-end=\"831\">Vel\u00f3rio:<\/strong> Capela da Funer\u00e1ria Princesa.<\/li>\n<li data-section-id=\"12b9xbz\" data-start=\"862\" data-end=\"920\"><strong data-start=\"864\" data-end=\"881\">Sepultamento:<\/strong> Cemit\u00e9rio S\u00e3o Vicente de Paula, \u00e0s 9h.<\/li>\n<\/ul>\n<h2 data-section-id=\"w9uvls\" data-start=\"922\" data-end=\"945\">Informa\u00e7\u00f5es oficiais<\/h2>\n<p data-start=\"947\" data-end=\"1117\">Os dados divulgados s\u00e3o do Servi\u00e7o Funer\u00e1rio Municipal de Ponta Grossa. Informa\u00e7\u00f5es complementares podem ser obtidas junto ao \u00f3rg\u00e3o respons\u00e1vel e \u00e0 assist\u00eancia funer\u00e1ria.<\/p>\n","protected":false},"excerpt":{"rendered":"<p>O Servi\u00e7o Funer\u00e1rio Municipal divulgou a rela\u00e7\u00e3o de falecimentos e os hor\u00e1rios de sepultamento desta segunda-feira (27), incluindo moradores de Ponta Grossa e munic\u00edpios dos Campos Gerais. Sepultamentos desta segunda-feira (27) O Servi\u00e7o Funer\u00e1rio Municipal de Ponta Grossa divulgou a lista de falecimentos e sepultamentos programados para esta segunda-feira, 27 de julho de 2026. Confira [&hellip;]<\/p>\n","protected":false},"author":16,"featured_media":5324,"comment_status":"open","ping_status":"open","sticky":false,"template":"","format":"standard","meta":{"footnotes":""},"categories":[131],"tags":[314,639,399,408,77,24,407,463],"class_list":["post-5323","post","type-post","status-publish","format-standard","has-post-thumbnail","hentry","category-falecimentos","tag-campos-gerais","tag-falecimentos","tag-mz-noticias","tag-obituario","tag-parana","tag-ponta-grossa","tag-sepultamentos","tag-servico-funerario"],"yoast_head":"<!-- This site is optimized with the Yoast SEO plugin v28.1 - https:\/\/yoast.com\/product\/yoast-seo-wordpress\/ -->\n<title>Obitu\u00e1rio: confira os falecimentos e sepultamentos desta segunda-feira (27) em Ponta Grossa e regi\u00e3o - Mz Not\u00edcias<\/title>\n<meta name=\"description\" content=\"Confira o obitu\u00e1rio desta segunda-feira (27) com a rela\u00e7\u00e3o de falecimentos e hor\u00e1rios de sepultamentos em Ponta Grossa e munic\u00edpios dos Campos Gerais.\" \/>\n<meta name=\"robots\" content=\"index, follow, max-snippet:-1, max-image-preview:large, max-video-preview:-1\" \/>\n<link rel=\"canonical\" href=\"https:\/\/mznoticia.com.br\/jaguariaiva\/obituario-confira-os-falecimentos-e-sepultamentos-desta-segunda-feira-27-em-ponta-grossa-e-regiao\/\" \/>\n<meta property=\"og:locale\" content=\"pt_BR\" \/>\n<meta property=\"og:type\" content=\"article\" \/>\n<meta property=\"og:title\" content=\"Obitu\u00e1rio: confira os falecimentos e sepultamentos desta segunda-feira (27) em Ponta Grossa e regi\u00e3o - Mz Not\u00edcias\" \/>\n<meta property=\"og:description\" content=\"Confira o obitu\u00e1rio desta segunda-feira (27) com a rela\u00e7\u00e3o de falecimentos e hor\u00e1rios de sepultamentos em Ponta Grossa e munic\u00edpios dos Campos Gerais.\" \/>\n<meta property=\"og:url\" content=\"https:\/\/mznoticia.com.br\/jaguariaiva\/obituario-confira-os-falecimentos-e-sepultamentos-desta-segunda-feira-27-em-ponta-grossa-e-regiao\/\" \/>\n<meta property=\"og:site_name\" content=\"Mz Not\u00edcias\" \/>\n<meta property=\"article:publisher\" content=\"https:\/\/www.facebook.com\/profile.php?id=61573479951222\" \/>\n<meta property=\"article:published_time\" content=\"2026-07-27T11:38:00+00:00\" \/>\n<meta property=\"og:image\" content=\"https:\/\/mznoticia.com.br\/jaguariaiva\/wp-content\/uploads\/2026\/07\/FALECIMENTO-3-4.jpg\" \/>\n\t<meta property=\"og:image:width\" content=\"500\" \/>\n\t<meta property=\"og:image:height\" content=\"304\" \/>\n\t<meta property=\"og:image:type\" content=\"image\/jpeg\" \/>\n<meta name=\"author\" content=\"Redacao mz\" \/>\n<meta name=\"twitter:card\" content=\"summary_large_image\" \/>\n<meta name=\"twitter:label1\" content=\"Escrito por\" \/>\n\t<meta name=\"twitter:data1\" content=\"Redacao mz\" \/>\n\t<meta name=\"twitter:label2\" content=\"Est. tempo de leitura\" \/>\n\t<meta name=\"twitter:data2\" content=\"1 minuto\" \/>\n<script type=\"application\/ld+json\" class=\"yoast-schema-graph\">{\"@context\":\"https:\\\/\\\/schema.org\",\"@graph\":[{\"@type\":\"Article\",\"@id\":\"https:\\\/\\\/mznoticia.com.br\\\/jaguariaiva\\\/obituario-confira-os-falecimentos-e-sepultamentos-desta-segunda-feira-27-em-ponta-grossa-e-regiao\\\/#article\",\"isPartOf\":{\"@id\":\"https:\\\/\\\/mznoticia.com.br\\\/jaguariaiva\\\/obituario-confira-os-falecimentos-e-sepultamentos-desta-segunda-feira-27-em-ponta-grossa-e-regiao\\\/\"},\"author\":{\"name\":\"Redacao mz\",\"@id\":\"https:\\\/\\\/mznoticia.com.br\\\/jaguariaiva\\\/#\\\/schema\\\/person\\\/84012d827247b3f42f37b550da79cd03\"},\"headline\":\"Obitu\u00e1rio: confira os falecimentos e sepultamentos desta segunda-feira (27) em Ponta Grossa e regi\u00e3o\",\"datePublished\":\"2026-07-27T11:38:00+00:00\",\"mainEntityOfPage\":{\"@id\":\"https:\\\/\\\/mznoticia.com.br\\\/jaguariaiva\\\/obituario-confira-os-falecimentos-e-sepultamentos-desta-segunda-feira-27-em-ponta-grossa-e-regiao\\\/\"},\"wordCount\":166,\"commentCount\":0,\"publisher\":{\"@id\":\"https:\\\/\\\/mznoticia.com.br\\\/jaguariaiva\\\/#organization\"},\"image\":{\"@id\":\"https:\\\/\\\/mznoticia.com.br\\\/jaguariaiva\\\/obituario-confira-os-falecimentos-e-sepultamentos-desta-segunda-feira-27-em-ponta-grossa-e-regiao\\\/#primaryimage\"},\"thumbnailUrl\":\"https:\\\/\\\/mznoticia.com.br\\\/jaguariaiva\\\/wp-content\\\/uploads\\\/2026\\\/07\\\/FALECIMENTO-3-4.jpg\",\"keywords\":[\"Campos Gerais\",\"Falecimentos\",\"MZ Not\u00edcias.\",\"Obitu\u00e1rio\",\"parana\",\"Ponta Grossa\",\"Sepultamentos\",\"Servi\u00e7o Funer\u00e1rio\"],\"articleSection\":[\"Falecimentos\"],\"inLanguage\":\"pt-BR\",\"potentialAction\":[{\"@type\":\"CommentAction\",\"name\":\"Comment\",\"target\":[\"https:\\\/\\\/mznoticia.com.br\\\/jaguariaiva\\\/obituario-confira-os-falecimentos-e-sepultamentos-desta-segunda-feira-27-em-ponta-grossa-e-regiao\\\/#respond\"]}]},{\"@type\":\"WebPage\",\"@id\":\"https:\\\/\\\/mznoticia.com.br\\\/jaguariaiva\\\/obituario-confira-os-falecimentos-e-sepultamentos-desta-segunda-feira-27-em-ponta-grossa-e-regiao\\\/\",\"url\":\"https:\\\/\\\/mznoticia.com.br\\\/jaguariaiva\\\/obituario-confira-os-falecimentos-e-sepultamentos-desta-segunda-feira-27-em-ponta-grossa-e-regiao\\\/\",\"name\":\"Obitu\u00e1rio: confira os falecimentos e sepultamentos desta segunda-feira (27) em Ponta Grossa e regi\u00e3o - Mz Not\u00edcias\",\"isPartOf\":{\"@id\":\"https:\\\/\\\/mznoticia.com.br\\\/jaguariaiva\\\/#website\"},\"primaryImageOfPage\":{\"@id\":\"https:\\\/\\\/mznoticia.com.br\\\/jaguariaiva\\\/obituario-confira-os-falecimentos-e-sepultamentos-desta-segunda-feira-27-em-ponta-grossa-e-regiao\\\/#primaryimage\"},\"image\":{\"@id\":\"https:\\\/\\\/mznoticia.com.br\\\/jaguariaiva\\\/obituario-confira-os-falecimentos-e-sepultamentos-desta-segunda-feira-27-em-ponta-grossa-e-regiao\\\/#primaryimage\"},\"thumbnailUrl\":\"https:\\\/\\\/mznoticia.com.br\\\/jaguariaiva\\\/wp-content\\\/uploads\\\/2026\\\/07\\\/FALECIMENTO-3-4.jpg\",\"datePublished\":\"2026-07-27T11:38:00+00:00\",\"description\":\"Confira o obitu\u00e1rio desta segunda-feira (27) com a rela\u00e7\u00e3o de falecimentos e hor\u00e1rios de sepultamentos em Ponta Grossa e munic\u00edpios dos Campos Gerais.\",\"breadcrumb\":{\"@id\":\"https:\\\/\\\/mznoticia.com.br\\\/jaguariaiva\\\/obituario-confira-os-falecimentos-e-sepultamentos-desta-segunda-feira-27-em-ponta-grossa-e-regiao\\\/#breadcrumb\"},\"inLanguage\":\"pt-BR\",\"potentialAction\":[{\"@type\":\"ReadAction\",\"target\":[\"https:\\\/\\\/mznoticia.com.br\\\/jaguariaiva\\\/obituario-confira-os-falecimentos-e-sepultamentos-desta-segunda-feira-27-em-ponta-grossa-e-regiao\\\/\"]}]},{\"@type\":\"ImageObject\",\"inLanguage\":\"pt-BR\",\"@id\":\"https:\\\/\\\/mznoticia.com.br\\\/jaguariaiva\\\/obituario-confira-os-falecimentos-e-sepultamentos-desta-segunda-feira-27-em-ponta-grossa-e-regiao\\\/#primaryimage\",\"url\":\"https:\\\/\\\/mznoticia.com.br\\\/jaguariaiva\\\/wp-content\\\/uploads\\\/2026\\\/07\\\/FALECIMENTO-3-4.jpg\",\"contentUrl\":\"https:\\\/\\\/mznoticia.com.br\\\/jaguariaiva\\\/wp-content\\\/uploads\\\/2026\\\/07\\\/FALECIMENTO-3-4.jpg\",\"width\":500,\"height\":304},{\"@type\":\"BreadcrumbList\",\"@id\":\"https:\\\/\\\/mznoticia.com.br\\\/jaguariaiva\\\/obituario-confira-os-falecimentos-e-sepultamentos-desta-segunda-feira-27-em-ponta-grossa-e-regiao\\\/#breadcrumb\",\"itemListElement\":[{\"@type\":\"ListItem\",\"position\":1,\"name\":\"Home\",\"item\":\"https:\\\/\\\/mznoticia.com.br\\\/jaguariaiva\\\/\"},{\"@type\":\"ListItem\",\"position\":2,\"name\":\"Obitu\u00e1rio: confira os falecimentos e sepultamentos desta segunda-feira (27) em Ponta Grossa e regi\u00e3o\"}]},{\"@type\":\"WebSite\",\"@id\":\"https:\\\/\\\/mznoticia.com.br\\\/jaguariaiva\\\/#website\",\"url\":\"https:\\\/\\\/mznoticia.com.br\\\/jaguariaiva\\\/\",\"name\":\"Mz Not\u00edcia\",\"description\":\"A informa\u00e7\u00e3o que voc\u00ea precisa na hora certa!\",\"publisher\":{\"@id\":\"https:\\\/\\\/mznoticia.com.br\\\/jaguariaiva\\\/#organization\"},\"potentialAction\":[{\"@type\":\"SearchAction\",\"target\":{\"@type\":\"EntryPoint\",\"urlTemplate\":\"https:\\\/\\\/mznoticia.com.br\\\/jaguariaiva\\\/?s={search_term_string}\"},\"query-input\":{\"@type\":\"PropertyValueSpecification\",\"valueRequired\":true,\"valueName\":\"search_term_string\"}}],\"inLanguage\":\"pt-BR\"},{\"@type\":\"Organization\",\"@id\":\"https:\\\/\\\/mznoticia.com.br\\\/jaguariaiva\\\/#organization\",\"name\":\"Mz Not\u00edcia\",\"url\":\"https:\\\/\\\/mznoticia.com.br\\\/jaguariaiva\\\/\",\"logo\":{\"@type\":\"ImageObject\",\"inLanguage\":\"pt-BR\",\"@id\":\"https:\\\/\\\/mznoticia.com.br\\\/jaguariaiva\\\/#\\\/schema\\\/logo\\\/image\\\/\",\"url\":\"https:\\\/\\\/mznoticia.com.br\\\/jaguariaiva\\\/wp-content\\\/uploads\\\/2025\\\/03\\\/Design-sem-nome-4-e1741200616392.png\",\"contentUrl\":\"https:\\\/\\\/mznoticia.com.br\\\/jaguariaiva\\\/wp-content\\\/uploads\\\/2025\\\/03\\\/Design-sem-nome-4-e1741200616392.png\",\"width\":750,\"height\":563,\"caption\":\"Mz Not\u00edcia\"},\"image\":{\"@id\":\"https:\\\/\\\/mznoticia.com.br\\\/jaguariaiva\\\/#\\\/schema\\\/logo\\\/image\\\/\"},\"sameAs\":[\"https:\\\/\\\/www.facebook.com\\\/profile.php?id=61573479951222\",\"https:\\\/\\\/www.instagram.com\\\/mz.jaguariaiva\\\/\"]},{\"@type\":\"Person\",\"@id\":\"https:\\\/\\\/mznoticia.com.br\\\/jaguariaiva\\\/#\\\/schema\\\/person\\\/84012d827247b3f42f37b550da79cd03\",\"name\":\"Redacao mz\",\"image\":{\"@type\":\"ImageObject\",\"inLanguage\":\"pt-BR\",\"@id\":\"https:\\\/\\\/mznoticia.com.br\\\/jaguariaiva\\\/wp-content\\\/uploads\\\/2025\\\/02\\\/mznoticia_jaguariaiva_coluna-150x150.png\",\"url\":\"https:\\\/\\\/mznoticia.com.br\\\/jaguariaiva\\\/wp-content\\\/uploads\\\/2025\\\/02\\\/mznoticia_jaguariaiva_coluna-150x150.png\",\"contentUrl\":\"https:\\\/\\\/mznoticia.com.br\\\/jaguariaiva\\\/wp-content\\\/uploads\\\/2025\\\/02\\\/mznoticia_jaguariaiva_coluna-150x150.png\",\"caption\":\"Redacao mz\"},\"sameAs\":[\"http:\\\/\\\/mznoticia.com.br\"],\"url\":\"https:\\\/\\\/mznoticia.com.br\\\/jaguariaiva\\\/author\\\/lucimara\\\/\"}]}<\/script>\n<!-- \/ Yoast SEO plugin. -->","yoast_head_json":{"title":"Obitu\u00e1rio: confira os falecimentos e sepultamentos desta segunda-feira (27) em Ponta Grossa e regi\u00e3o - Mz Not\u00edcias","description":"Confira o obitu\u00e1rio desta segunda-feira (27) com a rela\u00e7\u00e3o de falecimentos e hor\u00e1rios de sepultamentos em Ponta Grossa e munic\u00edpios dos Campos Gerais.","robots":{"index":"index","follow":"follow","max-snippet":"max-snippet:-1","max-image-preview":"max-image-preview:large","max-video-preview":"max-video-preview:-1"},"canonical":"https:\/\/mznoticia.com.br\/jaguariaiva\/obituario-confira-os-falecimentos-e-sepultamentos-desta-segunda-feira-27-em-ponta-grossa-e-regiao\/","og_locale":"pt_BR","og_type":"article","og_title":"Obitu\u00e1rio: confira os falecimentos e sepultamentos desta segunda-feira (27) em Ponta Grossa e regi\u00e3o - Mz Not\u00edcias","og_description":"Confira o obitu\u00e1rio desta segunda-feira (27) com a rela\u00e7\u00e3o de falecimentos e hor\u00e1rios de sepultamentos em Ponta Grossa e munic\u00edpios dos Campos Gerais.","og_url":"https:\/\/mznoticia.com.br\/jaguariaiva\/obituario-confira-os-falecimentos-e-sepultamentos-desta-segunda-feira-27-em-ponta-grossa-e-regiao\/","og_site_name":"Mz Not\u00edcias","article_publisher":"https:\/\/www.facebook.com\/profile.php?id=61573479951222","article_published_time":"2026-07-27T11:38:00+00:00","og_image":[{"width":500,"height":304,"url":"https:\/\/mznoticia.com.br\/jaguariaiva\/wp-content\/uploads\/2026\/07\/FALECIMENTO-3-4.jpg","type":"image\/jpeg"}],"author":"Redacao mz","twitter_card":"summary_large_image","twitter_misc":{"Escrito por":"Redacao mz","Est. tempo de leitura":"1 minuto"},"schema":{"@context":"https:\/\/schema.org","@graph":[{"@type":"Article","@id":"https:\/\/mznoticia.com.br\/jaguariaiva\/obituario-confira-os-falecimentos-e-sepultamentos-desta-segunda-feira-27-em-ponta-grossa-e-regiao\/#article","isPartOf":{"@id":"https:\/\/mznoticia.com.br\/jaguariaiva\/obituario-confira-os-falecimentos-e-sepultamentos-desta-segunda-feira-27-em-ponta-grossa-e-regiao\/"},"author":{"name":"Redacao mz","@id":"https:\/\/mznoticia.com.br\/jaguariaiva\/#\/schema\/person\/84012d827247b3f42f37b550da79cd03"},"headline":"Obitu\u00e1rio: confira os falecimentos e sepultamentos desta segunda-feira (27) em Ponta Grossa e regi\u00e3o","datePublished":"2026-07-27T11:38:00+00:00","mainEntityOfPage":{"@id":"https:\/\/mznoticia.com.br\/jaguariaiva\/obituario-confira-os-falecimentos-e-sepultamentos-desta-segunda-feira-27-em-ponta-grossa-e-regiao\/"},"wordCount":166,"commentCount":0,"publisher":{"@id":"https:\/\/mznoticia.com.br\/jaguariaiva\/#organization"},"image":{"@id":"https:\/\/mznoticia.com.br\/jaguariaiva\/obituario-confira-os-falecimentos-e-sepultamentos-desta-segunda-feira-27-em-ponta-grossa-e-regiao\/#primaryimage"},"thumbnailUrl":"https:\/\/mznoticia.com.br\/jaguariaiva\/wp-content\/uploads\/2026\/07\/FALECIMENTO-3-4.jpg","keywords":["Campos Gerais","Falecimentos","MZ Not\u00edcias.","Obitu\u00e1rio","parana","Ponta Grossa","Sepultamentos","Servi\u00e7o Funer\u00e1rio"],"articleSection":["Falecimentos"],"inLanguage":"pt-BR","potentialAction":[{"@type":"CommentAction","name":"Comment","target":["https:\/\/mznoticia.com.br\/jaguariaiva\/obituario-confira-os-falecimentos-e-sepultamentos-desta-segunda-feira-27-em-ponta-grossa-e-regiao\/#respond"]}]},{"@type":"WebPage","@id":"https:\/\/mznoticia.com.br\/jaguariaiva\/obituario-confira-os-falecimentos-e-sepultamentos-desta-segunda-feira-27-em-ponta-grossa-e-regiao\/","url":"https:\/\/mznoticia.com.br\/jaguariaiva\/obituario-confira-os-falecimentos-e-sepultamentos-desta-segunda-feira-27-em-ponta-grossa-e-regiao\/","name":"Obitu\u00e1rio: confira os falecimentos e sepultamentos desta segunda-feira (27) em Ponta Grossa e regi\u00e3o - Mz Not\u00edcias","isPartOf":{"@id":"https:\/\/mznoticia.com.br\/jaguariaiva\/#website"},"primaryImageOfPage":{"@id":"https:\/\/mznoticia.com.br\/jaguariaiva\/obituario-confira-os-falecimentos-e-sepultamentos-desta-segunda-feira-27-em-ponta-grossa-e-regiao\/#primaryimage"},"image":{"@id":"https:\/\/mznoticia.com.br\/jaguariaiva\/obituario-confira-os-falecimentos-e-sepultamentos-desta-segunda-feira-27-em-ponta-grossa-e-regiao\/#primaryimage"},"thumbnailUrl":"https:\/\/mznoticia.com.br\/jaguariaiva\/wp-content\/uploads\/2026\/07\/FALECIMENTO-3-4.jpg","datePublished":"2026-07-27T11:38:00+00:00","description":"Confira o obitu\u00e1rio desta segunda-feira (27) com a rela\u00e7\u00e3o de falecimentos e hor\u00e1rios de sepultamentos em Ponta Grossa e munic\u00edpios dos Campos Gerais.","breadcrumb":{"@id":"https:\/\/mznoticia.com.br\/jaguariaiva\/obituario-confira-os-falecimentos-e-sepultamentos-desta-segunda-feira-27-em-ponta-grossa-e-regiao\/#breadcrumb"},"inLanguage":"pt-BR","potentialAction":[{"@type":"ReadAction","target":["https:\/\/mznoticia.com.br\/jaguariaiva\/obituario-confira-os-falecimentos-e-sepultamentos-desta-segunda-feira-27-em-ponta-grossa-e-regiao\/"]}]},{"@type":"ImageObject","inLanguage":"pt-BR","@id":"https:\/\/mznoticia.com.br\/jaguariaiva\/obituario-confira-os-falecimentos-e-sepultamentos-desta-segunda-feira-27-em-ponta-grossa-e-regiao\/#primaryimage","url":"https:\/\/mznoticia.com.br\/jaguariaiva\/wp-content\/uploads\/2026\/07\/FALECIMENTO-3-4.jpg","contentUrl":"https:\/\/mznoticia.com.br\/jaguariaiva\/wp-content\/uploads\/2026\/07\/FALECIMENTO-3-4.jpg","width":500,"height":304},{"@type":"BreadcrumbList","@id":"https:\/\/mznoticia.com.br\/jaguariaiva\/obituario-confira-os-falecimentos-e-sepultamentos-desta-segunda-feira-27-em-ponta-grossa-e-regiao\/#breadcrumb","itemListElement":[{"@type":"ListItem","position":1,"name":"Home","item":"https:\/\/mznoticia.com.br\/jaguariaiva\/"},{"@type":"ListItem","position":2,"name":"Obitu\u00e1rio: confira os falecimentos e sepultamentos desta segunda-feira (27) em Ponta Grossa e regi\u00e3o"}]},{"@type":"WebSite","@id":"https:\/\/mznoticia.com.br\/jaguariaiva\/#website","url":"https:\/\/mznoticia.com.br\/jaguariaiva\/","name":"Mz Not\u00edcia","description":"A informa\u00e7\u00e3o que voc\u00ea precisa na hora certa!","publisher":{"@id":"https:\/\/mznoticia.com.br\/jaguariaiva\/#organization"},"potentialAction":[{"@type":"SearchAction","target":{"@type":"EntryPoint","urlTemplate":"https:\/\/mznoticia.com.br\/jaguariaiva\/?s={search_term_string}"},"query-input":{"@type":"PropertyValueSpecification","valueRequired":true,"valueName":"search_term_string"}}],"inLanguage":"pt-BR"},{"@type":"Organization","@id":"https:\/\/mznoticia.com.br\/jaguariaiva\/#organization","name":"Mz Not\u00edcia","url":"https:\/\/mznoticia.com.br\/jaguariaiva\/","logo":{"@type":"ImageObject","inLanguage":"pt-BR","@id":"https:\/\/mznoticia.com.br\/jaguariaiva\/#\/schema\/logo\/image\/","url":"https:\/\/mznoticia.com.br\/jaguariaiva\/wp-content\/uploads\/2025\/03\/Design-sem-nome-4-e1741200616392.png","contentUrl":"https:\/\/mznoticia.com.br\/jaguariaiva\/wp-content\/uploads\/2025\/03\/Design-sem-nome-4-e1741200616392.png","width":750,"height":563,"caption":"Mz Not\u00edcia"},"image":{"@id":"https:\/\/mznoticia.com.br\/jaguariaiva\/#\/schema\/logo\/image\/"},"sameAs":["https:\/\/www.facebook.com\/profile.php?id=61573479951222","https:\/\/www.instagram.com\/mz.jaguariaiva\/"]},{"@type":"Person","@id":"https:\/\/mznoticia.com.br\/jaguariaiva\/#\/schema\/person\/84012d827247b3f42f37b550da79cd03","name":"Redacao mz","image":{"@type":"ImageObject","inLanguage":"pt-BR","@id":"https:\/\/mznoticia.com.br\/jaguariaiva\/wp-content\/uploads\/2025\/02\/mznoticia_jaguariaiva_coluna-150x150.png","url":"https:\/\/mznoticia.com.br\/jaguariaiva\/wp-content\/uploads\/2025\/02\/mznoticia_jaguariaiva_coluna-150x150.png","contentUrl":"https:\/\/mznoticia.com.br\/jaguariaiva\/wp-content\/uploads\/2025\/02\/mznoticia_jaguariaiva_coluna-150x150.png","caption":"Redacao mz"},"sameAs":["http:\/\/mznoticia.com.br"],"url":"https:\/\/mznoticia.com.br\/jaguariaiva\/author\/lucimara\/"}]}},"_links":{"self":[{"href":"https:\/\/mznoticia.com.br\/jaguariaiva\/wp-json\/wp\/v2\/posts\/5323","targetHints":{"allow":["GET"]}}],"collection":[{"href":"https:\/\/mznoticia.com.br\/jaguariaiva\/wp-json\/wp\/v2\/posts"}],"about":[{"href":"https:\/\/mznoticia.com.br\/jaguariaiva\/wp-json\/wp\/v2\/types\/post"}],"author":[{"embeddable":true,"href":"https:\/\/mznoticia.com.br\/jaguariaiva\/wp-json\/wp\/v2\/users\/16"}],"replies":[{"embeddable":true,"href":"https:\/\/mznoticia.com.br\/jaguariaiva\/wp-json\/wp\/v2\/comments?post=5323"}],"version-history":[{"count":1,"href":"https:\/\/mznoticia.com.br\/jaguariaiva\/wp-json\/wp\/v2\/posts\/5323\/revisions"}],"predecessor-version":[{"id":5325,"href":"https:\/\/mznoticia.com.br\/jaguariaiva\/wp-json\/wp\/v2\/posts\/5323\/revisions\/5325"}],"wp:featuredmedia":[{"embeddable":true,"href":"https:\/\/mznoticia.com.br\/jaguariaiva\/wp-json\/wp\/v2\/media\/5324"}],"wp:attachment":[{"href":"https:\/\/mznoticia.com.br\/jaguariaiva\/wp-json\/wp\/v2\/media?parent=5323"}],"wp:term":[{"taxonomy":"category","embeddable":true,"href":"https:\/\/mznoticia.com.br\/jaguariaiva\/wp-json\/wp\/v2\/categories?post=5323"},{"taxonomy":"post_tag","embeddable":true,"href":"https:\/\/mznoticia.com.br\/jaguariaiva\/wp-json\/wp\/v2\/tags?post=5323"}],"curies":[{"name":"wp","href":"https:\/\/api.w.org\/{rel}","templated":true}]}}