{"id":5326,"date":"2026-07-27T12:02:52","date_gmt":"2026-07-27T12:02:52","guid":{"rendered":"https:\/\/mznoticia.com.br\/jaguariaiva\/?p=5326"},"modified":"2026-07-27T12:02:52","modified_gmt":"2026-07-27T12:02:52","slug":"homem-e-preso-por-porte-ilegal-de-arma-de-fogo-durante-acao-da-pm-em-jaguariaiva","status":"publish","type":"post","link":"https:\/\/mznoticia.com.br\/jaguariaiva\/homem-e-preso-por-porte-ilegal-de-arma-de-fogo-durante-acao-da-pm-em-jaguariaiva\/","title":{"rendered":"Homem \u00e9 preso por porte ilegal de arma de fogo durante a\u00e7\u00e3o da PM em Jaguaria\u00edva"},"content":{"rendered":"<p data-start=\"100\" data-end=\"264\">Suspeito foi abordado com um rev\u00f3lver calibre .38 municiado e sem documenta\u00e7\u00e3o. Arma apresentava sinais de adultera\u00e7\u00e3o, segundo a Pol\u00edcia Militar.<\/p>\n<h2 data-section-id=\"8zv4cy\" data-start=\"266\" data-end=\"306\">Abordagem ocorreu durante a madrugada<\/h2>\n<p data-start=\"308\" data-end=\"512\">Um homem foi preso por porte ilegal de arma de fogo na madrugada deste domingo (26), em Jaguaria\u00edva, nos Campos Gerais. A ocorr\u00eancia foi registrada por volta das 4h30, na Rua Jo\u00e3o Martins da Costa Passos.<\/p>\n<p data-start=\"514\" data-end=\"660\">A a\u00e7\u00e3o teve in\u00edcio ap\u00f3s a Pol\u00edcia Militar receber informa\u00e7\u00f5es de que um indiv\u00edduo estaria armado nas proximidades de um estabelecimento comercial.<\/p>\n<h2 data-section-id=\"6haao5\" data-start=\"662\" data-end=\"712\">Policial de folga realizou a primeira abordagem<\/h2>\n<p data-start=\"714\" data-end=\"913\">De acordo com a Pol\u00edcia Militar, um policial que estava de folga e se encontrava na regi\u00e3o identificou a situa\u00e7\u00e3o e realizou a abordagem inicial, contendo o suspeito at\u00e9 a chegada da equipe de apoio.<\/p>\n<p data-start=\"915\" data-end=\"1070\">Durante a revista pessoal, os policiais localizaram na cintura do homem um <strong data-start=\"990\" data-end=\"1014\">rev\u00f3lver calibre .38<\/strong>, carregado com <strong data-start=\"1030\" data-end=\"1069\">seis muni\u00e7\u00f5es intactas da marca CBC<\/strong>.<\/p>\n<h2 data-section-id=\"1gq4m6y\" data-start=\"1072\" data-end=\"1119\">Suspeito n\u00e3o apresentou documenta\u00e7\u00e3o da arma<\/h2>\n<p data-start=\"1121\" data-end=\"1256\">Ainda conforme a corpora\u00e7\u00e3o, o homem n\u00e3o apresentou registro, porte de arma ou qualquer documento que autorizasse a posse do armamento.<\/p>\n<p data-start=\"1258\" data-end=\"1332\">A Pol\u00edcia Militar informou ainda que a arma possu\u00eda sinais de adultera\u00e7\u00e3o.<\/p>\n<p data-start=\"1334\" data-end=\"1585\">Diante da situa\u00e7\u00e3o, o suspeito recebeu voz de pris\u00e3o. Ap\u00f3s a realiza\u00e7\u00e3o do laudo de les\u00f5es corporais, ele foi encaminhado, juntamente com o rev\u00f3lver e as muni\u00e7\u00f5es apreendidas, \u00e0 Delegacia da Pol\u00edcia Civil de Jaguaria\u00edva para os procedimentos cab\u00edveis.<\/p>\n<h2 data-section-id=\"1sxsp7z\" data-start=\"1587\" data-end=\"1621\">Arma foi retirada de circula\u00e7\u00e3o<\/h2>\n<p data-start=\"1623\" data-end=\"1811\">Segundo a Pol\u00edcia Militar, a apreens\u00e3o integra as a\u00e7\u00f5es de combate ao porte ilegal de armas e refor\u00e7a o trabalho preventivo realizado pela corpora\u00e7\u00e3o para ampliar a seguran\u00e7a da popula\u00e7\u00e3o.<\/p>\n<p data-start=\"1623\" data-end=\"1811\">\n<p data-start=\"1623\" data-end=\"1811\">Foto ilustrativa<\/p>\n","protected":false},"excerpt":{"rendered":"<p>Suspeito foi abordado com um rev\u00f3lver calibre .38 municiado e sem documenta\u00e7\u00e3o. Arma apresentava sinais de adultera\u00e7\u00e3o, segundo a Pol\u00edcia Militar. Abordagem ocorreu durante a madrugada Um homem foi preso por porte ilegal de arma de fogo na madrugada deste domingo (26), em Jaguaria\u00edva, nos Campos Gerais. A ocorr\u00eancia foi registrada por volta das 4h30, [&hellip;]<\/p>\n","protected":false},"author":16,"featured_media":5327,"comment_status":"open","ping_status":"open","sticky":false,"template":"","format":"standard","meta":{"footnotes":""},"categories":[6],"tags":[735,314,47,63,1017,77,515,139,1015,1016,316],"class_list":["post-5326","post","type-post","status-publish","format-standard","has-post-thumbnail","hentry","category-jaguariaiva","tag-arma-de-fogo","tag-campos-gerais","tag-destaque","tag-jaguariaiva","tag-mz-noticias-prefiro-esta-resposta","tag-parana","tag-policia-civil","tag-policia-militar","tag-porte-ilegal-de-arma","tag-revolver-calibre-38","tag-seguranca-publica"],"yoast_head":"<!-- This site is optimized with the Yoast SEO plugin v28.1 - https:\/\/yoast.com\/product\/yoast-seo-wordpress\/ -->\n<title>Homem \u00e9 preso por porte ilegal de arma de fogo durante a\u00e7\u00e3o da PM em Jaguaria\u00edva - Mz Not\u00edcias<\/title>\n<meta name=\"description\" content=\"Homem \u00e9 preso por porte ilegal de arma de fogo em Jaguaria\u00edva. A Pol\u00edcia Militar apreendeu um rev\u00f3lver calibre .38 com seis muni\u00e7\u00f5es durante a abordagem.\" \/>\n<meta name=\"robots\" content=\"index, follow, max-snippet:-1, max-image-preview:large, max-video-preview:-1\" \/>\n<link rel=\"canonical\" href=\"https:\/\/mznoticia.com.br\/jaguariaiva\/homem-e-preso-por-porte-ilegal-de-arma-de-fogo-durante-acao-da-pm-em-jaguariaiva\/\" \/>\n<meta property=\"og:locale\" content=\"pt_BR\" \/>\n<meta property=\"og:type\" content=\"article\" \/>\n<meta property=\"og:title\" content=\"Homem \u00e9 preso por porte ilegal de arma de fogo durante a\u00e7\u00e3o da PM em Jaguaria\u00edva - Mz Not\u00edcias\" \/>\n<meta property=\"og:description\" content=\"Homem \u00e9 preso por porte ilegal de arma de fogo em Jaguaria\u00edva. A Pol\u00edcia Militar apreendeu um rev\u00f3lver calibre .38 com seis muni\u00e7\u00f5es durante a abordagem.\" \/>\n<meta property=\"og:url\" content=\"https:\/\/mznoticia.com.br\/jaguariaiva\/homem-e-preso-por-porte-ilegal-de-arma-de-fogo-durante-acao-da-pm-em-jaguariaiva\/\" \/>\n<meta property=\"og:site_name\" content=\"Mz Not\u00edcias\" \/>\n<meta property=\"article:publisher\" content=\"https:\/\/www.facebook.com\/profile.php?id=61573479951222\" \/>\n<meta property=\"article:published_time\" content=\"2026-07-27T12:02:52+00:00\" \/>\n<meta property=\"og:image\" content=\"https:\/\/mznoticia.com.br\/jaguariaiva\/wp-content\/uploads\/2026\/07\/arma.webp\" \/>\n\t<meta property=\"og:image:width\" content=\"1200\" \/>\n\t<meta property=\"og:image:height\" content=\"720\" \/>\n\t<meta property=\"og:image:type\" content=\"image\/webp\" \/>\n<meta name=\"author\" content=\"Redacao mz\" \/>\n<meta name=\"twitter:card\" content=\"summary_large_image\" \/>\n<meta name=\"twitter:label1\" content=\"Escrito por\" \/>\n\t<meta name=\"twitter:data1\" content=\"Redacao mz\" \/>\n\t<meta name=\"twitter:label2\" content=\"Est. tempo de leitura\" \/>\n\t<meta name=\"twitter:data2\" content=\"2 minutos\" \/>\n<script type=\"application\/ld+json\" class=\"yoast-schema-graph\">{\"@context\":\"https:\\\/\\\/schema.org\",\"@graph\":[{\"@type\":\"Article\",\"@id\":\"https:\\\/\\\/mznoticia.com.br\\\/jaguariaiva\\\/homem-e-preso-por-porte-ilegal-de-arma-de-fogo-durante-acao-da-pm-em-jaguariaiva\\\/#article\",\"isPartOf\":{\"@id\":\"https:\\\/\\\/mznoticia.com.br\\\/jaguariaiva\\\/homem-e-preso-por-porte-ilegal-de-arma-de-fogo-durante-acao-da-pm-em-jaguariaiva\\\/\"},\"author\":{\"name\":\"Redacao mz\",\"@id\":\"https:\\\/\\\/mznoticia.com.br\\\/jaguariaiva\\\/#\\\/schema\\\/person\\\/84012d827247b3f42f37b550da79cd03\"},\"headline\":\"Homem \u00e9 preso por porte ilegal de arma de fogo durante a\u00e7\u00e3o da PM em Jaguaria\u00edva\",\"datePublished\":\"2026-07-27T12:02:52+00:00\",\"mainEntityOfPage\":{\"@id\":\"https:\\\/\\\/mznoticia.com.br\\\/jaguariaiva\\\/homem-e-preso-por-porte-ilegal-de-arma-de-fogo-durante-acao-da-pm-em-jaguariaiva\\\/\"},\"wordCount\":320,\"commentCount\":0,\"publisher\":{\"@id\":\"https:\\\/\\\/mznoticia.com.br\\\/jaguariaiva\\\/#organization\"},\"image\":{\"@id\":\"https:\\\/\\\/mznoticia.com.br\\\/jaguariaiva\\\/homem-e-preso-por-porte-ilegal-de-arma-de-fogo-durante-acao-da-pm-em-jaguariaiva\\\/#primaryimage\"},\"thumbnailUrl\":\"https:\\\/\\\/mznoticia.com.br\\\/jaguariaiva\\\/wp-content\\\/uploads\\\/2026\\\/07\\\/arma.webp\",\"keywords\":[\"Arma de Fogo\",\"Campos Gerais\",\"destaque\",\"jaguariaiva\",\"MZ Not\u00edcias Prefiro esta resposta\",\"parana\",\"Pol\u00edcia Civil\",\"pol\u00edcia militar\",\"Porte ilegal de arma\",\"Rev\u00f3lver calibre 38\",\"Seguran\u00e7a P\u00fablica\"],\"articleSection\":[\"Jaguaria\u00edva\"],\"inLanguage\":\"pt-BR\",\"potentialAction\":[{\"@type\":\"CommentAction\",\"name\":\"Comment\",\"target\":[\"https:\\\/\\\/mznoticia.com.br\\\/jaguariaiva\\\/homem-e-preso-por-porte-ilegal-de-arma-de-fogo-durante-acao-da-pm-em-jaguariaiva\\\/#respond\"]}]},{\"@type\":\"WebPage\",\"@id\":\"https:\\\/\\\/mznoticia.com.br\\\/jaguariaiva\\\/homem-e-preso-por-porte-ilegal-de-arma-de-fogo-durante-acao-da-pm-em-jaguariaiva\\\/\",\"url\":\"https:\\\/\\\/mznoticia.com.br\\\/jaguariaiva\\\/homem-e-preso-por-porte-ilegal-de-arma-de-fogo-durante-acao-da-pm-em-jaguariaiva\\\/\",\"name\":\"Homem \u00e9 preso por porte ilegal de arma de fogo durante a\u00e7\u00e3o da PM em Jaguaria\u00edva - Mz Not\u00edcias\",\"isPartOf\":{\"@id\":\"https:\\\/\\\/mznoticia.com.br\\\/jaguariaiva\\\/#website\"},\"primaryImageOfPage\":{\"@id\":\"https:\\\/\\\/mznoticia.com.br\\\/jaguariaiva\\\/homem-e-preso-por-porte-ilegal-de-arma-de-fogo-durante-acao-da-pm-em-jaguariaiva\\\/#primaryimage\"},\"image\":{\"@id\":\"https:\\\/\\\/mznoticia.com.br\\\/jaguariaiva\\\/homem-e-preso-por-porte-ilegal-de-arma-de-fogo-durante-acao-da-pm-em-jaguariaiva\\\/#primaryimage\"},\"thumbnailUrl\":\"https:\\\/\\\/mznoticia.com.br\\\/jaguariaiva\\\/wp-content\\\/uploads\\\/2026\\\/07\\\/arma.webp\",\"datePublished\":\"2026-07-27T12:02:52+00:00\",\"description\":\"Homem \u00e9 preso por porte ilegal de arma de fogo em Jaguaria\u00edva. A Pol\u00edcia Militar apreendeu um rev\u00f3lver calibre .38 com seis muni\u00e7\u00f5es durante a abordagem.\",\"breadcrumb\":{\"@id\":\"https:\\\/\\\/mznoticia.com.br\\\/jaguariaiva\\\/homem-e-preso-por-porte-ilegal-de-arma-de-fogo-durante-acao-da-pm-em-jaguariaiva\\\/#breadcrumb\"},\"inLanguage\":\"pt-BR\",\"potentialAction\":[{\"@type\":\"ReadAction\",\"target\":[\"https:\\\/\\\/mznoticia.com.br\\\/jaguariaiva\\\/homem-e-preso-por-porte-ilegal-de-arma-de-fogo-durante-acao-da-pm-em-jaguariaiva\\\/\"]}]},{\"@type\":\"ImageObject\",\"inLanguage\":\"pt-BR\",\"@id\":\"https:\\\/\\\/mznoticia.com.br\\\/jaguariaiva\\\/homem-e-preso-por-porte-ilegal-de-arma-de-fogo-durante-acao-da-pm-em-jaguariaiva\\\/#primaryimage\",\"url\":\"https:\\\/\\\/mznoticia.com.br\\\/jaguariaiva\\\/wp-content\\\/uploads\\\/2026\\\/07\\\/arma.webp\",\"contentUrl\":\"https:\\\/\\\/mznoticia.com.br\\\/jaguariaiva\\\/wp-content\\\/uploads\\\/2026\\\/07\\\/arma.webp\",\"width\":1200,\"height\":720},{\"@type\":\"BreadcrumbList\",\"@id\":\"https:\\\/\\\/mznoticia.com.br\\\/jaguariaiva\\\/homem-e-preso-por-porte-ilegal-de-arma-de-fogo-durante-acao-da-pm-em-jaguariaiva\\\/#breadcrumb\",\"itemListElement\":[{\"@type\":\"ListItem\",\"position\":1,\"name\":\"Home\",\"item\":\"https:\\\/\\\/mznoticia.com.br\\\/jaguariaiva\\\/\"},{\"@type\":\"ListItem\",\"position\":2,\"name\":\"Homem \u00e9 preso por porte ilegal de arma de fogo durante a\u00e7\u00e3o da PM em Jaguaria\u00edva\"}]},{\"@type\":\"WebSite\",\"@id\":\"https:\\\/\\\/mznoticia.com.br\\\/jaguariaiva\\\/#website\",\"url\":\"https:\\\/\\\/mznoticia.com.br\\\/jaguariaiva\\\/\",\"name\":\"Mz Not\u00edcia\",\"description\":\"A informa\u00e7\u00e3o que voc\u00ea precisa na hora certa!\",\"publisher\":{\"@id\":\"https:\\\/\\\/mznoticia.com.br\\\/jaguariaiva\\\/#organization\"},\"potentialAction\":[{\"@type\":\"SearchAction\",\"target\":{\"@type\":\"EntryPoint\",\"urlTemplate\":\"https:\\\/\\\/mznoticia.com.br\\\/jaguariaiva\\\/?s={search_term_string}\"},\"query-input\":{\"@type\":\"PropertyValueSpecification\",\"valueRequired\":true,\"valueName\":\"search_term_string\"}}],\"inLanguage\":\"pt-BR\"},{\"@type\":\"Organization\",\"@id\":\"https:\\\/\\\/mznoticia.com.br\\\/jaguariaiva\\\/#organization\",\"name\":\"Mz Not\u00edcia\",\"url\":\"https:\\\/\\\/mznoticia.com.br\\\/jaguariaiva\\\/\",\"logo\":{\"@type\":\"ImageObject\",\"inLanguage\":\"pt-BR\",\"@id\":\"https:\\\/\\\/mznoticia.com.br\\\/jaguariaiva\\\/#\\\/schema\\\/logo\\\/image\\\/\",\"url\":\"https:\\\/\\\/mznoticia.com.br\\\/jaguariaiva\\\/wp-content\\\/uploads\\\/2025\\\/03\\\/Design-sem-nome-4-e1741200616392.png\",\"contentUrl\":\"https:\\\/\\\/mznoticia.com.br\\\/jaguariaiva\\\/wp-content\\\/uploads\\\/2025\\\/03\\\/Design-sem-nome-4-e1741200616392.png\",\"width\":750,\"height\":563,\"caption\":\"Mz Not\u00edcia\"},\"image\":{\"@id\":\"https:\\\/\\\/mznoticia.com.br\\\/jaguariaiva\\\/#\\\/schema\\\/logo\\\/image\\\/\"},\"sameAs\":[\"https:\\\/\\\/www.facebook.com\\\/profile.php?id=61573479951222\",\"https:\\\/\\\/www.instagram.com\\\/mz.jaguariaiva\\\/\"]},{\"@type\":\"Person\",\"@id\":\"https:\\\/\\\/mznoticia.com.br\\\/jaguariaiva\\\/#\\\/schema\\\/person\\\/84012d827247b3f42f37b550da79cd03\",\"name\":\"Redacao mz\",\"image\":{\"@type\":\"ImageObject\",\"inLanguage\":\"pt-BR\",\"@id\":\"https:\\\/\\\/mznoticia.com.br\\\/jaguariaiva\\\/wp-content\\\/uploads\\\/2025\\\/02\\\/mznoticia_jaguariaiva_coluna-150x150.png\",\"url\":\"https:\\\/\\\/mznoticia.com.br\\\/jaguariaiva\\\/wp-content\\\/uploads\\\/2025\\\/02\\\/mznoticia_jaguariaiva_coluna-150x150.png\",\"contentUrl\":\"https:\\\/\\\/mznoticia.com.br\\\/jaguariaiva\\\/wp-content\\\/uploads\\\/2025\\\/02\\\/mznoticia_jaguariaiva_coluna-150x150.png\",\"caption\":\"Redacao mz\"},\"sameAs\":[\"http:\\\/\\\/mznoticia.com.br\"],\"url\":\"https:\\\/\\\/mznoticia.com.br\\\/jaguariaiva\\\/author\\\/lucimara\\\/\"}]}<\/script>\n<!-- \/ Yoast SEO plugin. -->","yoast_head_json":{"title":"Homem \u00e9 preso por porte ilegal de arma de fogo durante a\u00e7\u00e3o da PM em Jaguaria\u00edva - Mz Not\u00edcias","description":"Homem \u00e9 preso por porte ilegal de arma de fogo em Jaguaria\u00edva. A Pol\u00edcia Militar apreendeu um rev\u00f3lver calibre .38 com seis muni\u00e7\u00f5es durante a abordagem.","robots":{"index":"index","follow":"follow","max-snippet":"max-snippet:-1","max-image-preview":"max-image-preview:large","max-video-preview":"max-video-preview:-1"},"canonical":"https:\/\/mznoticia.com.br\/jaguariaiva\/homem-e-preso-por-porte-ilegal-de-arma-de-fogo-durante-acao-da-pm-em-jaguariaiva\/","og_locale":"pt_BR","og_type":"article","og_title":"Homem \u00e9 preso por porte ilegal de arma de fogo durante a\u00e7\u00e3o da PM em Jaguaria\u00edva - Mz Not\u00edcias","og_description":"Homem \u00e9 preso por porte ilegal de arma de fogo em Jaguaria\u00edva. A Pol\u00edcia Militar apreendeu um rev\u00f3lver calibre .38 com seis muni\u00e7\u00f5es durante a abordagem.","og_url":"https:\/\/mznoticia.com.br\/jaguariaiva\/homem-e-preso-por-porte-ilegal-de-arma-de-fogo-durante-acao-da-pm-em-jaguariaiva\/","og_site_name":"Mz Not\u00edcias","article_publisher":"https:\/\/www.facebook.com\/profile.php?id=61573479951222","article_published_time":"2026-07-27T12:02:52+00:00","og_image":[{"width":1200,"height":720,"url":"https:\/\/mznoticia.com.br\/jaguariaiva\/wp-content\/uploads\/2026\/07\/arma.webp","type":"image\/webp"}],"author":"Redacao mz","twitter_card":"summary_large_image","twitter_misc":{"Escrito por":"Redacao mz","Est. tempo de leitura":"2 minutos"},"schema":{"@context":"https:\/\/schema.org","@graph":[{"@type":"Article","@id":"https:\/\/mznoticia.com.br\/jaguariaiva\/homem-e-preso-por-porte-ilegal-de-arma-de-fogo-durante-acao-da-pm-em-jaguariaiva\/#article","isPartOf":{"@id":"https:\/\/mznoticia.com.br\/jaguariaiva\/homem-e-preso-por-porte-ilegal-de-arma-de-fogo-durante-acao-da-pm-em-jaguariaiva\/"},"author":{"name":"Redacao mz","@id":"https:\/\/mznoticia.com.br\/jaguariaiva\/#\/schema\/person\/84012d827247b3f42f37b550da79cd03"},"headline":"Homem \u00e9 preso por porte ilegal de arma de fogo durante a\u00e7\u00e3o da PM em Jaguaria\u00edva","datePublished":"2026-07-27T12:02:52+00:00","mainEntityOfPage":{"@id":"https:\/\/mznoticia.com.br\/jaguariaiva\/homem-e-preso-por-porte-ilegal-de-arma-de-fogo-durante-acao-da-pm-em-jaguariaiva\/"},"wordCount":320,"commentCount":0,"publisher":{"@id":"https:\/\/mznoticia.com.br\/jaguariaiva\/#organization"},"image":{"@id":"https:\/\/mznoticia.com.br\/jaguariaiva\/homem-e-preso-por-porte-ilegal-de-arma-de-fogo-durante-acao-da-pm-em-jaguariaiva\/#primaryimage"},"thumbnailUrl":"https:\/\/mznoticia.com.br\/jaguariaiva\/wp-content\/uploads\/2026\/07\/arma.webp","keywords":["Arma de Fogo","Campos Gerais","destaque","jaguariaiva","MZ Not\u00edcias Prefiro esta resposta","parana","Pol\u00edcia Civil","pol\u00edcia militar","Porte ilegal de arma","Rev\u00f3lver calibre 38","Seguran\u00e7a P\u00fablica"],"articleSection":["Jaguaria\u00edva"],"inLanguage":"pt-BR","potentialAction":[{"@type":"CommentAction","name":"Comment","target":["https:\/\/mznoticia.com.br\/jaguariaiva\/homem-e-preso-por-porte-ilegal-de-arma-de-fogo-durante-acao-da-pm-em-jaguariaiva\/#respond"]}]},{"@type":"WebPage","@id":"https:\/\/mznoticia.com.br\/jaguariaiva\/homem-e-preso-por-porte-ilegal-de-arma-de-fogo-durante-acao-da-pm-em-jaguariaiva\/","url":"https:\/\/mznoticia.com.br\/jaguariaiva\/homem-e-preso-por-porte-ilegal-de-arma-de-fogo-durante-acao-da-pm-em-jaguariaiva\/","name":"Homem \u00e9 preso por porte ilegal de arma de fogo durante a\u00e7\u00e3o da PM em Jaguaria\u00edva - Mz Not\u00edcias","isPartOf":{"@id":"https:\/\/mznoticia.com.br\/jaguariaiva\/#website"},"primaryImageOfPage":{"@id":"https:\/\/mznoticia.com.br\/jaguariaiva\/homem-e-preso-por-porte-ilegal-de-arma-de-fogo-durante-acao-da-pm-em-jaguariaiva\/#primaryimage"},"image":{"@id":"https:\/\/mznoticia.com.br\/jaguariaiva\/homem-e-preso-por-porte-ilegal-de-arma-de-fogo-durante-acao-da-pm-em-jaguariaiva\/#primaryimage"},"thumbnailUrl":"https:\/\/mznoticia.com.br\/jaguariaiva\/wp-content\/uploads\/2026\/07\/arma.webp","datePublished":"2026-07-27T12:02:52+00:00","description":"Homem \u00e9 preso por porte ilegal de arma de fogo em Jaguaria\u00edva. A Pol\u00edcia Militar apreendeu um rev\u00f3lver calibre .38 com seis muni\u00e7\u00f5es durante a abordagem.","breadcrumb":{"@id":"https:\/\/mznoticia.com.br\/jaguariaiva\/homem-e-preso-por-porte-ilegal-de-arma-de-fogo-durante-acao-da-pm-em-jaguariaiva\/#breadcrumb"},"inLanguage":"pt-BR","potentialAction":[{"@type":"ReadAction","target":["https:\/\/mznoticia.com.br\/jaguariaiva\/homem-e-preso-por-porte-ilegal-de-arma-de-fogo-durante-acao-da-pm-em-jaguariaiva\/"]}]},{"@type":"ImageObject","inLanguage":"pt-BR","@id":"https:\/\/mznoticia.com.br\/jaguariaiva\/homem-e-preso-por-porte-ilegal-de-arma-de-fogo-durante-acao-da-pm-em-jaguariaiva\/#primaryimage","url":"https:\/\/mznoticia.com.br\/jaguariaiva\/wp-content\/uploads\/2026\/07\/arma.webp","contentUrl":"https:\/\/mznoticia.com.br\/jaguariaiva\/wp-content\/uploads\/2026\/07\/arma.webp","width":1200,"height":720},{"@type":"BreadcrumbList","@id":"https:\/\/mznoticia.com.br\/jaguariaiva\/homem-e-preso-por-porte-ilegal-de-arma-de-fogo-durante-acao-da-pm-em-jaguariaiva\/#breadcrumb","itemListElement":[{"@type":"ListItem","position":1,"name":"Home","item":"https:\/\/mznoticia.com.br\/jaguariaiva\/"},{"@type":"ListItem","position":2,"name":"Homem \u00e9 preso por porte ilegal de arma de fogo durante a\u00e7\u00e3o da PM em Jaguaria\u00edva"}]},{"@type":"WebSite","@id":"https:\/\/mznoticia.com.br\/jaguariaiva\/#website","url":"https:\/\/mznoticia.com.br\/jaguariaiva\/","name":"Mz Not\u00edcia","description":"A informa\u00e7\u00e3o que voc\u00ea precisa na hora certa!","publisher":{"@id":"https:\/\/mznoticia.com.br\/jaguariaiva\/#organization"},"potentialAction":[{"@type":"SearchAction","target":{"@type":"EntryPoint","urlTemplate":"https:\/\/mznoticia.com.br\/jaguariaiva\/?s={search_term_string}"},"query-input":{"@type":"PropertyValueSpecification","valueRequired":true,"valueName":"search_term_string"}}],"inLanguage":"pt-BR"},{"@type":"Organization","@id":"https:\/\/mznoticia.com.br\/jaguariaiva\/#organization","name":"Mz Not\u00edcia","url":"https:\/\/mznoticia.com.br\/jaguariaiva\/","logo":{"@type":"ImageObject","inLanguage":"pt-BR","@id":"https:\/\/mznoticia.com.br\/jaguariaiva\/#\/schema\/logo\/image\/","url":"https:\/\/mznoticia.com.br\/jaguariaiva\/wp-content\/uploads\/2025\/03\/Design-sem-nome-4-e1741200616392.png","contentUrl":"https:\/\/mznoticia.com.br\/jaguariaiva\/wp-content\/uploads\/2025\/03\/Design-sem-nome-4-e1741200616392.png","width":750,"height":563,"caption":"Mz Not\u00edcia"},"image":{"@id":"https:\/\/mznoticia.com.br\/jaguariaiva\/#\/schema\/logo\/image\/"},"sameAs":["https:\/\/www.facebook.com\/profile.php?id=61573479951222","https:\/\/www.instagram.com\/mz.jaguariaiva\/"]},{"@type":"Person","@id":"https:\/\/mznoticia.com.br\/jaguariaiva\/#\/schema\/person\/84012d827247b3f42f37b550da79cd03","name":"Redacao mz","image":{"@type":"ImageObject","inLanguage":"pt-BR","@id":"https:\/\/mznoticia.com.br\/jaguariaiva\/wp-content\/uploads\/2025\/02\/mznoticia_jaguariaiva_coluna-150x150.png","url":"https:\/\/mznoticia.com.br\/jaguariaiva\/wp-content\/uploads\/2025\/02\/mznoticia_jaguariaiva_coluna-150x150.png","contentUrl":"https:\/\/mznoticia.com.br\/jaguariaiva\/wp-content\/uploads\/2025\/02\/mznoticia_jaguariaiva_coluna-150x150.png","caption":"Redacao mz"},"sameAs":["http:\/\/mznoticia.com.br"],"url":"https:\/\/mznoticia.com.br\/jaguariaiva\/author\/lucimara\/"}]}},"_links":{"self":[{"href":"https:\/\/mznoticia.com.br\/jaguariaiva\/wp-json\/wp\/v2\/posts\/5326","targetHints":{"allow":["GET"]}}],"collection":[{"href":"https:\/\/mznoticia.com.br\/jaguariaiva\/wp-json\/wp\/v2\/posts"}],"about":[{"href":"https:\/\/mznoticia.com.br\/jaguariaiva\/wp-json\/wp\/v2\/types\/post"}],"author":[{"embeddable":true,"href":"https:\/\/mznoticia.com.br\/jaguariaiva\/wp-json\/wp\/v2\/users\/16"}],"replies":[{"embeddable":true,"href":"https:\/\/mznoticia.com.br\/jaguariaiva\/wp-json\/wp\/v2\/comments?post=5326"}],"version-history":[{"count":1,"href":"https:\/\/mznoticia.com.br\/jaguariaiva\/wp-json\/wp\/v2\/posts\/5326\/revisions"}],"predecessor-version":[{"id":5328,"href":"https:\/\/mznoticia.com.br\/jaguariaiva\/wp-json\/wp\/v2\/posts\/5326\/revisions\/5328"}],"wp:featuredmedia":[{"embeddable":true,"href":"https:\/\/mznoticia.com.br\/jaguariaiva\/wp-json\/wp\/v2\/media\/5327"}],"wp:attachment":[{"href":"https:\/\/mznoticia.com.br\/jaguariaiva\/wp-json\/wp\/v2\/media?parent=5326"}],"wp:term":[{"taxonomy":"category","embeddable":true,"href":"https:\/\/mznoticia.com.br\/jaguariaiva\/wp-json\/wp\/v2\/categories?post=5326"},{"taxonomy":"post_tag","embeddable":true,"href":"https:\/\/mznoticia.com.br\/jaguariaiva\/wp-json\/wp\/v2\/tags?post=5326"}],"curies":[{"name":"wp","href":"https:\/\/api.w.org\/{rel}","templated":true}]}}