{"id":5393,"date":"2026-07-28T00:48:02","date_gmt":"2026-07-28T00:48:02","guid":{"rendered":"https:\/\/mznoticia.com.br\/jaguariaiva\/?p=5393"},"modified":"2026-07-28T00:48:02","modified_gmt":"2026-07-28T00:48:02","slug":"110a-festa-do-senhor-bom-jesus-da-pedra-fria-comeca-nesta-terca-feira-em-jaguariaiva","status":"publish","type":"post","link":"https:\/\/mznoticia.com.br\/jaguariaiva\/110a-festa-do-senhor-bom-jesus-da-pedra-fria-comeca-nesta-terca-feira-em-jaguariaiva\/","title":{"rendered":"110\u00aa Festa do Senhor Bom Jesus da Pedra Fria come\u00e7a nesta ter\u00e7a-feira em Jaguaria\u00edva"},"content":{"rendered":"<p class=\"PDq2pG_selectionAnchorContainer\" data-start=\"92\" data-end=\"264\">Programa\u00e7\u00e3o segue at\u00e9 7 de agosto com novenas, missas, prociss\u00f5es, cavalgada, parque de divers\u00f5es, pra\u00e7a de alimenta\u00e7\u00e3o e outras atra\u00e7\u00f5es para a comunidade.<\/p>\n<h2 data-section-id=\"dcx88h\" data-start=\"271\" data-end=\"315\">Celebra\u00e7\u00e3o re\u00fane f\u00e9 e tradi\u00e7\u00e3o centen\u00e1ria<\/h2>\n<p data-start=\"317\" data-end=\"674\">Jaguaria\u00edva inicia nesta ter\u00e7a-feira (28) a <strong data-start=\"361\" data-end=\"446\">110\u00aa edi\u00e7\u00e3o da Festa do Senhor Bom Jesus da Pedra Fria e do Divino Esp\u00edrito Santo<\/strong>, uma das mais tradicionais celebra\u00e7\u00f5es religiosas dos Campos Gerais. O evento ser\u00e1 realizado no <strong data-start=\"543\" data-end=\"597\">Santu\u00e1rio Diocesano Senhor Bom Jesus da Pedra Fria<\/strong> e seguir\u00e1 at\u00e9 o dia <strong data-start=\"618\" data-end=\"633\">7 de agosto<\/strong>, reunindo fi\u00e9is, moradores e visitantes.<\/p>\n<p data-start=\"676\" data-end=\"820\">A programa\u00e7\u00e3o combina atividades religiosas e sociais, mantendo viva uma tradi\u00e7\u00e3o que h\u00e1 mais de um s\u00e9culo faz parte do calend\u00e1rio do munic\u00edpio.<\/p>\n<h2 data-section-id=\"wulvvf\" data-start=\"827\" data-end=\"882\">Novenas e celebra\u00e7\u00f5es marcam a programa\u00e7\u00e3o religiosa<\/h2>\n<p data-start=\"884\" data-end=\"992\">A abertura da programa\u00e7\u00e3o religiosa acontece nesta ter\u00e7a-feira (28), \u00e0s 19h, com a primeira noite da novena.<\/p>\n<p data-start=\"994\" data-end=\"1155\">As celebra\u00e7\u00f5es prosseguem diariamente at\u00e9 o dia <strong data-start=\"1042\" data-end=\"1057\">5 de agosto<\/strong>, com missas, momentos de ora\u00e7\u00e3o e b\u00ean\u00e7\u00e3os que re\u00fanem fi\u00e9is de Jaguaria\u00edva e de cidades da regi\u00e3o.<\/p>\n<h2 data-section-id=\"f5ga7t\" data-start=\"1162\" data-end=\"1211\">Festa contar\u00e1 com atra\u00e7\u00f5es para toda a fam\u00edlia<\/h2>\n<p data-start=\"1213\" data-end=\"1311\">Al\u00e9m das atividades religiosas, a Festa de Agosto oferecer\u00e1 diversas atra\u00e7\u00f5es voltadas ao p\u00fablico.<\/p>\n<p data-start=\"1313\" data-end=\"1355\">Durante todo o evento estar\u00e3o dispon\u00edveis:<\/p>\n<ul data-start=\"1357\" data-end=\"1462\">\n<li data-section-id=\"11jgu23\" data-start=\"1357\" data-end=\"1380\">pra\u00e7a de alimenta\u00e7\u00e3o;<\/li>\n<li data-section-id=\"zodcv4\" data-start=\"1381\" data-end=\"1392\">barracas;<\/li>\n<li data-section-id=\"1jc63l\" data-start=\"1393\" data-end=\"1420\">bingo no Sal\u00e3o Paroquial;<\/li>\n<li data-section-id=\"1vqoxkc\" data-start=\"1421\" data-end=\"1443\">parque de divers\u00f5es;<\/li>\n<li data-section-id=\"g9sb10\" data-start=\"1444\" data-end=\"1462\">show de pr\u00eamios.<\/li>\n<\/ul>\n<p data-start=\"1464\" data-end=\"1612\">A proposta \u00e9 promover momentos de confraterniza\u00e7\u00e3o entre as fam\u00edlias e preservar uma das mais antigas tradi\u00e7\u00f5es culturais e religiosas do munic\u00edpio.<\/p>\n<h2 data-section-id=\"9j9xbs\" data-start=\"1619\" data-end=\"1665\">Cavalgada \u00e9 um dos destaques da programa\u00e7\u00e3o<\/h2>\n<p data-start=\"1667\" data-end=\"1786\">Entre os eventos mais aguardados est\u00e1 a <strong data-start=\"1707\" data-end=\"1744\">26\u00aa Cavalgada do Senhor Bom Jesus<\/strong>, marcada para o domingo, <strong data-start=\"1770\" data-end=\"1785\">2 de agosto<\/strong>.<\/p>\n<p data-start=\"1788\" data-end=\"1938\">A programa\u00e7\u00e3o do dia inclui a participa\u00e7\u00e3o de cavaleiros e amazonas da regi\u00e3o, almo\u00e7o no Sal\u00e3o Paroquial, leil\u00e3o de prendas e a sexta noite da novena.<\/p>\n<p data-start=\"1940\" data-end=\"2036\">Tamb\u00e9m ser\u00e1 realizado, de forma presencial, um sorteio extra de <strong data-start=\"2004\" data-end=\"2016\">R$ 2 mil<\/strong> do Show de Pr\u00eamios.<\/p>\n<h2 data-section-id=\"7u6oia\" data-start=\"2043\" data-end=\"2085\">Dia do padroeiro ter\u00e1 missa e prociss\u00e3o<\/h2>\n<p data-start=\"2087\" data-end=\"2205\">O ponto alto da programa\u00e7\u00e3o ser\u00e1 no <strong data-start=\"2123\" data-end=\"2142\">dia 6 de agosto<\/strong>, data dedicada \u00e0 Solenidade do Senhor Bom Jesus da Pedra Fria.<\/p>\n<p data-start=\"2207\" data-end=\"2223\">Est\u00e3o previstas:<\/p>\n<ul data-start=\"2225\" data-end=\"2340\">\n<li data-section-id=\"acwx58\" data-start=\"2225\" data-end=\"2240\">missa \u00e0s 10h;<\/li>\n<li data-section-id=\"v35tg9\" data-start=\"2241\" data-end=\"2281\">almo\u00e7o comunit\u00e1rio no Sal\u00e3o Paroquial;<\/li>\n<li data-section-id=\"i9a7yc\" data-start=\"2282\" data-end=\"2340\">missa \u00e0s 16h, seguida de prociss\u00e3o pelas ruas da cidade.<\/li>\n<\/ul>\n<p data-start=\"2342\" data-end=\"2462\">Durante todo o dia tamb\u00e9m funcionar\u00e3o as barracas, pra\u00e7a de alimenta\u00e7\u00e3o, parque de divers\u00f5es, bingo e o Show de Pr\u00eamios.<\/p>\n<h2 data-section-id=\"12ft95a\" data-start=\"2469\" data-end=\"2504\">Encerramento ser\u00e1 em 7 de agosto<\/h2>\n<p data-start=\"2506\" data-end=\"2637\">A programa\u00e7\u00e3o ser\u00e1 encerrada no dia <strong data-start=\"2542\" data-end=\"2557\">7 de agosto<\/strong>, com a <strong data-start=\"2565\" data-end=\"2606\">Missa Votiva ao Divino Esp\u00edrito Santo<\/strong>, seguida de prociss\u00e3o, \u00e0s 19h.<\/p>\n<p data-start=\"2639\" data-end=\"2777\">A celebra\u00e7\u00e3o marca o fim de mais uma edi\u00e7\u00e3o da Festa de Agosto, considerada uma das maiores manifesta\u00e7\u00f5es de f\u00e9 e tradi\u00e7\u00e3o de Jaguaria\u00edva.<\/p>\n","protected":false},"excerpt":{"rendered":"<p>Programa\u00e7\u00e3o segue at\u00e9 7 de agosto com novenas, missas, prociss\u00f5es, cavalgada, parque de divers\u00f5es, pra\u00e7a de alimenta\u00e7\u00e3o e outras atra\u00e7\u00f5es para a comunidade. Celebra\u00e7\u00e3o re\u00fane f\u00e9 e tradi\u00e7\u00e3o centen\u00e1ria Jaguaria\u00edva inicia nesta ter\u00e7a-feira (28) a 110\u00aa edi\u00e7\u00e3o da Festa do Senhor Bom Jesus da Pedra Fria e do Divino Esp\u00edrito Santo, uma das mais tradicionais [&hellip;]<\/p>\n","protected":false},"author":17,"featured_media":5394,"comment_status":"open","ping_status":"open","sticky":false,"template":"","format":"standard","meta":{"footnotes":""},"categories":[1,10,6],"tags":[1087],"class_list":["post-5393","post","type-post","status-publish","format-standard","has-post-thumbnail","hentry","category-cultura","category-eventos","category-jaguariaiva","tag-jaguariaiva-bomjesusdapedrafria-festadeagosto-camposgerais-religiao-fe-procissao-cavalgada-turismoreligioso-parana-mznoticias"],"yoast_head":"<!-- This site is optimized with the Yoast SEO plugin v28.1 - https:\/\/yoast.com\/product\/yoast-seo-wordpress\/ -->\n<title>110\u00aa Festa do Senhor Bom Jesus da Pedra Fria come\u00e7a nesta ter\u00e7a-feira em Jaguaria\u00edva - Mz Not\u00edcias<\/title>\n<meta name=\"description\" content=\"A 110\u00aa Festa do Senhor Bom Jesus da Pedra Fria come\u00e7a nesta ter\u00e7a-feira (28), em Jaguaria\u00edva, com novenas, missas, prociss\u00f5es, cavalgada e atra\u00e7\u00f5es para toda a fam\u00edlia.\" \/>\n<meta name=\"robots\" content=\"index, follow, max-snippet:-1, max-image-preview:large, max-video-preview:-1\" \/>\n<link rel=\"canonical\" href=\"https:\/\/mznoticia.com.br\/jaguariaiva\/110a-festa-do-senhor-bom-jesus-da-pedra-fria-comeca-nesta-terca-feira-em-jaguariaiva\/\" \/>\n<meta property=\"og:locale\" content=\"pt_BR\" \/>\n<meta property=\"og:type\" content=\"article\" \/>\n<meta property=\"og:title\" content=\"110\u00aa Festa do Senhor Bom Jesus da Pedra Fria come\u00e7a nesta ter\u00e7a-feira em Jaguaria\u00edva - Mz Not\u00edcias\" \/>\n<meta property=\"og:description\" content=\"A 110\u00aa Festa do Senhor Bom Jesus da Pedra Fria come\u00e7a nesta ter\u00e7a-feira (28), em Jaguaria\u00edva, com novenas, missas, prociss\u00f5es, cavalgada e atra\u00e7\u00f5es para toda a fam\u00edlia.\" \/>\n<meta property=\"og:url\" content=\"https:\/\/mznoticia.com.br\/jaguariaiva\/110a-festa-do-senhor-bom-jesus-da-pedra-fria-comeca-nesta-terca-feira-em-jaguariaiva\/\" \/>\n<meta property=\"og:site_name\" content=\"Mz Not\u00edcias\" \/>\n<meta property=\"article:publisher\" content=\"https:\/\/www.facebook.com\/profile.php?id=61573479951222\" \/>\n<meta property=\"article:published_time\" content=\"2026-07-28T00:48:02+00:00\" \/>\n<meta property=\"og:image\" content=\"https:\/\/mznoticia.com.br\/jaguariaiva\/wp-content\/uploads\/2026\/07\/jesus.jpg\" \/>\n\t<meta property=\"og:image:width\" content=\"308\" \/>\n\t<meta property=\"og:image:height\" content=\"163\" \/>\n\t<meta property=\"og:image:type\" content=\"image\/jpeg\" \/>\n<meta name=\"author\" content=\"redacao mz\" \/>\n<meta name=\"twitter:card\" content=\"summary_large_image\" \/>\n<meta name=\"twitter:label1\" content=\"Escrito por\" \/>\n\t<meta name=\"twitter:data1\" content=\"redacao mz\" \/>\n\t<meta name=\"twitter:label2\" content=\"Est. tempo de leitura\" \/>\n\t<meta name=\"twitter:data2\" content=\"3 minutos\" \/>\n<script type=\"application\/ld+json\" class=\"yoast-schema-graph\">{\"@context\":\"https:\\\/\\\/schema.org\",\"@graph\":[{\"@type\":\"Article\",\"@id\":\"https:\\\/\\\/mznoticia.com.br\\\/jaguariaiva\\\/110a-festa-do-senhor-bom-jesus-da-pedra-fria-comeca-nesta-terca-feira-em-jaguariaiva\\\/#article\",\"isPartOf\":{\"@id\":\"https:\\\/\\\/mznoticia.com.br\\\/jaguariaiva\\\/110a-festa-do-senhor-bom-jesus-da-pedra-fria-comeca-nesta-terca-feira-em-jaguariaiva\\\/\"},\"author\":{\"name\":\"redacao mz\",\"@id\":\"https:\\\/\\\/mznoticia.com.br\\\/jaguariaiva\\\/#\\\/schema\\\/person\\\/9081e3eea38d0f9ff6d13386b9d71916\"},\"headline\":\"110\u00aa Festa do Senhor Bom Jesus da Pedra Fria come\u00e7a nesta ter\u00e7a-feira em Jaguaria\u00edva\",\"datePublished\":\"2026-07-28T00:48:02+00:00\",\"mainEntityOfPage\":{\"@id\":\"https:\\\/\\\/mznoticia.com.br\\\/jaguariaiva\\\/110a-festa-do-senhor-bom-jesus-da-pedra-fria-comeca-nesta-terca-feira-em-jaguariaiva\\\/\"},\"wordCount\":496,\"commentCount\":0,\"publisher\":{\"@id\":\"https:\\\/\\\/mznoticia.com.br\\\/jaguariaiva\\\/#organization\"},\"image\":{\"@id\":\"https:\\\/\\\/mznoticia.com.br\\\/jaguariaiva\\\/110a-festa-do-senhor-bom-jesus-da-pedra-fria-comeca-nesta-terca-feira-em-jaguariaiva\\\/#primaryimage\"},\"thumbnailUrl\":\"https:\\\/\\\/mznoticia.com.br\\\/jaguariaiva\\\/wp-content\\\/uploads\\\/2026\\\/07\\\/jesus.jpg\",\"keywords\":[\"#Jaguaria\u00edva #BomJesusDaPedraFria #FestaDeAgosto #CamposGerais #Religi\u00e3o #F\u00e9 #Prociss\u00e3o #Cavalgada #TurismoReligioso #Paran\u00e1 #MZNot\u00edcias\"],\"articleSection\":[\"Cultura\",\"Eventos\",\"Jaguaria\u00edva\"],\"inLanguage\":\"pt-BR\",\"potentialAction\":[{\"@type\":\"CommentAction\",\"name\":\"Comment\",\"target\":[\"https:\\\/\\\/mznoticia.com.br\\\/jaguariaiva\\\/110a-festa-do-senhor-bom-jesus-da-pedra-fria-comeca-nesta-terca-feira-em-jaguariaiva\\\/#respond\"]}]},{\"@type\":\"WebPage\",\"@id\":\"https:\\\/\\\/mznoticia.com.br\\\/jaguariaiva\\\/110a-festa-do-senhor-bom-jesus-da-pedra-fria-comeca-nesta-terca-feira-em-jaguariaiva\\\/\",\"url\":\"https:\\\/\\\/mznoticia.com.br\\\/jaguariaiva\\\/110a-festa-do-senhor-bom-jesus-da-pedra-fria-comeca-nesta-terca-feira-em-jaguariaiva\\\/\",\"name\":\"110\u00aa Festa do Senhor Bom Jesus da Pedra Fria come\u00e7a nesta ter\u00e7a-feira em Jaguaria\u00edva - Mz Not\u00edcias\",\"isPartOf\":{\"@id\":\"https:\\\/\\\/mznoticia.com.br\\\/jaguariaiva\\\/#website\"},\"primaryImageOfPage\":{\"@id\":\"https:\\\/\\\/mznoticia.com.br\\\/jaguariaiva\\\/110a-festa-do-senhor-bom-jesus-da-pedra-fria-comeca-nesta-terca-feira-em-jaguariaiva\\\/#primaryimage\"},\"image\":{\"@id\":\"https:\\\/\\\/mznoticia.com.br\\\/jaguariaiva\\\/110a-festa-do-senhor-bom-jesus-da-pedra-fria-comeca-nesta-terca-feira-em-jaguariaiva\\\/#primaryimage\"},\"thumbnailUrl\":\"https:\\\/\\\/mznoticia.com.br\\\/jaguariaiva\\\/wp-content\\\/uploads\\\/2026\\\/07\\\/jesus.jpg\",\"datePublished\":\"2026-07-28T00:48:02+00:00\",\"description\":\"A 110\u00aa Festa do Senhor Bom Jesus da Pedra Fria come\u00e7a nesta ter\u00e7a-feira (28), em Jaguaria\u00edva, com novenas, missas, prociss\u00f5es, cavalgada e atra\u00e7\u00f5es para toda a fam\u00edlia.\",\"breadcrumb\":{\"@id\":\"https:\\\/\\\/mznoticia.com.br\\\/jaguariaiva\\\/110a-festa-do-senhor-bom-jesus-da-pedra-fria-comeca-nesta-terca-feira-em-jaguariaiva\\\/#breadcrumb\"},\"inLanguage\":\"pt-BR\",\"potentialAction\":[{\"@type\":\"ReadAction\",\"target\":[\"https:\\\/\\\/mznoticia.com.br\\\/jaguariaiva\\\/110a-festa-do-senhor-bom-jesus-da-pedra-fria-comeca-nesta-terca-feira-em-jaguariaiva\\\/\"]}]},{\"@type\":\"ImageObject\",\"inLanguage\":\"pt-BR\",\"@id\":\"https:\\\/\\\/mznoticia.com.br\\\/jaguariaiva\\\/110a-festa-do-senhor-bom-jesus-da-pedra-fria-comeca-nesta-terca-feira-em-jaguariaiva\\\/#primaryimage\",\"url\":\"https:\\\/\\\/mznoticia.com.br\\\/jaguariaiva\\\/wp-content\\\/uploads\\\/2026\\\/07\\\/jesus.jpg\",\"contentUrl\":\"https:\\\/\\\/mznoticia.com.br\\\/jaguariaiva\\\/wp-content\\\/uploads\\\/2026\\\/07\\\/jesus.jpg\",\"width\":308,\"height\":163},{\"@type\":\"BreadcrumbList\",\"@id\":\"https:\\\/\\\/mznoticia.com.br\\\/jaguariaiva\\\/110a-festa-do-senhor-bom-jesus-da-pedra-fria-comeca-nesta-terca-feira-em-jaguariaiva\\\/#breadcrumb\",\"itemListElement\":[{\"@type\":\"ListItem\",\"position\":1,\"name\":\"Home\",\"item\":\"https:\\\/\\\/mznoticia.com.br\\\/jaguariaiva\\\/\"},{\"@type\":\"ListItem\",\"position\":2,\"name\":\"110\u00aa Festa do Senhor Bom Jesus da Pedra Fria come\u00e7a nesta ter\u00e7a-feira em Jaguaria\u00edva\"}]},{\"@type\":\"WebSite\",\"@id\":\"https:\\\/\\\/mznoticia.com.br\\\/jaguariaiva\\\/#website\",\"url\":\"https:\\\/\\\/mznoticia.com.br\\\/jaguariaiva\\\/\",\"name\":\"Mz Not\u00edcia\",\"description\":\"A informa\u00e7\u00e3o que voc\u00ea precisa na hora certa!\",\"publisher\":{\"@id\":\"https:\\\/\\\/mznoticia.com.br\\\/jaguariaiva\\\/#organization\"},\"potentialAction\":[{\"@type\":\"SearchAction\",\"target\":{\"@type\":\"EntryPoint\",\"urlTemplate\":\"https:\\\/\\\/mznoticia.com.br\\\/jaguariaiva\\\/?s={search_term_string}\"},\"query-input\":{\"@type\":\"PropertyValueSpecification\",\"valueRequired\":true,\"valueName\":\"search_term_string\"}}],\"inLanguage\":\"pt-BR\"},{\"@type\":\"Organization\",\"@id\":\"https:\\\/\\\/mznoticia.com.br\\\/jaguariaiva\\\/#organization\",\"name\":\"Mz Not\u00edcia\",\"url\":\"https:\\\/\\\/mznoticia.com.br\\\/jaguariaiva\\\/\",\"logo\":{\"@type\":\"ImageObject\",\"inLanguage\":\"pt-BR\",\"@id\":\"https:\\\/\\\/mznoticia.com.br\\\/jaguariaiva\\\/#\\\/schema\\\/logo\\\/image\\\/\",\"url\":\"https:\\\/\\\/mznoticia.com.br\\\/jaguariaiva\\\/wp-content\\\/uploads\\\/2025\\\/03\\\/Design-sem-nome-4-e1741200616392.png\",\"contentUrl\":\"https:\\\/\\\/mznoticia.com.br\\\/jaguariaiva\\\/wp-content\\\/uploads\\\/2025\\\/03\\\/Design-sem-nome-4-e1741200616392.png\",\"width\":750,\"height\":563,\"caption\":\"Mz Not\u00edcia\"},\"image\":{\"@id\":\"https:\\\/\\\/mznoticia.com.br\\\/jaguariaiva\\\/#\\\/schema\\\/logo\\\/image\\\/\"},\"sameAs\":[\"https:\\\/\\\/www.facebook.com\\\/profile.php?id=61573479951222\",\"https:\\\/\\\/www.instagram.com\\\/mz.jaguariaiva\\\/\"]},{\"@type\":\"Person\",\"@id\":\"https:\\\/\\\/mznoticia.com.br\\\/jaguariaiva\\\/#\\\/schema\\\/person\\\/9081e3eea38d0f9ff6d13386b9d71916\",\"name\":\"redacao mz\",\"image\":{\"@type\":\"ImageObject\",\"inLanguage\":\"pt-BR\",\"@id\":\"https:\\\/\\\/mznoticia.com.br\\\/jaguariaiva\\\/wp-content\\\/uploads\\\/2025\\\/02\\\/mznoticia_jaguariaiva_coluna-150x150.png\",\"url\":\"https:\\\/\\\/mznoticia.com.br\\\/jaguariaiva\\\/wp-content\\\/uploads\\\/2025\\\/02\\\/mznoticia_jaguariaiva_coluna-150x150.png\",\"contentUrl\":\"https:\\\/\\\/mznoticia.com.br\\\/jaguariaiva\\\/wp-content\\\/uploads\\\/2025\\\/02\\\/mznoticia_jaguariaiva_coluna-150x150.png\",\"caption\":\"redacao mz\"},\"url\":\"https:\\\/\\\/mznoticia.com.br\\\/jaguariaiva\\\/author\\\/manu\\\/\"}]}<\/script>\n<!-- \/ Yoast SEO plugin. -->","yoast_head_json":{"title":"110\u00aa Festa do Senhor Bom Jesus da Pedra Fria come\u00e7a nesta ter\u00e7a-feira em Jaguaria\u00edva - Mz Not\u00edcias","description":"A 110\u00aa Festa do Senhor Bom Jesus da Pedra Fria come\u00e7a nesta ter\u00e7a-feira (28), em Jaguaria\u00edva, com novenas, missas, prociss\u00f5es, cavalgada e atra\u00e7\u00f5es para toda a fam\u00edlia.","robots":{"index":"index","follow":"follow","max-snippet":"max-snippet:-1","max-image-preview":"max-image-preview:large","max-video-preview":"max-video-preview:-1"},"canonical":"https:\/\/mznoticia.com.br\/jaguariaiva\/110a-festa-do-senhor-bom-jesus-da-pedra-fria-comeca-nesta-terca-feira-em-jaguariaiva\/","og_locale":"pt_BR","og_type":"article","og_title":"110\u00aa Festa do Senhor Bom Jesus da Pedra Fria come\u00e7a nesta ter\u00e7a-feira em Jaguaria\u00edva - Mz Not\u00edcias","og_description":"A 110\u00aa Festa do Senhor Bom Jesus da Pedra Fria come\u00e7a nesta ter\u00e7a-feira (28), em Jaguaria\u00edva, com novenas, missas, prociss\u00f5es, cavalgada e atra\u00e7\u00f5es para toda a fam\u00edlia.","og_url":"https:\/\/mznoticia.com.br\/jaguariaiva\/110a-festa-do-senhor-bom-jesus-da-pedra-fria-comeca-nesta-terca-feira-em-jaguariaiva\/","og_site_name":"Mz Not\u00edcias","article_publisher":"https:\/\/www.facebook.com\/profile.php?id=61573479951222","article_published_time":"2026-07-28T00:48:02+00:00","og_image":[{"width":308,"height":163,"url":"https:\/\/mznoticia.com.br\/jaguariaiva\/wp-content\/uploads\/2026\/07\/jesus.jpg","type":"image\/jpeg"}],"author":"redacao mz","twitter_card":"summary_large_image","twitter_misc":{"Escrito por":"redacao mz","Est. tempo de leitura":"3 minutos"},"schema":{"@context":"https:\/\/schema.org","@graph":[{"@type":"Article","@id":"https:\/\/mznoticia.com.br\/jaguariaiva\/110a-festa-do-senhor-bom-jesus-da-pedra-fria-comeca-nesta-terca-feira-em-jaguariaiva\/#article","isPartOf":{"@id":"https:\/\/mznoticia.com.br\/jaguariaiva\/110a-festa-do-senhor-bom-jesus-da-pedra-fria-comeca-nesta-terca-feira-em-jaguariaiva\/"},"author":{"name":"redacao mz","@id":"https:\/\/mznoticia.com.br\/jaguariaiva\/#\/schema\/person\/9081e3eea38d0f9ff6d13386b9d71916"},"headline":"110\u00aa Festa do Senhor Bom Jesus da Pedra Fria come\u00e7a nesta ter\u00e7a-feira em Jaguaria\u00edva","datePublished":"2026-07-28T00:48:02+00:00","mainEntityOfPage":{"@id":"https:\/\/mznoticia.com.br\/jaguariaiva\/110a-festa-do-senhor-bom-jesus-da-pedra-fria-comeca-nesta-terca-feira-em-jaguariaiva\/"},"wordCount":496,"commentCount":0,"publisher":{"@id":"https:\/\/mznoticia.com.br\/jaguariaiva\/#organization"},"image":{"@id":"https:\/\/mznoticia.com.br\/jaguariaiva\/110a-festa-do-senhor-bom-jesus-da-pedra-fria-comeca-nesta-terca-feira-em-jaguariaiva\/#primaryimage"},"thumbnailUrl":"https:\/\/mznoticia.com.br\/jaguariaiva\/wp-content\/uploads\/2026\/07\/jesus.jpg","keywords":["#Jaguaria\u00edva #BomJesusDaPedraFria #FestaDeAgosto #CamposGerais #Religi\u00e3o #F\u00e9 #Prociss\u00e3o #Cavalgada #TurismoReligioso #Paran\u00e1 #MZNot\u00edcias"],"articleSection":["Cultura","Eventos","Jaguaria\u00edva"],"inLanguage":"pt-BR","potentialAction":[{"@type":"CommentAction","name":"Comment","target":["https:\/\/mznoticia.com.br\/jaguariaiva\/110a-festa-do-senhor-bom-jesus-da-pedra-fria-comeca-nesta-terca-feira-em-jaguariaiva\/#respond"]}]},{"@type":"WebPage","@id":"https:\/\/mznoticia.com.br\/jaguariaiva\/110a-festa-do-senhor-bom-jesus-da-pedra-fria-comeca-nesta-terca-feira-em-jaguariaiva\/","url":"https:\/\/mznoticia.com.br\/jaguariaiva\/110a-festa-do-senhor-bom-jesus-da-pedra-fria-comeca-nesta-terca-feira-em-jaguariaiva\/","name":"110\u00aa Festa do Senhor Bom Jesus da Pedra Fria come\u00e7a nesta ter\u00e7a-feira em Jaguaria\u00edva - Mz Not\u00edcias","isPartOf":{"@id":"https:\/\/mznoticia.com.br\/jaguariaiva\/#website"},"primaryImageOfPage":{"@id":"https:\/\/mznoticia.com.br\/jaguariaiva\/110a-festa-do-senhor-bom-jesus-da-pedra-fria-comeca-nesta-terca-feira-em-jaguariaiva\/#primaryimage"},"image":{"@id":"https:\/\/mznoticia.com.br\/jaguariaiva\/110a-festa-do-senhor-bom-jesus-da-pedra-fria-comeca-nesta-terca-feira-em-jaguariaiva\/#primaryimage"},"thumbnailUrl":"https:\/\/mznoticia.com.br\/jaguariaiva\/wp-content\/uploads\/2026\/07\/jesus.jpg","datePublished":"2026-07-28T00:48:02+00:00","description":"A 110\u00aa Festa do Senhor Bom Jesus da Pedra Fria come\u00e7a nesta ter\u00e7a-feira (28), em Jaguaria\u00edva, com novenas, missas, prociss\u00f5es, cavalgada e atra\u00e7\u00f5es para toda a fam\u00edlia.","breadcrumb":{"@id":"https:\/\/mznoticia.com.br\/jaguariaiva\/110a-festa-do-senhor-bom-jesus-da-pedra-fria-comeca-nesta-terca-feira-em-jaguariaiva\/#breadcrumb"},"inLanguage":"pt-BR","potentialAction":[{"@type":"ReadAction","target":["https:\/\/mznoticia.com.br\/jaguariaiva\/110a-festa-do-senhor-bom-jesus-da-pedra-fria-comeca-nesta-terca-feira-em-jaguariaiva\/"]}]},{"@type":"ImageObject","inLanguage":"pt-BR","@id":"https:\/\/mznoticia.com.br\/jaguariaiva\/110a-festa-do-senhor-bom-jesus-da-pedra-fria-comeca-nesta-terca-feira-em-jaguariaiva\/#primaryimage","url":"https:\/\/mznoticia.com.br\/jaguariaiva\/wp-content\/uploads\/2026\/07\/jesus.jpg","contentUrl":"https:\/\/mznoticia.com.br\/jaguariaiva\/wp-content\/uploads\/2026\/07\/jesus.jpg","width":308,"height":163},{"@type":"BreadcrumbList","@id":"https:\/\/mznoticia.com.br\/jaguariaiva\/110a-festa-do-senhor-bom-jesus-da-pedra-fria-comeca-nesta-terca-feira-em-jaguariaiva\/#breadcrumb","itemListElement":[{"@type":"ListItem","position":1,"name":"Home","item":"https:\/\/mznoticia.com.br\/jaguariaiva\/"},{"@type":"ListItem","position":2,"name":"110\u00aa Festa do Senhor Bom Jesus da Pedra Fria come\u00e7a nesta ter\u00e7a-feira em Jaguaria\u00edva"}]},{"@type":"WebSite","@id":"https:\/\/mznoticia.com.br\/jaguariaiva\/#website","url":"https:\/\/mznoticia.com.br\/jaguariaiva\/","name":"Mz Not\u00edcia","description":"A informa\u00e7\u00e3o que voc\u00ea precisa na hora certa!","publisher":{"@id":"https:\/\/mznoticia.com.br\/jaguariaiva\/#organization"},"potentialAction":[{"@type":"SearchAction","target":{"@type":"EntryPoint","urlTemplate":"https:\/\/mznoticia.com.br\/jaguariaiva\/?s={search_term_string}"},"query-input":{"@type":"PropertyValueSpecification","valueRequired":true,"valueName":"search_term_string"}}],"inLanguage":"pt-BR"},{"@type":"Organization","@id":"https:\/\/mznoticia.com.br\/jaguariaiva\/#organization","name":"Mz Not\u00edcia","url":"https:\/\/mznoticia.com.br\/jaguariaiva\/","logo":{"@type":"ImageObject","inLanguage":"pt-BR","@id":"https:\/\/mznoticia.com.br\/jaguariaiva\/#\/schema\/logo\/image\/","url":"https:\/\/mznoticia.com.br\/jaguariaiva\/wp-content\/uploads\/2025\/03\/Design-sem-nome-4-e1741200616392.png","contentUrl":"https:\/\/mznoticia.com.br\/jaguariaiva\/wp-content\/uploads\/2025\/03\/Design-sem-nome-4-e1741200616392.png","width":750,"height":563,"caption":"Mz Not\u00edcia"},"image":{"@id":"https:\/\/mznoticia.com.br\/jaguariaiva\/#\/schema\/logo\/image\/"},"sameAs":["https:\/\/www.facebook.com\/profile.php?id=61573479951222","https:\/\/www.instagram.com\/mz.jaguariaiva\/"]},{"@type":"Person","@id":"https:\/\/mznoticia.com.br\/jaguariaiva\/#\/schema\/person\/9081e3eea38d0f9ff6d13386b9d71916","name":"redacao mz","image":{"@type":"ImageObject","inLanguage":"pt-BR","@id":"https:\/\/mznoticia.com.br\/jaguariaiva\/wp-content\/uploads\/2025\/02\/mznoticia_jaguariaiva_coluna-150x150.png","url":"https:\/\/mznoticia.com.br\/jaguariaiva\/wp-content\/uploads\/2025\/02\/mznoticia_jaguariaiva_coluna-150x150.png","contentUrl":"https:\/\/mznoticia.com.br\/jaguariaiva\/wp-content\/uploads\/2025\/02\/mznoticia_jaguariaiva_coluna-150x150.png","caption":"redacao mz"},"url":"https:\/\/mznoticia.com.br\/jaguariaiva\/author\/manu\/"}]}},"_links":{"self":[{"href":"https:\/\/mznoticia.com.br\/jaguariaiva\/wp-json\/wp\/v2\/posts\/5393","targetHints":{"allow":["GET"]}}],"collection":[{"href":"https:\/\/mznoticia.com.br\/jaguariaiva\/wp-json\/wp\/v2\/posts"}],"about":[{"href":"https:\/\/mznoticia.com.br\/jaguariaiva\/wp-json\/wp\/v2\/types\/post"}],"author":[{"embeddable":true,"href":"https:\/\/mznoticia.com.br\/jaguariaiva\/wp-json\/wp\/v2\/users\/17"}],"replies":[{"embeddable":true,"href":"https:\/\/mznoticia.com.br\/jaguariaiva\/wp-json\/wp\/v2\/comments?post=5393"}],"version-history":[{"count":1,"href":"https:\/\/mznoticia.com.br\/jaguariaiva\/wp-json\/wp\/v2\/posts\/5393\/revisions"}],"predecessor-version":[{"id":5395,"href":"https:\/\/mznoticia.com.br\/jaguariaiva\/wp-json\/wp\/v2\/posts\/5393\/revisions\/5395"}],"wp:featuredmedia":[{"embeddable":true,"href":"https:\/\/mznoticia.com.br\/jaguariaiva\/wp-json\/wp\/v2\/media\/5394"}],"wp:attachment":[{"href":"https:\/\/mznoticia.com.br\/jaguariaiva\/wp-json\/wp\/v2\/media?parent=5393"}],"wp:term":[{"taxonomy":"category","embeddable":true,"href":"https:\/\/mznoticia.com.br\/jaguariaiva\/wp-json\/wp\/v2\/categories?post=5393"},{"taxonomy":"post_tag","embeddable":true,"href":"https:\/\/mznoticia.com.br\/jaguariaiva\/wp-json\/wp\/v2\/tags?post=5393"}],"curies":[{"name":"wp","href":"https:\/\/api.w.org\/{rel}","templated":true}]}}