{"id":5396,"date":"2026-07-28T00:51:18","date_gmt":"2026-07-28T00:51:18","guid":{"rendered":"https:\/\/mznoticia.com.br\/jaguariaiva\/?p=5396"},"modified":"2026-07-28T00:51:52","modified_gmt":"2026-07-28T00:51:52","slug":"jaguariaiva-recebe-exposicao-gratuita-sobre-a-perseguicao-a-populacao-negra-durante-o-holocausto","status":"publish","type":"post","link":"https:\/\/mznoticia.com.br\/jaguariaiva\/jaguariaiva-recebe-exposicao-gratuita-sobre-a-perseguicao-a-populacao-negra-durante-o-holocausto\/","title":{"rendered":"Jaguaria\u00edva recebe exposi\u00e7\u00e3o gratuita que retrata a persegui\u00e7\u00e3o \u00e0 popula\u00e7\u00e3o negra durante o Holocausto"},"content":{"rendered":"<p class=\"PDq2pG_selectionAnchorContainer\" data-start=\"104\" data-end=\"267\">Mostra itinerante do Museu do Holocausto de Curitiba fica em cartaz at\u00e9 21 de agosto no Cine Teatro Municipal Val\u00e9ria Luercy, com entrada gratuita.<\/p>\n<h2 data-section-id=\"sbfhu\" data-start=\"274\" data-end=\"330\">Exposi\u00e7\u00e3o aborda cap\u00edtulo pouco conhecido da hist\u00f3ria<\/h2>\n<p data-start=\"332\" data-end=\"702\">O Cine Teatro Municipal Val\u00e9ria Luercy, em Jaguaria\u00edva, recebe entre os dias <strong data-start=\"409\" data-end=\"439\">27 de julho e 21 de agosto<\/strong> a exposi\u00e7\u00e3o itinerante <strong data-start=\"463\" data-end=\"526\">&#8220;Nossa Luta: a persegui\u00e7\u00e3o aos negros durante o Holocausto&#8221;<\/strong>. A mostra \u00e9 promovida pelo Museu do Holocausto de Curitiba, em parceria com a Prefeitura de Jaguaria\u00edva e a Secretaria Municipal de Educa\u00e7\u00e3o, Cultura, Esporte e Lazer (SEMEC).<\/p>\n<p data-start=\"704\" data-end=\"883\">Com entrada gratuita, a exposi\u00e7\u00e3o re\u00fane 23 pain\u00e9is que apresentam um panorama hist\u00f3rico sobre a discrimina\u00e7\u00e3o enfrentada pela popula\u00e7\u00e3o negra na Alemanha durante o regime nazista.<\/p>\n<h2 data-section-id=\"w8plfk\" data-start=\"890\" data-end=\"940\">Pain\u00e9is apresentam documentos e hist\u00f3rias reais<\/h2>\n<p data-start=\"942\" data-end=\"1101\">A mostra re\u00fane documentos hist\u00f3ricos, fotografias, objetos originais da \u00e9poca e biografias de pessoas perseguidas durante o per\u00edodo comandado por Adolf Hitler.<\/p>\n<p data-start=\"1103\" data-end=\"1271\">O conte\u00fado retrata a perda gradual de direitos dos afro-alem\u00e3es desde o per\u00edodo colonial alem\u00e3o, passando pela Rep\u00fablica de Weimar at\u00e9 a consolida\u00e7\u00e3o do regime nazista.<\/p>\n<p data-start=\"1273\" data-end=\"1576\">Segundo o material apresentado, cerca de <strong data-start=\"1314\" data-end=\"1358\">25 mil pessoas negras viviam na Alemanha<\/strong> naquele per\u00edodo. Embora n\u00e3o tenham sido submetidas a um processo sistem\u00e1tico de exterm\u00ednio como judeus e ciganos, muitas foram v\u00edtimas de marginaliza\u00e7\u00e3o, exclus\u00e3o social, esteriliza\u00e7\u00e3o for\u00e7ada, pris\u00f5es e assassinatos.<\/p>\n<p data-start=\"1578\" data-end=\"1747\">A exposi\u00e7\u00e3o tamb\u00e9m destaca que n\u00e3o existem n\u00fameros oficiais sobre as v\u00edtimas negras do Holocausto e que os sobreviventes n\u00e3o receberam indeniza\u00e7\u00f5es ap\u00f3s o fim da guerra.<\/p>\n<h2 data-section-id=\"t8qsqs\" data-start=\"1754\" data-end=\"1798\">Hist\u00f3ria de sobrevivente integra a mostra<\/h2>\n<p data-start=\"1800\" data-end=\"1908\">Entre os relatos apresentados est\u00e1 o de <strong data-start=\"1840\" data-end=\"1856\">Johnny Voste<\/strong>, nascido no Congo durante o dom\u00ednio colonial belga.<\/p>\n<p data-start=\"1910\" data-end=\"2168\">Integrante da resist\u00eancia ao nazismo, ele foi preso em 1942 e enviado ao campo de concentra\u00e7\u00e3o de Dachau, onde era o \u00fanico prisioneiro negro. Durante o per\u00edodo em que esteve detido, auxiliou outros internos distribuindo vitaminas para combater a desnutri\u00e7\u00e3o.<\/p>\n<p data-start=\"2170\" data-end=\"2272\">Ap\u00f3s sobreviver ao campo de concentra\u00e7\u00e3o, Voste reconstruiu sua vida na B\u00e9lgica, onde faleceu em 1993.<\/p>\n<h2 data-section-id=\"1reut3o\" data-start=\"2279\" data-end=\"2321\">Escolas participar\u00e3o de visitas guiadas<\/h2>\n<p data-start=\"2323\" data-end=\"2557\">Criada a partir de um material educativo lan\u00e7ado pelo Museu do Holocausto de Curitiba em 2017, a exposi\u00e7\u00e3o j\u00e1 passou por cidades como Curitiba, Porto Alegre, Florian\u00f3polis, Rio de Janeiro, Bras\u00edlia, Balne\u00e1rio Cambori\u00fa e Caxias do Sul.<\/p>\n<p data-start=\"2559\" data-end=\"2717\">Durante a perman\u00eancia em Jaguaria\u00edva, estudantes do 5\u00ba ano da rede municipal participar\u00e3o de visitas guiadas organizadas especialmente para o p\u00fablico escolar.<\/p>\n<h2 data-section-id=\"1gy1c0c\" data-start=\"2724\" data-end=\"2748\">Hor\u00e1rios de visita\u00e7\u00e3o<\/h2>\n<p data-start=\"2750\" data-end=\"2893\">A exposi\u00e7\u00e3o est\u00e1 instalada no hall de entrada do Cine Teatro Municipal Val\u00e9ria Luercy e pode ser visitada gratuitamente nos seguintes hor\u00e1rios:<\/p>\n<ul data-start=\"2895\" data-end=\"3014\">\n<li data-section-id=\"arla5z\" data-start=\"2895\" data-end=\"2955\"><strong data-start=\"2897\" data-end=\"2923\">Segunda a sexta-feira:<\/strong> das 9h \u00e0s 11h e das 14h \u00e0s 17h;<\/li>\n<li data-section-id=\"y5iy27\" data-start=\"2956\" data-end=\"3014\"><strong data-start=\"2958\" data-end=\"2981\">S\u00e1bados e domingos:<\/strong> das 14h \u00e0s 15h e das 18h \u00e0s 19h.<\/li>\n<\/ul>\n","protected":false},"excerpt":{"rendered":"<p>Mostra itinerante do Museu do Holocausto de Curitiba fica em cartaz at\u00e9 21 de agosto no Cine Teatro Municipal Val\u00e9ria Luercy, com entrada gratuita. Exposi\u00e7\u00e3o aborda cap\u00edtulo pouco conhecido da hist\u00f3ria O Cine Teatro Municipal Val\u00e9ria Luercy, em Jaguaria\u00edva, recebe entre os dias 27 de julho e 21 de agosto a exposi\u00e7\u00e3o itinerante &#8220;Nossa Luta: [&hellip;]<\/p>\n","protected":false},"author":17,"featured_media":5397,"comment_status":"open","ping_status":"open","sticky":false,"template":"","format":"standard","meta":{"footnotes":""},"categories":[1,10,6],"tags":[1088],"class_list":["post-5396","post","type-post","status-publish","format-standard","has-post-thumbnail","hentry","category-cultura","category-eventos","category-jaguariaiva","tag-jaguariaiva-holocausto-museudoholocausto-exposicao-cultura-educacao-historia-camposgerais-parana-mznoticias"],"yoast_head":"<!-- This site is optimized with the Yoast SEO plugin v28.1 - https:\/\/yoast.com\/product\/yoast-seo-wordpress\/ -->\n<title>Jaguaria\u00edva recebe exposi\u00e7\u00e3o gratuita que retrata a persegui\u00e7\u00e3o \u00e0 popula\u00e7\u00e3o negra durante o Holocausto - Mz Not\u00edcias<\/title>\n<meta name=\"description\" content=\"Jaguaria\u00edva recebe exposi\u00e7\u00e3o gratuita sobre a persegui\u00e7\u00e3o \u00e0 popula\u00e7\u00e3o negra durante o Holocausto. Mostra do Museu do Holocausto de Curitiba fica em cartaz at\u00e9 21 de agosto.\" \/>\n<meta name=\"robots\" content=\"index, follow, max-snippet:-1, max-image-preview:large, max-video-preview:-1\" \/>\n<link rel=\"canonical\" href=\"https:\/\/mznoticia.com.br\/jaguariaiva\/jaguariaiva-recebe-exposicao-gratuita-sobre-a-perseguicao-a-populacao-negra-durante-o-holocausto\/\" \/>\n<meta property=\"og:locale\" content=\"pt_BR\" \/>\n<meta property=\"og:type\" content=\"article\" \/>\n<meta property=\"og:title\" content=\"Jaguaria\u00edva recebe exposi\u00e7\u00e3o gratuita que retrata a persegui\u00e7\u00e3o \u00e0 popula\u00e7\u00e3o negra durante o Holocausto - Mz Not\u00edcias\" \/>\n<meta property=\"og:description\" content=\"Jaguaria\u00edva recebe exposi\u00e7\u00e3o gratuita sobre a persegui\u00e7\u00e3o \u00e0 popula\u00e7\u00e3o negra durante o Holocausto. Mostra do Museu do Holocausto de Curitiba fica em cartaz at\u00e9 21 de agosto.\" \/>\n<meta property=\"og:url\" content=\"https:\/\/mznoticia.com.br\/jaguariaiva\/jaguariaiva-recebe-exposicao-gratuita-sobre-a-perseguicao-a-populacao-negra-durante-o-holocausto\/\" \/>\n<meta property=\"og:site_name\" content=\"Mz Not\u00edcias\" \/>\n<meta property=\"article:publisher\" content=\"https:\/\/www.facebook.com\/profile.php?id=61573479951222\" \/>\n<meta property=\"article:published_time\" content=\"2026-07-28T00:51:18+00:00\" \/>\n<meta property=\"article:modified_time\" content=\"2026-07-28T00:51:52+00:00\" \/>\n<meta property=\"og:image\" content=\"https:\/\/mznoticia.com.br\/jaguariaiva\/wp-content\/uploads\/2026\/07\/exposicao.webp\" \/>\n\t<meta property=\"og:image:width\" content=\"1000\" \/>\n\t<meta property=\"og:image:height\" content=\"666\" \/>\n\t<meta property=\"og:image:type\" content=\"image\/webp\" \/>\n<meta name=\"author\" content=\"redacao mz\" \/>\n<meta name=\"twitter:card\" content=\"summary_large_image\" \/>\n<meta name=\"twitter:label1\" content=\"Escrito por\" \/>\n\t<meta name=\"twitter:data1\" content=\"redacao mz\" \/>\n\t<meta name=\"twitter:label2\" content=\"Est. tempo de leitura\" \/>\n\t<meta name=\"twitter:data2\" content=\"3 minutos\" \/>\n<script type=\"application\/ld+json\" class=\"yoast-schema-graph\">{\"@context\":\"https:\\\/\\\/schema.org\",\"@graph\":[{\"@type\":\"Article\",\"@id\":\"https:\\\/\\\/mznoticia.com.br\\\/jaguariaiva\\\/jaguariaiva-recebe-exposicao-gratuita-sobre-a-perseguicao-a-populacao-negra-durante-o-holocausto\\\/#article\",\"isPartOf\":{\"@id\":\"https:\\\/\\\/mznoticia.com.br\\\/jaguariaiva\\\/jaguariaiva-recebe-exposicao-gratuita-sobre-a-perseguicao-a-populacao-negra-durante-o-holocausto\\\/\"},\"author\":{\"name\":\"redacao mz\",\"@id\":\"https:\\\/\\\/mznoticia.com.br\\\/jaguariaiva\\\/#\\\/schema\\\/person\\\/9081e3eea38d0f9ff6d13386b9d71916\"},\"headline\":\"Jaguaria\u00edva recebe exposi\u00e7\u00e3o gratuita que retrata a persegui\u00e7\u00e3o \u00e0 popula\u00e7\u00e3o negra durante o Holocausto\",\"datePublished\":\"2026-07-28T00:51:18+00:00\",\"dateModified\":\"2026-07-28T00:51:52+00:00\",\"mainEntityOfPage\":{\"@id\":\"https:\\\/\\\/mznoticia.com.br\\\/jaguariaiva\\\/jaguariaiva-recebe-exposicao-gratuita-sobre-a-perseguicao-a-populacao-negra-durante-o-holocausto\\\/\"},\"wordCount\":508,\"commentCount\":0,\"publisher\":{\"@id\":\"https:\\\/\\\/mznoticia.com.br\\\/jaguariaiva\\\/#organization\"},\"image\":{\"@id\":\"https:\\\/\\\/mznoticia.com.br\\\/jaguariaiva\\\/jaguariaiva-recebe-exposicao-gratuita-sobre-a-perseguicao-a-populacao-negra-durante-o-holocausto\\\/#primaryimage\"},\"thumbnailUrl\":\"https:\\\/\\\/mznoticia.com.br\\\/jaguariaiva\\\/wp-content\\\/uploads\\\/2026\\\/07\\\/exposicao.webp\",\"keywords\":[\"#Jaguaria\u00edva #Holocausto #MuseuDoHolocausto #Exposi\u00e7\u00e3o #Cultura #Educa\u00e7\u00e3o #Hist\u00f3ria #CamposGerais #Paran\u00e1 #MZNot\u00edcias\"],\"articleSection\":[\"Cultura\",\"Eventos\",\"Jaguaria\u00edva\"],\"inLanguage\":\"pt-BR\",\"potentialAction\":[{\"@type\":\"CommentAction\",\"name\":\"Comment\",\"target\":[\"https:\\\/\\\/mznoticia.com.br\\\/jaguariaiva\\\/jaguariaiva-recebe-exposicao-gratuita-sobre-a-perseguicao-a-populacao-negra-durante-o-holocausto\\\/#respond\"]}]},{\"@type\":\"WebPage\",\"@id\":\"https:\\\/\\\/mznoticia.com.br\\\/jaguariaiva\\\/jaguariaiva-recebe-exposicao-gratuita-sobre-a-perseguicao-a-populacao-negra-durante-o-holocausto\\\/\",\"url\":\"https:\\\/\\\/mznoticia.com.br\\\/jaguariaiva\\\/jaguariaiva-recebe-exposicao-gratuita-sobre-a-perseguicao-a-populacao-negra-durante-o-holocausto\\\/\",\"name\":\"Jaguaria\u00edva recebe exposi\u00e7\u00e3o gratuita que retrata a persegui\u00e7\u00e3o \u00e0 popula\u00e7\u00e3o negra durante o Holocausto - Mz Not\u00edcias\",\"isPartOf\":{\"@id\":\"https:\\\/\\\/mznoticia.com.br\\\/jaguariaiva\\\/#website\"},\"primaryImageOfPage\":{\"@id\":\"https:\\\/\\\/mznoticia.com.br\\\/jaguariaiva\\\/jaguariaiva-recebe-exposicao-gratuita-sobre-a-perseguicao-a-populacao-negra-durante-o-holocausto\\\/#primaryimage\"},\"image\":{\"@id\":\"https:\\\/\\\/mznoticia.com.br\\\/jaguariaiva\\\/jaguariaiva-recebe-exposicao-gratuita-sobre-a-perseguicao-a-populacao-negra-durante-o-holocausto\\\/#primaryimage\"},\"thumbnailUrl\":\"https:\\\/\\\/mznoticia.com.br\\\/jaguariaiva\\\/wp-content\\\/uploads\\\/2026\\\/07\\\/exposicao.webp\",\"datePublished\":\"2026-07-28T00:51:18+00:00\",\"dateModified\":\"2026-07-28T00:51:52+00:00\",\"description\":\"Jaguaria\u00edva recebe exposi\u00e7\u00e3o gratuita sobre a persegui\u00e7\u00e3o \u00e0 popula\u00e7\u00e3o negra durante o Holocausto. Mostra do Museu do Holocausto de Curitiba fica em cartaz at\u00e9 21 de agosto.\",\"breadcrumb\":{\"@id\":\"https:\\\/\\\/mznoticia.com.br\\\/jaguariaiva\\\/jaguariaiva-recebe-exposicao-gratuita-sobre-a-perseguicao-a-populacao-negra-durante-o-holocausto\\\/#breadcrumb\"},\"inLanguage\":\"pt-BR\",\"potentialAction\":[{\"@type\":\"ReadAction\",\"target\":[\"https:\\\/\\\/mznoticia.com.br\\\/jaguariaiva\\\/jaguariaiva-recebe-exposicao-gratuita-sobre-a-perseguicao-a-populacao-negra-durante-o-holocausto\\\/\"]}]},{\"@type\":\"ImageObject\",\"inLanguage\":\"pt-BR\",\"@id\":\"https:\\\/\\\/mznoticia.com.br\\\/jaguariaiva\\\/jaguariaiva-recebe-exposicao-gratuita-sobre-a-perseguicao-a-populacao-negra-durante-o-holocausto\\\/#primaryimage\",\"url\":\"https:\\\/\\\/mznoticia.com.br\\\/jaguariaiva\\\/wp-content\\\/uploads\\\/2026\\\/07\\\/exposicao.webp\",\"contentUrl\":\"https:\\\/\\\/mznoticia.com.br\\\/jaguariaiva\\\/wp-content\\\/uploads\\\/2026\\\/07\\\/exposicao.webp\",\"width\":1000,\"height\":666},{\"@type\":\"BreadcrumbList\",\"@id\":\"https:\\\/\\\/mznoticia.com.br\\\/jaguariaiva\\\/jaguariaiva-recebe-exposicao-gratuita-sobre-a-perseguicao-a-populacao-negra-durante-o-holocausto\\\/#breadcrumb\",\"itemListElement\":[{\"@type\":\"ListItem\",\"position\":1,\"name\":\"Home\",\"item\":\"https:\\\/\\\/mznoticia.com.br\\\/jaguariaiva\\\/\"},{\"@type\":\"ListItem\",\"position\":2,\"name\":\"Jaguaria\u00edva recebe exposi\u00e7\u00e3o gratuita que retrata a persegui\u00e7\u00e3o \u00e0 popula\u00e7\u00e3o negra durante o Holocausto\"}]},{\"@type\":\"WebSite\",\"@id\":\"https:\\\/\\\/mznoticia.com.br\\\/jaguariaiva\\\/#website\",\"url\":\"https:\\\/\\\/mznoticia.com.br\\\/jaguariaiva\\\/\",\"name\":\"Mz Not\u00edcia\",\"description\":\"A informa\u00e7\u00e3o que voc\u00ea precisa na hora certa!\",\"publisher\":{\"@id\":\"https:\\\/\\\/mznoticia.com.br\\\/jaguariaiva\\\/#organization\"},\"potentialAction\":[{\"@type\":\"SearchAction\",\"target\":{\"@type\":\"EntryPoint\",\"urlTemplate\":\"https:\\\/\\\/mznoticia.com.br\\\/jaguariaiva\\\/?s={search_term_string}\"},\"query-input\":{\"@type\":\"PropertyValueSpecification\",\"valueRequired\":true,\"valueName\":\"search_term_string\"}}],\"inLanguage\":\"pt-BR\"},{\"@type\":\"Organization\",\"@id\":\"https:\\\/\\\/mznoticia.com.br\\\/jaguariaiva\\\/#organization\",\"name\":\"Mz Not\u00edcia\",\"url\":\"https:\\\/\\\/mznoticia.com.br\\\/jaguariaiva\\\/\",\"logo\":{\"@type\":\"ImageObject\",\"inLanguage\":\"pt-BR\",\"@id\":\"https:\\\/\\\/mznoticia.com.br\\\/jaguariaiva\\\/#\\\/schema\\\/logo\\\/image\\\/\",\"url\":\"https:\\\/\\\/mznoticia.com.br\\\/jaguariaiva\\\/wp-content\\\/uploads\\\/2025\\\/03\\\/Design-sem-nome-4-e1741200616392.png\",\"contentUrl\":\"https:\\\/\\\/mznoticia.com.br\\\/jaguariaiva\\\/wp-content\\\/uploads\\\/2025\\\/03\\\/Design-sem-nome-4-e1741200616392.png\",\"width\":750,\"height\":563,\"caption\":\"Mz Not\u00edcia\"},\"image\":{\"@id\":\"https:\\\/\\\/mznoticia.com.br\\\/jaguariaiva\\\/#\\\/schema\\\/logo\\\/image\\\/\"},\"sameAs\":[\"https:\\\/\\\/www.facebook.com\\\/profile.php?id=61573479951222\",\"https:\\\/\\\/www.instagram.com\\\/mz.jaguariaiva\\\/\"]},{\"@type\":\"Person\",\"@id\":\"https:\\\/\\\/mznoticia.com.br\\\/jaguariaiva\\\/#\\\/schema\\\/person\\\/9081e3eea38d0f9ff6d13386b9d71916\",\"name\":\"redacao mz\",\"image\":{\"@type\":\"ImageObject\",\"inLanguage\":\"pt-BR\",\"@id\":\"https:\\\/\\\/mznoticia.com.br\\\/jaguariaiva\\\/wp-content\\\/uploads\\\/2025\\\/02\\\/mznoticia_jaguariaiva_coluna-150x150.png\",\"url\":\"https:\\\/\\\/mznoticia.com.br\\\/jaguariaiva\\\/wp-content\\\/uploads\\\/2025\\\/02\\\/mznoticia_jaguariaiva_coluna-150x150.png\",\"contentUrl\":\"https:\\\/\\\/mznoticia.com.br\\\/jaguariaiva\\\/wp-content\\\/uploads\\\/2025\\\/02\\\/mznoticia_jaguariaiva_coluna-150x150.png\",\"caption\":\"redacao mz\"},\"url\":\"https:\\\/\\\/mznoticia.com.br\\\/jaguariaiva\\\/author\\\/manu\\\/\"}]}<\/script>\n<!-- \/ Yoast SEO plugin. -->","yoast_head_json":{"title":"Jaguaria\u00edva recebe exposi\u00e7\u00e3o gratuita que retrata a persegui\u00e7\u00e3o \u00e0 popula\u00e7\u00e3o negra durante o Holocausto - Mz Not\u00edcias","description":"Jaguaria\u00edva recebe exposi\u00e7\u00e3o gratuita sobre a persegui\u00e7\u00e3o \u00e0 popula\u00e7\u00e3o negra durante o Holocausto. Mostra do Museu do Holocausto de Curitiba fica em cartaz at\u00e9 21 de agosto.","robots":{"index":"index","follow":"follow","max-snippet":"max-snippet:-1","max-image-preview":"max-image-preview:large","max-video-preview":"max-video-preview:-1"},"canonical":"https:\/\/mznoticia.com.br\/jaguariaiva\/jaguariaiva-recebe-exposicao-gratuita-sobre-a-perseguicao-a-populacao-negra-durante-o-holocausto\/","og_locale":"pt_BR","og_type":"article","og_title":"Jaguaria\u00edva recebe exposi\u00e7\u00e3o gratuita que retrata a persegui\u00e7\u00e3o \u00e0 popula\u00e7\u00e3o negra durante o Holocausto - Mz Not\u00edcias","og_description":"Jaguaria\u00edva recebe exposi\u00e7\u00e3o gratuita sobre a persegui\u00e7\u00e3o \u00e0 popula\u00e7\u00e3o negra durante o Holocausto. Mostra do Museu do Holocausto de Curitiba fica em cartaz at\u00e9 21 de agosto.","og_url":"https:\/\/mznoticia.com.br\/jaguariaiva\/jaguariaiva-recebe-exposicao-gratuita-sobre-a-perseguicao-a-populacao-negra-durante-o-holocausto\/","og_site_name":"Mz Not\u00edcias","article_publisher":"https:\/\/www.facebook.com\/profile.php?id=61573479951222","article_published_time":"2026-07-28T00:51:18+00:00","article_modified_time":"2026-07-28T00:51:52+00:00","og_image":[{"width":1000,"height":666,"url":"https:\/\/mznoticia.com.br\/jaguariaiva\/wp-content\/uploads\/2026\/07\/exposicao.webp","type":"image\/webp"}],"author":"redacao mz","twitter_card":"summary_large_image","twitter_misc":{"Escrito por":"redacao mz","Est. tempo de leitura":"3 minutos"},"schema":{"@context":"https:\/\/schema.org","@graph":[{"@type":"Article","@id":"https:\/\/mznoticia.com.br\/jaguariaiva\/jaguariaiva-recebe-exposicao-gratuita-sobre-a-perseguicao-a-populacao-negra-durante-o-holocausto\/#article","isPartOf":{"@id":"https:\/\/mznoticia.com.br\/jaguariaiva\/jaguariaiva-recebe-exposicao-gratuita-sobre-a-perseguicao-a-populacao-negra-durante-o-holocausto\/"},"author":{"name":"redacao mz","@id":"https:\/\/mznoticia.com.br\/jaguariaiva\/#\/schema\/person\/9081e3eea38d0f9ff6d13386b9d71916"},"headline":"Jaguaria\u00edva recebe exposi\u00e7\u00e3o gratuita que retrata a persegui\u00e7\u00e3o \u00e0 popula\u00e7\u00e3o negra durante o Holocausto","datePublished":"2026-07-28T00:51:18+00:00","dateModified":"2026-07-28T00:51:52+00:00","mainEntityOfPage":{"@id":"https:\/\/mznoticia.com.br\/jaguariaiva\/jaguariaiva-recebe-exposicao-gratuita-sobre-a-perseguicao-a-populacao-negra-durante-o-holocausto\/"},"wordCount":508,"commentCount":0,"publisher":{"@id":"https:\/\/mznoticia.com.br\/jaguariaiva\/#organization"},"image":{"@id":"https:\/\/mznoticia.com.br\/jaguariaiva\/jaguariaiva-recebe-exposicao-gratuita-sobre-a-perseguicao-a-populacao-negra-durante-o-holocausto\/#primaryimage"},"thumbnailUrl":"https:\/\/mznoticia.com.br\/jaguariaiva\/wp-content\/uploads\/2026\/07\/exposicao.webp","keywords":["#Jaguaria\u00edva #Holocausto #MuseuDoHolocausto #Exposi\u00e7\u00e3o #Cultura #Educa\u00e7\u00e3o #Hist\u00f3ria #CamposGerais #Paran\u00e1 #MZNot\u00edcias"],"articleSection":["Cultura","Eventos","Jaguaria\u00edva"],"inLanguage":"pt-BR","potentialAction":[{"@type":"CommentAction","name":"Comment","target":["https:\/\/mznoticia.com.br\/jaguariaiva\/jaguariaiva-recebe-exposicao-gratuita-sobre-a-perseguicao-a-populacao-negra-durante-o-holocausto\/#respond"]}]},{"@type":"WebPage","@id":"https:\/\/mznoticia.com.br\/jaguariaiva\/jaguariaiva-recebe-exposicao-gratuita-sobre-a-perseguicao-a-populacao-negra-durante-o-holocausto\/","url":"https:\/\/mznoticia.com.br\/jaguariaiva\/jaguariaiva-recebe-exposicao-gratuita-sobre-a-perseguicao-a-populacao-negra-durante-o-holocausto\/","name":"Jaguaria\u00edva recebe exposi\u00e7\u00e3o gratuita que retrata a persegui\u00e7\u00e3o \u00e0 popula\u00e7\u00e3o negra durante o Holocausto - Mz Not\u00edcias","isPartOf":{"@id":"https:\/\/mznoticia.com.br\/jaguariaiva\/#website"},"primaryImageOfPage":{"@id":"https:\/\/mznoticia.com.br\/jaguariaiva\/jaguariaiva-recebe-exposicao-gratuita-sobre-a-perseguicao-a-populacao-negra-durante-o-holocausto\/#primaryimage"},"image":{"@id":"https:\/\/mznoticia.com.br\/jaguariaiva\/jaguariaiva-recebe-exposicao-gratuita-sobre-a-perseguicao-a-populacao-negra-durante-o-holocausto\/#primaryimage"},"thumbnailUrl":"https:\/\/mznoticia.com.br\/jaguariaiva\/wp-content\/uploads\/2026\/07\/exposicao.webp","datePublished":"2026-07-28T00:51:18+00:00","dateModified":"2026-07-28T00:51:52+00:00","description":"Jaguaria\u00edva recebe exposi\u00e7\u00e3o gratuita sobre a persegui\u00e7\u00e3o \u00e0 popula\u00e7\u00e3o negra durante o Holocausto. Mostra do Museu do Holocausto de Curitiba fica em cartaz at\u00e9 21 de agosto.","breadcrumb":{"@id":"https:\/\/mznoticia.com.br\/jaguariaiva\/jaguariaiva-recebe-exposicao-gratuita-sobre-a-perseguicao-a-populacao-negra-durante-o-holocausto\/#breadcrumb"},"inLanguage":"pt-BR","potentialAction":[{"@type":"ReadAction","target":["https:\/\/mznoticia.com.br\/jaguariaiva\/jaguariaiva-recebe-exposicao-gratuita-sobre-a-perseguicao-a-populacao-negra-durante-o-holocausto\/"]}]},{"@type":"ImageObject","inLanguage":"pt-BR","@id":"https:\/\/mznoticia.com.br\/jaguariaiva\/jaguariaiva-recebe-exposicao-gratuita-sobre-a-perseguicao-a-populacao-negra-durante-o-holocausto\/#primaryimage","url":"https:\/\/mznoticia.com.br\/jaguariaiva\/wp-content\/uploads\/2026\/07\/exposicao.webp","contentUrl":"https:\/\/mznoticia.com.br\/jaguariaiva\/wp-content\/uploads\/2026\/07\/exposicao.webp","width":1000,"height":666},{"@type":"BreadcrumbList","@id":"https:\/\/mznoticia.com.br\/jaguariaiva\/jaguariaiva-recebe-exposicao-gratuita-sobre-a-perseguicao-a-populacao-negra-durante-o-holocausto\/#breadcrumb","itemListElement":[{"@type":"ListItem","position":1,"name":"Home","item":"https:\/\/mznoticia.com.br\/jaguariaiva\/"},{"@type":"ListItem","position":2,"name":"Jaguaria\u00edva recebe exposi\u00e7\u00e3o gratuita que retrata a persegui\u00e7\u00e3o \u00e0 popula\u00e7\u00e3o negra durante o Holocausto"}]},{"@type":"WebSite","@id":"https:\/\/mznoticia.com.br\/jaguariaiva\/#website","url":"https:\/\/mznoticia.com.br\/jaguariaiva\/","name":"Mz Not\u00edcia","description":"A informa\u00e7\u00e3o que voc\u00ea precisa na hora certa!","publisher":{"@id":"https:\/\/mznoticia.com.br\/jaguariaiva\/#organization"},"potentialAction":[{"@type":"SearchAction","target":{"@type":"EntryPoint","urlTemplate":"https:\/\/mznoticia.com.br\/jaguariaiva\/?s={search_term_string}"},"query-input":{"@type":"PropertyValueSpecification","valueRequired":true,"valueName":"search_term_string"}}],"inLanguage":"pt-BR"},{"@type":"Organization","@id":"https:\/\/mznoticia.com.br\/jaguariaiva\/#organization","name":"Mz Not\u00edcia","url":"https:\/\/mznoticia.com.br\/jaguariaiva\/","logo":{"@type":"ImageObject","inLanguage":"pt-BR","@id":"https:\/\/mznoticia.com.br\/jaguariaiva\/#\/schema\/logo\/image\/","url":"https:\/\/mznoticia.com.br\/jaguariaiva\/wp-content\/uploads\/2025\/03\/Design-sem-nome-4-e1741200616392.png","contentUrl":"https:\/\/mznoticia.com.br\/jaguariaiva\/wp-content\/uploads\/2025\/03\/Design-sem-nome-4-e1741200616392.png","width":750,"height":563,"caption":"Mz Not\u00edcia"},"image":{"@id":"https:\/\/mznoticia.com.br\/jaguariaiva\/#\/schema\/logo\/image\/"},"sameAs":["https:\/\/www.facebook.com\/profile.php?id=61573479951222","https:\/\/www.instagram.com\/mz.jaguariaiva\/"]},{"@type":"Person","@id":"https:\/\/mznoticia.com.br\/jaguariaiva\/#\/schema\/person\/9081e3eea38d0f9ff6d13386b9d71916","name":"redacao mz","image":{"@type":"ImageObject","inLanguage":"pt-BR","@id":"https:\/\/mznoticia.com.br\/jaguariaiva\/wp-content\/uploads\/2025\/02\/mznoticia_jaguariaiva_coluna-150x150.png","url":"https:\/\/mznoticia.com.br\/jaguariaiva\/wp-content\/uploads\/2025\/02\/mznoticia_jaguariaiva_coluna-150x150.png","contentUrl":"https:\/\/mznoticia.com.br\/jaguariaiva\/wp-content\/uploads\/2025\/02\/mznoticia_jaguariaiva_coluna-150x150.png","caption":"redacao mz"},"url":"https:\/\/mznoticia.com.br\/jaguariaiva\/author\/manu\/"}]}},"_links":{"self":[{"href":"https:\/\/mznoticia.com.br\/jaguariaiva\/wp-json\/wp\/v2\/posts\/5396","targetHints":{"allow":["GET"]}}],"collection":[{"href":"https:\/\/mznoticia.com.br\/jaguariaiva\/wp-json\/wp\/v2\/posts"}],"about":[{"href":"https:\/\/mznoticia.com.br\/jaguariaiva\/wp-json\/wp\/v2\/types\/post"}],"author":[{"embeddable":true,"href":"https:\/\/mznoticia.com.br\/jaguariaiva\/wp-json\/wp\/v2\/users\/17"}],"replies":[{"embeddable":true,"href":"https:\/\/mznoticia.com.br\/jaguariaiva\/wp-json\/wp\/v2\/comments?post=5396"}],"version-history":[{"count":2,"href":"https:\/\/mznoticia.com.br\/jaguariaiva\/wp-json\/wp\/v2\/posts\/5396\/revisions"}],"predecessor-version":[{"id":5399,"href":"https:\/\/mznoticia.com.br\/jaguariaiva\/wp-json\/wp\/v2\/posts\/5396\/revisions\/5399"}],"wp:featuredmedia":[{"embeddable":true,"href":"https:\/\/mznoticia.com.br\/jaguariaiva\/wp-json\/wp\/v2\/media\/5397"}],"wp:attachment":[{"href":"https:\/\/mznoticia.com.br\/jaguariaiva\/wp-json\/wp\/v2\/media?parent=5396"}],"wp:term":[{"taxonomy":"category","embeddable":true,"href":"https:\/\/mznoticia.com.br\/jaguariaiva\/wp-json\/wp\/v2\/categories?post=5396"},{"taxonomy":"post_tag","embeddable":true,"href":"https:\/\/mznoticia.com.br\/jaguariaiva\/wp-json\/wp\/v2\/tags?post=5396"}],"curies":[{"name":"wp","href":"https:\/\/api.w.org\/{rel}","templated":true}]}}