{"id":5400,"date":"2026-07-28T00:57:14","date_gmt":"2026-07-28T00:57:14","guid":{"rendered":"https:\/\/mznoticia.com.br\/jaguariaiva\/?p=5400"},"modified":"2026-07-28T00:57:14","modified_gmt":"2026-07-28T00:57:14","slug":"prefeitura-de-jaguariaiva-anuncia-revitalizacao-do-palacete-matarazzo-com-investimento-superior-a-r-400-mil","status":"publish","type":"post","link":"https:\/\/mznoticia.com.br\/jaguariaiva\/prefeitura-de-jaguariaiva-anuncia-revitalizacao-do-palacete-matarazzo-com-investimento-superior-a-r-400-mil\/","title":{"rendered":"Prefeitura de Jaguaria\u00edva anuncia revitaliza\u00e7\u00e3o do Palacete Matarazzo com investimento superior a R$ 400 mil"},"content":{"rendered":"<p class=\"PDq2pG_selectionAnchorContainer\" data-start=\"116\" data-end=\"318\">Obras devem come\u00e7ar ainda este ano e incluem recupera\u00e7\u00e3o estrutural, melhorias de acessibilidade e preserva\u00e7\u00e3o das caracter\u00edsticas hist\u00f3ricas do im\u00f3vel, com conclus\u00e3o prevista para 2028.<\/p>\n<h2 data-section-id=\"f9w29b\" data-start=\"325\" data-end=\"377\">Investimento busca preservar patrim\u00f4nio hist\u00f3rico<\/h2>\n<p data-start=\"379\" data-end=\"569\">A Prefeitura de Jaguaria\u00edva anunciou um investimento superior a <strong data-start=\"443\" data-end=\"457\">R$ 400 mil<\/strong> para a revitaliza\u00e7\u00e3o do <strong data-start=\"482\" data-end=\"504\">Palacete Matarazzo<\/strong>, um dos principais patrim\u00f4nios hist\u00f3rico-culturais do munic\u00edpio.<\/p>\n<p data-start=\"571\" data-end=\"785\">A iniciativa tem como objetivo preservar as caracter\u00edsticas arquitet\u00f4nicas originais da edifica\u00e7\u00e3o, ampliar a seguran\u00e7a dos visitantes e oferecer melhores condi\u00e7\u00f5es para as atividades culturais realizadas no local.<\/p>\n<p data-start=\"787\" data-end=\"949\">Os recursos destinados \u00e0 obra s\u00e3o provenientes de programas estaduais de incentivo \u00e0 cultura, e a execu\u00e7\u00e3o ficar\u00e1 sob responsabilidade da administra\u00e7\u00e3o municipal.<\/p>\n<h2 data-section-id=\"g0jmyl\" data-start=\"956\" data-end=\"991\">Obra deve come\u00e7ar ainda este ano<\/h2>\n<p data-start=\"993\" data-end=\"1229\">Para definir os detalhes t\u00e9cnicos e o cronograma da revitaliza\u00e7\u00e3o, o prefeito <strong data-start=\"1071\" data-end=\"1087\">Juca Sloboda<\/strong> reuniu equipes da Secretaria Municipal de Educa\u00e7\u00e3o e Cultura (SEMEC), por meio do Departamento de Cultura, e da Secretaria de Infraestrutura.<\/p>\n<p data-start=\"1231\" data-end=\"1368\">De acordo com o planejamento, os trabalhos devem ser iniciados ainda em 2026, com conclus\u00e3o prevista para o <strong data-start=\"1339\" data-end=\"1367\">segundo semestre de 2028<\/strong>.<\/p>\n<p data-start=\"1370\" data-end=\"1500\">O projeto foi elaborado para preservar ao m\u00e1ximo a originalidade do im\u00f3vel, respeitando sua import\u00e2ncia hist\u00f3rica e arquitet\u00f4nica.<\/p>\n<h2 data-section-id=\"1k6kvkh\" data-start=\"1507\" data-end=\"1563\">Projeto prev\u00ea recupera\u00e7\u00e3o estrutural e acessibilidade<\/h2>\n<p data-start=\"1565\" data-end=\"1763\">Entre as principais interven\u00e7\u00f5es previstas est\u00e1 a recupera\u00e7\u00e3o completa da cobertura do pr\u00e9dio. O telhado ser\u00e1 removido manualmente e de forma controlada para minimizar riscos \u00e0 estrutura centen\u00e1ria.<\/p>\n<p data-start=\"1765\" data-end=\"1798\">A revitaliza\u00e7\u00e3o tamb\u00e9m contempla:<\/p>\n<ul data-start=\"1800\" data-end=\"2020\">\n<li data-section-id=\"11cnqc5\" data-start=\"1800\" data-end=\"1820\">pintura do im\u00f3vel;<\/li>\n<li data-section-id=\"trf0rz\" data-start=\"1821\" data-end=\"1886\">substitui\u00e7\u00e3o e reparos nas instala\u00e7\u00f5es el\u00e9tricas e hidr\u00e1ulicas;<\/li>\n<li data-section-id=\"70udlt\" data-start=\"1887\" data-end=\"1950\">recupera\u00e7\u00e3o de portas, janelas e demais elementos de madeira;<\/li>\n<li data-section-id=\"moqrpj\" data-start=\"1951\" data-end=\"1983\">reparos em pontos estruturais;<\/li>\n<li data-section-id=\"11zb919\" data-start=\"1984\" data-end=\"2020\">melhorias nas \u00e1reas de circula\u00e7\u00e3o.<\/li>\n<\/ul>\n<p data-start=\"2022\" data-end=\"2148\">O projeto inclui ainda adequa\u00e7\u00f5es de acessibilidade, como instala\u00e7\u00e3o de piso podot\u00e1til, corrim\u00e3os e adapta\u00e7\u00f5es nos sanit\u00e1rios.<\/p>\n<p data-start=\"2150\" data-end=\"2283\">A escada de acesso ao subsolo tamb\u00e9m receber\u00e1 revestimento emborrachado para aumentar a seguran\u00e7a durante a circula\u00e7\u00e3o de visitantes.<\/p>\n<h2 data-section-id=\"1a7xjyp\" data-start=\"2290\" data-end=\"2336\">Im\u00f3vel faz parte da hist\u00f3ria de Jaguaria\u00edva<\/h2>\n<p data-start=\"2338\" data-end=\"2507\">Constru\u00eddo em <strong data-start=\"2352\" data-end=\"2360\">1924<\/strong>, o Palacete Matarazzo serviu como resid\u00eancia provis\u00f3ria do industrial italiano <strong data-start=\"2440\" data-end=\"2469\">Conde Francesco Matarazzo<\/strong> durante viagens de neg\u00f3cios \u00e0 regi\u00e3o.<\/p>\n<p data-start=\"2509\" data-end=\"2641\">Embora n\u00e3o seja oficialmente tombado, o edif\u00edcio \u00e9 reconhecido como um importante s\u00edmbolo da mem\u00f3ria e da identidade de Jaguaria\u00edva.<\/p>\n<p data-start=\"2643\" data-end=\"2964\">Desde <strong data-start=\"2649\" data-end=\"2657\">2010<\/strong>, o im\u00f3vel abriga o <strong data-start=\"2677\" data-end=\"2722\">Museu Municipal Conde Francesco Matarazzo<\/strong>, dedicado \u00e0 preserva\u00e7\u00e3o da hist\u00f3ria local. O espa\u00e7o re\u00fane fotografias, documentos e objetos relacionados ao conde e ao desenvolvimento do munic\u00edpio, al\u00e9m de receber exposi\u00e7\u00f5es permanentes e tempor\u00e1rias, oficinas educativas e visitas guiadas.<\/p>\n<p data-start=\"2966\" data-end=\"3155\">Localizado \u00e0s margens da <strong data-start=\"2991\" data-end=\"3001\">PR-151<\/strong>, no km 213, o museu \u00e9 considerado um dos principais atrativos culturais de Jaguaria\u00edva e dever\u00e1 ganhar ainda mais valoriza\u00e7\u00e3o ap\u00f3s a conclus\u00e3o das obras.<\/p>\n","protected":false},"excerpt":{"rendered":"<p>Obras devem come\u00e7ar ainda este ano e incluem recupera\u00e7\u00e3o estrutural, melhorias de acessibilidade e preserva\u00e7\u00e3o das caracter\u00edsticas hist\u00f3ricas do im\u00f3vel, com conclus\u00e3o prevista para 2028. Investimento busca preservar patrim\u00f4nio hist\u00f3rico A Prefeitura de Jaguaria\u00edva anunciou um investimento superior a R$ 400 mil para a revitaliza\u00e7\u00e3o do Palacete Matarazzo, um dos principais patrim\u00f4nios hist\u00f3rico-culturais do munic\u00edpio. [&hellip;]<\/p>\n","protected":false},"author":17,"featured_media":5402,"comment_status":"open","ping_status":"open","sticky":false,"template":"","format":"standard","meta":{"footnotes":""},"categories":[1,133,6],"tags":[1089],"class_list":["post-5400","post","type-post","status-publish","format-standard","has-post-thumbnail","hentry","category-cultura","category-investimento","category-jaguariaiva","tag-jaguariaiva-palacetematarazzo-patrimoniohistorico-museumunicipal-cultura-turismo-obras-camposgerais-parana-mznoticias"],"yoast_head":"<!-- This site is optimized with the Yoast SEO plugin v28.1 - https:\/\/yoast.com\/product\/yoast-seo-wordpress\/ -->\n<title>Prefeitura de Jaguaria\u00edva anuncia revitaliza\u00e7\u00e3o do Palacete Matarazzo com investimento superior a R$ 400 mil - Mz Not\u00edcias<\/title>\n<meta name=\"description\" content=\"Prefeitura de Jaguaria\u00edva investir\u00e1 mais de R$ 400 mil na revitaliza\u00e7\u00e3o do Palacete Matarazzo. Obras come\u00e7am ainda este ano e devem ser conclu\u00eddas em 2028.\" \/>\n<meta name=\"robots\" content=\"index, follow, max-snippet:-1, max-image-preview:large, max-video-preview:-1\" \/>\n<link rel=\"canonical\" href=\"https:\/\/mznoticia.com.br\/jaguariaiva\/prefeitura-de-jaguariaiva-anuncia-revitalizacao-do-palacete-matarazzo-com-investimento-superior-a-r-400-mil\/\" \/>\n<meta property=\"og:locale\" content=\"pt_BR\" \/>\n<meta property=\"og:type\" content=\"article\" \/>\n<meta property=\"og:title\" content=\"Prefeitura de Jaguaria\u00edva anuncia revitaliza\u00e7\u00e3o do Palacete Matarazzo com investimento superior a R$ 400 mil - Mz Not\u00edcias\" \/>\n<meta property=\"og:description\" content=\"Prefeitura de Jaguaria\u00edva investir\u00e1 mais de R$ 400 mil na revitaliza\u00e7\u00e3o do Palacete Matarazzo. Obras come\u00e7am ainda este ano e devem ser conclu\u00eddas em 2028.\" \/>\n<meta property=\"og:url\" content=\"https:\/\/mznoticia.com.br\/jaguariaiva\/prefeitura-de-jaguariaiva-anuncia-revitalizacao-do-palacete-matarazzo-com-investimento-superior-a-r-400-mil\/\" \/>\n<meta property=\"og:site_name\" content=\"Mz Not\u00edcias\" \/>\n<meta property=\"article:publisher\" content=\"https:\/\/www.facebook.com\/profile.php?id=61573479951222\" \/>\n<meta property=\"article:published_time\" content=\"2026-07-28T00:57:14+00:00\" \/>\n<meta property=\"og:image\" content=\"https:\/\/mznoticia.com.br\/jaguariaiva\/wp-content\/uploads\/2026\/07\/palacete1.jpg\" \/>\n\t<meta property=\"og:image:width\" content=\"516\" \/>\n\t<meta property=\"og:image:height\" content=\"387\" \/>\n\t<meta property=\"og:image:type\" content=\"image\/jpeg\" \/>\n<meta name=\"author\" content=\"redacao mz\" \/>\n<meta name=\"twitter:card\" content=\"summary_large_image\" \/>\n<meta name=\"twitter:label1\" content=\"Escrito por\" \/>\n\t<meta name=\"twitter:data1\" content=\"redacao mz\" \/>\n\t<meta name=\"twitter:label2\" content=\"Est. tempo de leitura\" \/>\n\t<meta name=\"twitter:data2\" content=\"3 minutos\" \/>\n<script type=\"application\/ld+json\" class=\"yoast-schema-graph\">{\"@context\":\"https:\\\/\\\/schema.org\",\"@graph\":[{\"@type\":\"Article\",\"@id\":\"https:\\\/\\\/mznoticia.com.br\\\/jaguariaiva\\\/prefeitura-de-jaguariaiva-anuncia-revitalizacao-do-palacete-matarazzo-com-investimento-superior-a-r-400-mil\\\/#article\",\"isPartOf\":{\"@id\":\"https:\\\/\\\/mznoticia.com.br\\\/jaguariaiva\\\/prefeitura-de-jaguariaiva-anuncia-revitalizacao-do-palacete-matarazzo-com-investimento-superior-a-r-400-mil\\\/\"},\"author\":{\"name\":\"redacao mz\",\"@id\":\"https:\\\/\\\/mznoticia.com.br\\\/jaguariaiva\\\/#\\\/schema\\\/person\\\/9081e3eea38d0f9ff6d13386b9d71916\"},\"headline\":\"Prefeitura de Jaguaria\u00edva anuncia revitaliza\u00e7\u00e3o do Palacete Matarazzo com investimento superior a R$ 400 mil\",\"datePublished\":\"2026-07-28T00:57:14+00:00\",\"mainEntityOfPage\":{\"@id\":\"https:\\\/\\\/mznoticia.com.br\\\/jaguariaiva\\\/prefeitura-de-jaguariaiva-anuncia-revitalizacao-do-palacete-matarazzo-com-investimento-superior-a-r-400-mil\\\/\"},\"wordCount\":496,\"commentCount\":0,\"publisher\":{\"@id\":\"https:\\\/\\\/mznoticia.com.br\\\/jaguariaiva\\\/#organization\"},\"image\":{\"@id\":\"https:\\\/\\\/mznoticia.com.br\\\/jaguariaiva\\\/prefeitura-de-jaguariaiva-anuncia-revitalizacao-do-palacete-matarazzo-com-investimento-superior-a-r-400-mil\\\/#primaryimage\"},\"thumbnailUrl\":\"https:\\\/\\\/mznoticia.com.br\\\/jaguariaiva\\\/wp-content\\\/uploads\\\/2026\\\/07\\\/palacete1.jpg\",\"keywords\":[\"#Jaguaria\u00edva #PalaceteMatarazzo #Patrim\u00f4nioHist\u00f3rico #MuseuMunicipal #Cultura #Turismo #Obras #CamposGerais #Paran\u00e1 #MZNot\u00edcias\"],\"articleSection\":[\"Cultura\",\"investimento\",\"Jaguaria\u00edva\"],\"inLanguage\":\"pt-BR\",\"potentialAction\":[{\"@type\":\"CommentAction\",\"name\":\"Comment\",\"target\":[\"https:\\\/\\\/mznoticia.com.br\\\/jaguariaiva\\\/prefeitura-de-jaguariaiva-anuncia-revitalizacao-do-palacete-matarazzo-com-investimento-superior-a-r-400-mil\\\/#respond\"]}]},{\"@type\":\"WebPage\",\"@id\":\"https:\\\/\\\/mznoticia.com.br\\\/jaguariaiva\\\/prefeitura-de-jaguariaiva-anuncia-revitalizacao-do-palacete-matarazzo-com-investimento-superior-a-r-400-mil\\\/\",\"url\":\"https:\\\/\\\/mznoticia.com.br\\\/jaguariaiva\\\/prefeitura-de-jaguariaiva-anuncia-revitalizacao-do-palacete-matarazzo-com-investimento-superior-a-r-400-mil\\\/\",\"name\":\"Prefeitura de Jaguaria\u00edva anuncia revitaliza\u00e7\u00e3o do Palacete Matarazzo com investimento superior a R$ 400 mil - Mz Not\u00edcias\",\"isPartOf\":{\"@id\":\"https:\\\/\\\/mznoticia.com.br\\\/jaguariaiva\\\/#website\"},\"primaryImageOfPage\":{\"@id\":\"https:\\\/\\\/mznoticia.com.br\\\/jaguariaiva\\\/prefeitura-de-jaguariaiva-anuncia-revitalizacao-do-palacete-matarazzo-com-investimento-superior-a-r-400-mil\\\/#primaryimage\"},\"image\":{\"@id\":\"https:\\\/\\\/mznoticia.com.br\\\/jaguariaiva\\\/prefeitura-de-jaguariaiva-anuncia-revitalizacao-do-palacete-matarazzo-com-investimento-superior-a-r-400-mil\\\/#primaryimage\"},\"thumbnailUrl\":\"https:\\\/\\\/mznoticia.com.br\\\/jaguariaiva\\\/wp-content\\\/uploads\\\/2026\\\/07\\\/palacete1.jpg\",\"datePublished\":\"2026-07-28T00:57:14+00:00\",\"description\":\"Prefeitura de Jaguaria\u00edva investir\u00e1 mais de R$ 400 mil na revitaliza\u00e7\u00e3o do Palacete Matarazzo. Obras come\u00e7am ainda este ano e devem ser conclu\u00eddas em 2028.\",\"breadcrumb\":{\"@id\":\"https:\\\/\\\/mznoticia.com.br\\\/jaguariaiva\\\/prefeitura-de-jaguariaiva-anuncia-revitalizacao-do-palacete-matarazzo-com-investimento-superior-a-r-400-mil\\\/#breadcrumb\"},\"inLanguage\":\"pt-BR\",\"potentialAction\":[{\"@type\":\"ReadAction\",\"target\":[\"https:\\\/\\\/mznoticia.com.br\\\/jaguariaiva\\\/prefeitura-de-jaguariaiva-anuncia-revitalizacao-do-palacete-matarazzo-com-investimento-superior-a-r-400-mil\\\/\"]}]},{\"@type\":\"ImageObject\",\"inLanguage\":\"pt-BR\",\"@id\":\"https:\\\/\\\/mznoticia.com.br\\\/jaguariaiva\\\/prefeitura-de-jaguariaiva-anuncia-revitalizacao-do-palacete-matarazzo-com-investimento-superior-a-r-400-mil\\\/#primaryimage\",\"url\":\"https:\\\/\\\/mznoticia.com.br\\\/jaguariaiva\\\/wp-content\\\/uploads\\\/2026\\\/07\\\/palacete1.jpg\",\"contentUrl\":\"https:\\\/\\\/mznoticia.com.br\\\/jaguariaiva\\\/wp-content\\\/uploads\\\/2026\\\/07\\\/palacete1.jpg\",\"width\":516,\"height\":387},{\"@type\":\"BreadcrumbList\",\"@id\":\"https:\\\/\\\/mznoticia.com.br\\\/jaguariaiva\\\/prefeitura-de-jaguariaiva-anuncia-revitalizacao-do-palacete-matarazzo-com-investimento-superior-a-r-400-mil\\\/#breadcrumb\",\"itemListElement\":[{\"@type\":\"ListItem\",\"position\":1,\"name\":\"Home\",\"item\":\"https:\\\/\\\/mznoticia.com.br\\\/jaguariaiva\\\/\"},{\"@type\":\"ListItem\",\"position\":2,\"name\":\"Prefeitura de Jaguaria\u00edva anuncia revitaliza\u00e7\u00e3o do Palacete Matarazzo com investimento superior a R$ 400 mil\"}]},{\"@type\":\"WebSite\",\"@id\":\"https:\\\/\\\/mznoticia.com.br\\\/jaguariaiva\\\/#website\",\"url\":\"https:\\\/\\\/mznoticia.com.br\\\/jaguariaiva\\\/\",\"name\":\"Mz Not\u00edcia\",\"description\":\"A informa\u00e7\u00e3o que voc\u00ea precisa na hora certa!\",\"publisher\":{\"@id\":\"https:\\\/\\\/mznoticia.com.br\\\/jaguariaiva\\\/#organization\"},\"potentialAction\":[{\"@type\":\"SearchAction\",\"target\":{\"@type\":\"EntryPoint\",\"urlTemplate\":\"https:\\\/\\\/mznoticia.com.br\\\/jaguariaiva\\\/?s={search_term_string}\"},\"query-input\":{\"@type\":\"PropertyValueSpecification\",\"valueRequired\":true,\"valueName\":\"search_term_string\"}}],\"inLanguage\":\"pt-BR\"},{\"@type\":\"Organization\",\"@id\":\"https:\\\/\\\/mznoticia.com.br\\\/jaguariaiva\\\/#organization\",\"name\":\"Mz Not\u00edcia\",\"url\":\"https:\\\/\\\/mznoticia.com.br\\\/jaguariaiva\\\/\",\"logo\":{\"@type\":\"ImageObject\",\"inLanguage\":\"pt-BR\",\"@id\":\"https:\\\/\\\/mznoticia.com.br\\\/jaguariaiva\\\/#\\\/schema\\\/logo\\\/image\\\/\",\"url\":\"https:\\\/\\\/mznoticia.com.br\\\/jaguariaiva\\\/wp-content\\\/uploads\\\/2025\\\/03\\\/Design-sem-nome-4-e1741200616392.png\",\"contentUrl\":\"https:\\\/\\\/mznoticia.com.br\\\/jaguariaiva\\\/wp-content\\\/uploads\\\/2025\\\/03\\\/Design-sem-nome-4-e1741200616392.png\",\"width\":750,\"height\":563,\"caption\":\"Mz Not\u00edcia\"},\"image\":{\"@id\":\"https:\\\/\\\/mznoticia.com.br\\\/jaguariaiva\\\/#\\\/schema\\\/logo\\\/image\\\/\"},\"sameAs\":[\"https:\\\/\\\/www.facebook.com\\\/profile.php?id=61573479951222\",\"https:\\\/\\\/www.instagram.com\\\/mz.jaguariaiva\\\/\"]},{\"@type\":\"Person\",\"@id\":\"https:\\\/\\\/mznoticia.com.br\\\/jaguariaiva\\\/#\\\/schema\\\/person\\\/9081e3eea38d0f9ff6d13386b9d71916\",\"name\":\"redacao mz\",\"image\":{\"@type\":\"ImageObject\",\"inLanguage\":\"pt-BR\",\"@id\":\"https:\\\/\\\/mznoticia.com.br\\\/jaguariaiva\\\/wp-content\\\/uploads\\\/2025\\\/02\\\/mznoticia_jaguariaiva_coluna-150x150.png\",\"url\":\"https:\\\/\\\/mznoticia.com.br\\\/jaguariaiva\\\/wp-content\\\/uploads\\\/2025\\\/02\\\/mznoticia_jaguariaiva_coluna-150x150.png\",\"contentUrl\":\"https:\\\/\\\/mznoticia.com.br\\\/jaguariaiva\\\/wp-content\\\/uploads\\\/2025\\\/02\\\/mznoticia_jaguariaiva_coluna-150x150.png\",\"caption\":\"redacao mz\"},\"url\":\"https:\\\/\\\/mznoticia.com.br\\\/jaguariaiva\\\/author\\\/manu\\\/\"}]}<\/script>\n<!-- \/ Yoast SEO plugin. -->","yoast_head_json":{"title":"Prefeitura de Jaguaria\u00edva anuncia revitaliza\u00e7\u00e3o do Palacete Matarazzo com investimento superior a R$ 400 mil - Mz Not\u00edcias","description":"Prefeitura de Jaguaria\u00edva investir\u00e1 mais de R$ 400 mil na revitaliza\u00e7\u00e3o do Palacete Matarazzo. Obras come\u00e7am ainda este ano e devem ser conclu\u00eddas em 2028.","robots":{"index":"index","follow":"follow","max-snippet":"max-snippet:-1","max-image-preview":"max-image-preview:large","max-video-preview":"max-video-preview:-1"},"canonical":"https:\/\/mznoticia.com.br\/jaguariaiva\/prefeitura-de-jaguariaiva-anuncia-revitalizacao-do-palacete-matarazzo-com-investimento-superior-a-r-400-mil\/","og_locale":"pt_BR","og_type":"article","og_title":"Prefeitura de Jaguaria\u00edva anuncia revitaliza\u00e7\u00e3o do Palacete Matarazzo com investimento superior a R$ 400 mil - Mz Not\u00edcias","og_description":"Prefeitura de Jaguaria\u00edva investir\u00e1 mais de R$ 400 mil na revitaliza\u00e7\u00e3o do Palacete Matarazzo. Obras come\u00e7am ainda este ano e devem ser conclu\u00eddas em 2028.","og_url":"https:\/\/mznoticia.com.br\/jaguariaiva\/prefeitura-de-jaguariaiva-anuncia-revitalizacao-do-palacete-matarazzo-com-investimento-superior-a-r-400-mil\/","og_site_name":"Mz Not\u00edcias","article_publisher":"https:\/\/www.facebook.com\/profile.php?id=61573479951222","article_published_time":"2026-07-28T00:57:14+00:00","og_image":[{"width":516,"height":387,"url":"https:\/\/mznoticia.com.br\/jaguariaiva\/wp-content\/uploads\/2026\/07\/palacete1.jpg","type":"image\/jpeg"}],"author":"redacao mz","twitter_card":"summary_large_image","twitter_misc":{"Escrito por":"redacao mz","Est. tempo de leitura":"3 minutos"},"schema":{"@context":"https:\/\/schema.org","@graph":[{"@type":"Article","@id":"https:\/\/mznoticia.com.br\/jaguariaiva\/prefeitura-de-jaguariaiva-anuncia-revitalizacao-do-palacete-matarazzo-com-investimento-superior-a-r-400-mil\/#article","isPartOf":{"@id":"https:\/\/mznoticia.com.br\/jaguariaiva\/prefeitura-de-jaguariaiva-anuncia-revitalizacao-do-palacete-matarazzo-com-investimento-superior-a-r-400-mil\/"},"author":{"name":"redacao mz","@id":"https:\/\/mznoticia.com.br\/jaguariaiva\/#\/schema\/person\/9081e3eea38d0f9ff6d13386b9d71916"},"headline":"Prefeitura de Jaguaria\u00edva anuncia revitaliza\u00e7\u00e3o do Palacete Matarazzo com investimento superior a R$ 400 mil","datePublished":"2026-07-28T00:57:14+00:00","mainEntityOfPage":{"@id":"https:\/\/mznoticia.com.br\/jaguariaiva\/prefeitura-de-jaguariaiva-anuncia-revitalizacao-do-palacete-matarazzo-com-investimento-superior-a-r-400-mil\/"},"wordCount":496,"commentCount":0,"publisher":{"@id":"https:\/\/mznoticia.com.br\/jaguariaiva\/#organization"},"image":{"@id":"https:\/\/mznoticia.com.br\/jaguariaiva\/prefeitura-de-jaguariaiva-anuncia-revitalizacao-do-palacete-matarazzo-com-investimento-superior-a-r-400-mil\/#primaryimage"},"thumbnailUrl":"https:\/\/mznoticia.com.br\/jaguariaiva\/wp-content\/uploads\/2026\/07\/palacete1.jpg","keywords":["#Jaguaria\u00edva #PalaceteMatarazzo #Patrim\u00f4nioHist\u00f3rico #MuseuMunicipal #Cultura #Turismo #Obras #CamposGerais #Paran\u00e1 #MZNot\u00edcias"],"articleSection":["Cultura","investimento","Jaguaria\u00edva"],"inLanguage":"pt-BR","potentialAction":[{"@type":"CommentAction","name":"Comment","target":["https:\/\/mznoticia.com.br\/jaguariaiva\/prefeitura-de-jaguariaiva-anuncia-revitalizacao-do-palacete-matarazzo-com-investimento-superior-a-r-400-mil\/#respond"]}]},{"@type":"WebPage","@id":"https:\/\/mznoticia.com.br\/jaguariaiva\/prefeitura-de-jaguariaiva-anuncia-revitalizacao-do-palacete-matarazzo-com-investimento-superior-a-r-400-mil\/","url":"https:\/\/mznoticia.com.br\/jaguariaiva\/prefeitura-de-jaguariaiva-anuncia-revitalizacao-do-palacete-matarazzo-com-investimento-superior-a-r-400-mil\/","name":"Prefeitura de Jaguaria\u00edva anuncia revitaliza\u00e7\u00e3o do Palacete Matarazzo com investimento superior a R$ 400 mil - Mz Not\u00edcias","isPartOf":{"@id":"https:\/\/mznoticia.com.br\/jaguariaiva\/#website"},"primaryImageOfPage":{"@id":"https:\/\/mznoticia.com.br\/jaguariaiva\/prefeitura-de-jaguariaiva-anuncia-revitalizacao-do-palacete-matarazzo-com-investimento-superior-a-r-400-mil\/#primaryimage"},"image":{"@id":"https:\/\/mznoticia.com.br\/jaguariaiva\/prefeitura-de-jaguariaiva-anuncia-revitalizacao-do-palacete-matarazzo-com-investimento-superior-a-r-400-mil\/#primaryimage"},"thumbnailUrl":"https:\/\/mznoticia.com.br\/jaguariaiva\/wp-content\/uploads\/2026\/07\/palacete1.jpg","datePublished":"2026-07-28T00:57:14+00:00","description":"Prefeitura de Jaguaria\u00edva investir\u00e1 mais de R$ 400 mil na revitaliza\u00e7\u00e3o do Palacete Matarazzo. Obras come\u00e7am ainda este ano e devem ser conclu\u00eddas em 2028.","breadcrumb":{"@id":"https:\/\/mznoticia.com.br\/jaguariaiva\/prefeitura-de-jaguariaiva-anuncia-revitalizacao-do-palacete-matarazzo-com-investimento-superior-a-r-400-mil\/#breadcrumb"},"inLanguage":"pt-BR","potentialAction":[{"@type":"ReadAction","target":["https:\/\/mznoticia.com.br\/jaguariaiva\/prefeitura-de-jaguariaiva-anuncia-revitalizacao-do-palacete-matarazzo-com-investimento-superior-a-r-400-mil\/"]}]},{"@type":"ImageObject","inLanguage":"pt-BR","@id":"https:\/\/mznoticia.com.br\/jaguariaiva\/prefeitura-de-jaguariaiva-anuncia-revitalizacao-do-palacete-matarazzo-com-investimento-superior-a-r-400-mil\/#primaryimage","url":"https:\/\/mznoticia.com.br\/jaguariaiva\/wp-content\/uploads\/2026\/07\/palacete1.jpg","contentUrl":"https:\/\/mznoticia.com.br\/jaguariaiva\/wp-content\/uploads\/2026\/07\/palacete1.jpg","width":516,"height":387},{"@type":"BreadcrumbList","@id":"https:\/\/mznoticia.com.br\/jaguariaiva\/prefeitura-de-jaguariaiva-anuncia-revitalizacao-do-palacete-matarazzo-com-investimento-superior-a-r-400-mil\/#breadcrumb","itemListElement":[{"@type":"ListItem","position":1,"name":"Home","item":"https:\/\/mznoticia.com.br\/jaguariaiva\/"},{"@type":"ListItem","position":2,"name":"Prefeitura de Jaguaria\u00edva anuncia revitaliza\u00e7\u00e3o do Palacete Matarazzo com investimento superior a R$ 400 mil"}]},{"@type":"WebSite","@id":"https:\/\/mznoticia.com.br\/jaguariaiva\/#website","url":"https:\/\/mznoticia.com.br\/jaguariaiva\/","name":"Mz Not\u00edcia","description":"A informa\u00e7\u00e3o que voc\u00ea precisa na hora certa!","publisher":{"@id":"https:\/\/mznoticia.com.br\/jaguariaiva\/#organization"},"potentialAction":[{"@type":"SearchAction","target":{"@type":"EntryPoint","urlTemplate":"https:\/\/mznoticia.com.br\/jaguariaiva\/?s={search_term_string}"},"query-input":{"@type":"PropertyValueSpecification","valueRequired":true,"valueName":"search_term_string"}}],"inLanguage":"pt-BR"},{"@type":"Organization","@id":"https:\/\/mznoticia.com.br\/jaguariaiva\/#organization","name":"Mz Not\u00edcia","url":"https:\/\/mznoticia.com.br\/jaguariaiva\/","logo":{"@type":"ImageObject","inLanguage":"pt-BR","@id":"https:\/\/mznoticia.com.br\/jaguariaiva\/#\/schema\/logo\/image\/","url":"https:\/\/mznoticia.com.br\/jaguariaiva\/wp-content\/uploads\/2025\/03\/Design-sem-nome-4-e1741200616392.png","contentUrl":"https:\/\/mznoticia.com.br\/jaguariaiva\/wp-content\/uploads\/2025\/03\/Design-sem-nome-4-e1741200616392.png","width":750,"height":563,"caption":"Mz Not\u00edcia"},"image":{"@id":"https:\/\/mznoticia.com.br\/jaguariaiva\/#\/schema\/logo\/image\/"},"sameAs":["https:\/\/www.facebook.com\/profile.php?id=61573479951222","https:\/\/www.instagram.com\/mz.jaguariaiva\/"]},{"@type":"Person","@id":"https:\/\/mznoticia.com.br\/jaguariaiva\/#\/schema\/person\/9081e3eea38d0f9ff6d13386b9d71916","name":"redacao mz","image":{"@type":"ImageObject","inLanguage":"pt-BR","@id":"https:\/\/mznoticia.com.br\/jaguariaiva\/wp-content\/uploads\/2025\/02\/mznoticia_jaguariaiva_coluna-150x150.png","url":"https:\/\/mznoticia.com.br\/jaguariaiva\/wp-content\/uploads\/2025\/02\/mznoticia_jaguariaiva_coluna-150x150.png","contentUrl":"https:\/\/mznoticia.com.br\/jaguariaiva\/wp-content\/uploads\/2025\/02\/mznoticia_jaguariaiva_coluna-150x150.png","caption":"redacao mz"},"url":"https:\/\/mznoticia.com.br\/jaguariaiva\/author\/manu\/"}]}},"_links":{"self":[{"href":"https:\/\/mznoticia.com.br\/jaguariaiva\/wp-json\/wp\/v2\/posts\/5400","targetHints":{"allow":["GET"]}}],"collection":[{"href":"https:\/\/mznoticia.com.br\/jaguariaiva\/wp-json\/wp\/v2\/posts"}],"about":[{"href":"https:\/\/mznoticia.com.br\/jaguariaiva\/wp-json\/wp\/v2\/types\/post"}],"author":[{"embeddable":true,"href":"https:\/\/mznoticia.com.br\/jaguariaiva\/wp-json\/wp\/v2\/users\/17"}],"replies":[{"embeddable":true,"href":"https:\/\/mznoticia.com.br\/jaguariaiva\/wp-json\/wp\/v2\/comments?post=5400"}],"version-history":[{"count":1,"href":"https:\/\/mznoticia.com.br\/jaguariaiva\/wp-json\/wp\/v2\/posts\/5400\/revisions"}],"predecessor-version":[{"id":5403,"href":"https:\/\/mznoticia.com.br\/jaguariaiva\/wp-json\/wp\/v2\/posts\/5400\/revisions\/5403"}],"wp:featuredmedia":[{"embeddable":true,"href":"https:\/\/mznoticia.com.br\/jaguariaiva\/wp-json\/wp\/v2\/media\/5402"}],"wp:attachment":[{"href":"https:\/\/mznoticia.com.br\/jaguariaiva\/wp-json\/wp\/v2\/media?parent=5400"}],"wp:term":[{"taxonomy":"category","embeddable":true,"href":"https:\/\/mznoticia.com.br\/jaguariaiva\/wp-json\/wp\/v2\/categories?post=5400"},{"taxonomy":"post_tag","embeddable":true,"href":"https:\/\/mznoticia.com.br\/jaguariaiva\/wp-json\/wp\/v2\/tags?post=5400"}],"curies":[{"name":"wp","href":"https:\/\/api.w.org\/{rel}","templated":true}]}}