{"id":5407,"date":"2026-07-28T11:39:11","date_gmt":"2026-07-28T11:39:11","guid":{"rendered":"https:\/\/mznoticia.com.br\/jaguariaiva\/?p=5407"},"modified":"2026-07-28T11:39:11","modified_gmt":"2026-07-28T11:39:11","slug":"adolescente-e-suspeito-de-incendiar-carro-apos-denuncia-de-ameacas-em-jaguariaiva","status":"publish","type":"post","link":"https:\/\/mznoticia.com.br\/jaguariaiva\/adolescente-e-suspeito-de-incendiar-carro-apos-denuncia-de-ameacas-em-jaguariaiva\/","title":{"rendered":"Adolescente \u00e9 suspeito de incendiar carro ap\u00f3s den\u00fancia de amea\u00e7as em Jaguaria\u00edva"},"content":{"rendered":"<p class=\"PDq2pG_selectionAnchorContainer\" data-start=\"120\" data-end=\"276\">V\u00edtima afirma que retornava da delegacia, onde tentou registrar uma ocorr\u00eancia por amea\u00e7as contra a fam\u00edlia, quando encontrou o ve\u00edculo destru\u00eddo pelo fogo.<\/p>\n<h2 data-section-id=\"18kfh0u\" data-start=\"278\" data-end=\"334\">Ve\u00edculo foi encontrado em chamas ap\u00f3s ida \u00e0 delegacia<\/h2>\n<p data-start=\"336\" data-end=\"552\">Um adolescente \u00e9 suspeito de incendiar um ve\u00edculo na noite de segunda-feira (27), na Rua Ol\u00edvia dos Santos, em Jaguaria\u00edva. A ocorr\u00eancia foi atendida por equipes da Pol\u00edcia Militar ap\u00f3s acionamento pelo telefone 190.<\/p>\n<p data-start=\"554\" data-end=\"798\">De acordo com o boletim policial, a v\u00edtima relatou que havia acabado de retornar da delegacia, onde tentou registrar uma ocorr\u00eancia por amea\u00e7as contra sua fam\u00edlia, quando encontrou seu autom\u00f3vel, um VW Gol, completamente destru\u00eddo pelas chamas.<\/p>\n<h3 data-section-id=\"1dm8o2q\" data-start=\"800\" data-end=\"838\">Fam\u00edlia relatou amea\u00e7as anteriores<\/h3>\n<p data-start=\"840\" data-end=\"1070\">Segundo a v\u00edtima, o adolescente apontado como suspeito j\u00e1 vinha fazendo amea\u00e7as \u00e0 fam\u00edlia h\u00e1 algum tempo. Ainda conforme o relato, em uma situa\u00e7\u00e3o anterior, o jovem teria efetuado disparos de arma de fogo contra o filho da v\u00edtima.<\/p>\n<h3 data-section-id=\"q2nk8a\" data-start=\"1072\" data-end=\"1125\">Buscas foram realizadas na resid\u00eancia do suspeito<\/h3>\n<p data-start=\"1127\" data-end=\"1306\">Ap\u00f3s receber informa\u00e7\u00f5es de que o adolescente estaria em sua resid\u00eancia, equipes da Pol\u00edcia Militar realizaram buscas autorizadas na casa dos av\u00f3s e tamb\u00e9m na resid\u00eancia do menor.<\/p>\n<p data-start=\"1308\" data-end=\"1511\">As dilig\u00eancias ocorreram com o acompanhamento de um tio respons\u00e1vel pelo adolescente e de uma advogada, que participou da a\u00e7\u00e3o por videoconfer\u00eancia. Nenhuma arma de fogo foi encontrada durante as buscas.<\/p>\n<h3 data-section-id=\"4mh2et\" data-start=\"1513\" data-end=\"1553\">Caso foi encaminhado \u00e0 Pol\u00edcia Civil<\/h3>\n<p data-start=\"1555\" data-end=\"1718\">A v\u00edtima informou que pretende solicitar medidas protetivas de urg\u00eancia e afirmou possuir registros em v\u00eddeo que comprovariam as amea\u00e7as atribu\u00eddas ao adolescente.<\/p>\n<p data-start=\"1720\" data-end=\"1910\">Diante dos fatos, os envolvidos foram encaminhados \u00e0 Delegacia de Pol\u00edcia Civil de Jaguaria\u00edva para a ado\u00e7\u00e3o dos procedimentos cab\u00edveis, com o acompanhamento do respons\u00e1vel legal pelo menor.<\/p>\n","protected":false},"excerpt":{"rendered":"<p>V\u00edtima afirma que retornava da delegacia, onde tentou registrar uma ocorr\u00eancia por amea\u00e7as contra a fam\u00edlia, quando encontrou o ve\u00edculo destru\u00eddo pelo fogo. Ve\u00edculo foi encontrado em chamas ap\u00f3s ida \u00e0 delegacia Um adolescente \u00e9 suspeito de incendiar um ve\u00edculo na noite de segunda-feira (27), na Rua Ol\u00edvia dos Santos, em Jaguaria\u00edva. A ocorr\u00eancia foi [&hellip;]<\/p>\n","protected":false},"author":16,"featured_media":5408,"comment_status":"open","ping_status":"open","sticky":false,"template":"","format":"standard","meta":{"footnotes":""},"categories":[4],"tags":[1096,1094,314,1092,1093,63,77,515,139,316,1095],"class_list":["post-5407","post","type-post","status-publish","format-standard","has-post-thumbnail","hentry","category-policial","tag-adolescente","tag-ameacas","tag-campos-gerais","tag-destaue","tag-incendio","tag-jaguariaiva","tag-parana","tag-policia-civil","tag-policia-militar","tag-seguranca-publica","tag-veiculo"],"yoast_head":"<!-- This site is optimized with the Yoast SEO plugin v28.1 - https:\/\/yoast.com\/product\/yoast-seo-wordpress\/ -->\n<title>Adolescente \u00e9 suspeito de incendiar carro ap\u00f3s den\u00fancia de amea\u00e7as em Jaguaria\u00edva - Mz Not\u00edcias<\/title>\n<meta name=\"description\" content=\"Adolescente \u00e9 suspeito de incendiar um carro em Jaguaria\u00edva ap\u00f3s v\u00edtima registrar den\u00fancia de amea\u00e7as contra a fam\u00edlia. Caso foi encaminhado \u00e0 Pol\u00edcia Civil.\" \/>\n<meta name=\"robots\" content=\"index, follow, max-snippet:-1, max-image-preview:large, max-video-preview:-1\" \/>\n<link rel=\"canonical\" href=\"https:\/\/mznoticia.com.br\/jaguariaiva\/adolescente-e-suspeito-de-incendiar-carro-apos-denuncia-de-ameacas-em-jaguariaiva\/\" \/>\n<meta property=\"og:locale\" content=\"pt_BR\" \/>\n<meta property=\"og:type\" content=\"article\" \/>\n<meta property=\"og:title\" content=\"Adolescente \u00e9 suspeito de incendiar carro ap\u00f3s den\u00fancia de amea\u00e7as em Jaguaria\u00edva - Mz Not\u00edcias\" \/>\n<meta property=\"og:description\" content=\"Adolescente \u00e9 suspeito de incendiar um carro em Jaguaria\u00edva ap\u00f3s v\u00edtima registrar den\u00fancia de amea\u00e7as contra a fam\u00edlia. Caso foi encaminhado \u00e0 Pol\u00edcia Civil.\" \/>\n<meta property=\"og:url\" content=\"https:\/\/mznoticia.com.br\/jaguariaiva\/adolescente-e-suspeito-de-incendiar-carro-apos-denuncia-de-ameacas-em-jaguariaiva\/\" \/>\n<meta property=\"og:site_name\" content=\"Mz Not\u00edcias\" \/>\n<meta property=\"article:publisher\" content=\"https:\/\/www.facebook.com\/profile.php?id=61573479951222\" \/>\n<meta property=\"article:published_time\" content=\"2026-07-28T11:39:11+00:00\" \/>\n<meta property=\"og:image\" content=\"https:\/\/mznoticia.com.br\/jaguariaiva\/wp-content\/uploads\/2026\/07\/pm-mil.webp\" \/>\n\t<meta property=\"og:image:width\" content=\"1000\" \/>\n\t<meta property=\"og:image:height\" content=\"667\" \/>\n\t<meta property=\"og:image:type\" content=\"image\/webp\" \/>\n<meta name=\"author\" content=\"Redacao mz\" \/>\n<meta name=\"twitter:card\" content=\"summary_large_image\" \/>\n<meta name=\"twitter:label1\" content=\"Escrito por\" \/>\n\t<meta name=\"twitter:data1\" content=\"Redacao mz\" \/>\n\t<meta name=\"twitter:label2\" content=\"Est. tempo de leitura\" \/>\n\t<meta name=\"twitter:data2\" content=\"2 minutos\" \/>\n<script type=\"application\/ld+json\" class=\"yoast-schema-graph\">{\"@context\":\"https:\\\/\\\/schema.org\",\"@graph\":[{\"@type\":\"Article\",\"@id\":\"https:\\\/\\\/mznoticia.com.br\\\/jaguariaiva\\\/adolescente-e-suspeito-de-incendiar-carro-apos-denuncia-de-ameacas-em-jaguariaiva\\\/#article\",\"isPartOf\":{\"@id\":\"https:\\\/\\\/mznoticia.com.br\\\/jaguariaiva\\\/adolescente-e-suspeito-de-incendiar-carro-apos-denuncia-de-ameacas-em-jaguariaiva\\\/\"},\"author\":{\"name\":\"Redacao mz\",\"@id\":\"https:\\\/\\\/mznoticia.com.br\\\/jaguariaiva\\\/#\\\/schema\\\/person\\\/84012d827247b3f42f37b550da79cd03\"},\"headline\":\"Adolescente \u00e9 suspeito de incendiar carro ap\u00f3s den\u00fancia de amea\u00e7as em Jaguaria\u00edva\",\"datePublished\":\"2026-07-28T11:39:11+00:00\",\"mainEntityOfPage\":{\"@id\":\"https:\\\/\\\/mznoticia.com.br\\\/jaguariaiva\\\/adolescente-e-suspeito-de-incendiar-carro-apos-denuncia-de-ameacas-em-jaguariaiva\\\/\"},\"wordCount\":327,\"commentCount\":0,\"publisher\":{\"@id\":\"https:\\\/\\\/mznoticia.com.br\\\/jaguariaiva\\\/#organization\"},\"image\":{\"@id\":\"https:\\\/\\\/mznoticia.com.br\\\/jaguariaiva\\\/adolescente-e-suspeito-de-incendiar-carro-apos-denuncia-de-ameacas-em-jaguariaiva\\\/#primaryimage\"},\"thumbnailUrl\":\"https:\\\/\\\/mznoticia.com.br\\\/jaguariaiva\\\/wp-content\\\/uploads\\\/2026\\\/07\\\/pm-mil.webp\",\"keywords\":[\"Adolescente\",\"Amea\u00e7as\",\"Campos Gerais\",\"destaue\",\"Inc\u00eandio\",\"jaguariaiva\",\"parana\",\"Pol\u00edcia Civil\",\"pol\u00edcia militar\",\"Seguran\u00e7a P\u00fablica\",\"Ve\u00edculo\"],\"articleSection\":[\"Policial\"],\"inLanguage\":\"pt-BR\",\"potentialAction\":[{\"@type\":\"CommentAction\",\"name\":\"Comment\",\"target\":[\"https:\\\/\\\/mznoticia.com.br\\\/jaguariaiva\\\/adolescente-e-suspeito-de-incendiar-carro-apos-denuncia-de-ameacas-em-jaguariaiva\\\/#respond\"]}]},{\"@type\":\"WebPage\",\"@id\":\"https:\\\/\\\/mznoticia.com.br\\\/jaguariaiva\\\/adolescente-e-suspeito-de-incendiar-carro-apos-denuncia-de-ameacas-em-jaguariaiva\\\/\",\"url\":\"https:\\\/\\\/mznoticia.com.br\\\/jaguariaiva\\\/adolescente-e-suspeito-de-incendiar-carro-apos-denuncia-de-ameacas-em-jaguariaiva\\\/\",\"name\":\"Adolescente \u00e9 suspeito de incendiar carro ap\u00f3s den\u00fancia de amea\u00e7as em Jaguaria\u00edva - Mz Not\u00edcias\",\"isPartOf\":{\"@id\":\"https:\\\/\\\/mznoticia.com.br\\\/jaguariaiva\\\/#website\"},\"primaryImageOfPage\":{\"@id\":\"https:\\\/\\\/mznoticia.com.br\\\/jaguariaiva\\\/adolescente-e-suspeito-de-incendiar-carro-apos-denuncia-de-ameacas-em-jaguariaiva\\\/#primaryimage\"},\"image\":{\"@id\":\"https:\\\/\\\/mznoticia.com.br\\\/jaguariaiva\\\/adolescente-e-suspeito-de-incendiar-carro-apos-denuncia-de-ameacas-em-jaguariaiva\\\/#primaryimage\"},\"thumbnailUrl\":\"https:\\\/\\\/mznoticia.com.br\\\/jaguariaiva\\\/wp-content\\\/uploads\\\/2026\\\/07\\\/pm-mil.webp\",\"datePublished\":\"2026-07-28T11:39:11+00:00\",\"description\":\"Adolescente \u00e9 suspeito de incendiar um carro em Jaguaria\u00edva ap\u00f3s v\u00edtima registrar den\u00fancia de amea\u00e7as contra a fam\u00edlia. Caso foi encaminhado \u00e0 Pol\u00edcia Civil.\",\"breadcrumb\":{\"@id\":\"https:\\\/\\\/mznoticia.com.br\\\/jaguariaiva\\\/adolescente-e-suspeito-de-incendiar-carro-apos-denuncia-de-ameacas-em-jaguariaiva\\\/#breadcrumb\"},\"inLanguage\":\"pt-BR\",\"potentialAction\":[{\"@type\":\"ReadAction\",\"target\":[\"https:\\\/\\\/mznoticia.com.br\\\/jaguariaiva\\\/adolescente-e-suspeito-de-incendiar-carro-apos-denuncia-de-ameacas-em-jaguariaiva\\\/\"]}]},{\"@type\":\"ImageObject\",\"inLanguage\":\"pt-BR\",\"@id\":\"https:\\\/\\\/mznoticia.com.br\\\/jaguariaiva\\\/adolescente-e-suspeito-de-incendiar-carro-apos-denuncia-de-ameacas-em-jaguariaiva\\\/#primaryimage\",\"url\":\"https:\\\/\\\/mznoticia.com.br\\\/jaguariaiva\\\/wp-content\\\/uploads\\\/2026\\\/07\\\/pm-mil.webp\",\"contentUrl\":\"https:\\\/\\\/mznoticia.com.br\\\/jaguariaiva\\\/wp-content\\\/uploads\\\/2026\\\/07\\\/pm-mil.webp\",\"width\":1000,\"height\":667},{\"@type\":\"BreadcrumbList\",\"@id\":\"https:\\\/\\\/mznoticia.com.br\\\/jaguariaiva\\\/adolescente-e-suspeito-de-incendiar-carro-apos-denuncia-de-ameacas-em-jaguariaiva\\\/#breadcrumb\",\"itemListElement\":[{\"@type\":\"ListItem\",\"position\":1,\"name\":\"Home\",\"item\":\"https:\\\/\\\/mznoticia.com.br\\\/jaguariaiva\\\/\"},{\"@type\":\"ListItem\",\"position\":2,\"name\":\"Adolescente \u00e9 suspeito de incendiar carro ap\u00f3s den\u00fancia de amea\u00e7as em Jaguaria\u00edva\"}]},{\"@type\":\"WebSite\",\"@id\":\"https:\\\/\\\/mznoticia.com.br\\\/jaguariaiva\\\/#website\",\"url\":\"https:\\\/\\\/mznoticia.com.br\\\/jaguariaiva\\\/\",\"name\":\"Mz Not\u00edcia\",\"description\":\"A informa\u00e7\u00e3o que voc\u00ea precisa na hora certa!\",\"publisher\":{\"@id\":\"https:\\\/\\\/mznoticia.com.br\\\/jaguariaiva\\\/#organization\"},\"potentialAction\":[{\"@type\":\"SearchAction\",\"target\":{\"@type\":\"EntryPoint\",\"urlTemplate\":\"https:\\\/\\\/mznoticia.com.br\\\/jaguariaiva\\\/?s={search_term_string}\"},\"query-input\":{\"@type\":\"PropertyValueSpecification\",\"valueRequired\":true,\"valueName\":\"search_term_string\"}}],\"inLanguage\":\"pt-BR\"},{\"@type\":\"Organization\",\"@id\":\"https:\\\/\\\/mznoticia.com.br\\\/jaguariaiva\\\/#organization\",\"name\":\"Mz Not\u00edcia\",\"url\":\"https:\\\/\\\/mznoticia.com.br\\\/jaguariaiva\\\/\",\"logo\":{\"@type\":\"ImageObject\",\"inLanguage\":\"pt-BR\",\"@id\":\"https:\\\/\\\/mznoticia.com.br\\\/jaguariaiva\\\/#\\\/schema\\\/logo\\\/image\\\/\",\"url\":\"https:\\\/\\\/mznoticia.com.br\\\/jaguariaiva\\\/wp-content\\\/uploads\\\/2025\\\/03\\\/Design-sem-nome-4-e1741200616392.png\",\"contentUrl\":\"https:\\\/\\\/mznoticia.com.br\\\/jaguariaiva\\\/wp-content\\\/uploads\\\/2025\\\/03\\\/Design-sem-nome-4-e1741200616392.png\",\"width\":750,\"height\":563,\"caption\":\"Mz Not\u00edcia\"},\"image\":{\"@id\":\"https:\\\/\\\/mznoticia.com.br\\\/jaguariaiva\\\/#\\\/schema\\\/logo\\\/image\\\/\"},\"sameAs\":[\"https:\\\/\\\/www.facebook.com\\\/profile.php?id=61573479951222\",\"https:\\\/\\\/www.instagram.com\\\/mz.jaguariaiva\\\/\"]},{\"@type\":\"Person\",\"@id\":\"https:\\\/\\\/mznoticia.com.br\\\/jaguariaiva\\\/#\\\/schema\\\/person\\\/84012d827247b3f42f37b550da79cd03\",\"name\":\"Redacao mz\",\"image\":{\"@type\":\"ImageObject\",\"inLanguage\":\"pt-BR\",\"@id\":\"https:\\\/\\\/mznoticia.com.br\\\/jaguariaiva\\\/wp-content\\\/uploads\\\/2025\\\/02\\\/mznoticia_jaguariaiva_coluna-150x150.png\",\"url\":\"https:\\\/\\\/mznoticia.com.br\\\/jaguariaiva\\\/wp-content\\\/uploads\\\/2025\\\/02\\\/mznoticia_jaguariaiva_coluna-150x150.png\",\"contentUrl\":\"https:\\\/\\\/mznoticia.com.br\\\/jaguariaiva\\\/wp-content\\\/uploads\\\/2025\\\/02\\\/mznoticia_jaguariaiva_coluna-150x150.png\",\"caption\":\"Redacao mz\"},\"sameAs\":[\"http:\\\/\\\/mznoticia.com.br\"],\"url\":\"https:\\\/\\\/mznoticia.com.br\\\/jaguariaiva\\\/author\\\/lucimara\\\/\"}]}<\/script>\n<!-- \/ Yoast SEO plugin. -->","yoast_head_json":{"title":"Adolescente \u00e9 suspeito de incendiar carro ap\u00f3s den\u00fancia de amea\u00e7as em Jaguaria\u00edva - Mz Not\u00edcias","description":"Adolescente \u00e9 suspeito de incendiar um carro em Jaguaria\u00edva ap\u00f3s v\u00edtima registrar den\u00fancia de amea\u00e7as contra a fam\u00edlia. Caso foi encaminhado \u00e0 Pol\u00edcia Civil.","robots":{"index":"index","follow":"follow","max-snippet":"max-snippet:-1","max-image-preview":"max-image-preview:large","max-video-preview":"max-video-preview:-1"},"canonical":"https:\/\/mznoticia.com.br\/jaguariaiva\/adolescente-e-suspeito-de-incendiar-carro-apos-denuncia-de-ameacas-em-jaguariaiva\/","og_locale":"pt_BR","og_type":"article","og_title":"Adolescente \u00e9 suspeito de incendiar carro ap\u00f3s den\u00fancia de amea\u00e7as em Jaguaria\u00edva - Mz Not\u00edcias","og_description":"Adolescente \u00e9 suspeito de incendiar um carro em Jaguaria\u00edva ap\u00f3s v\u00edtima registrar den\u00fancia de amea\u00e7as contra a fam\u00edlia. Caso foi encaminhado \u00e0 Pol\u00edcia Civil.","og_url":"https:\/\/mznoticia.com.br\/jaguariaiva\/adolescente-e-suspeito-de-incendiar-carro-apos-denuncia-de-ameacas-em-jaguariaiva\/","og_site_name":"Mz Not\u00edcias","article_publisher":"https:\/\/www.facebook.com\/profile.php?id=61573479951222","article_published_time":"2026-07-28T11:39:11+00:00","og_image":[{"width":1000,"height":667,"url":"https:\/\/mznoticia.com.br\/jaguariaiva\/wp-content\/uploads\/2026\/07\/pm-mil.webp","type":"image\/webp"}],"author":"Redacao mz","twitter_card":"summary_large_image","twitter_misc":{"Escrito por":"Redacao mz","Est. tempo de leitura":"2 minutos"},"schema":{"@context":"https:\/\/schema.org","@graph":[{"@type":"Article","@id":"https:\/\/mznoticia.com.br\/jaguariaiva\/adolescente-e-suspeito-de-incendiar-carro-apos-denuncia-de-ameacas-em-jaguariaiva\/#article","isPartOf":{"@id":"https:\/\/mznoticia.com.br\/jaguariaiva\/adolescente-e-suspeito-de-incendiar-carro-apos-denuncia-de-ameacas-em-jaguariaiva\/"},"author":{"name":"Redacao mz","@id":"https:\/\/mznoticia.com.br\/jaguariaiva\/#\/schema\/person\/84012d827247b3f42f37b550da79cd03"},"headline":"Adolescente \u00e9 suspeito de incendiar carro ap\u00f3s den\u00fancia de amea\u00e7as em Jaguaria\u00edva","datePublished":"2026-07-28T11:39:11+00:00","mainEntityOfPage":{"@id":"https:\/\/mznoticia.com.br\/jaguariaiva\/adolescente-e-suspeito-de-incendiar-carro-apos-denuncia-de-ameacas-em-jaguariaiva\/"},"wordCount":327,"commentCount":0,"publisher":{"@id":"https:\/\/mznoticia.com.br\/jaguariaiva\/#organization"},"image":{"@id":"https:\/\/mznoticia.com.br\/jaguariaiva\/adolescente-e-suspeito-de-incendiar-carro-apos-denuncia-de-ameacas-em-jaguariaiva\/#primaryimage"},"thumbnailUrl":"https:\/\/mznoticia.com.br\/jaguariaiva\/wp-content\/uploads\/2026\/07\/pm-mil.webp","keywords":["Adolescente","Amea\u00e7as","Campos Gerais","destaue","Inc\u00eandio","jaguariaiva","parana","Pol\u00edcia Civil","pol\u00edcia militar","Seguran\u00e7a P\u00fablica","Ve\u00edculo"],"articleSection":["Policial"],"inLanguage":"pt-BR","potentialAction":[{"@type":"CommentAction","name":"Comment","target":["https:\/\/mznoticia.com.br\/jaguariaiva\/adolescente-e-suspeito-de-incendiar-carro-apos-denuncia-de-ameacas-em-jaguariaiva\/#respond"]}]},{"@type":"WebPage","@id":"https:\/\/mznoticia.com.br\/jaguariaiva\/adolescente-e-suspeito-de-incendiar-carro-apos-denuncia-de-ameacas-em-jaguariaiva\/","url":"https:\/\/mznoticia.com.br\/jaguariaiva\/adolescente-e-suspeito-de-incendiar-carro-apos-denuncia-de-ameacas-em-jaguariaiva\/","name":"Adolescente \u00e9 suspeito de incendiar carro ap\u00f3s den\u00fancia de amea\u00e7as em Jaguaria\u00edva - Mz Not\u00edcias","isPartOf":{"@id":"https:\/\/mznoticia.com.br\/jaguariaiva\/#website"},"primaryImageOfPage":{"@id":"https:\/\/mznoticia.com.br\/jaguariaiva\/adolescente-e-suspeito-de-incendiar-carro-apos-denuncia-de-ameacas-em-jaguariaiva\/#primaryimage"},"image":{"@id":"https:\/\/mznoticia.com.br\/jaguariaiva\/adolescente-e-suspeito-de-incendiar-carro-apos-denuncia-de-ameacas-em-jaguariaiva\/#primaryimage"},"thumbnailUrl":"https:\/\/mznoticia.com.br\/jaguariaiva\/wp-content\/uploads\/2026\/07\/pm-mil.webp","datePublished":"2026-07-28T11:39:11+00:00","description":"Adolescente \u00e9 suspeito de incendiar um carro em Jaguaria\u00edva ap\u00f3s v\u00edtima registrar den\u00fancia de amea\u00e7as contra a fam\u00edlia. Caso foi encaminhado \u00e0 Pol\u00edcia Civil.","breadcrumb":{"@id":"https:\/\/mznoticia.com.br\/jaguariaiva\/adolescente-e-suspeito-de-incendiar-carro-apos-denuncia-de-ameacas-em-jaguariaiva\/#breadcrumb"},"inLanguage":"pt-BR","potentialAction":[{"@type":"ReadAction","target":["https:\/\/mznoticia.com.br\/jaguariaiva\/adolescente-e-suspeito-de-incendiar-carro-apos-denuncia-de-ameacas-em-jaguariaiva\/"]}]},{"@type":"ImageObject","inLanguage":"pt-BR","@id":"https:\/\/mznoticia.com.br\/jaguariaiva\/adolescente-e-suspeito-de-incendiar-carro-apos-denuncia-de-ameacas-em-jaguariaiva\/#primaryimage","url":"https:\/\/mznoticia.com.br\/jaguariaiva\/wp-content\/uploads\/2026\/07\/pm-mil.webp","contentUrl":"https:\/\/mznoticia.com.br\/jaguariaiva\/wp-content\/uploads\/2026\/07\/pm-mil.webp","width":1000,"height":667},{"@type":"BreadcrumbList","@id":"https:\/\/mznoticia.com.br\/jaguariaiva\/adolescente-e-suspeito-de-incendiar-carro-apos-denuncia-de-ameacas-em-jaguariaiva\/#breadcrumb","itemListElement":[{"@type":"ListItem","position":1,"name":"Home","item":"https:\/\/mznoticia.com.br\/jaguariaiva\/"},{"@type":"ListItem","position":2,"name":"Adolescente \u00e9 suspeito de incendiar carro ap\u00f3s den\u00fancia de amea\u00e7as em Jaguaria\u00edva"}]},{"@type":"WebSite","@id":"https:\/\/mznoticia.com.br\/jaguariaiva\/#website","url":"https:\/\/mznoticia.com.br\/jaguariaiva\/","name":"Mz Not\u00edcia","description":"A informa\u00e7\u00e3o que voc\u00ea precisa na hora certa!","publisher":{"@id":"https:\/\/mznoticia.com.br\/jaguariaiva\/#organization"},"potentialAction":[{"@type":"SearchAction","target":{"@type":"EntryPoint","urlTemplate":"https:\/\/mznoticia.com.br\/jaguariaiva\/?s={search_term_string}"},"query-input":{"@type":"PropertyValueSpecification","valueRequired":true,"valueName":"search_term_string"}}],"inLanguage":"pt-BR"},{"@type":"Organization","@id":"https:\/\/mznoticia.com.br\/jaguariaiva\/#organization","name":"Mz Not\u00edcia","url":"https:\/\/mznoticia.com.br\/jaguariaiva\/","logo":{"@type":"ImageObject","inLanguage":"pt-BR","@id":"https:\/\/mznoticia.com.br\/jaguariaiva\/#\/schema\/logo\/image\/","url":"https:\/\/mznoticia.com.br\/jaguariaiva\/wp-content\/uploads\/2025\/03\/Design-sem-nome-4-e1741200616392.png","contentUrl":"https:\/\/mznoticia.com.br\/jaguariaiva\/wp-content\/uploads\/2025\/03\/Design-sem-nome-4-e1741200616392.png","width":750,"height":563,"caption":"Mz Not\u00edcia"},"image":{"@id":"https:\/\/mznoticia.com.br\/jaguariaiva\/#\/schema\/logo\/image\/"},"sameAs":["https:\/\/www.facebook.com\/profile.php?id=61573479951222","https:\/\/www.instagram.com\/mz.jaguariaiva\/"]},{"@type":"Person","@id":"https:\/\/mznoticia.com.br\/jaguariaiva\/#\/schema\/person\/84012d827247b3f42f37b550da79cd03","name":"Redacao mz","image":{"@type":"ImageObject","inLanguage":"pt-BR","@id":"https:\/\/mznoticia.com.br\/jaguariaiva\/wp-content\/uploads\/2025\/02\/mznoticia_jaguariaiva_coluna-150x150.png","url":"https:\/\/mznoticia.com.br\/jaguariaiva\/wp-content\/uploads\/2025\/02\/mznoticia_jaguariaiva_coluna-150x150.png","contentUrl":"https:\/\/mznoticia.com.br\/jaguariaiva\/wp-content\/uploads\/2025\/02\/mznoticia_jaguariaiva_coluna-150x150.png","caption":"Redacao mz"},"sameAs":["http:\/\/mznoticia.com.br"],"url":"https:\/\/mznoticia.com.br\/jaguariaiva\/author\/lucimara\/"}]}},"_links":{"self":[{"href":"https:\/\/mznoticia.com.br\/jaguariaiva\/wp-json\/wp\/v2\/posts\/5407","targetHints":{"allow":["GET"]}}],"collection":[{"href":"https:\/\/mznoticia.com.br\/jaguariaiva\/wp-json\/wp\/v2\/posts"}],"about":[{"href":"https:\/\/mznoticia.com.br\/jaguariaiva\/wp-json\/wp\/v2\/types\/post"}],"author":[{"embeddable":true,"href":"https:\/\/mznoticia.com.br\/jaguariaiva\/wp-json\/wp\/v2\/users\/16"}],"replies":[{"embeddable":true,"href":"https:\/\/mznoticia.com.br\/jaguariaiva\/wp-json\/wp\/v2\/comments?post=5407"}],"version-history":[{"count":1,"href":"https:\/\/mznoticia.com.br\/jaguariaiva\/wp-json\/wp\/v2\/posts\/5407\/revisions"}],"predecessor-version":[{"id":5409,"href":"https:\/\/mznoticia.com.br\/jaguariaiva\/wp-json\/wp\/v2\/posts\/5407\/revisions\/5409"}],"wp:featuredmedia":[{"embeddable":true,"href":"https:\/\/mznoticia.com.br\/jaguariaiva\/wp-json\/wp\/v2\/media\/5408"}],"wp:attachment":[{"href":"https:\/\/mznoticia.com.br\/jaguariaiva\/wp-json\/wp\/v2\/media?parent=5407"}],"wp:term":[{"taxonomy":"category","embeddable":true,"href":"https:\/\/mznoticia.com.br\/jaguariaiva\/wp-json\/wp\/v2\/categories?post=5407"},{"taxonomy":"post_tag","embeddable":true,"href":"https:\/\/mznoticia.com.br\/jaguariaiva\/wp-json\/wp\/v2\/tags?post=5407"}],"curies":[{"name":"wp","href":"https:\/\/api.w.org\/{rel}","templated":true}]}}