{"id":5479,"date":"2026-07-28T22:15:43","date_gmt":"2026-07-28T22:15:43","guid":{"rendered":"https:\/\/mznoticia.com.br\/jaguariaiva\/?p=5479"},"modified":"2026-07-28T22:15:43","modified_gmt":"2026-07-28T22:15:43","slug":"homem-encontra-carro-incendiado-apos-sair-da-delegacia-em-jaguariaiva","status":"publish","type":"post","link":"https:\/\/mznoticia.com.br\/jaguariaiva\/homem-encontra-carro-incendiado-apos-sair-da-delegacia-em-jaguariaiva\/","title":{"rendered":"Homem encontra carro incendiado ap\u00f3s sair da delegacia em Jaguaria\u00edva"},"content":{"rendered":"<p class=\"PDq2pG_selectionAnchorContainer\" data-start=\"73\" data-end=\"211\"><strong data-start=\"73\" data-end=\"211\">V\u00edtima havia procurado a Pol\u00edcia Civil para denunciar amea\u00e7as contra sua fam\u00edlia. Caso \u00e9 investigado como poss\u00edvel inc\u00eandio criminoso.<\/strong><\/p>\n<p data-start=\"213\" data-end=\"494\">Um homem encontrou o pr\u00f3prio carro completamente incendiado ao chegar em casa, na noite de segunda-feira (27), em Jaguaria\u00edva, nos Campos Gerais. O caso chamou a aten\u00e7\u00e3o porque a v\u00edtima havia acabado de sair da delegacia, onde registrava uma den\u00fancia de amea\u00e7as contra sua fam\u00edlia.<\/p>\n<h2 data-section-id=\"1d5v0gf\" data-start=\"496\" data-end=\"534\">V\u00edtima denunciava amea\u00e7as \u00e0 pol\u00edcia<\/h2>\n<p data-start=\"536\" data-end=\"673\">Segundo informa\u00e7\u00f5es da Pol\u00edcia Militar, a equipe foi acionada para atender uma ocorr\u00eancia de inc\u00eandio criminoso na Rua Ol\u00edvia dos Santos.<\/p>\n<p data-start=\"675\" data-end=\"885\">Ao chegar ao local, a v\u00edtima relatou que sua fam\u00edlia vinha sendo amea\u00e7ada por um adolescente. Conforme o depoimento, o suspeito teria, inclusive, efetuado disparos de arma de fogo contra o filho do solicitante.<\/p>\n<p data-start=\"887\" data-end=\"1002\">Diante da situa\u00e7\u00e3o, o homem procurou a Delegacia da Pol\u00edcia Civil para registrar a ocorr\u00eancia e pedir provid\u00eancias.<\/p>\n<h2 data-section-id=\"xb8m8v\" data-start=\"1004\" data-end=\"1048\">Carro foi encontrado totalmente destru\u00eddo<\/h2>\n<p data-start=\"1050\" data-end=\"1181\">Ao retornar para casa ap\u00f3s deixar a delegacia, a v\u00edtima encontrou seu ve\u00edculo, um <strong data-start=\"1132\" data-end=\"1142\">VW Gol<\/strong>, completamente destru\u00eddo pelas chamas.<\/p>\n<p data-start=\"1183\" data-end=\"1269\">O homem suspeita que o inc\u00eandio tenha rela\u00e7\u00e3o com as amea\u00e7as sofridas por sua fam\u00edlia.<\/p>\n<h2 data-section-id=\"5g60om\" data-start=\"1271\" data-end=\"1297\">Pol\u00edcia realizou buscas<\/h2>\n<p data-start=\"1299\" data-end=\"1453\">Ap\u00f3s tomar conhecimento dos fatos, policiais militares realizaram buscas na resid\u00eancia do adolescente apontado pela v\u00edtima e tamb\u00e9m na casa dos av\u00f3s dele.<\/p>\n<p data-start=\"1455\" data-end=\"1531\">Segundo a PM, nenhum material il\u00edcito foi encontrado durante as dilig\u00eancias.<\/p>\n<h2 data-section-id=\"1e8qlfx\" data-start=\"1533\" data-end=\"1564\">V\u00edtima pede medida protetiva<\/h2>\n<p data-start=\"1566\" data-end=\"1720\">Ainda conforme o relato, o homem informou possuir imagens que comprovariam as amea\u00e7as sofridas e solicitou medidas de prote\u00e7\u00e3o para ele e seus familiares.<\/p>\n<p data-start=\"1722\" data-end=\"1873\">O caso foi encaminhado \u00e0 Pol\u00edcia Civil, que dar\u00e1 continuidade \u00e0s investiga\u00e7\u00f5es para esclarecer as circunst\u00e2ncias do inc\u00eandio e das den\u00fancias de amea\u00e7a.<\/p>\n<p data-start=\"1722\" data-end=\"1873\">Foto: Ilustrativa<\/p>\n","protected":false},"excerpt":{"rendered":"<p>V\u00edtima havia procurado a Pol\u00edcia Civil para denunciar amea\u00e7as contra sua fam\u00edlia. Caso \u00e9 investigado como poss\u00edvel inc\u00eandio criminoso. Um homem encontrou o pr\u00f3prio carro completamente incendiado ao chegar em casa, na noite de segunda-feira (27), em Jaguaria\u00edva, nos Campos Gerais. O caso chamou a aten\u00e7\u00e3o porque a v\u00edtima havia acabado de sair da delegacia, [&hellip;]<\/p>\n","protected":false},"author":17,"featured_media":5480,"comment_status":"open","ping_status":"open","sticky":false,"template":"","format":"standard","meta":{"footnotes":""},"categories":[6,4],"tags":[1193,1201,1200,1199,1202,1203,1094,317,63,392],"class_list":["post-5479","post","type-post","status-publish","format-standard","has-post-thumbnail","hentry","category-jaguariaiva","category-policial","tag-camposgerais","tag-incendiocriminoso","tag-policiacivil","tag-policiamilitar","tag-segurancapublica","tag-vwgol","tag-ameacas","tag-investigacao","tag-jaguariaiva","tag-mznoticias"],"yoast_head":"<!-- This site is optimized with the Yoast SEO plugin v28.1 - https:\/\/yoast.com\/product\/yoast-seo-wordpress\/ -->\n<title>Homem encontra carro incendiado ap\u00f3s sair da delegacia em Jaguaria\u00edva - Mz Not\u00edcias<\/title>\n<meta name=\"description\" content=\"Homem encontra carro incendiado ap\u00f3s sair da delegacia em Jaguaria\u00edva, onde denunciava amea\u00e7as contra sua fam\u00edlia. Pol\u00edcia Civil investiga o caso.\" \/>\n<meta name=\"robots\" content=\"index, follow, max-snippet:-1, max-image-preview:large, max-video-preview:-1\" \/>\n<link rel=\"canonical\" href=\"https:\/\/mznoticia.com.br\/jaguariaiva\/homem-encontra-carro-incendiado-apos-sair-da-delegacia-em-jaguariaiva\/\" \/>\n<meta property=\"og:locale\" content=\"pt_BR\" \/>\n<meta property=\"og:type\" content=\"article\" \/>\n<meta property=\"og:title\" content=\"Homem encontra carro incendiado ap\u00f3s sair da delegacia em Jaguaria\u00edva - Mz Not\u00edcias\" \/>\n<meta property=\"og:description\" content=\"Homem encontra carro incendiado ap\u00f3s sair da delegacia em Jaguaria\u00edva, onde denunciava amea\u00e7as contra sua fam\u00edlia. Pol\u00edcia Civil investiga o caso.\" \/>\n<meta property=\"og:url\" content=\"https:\/\/mznoticia.com.br\/jaguariaiva\/homem-encontra-carro-incendiado-apos-sair-da-delegacia-em-jaguariaiva\/\" \/>\n<meta property=\"og:site_name\" content=\"Mz Not\u00edcias\" \/>\n<meta property=\"article:publisher\" content=\"https:\/\/www.facebook.com\/profile.php?id=61573479951222\" \/>\n<meta property=\"article:published_time\" content=\"2026-07-28T22:15:43+00:00\" \/>\n<meta property=\"og:image\" content=\"https:\/\/mznoticia.com.br\/jaguariaiva\/wp-content\/uploads\/2026\/07\/carrofogo.jpg\" \/>\n\t<meta property=\"og:image:width\" content=\"1500\" \/>\n\t<meta property=\"og:image:height\" content=\"1000\" \/>\n\t<meta property=\"og:image:type\" content=\"image\/jpeg\" \/>\n<meta name=\"author\" content=\"redacao mz\" \/>\n<meta name=\"twitter:card\" content=\"summary_large_image\" \/>\n<meta name=\"twitter:label1\" content=\"Escrito por\" \/>\n\t<meta name=\"twitter:data1\" content=\"redacao mz\" \/>\n\t<meta name=\"twitter:label2\" content=\"Est. tempo de leitura\" \/>\n\t<meta name=\"twitter:data2\" content=\"2 minutos\" \/>\n<script type=\"application\/ld+json\" class=\"yoast-schema-graph\">{\"@context\":\"https:\\\/\\\/schema.org\",\"@graph\":[{\"@type\":\"Article\",\"@id\":\"https:\\\/\\\/mznoticia.com.br\\\/jaguariaiva\\\/homem-encontra-carro-incendiado-apos-sair-da-delegacia-em-jaguariaiva\\\/#article\",\"isPartOf\":{\"@id\":\"https:\\\/\\\/mznoticia.com.br\\\/jaguariaiva\\\/homem-encontra-carro-incendiado-apos-sair-da-delegacia-em-jaguariaiva\\\/\"},\"author\":{\"name\":\"redacao mz\",\"@id\":\"https:\\\/\\\/mznoticia.com.br\\\/jaguariaiva\\\/#\\\/schema\\\/person\\\/9081e3eea38d0f9ff6d13386b9d71916\"},\"headline\":\"Homem encontra carro incendiado ap\u00f3s sair da delegacia em Jaguaria\u00edva\",\"datePublished\":\"2026-07-28T22:15:43+00:00\",\"mainEntityOfPage\":{\"@id\":\"https:\\\/\\\/mznoticia.com.br\\\/jaguariaiva\\\/homem-encontra-carro-incendiado-apos-sair-da-delegacia-em-jaguariaiva\\\/\"},\"wordCount\":334,\"commentCount\":0,\"publisher\":{\"@id\":\"https:\\\/\\\/mznoticia.com.br\\\/jaguariaiva\\\/#organization\"},\"image\":{\"@id\":\"https:\\\/\\\/mznoticia.com.br\\\/jaguariaiva\\\/homem-encontra-carro-incendiado-apos-sair-da-delegacia-em-jaguariaiva\\\/#primaryimage\"},\"thumbnailUrl\":\"https:\\\/\\\/mznoticia.com.br\\\/jaguariaiva\\\/wp-content\\\/uploads\\\/2026\\\/07\\\/carrofogo.jpg\",\"keywords\":[\"#CamposGerais\",\"#Inc\u00eandioCriminoso\",\"#Pol\u00edciaCivil\",\"#Pol\u00edciaMilitar\",\"#Seguran\u00e7aP\u00fablica\",\"#VWGol\",\"Amea\u00e7as\",\"Investiga\u00e7\u00e3o\",\"jaguariaiva\",\"MZNot\u00edcias\"],\"articleSection\":[\"Jaguaria\u00edva\",\"Policial\"],\"inLanguage\":\"pt-BR\",\"potentialAction\":[{\"@type\":\"CommentAction\",\"name\":\"Comment\",\"target\":[\"https:\\\/\\\/mznoticia.com.br\\\/jaguariaiva\\\/homem-encontra-carro-incendiado-apos-sair-da-delegacia-em-jaguariaiva\\\/#respond\"]}]},{\"@type\":\"WebPage\",\"@id\":\"https:\\\/\\\/mznoticia.com.br\\\/jaguariaiva\\\/homem-encontra-carro-incendiado-apos-sair-da-delegacia-em-jaguariaiva\\\/\",\"url\":\"https:\\\/\\\/mznoticia.com.br\\\/jaguariaiva\\\/homem-encontra-carro-incendiado-apos-sair-da-delegacia-em-jaguariaiva\\\/\",\"name\":\"Homem encontra carro incendiado ap\u00f3s sair da delegacia em Jaguaria\u00edva - Mz Not\u00edcias\",\"isPartOf\":{\"@id\":\"https:\\\/\\\/mznoticia.com.br\\\/jaguariaiva\\\/#website\"},\"primaryImageOfPage\":{\"@id\":\"https:\\\/\\\/mznoticia.com.br\\\/jaguariaiva\\\/homem-encontra-carro-incendiado-apos-sair-da-delegacia-em-jaguariaiva\\\/#primaryimage\"},\"image\":{\"@id\":\"https:\\\/\\\/mznoticia.com.br\\\/jaguariaiva\\\/homem-encontra-carro-incendiado-apos-sair-da-delegacia-em-jaguariaiva\\\/#primaryimage\"},\"thumbnailUrl\":\"https:\\\/\\\/mznoticia.com.br\\\/jaguariaiva\\\/wp-content\\\/uploads\\\/2026\\\/07\\\/carrofogo.jpg\",\"datePublished\":\"2026-07-28T22:15:43+00:00\",\"description\":\"Homem encontra carro incendiado ap\u00f3s sair da delegacia em Jaguaria\u00edva, onde denunciava amea\u00e7as contra sua fam\u00edlia. Pol\u00edcia Civil investiga o caso.\",\"breadcrumb\":{\"@id\":\"https:\\\/\\\/mznoticia.com.br\\\/jaguariaiva\\\/homem-encontra-carro-incendiado-apos-sair-da-delegacia-em-jaguariaiva\\\/#breadcrumb\"},\"inLanguage\":\"pt-BR\",\"potentialAction\":[{\"@type\":\"ReadAction\",\"target\":[\"https:\\\/\\\/mznoticia.com.br\\\/jaguariaiva\\\/homem-encontra-carro-incendiado-apos-sair-da-delegacia-em-jaguariaiva\\\/\"]}]},{\"@type\":\"ImageObject\",\"inLanguage\":\"pt-BR\",\"@id\":\"https:\\\/\\\/mznoticia.com.br\\\/jaguariaiva\\\/homem-encontra-carro-incendiado-apos-sair-da-delegacia-em-jaguariaiva\\\/#primaryimage\",\"url\":\"https:\\\/\\\/mznoticia.com.br\\\/jaguariaiva\\\/wp-content\\\/uploads\\\/2026\\\/07\\\/carrofogo.jpg\",\"contentUrl\":\"https:\\\/\\\/mznoticia.com.br\\\/jaguariaiva\\\/wp-content\\\/uploads\\\/2026\\\/07\\\/carrofogo.jpg\",\"width\":1500,\"height\":1000},{\"@type\":\"BreadcrumbList\",\"@id\":\"https:\\\/\\\/mznoticia.com.br\\\/jaguariaiva\\\/homem-encontra-carro-incendiado-apos-sair-da-delegacia-em-jaguariaiva\\\/#breadcrumb\",\"itemListElement\":[{\"@type\":\"ListItem\",\"position\":1,\"name\":\"Home\",\"item\":\"https:\\\/\\\/mznoticia.com.br\\\/jaguariaiva\\\/\"},{\"@type\":\"ListItem\",\"position\":2,\"name\":\"Homem encontra carro incendiado ap\u00f3s sair da delegacia em Jaguaria\u00edva\"}]},{\"@type\":\"WebSite\",\"@id\":\"https:\\\/\\\/mznoticia.com.br\\\/jaguariaiva\\\/#website\",\"url\":\"https:\\\/\\\/mznoticia.com.br\\\/jaguariaiva\\\/\",\"name\":\"Mz Not\u00edcia\",\"description\":\"A informa\u00e7\u00e3o que voc\u00ea precisa na hora certa!\",\"publisher\":{\"@id\":\"https:\\\/\\\/mznoticia.com.br\\\/jaguariaiva\\\/#organization\"},\"potentialAction\":[{\"@type\":\"SearchAction\",\"target\":{\"@type\":\"EntryPoint\",\"urlTemplate\":\"https:\\\/\\\/mznoticia.com.br\\\/jaguariaiva\\\/?s={search_term_string}\"},\"query-input\":{\"@type\":\"PropertyValueSpecification\",\"valueRequired\":true,\"valueName\":\"search_term_string\"}}],\"inLanguage\":\"pt-BR\"},{\"@type\":\"Organization\",\"@id\":\"https:\\\/\\\/mznoticia.com.br\\\/jaguariaiva\\\/#organization\",\"name\":\"Mz Not\u00edcia\",\"url\":\"https:\\\/\\\/mznoticia.com.br\\\/jaguariaiva\\\/\",\"logo\":{\"@type\":\"ImageObject\",\"inLanguage\":\"pt-BR\",\"@id\":\"https:\\\/\\\/mznoticia.com.br\\\/jaguariaiva\\\/#\\\/schema\\\/logo\\\/image\\\/\",\"url\":\"https:\\\/\\\/mznoticia.com.br\\\/jaguariaiva\\\/wp-content\\\/uploads\\\/2025\\\/03\\\/Design-sem-nome-4-e1741200616392.png\",\"contentUrl\":\"https:\\\/\\\/mznoticia.com.br\\\/jaguariaiva\\\/wp-content\\\/uploads\\\/2025\\\/03\\\/Design-sem-nome-4-e1741200616392.png\",\"width\":750,\"height\":563,\"caption\":\"Mz Not\u00edcia\"},\"image\":{\"@id\":\"https:\\\/\\\/mznoticia.com.br\\\/jaguariaiva\\\/#\\\/schema\\\/logo\\\/image\\\/\"},\"sameAs\":[\"https:\\\/\\\/www.facebook.com\\\/profile.php?id=61573479951222\",\"https:\\\/\\\/www.instagram.com\\\/mz.jaguariaiva\\\/\"]},{\"@type\":\"Person\",\"@id\":\"https:\\\/\\\/mznoticia.com.br\\\/jaguariaiva\\\/#\\\/schema\\\/person\\\/9081e3eea38d0f9ff6d13386b9d71916\",\"name\":\"redacao mz\",\"image\":{\"@type\":\"ImageObject\",\"inLanguage\":\"pt-BR\",\"@id\":\"https:\\\/\\\/mznoticia.com.br\\\/jaguariaiva\\\/wp-content\\\/uploads\\\/2025\\\/02\\\/mznoticia_jaguariaiva_coluna-150x150.png\",\"url\":\"https:\\\/\\\/mznoticia.com.br\\\/jaguariaiva\\\/wp-content\\\/uploads\\\/2025\\\/02\\\/mznoticia_jaguariaiva_coluna-150x150.png\",\"contentUrl\":\"https:\\\/\\\/mznoticia.com.br\\\/jaguariaiva\\\/wp-content\\\/uploads\\\/2025\\\/02\\\/mznoticia_jaguariaiva_coluna-150x150.png\",\"caption\":\"redacao mz\"},\"url\":\"https:\\\/\\\/mznoticia.com.br\\\/jaguariaiva\\\/author\\\/manu\\\/\"}]}<\/script>\n<!-- \/ Yoast SEO plugin. -->","yoast_head_json":{"title":"Homem encontra carro incendiado ap\u00f3s sair da delegacia em Jaguaria\u00edva - Mz Not\u00edcias","description":"Homem encontra carro incendiado ap\u00f3s sair da delegacia em Jaguaria\u00edva, onde denunciava amea\u00e7as contra sua fam\u00edlia. Pol\u00edcia Civil investiga o caso.","robots":{"index":"index","follow":"follow","max-snippet":"max-snippet:-1","max-image-preview":"max-image-preview:large","max-video-preview":"max-video-preview:-1"},"canonical":"https:\/\/mznoticia.com.br\/jaguariaiva\/homem-encontra-carro-incendiado-apos-sair-da-delegacia-em-jaguariaiva\/","og_locale":"pt_BR","og_type":"article","og_title":"Homem encontra carro incendiado ap\u00f3s sair da delegacia em Jaguaria\u00edva - Mz Not\u00edcias","og_description":"Homem encontra carro incendiado ap\u00f3s sair da delegacia em Jaguaria\u00edva, onde denunciava amea\u00e7as contra sua fam\u00edlia. Pol\u00edcia Civil investiga o caso.","og_url":"https:\/\/mznoticia.com.br\/jaguariaiva\/homem-encontra-carro-incendiado-apos-sair-da-delegacia-em-jaguariaiva\/","og_site_name":"Mz Not\u00edcias","article_publisher":"https:\/\/www.facebook.com\/profile.php?id=61573479951222","article_published_time":"2026-07-28T22:15:43+00:00","og_image":[{"width":1500,"height":1000,"url":"https:\/\/mznoticia.com.br\/jaguariaiva\/wp-content\/uploads\/2026\/07\/carrofogo.jpg","type":"image\/jpeg"}],"author":"redacao mz","twitter_card":"summary_large_image","twitter_misc":{"Escrito por":"redacao mz","Est. tempo de leitura":"2 minutos"},"schema":{"@context":"https:\/\/schema.org","@graph":[{"@type":"Article","@id":"https:\/\/mznoticia.com.br\/jaguariaiva\/homem-encontra-carro-incendiado-apos-sair-da-delegacia-em-jaguariaiva\/#article","isPartOf":{"@id":"https:\/\/mznoticia.com.br\/jaguariaiva\/homem-encontra-carro-incendiado-apos-sair-da-delegacia-em-jaguariaiva\/"},"author":{"name":"redacao mz","@id":"https:\/\/mznoticia.com.br\/jaguariaiva\/#\/schema\/person\/9081e3eea38d0f9ff6d13386b9d71916"},"headline":"Homem encontra carro incendiado ap\u00f3s sair da delegacia em Jaguaria\u00edva","datePublished":"2026-07-28T22:15:43+00:00","mainEntityOfPage":{"@id":"https:\/\/mznoticia.com.br\/jaguariaiva\/homem-encontra-carro-incendiado-apos-sair-da-delegacia-em-jaguariaiva\/"},"wordCount":334,"commentCount":0,"publisher":{"@id":"https:\/\/mznoticia.com.br\/jaguariaiva\/#organization"},"image":{"@id":"https:\/\/mznoticia.com.br\/jaguariaiva\/homem-encontra-carro-incendiado-apos-sair-da-delegacia-em-jaguariaiva\/#primaryimage"},"thumbnailUrl":"https:\/\/mznoticia.com.br\/jaguariaiva\/wp-content\/uploads\/2026\/07\/carrofogo.jpg","keywords":["#CamposGerais","#Inc\u00eandioCriminoso","#Pol\u00edciaCivil","#Pol\u00edciaMilitar","#Seguran\u00e7aP\u00fablica","#VWGol","Amea\u00e7as","Investiga\u00e7\u00e3o","jaguariaiva","MZNot\u00edcias"],"articleSection":["Jaguaria\u00edva","Policial"],"inLanguage":"pt-BR","potentialAction":[{"@type":"CommentAction","name":"Comment","target":["https:\/\/mznoticia.com.br\/jaguariaiva\/homem-encontra-carro-incendiado-apos-sair-da-delegacia-em-jaguariaiva\/#respond"]}]},{"@type":"WebPage","@id":"https:\/\/mznoticia.com.br\/jaguariaiva\/homem-encontra-carro-incendiado-apos-sair-da-delegacia-em-jaguariaiva\/","url":"https:\/\/mznoticia.com.br\/jaguariaiva\/homem-encontra-carro-incendiado-apos-sair-da-delegacia-em-jaguariaiva\/","name":"Homem encontra carro incendiado ap\u00f3s sair da delegacia em Jaguaria\u00edva - Mz Not\u00edcias","isPartOf":{"@id":"https:\/\/mznoticia.com.br\/jaguariaiva\/#website"},"primaryImageOfPage":{"@id":"https:\/\/mznoticia.com.br\/jaguariaiva\/homem-encontra-carro-incendiado-apos-sair-da-delegacia-em-jaguariaiva\/#primaryimage"},"image":{"@id":"https:\/\/mznoticia.com.br\/jaguariaiva\/homem-encontra-carro-incendiado-apos-sair-da-delegacia-em-jaguariaiva\/#primaryimage"},"thumbnailUrl":"https:\/\/mznoticia.com.br\/jaguariaiva\/wp-content\/uploads\/2026\/07\/carrofogo.jpg","datePublished":"2026-07-28T22:15:43+00:00","description":"Homem encontra carro incendiado ap\u00f3s sair da delegacia em Jaguaria\u00edva, onde denunciava amea\u00e7as contra sua fam\u00edlia. Pol\u00edcia Civil investiga o caso.","breadcrumb":{"@id":"https:\/\/mznoticia.com.br\/jaguariaiva\/homem-encontra-carro-incendiado-apos-sair-da-delegacia-em-jaguariaiva\/#breadcrumb"},"inLanguage":"pt-BR","potentialAction":[{"@type":"ReadAction","target":["https:\/\/mznoticia.com.br\/jaguariaiva\/homem-encontra-carro-incendiado-apos-sair-da-delegacia-em-jaguariaiva\/"]}]},{"@type":"ImageObject","inLanguage":"pt-BR","@id":"https:\/\/mznoticia.com.br\/jaguariaiva\/homem-encontra-carro-incendiado-apos-sair-da-delegacia-em-jaguariaiva\/#primaryimage","url":"https:\/\/mznoticia.com.br\/jaguariaiva\/wp-content\/uploads\/2026\/07\/carrofogo.jpg","contentUrl":"https:\/\/mznoticia.com.br\/jaguariaiva\/wp-content\/uploads\/2026\/07\/carrofogo.jpg","width":1500,"height":1000},{"@type":"BreadcrumbList","@id":"https:\/\/mznoticia.com.br\/jaguariaiva\/homem-encontra-carro-incendiado-apos-sair-da-delegacia-em-jaguariaiva\/#breadcrumb","itemListElement":[{"@type":"ListItem","position":1,"name":"Home","item":"https:\/\/mznoticia.com.br\/jaguariaiva\/"},{"@type":"ListItem","position":2,"name":"Homem encontra carro incendiado ap\u00f3s sair da delegacia em Jaguaria\u00edva"}]},{"@type":"WebSite","@id":"https:\/\/mznoticia.com.br\/jaguariaiva\/#website","url":"https:\/\/mznoticia.com.br\/jaguariaiva\/","name":"Mz Not\u00edcia","description":"A informa\u00e7\u00e3o que voc\u00ea precisa na hora certa!","publisher":{"@id":"https:\/\/mznoticia.com.br\/jaguariaiva\/#organization"},"potentialAction":[{"@type":"SearchAction","target":{"@type":"EntryPoint","urlTemplate":"https:\/\/mznoticia.com.br\/jaguariaiva\/?s={search_term_string}"},"query-input":{"@type":"PropertyValueSpecification","valueRequired":true,"valueName":"search_term_string"}}],"inLanguage":"pt-BR"},{"@type":"Organization","@id":"https:\/\/mznoticia.com.br\/jaguariaiva\/#organization","name":"Mz Not\u00edcia","url":"https:\/\/mznoticia.com.br\/jaguariaiva\/","logo":{"@type":"ImageObject","inLanguage":"pt-BR","@id":"https:\/\/mznoticia.com.br\/jaguariaiva\/#\/schema\/logo\/image\/","url":"https:\/\/mznoticia.com.br\/jaguariaiva\/wp-content\/uploads\/2025\/03\/Design-sem-nome-4-e1741200616392.png","contentUrl":"https:\/\/mznoticia.com.br\/jaguariaiva\/wp-content\/uploads\/2025\/03\/Design-sem-nome-4-e1741200616392.png","width":750,"height":563,"caption":"Mz Not\u00edcia"},"image":{"@id":"https:\/\/mznoticia.com.br\/jaguariaiva\/#\/schema\/logo\/image\/"},"sameAs":["https:\/\/www.facebook.com\/profile.php?id=61573479951222","https:\/\/www.instagram.com\/mz.jaguariaiva\/"]},{"@type":"Person","@id":"https:\/\/mznoticia.com.br\/jaguariaiva\/#\/schema\/person\/9081e3eea38d0f9ff6d13386b9d71916","name":"redacao mz","image":{"@type":"ImageObject","inLanguage":"pt-BR","@id":"https:\/\/mznoticia.com.br\/jaguariaiva\/wp-content\/uploads\/2025\/02\/mznoticia_jaguariaiva_coluna-150x150.png","url":"https:\/\/mznoticia.com.br\/jaguariaiva\/wp-content\/uploads\/2025\/02\/mznoticia_jaguariaiva_coluna-150x150.png","contentUrl":"https:\/\/mznoticia.com.br\/jaguariaiva\/wp-content\/uploads\/2025\/02\/mznoticia_jaguariaiva_coluna-150x150.png","caption":"redacao mz"},"url":"https:\/\/mznoticia.com.br\/jaguariaiva\/author\/manu\/"}]}},"_links":{"self":[{"href":"https:\/\/mznoticia.com.br\/jaguariaiva\/wp-json\/wp\/v2\/posts\/5479","targetHints":{"allow":["GET"]}}],"collection":[{"href":"https:\/\/mznoticia.com.br\/jaguariaiva\/wp-json\/wp\/v2\/posts"}],"about":[{"href":"https:\/\/mznoticia.com.br\/jaguariaiva\/wp-json\/wp\/v2\/types\/post"}],"author":[{"embeddable":true,"href":"https:\/\/mznoticia.com.br\/jaguariaiva\/wp-json\/wp\/v2\/users\/17"}],"replies":[{"embeddable":true,"href":"https:\/\/mznoticia.com.br\/jaguariaiva\/wp-json\/wp\/v2\/comments?post=5479"}],"version-history":[{"count":1,"href":"https:\/\/mznoticia.com.br\/jaguariaiva\/wp-json\/wp\/v2\/posts\/5479\/revisions"}],"predecessor-version":[{"id":5481,"href":"https:\/\/mznoticia.com.br\/jaguariaiva\/wp-json\/wp\/v2\/posts\/5479\/revisions\/5481"}],"wp:featuredmedia":[{"embeddable":true,"href":"https:\/\/mznoticia.com.br\/jaguariaiva\/wp-json\/wp\/v2\/media\/5480"}],"wp:attachment":[{"href":"https:\/\/mznoticia.com.br\/jaguariaiva\/wp-json\/wp\/v2\/media?parent=5479"}],"wp:term":[{"taxonomy":"category","embeddable":true,"href":"https:\/\/mznoticia.com.br\/jaguariaiva\/wp-json\/wp\/v2\/categories?post=5479"},{"taxonomy":"post_tag","embeddable":true,"href":"https:\/\/mznoticia.com.br\/jaguariaiva\/wp-json\/wp\/v2\/tags?post=5479"}],"curies":[{"name":"wp","href":"https:\/\/api.w.org\/{rel}","templated":true}]}}