{"id":5482,"date":"2026-07-28T22:23:42","date_gmt":"2026-07-28T22:23:42","guid":{"rendered":"https:\/\/mznoticia.com.br\/jaguariaiva\/?p=5482"},"modified":"2026-07-28T22:23:42","modified_gmt":"2026-07-28T22:23:42","slug":"prefeitura-de-jaguariaiva-abre-inscricoes-para-curso-gratuito-de-primeiros-socorros","status":"publish","type":"post","link":"https:\/\/mznoticia.com.br\/jaguariaiva\/prefeitura-de-jaguariaiva-abre-inscricoes-para-curso-gratuito-de-primeiros-socorros\/","title":{"rendered":"Prefeitura de Jaguaria\u00edva abre inscri\u00e7\u00f5es para curso gratuito de primeiros socorros"},"content":{"rendered":"<p class=\"PDq2pG_selectionAnchorContainer\" data-start=\"87\" data-end=\"256\"><strong data-start=\"87\" data-end=\"256\">Capacita\u00e7\u00e3o oferece apenas 15 vagas e ensinar\u00e1 t\u00e9cnicas essenciais para o atendimento inicial em situa\u00e7\u00f5es de emerg\u00eancia; inscri\u00e7\u00f5es come\u00e7am nesta quarta-feira (29).<\/strong><\/p>\n<p data-start=\"258\" data-end=\"566\">A Prefeitura de Jaguaria\u00edva abre nesta quarta-feira (29) as inscri\u00e7\u00f5es para um curso gratuito de capacita\u00e7\u00e3o em primeiros socorros. A iniciativa busca preparar a popula\u00e7\u00e3o para agir de forma r\u00e1pida e correta em situa\u00e7\u00f5es de emerg\u00eancia, contribuindo para salvar vidas at\u00e9 a chegada das equipes especializadas.<\/p>\n<h2 data-section-id=\"zl565n\" data-start=\"568\" data-end=\"599\">Inscri\u00e7\u00f5es ser\u00e3o presenciais<\/h2>\n<p data-start=\"601\" data-end=\"752\">Os interessados dever\u00e3o realizar a inscri\u00e7\u00e3o presencialmente no Departamento de Ensino Profissionalizante, localizado na regi\u00e3o central de Jaguaria\u00edva.<\/p>\n<p data-start=\"754\" data-end=\"845\">Ao todo, ser\u00e3o disponibilizadas <strong data-start=\"786\" data-end=\"798\">15 vagas<\/strong>, que ser\u00e3o preenchidas por ordem de inscri\u00e7\u00e3o.<\/p>\n<h2 data-section-id=\"1nkh8jk\" data-start=\"847\" data-end=\"874\">Curso acontece em agosto<\/h2>\n<p data-start=\"876\" data-end=\"977\">A capacita\u00e7\u00e3o ser\u00e1 realizada nos dias <strong data-start=\"914\" data-end=\"935\">10 e 11 de agosto<\/strong>, com carga hor\u00e1ria total de <strong data-start=\"964\" data-end=\"976\">16 horas<\/strong>.<\/p>\n<p data-start=\"979\" data-end=\"1149\">As aulas ocorrer\u00e3o em per\u00edodo integral, das <strong data-start=\"1023\" data-end=\"1036\">8h \u00e0s 12h<\/strong> e das <strong data-start=\"1043\" data-end=\"1057\">13h \u00e0s 17h<\/strong>, reunindo atividades te\u00f3ricas e pr\u00e1ticas sobre procedimentos b\u00e1sicos de primeiros socorros.<\/p>\n<p data-start=\"1151\" data-end=\"1224\">Para participar, \u00e9 necess\u00e1rio ter <strong data-start=\"1185\" data-end=\"1204\">18 anos ou mais<\/strong> e ser alfabetizado.<\/p>\n<h2 data-section-id=\"iv3z45\" data-start=\"1226\" data-end=\"1282\">Forma\u00e7\u00e3o ensina t\u00e9cnicas para situa\u00e7\u00f5es de emerg\u00eancia<\/h2>\n<p data-start=\"1284\" data-end=\"1445\">Durante o curso, os participantes aprender\u00e3o t\u00e9cnicas de atendimento inicial para casos de acidentes, mal s\u00fabito, engasgamentos e outras situa\u00e7\u00f5es de emerg\u00eancia.<\/p>\n<p data-start=\"1447\" data-end=\"1705\">Al\u00e9m de ampliar o preparo da comunidade para agir diante de ocorr\u00eancias, a capacita\u00e7\u00e3o tamb\u00e9m pode representar um diferencial na qualifica\u00e7\u00e3o profissional, j\u00e1 que conhecimentos em primeiros socorros s\u00e3o valorizados em diferentes \u00e1reas do mercado de trabalho.<\/p>\n<h2 data-section-id=\"12ua8pd\" data-start=\"1707\" data-end=\"1721\">Informa\u00e7\u00f5es<\/h2>\n<p data-start=\"1723\" data-end=\"1836\">A Prefeitura orienta que os interessados realizem a inscri\u00e7\u00e3o o quanto antes, devido ao n\u00famero reduzido de vagas.<\/p>\n<p data-start=\"1838\" data-end=\"1906\">Mais informa\u00e7\u00f5es podem ser obtidas pelo telefone <strong data-start=\"1887\" data-end=\"1905\">(43) 3535-9358<\/strong>.<\/p>\n","protected":false},"excerpt":{"rendered":"<p>Capacita\u00e7\u00e3o oferece apenas 15 vagas e ensinar\u00e1 t\u00e9cnicas essenciais para o atendimento inicial em situa\u00e7\u00f5es de emerg\u00eancia; inscri\u00e7\u00f5es come\u00e7am nesta quarta-feira (29). A Prefeitura de Jaguaria\u00edva abre nesta quarta-feira (29) as inscri\u00e7\u00f5es para um curso gratuito de capacita\u00e7\u00e3o em primeiros socorros. A iniciativa busca preparar a popula\u00e7\u00e3o para agir de forma r\u00e1pida e correta em [&hellip;]<\/p>\n","protected":false},"author":17,"featured_media":5483,"comment_status":"open","ping_status":"open","sticky":false,"template":"","format":"standard","meta":{"footnotes":""},"categories":[12,6],"tags":[1193,1206,1205,1204,1207,109,719,63,392,70],"class_list":["post-5482","post","type-post","status-publish","format-standard","has-post-thumbnail","hentry","category-geral","category-jaguariaiva","tag-camposgerais","tag-capacitacao","tag-cursogratuito","tag-primeirossocorros","tag-qualificacaoprofissional","tag-educacao","tag-emergencia","tag-jaguariaiva","tag-mznoticias","tag-saude"],"yoast_head":"<!-- This site is optimized with the Yoast SEO plugin v28.1 - https:\/\/yoast.com\/product\/yoast-seo-wordpress\/ -->\n<title>Prefeitura de Jaguaria\u00edva abre inscri\u00e7\u00f5es para curso gratuito de primeiros socorros - Mz Not\u00edcias<\/title>\n<meta name=\"description\" content=\"Prefeitura de Jaguaria\u00edva abre inscri\u00e7\u00f5es para curso gratuito de primeiros socorros com 15 vagas. Aulas acontecem nos dias 10 e 11 de agosto.\" \/>\n<meta name=\"robots\" content=\"index, follow, max-snippet:-1, max-image-preview:large, max-video-preview:-1\" \/>\n<link rel=\"canonical\" href=\"https:\/\/mznoticia.com.br\/jaguariaiva\/prefeitura-de-jaguariaiva-abre-inscricoes-para-curso-gratuito-de-primeiros-socorros\/\" \/>\n<meta property=\"og:locale\" content=\"pt_BR\" \/>\n<meta property=\"og:type\" content=\"article\" \/>\n<meta property=\"og:title\" content=\"Prefeitura de Jaguaria\u00edva abre inscri\u00e7\u00f5es para curso gratuito de primeiros socorros - Mz Not\u00edcias\" \/>\n<meta property=\"og:description\" content=\"Prefeitura de Jaguaria\u00edva abre inscri\u00e7\u00f5es para curso gratuito de primeiros socorros com 15 vagas. Aulas acontecem nos dias 10 e 11 de agosto.\" \/>\n<meta property=\"og:url\" content=\"https:\/\/mznoticia.com.br\/jaguariaiva\/prefeitura-de-jaguariaiva-abre-inscricoes-para-curso-gratuito-de-primeiros-socorros\/\" \/>\n<meta property=\"og:site_name\" content=\"Mz Not\u00edcias\" \/>\n<meta property=\"article:publisher\" content=\"https:\/\/www.facebook.com\/profile.php?id=61573479951222\" \/>\n<meta property=\"article:published_time\" content=\"2026-07-28T22:23:42+00:00\" \/>\n<meta property=\"og:image\" content=\"https:\/\/mznoticia.com.br\/jaguariaiva\/wp-content\/uploads\/2026\/07\/primeiros.jpg\" \/>\n\t<meta property=\"og:image:width\" content=\"800\" \/>\n\t<meta property=\"og:image:height\" content=\"439\" \/>\n\t<meta property=\"og:image:type\" content=\"image\/jpeg\" \/>\n<meta name=\"author\" content=\"redacao mz\" \/>\n<meta name=\"twitter:card\" content=\"summary_large_image\" \/>\n<meta name=\"twitter:label1\" content=\"Escrito por\" \/>\n\t<meta name=\"twitter:data1\" content=\"redacao mz\" \/>\n\t<meta name=\"twitter:label2\" content=\"Est. tempo de leitura\" \/>\n\t<meta name=\"twitter:data2\" content=\"2 minutos\" \/>\n<script type=\"application\/ld+json\" class=\"yoast-schema-graph\">{\"@context\":\"https:\\\/\\\/schema.org\",\"@graph\":[{\"@type\":\"Article\",\"@id\":\"https:\\\/\\\/mznoticia.com.br\\\/jaguariaiva\\\/prefeitura-de-jaguariaiva-abre-inscricoes-para-curso-gratuito-de-primeiros-socorros\\\/#article\",\"isPartOf\":{\"@id\":\"https:\\\/\\\/mznoticia.com.br\\\/jaguariaiva\\\/prefeitura-de-jaguariaiva-abre-inscricoes-para-curso-gratuito-de-primeiros-socorros\\\/\"},\"author\":{\"name\":\"redacao mz\",\"@id\":\"https:\\\/\\\/mznoticia.com.br\\\/jaguariaiva\\\/#\\\/schema\\\/person\\\/9081e3eea38d0f9ff6d13386b9d71916\"},\"headline\":\"Prefeitura de Jaguaria\u00edva abre inscri\u00e7\u00f5es para curso gratuito de primeiros socorros\",\"datePublished\":\"2026-07-28T22:23:42+00:00\",\"mainEntityOfPage\":{\"@id\":\"https:\\\/\\\/mznoticia.com.br\\\/jaguariaiva\\\/prefeitura-de-jaguariaiva-abre-inscricoes-para-curso-gratuito-de-primeiros-socorros\\\/\"},\"wordCount\":308,\"commentCount\":0,\"publisher\":{\"@id\":\"https:\\\/\\\/mznoticia.com.br\\\/jaguariaiva\\\/#organization\"},\"image\":{\"@id\":\"https:\\\/\\\/mznoticia.com.br\\\/jaguariaiva\\\/prefeitura-de-jaguariaiva-abre-inscricoes-para-curso-gratuito-de-primeiros-socorros\\\/#primaryimage\"},\"thumbnailUrl\":\"https:\\\/\\\/mznoticia.com.br\\\/jaguariaiva\\\/wp-content\\\/uploads\\\/2026\\\/07\\\/primeiros.jpg\",\"keywords\":[\"#CamposGerais\",\"#Capacita\u00e7\u00e3o\",\"#CursoGratuito\",\"#PrimeirosSocorros\",\"#Qualifica\u00e7\u00e3oProfissional\",\"educa\u00e7\u00e3o\",\"Emerg\u00eancia\",\"jaguariaiva\",\"MZNot\u00edcias\",\"saude\"],\"articleSection\":[\"Geral\",\"Jaguaria\u00edva\"],\"inLanguage\":\"pt-BR\",\"potentialAction\":[{\"@type\":\"CommentAction\",\"name\":\"Comment\",\"target\":[\"https:\\\/\\\/mznoticia.com.br\\\/jaguariaiva\\\/prefeitura-de-jaguariaiva-abre-inscricoes-para-curso-gratuito-de-primeiros-socorros\\\/#respond\"]}]},{\"@type\":\"WebPage\",\"@id\":\"https:\\\/\\\/mznoticia.com.br\\\/jaguariaiva\\\/prefeitura-de-jaguariaiva-abre-inscricoes-para-curso-gratuito-de-primeiros-socorros\\\/\",\"url\":\"https:\\\/\\\/mznoticia.com.br\\\/jaguariaiva\\\/prefeitura-de-jaguariaiva-abre-inscricoes-para-curso-gratuito-de-primeiros-socorros\\\/\",\"name\":\"Prefeitura de Jaguaria\u00edva abre inscri\u00e7\u00f5es para curso gratuito de primeiros socorros - Mz Not\u00edcias\",\"isPartOf\":{\"@id\":\"https:\\\/\\\/mznoticia.com.br\\\/jaguariaiva\\\/#website\"},\"primaryImageOfPage\":{\"@id\":\"https:\\\/\\\/mznoticia.com.br\\\/jaguariaiva\\\/prefeitura-de-jaguariaiva-abre-inscricoes-para-curso-gratuito-de-primeiros-socorros\\\/#primaryimage\"},\"image\":{\"@id\":\"https:\\\/\\\/mznoticia.com.br\\\/jaguariaiva\\\/prefeitura-de-jaguariaiva-abre-inscricoes-para-curso-gratuito-de-primeiros-socorros\\\/#primaryimage\"},\"thumbnailUrl\":\"https:\\\/\\\/mznoticia.com.br\\\/jaguariaiva\\\/wp-content\\\/uploads\\\/2026\\\/07\\\/primeiros.jpg\",\"datePublished\":\"2026-07-28T22:23:42+00:00\",\"description\":\"Prefeitura de Jaguaria\u00edva abre inscri\u00e7\u00f5es para curso gratuito de primeiros socorros com 15 vagas. Aulas acontecem nos dias 10 e 11 de agosto.\",\"breadcrumb\":{\"@id\":\"https:\\\/\\\/mznoticia.com.br\\\/jaguariaiva\\\/prefeitura-de-jaguariaiva-abre-inscricoes-para-curso-gratuito-de-primeiros-socorros\\\/#breadcrumb\"},\"inLanguage\":\"pt-BR\",\"potentialAction\":[{\"@type\":\"ReadAction\",\"target\":[\"https:\\\/\\\/mznoticia.com.br\\\/jaguariaiva\\\/prefeitura-de-jaguariaiva-abre-inscricoes-para-curso-gratuito-de-primeiros-socorros\\\/\"]}]},{\"@type\":\"ImageObject\",\"inLanguage\":\"pt-BR\",\"@id\":\"https:\\\/\\\/mznoticia.com.br\\\/jaguariaiva\\\/prefeitura-de-jaguariaiva-abre-inscricoes-para-curso-gratuito-de-primeiros-socorros\\\/#primaryimage\",\"url\":\"https:\\\/\\\/mznoticia.com.br\\\/jaguariaiva\\\/wp-content\\\/uploads\\\/2026\\\/07\\\/primeiros.jpg\",\"contentUrl\":\"https:\\\/\\\/mznoticia.com.br\\\/jaguariaiva\\\/wp-content\\\/uploads\\\/2026\\\/07\\\/primeiros.jpg\",\"width\":800,\"height\":439},{\"@type\":\"BreadcrumbList\",\"@id\":\"https:\\\/\\\/mznoticia.com.br\\\/jaguariaiva\\\/prefeitura-de-jaguariaiva-abre-inscricoes-para-curso-gratuito-de-primeiros-socorros\\\/#breadcrumb\",\"itemListElement\":[{\"@type\":\"ListItem\",\"position\":1,\"name\":\"Home\",\"item\":\"https:\\\/\\\/mznoticia.com.br\\\/jaguariaiva\\\/\"},{\"@type\":\"ListItem\",\"position\":2,\"name\":\"Prefeitura de Jaguaria\u00edva abre inscri\u00e7\u00f5es para curso gratuito de primeiros socorros\"}]},{\"@type\":\"WebSite\",\"@id\":\"https:\\\/\\\/mznoticia.com.br\\\/jaguariaiva\\\/#website\",\"url\":\"https:\\\/\\\/mznoticia.com.br\\\/jaguariaiva\\\/\",\"name\":\"Mz Not\u00edcia\",\"description\":\"A informa\u00e7\u00e3o que voc\u00ea precisa na hora certa!\",\"publisher\":{\"@id\":\"https:\\\/\\\/mznoticia.com.br\\\/jaguariaiva\\\/#organization\"},\"potentialAction\":[{\"@type\":\"SearchAction\",\"target\":{\"@type\":\"EntryPoint\",\"urlTemplate\":\"https:\\\/\\\/mznoticia.com.br\\\/jaguariaiva\\\/?s={search_term_string}\"},\"query-input\":{\"@type\":\"PropertyValueSpecification\",\"valueRequired\":true,\"valueName\":\"search_term_string\"}}],\"inLanguage\":\"pt-BR\"},{\"@type\":\"Organization\",\"@id\":\"https:\\\/\\\/mznoticia.com.br\\\/jaguariaiva\\\/#organization\",\"name\":\"Mz Not\u00edcia\",\"url\":\"https:\\\/\\\/mznoticia.com.br\\\/jaguariaiva\\\/\",\"logo\":{\"@type\":\"ImageObject\",\"inLanguage\":\"pt-BR\",\"@id\":\"https:\\\/\\\/mznoticia.com.br\\\/jaguariaiva\\\/#\\\/schema\\\/logo\\\/image\\\/\",\"url\":\"https:\\\/\\\/mznoticia.com.br\\\/jaguariaiva\\\/wp-content\\\/uploads\\\/2025\\\/03\\\/Design-sem-nome-4-e1741200616392.png\",\"contentUrl\":\"https:\\\/\\\/mznoticia.com.br\\\/jaguariaiva\\\/wp-content\\\/uploads\\\/2025\\\/03\\\/Design-sem-nome-4-e1741200616392.png\",\"width\":750,\"height\":563,\"caption\":\"Mz Not\u00edcia\"},\"image\":{\"@id\":\"https:\\\/\\\/mznoticia.com.br\\\/jaguariaiva\\\/#\\\/schema\\\/logo\\\/image\\\/\"},\"sameAs\":[\"https:\\\/\\\/www.facebook.com\\\/profile.php?id=61573479951222\",\"https:\\\/\\\/www.instagram.com\\\/mz.jaguariaiva\\\/\"]},{\"@type\":\"Person\",\"@id\":\"https:\\\/\\\/mznoticia.com.br\\\/jaguariaiva\\\/#\\\/schema\\\/person\\\/9081e3eea38d0f9ff6d13386b9d71916\",\"name\":\"redacao mz\",\"image\":{\"@type\":\"ImageObject\",\"inLanguage\":\"pt-BR\",\"@id\":\"https:\\\/\\\/mznoticia.com.br\\\/jaguariaiva\\\/wp-content\\\/uploads\\\/2025\\\/02\\\/mznoticia_jaguariaiva_coluna-150x150.png\",\"url\":\"https:\\\/\\\/mznoticia.com.br\\\/jaguariaiva\\\/wp-content\\\/uploads\\\/2025\\\/02\\\/mznoticia_jaguariaiva_coluna-150x150.png\",\"contentUrl\":\"https:\\\/\\\/mznoticia.com.br\\\/jaguariaiva\\\/wp-content\\\/uploads\\\/2025\\\/02\\\/mznoticia_jaguariaiva_coluna-150x150.png\",\"caption\":\"redacao mz\"},\"url\":\"https:\\\/\\\/mznoticia.com.br\\\/jaguariaiva\\\/author\\\/manu\\\/\"}]}<\/script>\n<!-- \/ Yoast SEO plugin. -->","yoast_head_json":{"title":"Prefeitura de Jaguaria\u00edva abre inscri\u00e7\u00f5es para curso gratuito de primeiros socorros - Mz Not\u00edcias","description":"Prefeitura de Jaguaria\u00edva abre inscri\u00e7\u00f5es para curso gratuito de primeiros socorros com 15 vagas. Aulas acontecem nos dias 10 e 11 de agosto.","robots":{"index":"index","follow":"follow","max-snippet":"max-snippet:-1","max-image-preview":"max-image-preview:large","max-video-preview":"max-video-preview:-1"},"canonical":"https:\/\/mznoticia.com.br\/jaguariaiva\/prefeitura-de-jaguariaiva-abre-inscricoes-para-curso-gratuito-de-primeiros-socorros\/","og_locale":"pt_BR","og_type":"article","og_title":"Prefeitura de Jaguaria\u00edva abre inscri\u00e7\u00f5es para curso gratuito de primeiros socorros - Mz Not\u00edcias","og_description":"Prefeitura de Jaguaria\u00edva abre inscri\u00e7\u00f5es para curso gratuito de primeiros socorros com 15 vagas. Aulas acontecem nos dias 10 e 11 de agosto.","og_url":"https:\/\/mznoticia.com.br\/jaguariaiva\/prefeitura-de-jaguariaiva-abre-inscricoes-para-curso-gratuito-de-primeiros-socorros\/","og_site_name":"Mz Not\u00edcias","article_publisher":"https:\/\/www.facebook.com\/profile.php?id=61573479951222","article_published_time":"2026-07-28T22:23:42+00:00","og_image":[{"width":800,"height":439,"url":"https:\/\/mznoticia.com.br\/jaguariaiva\/wp-content\/uploads\/2026\/07\/primeiros.jpg","type":"image\/jpeg"}],"author":"redacao mz","twitter_card":"summary_large_image","twitter_misc":{"Escrito por":"redacao mz","Est. tempo de leitura":"2 minutos"},"schema":{"@context":"https:\/\/schema.org","@graph":[{"@type":"Article","@id":"https:\/\/mznoticia.com.br\/jaguariaiva\/prefeitura-de-jaguariaiva-abre-inscricoes-para-curso-gratuito-de-primeiros-socorros\/#article","isPartOf":{"@id":"https:\/\/mznoticia.com.br\/jaguariaiva\/prefeitura-de-jaguariaiva-abre-inscricoes-para-curso-gratuito-de-primeiros-socorros\/"},"author":{"name":"redacao mz","@id":"https:\/\/mznoticia.com.br\/jaguariaiva\/#\/schema\/person\/9081e3eea38d0f9ff6d13386b9d71916"},"headline":"Prefeitura de Jaguaria\u00edva abre inscri\u00e7\u00f5es para curso gratuito de primeiros socorros","datePublished":"2026-07-28T22:23:42+00:00","mainEntityOfPage":{"@id":"https:\/\/mznoticia.com.br\/jaguariaiva\/prefeitura-de-jaguariaiva-abre-inscricoes-para-curso-gratuito-de-primeiros-socorros\/"},"wordCount":308,"commentCount":0,"publisher":{"@id":"https:\/\/mznoticia.com.br\/jaguariaiva\/#organization"},"image":{"@id":"https:\/\/mznoticia.com.br\/jaguariaiva\/prefeitura-de-jaguariaiva-abre-inscricoes-para-curso-gratuito-de-primeiros-socorros\/#primaryimage"},"thumbnailUrl":"https:\/\/mznoticia.com.br\/jaguariaiva\/wp-content\/uploads\/2026\/07\/primeiros.jpg","keywords":["#CamposGerais","#Capacita\u00e7\u00e3o","#CursoGratuito","#PrimeirosSocorros","#Qualifica\u00e7\u00e3oProfissional","educa\u00e7\u00e3o","Emerg\u00eancia","jaguariaiva","MZNot\u00edcias","saude"],"articleSection":["Geral","Jaguaria\u00edva"],"inLanguage":"pt-BR","potentialAction":[{"@type":"CommentAction","name":"Comment","target":["https:\/\/mznoticia.com.br\/jaguariaiva\/prefeitura-de-jaguariaiva-abre-inscricoes-para-curso-gratuito-de-primeiros-socorros\/#respond"]}]},{"@type":"WebPage","@id":"https:\/\/mznoticia.com.br\/jaguariaiva\/prefeitura-de-jaguariaiva-abre-inscricoes-para-curso-gratuito-de-primeiros-socorros\/","url":"https:\/\/mznoticia.com.br\/jaguariaiva\/prefeitura-de-jaguariaiva-abre-inscricoes-para-curso-gratuito-de-primeiros-socorros\/","name":"Prefeitura de Jaguaria\u00edva abre inscri\u00e7\u00f5es para curso gratuito de primeiros socorros - Mz Not\u00edcias","isPartOf":{"@id":"https:\/\/mznoticia.com.br\/jaguariaiva\/#website"},"primaryImageOfPage":{"@id":"https:\/\/mznoticia.com.br\/jaguariaiva\/prefeitura-de-jaguariaiva-abre-inscricoes-para-curso-gratuito-de-primeiros-socorros\/#primaryimage"},"image":{"@id":"https:\/\/mznoticia.com.br\/jaguariaiva\/prefeitura-de-jaguariaiva-abre-inscricoes-para-curso-gratuito-de-primeiros-socorros\/#primaryimage"},"thumbnailUrl":"https:\/\/mznoticia.com.br\/jaguariaiva\/wp-content\/uploads\/2026\/07\/primeiros.jpg","datePublished":"2026-07-28T22:23:42+00:00","description":"Prefeitura de Jaguaria\u00edva abre inscri\u00e7\u00f5es para curso gratuito de primeiros socorros com 15 vagas. Aulas acontecem nos dias 10 e 11 de agosto.","breadcrumb":{"@id":"https:\/\/mznoticia.com.br\/jaguariaiva\/prefeitura-de-jaguariaiva-abre-inscricoes-para-curso-gratuito-de-primeiros-socorros\/#breadcrumb"},"inLanguage":"pt-BR","potentialAction":[{"@type":"ReadAction","target":["https:\/\/mznoticia.com.br\/jaguariaiva\/prefeitura-de-jaguariaiva-abre-inscricoes-para-curso-gratuito-de-primeiros-socorros\/"]}]},{"@type":"ImageObject","inLanguage":"pt-BR","@id":"https:\/\/mznoticia.com.br\/jaguariaiva\/prefeitura-de-jaguariaiva-abre-inscricoes-para-curso-gratuito-de-primeiros-socorros\/#primaryimage","url":"https:\/\/mznoticia.com.br\/jaguariaiva\/wp-content\/uploads\/2026\/07\/primeiros.jpg","contentUrl":"https:\/\/mznoticia.com.br\/jaguariaiva\/wp-content\/uploads\/2026\/07\/primeiros.jpg","width":800,"height":439},{"@type":"BreadcrumbList","@id":"https:\/\/mznoticia.com.br\/jaguariaiva\/prefeitura-de-jaguariaiva-abre-inscricoes-para-curso-gratuito-de-primeiros-socorros\/#breadcrumb","itemListElement":[{"@type":"ListItem","position":1,"name":"Home","item":"https:\/\/mznoticia.com.br\/jaguariaiva\/"},{"@type":"ListItem","position":2,"name":"Prefeitura de Jaguaria\u00edva abre inscri\u00e7\u00f5es para curso gratuito de primeiros socorros"}]},{"@type":"WebSite","@id":"https:\/\/mznoticia.com.br\/jaguariaiva\/#website","url":"https:\/\/mznoticia.com.br\/jaguariaiva\/","name":"Mz Not\u00edcia","description":"A informa\u00e7\u00e3o que voc\u00ea precisa na hora certa!","publisher":{"@id":"https:\/\/mznoticia.com.br\/jaguariaiva\/#organization"},"potentialAction":[{"@type":"SearchAction","target":{"@type":"EntryPoint","urlTemplate":"https:\/\/mznoticia.com.br\/jaguariaiva\/?s={search_term_string}"},"query-input":{"@type":"PropertyValueSpecification","valueRequired":true,"valueName":"search_term_string"}}],"inLanguage":"pt-BR"},{"@type":"Organization","@id":"https:\/\/mznoticia.com.br\/jaguariaiva\/#organization","name":"Mz Not\u00edcia","url":"https:\/\/mznoticia.com.br\/jaguariaiva\/","logo":{"@type":"ImageObject","inLanguage":"pt-BR","@id":"https:\/\/mznoticia.com.br\/jaguariaiva\/#\/schema\/logo\/image\/","url":"https:\/\/mznoticia.com.br\/jaguariaiva\/wp-content\/uploads\/2025\/03\/Design-sem-nome-4-e1741200616392.png","contentUrl":"https:\/\/mznoticia.com.br\/jaguariaiva\/wp-content\/uploads\/2025\/03\/Design-sem-nome-4-e1741200616392.png","width":750,"height":563,"caption":"Mz Not\u00edcia"},"image":{"@id":"https:\/\/mznoticia.com.br\/jaguariaiva\/#\/schema\/logo\/image\/"},"sameAs":["https:\/\/www.facebook.com\/profile.php?id=61573479951222","https:\/\/www.instagram.com\/mz.jaguariaiva\/"]},{"@type":"Person","@id":"https:\/\/mznoticia.com.br\/jaguariaiva\/#\/schema\/person\/9081e3eea38d0f9ff6d13386b9d71916","name":"redacao mz","image":{"@type":"ImageObject","inLanguage":"pt-BR","@id":"https:\/\/mznoticia.com.br\/jaguariaiva\/wp-content\/uploads\/2025\/02\/mznoticia_jaguariaiva_coluna-150x150.png","url":"https:\/\/mznoticia.com.br\/jaguariaiva\/wp-content\/uploads\/2025\/02\/mznoticia_jaguariaiva_coluna-150x150.png","contentUrl":"https:\/\/mznoticia.com.br\/jaguariaiva\/wp-content\/uploads\/2025\/02\/mznoticia_jaguariaiva_coluna-150x150.png","caption":"redacao mz"},"url":"https:\/\/mznoticia.com.br\/jaguariaiva\/author\/manu\/"}]}},"_links":{"self":[{"href":"https:\/\/mznoticia.com.br\/jaguariaiva\/wp-json\/wp\/v2\/posts\/5482","targetHints":{"allow":["GET"]}}],"collection":[{"href":"https:\/\/mznoticia.com.br\/jaguariaiva\/wp-json\/wp\/v2\/posts"}],"about":[{"href":"https:\/\/mznoticia.com.br\/jaguariaiva\/wp-json\/wp\/v2\/types\/post"}],"author":[{"embeddable":true,"href":"https:\/\/mznoticia.com.br\/jaguariaiva\/wp-json\/wp\/v2\/users\/17"}],"replies":[{"embeddable":true,"href":"https:\/\/mznoticia.com.br\/jaguariaiva\/wp-json\/wp\/v2\/comments?post=5482"}],"version-history":[{"count":1,"href":"https:\/\/mznoticia.com.br\/jaguariaiva\/wp-json\/wp\/v2\/posts\/5482\/revisions"}],"predecessor-version":[{"id":5484,"href":"https:\/\/mznoticia.com.br\/jaguariaiva\/wp-json\/wp\/v2\/posts\/5482\/revisions\/5484"}],"wp:featuredmedia":[{"embeddable":true,"href":"https:\/\/mznoticia.com.br\/jaguariaiva\/wp-json\/wp\/v2\/media\/5483"}],"wp:attachment":[{"href":"https:\/\/mznoticia.com.br\/jaguariaiva\/wp-json\/wp\/v2\/media?parent=5482"}],"wp:term":[{"taxonomy":"category","embeddable":true,"href":"https:\/\/mznoticia.com.br\/jaguariaiva\/wp-json\/wp\/v2\/categories?post=5482"},{"taxonomy":"post_tag","embeddable":true,"href":"https:\/\/mznoticia.com.br\/jaguariaiva\/wp-json\/wp\/v2\/tags?post=5482"}],"curies":[{"name":"wp","href":"https:\/\/api.w.org\/{rel}","templated":true}]}}