{"id":5544,"date":"2026-07-29T18:18:31","date_gmt":"2026-07-29T18:18:31","guid":{"rendered":"https:\/\/mznoticia.com.br\/jaguariaiva\/?p=5544"},"modified":"2026-07-29T18:18:31","modified_gmt":"2026-07-29T18:18:31","slug":"ventos-acima-de-100-km-h-provocam-morte-fecham-porto-de-santos-e-interrompem-travessias-de-balsas","status":"publish","type":"post","link":"https:\/\/mznoticia.com.br\/jaguariaiva\/ventos-acima-de-100-km-h-provocam-morte-fecham-porto-de-santos-e-interrompem-travessias-de-balsas\/","title":{"rendered":"Ventos acima de 100 km\/h provocam morte, fecham Porto de Santos e interrompem travessias de balsas"},"content":{"rendered":"<p class=\"isSelectedEnd\">Rajadas intensas causaram queda de \u00e1rvores, destelhamentos, paralisa\u00e7\u00e3o das opera\u00e7\u00f5es portu\u00e1rias e interrup\u00e7\u00e3o das balsas na Baixada Santista; uma pessoa morreu ap\u00f3s ser atingida por uma \u00e1rvore.<\/p>\n<h2>Ventania causa morte e diversos transtornos<\/h2>\n<p class=\"isSelectedEnd\">Fortes rajadas de vento que ultrapassaram os 100 km\/h atingiram a Baixada Santista na tarde desta quarta-feira (29), provocando a paralisa\u00e7\u00e3o tempor\u00e1ria das opera\u00e7\u00f5es no Porto de Santos, a interrup\u00e7\u00e3o das travessias de balsas e diversos preju\u00edzos em munic\u00edpios da regi\u00e3o. Uma pessoa morreu ap\u00f3s ser atingida por uma \u00e1rvore.<\/p>\n<p class=\"isSelectedEnd\">Diante da intensidade dos ventos, a Defesa Civil do Estado de S\u00e3o Paulo emitiu um alerta severo para a regi\u00e3o, informando que as rajadas superaram a previs\u00e3o inicial. O \u00f3rg\u00e3o orienta a popula\u00e7\u00e3o a buscar abrigo, evitar \u00e1reas abertas e n\u00e3o permanecer sob \u00e1rvores ou postes.<\/p>\n<p class=\"isSelectedEnd\">A v\u00edtima fatal foi um homem em situa\u00e7\u00e3o de rua, atingido por uma \u00e1rvore na regi\u00e3o do Canal 5, em Santos.<\/p>\n<h2>Rajadas superaram os 100 km\/h<\/h2>\n<p class=\"isSelectedEnd\">Segundo a Defesa Civil do Estado, as maiores rajadas registradas at\u00e9 o in\u00edcio da tarde foram:<\/p>\n<ul data-spread=\"false\">\n<li>117 km\/h em Taquarituba;<\/li>\n<li>111 km\/h em Itanha\u00e9m;<\/li>\n<li>96,8 km\/h em Itaporanga;<\/li>\n<li>88,6 km\/h em Itaber\u00e1;<\/li>\n<li>83,7 km\/h em Santos.<\/li>\n<\/ul>\n<p class=\"isSelectedEnd\">De acordo com o porta-voz da Defesa Civil, Maxwel de Souza, o cen\u00e1rio j\u00e1 provocava ocorr\u00eancias de queda de \u00e1rvores e destelhamentos em diversos munic\u00edpios, enquanto o Gabinete de Crise permanecia mobilizado para atender \u00e0s demandas emergenciais.<\/p>\n<h2>Porto de Santos tem opera\u00e7\u00f5es suspensas<\/h2>\n<p class=\"isSelectedEnd\">A Autoridade Portu\u00e1ria de Santos (APS) informou que a navega\u00e7\u00e3o no estu\u00e1rio foi suspensa \u00e0s 12h45 em raz\u00e3o das condi\u00e7\u00f5es meteorol\u00f3gicas adversas. A Capitania dos Portos de S\u00e3o Paulo declarou o cais santista em condi\u00e7\u00e3o de impraticabilidade ap\u00f3s o agravamento do tempo.<\/p>\n<p class=\"isSelectedEnd\">Como medida preventiva, foram interrompidas as opera\u00e7\u00f5es na Ilha Barnab\u00e9, especializada na movimenta\u00e7\u00e3o de gran\u00e9is l\u00edquidos qu\u00edmicos e combust\u00edveis. Uma \u00e1rvore de grande porte caiu no terminal de gran\u00e9is l\u00edquidos da Alemoa, sendo removida por equipes da APS.<\/p>\n<p class=\"isSelectedEnd\">As rajadas tamb\u00e9m deslocaram cont\u00eaineres em terminais portu\u00e1rios e provocaram o desabamento de parte do muro de uma empresa na Rua Aguiar de Andrade. A estrutura atingiu dois caminh\u00f5es e espalhou escombros pela via. At\u00e9 o momento, n\u00e3o havia registro de feridos nesse incidente.<\/p>\n<h2>Quedas de \u00e1rvores e danos em Santos<\/h2>\n<p class=\"isSelectedEnd\">Al\u00e9m da ocorr\u00eancia fatal, foram registradas quedas de \u00e1rvores em diferentes pontos da cidade, entre eles o cruzamento da Rua Visconde de Cayru com a Rua Carlos Gomes. Tamb\u00e9m houve o desabamento da estrutura de conten\u00e7\u00e3o de um terreno na Rua Lucas Fortunato com a Avenida Ana Costa.<\/p>\n<p class=\"isSelectedEnd\">Os fortes ventos ainda derrubaram postes, sem\u00e1foros e provocaram destelhamentos, causando transtornos em diversas regi\u00f5es do munic\u00edpio.<\/p>\n<h2>Travessias de balsas foram interrompidas<\/h2>\n<p class=\"isSelectedEnd\">As opera\u00e7\u00f5es das balsas tamb\u00e9m foram suspensas por medida de seguran\u00e7a devido \u00e0s condi\u00e7\u00f5es de navega\u00e7\u00e3o.<\/p>\n<p class=\"isSelectedEnd\">As interrup\u00e7\u00f5es ocorreram nos seguintes hor\u00e1rios:<\/p>\n<ul data-spread=\"false\">\n<li>Santos\u2013Guaruj\u00e1: 12h40;<\/li>\n<li>Vicente de Carvalho\u2013Santos: 12h48;<\/li>\n<li>Bertioga\u2013Guaruj\u00e1: 12h55.<\/li>\n<\/ul>\n<p class=\"isSelectedEnd\">As autoridades informaram que a opera\u00e7\u00e3o ser\u00e1 retomada assim que as condi\u00e7\u00f5es clim\u00e1ticas permitirem a navega\u00e7\u00e3o segura, orientando os usu\u00e1rios a planejarem seus deslocamentos.<\/p>\n<h2>Munic\u00edpios da Baixada Santista registram preju\u00edzos<\/h2>\n<p class=\"isSelectedEnd\">Em Mongagu\u00e1, a prefeitura informou ocorr\u00eancias de queda de \u00e1rvores, danos em estruturas e deslocamento de telhas em im\u00f3veis particulares e pr\u00e9dios p\u00fablicos.<\/p>\n<p>As equipes municipais permanecem mobilizadas para atender as ocorr\u00eancias emergenciais, enquanto diversos equipamentos p\u00fablicos tiveram as atividades suspensas para refor\u00e7ar os trabalhos de atendimento \u00e0 popula\u00e7\u00e3o.<\/p>\n","protected":false},"excerpt":{"rendered":"<p>Rajadas intensas causaram queda de \u00e1rvores, destelhamentos, paralisa\u00e7\u00e3o das opera\u00e7\u00f5es portu\u00e1rias e interrup\u00e7\u00e3o das balsas na Baixada Santista; uma pessoa morreu ap\u00f3s ser atingida por uma \u00e1rvore. Ventania causa morte e diversos transtornos Fortes rajadas de vento que ultrapassaram os 100 km\/h atingiram a Baixada Santista na tarde desta quarta-feira (29), provocando a paralisa\u00e7\u00e3o tempor\u00e1ria [&hellip;]<\/p>\n","protected":false},"author":16,"featured_media":5545,"comment_status":"open","ping_status":"open","sticky":false,"template":"","format":"standard","meta":{"footnotes":""},"categories":[5],"tags":[1236,1237,431,580,1235,1238,107,113,1076,948],"class_list":["post-5544","post","type-post","status-publish","format-standard","has-post-thumbnail","hentry","category-brasil","tag-baixada-santista","tag-balsas","tag-clima","tag-defesa-civil","tag-porto-de-santos","tag-rajadas-de-vento","tag-santos","tag-sao-paulo","tag-temporal","tag-ventania"],"yoast_head":"<!-- This site is optimized with the Yoast SEO plugin v28.1 - https:\/\/yoast.com\/product\/yoast-seo-wordpress\/ -->\n<title>Ventos acima de 100 km\/h provocam morte, fecham Porto de Santos e interrompem travessias de balsas - Mz Not\u00edcias<\/title>\n<meta name=\"description\" content=\"Ventos superiores a 100 km\/h provocaram morte, paralisaram o Porto de Santos, interromperam travessias de balsas e causaram danos em diversas cidades da Baixada Santista.\" \/>\n<meta name=\"robots\" content=\"index, follow, max-snippet:-1, max-image-preview:large, max-video-preview:-1\" \/>\n<link rel=\"canonical\" href=\"https:\/\/mznoticia.com.br\/jaguariaiva\/ventos-acima-de-100-km-h-provocam-morte-fecham-porto-de-santos-e-interrompem-travessias-de-balsas\/\" \/>\n<meta property=\"og:locale\" content=\"pt_BR\" \/>\n<meta property=\"og:type\" content=\"article\" \/>\n<meta property=\"og:title\" content=\"Ventos acima de 100 km\/h provocam morte, fecham Porto de Santos e interrompem travessias de balsas - Mz Not\u00edcias\" \/>\n<meta property=\"og:description\" content=\"Ventos superiores a 100 km\/h provocaram morte, paralisaram o Porto de Santos, interromperam travessias de balsas e causaram danos em diversas cidades da Baixada Santista.\" \/>\n<meta property=\"og:url\" content=\"https:\/\/mznoticia.com.br\/jaguariaiva\/ventos-acima-de-100-km-h-provocam-morte-fecham-porto-de-santos-e-interrompem-travessias-de-balsas\/\" \/>\n<meta property=\"og:site_name\" content=\"Mz Not\u00edcias\" \/>\n<meta property=\"article:publisher\" content=\"https:\/\/www.facebook.com\/profile.php?id=61573479951222\" \/>\n<meta property=\"article:published_time\" content=\"2026-07-29T18:18:31+00:00\" \/>\n<meta name=\"author\" content=\"Redacao mz\" \/>\n<meta name=\"twitter:card\" content=\"summary_large_image\" \/>\n<meta name=\"twitter:label1\" content=\"Escrito por\" \/>\n\t<meta name=\"twitter:data1\" content=\"Redacao mz\" \/>\n\t<meta name=\"twitter:label2\" content=\"Est. tempo de leitura\" \/>\n\t<meta name=\"twitter:data2\" content=\"4 minutos\" \/>\n<script type=\"application\/ld+json\" class=\"yoast-schema-graph\">{\"@context\":\"https:\\\/\\\/schema.org\",\"@graph\":[{\"@type\":\"Article\",\"@id\":\"https:\\\/\\\/mznoticia.com.br\\\/jaguariaiva\\\/ventos-acima-de-100-km-h-provocam-morte-fecham-porto-de-santos-e-interrompem-travessias-de-balsas\\\/#article\",\"isPartOf\":{\"@id\":\"https:\\\/\\\/mznoticia.com.br\\\/jaguariaiva\\\/ventos-acima-de-100-km-h-provocam-morte-fecham-porto-de-santos-e-interrompem-travessias-de-balsas\\\/\"},\"author\":{\"name\":\"Redacao mz\",\"@id\":\"https:\\\/\\\/mznoticia.com.br\\\/jaguariaiva\\\/#\\\/schema\\\/person\\\/84012d827247b3f42f37b550da79cd03\"},\"headline\":\"Ventos acima de 100 km\\\/h provocam morte, fecham Porto de Santos e interrompem travessias de balsas\",\"datePublished\":\"2026-07-29T18:18:31+00:00\",\"mainEntityOfPage\":{\"@id\":\"https:\\\/\\\/mznoticia.com.br\\\/jaguariaiva\\\/ventos-acima-de-100-km-h-provocam-morte-fecham-porto-de-santos-e-interrompem-travessias-de-balsas\\\/\"},\"wordCount\":639,\"commentCount\":0,\"publisher\":{\"@id\":\"https:\\\/\\\/mznoticia.com.br\\\/jaguariaiva\\\/#organization\"},\"image\":{\"@id\":\"https:\\\/\\\/mznoticia.com.br\\\/jaguariaiva\\\/ventos-acima-de-100-km-h-provocam-morte-fecham-porto-de-santos-e-interrompem-travessias-de-balsas\\\/#primaryimage\"},\"thumbnailUrl\":\"https:\\\/\\\/mznoticia.com.br\\\/jaguariaiva\\\/wp-content\\\/uploads\\\/2026\\\/07\\\/santos.avif\",\"keywords\":[\"Baixada Santista\",\"Balsas\",\"Clima\",\"defesa civil\",\"Porto de Santos\",\"Rajadas de Vento\",\"santos\",\"S\u00e3o Paulo\",\"Temporal\",\"Ventania\"],\"articleSection\":[\"Brasil\"],\"inLanguage\":\"pt-BR\",\"potentialAction\":[{\"@type\":\"CommentAction\",\"name\":\"Comment\",\"target\":[\"https:\\\/\\\/mznoticia.com.br\\\/jaguariaiva\\\/ventos-acima-de-100-km-h-provocam-morte-fecham-porto-de-santos-e-interrompem-travessias-de-balsas\\\/#respond\"]}]},{\"@type\":\"WebPage\",\"@id\":\"https:\\\/\\\/mznoticia.com.br\\\/jaguariaiva\\\/ventos-acima-de-100-km-h-provocam-morte-fecham-porto-de-santos-e-interrompem-travessias-de-balsas\\\/\",\"url\":\"https:\\\/\\\/mznoticia.com.br\\\/jaguariaiva\\\/ventos-acima-de-100-km-h-provocam-morte-fecham-porto-de-santos-e-interrompem-travessias-de-balsas\\\/\",\"name\":\"Ventos acima de 100 km\\\/h provocam morte, fecham Porto de Santos e interrompem travessias de balsas - Mz Not\u00edcias\",\"isPartOf\":{\"@id\":\"https:\\\/\\\/mznoticia.com.br\\\/jaguariaiva\\\/#website\"},\"primaryImageOfPage\":{\"@id\":\"https:\\\/\\\/mznoticia.com.br\\\/jaguariaiva\\\/ventos-acima-de-100-km-h-provocam-morte-fecham-porto-de-santos-e-interrompem-travessias-de-balsas\\\/#primaryimage\"},\"image\":{\"@id\":\"https:\\\/\\\/mznoticia.com.br\\\/jaguariaiva\\\/ventos-acima-de-100-km-h-provocam-morte-fecham-porto-de-santos-e-interrompem-travessias-de-balsas\\\/#primaryimage\"},\"thumbnailUrl\":\"https:\\\/\\\/mznoticia.com.br\\\/jaguariaiva\\\/wp-content\\\/uploads\\\/2026\\\/07\\\/santos.avif\",\"datePublished\":\"2026-07-29T18:18:31+00:00\",\"description\":\"Ventos superiores a 100 km\\\/h provocaram morte, paralisaram o Porto de Santos, interromperam travessias de balsas e causaram danos em diversas cidades da Baixada Santista.\",\"breadcrumb\":{\"@id\":\"https:\\\/\\\/mznoticia.com.br\\\/jaguariaiva\\\/ventos-acima-de-100-km-h-provocam-morte-fecham-porto-de-santos-e-interrompem-travessias-de-balsas\\\/#breadcrumb\"},\"inLanguage\":\"pt-BR\",\"potentialAction\":[{\"@type\":\"ReadAction\",\"target\":[\"https:\\\/\\\/mznoticia.com.br\\\/jaguariaiva\\\/ventos-acima-de-100-km-h-provocam-morte-fecham-porto-de-santos-e-interrompem-travessias-de-balsas\\\/\"]}]},{\"@type\":\"ImageObject\",\"inLanguage\":\"pt-BR\",\"@id\":\"https:\\\/\\\/mznoticia.com.br\\\/jaguariaiva\\\/ventos-acima-de-100-km-h-provocam-morte-fecham-porto-de-santos-e-interrompem-travessias-de-balsas\\\/#primaryimage\",\"url\":\"https:\\\/\\\/mznoticia.com.br\\\/jaguariaiva\\\/wp-content\\\/uploads\\\/2026\\\/07\\\/santos.avif\",\"contentUrl\":\"https:\\\/\\\/mznoticia.com.br\\\/jaguariaiva\\\/wp-content\\\/uploads\\\/2026\\\/07\\\/santos.avif\",\"width\":984,\"height\":656},{\"@type\":\"BreadcrumbList\",\"@id\":\"https:\\\/\\\/mznoticia.com.br\\\/jaguariaiva\\\/ventos-acima-de-100-km-h-provocam-morte-fecham-porto-de-santos-e-interrompem-travessias-de-balsas\\\/#breadcrumb\",\"itemListElement\":[{\"@type\":\"ListItem\",\"position\":1,\"name\":\"Home\",\"item\":\"https:\\\/\\\/mznoticia.com.br\\\/jaguariaiva\\\/\"},{\"@type\":\"ListItem\",\"position\":2,\"name\":\"Ventos acima de 100 km\\\/h provocam morte, fecham Porto de Santos e interrompem travessias de balsas\"}]},{\"@type\":\"WebSite\",\"@id\":\"https:\\\/\\\/mznoticia.com.br\\\/jaguariaiva\\\/#website\",\"url\":\"https:\\\/\\\/mznoticia.com.br\\\/jaguariaiva\\\/\",\"name\":\"Mz Not\u00edcia\",\"description\":\"A informa\u00e7\u00e3o que voc\u00ea precisa na hora certa!\",\"publisher\":{\"@id\":\"https:\\\/\\\/mznoticia.com.br\\\/jaguariaiva\\\/#organization\"},\"potentialAction\":[{\"@type\":\"SearchAction\",\"target\":{\"@type\":\"EntryPoint\",\"urlTemplate\":\"https:\\\/\\\/mznoticia.com.br\\\/jaguariaiva\\\/?s={search_term_string}\"},\"query-input\":{\"@type\":\"PropertyValueSpecification\",\"valueRequired\":true,\"valueName\":\"search_term_string\"}}],\"inLanguage\":\"pt-BR\"},{\"@type\":\"Organization\",\"@id\":\"https:\\\/\\\/mznoticia.com.br\\\/jaguariaiva\\\/#organization\",\"name\":\"Mz Not\u00edcia\",\"url\":\"https:\\\/\\\/mznoticia.com.br\\\/jaguariaiva\\\/\",\"logo\":{\"@type\":\"ImageObject\",\"inLanguage\":\"pt-BR\",\"@id\":\"https:\\\/\\\/mznoticia.com.br\\\/jaguariaiva\\\/#\\\/schema\\\/logo\\\/image\\\/\",\"url\":\"https:\\\/\\\/mznoticia.com.br\\\/jaguariaiva\\\/wp-content\\\/uploads\\\/2025\\\/03\\\/Design-sem-nome-4-e1741200616392.png\",\"contentUrl\":\"https:\\\/\\\/mznoticia.com.br\\\/jaguariaiva\\\/wp-content\\\/uploads\\\/2025\\\/03\\\/Design-sem-nome-4-e1741200616392.png\",\"width\":750,\"height\":563,\"caption\":\"Mz Not\u00edcia\"},\"image\":{\"@id\":\"https:\\\/\\\/mznoticia.com.br\\\/jaguariaiva\\\/#\\\/schema\\\/logo\\\/image\\\/\"},\"sameAs\":[\"https:\\\/\\\/www.facebook.com\\\/profile.php?id=61573479951222\",\"https:\\\/\\\/www.instagram.com\\\/mz.jaguariaiva\\\/\"]},{\"@type\":\"Person\",\"@id\":\"https:\\\/\\\/mznoticia.com.br\\\/jaguariaiva\\\/#\\\/schema\\\/person\\\/84012d827247b3f42f37b550da79cd03\",\"name\":\"Redacao mz\",\"image\":{\"@type\":\"ImageObject\",\"inLanguage\":\"pt-BR\",\"@id\":\"https:\\\/\\\/mznoticia.com.br\\\/jaguariaiva\\\/wp-content\\\/uploads\\\/2025\\\/02\\\/mznoticia_jaguariaiva_coluna-150x150.png\",\"url\":\"https:\\\/\\\/mznoticia.com.br\\\/jaguariaiva\\\/wp-content\\\/uploads\\\/2025\\\/02\\\/mznoticia_jaguariaiva_coluna-150x150.png\",\"contentUrl\":\"https:\\\/\\\/mznoticia.com.br\\\/jaguariaiva\\\/wp-content\\\/uploads\\\/2025\\\/02\\\/mznoticia_jaguariaiva_coluna-150x150.png\",\"caption\":\"Redacao mz\"},\"sameAs\":[\"http:\\\/\\\/mznoticia.com.br\"],\"url\":\"https:\\\/\\\/mznoticia.com.br\\\/jaguariaiva\\\/author\\\/lucimara\\\/\"}]}<\/script>\n<!-- \/ Yoast SEO plugin. -->","yoast_head_json":{"title":"Ventos acima de 100 km\/h provocam morte, fecham Porto de Santos e interrompem travessias de balsas - Mz Not\u00edcias","description":"Ventos superiores a 100 km\/h provocaram morte, paralisaram o Porto de Santos, interromperam travessias de balsas e causaram danos em diversas cidades da Baixada Santista.","robots":{"index":"index","follow":"follow","max-snippet":"max-snippet:-1","max-image-preview":"max-image-preview:large","max-video-preview":"max-video-preview:-1"},"canonical":"https:\/\/mznoticia.com.br\/jaguariaiva\/ventos-acima-de-100-km-h-provocam-morte-fecham-porto-de-santos-e-interrompem-travessias-de-balsas\/","og_locale":"pt_BR","og_type":"article","og_title":"Ventos acima de 100 km\/h provocam morte, fecham Porto de Santos e interrompem travessias de balsas - Mz Not\u00edcias","og_description":"Ventos superiores a 100 km\/h provocaram morte, paralisaram o Porto de Santos, interromperam travessias de balsas e causaram danos em diversas cidades da Baixada Santista.","og_url":"https:\/\/mznoticia.com.br\/jaguariaiva\/ventos-acima-de-100-km-h-provocam-morte-fecham-porto-de-santos-e-interrompem-travessias-de-balsas\/","og_site_name":"Mz Not\u00edcias","article_publisher":"https:\/\/www.facebook.com\/profile.php?id=61573479951222","article_published_time":"2026-07-29T18:18:31+00:00","author":"Redacao mz","twitter_card":"summary_large_image","twitter_misc":{"Escrito por":"Redacao mz","Est. tempo de leitura":"4 minutos"},"schema":{"@context":"https:\/\/schema.org","@graph":[{"@type":"Article","@id":"https:\/\/mznoticia.com.br\/jaguariaiva\/ventos-acima-de-100-km-h-provocam-morte-fecham-porto-de-santos-e-interrompem-travessias-de-balsas\/#article","isPartOf":{"@id":"https:\/\/mznoticia.com.br\/jaguariaiva\/ventos-acima-de-100-km-h-provocam-morte-fecham-porto-de-santos-e-interrompem-travessias-de-balsas\/"},"author":{"name":"Redacao mz","@id":"https:\/\/mznoticia.com.br\/jaguariaiva\/#\/schema\/person\/84012d827247b3f42f37b550da79cd03"},"headline":"Ventos acima de 100 km\/h provocam morte, fecham Porto de Santos e interrompem travessias de balsas","datePublished":"2026-07-29T18:18:31+00:00","mainEntityOfPage":{"@id":"https:\/\/mznoticia.com.br\/jaguariaiva\/ventos-acima-de-100-km-h-provocam-morte-fecham-porto-de-santos-e-interrompem-travessias-de-balsas\/"},"wordCount":639,"commentCount":0,"publisher":{"@id":"https:\/\/mznoticia.com.br\/jaguariaiva\/#organization"},"image":{"@id":"https:\/\/mznoticia.com.br\/jaguariaiva\/ventos-acima-de-100-km-h-provocam-morte-fecham-porto-de-santos-e-interrompem-travessias-de-balsas\/#primaryimage"},"thumbnailUrl":"https:\/\/mznoticia.com.br\/jaguariaiva\/wp-content\/uploads\/2026\/07\/santos.avif","keywords":["Baixada Santista","Balsas","Clima","defesa civil","Porto de Santos","Rajadas de Vento","santos","S\u00e3o Paulo","Temporal","Ventania"],"articleSection":["Brasil"],"inLanguage":"pt-BR","potentialAction":[{"@type":"CommentAction","name":"Comment","target":["https:\/\/mznoticia.com.br\/jaguariaiva\/ventos-acima-de-100-km-h-provocam-morte-fecham-porto-de-santos-e-interrompem-travessias-de-balsas\/#respond"]}]},{"@type":"WebPage","@id":"https:\/\/mznoticia.com.br\/jaguariaiva\/ventos-acima-de-100-km-h-provocam-morte-fecham-porto-de-santos-e-interrompem-travessias-de-balsas\/","url":"https:\/\/mznoticia.com.br\/jaguariaiva\/ventos-acima-de-100-km-h-provocam-morte-fecham-porto-de-santos-e-interrompem-travessias-de-balsas\/","name":"Ventos acima de 100 km\/h provocam morte, fecham Porto de Santos e interrompem travessias de balsas - Mz Not\u00edcias","isPartOf":{"@id":"https:\/\/mznoticia.com.br\/jaguariaiva\/#website"},"primaryImageOfPage":{"@id":"https:\/\/mznoticia.com.br\/jaguariaiva\/ventos-acima-de-100-km-h-provocam-morte-fecham-porto-de-santos-e-interrompem-travessias-de-balsas\/#primaryimage"},"image":{"@id":"https:\/\/mznoticia.com.br\/jaguariaiva\/ventos-acima-de-100-km-h-provocam-morte-fecham-porto-de-santos-e-interrompem-travessias-de-balsas\/#primaryimage"},"thumbnailUrl":"https:\/\/mznoticia.com.br\/jaguariaiva\/wp-content\/uploads\/2026\/07\/santos.avif","datePublished":"2026-07-29T18:18:31+00:00","description":"Ventos superiores a 100 km\/h provocaram morte, paralisaram o Porto de Santos, interromperam travessias de balsas e causaram danos em diversas cidades da Baixada Santista.","breadcrumb":{"@id":"https:\/\/mznoticia.com.br\/jaguariaiva\/ventos-acima-de-100-km-h-provocam-morte-fecham-porto-de-santos-e-interrompem-travessias-de-balsas\/#breadcrumb"},"inLanguage":"pt-BR","potentialAction":[{"@type":"ReadAction","target":["https:\/\/mznoticia.com.br\/jaguariaiva\/ventos-acima-de-100-km-h-provocam-morte-fecham-porto-de-santos-e-interrompem-travessias-de-balsas\/"]}]},{"@type":"ImageObject","inLanguage":"pt-BR","@id":"https:\/\/mznoticia.com.br\/jaguariaiva\/ventos-acima-de-100-km-h-provocam-morte-fecham-porto-de-santos-e-interrompem-travessias-de-balsas\/#primaryimage","url":"https:\/\/mznoticia.com.br\/jaguariaiva\/wp-content\/uploads\/2026\/07\/santos.avif","contentUrl":"https:\/\/mznoticia.com.br\/jaguariaiva\/wp-content\/uploads\/2026\/07\/santos.avif","width":984,"height":656},{"@type":"BreadcrumbList","@id":"https:\/\/mznoticia.com.br\/jaguariaiva\/ventos-acima-de-100-km-h-provocam-morte-fecham-porto-de-santos-e-interrompem-travessias-de-balsas\/#breadcrumb","itemListElement":[{"@type":"ListItem","position":1,"name":"Home","item":"https:\/\/mznoticia.com.br\/jaguariaiva\/"},{"@type":"ListItem","position":2,"name":"Ventos acima de 100 km\/h provocam morte, fecham Porto de Santos e interrompem travessias de balsas"}]},{"@type":"WebSite","@id":"https:\/\/mznoticia.com.br\/jaguariaiva\/#website","url":"https:\/\/mznoticia.com.br\/jaguariaiva\/","name":"Mz Not\u00edcia","description":"A informa\u00e7\u00e3o que voc\u00ea precisa na hora certa!","publisher":{"@id":"https:\/\/mznoticia.com.br\/jaguariaiva\/#organization"},"potentialAction":[{"@type":"SearchAction","target":{"@type":"EntryPoint","urlTemplate":"https:\/\/mznoticia.com.br\/jaguariaiva\/?s={search_term_string}"},"query-input":{"@type":"PropertyValueSpecification","valueRequired":true,"valueName":"search_term_string"}}],"inLanguage":"pt-BR"},{"@type":"Organization","@id":"https:\/\/mznoticia.com.br\/jaguariaiva\/#organization","name":"Mz Not\u00edcia","url":"https:\/\/mznoticia.com.br\/jaguariaiva\/","logo":{"@type":"ImageObject","inLanguage":"pt-BR","@id":"https:\/\/mznoticia.com.br\/jaguariaiva\/#\/schema\/logo\/image\/","url":"https:\/\/mznoticia.com.br\/jaguariaiva\/wp-content\/uploads\/2025\/03\/Design-sem-nome-4-e1741200616392.png","contentUrl":"https:\/\/mznoticia.com.br\/jaguariaiva\/wp-content\/uploads\/2025\/03\/Design-sem-nome-4-e1741200616392.png","width":750,"height":563,"caption":"Mz Not\u00edcia"},"image":{"@id":"https:\/\/mznoticia.com.br\/jaguariaiva\/#\/schema\/logo\/image\/"},"sameAs":["https:\/\/www.facebook.com\/profile.php?id=61573479951222","https:\/\/www.instagram.com\/mz.jaguariaiva\/"]},{"@type":"Person","@id":"https:\/\/mznoticia.com.br\/jaguariaiva\/#\/schema\/person\/84012d827247b3f42f37b550da79cd03","name":"Redacao mz","image":{"@type":"ImageObject","inLanguage":"pt-BR","@id":"https:\/\/mznoticia.com.br\/jaguariaiva\/wp-content\/uploads\/2025\/02\/mznoticia_jaguariaiva_coluna-150x150.png","url":"https:\/\/mznoticia.com.br\/jaguariaiva\/wp-content\/uploads\/2025\/02\/mznoticia_jaguariaiva_coluna-150x150.png","contentUrl":"https:\/\/mznoticia.com.br\/jaguariaiva\/wp-content\/uploads\/2025\/02\/mznoticia_jaguariaiva_coluna-150x150.png","caption":"Redacao mz"},"sameAs":["http:\/\/mznoticia.com.br"],"url":"https:\/\/mznoticia.com.br\/jaguariaiva\/author\/lucimara\/"}]}},"_links":{"self":[{"href":"https:\/\/mznoticia.com.br\/jaguariaiva\/wp-json\/wp\/v2\/posts\/5544","targetHints":{"allow":["GET"]}}],"collection":[{"href":"https:\/\/mznoticia.com.br\/jaguariaiva\/wp-json\/wp\/v2\/posts"}],"about":[{"href":"https:\/\/mznoticia.com.br\/jaguariaiva\/wp-json\/wp\/v2\/types\/post"}],"author":[{"embeddable":true,"href":"https:\/\/mznoticia.com.br\/jaguariaiva\/wp-json\/wp\/v2\/users\/16"}],"replies":[{"embeddable":true,"href":"https:\/\/mznoticia.com.br\/jaguariaiva\/wp-json\/wp\/v2\/comments?post=5544"}],"version-history":[{"count":1,"href":"https:\/\/mznoticia.com.br\/jaguariaiva\/wp-json\/wp\/v2\/posts\/5544\/revisions"}],"predecessor-version":[{"id":5546,"href":"https:\/\/mznoticia.com.br\/jaguariaiva\/wp-json\/wp\/v2\/posts\/5544\/revisions\/5546"}],"wp:featuredmedia":[{"embeddable":true,"href":"https:\/\/mznoticia.com.br\/jaguariaiva\/wp-json\/wp\/v2\/media\/5545"}],"wp:attachment":[{"href":"https:\/\/mznoticia.com.br\/jaguariaiva\/wp-json\/wp\/v2\/media?parent=5544"}],"wp:term":[{"taxonomy":"category","embeddable":true,"href":"https:\/\/mznoticia.com.br\/jaguariaiva\/wp-json\/wp\/v2\/categories?post=5544"},{"taxonomy":"post_tag","embeddable":true,"href":"https:\/\/mznoticia.com.br\/jaguariaiva\/wp-json\/wp\/v2\/tags?post=5544"}],"curies":[{"name":"wp","href":"https:\/\/api.w.org\/{rel}","templated":true}]}}