{"id":5583,"date":"2026-07-30T12:02:47","date_gmt":"2026-07-30T12:02:47","guid":{"rendered":"https:\/\/mznoticia.com.br\/jaguariaiva\/?p=5583"},"modified":"2026-07-30T12:02:47","modified_gmt":"2026-07-30T12:02:47","slug":"homem-morto-apos-agressao-em-clube-sera-sepultado-nesta-quinta-feira-em-ponta-grossa","status":"publish","type":"post","link":"https:\/\/mznoticia.com.br\/jaguariaiva\/homem-morto-apos-agressao-em-clube-sera-sepultado-nesta-quinta-feira-em-ponta-grossa\/","title":{"rendered":"Homem morto ap\u00f3s agress\u00e3o em clube ser\u00e1 sepultado nesta quinta-feira em Ponta Grossa"},"content":{"rendered":"<p class=\"isSelectedEnd\">Jackson Fernando Freitas Ribeiro, de 34 anos, morreu ap\u00f3s sofrer graves agress\u00f5es durante uma festa no Clube Am\u00e9rica; suspeitos seguem sendo procurados.<\/p>\n<h2>Vel\u00f3rio e sepultamento<\/h2>\n<p class=\"isSelectedEnd\">Familiares e amigos se despedem de <strong>Jackson Fernando Freitas Ribeiro<\/strong>, de 34 anos, que morreu nesta quarta-feira (29) em decorr\u00eancia das agress\u00f5es sofridas durante um evento realizado no Clube Am\u00e9rica, no bairro Chapada, em Ponta Grossa.<\/p>\n<p class=\"isSelectedEnd\">O vel\u00f3rio acontece na <strong>Capela da Igreja S\u00e3o Pedro do Sabar\u00e1<\/strong>. O sepultamento est\u00e1 marcado para esta quinta-feira (30), \u00e0s 15h, no <strong>Memorial Parque Campos Gerais<\/strong>.<\/p>\n<h2>V\u00edtima tentou conter uma briga<\/h2>\n<p class=\"isSelectedEnd\">De acordo com informa\u00e7\u00f5es da Pol\u00edcia Militar do Paran\u00e1 (PMPR), Jackson sofreu um traumatismo craniano ao tentar intervir em uma briga generalizada durante uma festa realizada na noite de domingo (26).<\/p>\n<p class=\"isSelectedEnd\">Segundo a corpora\u00e7\u00e3o, ele teria sido agredido por dois homens e, ap\u00f3s cair no ch\u00e3o, bateu fortemente a cabe\u00e7a.<\/p>\n<p class=\"isSelectedEnd\">A v\u00edtima foi socorrida por equipes do Servi\u00e7o de Atendimento M\u00f3vel de Urg\u00eancia (Samu) e encaminhada ao Hospital Universit\u00e1rio Regional dos Campos Gerais, onde permaneceu internada em estado grave at\u00e9 que a morte encef\u00e1lica fosse confirmada na quarta-feira (29).<\/p>\n<h2>Suspeitos continuam foragidos<\/h2>\n<p class=\"isSelectedEnd\">Conforme relato de testemunhas \u00e0 Pol\u00edcia Militar, antes de deixar o local um dos suspeitos teria amea\u00e7ado retornar armado.<\/p>\n<p class=\"isSelectedEnd\">As equipes realizaram buscas logo ap\u00f3s a ocorr\u00eancia, mas nenhum dos envolvidos foi localizado. O caso segue sendo investigado e as for\u00e7as de seguran\u00e7a continuam as dilig\u00eancias para identificar e prender os respons\u00e1veis pelas agress\u00f5es.<\/p>\n<h2>Familiares lamentam a perda<\/h2>\n<p class=\"isSelectedEnd\">Nas redes sociais, familiares e amigos prestaram homenagens \u00e0 v\u00edtima e lamentaram a morte de Jackson Fernando Freitas Ribeiro.<\/p>\n<p class=\"isSelectedEnd\">O frentista deixa esposa e uma filha pequena.<\/p>\n<h2>Clube Am\u00e9rica se manifesta<\/h2>\n<p>Em nota oficial divulgada ap\u00f3s o ocorrido, o Clube Am\u00e9rica manifestou solidariedade \u00e0 fam\u00edlia da v\u00edtima, informou que est\u00e1 colaborando com as autoridades respons\u00e1veis pela investiga\u00e7\u00e3o e afirmou que aguardar\u00e1 a conclus\u00e3o do inqu\u00e9rito para adotar as medidas administrativas cab\u00edveis.<\/p>\n<p>foto reprodu\u00e7\u00e3o rede social<\/p>\n","protected":false},"excerpt":{"rendered":"<p>Jackson Fernando Freitas Ribeiro, de 34 anos, morreu ap\u00f3s sofrer graves agress\u00f5es durante uma festa no Clube Am\u00e9rica; suspeitos seguem sendo procurados. Vel\u00f3rio e sepultamento Familiares e amigos se despedem de Jackson Fernando Freitas Ribeiro, de 34 anos, que morreu nesta quarta-feira (29) em decorr\u00eancia das agress\u00f5es sofridas durante um evento realizado no Clube Am\u00e9rica, [&hellip;]<\/p>\n","protected":false},"author":16,"featured_media":5584,"comment_status":"open","ping_status":"open","sticky":false,"template":"","format":"standard","meta":{"footnotes":""},"categories":[8],"tags":[1262,314,1260,1261,317,1259,399,733,24,952,316],"class_list":["post-5583","post","type-post","status-publish","format-standard","has-post-thumbnail","hentry","category-campos-gerais","tag-agressao","tag-campos-gerais","tag-clube-america","tag-hospital-universitario-regional-dos-campos-gerais","tag-investigacao","tag-jackson-fernando-freitas-ribeiro","tag-mz-noticias","tag-policia-militar-do-parana","tag-ponta-grossa","tag-samu","tag-seguranca-publica"],"yoast_head":"<!-- This site is optimized with the Yoast SEO plugin v28.1 - https:\/\/yoast.com\/product\/yoast-seo-wordpress\/ -->\n<title>Homem morto ap\u00f3s agress\u00e3o em clube ser\u00e1 sepultado nesta quinta-feira em Ponta Grossa - Mz Not\u00edcias<\/title>\n<meta name=\"description\" content=\"Jackson Fernando Freitas Ribeiro, de 34 anos, ser\u00e1 sepultado nesta quinta-feira (30), em Ponta Grossa. Ele morreu ap\u00f3s ser agredido durante uma festa no Clube Am\u00e9rica.\" \/>\n<meta name=\"robots\" content=\"index, follow, max-snippet:-1, max-image-preview:large, max-video-preview:-1\" \/>\n<link rel=\"canonical\" href=\"https:\/\/mznoticia.com.br\/jaguariaiva\/homem-morto-apos-agressao-em-clube-sera-sepultado-nesta-quinta-feira-em-ponta-grossa\/\" \/>\n<meta property=\"og:locale\" content=\"pt_BR\" \/>\n<meta property=\"og:type\" content=\"article\" \/>\n<meta property=\"og:title\" content=\"Homem morto ap\u00f3s agress\u00e3o em clube ser\u00e1 sepultado nesta quinta-feira em Ponta Grossa - Mz Not\u00edcias\" \/>\n<meta property=\"og:description\" content=\"Jackson Fernando Freitas Ribeiro, de 34 anos, ser\u00e1 sepultado nesta quinta-feira (30), em Ponta Grossa. Ele morreu ap\u00f3s ser agredido durante uma festa no Clube Am\u00e9rica.\" \/>\n<meta property=\"og:url\" content=\"https:\/\/mznoticia.com.br\/jaguariaiva\/homem-morto-apos-agressao-em-clube-sera-sepultado-nesta-quinta-feira-em-ponta-grossa\/\" \/>\n<meta property=\"og:site_name\" content=\"Mz Not\u00edcias\" \/>\n<meta property=\"article:publisher\" content=\"https:\/\/www.facebook.com\/profile.php?id=61573479951222\" \/>\n<meta property=\"article:published_time\" content=\"2026-07-30T12:02:47+00:00\" \/>\n<meta property=\"og:image\" content=\"https:\/\/mznoticia.com.br\/jaguariaiva\/wp-content\/uploads\/2026\/07\/jac.webp\" \/>\n\t<meta property=\"og:image:width\" content=\"1000\" \/>\n\t<meta property=\"og:image:height\" content=\"500\" \/>\n\t<meta property=\"og:image:type\" content=\"image\/webp\" \/>\n<meta name=\"author\" content=\"Redacao mz\" \/>\n<meta name=\"twitter:card\" content=\"summary_large_image\" \/>\n<meta name=\"twitter:label1\" content=\"Escrito por\" \/>\n\t<meta name=\"twitter:data1\" content=\"Redacao mz\" \/>\n\t<meta name=\"twitter:label2\" content=\"Est. tempo de leitura\" \/>\n\t<meta name=\"twitter:data2\" content=\"2 minutos\" \/>\n<script type=\"application\/ld+json\" class=\"yoast-schema-graph\">{\"@context\":\"https:\\\/\\\/schema.org\",\"@graph\":[{\"@type\":\"Article\",\"@id\":\"https:\\\/\\\/mznoticia.com.br\\\/jaguariaiva\\\/homem-morto-apos-agressao-em-clube-sera-sepultado-nesta-quinta-feira-em-ponta-grossa\\\/#article\",\"isPartOf\":{\"@id\":\"https:\\\/\\\/mznoticia.com.br\\\/jaguariaiva\\\/homem-morto-apos-agressao-em-clube-sera-sepultado-nesta-quinta-feira-em-ponta-grossa\\\/\"},\"author\":{\"name\":\"Redacao mz\",\"@id\":\"https:\\\/\\\/mznoticia.com.br\\\/jaguariaiva\\\/#\\\/schema\\\/person\\\/84012d827247b3f42f37b550da79cd03\"},\"headline\":\"Homem morto ap\u00f3s agress\u00e3o em clube ser\u00e1 sepultado nesta quinta-feira em Ponta Grossa\",\"datePublished\":\"2026-07-30T12:02:47+00:00\",\"mainEntityOfPage\":{\"@id\":\"https:\\\/\\\/mznoticia.com.br\\\/jaguariaiva\\\/homem-morto-apos-agressao-em-clube-sera-sepultado-nesta-quinta-feira-em-ponta-grossa\\\/\"},\"wordCount\":366,\"commentCount\":0,\"publisher\":{\"@id\":\"https:\\\/\\\/mznoticia.com.br\\\/jaguariaiva\\\/#organization\"},\"image\":{\"@id\":\"https:\\\/\\\/mznoticia.com.br\\\/jaguariaiva\\\/homem-morto-apos-agressao-em-clube-sera-sepultado-nesta-quinta-feira-em-ponta-grossa\\\/#primaryimage\"},\"thumbnailUrl\":\"https:\\\/\\\/mznoticia.com.br\\\/jaguariaiva\\\/wp-content\\\/uploads\\\/2026\\\/07\\\/jac.webp\",\"keywords\":[\"Agress\u00e3o\",\"Campos Gerais\",\"Clube Am\u00e9rica\",\"Hospital Universit\u00e1rio Regional dos Campos Gerais\",\"Investiga\u00e7\u00e3o\",\"Jackson Fernando Freitas Ribeiro\",\"MZ Not\u00edcias.\",\"Pol\u00edcia Militar do Paran\u00e1\",\"Ponta Grossa\",\"SAMU\",\"Seguran\u00e7a P\u00fablica\"],\"articleSection\":[\"Campos Gerais\"],\"inLanguage\":\"pt-BR\",\"potentialAction\":[{\"@type\":\"CommentAction\",\"name\":\"Comment\",\"target\":[\"https:\\\/\\\/mznoticia.com.br\\\/jaguariaiva\\\/homem-morto-apos-agressao-em-clube-sera-sepultado-nesta-quinta-feira-em-ponta-grossa\\\/#respond\"]}]},{\"@type\":\"WebPage\",\"@id\":\"https:\\\/\\\/mznoticia.com.br\\\/jaguariaiva\\\/homem-morto-apos-agressao-em-clube-sera-sepultado-nesta-quinta-feira-em-ponta-grossa\\\/\",\"url\":\"https:\\\/\\\/mznoticia.com.br\\\/jaguariaiva\\\/homem-morto-apos-agressao-em-clube-sera-sepultado-nesta-quinta-feira-em-ponta-grossa\\\/\",\"name\":\"Homem morto ap\u00f3s agress\u00e3o em clube ser\u00e1 sepultado nesta quinta-feira em Ponta Grossa - Mz Not\u00edcias\",\"isPartOf\":{\"@id\":\"https:\\\/\\\/mznoticia.com.br\\\/jaguariaiva\\\/#website\"},\"primaryImageOfPage\":{\"@id\":\"https:\\\/\\\/mznoticia.com.br\\\/jaguariaiva\\\/homem-morto-apos-agressao-em-clube-sera-sepultado-nesta-quinta-feira-em-ponta-grossa\\\/#primaryimage\"},\"image\":{\"@id\":\"https:\\\/\\\/mznoticia.com.br\\\/jaguariaiva\\\/homem-morto-apos-agressao-em-clube-sera-sepultado-nesta-quinta-feira-em-ponta-grossa\\\/#primaryimage\"},\"thumbnailUrl\":\"https:\\\/\\\/mznoticia.com.br\\\/jaguariaiva\\\/wp-content\\\/uploads\\\/2026\\\/07\\\/jac.webp\",\"datePublished\":\"2026-07-30T12:02:47+00:00\",\"description\":\"Jackson Fernando Freitas Ribeiro, de 34 anos, ser\u00e1 sepultado nesta quinta-feira (30), em Ponta Grossa. Ele morreu ap\u00f3s ser agredido durante uma festa no Clube Am\u00e9rica.\",\"breadcrumb\":{\"@id\":\"https:\\\/\\\/mznoticia.com.br\\\/jaguariaiva\\\/homem-morto-apos-agressao-em-clube-sera-sepultado-nesta-quinta-feira-em-ponta-grossa\\\/#breadcrumb\"},\"inLanguage\":\"pt-BR\",\"potentialAction\":[{\"@type\":\"ReadAction\",\"target\":[\"https:\\\/\\\/mznoticia.com.br\\\/jaguariaiva\\\/homem-morto-apos-agressao-em-clube-sera-sepultado-nesta-quinta-feira-em-ponta-grossa\\\/\"]}]},{\"@type\":\"ImageObject\",\"inLanguage\":\"pt-BR\",\"@id\":\"https:\\\/\\\/mznoticia.com.br\\\/jaguariaiva\\\/homem-morto-apos-agressao-em-clube-sera-sepultado-nesta-quinta-feira-em-ponta-grossa\\\/#primaryimage\",\"url\":\"https:\\\/\\\/mznoticia.com.br\\\/jaguariaiva\\\/wp-content\\\/uploads\\\/2026\\\/07\\\/jac.webp\",\"contentUrl\":\"https:\\\/\\\/mznoticia.com.br\\\/jaguariaiva\\\/wp-content\\\/uploads\\\/2026\\\/07\\\/jac.webp\",\"width\":1000,\"height\":500},{\"@type\":\"BreadcrumbList\",\"@id\":\"https:\\\/\\\/mznoticia.com.br\\\/jaguariaiva\\\/homem-morto-apos-agressao-em-clube-sera-sepultado-nesta-quinta-feira-em-ponta-grossa\\\/#breadcrumb\",\"itemListElement\":[{\"@type\":\"ListItem\",\"position\":1,\"name\":\"Home\",\"item\":\"https:\\\/\\\/mznoticia.com.br\\\/jaguariaiva\\\/\"},{\"@type\":\"ListItem\",\"position\":2,\"name\":\"Homem morto ap\u00f3s agress\u00e3o em clube ser\u00e1 sepultado nesta quinta-feira em Ponta Grossa\"}]},{\"@type\":\"WebSite\",\"@id\":\"https:\\\/\\\/mznoticia.com.br\\\/jaguariaiva\\\/#website\",\"url\":\"https:\\\/\\\/mznoticia.com.br\\\/jaguariaiva\\\/\",\"name\":\"Mz Not\u00edcia\",\"description\":\"A informa\u00e7\u00e3o que voc\u00ea precisa na hora certa!\",\"publisher\":{\"@id\":\"https:\\\/\\\/mznoticia.com.br\\\/jaguariaiva\\\/#organization\"},\"potentialAction\":[{\"@type\":\"SearchAction\",\"target\":{\"@type\":\"EntryPoint\",\"urlTemplate\":\"https:\\\/\\\/mznoticia.com.br\\\/jaguariaiva\\\/?s={search_term_string}\"},\"query-input\":{\"@type\":\"PropertyValueSpecification\",\"valueRequired\":true,\"valueName\":\"search_term_string\"}}],\"inLanguage\":\"pt-BR\"},{\"@type\":\"Organization\",\"@id\":\"https:\\\/\\\/mznoticia.com.br\\\/jaguariaiva\\\/#organization\",\"name\":\"Mz Not\u00edcia\",\"url\":\"https:\\\/\\\/mznoticia.com.br\\\/jaguariaiva\\\/\",\"logo\":{\"@type\":\"ImageObject\",\"inLanguage\":\"pt-BR\",\"@id\":\"https:\\\/\\\/mznoticia.com.br\\\/jaguariaiva\\\/#\\\/schema\\\/logo\\\/image\\\/\",\"url\":\"https:\\\/\\\/mznoticia.com.br\\\/jaguariaiva\\\/wp-content\\\/uploads\\\/2025\\\/03\\\/Design-sem-nome-4-e1741200616392.png\",\"contentUrl\":\"https:\\\/\\\/mznoticia.com.br\\\/jaguariaiva\\\/wp-content\\\/uploads\\\/2025\\\/03\\\/Design-sem-nome-4-e1741200616392.png\",\"width\":750,\"height\":563,\"caption\":\"Mz Not\u00edcia\"},\"image\":{\"@id\":\"https:\\\/\\\/mznoticia.com.br\\\/jaguariaiva\\\/#\\\/schema\\\/logo\\\/image\\\/\"},\"sameAs\":[\"https:\\\/\\\/www.facebook.com\\\/profile.php?id=61573479951222\",\"https:\\\/\\\/www.instagram.com\\\/mz.jaguariaiva\\\/\"]},{\"@type\":\"Person\",\"@id\":\"https:\\\/\\\/mznoticia.com.br\\\/jaguariaiva\\\/#\\\/schema\\\/person\\\/84012d827247b3f42f37b550da79cd03\",\"name\":\"Redacao mz\",\"image\":{\"@type\":\"ImageObject\",\"inLanguage\":\"pt-BR\",\"@id\":\"https:\\\/\\\/mznoticia.com.br\\\/jaguariaiva\\\/wp-content\\\/uploads\\\/2025\\\/02\\\/mznoticia_jaguariaiva_coluna-150x150.png\",\"url\":\"https:\\\/\\\/mznoticia.com.br\\\/jaguariaiva\\\/wp-content\\\/uploads\\\/2025\\\/02\\\/mznoticia_jaguariaiva_coluna-150x150.png\",\"contentUrl\":\"https:\\\/\\\/mznoticia.com.br\\\/jaguariaiva\\\/wp-content\\\/uploads\\\/2025\\\/02\\\/mznoticia_jaguariaiva_coluna-150x150.png\",\"caption\":\"Redacao mz\"},\"sameAs\":[\"http:\\\/\\\/mznoticia.com.br\"],\"url\":\"https:\\\/\\\/mznoticia.com.br\\\/jaguariaiva\\\/author\\\/lucimara\\\/\"}]}<\/script>\n<!-- \/ Yoast SEO plugin. -->","yoast_head_json":{"title":"Homem morto ap\u00f3s agress\u00e3o em clube ser\u00e1 sepultado nesta quinta-feira em Ponta Grossa - Mz Not\u00edcias","description":"Jackson Fernando Freitas Ribeiro, de 34 anos, ser\u00e1 sepultado nesta quinta-feira (30), em Ponta Grossa. Ele morreu ap\u00f3s ser agredido durante uma festa no Clube Am\u00e9rica.","robots":{"index":"index","follow":"follow","max-snippet":"max-snippet:-1","max-image-preview":"max-image-preview:large","max-video-preview":"max-video-preview:-1"},"canonical":"https:\/\/mznoticia.com.br\/jaguariaiva\/homem-morto-apos-agressao-em-clube-sera-sepultado-nesta-quinta-feira-em-ponta-grossa\/","og_locale":"pt_BR","og_type":"article","og_title":"Homem morto ap\u00f3s agress\u00e3o em clube ser\u00e1 sepultado nesta quinta-feira em Ponta Grossa - Mz Not\u00edcias","og_description":"Jackson Fernando Freitas Ribeiro, de 34 anos, ser\u00e1 sepultado nesta quinta-feira (30), em Ponta Grossa. Ele morreu ap\u00f3s ser agredido durante uma festa no Clube Am\u00e9rica.","og_url":"https:\/\/mznoticia.com.br\/jaguariaiva\/homem-morto-apos-agressao-em-clube-sera-sepultado-nesta-quinta-feira-em-ponta-grossa\/","og_site_name":"Mz Not\u00edcias","article_publisher":"https:\/\/www.facebook.com\/profile.php?id=61573479951222","article_published_time":"2026-07-30T12:02:47+00:00","og_image":[{"width":1000,"height":500,"url":"https:\/\/mznoticia.com.br\/jaguariaiva\/wp-content\/uploads\/2026\/07\/jac.webp","type":"image\/webp"}],"author":"Redacao mz","twitter_card":"summary_large_image","twitter_misc":{"Escrito por":"Redacao mz","Est. tempo de leitura":"2 minutos"},"schema":{"@context":"https:\/\/schema.org","@graph":[{"@type":"Article","@id":"https:\/\/mznoticia.com.br\/jaguariaiva\/homem-morto-apos-agressao-em-clube-sera-sepultado-nesta-quinta-feira-em-ponta-grossa\/#article","isPartOf":{"@id":"https:\/\/mznoticia.com.br\/jaguariaiva\/homem-morto-apos-agressao-em-clube-sera-sepultado-nesta-quinta-feira-em-ponta-grossa\/"},"author":{"name":"Redacao mz","@id":"https:\/\/mznoticia.com.br\/jaguariaiva\/#\/schema\/person\/84012d827247b3f42f37b550da79cd03"},"headline":"Homem morto ap\u00f3s agress\u00e3o em clube ser\u00e1 sepultado nesta quinta-feira em Ponta Grossa","datePublished":"2026-07-30T12:02:47+00:00","mainEntityOfPage":{"@id":"https:\/\/mznoticia.com.br\/jaguariaiva\/homem-morto-apos-agressao-em-clube-sera-sepultado-nesta-quinta-feira-em-ponta-grossa\/"},"wordCount":366,"commentCount":0,"publisher":{"@id":"https:\/\/mznoticia.com.br\/jaguariaiva\/#organization"},"image":{"@id":"https:\/\/mznoticia.com.br\/jaguariaiva\/homem-morto-apos-agressao-em-clube-sera-sepultado-nesta-quinta-feira-em-ponta-grossa\/#primaryimage"},"thumbnailUrl":"https:\/\/mznoticia.com.br\/jaguariaiva\/wp-content\/uploads\/2026\/07\/jac.webp","keywords":["Agress\u00e3o","Campos Gerais","Clube Am\u00e9rica","Hospital Universit\u00e1rio Regional dos Campos Gerais","Investiga\u00e7\u00e3o","Jackson Fernando Freitas Ribeiro","MZ Not\u00edcias.","Pol\u00edcia Militar do Paran\u00e1","Ponta Grossa","SAMU","Seguran\u00e7a P\u00fablica"],"articleSection":["Campos Gerais"],"inLanguage":"pt-BR","potentialAction":[{"@type":"CommentAction","name":"Comment","target":["https:\/\/mznoticia.com.br\/jaguariaiva\/homem-morto-apos-agressao-em-clube-sera-sepultado-nesta-quinta-feira-em-ponta-grossa\/#respond"]}]},{"@type":"WebPage","@id":"https:\/\/mznoticia.com.br\/jaguariaiva\/homem-morto-apos-agressao-em-clube-sera-sepultado-nesta-quinta-feira-em-ponta-grossa\/","url":"https:\/\/mznoticia.com.br\/jaguariaiva\/homem-morto-apos-agressao-em-clube-sera-sepultado-nesta-quinta-feira-em-ponta-grossa\/","name":"Homem morto ap\u00f3s agress\u00e3o em clube ser\u00e1 sepultado nesta quinta-feira em Ponta Grossa - Mz Not\u00edcias","isPartOf":{"@id":"https:\/\/mznoticia.com.br\/jaguariaiva\/#website"},"primaryImageOfPage":{"@id":"https:\/\/mznoticia.com.br\/jaguariaiva\/homem-morto-apos-agressao-em-clube-sera-sepultado-nesta-quinta-feira-em-ponta-grossa\/#primaryimage"},"image":{"@id":"https:\/\/mznoticia.com.br\/jaguariaiva\/homem-morto-apos-agressao-em-clube-sera-sepultado-nesta-quinta-feira-em-ponta-grossa\/#primaryimage"},"thumbnailUrl":"https:\/\/mznoticia.com.br\/jaguariaiva\/wp-content\/uploads\/2026\/07\/jac.webp","datePublished":"2026-07-30T12:02:47+00:00","description":"Jackson Fernando Freitas Ribeiro, de 34 anos, ser\u00e1 sepultado nesta quinta-feira (30), em Ponta Grossa. Ele morreu ap\u00f3s ser agredido durante uma festa no Clube Am\u00e9rica.","breadcrumb":{"@id":"https:\/\/mznoticia.com.br\/jaguariaiva\/homem-morto-apos-agressao-em-clube-sera-sepultado-nesta-quinta-feira-em-ponta-grossa\/#breadcrumb"},"inLanguage":"pt-BR","potentialAction":[{"@type":"ReadAction","target":["https:\/\/mznoticia.com.br\/jaguariaiva\/homem-morto-apos-agressao-em-clube-sera-sepultado-nesta-quinta-feira-em-ponta-grossa\/"]}]},{"@type":"ImageObject","inLanguage":"pt-BR","@id":"https:\/\/mznoticia.com.br\/jaguariaiva\/homem-morto-apos-agressao-em-clube-sera-sepultado-nesta-quinta-feira-em-ponta-grossa\/#primaryimage","url":"https:\/\/mznoticia.com.br\/jaguariaiva\/wp-content\/uploads\/2026\/07\/jac.webp","contentUrl":"https:\/\/mznoticia.com.br\/jaguariaiva\/wp-content\/uploads\/2026\/07\/jac.webp","width":1000,"height":500},{"@type":"BreadcrumbList","@id":"https:\/\/mznoticia.com.br\/jaguariaiva\/homem-morto-apos-agressao-em-clube-sera-sepultado-nesta-quinta-feira-em-ponta-grossa\/#breadcrumb","itemListElement":[{"@type":"ListItem","position":1,"name":"Home","item":"https:\/\/mznoticia.com.br\/jaguariaiva\/"},{"@type":"ListItem","position":2,"name":"Homem morto ap\u00f3s agress\u00e3o em clube ser\u00e1 sepultado nesta quinta-feira em Ponta Grossa"}]},{"@type":"WebSite","@id":"https:\/\/mznoticia.com.br\/jaguariaiva\/#website","url":"https:\/\/mznoticia.com.br\/jaguariaiva\/","name":"Mz Not\u00edcia","description":"A informa\u00e7\u00e3o que voc\u00ea precisa na hora certa!","publisher":{"@id":"https:\/\/mznoticia.com.br\/jaguariaiva\/#organization"},"potentialAction":[{"@type":"SearchAction","target":{"@type":"EntryPoint","urlTemplate":"https:\/\/mznoticia.com.br\/jaguariaiva\/?s={search_term_string}"},"query-input":{"@type":"PropertyValueSpecification","valueRequired":true,"valueName":"search_term_string"}}],"inLanguage":"pt-BR"},{"@type":"Organization","@id":"https:\/\/mznoticia.com.br\/jaguariaiva\/#organization","name":"Mz Not\u00edcia","url":"https:\/\/mznoticia.com.br\/jaguariaiva\/","logo":{"@type":"ImageObject","inLanguage":"pt-BR","@id":"https:\/\/mznoticia.com.br\/jaguariaiva\/#\/schema\/logo\/image\/","url":"https:\/\/mznoticia.com.br\/jaguariaiva\/wp-content\/uploads\/2025\/03\/Design-sem-nome-4-e1741200616392.png","contentUrl":"https:\/\/mznoticia.com.br\/jaguariaiva\/wp-content\/uploads\/2025\/03\/Design-sem-nome-4-e1741200616392.png","width":750,"height":563,"caption":"Mz Not\u00edcia"},"image":{"@id":"https:\/\/mznoticia.com.br\/jaguariaiva\/#\/schema\/logo\/image\/"},"sameAs":["https:\/\/www.facebook.com\/profile.php?id=61573479951222","https:\/\/www.instagram.com\/mz.jaguariaiva\/"]},{"@type":"Person","@id":"https:\/\/mznoticia.com.br\/jaguariaiva\/#\/schema\/person\/84012d827247b3f42f37b550da79cd03","name":"Redacao mz","image":{"@type":"ImageObject","inLanguage":"pt-BR","@id":"https:\/\/mznoticia.com.br\/jaguariaiva\/wp-content\/uploads\/2025\/02\/mznoticia_jaguariaiva_coluna-150x150.png","url":"https:\/\/mznoticia.com.br\/jaguariaiva\/wp-content\/uploads\/2025\/02\/mznoticia_jaguariaiva_coluna-150x150.png","contentUrl":"https:\/\/mznoticia.com.br\/jaguariaiva\/wp-content\/uploads\/2025\/02\/mznoticia_jaguariaiva_coluna-150x150.png","caption":"Redacao mz"},"sameAs":["http:\/\/mznoticia.com.br"],"url":"https:\/\/mznoticia.com.br\/jaguariaiva\/author\/lucimara\/"}]}},"_links":{"self":[{"href":"https:\/\/mznoticia.com.br\/jaguariaiva\/wp-json\/wp\/v2\/posts\/5583","targetHints":{"allow":["GET"]}}],"collection":[{"href":"https:\/\/mznoticia.com.br\/jaguariaiva\/wp-json\/wp\/v2\/posts"}],"about":[{"href":"https:\/\/mznoticia.com.br\/jaguariaiva\/wp-json\/wp\/v2\/types\/post"}],"author":[{"embeddable":true,"href":"https:\/\/mznoticia.com.br\/jaguariaiva\/wp-json\/wp\/v2\/users\/16"}],"replies":[{"embeddable":true,"href":"https:\/\/mznoticia.com.br\/jaguariaiva\/wp-json\/wp\/v2\/comments?post=5583"}],"version-history":[{"count":1,"href":"https:\/\/mznoticia.com.br\/jaguariaiva\/wp-json\/wp\/v2\/posts\/5583\/revisions"}],"predecessor-version":[{"id":5585,"href":"https:\/\/mznoticia.com.br\/jaguariaiva\/wp-json\/wp\/v2\/posts\/5583\/revisions\/5585"}],"wp:featuredmedia":[{"embeddable":true,"href":"https:\/\/mznoticia.com.br\/jaguariaiva\/wp-json\/wp\/v2\/media\/5584"}],"wp:attachment":[{"href":"https:\/\/mznoticia.com.br\/jaguariaiva\/wp-json\/wp\/v2\/media?parent=5583"}],"wp:term":[{"taxonomy":"category","embeddable":true,"href":"https:\/\/mznoticia.com.br\/jaguariaiva\/wp-json\/wp\/v2\/categories?post=5583"},{"taxonomy":"post_tag","embeddable":true,"href":"https:\/\/mznoticia.com.br\/jaguariaiva\/wp-json\/wp\/v2\/tags?post=5583"}],"curies":[{"name":"wp","href":"https:\/\/api.w.org\/{rel}","templated":true}]}}