{"id":5645,"date":"2026-07-30T19:56:24","date_gmt":"2026-07-30T19:56:24","guid":{"rendered":"https:\/\/mznoticia.com.br\/jaguariaiva\/?p=5645"},"modified":"2026-07-30T19:56:50","modified_gmt":"2026-07-30T19:56:50","slug":"rafael-greca-sera-vice-na-chapa-de-sandro-alex-para-o-governo-do-parana","status":"publish","type":"post","link":"https:\/\/mznoticia.com.br\/jaguariaiva\/rafael-greca-sera-vice-na-chapa-de-sandro-alex-para-o-governo-do-parana\/","title":{"rendered":"Rafael Greca ser\u00e1 vice na chapa de Sandro Alex para o Governo do Paran\u00e1"},"content":{"rendered":"<p>Acordo entre MDB e PSD foi definido em reuni\u00e3o nesta quinta-feira e deve ser oficializado na sexta-feira, com confirma\u00e7\u00e3o prevista durante a conven\u00e7\u00e3o estadual do MDB.<\/p>\n<h3>Alian\u00e7a foi fechada em reuni\u00e3o nesta quinta-feira<\/h3>\n<p>O ex-prefeito de Curitiba, Rafael Greca (MDB), ser\u00e1 o candidato a vice-governador na chapa encabe\u00e7ada por Sandro Alex (PSD) nas elei\u00e7\u00f5es deste ano. A defini\u00e7\u00e3o ocorreu durante uma reuni\u00e3o realizada na manh\u00e3 desta quinta-feira (30), quando as lideran\u00e7as conclu\u00edram o acordo pol\u00edtico.<\/p>\n<p>A composi\u00e7\u00e3o da chapa vinha sendo constru\u00edda nos \u00faltimos dias e ganhou for\u00e7a ap\u00f3s um encontro entre o governador Ratinho Junior (PSD) e Rafael Greca, realizado na ter\u00e7a-feira.<\/p>\n<h3><strong>An\u00fancio oficial deve ocorrer na sexta-feira<\/strong><\/h3>\n<p>A expectativa \u00e9 de que a alian\u00e7a seja anunciada oficialmente nesta sexta-feira (31). A confirma\u00e7\u00e3o tamb\u00e9m dever\u00e1 ocorrer durante a conven\u00e7\u00e3o estadual do MDB, marcada para domingo (2), na Sociedade Thalia, em Curitiba.<\/p>\n<p>Greca buscava viabilizar sua candidatura ao Governo do Paran\u00e1, mas, diante da dificuldade de consolidar alian\u00e7as com partidos da base do governador Ratinho Junior, optou por integrar a chapa como candidato a vice-governador.<\/p>\n<h3>Coliga\u00e7\u00e3o re\u00fane partidos da base governista<\/h3>\n<p>Com a ades\u00e3o do MDB, a candidatura de Sandro Alex passa a contar com o apoio de uma ampla alian\u00e7a partid\u00e1ria. Al\u00e9m do PSD e do MDB, a composi\u00e7\u00e3o re\u00fane os partidos da Federa\u00e7\u00e3o Uni\u00e3o Progressista (PP e Uni\u00e3o Brasil) e da Federa\u00e7\u00e3o PSDB-Cidadania.<\/p>\n<h3>Cen\u00e1rio da disputa pelo Governo do Paran\u00e1<\/h3>\n<p>Com Rafael Greca fora da disputa ao cargo de governador, a corrida eleitoral tende a concentrar-se em tr\u00eas principais candidaturas: Sergio Moro (PL), que aparece na lideran\u00e7a das pesquisas de inten\u00e7\u00e3o de voto; Requi\u00e3o Filho (MDB), que figura na segunda coloca\u00e7\u00e3o; e Sandro Alex (PSD), que vinha oscilando entre o terceiro e o quarto lugar nos levantamentos eleitorais.<\/p>\n","protected":false},"excerpt":{"rendered":"<p>Acordo entre MDB e PSD foi definido em reuni\u00e3o nesta quinta-feira e deve ser oficializado na sexta-feira, com confirma\u00e7\u00e3o prevista durante a conven\u00e7\u00e3o estadual do MDB. Alian\u00e7a foi fechada em reuni\u00e3o nesta quinta-feira O ex-prefeito de Curitiba, Rafael Greca (MDB), ser\u00e1 o candidato a vice-governador na chapa encabe\u00e7ada por Sandro Alex (PSD) nas elei\u00e7\u00f5es deste [&hellip;]<\/p>\n","protected":false},"author":16,"featured_media":5646,"comment_status":"open","ping_status":"open","sticky":false,"template":"","format":"standard","meta":{"footnotes":""},"categories":[372,328,7],"tags":[1351,47],"class_list":["post-5645","post","type-post","status-publish","format-standard","has-post-thumbnail","hentry","category-eleicoes","category-parana","category-politica","tag-rafaelgreca-sandroalex-eleicoes2026-parana-politica-mdb-psd-ratinhojunior-governodoparana-mznoticias","tag-destaque"],"yoast_head":"<!-- This site is optimized with the Yoast SEO plugin v28.1 - https:\/\/yoast.com\/product\/yoast-seo-wordpress\/ -->\n<title>Rafael Greca ser\u00e1 vice na chapa de Sandro Alex para o Governo do Paran\u00e1 - Mz Not\u00edcias<\/title>\n<meta name=\"description\" content=\"Rafael Greca (MDB) ser\u00e1 candidato a vice-governador na chapa de Sandro Alex (PSD). O acordo ser\u00e1 anunciado oficialmente e refor\u00e7a a alian\u00e7a entre partidos da base governista no Paran\u00e1.\" \/>\n<meta name=\"robots\" content=\"index, follow, max-snippet:-1, max-image-preview:large, max-video-preview:-1\" \/>\n<link rel=\"canonical\" href=\"https:\/\/mznoticia.com.br\/jaguariaiva\/rafael-greca-sera-vice-na-chapa-de-sandro-alex-para-o-governo-do-parana\/\" \/>\n<meta property=\"og:locale\" content=\"pt_BR\" \/>\n<meta property=\"og:type\" content=\"article\" \/>\n<meta property=\"og:title\" content=\"Rafael Greca ser\u00e1 vice na chapa de Sandro Alex para o Governo do Paran\u00e1 - Mz Not\u00edcias\" \/>\n<meta property=\"og:description\" content=\"Rafael Greca (MDB) ser\u00e1 candidato a vice-governador na chapa de Sandro Alex (PSD). O acordo ser\u00e1 anunciado oficialmente e refor\u00e7a a alian\u00e7a entre partidos da base governista no Paran\u00e1.\" \/>\n<meta property=\"og:url\" content=\"https:\/\/mznoticia.com.br\/jaguariaiva\/rafael-greca-sera-vice-na-chapa-de-sandro-alex-para-o-governo-do-parana\/\" \/>\n<meta property=\"og:site_name\" content=\"Mz Not\u00edcias\" \/>\n<meta property=\"article:publisher\" content=\"https:\/\/www.facebook.com\/profile.php?id=61573479951222\" \/>\n<meta property=\"article:published_time\" content=\"2026-07-30T19:56:24+00:00\" \/>\n<meta property=\"article:modified_time\" content=\"2026-07-30T19:56:50+00:00\" \/>\n<meta property=\"og:image\" content=\"https:\/\/mznoticia.com.br\/jaguariaiva\/wp-content\/uploads\/2026\/07\/rafael.jpg\" \/>\n\t<meta property=\"og:image:width\" content=\"640\" \/>\n\t<meta property=\"og:image:height\" content=\"444\" \/>\n\t<meta property=\"og:image:type\" content=\"image\/jpeg\" \/>\n<meta name=\"author\" content=\"Redacao mz\" \/>\n<meta name=\"twitter:card\" content=\"summary_large_image\" \/>\n<meta name=\"twitter:label1\" content=\"Escrito por\" \/>\n\t<meta name=\"twitter:data1\" content=\"Redacao mz\" \/>\n\t<meta name=\"twitter:label2\" content=\"Est. tempo de leitura\" \/>\n\t<meta name=\"twitter:data2\" content=\"2 minutos\" \/>\n<script type=\"application\/ld+json\" class=\"yoast-schema-graph\">{\"@context\":\"https:\\\/\\\/schema.org\",\"@graph\":[{\"@type\":\"Article\",\"@id\":\"https:\\\/\\\/mznoticia.com.br\\\/jaguariaiva\\\/rafael-greca-sera-vice-na-chapa-de-sandro-alex-para-o-governo-do-parana\\\/#article\",\"isPartOf\":{\"@id\":\"https:\\\/\\\/mznoticia.com.br\\\/jaguariaiva\\\/rafael-greca-sera-vice-na-chapa-de-sandro-alex-para-o-governo-do-parana\\\/\"},\"author\":{\"name\":\"Redacao mz\",\"@id\":\"https:\\\/\\\/mznoticia.com.br\\\/jaguariaiva\\\/#\\\/schema\\\/person\\\/84012d827247b3f42f37b550da79cd03\"},\"headline\":\"Rafael Greca ser\u00e1 vice na chapa de Sandro Alex para o Governo do Paran\u00e1\",\"datePublished\":\"2026-07-30T19:56:24+00:00\",\"dateModified\":\"2026-07-30T19:56:50+00:00\",\"mainEntityOfPage\":{\"@id\":\"https:\\\/\\\/mznoticia.com.br\\\/jaguariaiva\\\/rafael-greca-sera-vice-na-chapa-de-sandro-alex-para-o-governo-do-parana\\\/\"},\"wordCount\":341,\"commentCount\":0,\"publisher\":{\"@id\":\"https:\\\/\\\/mznoticia.com.br\\\/jaguariaiva\\\/#organization\"},\"image\":{\"@id\":\"https:\\\/\\\/mznoticia.com.br\\\/jaguariaiva\\\/rafael-greca-sera-vice-na-chapa-de-sandro-alex-para-o-governo-do-parana\\\/#primaryimage\"},\"thumbnailUrl\":\"https:\\\/\\\/mznoticia.com.br\\\/jaguariaiva\\\/wp-content\\\/uploads\\\/2026\\\/07\\\/rafael.jpg\",\"keywords\":[\"#RafaelGreca #SandroAlex #Elei\u00e7\u00f5es2026 #Paran\u00e1 #Pol\u00edtica #MDB #PSD #RatinhoJunior #GovernoDoParan\u00e1 #MZNot\u00edcias\",\"destaque\"],\"articleSection\":[\"Elei\u00e7\u00f5es\",\"Paran\u00e1\",\"Pol\u00edtica\"],\"inLanguage\":\"pt-BR\",\"potentialAction\":[{\"@type\":\"CommentAction\",\"name\":\"Comment\",\"target\":[\"https:\\\/\\\/mznoticia.com.br\\\/jaguariaiva\\\/rafael-greca-sera-vice-na-chapa-de-sandro-alex-para-o-governo-do-parana\\\/#respond\"]}]},{\"@type\":\"WebPage\",\"@id\":\"https:\\\/\\\/mznoticia.com.br\\\/jaguariaiva\\\/rafael-greca-sera-vice-na-chapa-de-sandro-alex-para-o-governo-do-parana\\\/\",\"url\":\"https:\\\/\\\/mznoticia.com.br\\\/jaguariaiva\\\/rafael-greca-sera-vice-na-chapa-de-sandro-alex-para-o-governo-do-parana\\\/\",\"name\":\"Rafael Greca ser\u00e1 vice na chapa de Sandro Alex para o Governo do Paran\u00e1 - Mz Not\u00edcias\",\"isPartOf\":{\"@id\":\"https:\\\/\\\/mznoticia.com.br\\\/jaguariaiva\\\/#website\"},\"primaryImageOfPage\":{\"@id\":\"https:\\\/\\\/mznoticia.com.br\\\/jaguariaiva\\\/rafael-greca-sera-vice-na-chapa-de-sandro-alex-para-o-governo-do-parana\\\/#primaryimage\"},\"image\":{\"@id\":\"https:\\\/\\\/mznoticia.com.br\\\/jaguariaiva\\\/rafael-greca-sera-vice-na-chapa-de-sandro-alex-para-o-governo-do-parana\\\/#primaryimage\"},\"thumbnailUrl\":\"https:\\\/\\\/mznoticia.com.br\\\/jaguariaiva\\\/wp-content\\\/uploads\\\/2026\\\/07\\\/rafael.jpg\",\"datePublished\":\"2026-07-30T19:56:24+00:00\",\"dateModified\":\"2026-07-30T19:56:50+00:00\",\"description\":\"Rafael Greca (MDB) ser\u00e1 candidato a vice-governador na chapa de Sandro Alex (PSD). O acordo ser\u00e1 anunciado oficialmente e refor\u00e7a a alian\u00e7a entre partidos da base governista no Paran\u00e1.\",\"breadcrumb\":{\"@id\":\"https:\\\/\\\/mznoticia.com.br\\\/jaguariaiva\\\/rafael-greca-sera-vice-na-chapa-de-sandro-alex-para-o-governo-do-parana\\\/#breadcrumb\"},\"inLanguage\":\"pt-BR\",\"potentialAction\":[{\"@type\":\"ReadAction\",\"target\":[\"https:\\\/\\\/mznoticia.com.br\\\/jaguariaiva\\\/rafael-greca-sera-vice-na-chapa-de-sandro-alex-para-o-governo-do-parana\\\/\"]}]},{\"@type\":\"ImageObject\",\"inLanguage\":\"pt-BR\",\"@id\":\"https:\\\/\\\/mznoticia.com.br\\\/jaguariaiva\\\/rafael-greca-sera-vice-na-chapa-de-sandro-alex-para-o-governo-do-parana\\\/#primaryimage\",\"url\":\"https:\\\/\\\/mznoticia.com.br\\\/jaguariaiva\\\/wp-content\\\/uploads\\\/2026\\\/07\\\/rafael.jpg\",\"contentUrl\":\"https:\\\/\\\/mznoticia.com.br\\\/jaguariaiva\\\/wp-content\\\/uploads\\\/2026\\\/07\\\/rafael.jpg\",\"width\":640,\"height\":444},{\"@type\":\"BreadcrumbList\",\"@id\":\"https:\\\/\\\/mznoticia.com.br\\\/jaguariaiva\\\/rafael-greca-sera-vice-na-chapa-de-sandro-alex-para-o-governo-do-parana\\\/#breadcrumb\",\"itemListElement\":[{\"@type\":\"ListItem\",\"position\":1,\"name\":\"Home\",\"item\":\"https:\\\/\\\/mznoticia.com.br\\\/jaguariaiva\\\/\"},{\"@type\":\"ListItem\",\"position\":2,\"name\":\"Rafael Greca ser\u00e1 vice na chapa de Sandro Alex para o Governo do Paran\u00e1\"}]},{\"@type\":\"WebSite\",\"@id\":\"https:\\\/\\\/mznoticia.com.br\\\/jaguariaiva\\\/#website\",\"url\":\"https:\\\/\\\/mznoticia.com.br\\\/jaguariaiva\\\/\",\"name\":\"Mz Not\u00edcia\",\"description\":\"A informa\u00e7\u00e3o que voc\u00ea precisa na hora certa!\",\"publisher\":{\"@id\":\"https:\\\/\\\/mznoticia.com.br\\\/jaguariaiva\\\/#organization\"},\"potentialAction\":[{\"@type\":\"SearchAction\",\"target\":{\"@type\":\"EntryPoint\",\"urlTemplate\":\"https:\\\/\\\/mznoticia.com.br\\\/jaguariaiva\\\/?s={search_term_string}\"},\"query-input\":{\"@type\":\"PropertyValueSpecification\",\"valueRequired\":true,\"valueName\":\"search_term_string\"}}],\"inLanguage\":\"pt-BR\"},{\"@type\":\"Organization\",\"@id\":\"https:\\\/\\\/mznoticia.com.br\\\/jaguariaiva\\\/#organization\",\"name\":\"Mz Not\u00edcia\",\"url\":\"https:\\\/\\\/mznoticia.com.br\\\/jaguariaiva\\\/\",\"logo\":{\"@type\":\"ImageObject\",\"inLanguage\":\"pt-BR\",\"@id\":\"https:\\\/\\\/mznoticia.com.br\\\/jaguariaiva\\\/#\\\/schema\\\/logo\\\/image\\\/\",\"url\":\"https:\\\/\\\/mznoticia.com.br\\\/jaguariaiva\\\/wp-content\\\/uploads\\\/2025\\\/03\\\/Design-sem-nome-4-e1741200616392.png\",\"contentUrl\":\"https:\\\/\\\/mznoticia.com.br\\\/jaguariaiva\\\/wp-content\\\/uploads\\\/2025\\\/03\\\/Design-sem-nome-4-e1741200616392.png\",\"width\":750,\"height\":563,\"caption\":\"Mz Not\u00edcia\"},\"image\":{\"@id\":\"https:\\\/\\\/mznoticia.com.br\\\/jaguariaiva\\\/#\\\/schema\\\/logo\\\/image\\\/\"},\"sameAs\":[\"https:\\\/\\\/www.facebook.com\\\/profile.php?id=61573479951222\",\"https:\\\/\\\/www.instagram.com\\\/mz.jaguariaiva\\\/\"]},{\"@type\":\"Person\",\"@id\":\"https:\\\/\\\/mznoticia.com.br\\\/jaguariaiva\\\/#\\\/schema\\\/person\\\/84012d827247b3f42f37b550da79cd03\",\"name\":\"Redacao mz\",\"image\":{\"@type\":\"ImageObject\",\"inLanguage\":\"pt-BR\",\"@id\":\"https:\\\/\\\/mznoticia.com.br\\\/jaguariaiva\\\/wp-content\\\/uploads\\\/2025\\\/02\\\/mznoticia_jaguariaiva_coluna-150x150.png\",\"url\":\"https:\\\/\\\/mznoticia.com.br\\\/jaguariaiva\\\/wp-content\\\/uploads\\\/2025\\\/02\\\/mznoticia_jaguariaiva_coluna-150x150.png\",\"contentUrl\":\"https:\\\/\\\/mznoticia.com.br\\\/jaguariaiva\\\/wp-content\\\/uploads\\\/2025\\\/02\\\/mznoticia_jaguariaiva_coluna-150x150.png\",\"caption\":\"Redacao mz\"},\"sameAs\":[\"http:\\\/\\\/mznoticia.com.br\"],\"url\":\"https:\\\/\\\/mznoticia.com.br\\\/jaguariaiva\\\/author\\\/lucimara\\\/\"}]}<\/script>\n<!-- \/ Yoast SEO plugin. -->","yoast_head_json":{"title":"Rafael Greca ser\u00e1 vice na chapa de Sandro Alex para o Governo do Paran\u00e1 - Mz Not\u00edcias","description":"Rafael Greca (MDB) ser\u00e1 candidato a vice-governador na chapa de Sandro Alex (PSD). O acordo ser\u00e1 anunciado oficialmente e refor\u00e7a a alian\u00e7a entre partidos da base governista no Paran\u00e1.","robots":{"index":"index","follow":"follow","max-snippet":"max-snippet:-1","max-image-preview":"max-image-preview:large","max-video-preview":"max-video-preview:-1"},"canonical":"https:\/\/mznoticia.com.br\/jaguariaiva\/rafael-greca-sera-vice-na-chapa-de-sandro-alex-para-o-governo-do-parana\/","og_locale":"pt_BR","og_type":"article","og_title":"Rafael Greca ser\u00e1 vice na chapa de Sandro Alex para o Governo do Paran\u00e1 - Mz Not\u00edcias","og_description":"Rafael Greca (MDB) ser\u00e1 candidato a vice-governador na chapa de Sandro Alex (PSD). O acordo ser\u00e1 anunciado oficialmente e refor\u00e7a a alian\u00e7a entre partidos da base governista no Paran\u00e1.","og_url":"https:\/\/mznoticia.com.br\/jaguariaiva\/rafael-greca-sera-vice-na-chapa-de-sandro-alex-para-o-governo-do-parana\/","og_site_name":"Mz Not\u00edcias","article_publisher":"https:\/\/www.facebook.com\/profile.php?id=61573479951222","article_published_time":"2026-07-30T19:56:24+00:00","article_modified_time":"2026-07-30T19:56:50+00:00","og_image":[{"width":640,"height":444,"url":"https:\/\/mznoticia.com.br\/jaguariaiva\/wp-content\/uploads\/2026\/07\/rafael.jpg","type":"image\/jpeg"}],"author":"Redacao mz","twitter_card":"summary_large_image","twitter_misc":{"Escrito por":"Redacao mz","Est. tempo de leitura":"2 minutos"},"schema":{"@context":"https:\/\/schema.org","@graph":[{"@type":"Article","@id":"https:\/\/mznoticia.com.br\/jaguariaiva\/rafael-greca-sera-vice-na-chapa-de-sandro-alex-para-o-governo-do-parana\/#article","isPartOf":{"@id":"https:\/\/mznoticia.com.br\/jaguariaiva\/rafael-greca-sera-vice-na-chapa-de-sandro-alex-para-o-governo-do-parana\/"},"author":{"name":"Redacao mz","@id":"https:\/\/mznoticia.com.br\/jaguariaiva\/#\/schema\/person\/84012d827247b3f42f37b550da79cd03"},"headline":"Rafael Greca ser\u00e1 vice na chapa de Sandro Alex para o Governo do Paran\u00e1","datePublished":"2026-07-30T19:56:24+00:00","dateModified":"2026-07-30T19:56:50+00:00","mainEntityOfPage":{"@id":"https:\/\/mznoticia.com.br\/jaguariaiva\/rafael-greca-sera-vice-na-chapa-de-sandro-alex-para-o-governo-do-parana\/"},"wordCount":341,"commentCount":0,"publisher":{"@id":"https:\/\/mznoticia.com.br\/jaguariaiva\/#organization"},"image":{"@id":"https:\/\/mznoticia.com.br\/jaguariaiva\/rafael-greca-sera-vice-na-chapa-de-sandro-alex-para-o-governo-do-parana\/#primaryimage"},"thumbnailUrl":"https:\/\/mznoticia.com.br\/jaguariaiva\/wp-content\/uploads\/2026\/07\/rafael.jpg","keywords":["#RafaelGreca #SandroAlex #Elei\u00e7\u00f5es2026 #Paran\u00e1 #Pol\u00edtica #MDB #PSD #RatinhoJunior #GovernoDoParan\u00e1 #MZNot\u00edcias","destaque"],"articleSection":["Elei\u00e7\u00f5es","Paran\u00e1","Pol\u00edtica"],"inLanguage":"pt-BR","potentialAction":[{"@type":"CommentAction","name":"Comment","target":["https:\/\/mznoticia.com.br\/jaguariaiva\/rafael-greca-sera-vice-na-chapa-de-sandro-alex-para-o-governo-do-parana\/#respond"]}]},{"@type":"WebPage","@id":"https:\/\/mznoticia.com.br\/jaguariaiva\/rafael-greca-sera-vice-na-chapa-de-sandro-alex-para-o-governo-do-parana\/","url":"https:\/\/mznoticia.com.br\/jaguariaiva\/rafael-greca-sera-vice-na-chapa-de-sandro-alex-para-o-governo-do-parana\/","name":"Rafael Greca ser\u00e1 vice na chapa de Sandro Alex para o Governo do Paran\u00e1 - Mz Not\u00edcias","isPartOf":{"@id":"https:\/\/mznoticia.com.br\/jaguariaiva\/#website"},"primaryImageOfPage":{"@id":"https:\/\/mznoticia.com.br\/jaguariaiva\/rafael-greca-sera-vice-na-chapa-de-sandro-alex-para-o-governo-do-parana\/#primaryimage"},"image":{"@id":"https:\/\/mznoticia.com.br\/jaguariaiva\/rafael-greca-sera-vice-na-chapa-de-sandro-alex-para-o-governo-do-parana\/#primaryimage"},"thumbnailUrl":"https:\/\/mznoticia.com.br\/jaguariaiva\/wp-content\/uploads\/2026\/07\/rafael.jpg","datePublished":"2026-07-30T19:56:24+00:00","dateModified":"2026-07-30T19:56:50+00:00","description":"Rafael Greca (MDB) ser\u00e1 candidato a vice-governador na chapa de Sandro Alex (PSD). O acordo ser\u00e1 anunciado oficialmente e refor\u00e7a a alian\u00e7a entre partidos da base governista no Paran\u00e1.","breadcrumb":{"@id":"https:\/\/mznoticia.com.br\/jaguariaiva\/rafael-greca-sera-vice-na-chapa-de-sandro-alex-para-o-governo-do-parana\/#breadcrumb"},"inLanguage":"pt-BR","potentialAction":[{"@type":"ReadAction","target":["https:\/\/mznoticia.com.br\/jaguariaiva\/rafael-greca-sera-vice-na-chapa-de-sandro-alex-para-o-governo-do-parana\/"]}]},{"@type":"ImageObject","inLanguage":"pt-BR","@id":"https:\/\/mznoticia.com.br\/jaguariaiva\/rafael-greca-sera-vice-na-chapa-de-sandro-alex-para-o-governo-do-parana\/#primaryimage","url":"https:\/\/mznoticia.com.br\/jaguariaiva\/wp-content\/uploads\/2026\/07\/rafael.jpg","contentUrl":"https:\/\/mznoticia.com.br\/jaguariaiva\/wp-content\/uploads\/2026\/07\/rafael.jpg","width":640,"height":444},{"@type":"BreadcrumbList","@id":"https:\/\/mznoticia.com.br\/jaguariaiva\/rafael-greca-sera-vice-na-chapa-de-sandro-alex-para-o-governo-do-parana\/#breadcrumb","itemListElement":[{"@type":"ListItem","position":1,"name":"Home","item":"https:\/\/mznoticia.com.br\/jaguariaiva\/"},{"@type":"ListItem","position":2,"name":"Rafael Greca ser\u00e1 vice na chapa de Sandro Alex para o Governo do Paran\u00e1"}]},{"@type":"WebSite","@id":"https:\/\/mznoticia.com.br\/jaguariaiva\/#website","url":"https:\/\/mznoticia.com.br\/jaguariaiva\/","name":"Mz Not\u00edcia","description":"A informa\u00e7\u00e3o que voc\u00ea precisa na hora certa!","publisher":{"@id":"https:\/\/mznoticia.com.br\/jaguariaiva\/#organization"},"potentialAction":[{"@type":"SearchAction","target":{"@type":"EntryPoint","urlTemplate":"https:\/\/mznoticia.com.br\/jaguariaiva\/?s={search_term_string}"},"query-input":{"@type":"PropertyValueSpecification","valueRequired":true,"valueName":"search_term_string"}}],"inLanguage":"pt-BR"},{"@type":"Organization","@id":"https:\/\/mznoticia.com.br\/jaguariaiva\/#organization","name":"Mz Not\u00edcia","url":"https:\/\/mznoticia.com.br\/jaguariaiva\/","logo":{"@type":"ImageObject","inLanguage":"pt-BR","@id":"https:\/\/mznoticia.com.br\/jaguariaiva\/#\/schema\/logo\/image\/","url":"https:\/\/mznoticia.com.br\/jaguariaiva\/wp-content\/uploads\/2025\/03\/Design-sem-nome-4-e1741200616392.png","contentUrl":"https:\/\/mznoticia.com.br\/jaguariaiva\/wp-content\/uploads\/2025\/03\/Design-sem-nome-4-e1741200616392.png","width":750,"height":563,"caption":"Mz Not\u00edcia"},"image":{"@id":"https:\/\/mznoticia.com.br\/jaguariaiva\/#\/schema\/logo\/image\/"},"sameAs":["https:\/\/www.facebook.com\/profile.php?id=61573479951222","https:\/\/www.instagram.com\/mz.jaguariaiva\/"]},{"@type":"Person","@id":"https:\/\/mznoticia.com.br\/jaguariaiva\/#\/schema\/person\/84012d827247b3f42f37b550da79cd03","name":"Redacao mz","image":{"@type":"ImageObject","inLanguage":"pt-BR","@id":"https:\/\/mznoticia.com.br\/jaguariaiva\/wp-content\/uploads\/2025\/02\/mznoticia_jaguariaiva_coluna-150x150.png","url":"https:\/\/mznoticia.com.br\/jaguariaiva\/wp-content\/uploads\/2025\/02\/mznoticia_jaguariaiva_coluna-150x150.png","contentUrl":"https:\/\/mznoticia.com.br\/jaguariaiva\/wp-content\/uploads\/2025\/02\/mznoticia_jaguariaiva_coluna-150x150.png","caption":"Redacao mz"},"sameAs":["http:\/\/mznoticia.com.br"],"url":"https:\/\/mznoticia.com.br\/jaguariaiva\/author\/lucimara\/"}]}},"_links":{"self":[{"href":"https:\/\/mznoticia.com.br\/jaguariaiva\/wp-json\/wp\/v2\/posts\/5645","targetHints":{"allow":["GET"]}}],"collection":[{"href":"https:\/\/mznoticia.com.br\/jaguariaiva\/wp-json\/wp\/v2\/posts"}],"about":[{"href":"https:\/\/mznoticia.com.br\/jaguariaiva\/wp-json\/wp\/v2\/types\/post"}],"author":[{"embeddable":true,"href":"https:\/\/mznoticia.com.br\/jaguariaiva\/wp-json\/wp\/v2\/users\/16"}],"replies":[{"embeddable":true,"href":"https:\/\/mznoticia.com.br\/jaguariaiva\/wp-json\/wp\/v2\/comments?post=5645"}],"version-history":[{"count":1,"href":"https:\/\/mznoticia.com.br\/jaguariaiva\/wp-json\/wp\/v2\/posts\/5645\/revisions"}],"predecessor-version":[{"id":5647,"href":"https:\/\/mznoticia.com.br\/jaguariaiva\/wp-json\/wp\/v2\/posts\/5645\/revisions\/5647"}],"wp:featuredmedia":[{"embeddable":true,"href":"https:\/\/mznoticia.com.br\/jaguariaiva\/wp-json\/wp\/v2\/media\/5646"}],"wp:attachment":[{"href":"https:\/\/mznoticia.com.br\/jaguariaiva\/wp-json\/wp\/v2\/media?parent=5645"}],"wp:term":[{"taxonomy":"category","embeddable":true,"href":"https:\/\/mznoticia.com.br\/jaguariaiva\/wp-json\/wp\/v2\/categories?post=5645"},{"taxonomy":"post_tag","embeddable":true,"href":"https:\/\/mznoticia.com.br\/jaguariaiva\/wp-json\/wp\/v2\/tags?post=5645"}],"curies":[{"name":"wp","href":"https:\/\/api.w.org\/{rel}","templated":true}]}}