{"id":5732,"date":"2026-08-03T12:02:48","date_gmt":"2026-08-03T12:02:48","guid":{"rendered":"https:\/\/mznoticia.com.br\/jaguariaiva\/?p=5732"},"modified":"2026-08-03T12:02:48","modified_gmt":"2026-08-03T12:02:48","slug":"familia-de-menino-que-morreu-em-incendio-em-ponta-grossa-recebe-campanha-solidaria-para-recomecar","status":"publish","type":"post","link":"https:\/\/mznoticia.com.br\/jaguariaiva\/familia-de-menino-que-morreu-em-incendio-em-ponta-grossa-recebe-campanha-solidaria-para-recomecar\/","title":{"rendered":"Fam\u00edlia de menino que morreu em inc\u00eandio em Ponta Grossa recebe campanha solid\u00e1ria para recome\u00e7ar"},"content":{"rendered":"<p class=\"isSelectedEnd\">Casa foi completamente destru\u00edda pelas chamas em Uvaranas. No momento, a principal necessidade da fam\u00edlia \u00e9 arrecadar recursos financeiros para reconstruir a vida ap\u00f3s a trag\u00e9dia.<\/p>\n<h2>Comunidade se une em corrente de solidariedade<\/h2>\n<p class=\"isSelectedEnd\">A comunidade de Ponta Grossa iniciou uma grande mobiliza\u00e7\u00e3o para ajudar a fam\u00edlia do pequeno Benjamin Rodrigues, de 5 anos, que morreu durante um inc\u00eandio em uma resid\u00eancia no bairro Uvaranas, na \u00faltima sexta-feira (31).<\/p>\n<p class=\"isSelectedEnd\">Al\u00e9m da perda irrepar\u00e1vel do menino, a fam\u00edlia teve a casa completamente destru\u00edda pelo fogo e perdeu todos os bens materiais. Para auxiliar no recome\u00e7o, foi criada uma campanha oficial de arrecada\u00e7\u00e3o financeira.<\/p>\n<h2>Como ajudar<\/h2>\n<p class=\"isSelectedEnd\">As doa\u00e7\u00f5es podem ser feitas por meio da plataforma de arrecada\u00e7\u00e3o solid\u00e1ria.<\/p>\n<p class=\"isSelectedEnd\"><strong>Chave Pix oficial da campanha:<\/strong><br \/>\n<a href=\"mailto:6244885@vakinha.com.br\"><strong>6244885@vakinha.com.br<\/strong><\/a><\/p>\n<p class=\"isSelectedEnd\">De acordo com as organizadoras da a\u00e7\u00e3o, a comunidade respondeu de forma expressiva com a doa\u00e7\u00e3o de roupas. Neste momento, o principal pedido \u00e9 por contribui\u00e7\u00f5es financeiras, que ser\u00e3o destinadas \u00e0s despesas emergenciais e \u00e0 reconstru\u00e7\u00e3o da vida da fam\u00edlia.<\/p>\n<h2>Relembre a trag\u00e9dia<\/h2>\n<p class=\"isSelectedEnd\">O inc\u00eandio aconteceu no fim da tarde de sexta-feira (31), em uma resid\u00eancia localizada na Rua Teixeira Mendes, no bairro Uvaranas.<\/p>\n<p class=\"isSelectedEnd\">Benjamin Rodrigues completava 5 anos justamente no dia da trag\u00e9dia. Pouco antes do inc\u00eandio, ele havia comemorado o anivers\u00e1rio com um bolo tem\u00e1tico do Homem-Aranha.<\/p>\n<p class=\"isSelectedEnd\">A m\u00e3e da crian\u00e7a, Thaliane Rodrigues, havia deixado a resid\u00eancia cerca de dez minutos antes do in\u00edcio das chamas para comprar um presente de anivers\u00e1rio com um valor enviado pela madrinha do menino.<\/p>\n<p class=\"isSelectedEnd\">Durante o inc\u00eandio, a bisav\u00f3 de Benjamin, de 84 anos, foi resgatada por vizinhos e pessoas que passavam pelo local. Ela sofreu ferimentos graves ao tentar salvar o bisneto e permanece internada em estado delicado.<\/p>\n<p class=\"isSelectedEnd\">O Corpo de Bombeiros mobilizou dois caminh\u00f5es para combater o inc\u00eandio. No entanto, devido \u00e0 r\u00e1pida propaga\u00e7\u00e3o das chamas na resid\u00eancia de madeira, n\u00e3o foi poss\u00edvel resgatar a crian\u00e7a a tempo. Benjamin foi encontrado sem vida no interior do im\u00f3vel.<\/p>\n<h2>Causas seguem sob investiga\u00e7\u00e3o<\/h2>\n<p>As circunst\u00e2ncias que provocaram o inc\u00eandio continuam sendo apuradas pelas autoridades competentes por meio de investiga\u00e7\u00e3o t\u00e9cnica.<\/p>\n","protected":false},"excerpt":{"rendered":"<p>Casa foi completamente destru\u00edda pelas chamas em Uvaranas. No momento, a principal necessidade da fam\u00edlia \u00e9 arrecadar recursos financeiros para reconstruir a vida ap\u00f3s a trag\u00e9dia. Comunidade se une em corrente de solidariedade A comunidade de Ponta Grossa iniciou uma grande mobiliza\u00e7\u00e3o para ajudar a fam\u00edlia do pequeno Benjamin Rodrigues, de 5 anos, que morreu [&hellip;]<\/p>\n","protected":false},"author":16,"featured_media":5733,"comment_status":"open","ping_status":"open","sticky":false,"template":"","format":"standard","meta":{"footnotes":""},"categories":[8],"tags":[1194,1445,716,1446,47,1093,24,1444,1447],"class_list":["post-5732","post","type-post","status-publish","format-standard","has-post-thumbnail","hentry","category-campos-gerais","tag-doacoes","tag-benjamin-rodrigues","tag-bombeiros","tag-campanha-solidaria","tag-destaque","tag-incendio","tag-ponta-grossa","tag-uvaranas","tag-vaquinha"],"yoast_head":"<!-- This site is optimized with the Yoast SEO plugin v28.1 - https:\/\/yoast.com\/product\/yoast-seo-wordpress\/ -->\n<title>Fam\u00edlia de menino que morreu em inc\u00eandio em Ponta Grossa recebe campanha solid\u00e1ria para recome\u00e7ar - Mz Not\u00edcias<\/title>\n<meta name=\"description\" content=\"Ap\u00f3s perder o filho de 5 anos e todos os bens em um inc\u00eandio em Uvaranas, fam\u00edlia recebe apoio da comunidade por meio de campanha solid\u00e1ria com arrecada\u00e7\u00e3o financeira.\" \/>\n<meta name=\"robots\" content=\"index, follow, max-snippet:-1, max-image-preview:large, max-video-preview:-1\" \/>\n<link rel=\"canonical\" href=\"https:\/\/mznoticia.com.br\/jaguariaiva\/familia-de-menino-que-morreu-em-incendio-em-ponta-grossa-recebe-campanha-solidaria-para-recomecar\/\" \/>\n<meta property=\"og:locale\" content=\"pt_BR\" \/>\n<meta property=\"og:type\" content=\"article\" \/>\n<meta property=\"og:title\" content=\"Fam\u00edlia de menino que morreu em inc\u00eandio em Ponta Grossa recebe campanha solid\u00e1ria para recome\u00e7ar - Mz Not\u00edcias\" \/>\n<meta property=\"og:description\" content=\"Ap\u00f3s perder o filho de 5 anos e todos os bens em um inc\u00eandio em Uvaranas, fam\u00edlia recebe apoio da comunidade por meio de campanha solid\u00e1ria com arrecada\u00e7\u00e3o financeira.\" \/>\n<meta property=\"og:url\" content=\"https:\/\/mznoticia.com.br\/jaguariaiva\/familia-de-menino-que-morreu-em-incendio-em-ponta-grossa-recebe-campanha-solidaria-para-recomecar\/\" \/>\n<meta property=\"og:site_name\" content=\"Mz Not\u00edcias\" \/>\n<meta property=\"article:publisher\" content=\"https:\/\/www.facebook.com\/profile.php?id=61573479951222\" \/>\n<meta property=\"article:published_time\" content=\"2026-08-03T12:02:48+00:00\" \/>\n<meta property=\"og:image\" content=\"https:\/\/mznoticia.com.br\/jaguariaiva\/wp-content\/uploads\/2026\/08\/menino.webp\" \/>\n\t<meta property=\"og:image:width\" content=\"1000\" \/>\n\t<meta property=\"og:image:height\" content=\"500\" \/>\n\t<meta property=\"og:image:type\" content=\"image\/webp\" \/>\n<meta name=\"author\" content=\"Redacao mz\" \/>\n<meta name=\"twitter:card\" content=\"summary_large_image\" \/>\n<meta name=\"twitter:label1\" content=\"Escrito por\" \/>\n\t<meta name=\"twitter:data1\" content=\"Redacao mz\" \/>\n\t<meta name=\"twitter:label2\" content=\"Est. tempo de leitura\" \/>\n\t<meta name=\"twitter:data2\" content=\"3 minutos\" \/>\n<script type=\"application\/ld+json\" class=\"yoast-schema-graph\">{\"@context\":\"https:\\\/\\\/schema.org\",\"@graph\":[{\"@type\":\"Article\",\"@id\":\"https:\\\/\\\/mznoticia.com.br\\\/jaguariaiva\\\/familia-de-menino-que-morreu-em-incendio-em-ponta-grossa-recebe-campanha-solidaria-para-recomecar\\\/#article\",\"isPartOf\":{\"@id\":\"https:\\\/\\\/mznoticia.com.br\\\/jaguariaiva\\\/familia-de-menino-que-morreu-em-incendio-em-ponta-grossa-recebe-campanha-solidaria-para-recomecar\\\/\"},\"author\":{\"name\":\"Redacao mz\",\"@id\":\"https:\\\/\\\/mznoticia.com.br\\\/jaguariaiva\\\/#\\\/schema\\\/person\\\/84012d827247b3f42f37b550da79cd03\"},\"headline\":\"Fam\u00edlia de menino que morreu em inc\u00eandio em Ponta Grossa recebe campanha solid\u00e1ria para recome\u00e7ar\",\"datePublished\":\"2026-08-03T12:02:48+00:00\",\"mainEntityOfPage\":{\"@id\":\"https:\\\/\\\/mznoticia.com.br\\\/jaguariaiva\\\/familia-de-menino-que-morreu-em-incendio-em-ponta-grossa-recebe-campanha-solidaria-para-recomecar\\\/\"},\"wordCount\":401,\"commentCount\":0,\"publisher\":{\"@id\":\"https:\\\/\\\/mznoticia.com.br\\\/jaguariaiva\\\/#organization\"},\"image\":{\"@id\":\"https:\\\/\\\/mznoticia.com.br\\\/jaguariaiva\\\/familia-de-menino-que-morreu-em-incendio-em-ponta-grossa-recebe-campanha-solidaria-para-recomecar\\\/#primaryimage\"},\"thumbnailUrl\":\"https:\\\/\\\/mznoticia.com.br\\\/jaguariaiva\\\/wp-content\\\/uploads\\\/2026\\\/08\\\/menino.webp\",\"keywords\":[\"#Doa\u00e7\u00f5es\",\"Benjamin Rodrigues\",\"Bombeiros\",\"Campanha Solid\u00e1ria\",\"destaque\",\"Inc\u00eandio\",\"Ponta Grossa\",\"Uvaranas\",\"Vaquinha\"],\"articleSection\":[\"Campos Gerais\"],\"inLanguage\":\"pt-BR\",\"potentialAction\":[{\"@type\":\"CommentAction\",\"name\":\"Comment\",\"target\":[\"https:\\\/\\\/mznoticia.com.br\\\/jaguariaiva\\\/familia-de-menino-que-morreu-em-incendio-em-ponta-grossa-recebe-campanha-solidaria-para-recomecar\\\/#respond\"]}]},{\"@type\":\"WebPage\",\"@id\":\"https:\\\/\\\/mznoticia.com.br\\\/jaguariaiva\\\/familia-de-menino-que-morreu-em-incendio-em-ponta-grossa-recebe-campanha-solidaria-para-recomecar\\\/\",\"url\":\"https:\\\/\\\/mznoticia.com.br\\\/jaguariaiva\\\/familia-de-menino-que-morreu-em-incendio-em-ponta-grossa-recebe-campanha-solidaria-para-recomecar\\\/\",\"name\":\"Fam\u00edlia de menino que morreu em inc\u00eandio em Ponta Grossa recebe campanha solid\u00e1ria para recome\u00e7ar - Mz Not\u00edcias\",\"isPartOf\":{\"@id\":\"https:\\\/\\\/mznoticia.com.br\\\/jaguariaiva\\\/#website\"},\"primaryImageOfPage\":{\"@id\":\"https:\\\/\\\/mznoticia.com.br\\\/jaguariaiva\\\/familia-de-menino-que-morreu-em-incendio-em-ponta-grossa-recebe-campanha-solidaria-para-recomecar\\\/#primaryimage\"},\"image\":{\"@id\":\"https:\\\/\\\/mznoticia.com.br\\\/jaguariaiva\\\/familia-de-menino-que-morreu-em-incendio-em-ponta-grossa-recebe-campanha-solidaria-para-recomecar\\\/#primaryimage\"},\"thumbnailUrl\":\"https:\\\/\\\/mznoticia.com.br\\\/jaguariaiva\\\/wp-content\\\/uploads\\\/2026\\\/08\\\/menino.webp\",\"datePublished\":\"2026-08-03T12:02:48+00:00\",\"description\":\"Ap\u00f3s perder o filho de 5 anos e todos os bens em um inc\u00eandio em Uvaranas, fam\u00edlia recebe apoio da comunidade por meio de campanha solid\u00e1ria com arrecada\u00e7\u00e3o financeira.\",\"breadcrumb\":{\"@id\":\"https:\\\/\\\/mznoticia.com.br\\\/jaguariaiva\\\/familia-de-menino-que-morreu-em-incendio-em-ponta-grossa-recebe-campanha-solidaria-para-recomecar\\\/#breadcrumb\"},\"inLanguage\":\"pt-BR\",\"potentialAction\":[{\"@type\":\"ReadAction\",\"target\":[\"https:\\\/\\\/mznoticia.com.br\\\/jaguariaiva\\\/familia-de-menino-que-morreu-em-incendio-em-ponta-grossa-recebe-campanha-solidaria-para-recomecar\\\/\"]}]},{\"@type\":\"ImageObject\",\"inLanguage\":\"pt-BR\",\"@id\":\"https:\\\/\\\/mznoticia.com.br\\\/jaguariaiva\\\/familia-de-menino-que-morreu-em-incendio-em-ponta-grossa-recebe-campanha-solidaria-para-recomecar\\\/#primaryimage\",\"url\":\"https:\\\/\\\/mznoticia.com.br\\\/jaguariaiva\\\/wp-content\\\/uploads\\\/2026\\\/08\\\/menino.webp\",\"contentUrl\":\"https:\\\/\\\/mznoticia.com.br\\\/jaguariaiva\\\/wp-content\\\/uploads\\\/2026\\\/08\\\/menino.webp\",\"width\":1000,\"height\":500},{\"@type\":\"BreadcrumbList\",\"@id\":\"https:\\\/\\\/mznoticia.com.br\\\/jaguariaiva\\\/familia-de-menino-que-morreu-em-incendio-em-ponta-grossa-recebe-campanha-solidaria-para-recomecar\\\/#breadcrumb\",\"itemListElement\":[{\"@type\":\"ListItem\",\"position\":1,\"name\":\"Home\",\"item\":\"https:\\\/\\\/mznoticia.com.br\\\/jaguariaiva\\\/\"},{\"@type\":\"ListItem\",\"position\":2,\"name\":\"Fam\u00edlia de menino que morreu em inc\u00eandio em Ponta Grossa recebe campanha solid\u00e1ria para recome\u00e7ar\"}]},{\"@type\":\"WebSite\",\"@id\":\"https:\\\/\\\/mznoticia.com.br\\\/jaguariaiva\\\/#website\",\"url\":\"https:\\\/\\\/mznoticia.com.br\\\/jaguariaiva\\\/\",\"name\":\"Mz Not\u00edcia\",\"description\":\"A informa\u00e7\u00e3o que voc\u00ea precisa na hora certa!\",\"publisher\":{\"@id\":\"https:\\\/\\\/mznoticia.com.br\\\/jaguariaiva\\\/#organization\"},\"potentialAction\":[{\"@type\":\"SearchAction\",\"target\":{\"@type\":\"EntryPoint\",\"urlTemplate\":\"https:\\\/\\\/mznoticia.com.br\\\/jaguariaiva\\\/?s={search_term_string}\"},\"query-input\":{\"@type\":\"PropertyValueSpecification\",\"valueRequired\":true,\"valueName\":\"search_term_string\"}}],\"inLanguage\":\"pt-BR\"},{\"@type\":\"Organization\",\"@id\":\"https:\\\/\\\/mznoticia.com.br\\\/jaguariaiva\\\/#organization\",\"name\":\"Mz Not\u00edcia\",\"url\":\"https:\\\/\\\/mznoticia.com.br\\\/jaguariaiva\\\/\",\"logo\":{\"@type\":\"ImageObject\",\"inLanguage\":\"pt-BR\",\"@id\":\"https:\\\/\\\/mznoticia.com.br\\\/jaguariaiva\\\/#\\\/schema\\\/logo\\\/image\\\/\",\"url\":\"https:\\\/\\\/mznoticia.com.br\\\/jaguariaiva\\\/wp-content\\\/uploads\\\/2025\\\/03\\\/Design-sem-nome-4-e1741200616392.png\",\"contentUrl\":\"https:\\\/\\\/mznoticia.com.br\\\/jaguariaiva\\\/wp-content\\\/uploads\\\/2025\\\/03\\\/Design-sem-nome-4-e1741200616392.png\",\"width\":750,\"height\":563,\"caption\":\"Mz Not\u00edcia\"},\"image\":{\"@id\":\"https:\\\/\\\/mznoticia.com.br\\\/jaguariaiva\\\/#\\\/schema\\\/logo\\\/image\\\/\"},\"sameAs\":[\"https:\\\/\\\/www.facebook.com\\\/profile.php?id=61573479951222\",\"https:\\\/\\\/www.instagram.com\\\/mz.jaguariaiva\\\/\"]},{\"@type\":\"Person\",\"@id\":\"https:\\\/\\\/mznoticia.com.br\\\/jaguariaiva\\\/#\\\/schema\\\/person\\\/84012d827247b3f42f37b550da79cd03\",\"name\":\"Redacao mz\",\"image\":{\"@type\":\"ImageObject\",\"inLanguage\":\"pt-BR\",\"@id\":\"https:\\\/\\\/mznoticia.com.br\\\/jaguariaiva\\\/wp-content\\\/uploads\\\/2025\\\/02\\\/mznoticia_jaguariaiva_coluna-150x150.png\",\"url\":\"https:\\\/\\\/mznoticia.com.br\\\/jaguariaiva\\\/wp-content\\\/uploads\\\/2025\\\/02\\\/mznoticia_jaguariaiva_coluna-150x150.png\",\"contentUrl\":\"https:\\\/\\\/mznoticia.com.br\\\/jaguariaiva\\\/wp-content\\\/uploads\\\/2025\\\/02\\\/mznoticia_jaguariaiva_coluna-150x150.png\",\"caption\":\"Redacao mz\"},\"sameAs\":[\"http:\\\/\\\/mznoticia.com.br\"],\"url\":\"https:\\\/\\\/mznoticia.com.br\\\/jaguariaiva\\\/author\\\/lucimara\\\/\"}]}<\/script>\n<!-- \/ Yoast SEO plugin. -->","yoast_head_json":{"title":"Fam\u00edlia de menino que morreu em inc\u00eandio em Ponta Grossa recebe campanha solid\u00e1ria para recome\u00e7ar - Mz Not\u00edcias","description":"Ap\u00f3s perder o filho de 5 anos e todos os bens em um inc\u00eandio em Uvaranas, fam\u00edlia recebe apoio da comunidade por meio de campanha solid\u00e1ria com arrecada\u00e7\u00e3o financeira.","robots":{"index":"index","follow":"follow","max-snippet":"max-snippet:-1","max-image-preview":"max-image-preview:large","max-video-preview":"max-video-preview:-1"},"canonical":"https:\/\/mznoticia.com.br\/jaguariaiva\/familia-de-menino-que-morreu-em-incendio-em-ponta-grossa-recebe-campanha-solidaria-para-recomecar\/","og_locale":"pt_BR","og_type":"article","og_title":"Fam\u00edlia de menino que morreu em inc\u00eandio em Ponta Grossa recebe campanha solid\u00e1ria para recome\u00e7ar - Mz Not\u00edcias","og_description":"Ap\u00f3s perder o filho de 5 anos e todos os bens em um inc\u00eandio em Uvaranas, fam\u00edlia recebe apoio da comunidade por meio de campanha solid\u00e1ria com arrecada\u00e7\u00e3o financeira.","og_url":"https:\/\/mznoticia.com.br\/jaguariaiva\/familia-de-menino-que-morreu-em-incendio-em-ponta-grossa-recebe-campanha-solidaria-para-recomecar\/","og_site_name":"Mz Not\u00edcias","article_publisher":"https:\/\/www.facebook.com\/profile.php?id=61573479951222","article_published_time":"2026-08-03T12:02:48+00:00","og_image":[{"width":1000,"height":500,"url":"https:\/\/mznoticia.com.br\/jaguariaiva\/wp-content\/uploads\/2026\/08\/menino.webp","type":"image\/webp"}],"author":"Redacao mz","twitter_card":"summary_large_image","twitter_misc":{"Escrito por":"Redacao mz","Est. tempo de leitura":"3 minutos"},"schema":{"@context":"https:\/\/schema.org","@graph":[{"@type":"Article","@id":"https:\/\/mznoticia.com.br\/jaguariaiva\/familia-de-menino-que-morreu-em-incendio-em-ponta-grossa-recebe-campanha-solidaria-para-recomecar\/#article","isPartOf":{"@id":"https:\/\/mznoticia.com.br\/jaguariaiva\/familia-de-menino-que-morreu-em-incendio-em-ponta-grossa-recebe-campanha-solidaria-para-recomecar\/"},"author":{"name":"Redacao mz","@id":"https:\/\/mznoticia.com.br\/jaguariaiva\/#\/schema\/person\/84012d827247b3f42f37b550da79cd03"},"headline":"Fam\u00edlia de menino que morreu em inc\u00eandio em Ponta Grossa recebe campanha solid\u00e1ria para recome\u00e7ar","datePublished":"2026-08-03T12:02:48+00:00","mainEntityOfPage":{"@id":"https:\/\/mznoticia.com.br\/jaguariaiva\/familia-de-menino-que-morreu-em-incendio-em-ponta-grossa-recebe-campanha-solidaria-para-recomecar\/"},"wordCount":401,"commentCount":0,"publisher":{"@id":"https:\/\/mznoticia.com.br\/jaguariaiva\/#organization"},"image":{"@id":"https:\/\/mznoticia.com.br\/jaguariaiva\/familia-de-menino-que-morreu-em-incendio-em-ponta-grossa-recebe-campanha-solidaria-para-recomecar\/#primaryimage"},"thumbnailUrl":"https:\/\/mznoticia.com.br\/jaguariaiva\/wp-content\/uploads\/2026\/08\/menino.webp","keywords":["#Doa\u00e7\u00f5es","Benjamin Rodrigues","Bombeiros","Campanha Solid\u00e1ria","destaque","Inc\u00eandio","Ponta Grossa","Uvaranas","Vaquinha"],"articleSection":["Campos Gerais"],"inLanguage":"pt-BR","potentialAction":[{"@type":"CommentAction","name":"Comment","target":["https:\/\/mznoticia.com.br\/jaguariaiva\/familia-de-menino-que-morreu-em-incendio-em-ponta-grossa-recebe-campanha-solidaria-para-recomecar\/#respond"]}]},{"@type":"WebPage","@id":"https:\/\/mznoticia.com.br\/jaguariaiva\/familia-de-menino-que-morreu-em-incendio-em-ponta-grossa-recebe-campanha-solidaria-para-recomecar\/","url":"https:\/\/mznoticia.com.br\/jaguariaiva\/familia-de-menino-que-morreu-em-incendio-em-ponta-grossa-recebe-campanha-solidaria-para-recomecar\/","name":"Fam\u00edlia de menino que morreu em inc\u00eandio em Ponta Grossa recebe campanha solid\u00e1ria para recome\u00e7ar - Mz Not\u00edcias","isPartOf":{"@id":"https:\/\/mznoticia.com.br\/jaguariaiva\/#website"},"primaryImageOfPage":{"@id":"https:\/\/mznoticia.com.br\/jaguariaiva\/familia-de-menino-que-morreu-em-incendio-em-ponta-grossa-recebe-campanha-solidaria-para-recomecar\/#primaryimage"},"image":{"@id":"https:\/\/mznoticia.com.br\/jaguariaiva\/familia-de-menino-que-morreu-em-incendio-em-ponta-grossa-recebe-campanha-solidaria-para-recomecar\/#primaryimage"},"thumbnailUrl":"https:\/\/mznoticia.com.br\/jaguariaiva\/wp-content\/uploads\/2026\/08\/menino.webp","datePublished":"2026-08-03T12:02:48+00:00","description":"Ap\u00f3s perder o filho de 5 anos e todos os bens em um inc\u00eandio em Uvaranas, fam\u00edlia recebe apoio da comunidade por meio de campanha solid\u00e1ria com arrecada\u00e7\u00e3o financeira.","breadcrumb":{"@id":"https:\/\/mznoticia.com.br\/jaguariaiva\/familia-de-menino-que-morreu-em-incendio-em-ponta-grossa-recebe-campanha-solidaria-para-recomecar\/#breadcrumb"},"inLanguage":"pt-BR","potentialAction":[{"@type":"ReadAction","target":["https:\/\/mznoticia.com.br\/jaguariaiva\/familia-de-menino-que-morreu-em-incendio-em-ponta-grossa-recebe-campanha-solidaria-para-recomecar\/"]}]},{"@type":"ImageObject","inLanguage":"pt-BR","@id":"https:\/\/mznoticia.com.br\/jaguariaiva\/familia-de-menino-que-morreu-em-incendio-em-ponta-grossa-recebe-campanha-solidaria-para-recomecar\/#primaryimage","url":"https:\/\/mznoticia.com.br\/jaguariaiva\/wp-content\/uploads\/2026\/08\/menino.webp","contentUrl":"https:\/\/mznoticia.com.br\/jaguariaiva\/wp-content\/uploads\/2026\/08\/menino.webp","width":1000,"height":500},{"@type":"BreadcrumbList","@id":"https:\/\/mznoticia.com.br\/jaguariaiva\/familia-de-menino-que-morreu-em-incendio-em-ponta-grossa-recebe-campanha-solidaria-para-recomecar\/#breadcrumb","itemListElement":[{"@type":"ListItem","position":1,"name":"Home","item":"https:\/\/mznoticia.com.br\/jaguariaiva\/"},{"@type":"ListItem","position":2,"name":"Fam\u00edlia de menino que morreu em inc\u00eandio em Ponta Grossa recebe campanha solid\u00e1ria para recome\u00e7ar"}]},{"@type":"WebSite","@id":"https:\/\/mznoticia.com.br\/jaguariaiva\/#website","url":"https:\/\/mznoticia.com.br\/jaguariaiva\/","name":"Mz Not\u00edcia","description":"A informa\u00e7\u00e3o que voc\u00ea precisa na hora certa!","publisher":{"@id":"https:\/\/mznoticia.com.br\/jaguariaiva\/#organization"},"potentialAction":[{"@type":"SearchAction","target":{"@type":"EntryPoint","urlTemplate":"https:\/\/mznoticia.com.br\/jaguariaiva\/?s={search_term_string}"},"query-input":{"@type":"PropertyValueSpecification","valueRequired":true,"valueName":"search_term_string"}}],"inLanguage":"pt-BR"},{"@type":"Organization","@id":"https:\/\/mznoticia.com.br\/jaguariaiva\/#organization","name":"Mz Not\u00edcia","url":"https:\/\/mznoticia.com.br\/jaguariaiva\/","logo":{"@type":"ImageObject","inLanguage":"pt-BR","@id":"https:\/\/mznoticia.com.br\/jaguariaiva\/#\/schema\/logo\/image\/","url":"https:\/\/mznoticia.com.br\/jaguariaiva\/wp-content\/uploads\/2025\/03\/Design-sem-nome-4-e1741200616392.png","contentUrl":"https:\/\/mznoticia.com.br\/jaguariaiva\/wp-content\/uploads\/2025\/03\/Design-sem-nome-4-e1741200616392.png","width":750,"height":563,"caption":"Mz Not\u00edcia"},"image":{"@id":"https:\/\/mznoticia.com.br\/jaguariaiva\/#\/schema\/logo\/image\/"},"sameAs":["https:\/\/www.facebook.com\/profile.php?id=61573479951222","https:\/\/www.instagram.com\/mz.jaguariaiva\/"]},{"@type":"Person","@id":"https:\/\/mznoticia.com.br\/jaguariaiva\/#\/schema\/person\/84012d827247b3f42f37b550da79cd03","name":"Redacao mz","image":{"@type":"ImageObject","inLanguage":"pt-BR","@id":"https:\/\/mznoticia.com.br\/jaguariaiva\/wp-content\/uploads\/2025\/02\/mznoticia_jaguariaiva_coluna-150x150.png","url":"https:\/\/mznoticia.com.br\/jaguariaiva\/wp-content\/uploads\/2025\/02\/mznoticia_jaguariaiva_coluna-150x150.png","contentUrl":"https:\/\/mznoticia.com.br\/jaguariaiva\/wp-content\/uploads\/2025\/02\/mznoticia_jaguariaiva_coluna-150x150.png","caption":"Redacao mz"},"sameAs":["http:\/\/mznoticia.com.br"],"url":"https:\/\/mznoticia.com.br\/jaguariaiva\/author\/lucimara\/"}]}},"_links":{"self":[{"href":"https:\/\/mznoticia.com.br\/jaguariaiva\/wp-json\/wp\/v2\/posts\/5732","targetHints":{"allow":["GET"]}}],"collection":[{"href":"https:\/\/mznoticia.com.br\/jaguariaiva\/wp-json\/wp\/v2\/posts"}],"about":[{"href":"https:\/\/mznoticia.com.br\/jaguariaiva\/wp-json\/wp\/v2\/types\/post"}],"author":[{"embeddable":true,"href":"https:\/\/mznoticia.com.br\/jaguariaiva\/wp-json\/wp\/v2\/users\/16"}],"replies":[{"embeddable":true,"href":"https:\/\/mznoticia.com.br\/jaguariaiva\/wp-json\/wp\/v2\/comments?post=5732"}],"version-history":[{"count":1,"href":"https:\/\/mznoticia.com.br\/jaguariaiva\/wp-json\/wp\/v2\/posts\/5732\/revisions"}],"predecessor-version":[{"id":5734,"href":"https:\/\/mznoticia.com.br\/jaguariaiva\/wp-json\/wp\/v2\/posts\/5732\/revisions\/5734"}],"wp:featuredmedia":[{"embeddable":true,"href":"https:\/\/mznoticia.com.br\/jaguariaiva\/wp-json\/wp\/v2\/media\/5733"}],"wp:attachment":[{"href":"https:\/\/mznoticia.com.br\/jaguariaiva\/wp-json\/wp\/v2\/media?parent=5732"}],"wp:term":[{"taxonomy":"category","embeddable":true,"href":"https:\/\/mznoticia.com.br\/jaguariaiva\/wp-json\/wp\/v2\/categories?post=5732"},{"taxonomy":"post_tag","embeddable":true,"href":"https:\/\/mznoticia.com.br\/jaguariaiva\/wp-json\/wp\/v2\/tags?post=5732"}],"curies":[{"name":"wp","href":"https:\/\/api.w.org\/{rel}","templated":true}]}}