{"id":5741,"date":"2026-08-03T12:43:43","date_gmt":"2026-08-03T12:43:43","guid":{"rendered":"https:\/\/mznoticia.com.br\/jaguariaiva\/?p=5741"},"modified":"2026-08-03T12:43:43","modified_gmt":"2026-08-03T12:43:43","slug":"apos-morte-de-joao-gabriel-projeto-pode-ampliar-alerta-para-idosos-autistas-e-pessoas-com-deficiencia-no-parana","status":"publish","type":"post","link":"https:\/\/mznoticia.com.br\/jaguariaiva\/apos-morte-de-joao-gabriel-projeto-pode-ampliar-alerta-para-idosos-autistas-e-pessoas-com-deficiencia-no-parana\/","title":{"rendered":"Ap\u00f3s morte de Jo\u00e3o Gabriel, projeto pode ampliar alerta para idosos, autistas e pessoas com defici\u00eancia no Paran\u00e1"},"content":{"rendered":"<p class=\"isSelectedEnd\">Proposta em tramita\u00e7\u00e3o na Assembleia Legislativa amplia o alcance do Alerta para Resgate de Pessoas e ser\u00e1 analisada pelos deputados nesta segunda-feira (3).<\/p>\n<h2>Projeto amplia alcance do alerta<\/h2>\n<p class=\"isSelectedEnd\">A Assembleia Legislativa do Paran\u00e1 (Alep) analisa nesta segunda-feira (3) um projeto de lei que amplia o alcance do Alerta para Resgate de Pessoas (ARP). A proposta prev\u00ea que o mecanismo tamb\u00e9m seja utilizado em casos de desaparecimento de idosos, pessoas com defici\u00eancia e pessoas com Transtorno do Espectro Autista (TEA).<\/p>\n<p class=\"isSelectedEnd\">Atualmente, o sistema \u00e9 destinado \u00e0 localiza\u00e7\u00e3o de crian\u00e7as e adolescentes desaparecidos. Com a mudan\u00e7a, outros grupos considerados mais vulner\u00e1veis tamb\u00e9m poder\u00e3o ser inclu\u00eddos na pol\u00edtica de resposta r\u00e1pida.<\/p>\n<h2>Mudan\u00e7a ocorre ap\u00f3s caso de Jo\u00e3o Gabriel<\/h2>\n<p class=\"isSelectedEnd\">A proposta chega ao plen\u00e1rio poucos dias ap\u00f3s a morte do menino Jo\u00e3o Gabriel Ferreira dos Santos, de 5 anos, autista n\u00e3o verbal, que desapareceu em Arauc\u00e1ria, na Regi\u00e3o Metropolitana de Curitiba.<\/p>\n<p class=\"isSelectedEnd\">O caso gerou grande mobiliza\u00e7\u00e3o durante as buscas e refor\u00e7ou o debate sobre a necessidade de ampliar os mecanismos de localiza\u00e7\u00e3o de pessoas desaparecidas em situa\u00e7\u00e3o de vulnerabilidade.<\/p>\n<h2>Projeto altera lei estadual<\/h2>\n<p class=\"isSelectedEnd\">O Projeto de Lei n\u00ba 544\/2025 altera a Lei Estadual n\u00ba 18.975\/2017, que instituiu o Alerta para Resgate de Pessoas no Paran\u00e1.<\/p>\n<p class=\"isSelectedEnd\">A proposta busca permitir uma mobiliza\u00e7\u00e3o mais r\u00e1pida dos \u00f3rg\u00e3os de seguran\u00e7a p\u00fablica e da sociedade em casos de desaparecimento envolvendo idosos, pessoas com defici\u00eancia e pessoas com TEA.<\/p>\n<h2>Relembre o caso<\/h2>\n<p class=\"isSelectedEnd\">Jo\u00e3o Gabriel Ferreira dos Santos, de 5 anos, desapareceu na manh\u00e3 de domingo, 26 de julho, ap\u00f3s informar \u00e0 m\u00e3e que iria ao banheiro, localizado na parte externa da resid\u00eancia da fam\u00edlia.<\/p>\n<p class=\"isSelectedEnd\">O menino, diagnosticado com Transtorno do Espectro Autista (TEA) n\u00edvel 2 de suporte e n\u00e3o verbal, n\u00e3o retornou, dando in\u00edcio \u00e0s buscas.<\/p>\n<p class=\"isSelectedEnd\">O corpo da crian\u00e7a foi encontrado na tarde de ter\u00e7a-feira (28), a cerca de 100 metros da resid\u00eancia, dentro de um tanque de rejeitos su\u00ednos.<\/p>\n<p>A principal hip\u00f3tese investigada \u00e9 de afogamento, mas o caso segue sob investiga\u00e7\u00e3o para esclarecer todas as circunst\u00e2ncias da morte.<\/p>\n","protected":false},"excerpt":{"rendered":"<p>Proposta em tramita\u00e7\u00e3o na Assembleia Legislativa amplia o alcance do Alerta para Resgate de Pessoas e ser\u00e1 analisada pelos deputados nesta segunda-feira (3). Projeto amplia alcance do alerta A Assembleia Legislativa do Paran\u00e1 (Alep) analisa nesta segunda-feira (3) um projeto de lei que amplia o alcance do Alerta para Resgate de Pessoas (ARP). A proposta [&hellip;]<\/p>\n","protected":false},"author":16,"featured_media":5742,"comment_status":"open","ping_status":"open","sticky":false,"template":"","format":"standard","meta":{"footnotes":""},"categories":[328],"tags":[1189,1452,1451,646,47,1454,1029,77,1453,316],"class_list":["post-5741","post","type-post","status-publish","format-standard","has-post-thumbnail","hentry","category-parana","tag-autismo","tag-alerta-para-resgate-de-pessoas","tag-assembleia-legislativa","tag-desaparecidos","tag-destaque","tag-idosos","tag-joao-gabriel","tag-parana","tag-pessoas-com-deficiencia","tag-seguranca-publica"],"yoast_head":"<!-- This site is optimized with the Yoast SEO plugin v28.1 - https:\/\/yoast.com\/product\/yoast-seo-wordpress\/ -->\n<title>Ap\u00f3s morte de Jo\u00e3o Gabriel, projeto pode ampliar alerta para idosos, autistas e pessoas com defici\u00eancia no Paran\u00e1 - Mz Not\u00edcias<\/title>\n<meta name=\"description\" content=\"Assembleia Legislativa do Paran\u00e1 analisa projeto que amplia o Alerta para Resgate de Pessoas para idosos, autistas e pessoas com defici\u00eancia ap\u00f3s o caso Jo\u00e3o Gabriel.\" \/>\n<meta name=\"robots\" content=\"index, follow, max-snippet:-1, max-image-preview:large, max-video-preview:-1\" \/>\n<link rel=\"canonical\" href=\"https:\/\/mznoticia.com.br\/jaguariaiva\/apos-morte-de-joao-gabriel-projeto-pode-ampliar-alerta-para-idosos-autistas-e-pessoas-com-deficiencia-no-parana\/\" \/>\n<meta property=\"og:locale\" content=\"pt_BR\" \/>\n<meta property=\"og:type\" content=\"article\" \/>\n<meta property=\"og:title\" content=\"Ap\u00f3s morte de Jo\u00e3o Gabriel, projeto pode ampliar alerta para idosos, autistas e pessoas com defici\u00eancia no Paran\u00e1 - Mz Not\u00edcias\" \/>\n<meta property=\"og:description\" content=\"Assembleia Legislativa do Paran\u00e1 analisa projeto que amplia o Alerta para Resgate de Pessoas para idosos, autistas e pessoas com defici\u00eancia ap\u00f3s o caso Jo\u00e3o Gabriel.\" \/>\n<meta property=\"og:url\" content=\"https:\/\/mznoticia.com.br\/jaguariaiva\/apos-morte-de-joao-gabriel-projeto-pode-ampliar-alerta-para-idosos-autistas-e-pessoas-com-deficiencia-no-parana\/\" \/>\n<meta property=\"og:site_name\" content=\"Mz Not\u00edcias\" \/>\n<meta property=\"article:publisher\" content=\"https:\/\/www.facebook.com\/profile.php?id=61573479951222\" \/>\n<meta property=\"article:published_time\" content=\"2026-08-03T12:43:43+00:00\" \/>\n<meta property=\"og:image\" content=\"https:\/\/mznoticia.com.br\/jaguariaiva\/wp-content\/uploads\/2026\/08\/bombe.jpeg\" \/>\n\t<meta property=\"og:image:width\" content=\"1600\" \/>\n\t<meta property=\"og:image:height\" content=\"1200\" \/>\n\t<meta property=\"og:image:type\" content=\"image\/jpeg\" \/>\n<meta name=\"author\" content=\"Redacao mz\" \/>\n<meta name=\"twitter:card\" content=\"summary_large_image\" \/>\n<meta name=\"twitter:label1\" content=\"Escrito por\" \/>\n\t<meta name=\"twitter:data1\" content=\"Redacao mz\" \/>\n\t<meta name=\"twitter:label2\" content=\"Est. tempo de leitura\" \/>\n\t<meta name=\"twitter:data2\" content=\"3 minutos\" \/>\n<script type=\"application\/ld+json\" class=\"yoast-schema-graph\">{\"@context\":\"https:\\\/\\\/schema.org\",\"@graph\":[{\"@type\":\"Article\",\"@id\":\"https:\\\/\\\/mznoticia.com.br\\\/jaguariaiva\\\/apos-morte-de-joao-gabriel-projeto-pode-ampliar-alerta-para-idosos-autistas-e-pessoas-com-deficiencia-no-parana\\\/#article\",\"isPartOf\":{\"@id\":\"https:\\\/\\\/mznoticia.com.br\\\/jaguariaiva\\\/apos-morte-de-joao-gabriel-projeto-pode-ampliar-alerta-para-idosos-autistas-e-pessoas-com-deficiencia-no-parana\\\/\"},\"author\":{\"name\":\"Redacao mz\",\"@id\":\"https:\\\/\\\/mznoticia.com.br\\\/jaguariaiva\\\/#\\\/schema\\\/person\\\/84012d827247b3f42f37b550da79cd03\"},\"headline\":\"Ap\u00f3s morte de Jo\u00e3o Gabriel, projeto pode ampliar alerta para idosos, autistas e pessoas com defici\u00eancia no Paran\u00e1\",\"datePublished\":\"2026-08-03T12:43:43+00:00\",\"mainEntityOfPage\":{\"@id\":\"https:\\\/\\\/mznoticia.com.br\\\/jaguariaiva\\\/apos-morte-de-joao-gabriel-projeto-pode-ampliar-alerta-para-idosos-autistas-e-pessoas-com-deficiencia-no-parana\\\/\"},\"wordCount\":386,\"commentCount\":0,\"publisher\":{\"@id\":\"https:\\\/\\\/mznoticia.com.br\\\/jaguariaiva\\\/#organization\"},\"image\":{\"@id\":\"https:\\\/\\\/mznoticia.com.br\\\/jaguariaiva\\\/apos-morte-de-joao-gabriel-projeto-pode-ampliar-alerta-para-idosos-autistas-e-pessoas-com-deficiencia-no-parana\\\/#primaryimage\"},\"thumbnailUrl\":\"https:\\\/\\\/mznoticia.com.br\\\/jaguariaiva\\\/wp-content\\\/uploads\\\/2026\\\/08\\\/bombe.jpeg\",\"keywords\":[\"#Autismo\",\"Alerta para Resgate de Pessoas\",\"Assembleia Legislativa\",\"Desaparecidos\",\"destaque\",\"Idosos\",\"Jo\u00e3o Gabriel\",\"parana\",\"Pessoas com Defici\u00eancia\",\"Seguran\u00e7a P\u00fablica\"],\"articleSection\":[\"Paran\u00e1\"],\"inLanguage\":\"pt-BR\",\"potentialAction\":[{\"@type\":\"CommentAction\",\"name\":\"Comment\",\"target\":[\"https:\\\/\\\/mznoticia.com.br\\\/jaguariaiva\\\/apos-morte-de-joao-gabriel-projeto-pode-ampliar-alerta-para-idosos-autistas-e-pessoas-com-deficiencia-no-parana\\\/#respond\"]}]},{\"@type\":\"WebPage\",\"@id\":\"https:\\\/\\\/mznoticia.com.br\\\/jaguariaiva\\\/apos-morte-de-joao-gabriel-projeto-pode-ampliar-alerta-para-idosos-autistas-e-pessoas-com-deficiencia-no-parana\\\/\",\"url\":\"https:\\\/\\\/mznoticia.com.br\\\/jaguariaiva\\\/apos-morte-de-joao-gabriel-projeto-pode-ampliar-alerta-para-idosos-autistas-e-pessoas-com-deficiencia-no-parana\\\/\",\"name\":\"Ap\u00f3s morte de Jo\u00e3o Gabriel, projeto pode ampliar alerta para idosos, autistas e pessoas com defici\u00eancia no Paran\u00e1 - Mz Not\u00edcias\",\"isPartOf\":{\"@id\":\"https:\\\/\\\/mznoticia.com.br\\\/jaguariaiva\\\/#website\"},\"primaryImageOfPage\":{\"@id\":\"https:\\\/\\\/mznoticia.com.br\\\/jaguariaiva\\\/apos-morte-de-joao-gabriel-projeto-pode-ampliar-alerta-para-idosos-autistas-e-pessoas-com-deficiencia-no-parana\\\/#primaryimage\"},\"image\":{\"@id\":\"https:\\\/\\\/mznoticia.com.br\\\/jaguariaiva\\\/apos-morte-de-joao-gabriel-projeto-pode-ampliar-alerta-para-idosos-autistas-e-pessoas-com-deficiencia-no-parana\\\/#primaryimage\"},\"thumbnailUrl\":\"https:\\\/\\\/mznoticia.com.br\\\/jaguariaiva\\\/wp-content\\\/uploads\\\/2026\\\/08\\\/bombe.jpeg\",\"datePublished\":\"2026-08-03T12:43:43+00:00\",\"description\":\"Assembleia Legislativa do Paran\u00e1 analisa projeto que amplia o Alerta para Resgate de Pessoas para idosos, autistas e pessoas com defici\u00eancia ap\u00f3s o caso Jo\u00e3o Gabriel.\",\"breadcrumb\":{\"@id\":\"https:\\\/\\\/mznoticia.com.br\\\/jaguariaiva\\\/apos-morte-de-joao-gabriel-projeto-pode-ampliar-alerta-para-idosos-autistas-e-pessoas-com-deficiencia-no-parana\\\/#breadcrumb\"},\"inLanguage\":\"pt-BR\",\"potentialAction\":[{\"@type\":\"ReadAction\",\"target\":[\"https:\\\/\\\/mznoticia.com.br\\\/jaguariaiva\\\/apos-morte-de-joao-gabriel-projeto-pode-ampliar-alerta-para-idosos-autistas-e-pessoas-com-deficiencia-no-parana\\\/\"]}]},{\"@type\":\"ImageObject\",\"inLanguage\":\"pt-BR\",\"@id\":\"https:\\\/\\\/mznoticia.com.br\\\/jaguariaiva\\\/apos-morte-de-joao-gabriel-projeto-pode-ampliar-alerta-para-idosos-autistas-e-pessoas-com-deficiencia-no-parana\\\/#primaryimage\",\"url\":\"https:\\\/\\\/mznoticia.com.br\\\/jaguariaiva\\\/wp-content\\\/uploads\\\/2026\\\/08\\\/bombe.jpeg\",\"contentUrl\":\"https:\\\/\\\/mznoticia.com.br\\\/jaguariaiva\\\/wp-content\\\/uploads\\\/2026\\\/08\\\/bombe.jpeg\",\"width\":1600,\"height\":1200},{\"@type\":\"BreadcrumbList\",\"@id\":\"https:\\\/\\\/mznoticia.com.br\\\/jaguariaiva\\\/apos-morte-de-joao-gabriel-projeto-pode-ampliar-alerta-para-idosos-autistas-e-pessoas-com-deficiencia-no-parana\\\/#breadcrumb\",\"itemListElement\":[{\"@type\":\"ListItem\",\"position\":1,\"name\":\"Home\",\"item\":\"https:\\\/\\\/mznoticia.com.br\\\/jaguariaiva\\\/\"},{\"@type\":\"ListItem\",\"position\":2,\"name\":\"Ap\u00f3s morte de Jo\u00e3o Gabriel, projeto pode ampliar alerta para idosos, autistas e pessoas com defici\u00eancia no Paran\u00e1\"}]},{\"@type\":\"WebSite\",\"@id\":\"https:\\\/\\\/mznoticia.com.br\\\/jaguariaiva\\\/#website\",\"url\":\"https:\\\/\\\/mznoticia.com.br\\\/jaguariaiva\\\/\",\"name\":\"Mz Not\u00edcia\",\"description\":\"A informa\u00e7\u00e3o que voc\u00ea precisa na hora certa!\",\"publisher\":{\"@id\":\"https:\\\/\\\/mznoticia.com.br\\\/jaguariaiva\\\/#organization\"},\"potentialAction\":[{\"@type\":\"SearchAction\",\"target\":{\"@type\":\"EntryPoint\",\"urlTemplate\":\"https:\\\/\\\/mznoticia.com.br\\\/jaguariaiva\\\/?s={search_term_string}\"},\"query-input\":{\"@type\":\"PropertyValueSpecification\",\"valueRequired\":true,\"valueName\":\"search_term_string\"}}],\"inLanguage\":\"pt-BR\"},{\"@type\":\"Organization\",\"@id\":\"https:\\\/\\\/mznoticia.com.br\\\/jaguariaiva\\\/#organization\",\"name\":\"Mz Not\u00edcia\",\"url\":\"https:\\\/\\\/mznoticia.com.br\\\/jaguariaiva\\\/\",\"logo\":{\"@type\":\"ImageObject\",\"inLanguage\":\"pt-BR\",\"@id\":\"https:\\\/\\\/mznoticia.com.br\\\/jaguariaiva\\\/#\\\/schema\\\/logo\\\/image\\\/\",\"url\":\"https:\\\/\\\/mznoticia.com.br\\\/jaguariaiva\\\/wp-content\\\/uploads\\\/2025\\\/03\\\/Design-sem-nome-4-e1741200616392.png\",\"contentUrl\":\"https:\\\/\\\/mznoticia.com.br\\\/jaguariaiva\\\/wp-content\\\/uploads\\\/2025\\\/03\\\/Design-sem-nome-4-e1741200616392.png\",\"width\":750,\"height\":563,\"caption\":\"Mz Not\u00edcia\"},\"image\":{\"@id\":\"https:\\\/\\\/mznoticia.com.br\\\/jaguariaiva\\\/#\\\/schema\\\/logo\\\/image\\\/\"},\"sameAs\":[\"https:\\\/\\\/www.facebook.com\\\/profile.php?id=61573479951222\",\"https:\\\/\\\/www.instagram.com\\\/mz.jaguariaiva\\\/\"]},{\"@type\":\"Person\",\"@id\":\"https:\\\/\\\/mznoticia.com.br\\\/jaguariaiva\\\/#\\\/schema\\\/person\\\/84012d827247b3f42f37b550da79cd03\",\"name\":\"Redacao mz\",\"image\":{\"@type\":\"ImageObject\",\"inLanguage\":\"pt-BR\",\"@id\":\"https:\\\/\\\/mznoticia.com.br\\\/jaguariaiva\\\/wp-content\\\/uploads\\\/2025\\\/02\\\/mznoticia_jaguariaiva_coluna-150x150.png\",\"url\":\"https:\\\/\\\/mznoticia.com.br\\\/jaguariaiva\\\/wp-content\\\/uploads\\\/2025\\\/02\\\/mznoticia_jaguariaiva_coluna-150x150.png\",\"contentUrl\":\"https:\\\/\\\/mznoticia.com.br\\\/jaguariaiva\\\/wp-content\\\/uploads\\\/2025\\\/02\\\/mznoticia_jaguariaiva_coluna-150x150.png\",\"caption\":\"Redacao mz\"},\"sameAs\":[\"http:\\\/\\\/mznoticia.com.br\"],\"url\":\"https:\\\/\\\/mznoticia.com.br\\\/jaguariaiva\\\/author\\\/lucimara\\\/\"}]}<\/script>\n<!-- \/ Yoast SEO plugin. -->","yoast_head_json":{"title":"Ap\u00f3s morte de Jo\u00e3o Gabriel, projeto pode ampliar alerta para idosos, autistas e pessoas com defici\u00eancia no Paran\u00e1 - Mz Not\u00edcias","description":"Assembleia Legislativa do Paran\u00e1 analisa projeto que amplia o Alerta para Resgate de Pessoas para idosos, autistas e pessoas com defici\u00eancia ap\u00f3s o caso Jo\u00e3o Gabriel.","robots":{"index":"index","follow":"follow","max-snippet":"max-snippet:-1","max-image-preview":"max-image-preview:large","max-video-preview":"max-video-preview:-1"},"canonical":"https:\/\/mznoticia.com.br\/jaguariaiva\/apos-morte-de-joao-gabriel-projeto-pode-ampliar-alerta-para-idosos-autistas-e-pessoas-com-deficiencia-no-parana\/","og_locale":"pt_BR","og_type":"article","og_title":"Ap\u00f3s morte de Jo\u00e3o Gabriel, projeto pode ampliar alerta para idosos, autistas e pessoas com defici\u00eancia no Paran\u00e1 - Mz Not\u00edcias","og_description":"Assembleia Legislativa do Paran\u00e1 analisa projeto que amplia o Alerta para Resgate de Pessoas para idosos, autistas e pessoas com defici\u00eancia ap\u00f3s o caso Jo\u00e3o Gabriel.","og_url":"https:\/\/mznoticia.com.br\/jaguariaiva\/apos-morte-de-joao-gabriel-projeto-pode-ampliar-alerta-para-idosos-autistas-e-pessoas-com-deficiencia-no-parana\/","og_site_name":"Mz Not\u00edcias","article_publisher":"https:\/\/www.facebook.com\/profile.php?id=61573479951222","article_published_time":"2026-08-03T12:43:43+00:00","og_image":[{"width":1600,"height":1200,"url":"https:\/\/mznoticia.com.br\/jaguariaiva\/wp-content\/uploads\/2026\/08\/bombe.jpeg","type":"image\/jpeg"}],"author":"Redacao mz","twitter_card":"summary_large_image","twitter_misc":{"Escrito por":"Redacao mz","Est. tempo de leitura":"3 minutos"},"schema":{"@context":"https:\/\/schema.org","@graph":[{"@type":"Article","@id":"https:\/\/mznoticia.com.br\/jaguariaiva\/apos-morte-de-joao-gabriel-projeto-pode-ampliar-alerta-para-idosos-autistas-e-pessoas-com-deficiencia-no-parana\/#article","isPartOf":{"@id":"https:\/\/mznoticia.com.br\/jaguariaiva\/apos-morte-de-joao-gabriel-projeto-pode-ampliar-alerta-para-idosos-autistas-e-pessoas-com-deficiencia-no-parana\/"},"author":{"name":"Redacao mz","@id":"https:\/\/mznoticia.com.br\/jaguariaiva\/#\/schema\/person\/84012d827247b3f42f37b550da79cd03"},"headline":"Ap\u00f3s morte de Jo\u00e3o Gabriel, projeto pode ampliar alerta para idosos, autistas e pessoas com defici\u00eancia no Paran\u00e1","datePublished":"2026-08-03T12:43:43+00:00","mainEntityOfPage":{"@id":"https:\/\/mznoticia.com.br\/jaguariaiva\/apos-morte-de-joao-gabriel-projeto-pode-ampliar-alerta-para-idosos-autistas-e-pessoas-com-deficiencia-no-parana\/"},"wordCount":386,"commentCount":0,"publisher":{"@id":"https:\/\/mznoticia.com.br\/jaguariaiva\/#organization"},"image":{"@id":"https:\/\/mznoticia.com.br\/jaguariaiva\/apos-morte-de-joao-gabriel-projeto-pode-ampliar-alerta-para-idosos-autistas-e-pessoas-com-deficiencia-no-parana\/#primaryimage"},"thumbnailUrl":"https:\/\/mznoticia.com.br\/jaguariaiva\/wp-content\/uploads\/2026\/08\/bombe.jpeg","keywords":["#Autismo","Alerta para Resgate de Pessoas","Assembleia Legislativa","Desaparecidos","destaque","Idosos","Jo\u00e3o Gabriel","parana","Pessoas com Defici\u00eancia","Seguran\u00e7a P\u00fablica"],"articleSection":["Paran\u00e1"],"inLanguage":"pt-BR","potentialAction":[{"@type":"CommentAction","name":"Comment","target":["https:\/\/mznoticia.com.br\/jaguariaiva\/apos-morte-de-joao-gabriel-projeto-pode-ampliar-alerta-para-idosos-autistas-e-pessoas-com-deficiencia-no-parana\/#respond"]}]},{"@type":"WebPage","@id":"https:\/\/mznoticia.com.br\/jaguariaiva\/apos-morte-de-joao-gabriel-projeto-pode-ampliar-alerta-para-idosos-autistas-e-pessoas-com-deficiencia-no-parana\/","url":"https:\/\/mznoticia.com.br\/jaguariaiva\/apos-morte-de-joao-gabriel-projeto-pode-ampliar-alerta-para-idosos-autistas-e-pessoas-com-deficiencia-no-parana\/","name":"Ap\u00f3s morte de Jo\u00e3o Gabriel, projeto pode ampliar alerta para idosos, autistas e pessoas com defici\u00eancia no Paran\u00e1 - Mz Not\u00edcias","isPartOf":{"@id":"https:\/\/mznoticia.com.br\/jaguariaiva\/#website"},"primaryImageOfPage":{"@id":"https:\/\/mznoticia.com.br\/jaguariaiva\/apos-morte-de-joao-gabriel-projeto-pode-ampliar-alerta-para-idosos-autistas-e-pessoas-com-deficiencia-no-parana\/#primaryimage"},"image":{"@id":"https:\/\/mznoticia.com.br\/jaguariaiva\/apos-morte-de-joao-gabriel-projeto-pode-ampliar-alerta-para-idosos-autistas-e-pessoas-com-deficiencia-no-parana\/#primaryimage"},"thumbnailUrl":"https:\/\/mznoticia.com.br\/jaguariaiva\/wp-content\/uploads\/2026\/08\/bombe.jpeg","datePublished":"2026-08-03T12:43:43+00:00","description":"Assembleia Legislativa do Paran\u00e1 analisa projeto que amplia o Alerta para Resgate de Pessoas para idosos, autistas e pessoas com defici\u00eancia ap\u00f3s o caso Jo\u00e3o Gabriel.","breadcrumb":{"@id":"https:\/\/mznoticia.com.br\/jaguariaiva\/apos-morte-de-joao-gabriel-projeto-pode-ampliar-alerta-para-idosos-autistas-e-pessoas-com-deficiencia-no-parana\/#breadcrumb"},"inLanguage":"pt-BR","potentialAction":[{"@type":"ReadAction","target":["https:\/\/mznoticia.com.br\/jaguariaiva\/apos-morte-de-joao-gabriel-projeto-pode-ampliar-alerta-para-idosos-autistas-e-pessoas-com-deficiencia-no-parana\/"]}]},{"@type":"ImageObject","inLanguage":"pt-BR","@id":"https:\/\/mznoticia.com.br\/jaguariaiva\/apos-morte-de-joao-gabriel-projeto-pode-ampliar-alerta-para-idosos-autistas-e-pessoas-com-deficiencia-no-parana\/#primaryimage","url":"https:\/\/mznoticia.com.br\/jaguariaiva\/wp-content\/uploads\/2026\/08\/bombe.jpeg","contentUrl":"https:\/\/mznoticia.com.br\/jaguariaiva\/wp-content\/uploads\/2026\/08\/bombe.jpeg","width":1600,"height":1200},{"@type":"BreadcrumbList","@id":"https:\/\/mznoticia.com.br\/jaguariaiva\/apos-morte-de-joao-gabriel-projeto-pode-ampliar-alerta-para-idosos-autistas-e-pessoas-com-deficiencia-no-parana\/#breadcrumb","itemListElement":[{"@type":"ListItem","position":1,"name":"Home","item":"https:\/\/mznoticia.com.br\/jaguariaiva\/"},{"@type":"ListItem","position":2,"name":"Ap\u00f3s morte de Jo\u00e3o Gabriel, projeto pode ampliar alerta para idosos, autistas e pessoas com defici\u00eancia no Paran\u00e1"}]},{"@type":"WebSite","@id":"https:\/\/mznoticia.com.br\/jaguariaiva\/#website","url":"https:\/\/mznoticia.com.br\/jaguariaiva\/","name":"Mz Not\u00edcia","description":"A informa\u00e7\u00e3o que voc\u00ea precisa na hora certa!","publisher":{"@id":"https:\/\/mznoticia.com.br\/jaguariaiva\/#organization"},"potentialAction":[{"@type":"SearchAction","target":{"@type":"EntryPoint","urlTemplate":"https:\/\/mznoticia.com.br\/jaguariaiva\/?s={search_term_string}"},"query-input":{"@type":"PropertyValueSpecification","valueRequired":true,"valueName":"search_term_string"}}],"inLanguage":"pt-BR"},{"@type":"Organization","@id":"https:\/\/mznoticia.com.br\/jaguariaiva\/#organization","name":"Mz Not\u00edcia","url":"https:\/\/mznoticia.com.br\/jaguariaiva\/","logo":{"@type":"ImageObject","inLanguage":"pt-BR","@id":"https:\/\/mznoticia.com.br\/jaguariaiva\/#\/schema\/logo\/image\/","url":"https:\/\/mznoticia.com.br\/jaguariaiva\/wp-content\/uploads\/2025\/03\/Design-sem-nome-4-e1741200616392.png","contentUrl":"https:\/\/mznoticia.com.br\/jaguariaiva\/wp-content\/uploads\/2025\/03\/Design-sem-nome-4-e1741200616392.png","width":750,"height":563,"caption":"Mz Not\u00edcia"},"image":{"@id":"https:\/\/mznoticia.com.br\/jaguariaiva\/#\/schema\/logo\/image\/"},"sameAs":["https:\/\/www.facebook.com\/profile.php?id=61573479951222","https:\/\/www.instagram.com\/mz.jaguariaiva\/"]},{"@type":"Person","@id":"https:\/\/mznoticia.com.br\/jaguariaiva\/#\/schema\/person\/84012d827247b3f42f37b550da79cd03","name":"Redacao mz","image":{"@type":"ImageObject","inLanguage":"pt-BR","@id":"https:\/\/mznoticia.com.br\/jaguariaiva\/wp-content\/uploads\/2025\/02\/mznoticia_jaguariaiva_coluna-150x150.png","url":"https:\/\/mznoticia.com.br\/jaguariaiva\/wp-content\/uploads\/2025\/02\/mznoticia_jaguariaiva_coluna-150x150.png","contentUrl":"https:\/\/mznoticia.com.br\/jaguariaiva\/wp-content\/uploads\/2025\/02\/mznoticia_jaguariaiva_coluna-150x150.png","caption":"Redacao mz"},"sameAs":["http:\/\/mznoticia.com.br"],"url":"https:\/\/mznoticia.com.br\/jaguariaiva\/author\/lucimara\/"}]}},"_links":{"self":[{"href":"https:\/\/mznoticia.com.br\/jaguariaiva\/wp-json\/wp\/v2\/posts\/5741","targetHints":{"allow":["GET"]}}],"collection":[{"href":"https:\/\/mznoticia.com.br\/jaguariaiva\/wp-json\/wp\/v2\/posts"}],"about":[{"href":"https:\/\/mznoticia.com.br\/jaguariaiva\/wp-json\/wp\/v2\/types\/post"}],"author":[{"embeddable":true,"href":"https:\/\/mznoticia.com.br\/jaguariaiva\/wp-json\/wp\/v2\/users\/16"}],"replies":[{"embeddable":true,"href":"https:\/\/mznoticia.com.br\/jaguariaiva\/wp-json\/wp\/v2\/comments?post=5741"}],"version-history":[{"count":1,"href":"https:\/\/mznoticia.com.br\/jaguariaiva\/wp-json\/wp\/v2\/posts\/5741\/revisions"}],"predecessor-version":[{"id":5743,"href":"https:\/\/mznoticia.com.br\/jaguariaiva\/wp-json\/wp\/v2\/posts\/5741\/revisions\/5743"}],"wp:featuredmedia":[{"embeddable":true,"href":"https:\/\/mznoticia.com.br\/jaguariaiva\/wp-json\/wp\/v2\/media\/5742"}],"wp:attachment":[{"href":"https:\/\/mznoticia.com.br\/jaguariaiva\/wp-json\/wp\/v2\/media?parent=5741"}],"wp:term":[{"taxonomy":"category","embeddable":true,"href":"https:\/\/mznoticia.com.br\/jaguariaiva\/wp-json\/wp\/v2\/categories?post=5741"},{"taxonomy":"post_tag","embeddable":true,"href":"https:\/\/mznoticia.com.br\/jaguariaiva\/wp-json\/wp\/v2\/tags?post=5741"}],"curies":[{"name":"wp","href":"https:\/\/api.w.org\/{rel}","templated":true}]}}