{"id":5762,"date":"2026-08-03T16:18:19","date_gmt":"2026-08-03T16:18:19","guid":{"rendered":"https:\/\/mznoticia.com.br\/jaguariaiva\/?p=5762"},"modified":"2026-08-03T16:18:19","modified_gmt":"2026-08-03T16:18:19","slug":"prf-prende-homem-procurado-por-estupro-de-vulneravel-durante-fiscalizacao-na-br-116-em-colombo","status":"publish","type":"post","link":"https:\/\/mznoticia.com.br\/jaguariaiva\/prf-prende-homem-procurado-por-estupro-de-vulneravel-durante-fiscalizacao-na-br-116-em-colombo\/","title":{"rendered":"PRF prende homem procurado por estupro de vulner\u00e1vel durante fiscaliza\u00e7\u00e3o na BR-116, em Colombo"},"content":{"rendered":"<p class=\"isSelectedEnd\">Mandado de pris\u00e3o foi cumprido durante abordagem de rotina na BR-116. Suspeito foi encaminhado \u00e0 Cadeia P\u00fablica de Curitiba.<\/p>\n<h2><strong>Mandado foi cumprido durante fiscaliza\u00e7\u00e3o<\/strong><\/h2>\n<p class=\"isSelectedEnd\">A Pol\u00edcia Rodovi\u00e1ria Federal (PRF) cumpriu, na manh\u00e3 desta segunda-feira (3), um mandado de pris\u00e3o durante uma fiscaliza\u00e7\u00e3o de rotina no quil\u00f4metro 15 da BR-116, em Colombo, na Regi\u00e3o Metropolitana de Curitiba.<\/p>\n<p class=\"isSelectedEnd\">Durante a abordagem a um ve\u00edculo, os policiais realizaram consultas aos sistemas de seguran\u00e7a e constataram que o condutor, de 35 anos, era procurado pela Justi\u00e7a.<\/p>\n<h2><strong>Ordem judicial havia sido expedida na semana passada<\/strong><\/h2>\n<p class=\"isSelectedEnd\">De acordo com a PRF, o mandado de pris\u00e3o foi expedido na \u00faltima quinta-feira (30) pela 1\u00aa Vara Criminal da Comarca de Colombo, do Tribunal de Justi\u00e7a do Paran\u00e1 (TJPR), em raz\u00e3o do crime de estupro de vulner\u00e1vel.<\/p>\n<h2><strong>Suspeito foi encaminhado \u00e0 Cadeia P\u00fablica<\/strong><\/h2>\n<p>Ap\u00f3s a confirma\u00e7\u00e3o do mandado, o homem recebeu voz de pris\u00e3o e foi encaminhado \u00e0 Cadeia P\u00fablica de Curitiba, onde permanece \u00e0 disposi\u00e7\u00e3o da Justi\u00e7a para os procedimentos legais.<\/p>\n","protected":false},"excerpt":{"rendered":"<p>Mandado de pris\u00e3o foi cumprido durante abordagem de rotina na BR-116. Suspeito foi encaminhado \u00e0 Cadeia P\u00fablica de Curitiba. Mandado foi cumprido durante fiscaliza\u00e7\u00e3o A Pol\u00edcia Rodovi\u00e1ria Federal (PRF) cumpriu, na manh\u00e3 desta segunda-feira (3), um mandado de pris\u00e3o durante uma fiscaliza\u00e7\u00e3o de rotina no quil\u00f4metro 15 da BR-116, em Colombo, na Regi\u00e3o Metropolitana de [&hellip;]<\/p>\n","protected":false},"author":16,"featured_media":5763,"comment_status":"open","ping_status":"open","sticky":false,"template":"","format":"standard","meta":{"footnotes":""},"categories":[328],"tags":[906,1479,1478,202,391,77,1003,495,650],"class_list":["post-5762","post","type-post","status-publish","format-standard","has-post-thumbnail","hentry","category-parana","tag-br-116","tag-cadeia-publica-de-curitiba","tag-colombo","tag-estupro-de-vulneravel","tag-justica","tag-parana","tag-policia-rodoviaria-federal","tag-prf","tag-prisao"],"yoast_head":"<!-- This site is optimized with the Yoast SEO plugin v28.1 - https:\/\/yoast.com\/product\/yoast-seo-wordpress\/ -->\n<title>PRF prende homem procurado por estupro de vulner\u00e1vel durante fiscaliza\u00e7\u00e3o na BR-116, em Colombo - Mz Not\u00edcias<\/title>\n<meta name=\"description\" content=\"PRF prende homem de 35 anos procurado por estupro de vulner\u00e1vel durante fiscaliza\u00e7\u00e3o na BR-116, em Colombo. Suspeito foi levado \u00e0 Cadeia P\u00fablica de Curitiba.\" \/>\n<meta name=\"robots\" content=\"index, follow, max-snippet:-1, max-image-preview:large, max-video-preview:-1\" \/>\n<link rel=\"canonical\" href=\"https:\/\/mznoticia.com.br\/jaguariaiva\/prf-prende-homem-procurado-por-estupro-de-vulneravel-durante-fiscalizacao-na-br-116-em-colombo\/\" \/>\n<meta property=\"og:locale\" content=\"pt_BR\" \/>\n<meta property=\"og:type\" content=\"article\" \/>\n<meta property=\"og:title\" content=\"PRF prende homem procurado por estupro de vulner\u00e1vel durante fiscaliza\u00e7\u00e3o na BR-116, em Colombo - Mz Not\u00edcias\" \/>\n<meta property=\"og:description\" content=\"PRF prende homem de 35 anos procurado por estupro de vulner\u00e1vel durante fiscaliza\u00e7\u00e3o na BR-116, em Colombo. Suspeito foi levado \u00e0 Cadeia P\u00fablica de Curitiba.\" \/>\n<meta property=\"og:url\" content=\"https:\/\/mznoticia.com.br\/jaguariaiva\/prf-prende-homem-procurado-por-estupro-de-vulneravel-durante-fiscalizacao-na-br-116-em-colombo\/\" \/>\n<meta property=\"og:site_name\" content=\"Mz Not\u00edcias\" \/>\n<meta property=\"article:publisher\" content=\"https:\/\/www.facebook.com\/profile.php?id=61573479951222\" \/>\n<meta property=\"article:published_time\" content=\"2026-08-03T16:18:19+00:00\" \/>\n<meta property=\"og:image\" content=\"https:\/\/mznoticia.com.br\/jaguariaiva\/wp-content\/uploads\/2026\/08\/rodo.webp\" \/>\n\t<meta property=\"og:image:width\" content=\"1030\" \/>\n\t<meta property=\"og:image:height\" content=\"750\" \/>\n\t<meta property=\"og:image:type\" content=\"image\/webp\" \/>\n<meta name=\"author\" content=\"Redacao mz\" \/>\n<meta name=\"twitter:card\" content=\"summary_large_image\" \/>\n<meta name=\"twitter:label1\" content=\"Escrito por\" \/>\n\t<meta name=\"twitter:data1\" content=\"Redacao mz\" \/>\n\t<meta name=\"twitter:label2\" content=\"Est. tempo de leitura\" \/>\n\t<meta name=\"twitter:data2\" content=\"2 minutos\" \/>\n<script type=\"application\/ld+json\" class=\"yoast-schema-graph\">{\"@context\":\"https:\\\/\\\/schema.org\",\"@graph\":[{\"@type\":\"Article\",\"@id\":\"https:\\\/\\\/mznoticia.com.br\\\/jaguariaiva\\\/prf-prende-homem-procurado-por-estupro-de-vulneravel-durante-fiscalizacao-na-br-116-em-colombo\\\/#article\",\"isPartOf\":{\"@id\":\"https:\\\/\\\/mznoticia.com.br\\\/jaguariaiva\\\/prf-prende-homem-procurado-por-estupro-de-vulneravel-durante-fiscalizacao-na-br-116-em-colombo\\\/\"},\"author\":{\"name\":\"Redacao mz\",\"@id\":\"https:\\\/\\\/mznoticia.com.br\\\/jaguariaiva\\\/#\\\/schema\\\/person\\\/84012d827247b3f42f37b550da79cd03\"},\"headline\":\"PRF prende homem procurado por estupro de vulner\u00e1vel durante fiscaliza\u00e7\u00e3o na BR-116, em Colombo\",\"datePublished\":\"2026-08-03T16:18:19+00:00\",\"mainEntityOfPage\":{\"@id\":\"https:\\\/\\\/mznoticia.com.br\\\/jaguariaiva\\\/prf-prende-homem-procurado-por-estupro-de-vulneravel-durante-fiscalizacao-na-br-116-em-colombo\\\/\"},\"wordCount\":193,\"commentCount\":0,\"publisher\":{\"@id\":\"https:\\\/\\\/mznoticia.com.br\\\/jaguariaiva\\\/#organization\"},\"image\":{\"@id\":\"https:\\\/\\\/mznoticia.com.br\\\/jaguariaiva\\\/prf-prende-homem-procurado-por-estupro-de-vulneravel-durante-fiscalizacao-na-br-116-em-colombo\\\/#primaryimage\"},\"thumbnailUrl\":\"https:\\\/\\\/mznoticia.com.br\\\/jaguariaiva\\\/wp-content\\\/uploads\\\/2026\\\/08\\\/rodo.webp\",\"keywords\":[\"BR-116\",\"Cadeia P\u00fablica de Curitiba\",\"Colombo\",\"estupro de vulner\u00e1vel\",\"Justi\u00e7a\",\"parana\",\"Pol\u00edcia Rodovi\u00e1ria Federal\",\"PRF\",\"Pris\u00e3o\"],\"articleSection\":[\"Paran\u00e1\"],\"inLanguage\":\"pt-BR\",\"potentialAction\":[{\"@type\":\"CommentAction\",\"name\":\"Comment\",\"target\":[\"https:\\\/\\\/mznoticia.com.br\\\/jaguariaiva\\\/prf-prende-homem-procurado-por-estupro-de-vulneravel-durante-fiscalizacao-na-br-116-em-colombo\\\/#respond\"]}]},{\"@type\":\"WebPage\",\"@id\":\"https:\\\/\\\/mznoticia.com.br\\\/jaguariaiva\\\/prf-prende-homem-procurado-por-estupro-de-vulneravel-durante-fiscalizacao-na-br-116-em-colombo\\\/\",\"url\":\"https:\\\/\\\/mznoticia.com.br\\\/jaguariaiva\\\/prf-prende-homem-procurado-por-estupro-de-vulneravel-durante-fiscalizacao-na-br-116-em-colombo\\\/\",\"name\":\"PRF prende homem procurado por estupro de vulner\u00e1vel durante fiscaliza\u00e7\u00e3o na BR-116, em Colombo - Mz Not\u00edcias\",\"isPartOf\":{\"@id\":\"https:\\\/\\\/mznoticia.com.br\\\/jaguariaiva\\\/#website\"},\"primaryImageOfPage\":{\"@id\":\"https:\\\/\\\/mznoticia.com.br\\\/jaguariaiva\\\/prf-prende-homem-procurado-por-estupro-de-vulneravel-durante-fiscalizacao-na-br-116-em-colombo\\\/#primaryimage\"},\"image\":{\"@id\":\"https:\\\/\\\/mznoticia.com.br\\\/jaguariaiva\\\/prf-prende-homem-procurado-por-estupro-de-vulneravel-durante-fiscalizacao-na-br-116-em-colombo\\\/#primaryimage\"},\"thumbnailUrl\":\"https:\\\/\\\/mznoticia.com.br\\\/jaguariaiva\\\/wp-content\\\/uploads\\\/2026\\\/08\\\/rodo.webp\",\"datePublished\":\"2026-08-03T16:18:19+00:00\",\"description\":\"PRF prende homem de 35 anos procurado por estupro de vulner\u00e1vel durante fiscaliza\u00e7\u00e3o na BR-116, em Colombo. Suspeito foi levado \u00e0 Cadeia P\u00fablica de Curitiba.\",\"breadcrumb\":{\"@id\":\"https:\\\/\\\/mznoticia.com.br\\\/jaguariaiva\\\/prf-prende-homem-procurado-por-estupro-de-vulneravel-durante-fiscalizacao-na-br-116-em-colombo\\\/#breadcrumb\"},\"inLanguage\":\"pt-BR\",\"potentialAction\":[{\"@type\":\"ReadAction\",\"target\":[\"https:\\\/\\\/mznoticia.com.br\\\/jaguariaiva\\\/prf-prende-homem-procurado-por-estupro-de-vulneravel-durante-fiscalizacao-na-br-116-em-colombo\\\/\"]}]},{\"@type\":\"ImageObject\",\"inLanguage\":\"pt-BR\",\"@id\":\"https:\\\/\\\/mznoticia.com.br\\\/jaguariaiva\\\/prf-prende-homem-procurado-por-estupro-de-vulneravel-durante-fiscalizacao-na-br-116-em-colombo\\\/#primaryimage\",\"url\":\"https:\\\/\\\/mznoticia.com.br\\\/jaguariaiva\\\/wp-content\\\/uploads\\\/2026\\\/08\\\/rodo.webp\",\"contentUrl\":\"https:\\\/\\\/mznoticia.com.br\\\/jaguariaiva\\\/wp-content\\\/uploads\\\/2026\\\/08\\\/rodo.webp\",\"width\":1030,\"height\":750},{\"@type\":\"BreadcrumbList\",\"@id\":\"https:\\\/\\\/mznoticia.com.br\\\/jaguariaiva\\\/prf-prende-homem-procurado-por-estupro-de-vulneravel-durante-fiscalizacao-na-br-116-em-colombo\\\/#breadcrumb\",\"itemListElement\":[{\"@type\":\"ListItem\",\"position\":1,\"name\":\"Home\",\"item\":\"https:\\\/\\\/mznoticia.com.br\\\/jaguariaiva\\\/\"},{\"@type\":\"ListItem\",\"position\":2,\"name\":\"PRF prende homem procurado por estupro de vulner\u00e1vel durante fiscaliza\u00e7\u00e3o na BR-116, em Colombo\"}]},{\"@type\":\"WebSite\",\"@id\":\"https:\\\/\\\/mznoticia.com.br\\\/jaguariaiva\\\/#website\",\"url\":\"https:\\\/\\\/mznoticia.com.br\\\/jaguariaiva\\\/\",\"name\":\"Mz Not\u00edcia\",\"description\":\"A informa\u00e7\u00e3o que voc\u00ea precisa na hora certa!\",\"publisher\":{\"@id\":\"https:\\\/\\\/mznoticia.com.br\\\/jaguariaiva\\\/#organization\"},\"potentialAction\":[{\"@type\":\"SearchAction\",\"target\":{\"@type\":\"EntryPoint\",\"urlTemplate\":\"https:\\\/\\\/mznoticia.com.br\\\/jaguariaiva\\\/?s={search_term_string}\"},\"query-input\":{\"@type\":\"PropertyValueSpecification\",\"valueRequired\":true,\"valueName\":\"search_term_string\"}}],\"inLanguage\":\"pt-BR\"},{\"@type\":\"Organization\",\"@id\":\"https:\\\/\\\/mznoticia.com.br\\\/jaguariaiva\\\/#organization\",\"name\":\"Mz Not\u00edcia\",\"url\":\"https:\\\/\\\/mznoticia.com.br\\\/jaguariaiva\\\/\",\"logo\":{\"@type\":\"ImageObject\",\"inLanguage\":\"pt-BR\",\"@id\":\"https:\\\/\\\/mznoticia.com.br\\\/jaguariaiva\\\/#\\\/schema\\\/logo\\\/image\\\/\",\"url\":\"https:\\\/\\\/mznoticia.com.br\\\/jaguariaiva\\\/wp-content\\\/uploads\\\/2025\\\/03\\\/Design-sem-nome-4-e1741200616392.png\",\"contentUrl\":\"https:\\\/\\\/mznoticia.com.br\\\/jaguariaiva\\\/wp-content\\\/uploads\\\/2025\\\/03\\\/Design-sem-nome-4-e1741200616392.png\",\"width\":750,\"height\":563,\"caption\":\"Mz Not\u00edcia\"},\"image\":{\"@id\":\"https:\\\/\\\/mznoticia.com.br\\\/jaguariaiva\\\/#\\\/schema\\\/logo\\\/image\\\/\"},\"sameAs\":[\"https:\\\/\\\/www.facebook.com\\\/profile.php?id=61573479951222\",\"https:\\\/\\\/www.instagram.com\\\/mz.jaguariaiva\\\/\"]},{\"@type\":\"Person\",\"@id\":\"https:\\\/\\\/mznoticia.com.br\\\/jaguariaiva\\\/#\\\/schema\\\/person\\\/84012d827247b3f42f37b550da79cd03\",\"name\":\"Redacao mz\",\"image\":{\"@type\":\"ImageObject\",\"inLanguage\":\"pt-BR\",\"@id\":\"https:\\\/\\\/mznoticia.com.br\\\/jaguariaiva\\\/wp-content\\\/uploads\\\/2025\\\/02\\\/mznoticia_jaguariaiva_coluna-150x150.png\",\"url\":\"https:\\\/\\\/mznoticia.com.br\\\/jaguariaiva\\\/wp-content\\\/uploads\\\/2025\\\/02\\\/mznoticia_jaguariaiva_coluna-150x150.png\",\"contentUrl\":\"https:\\\/\\\/mznoticia.com.br\\\/jaguariaiva\\\/wp-content\\\/uploads\\\/2025\\\/02\\\/mznoticia_jaguariaiva_coluna-150x150.png\",\"caption\":\"Redacao mz\"},\"sameAs\":[\"http:\\\/\\\/mznoticia.com.br\"],\"url\":\"https:\\\/\\\/mznoticia.com.br\\\/jaguariaiva\\\/author\\\/lucimara\\\/\"}]}<\/script>\n<!-- \/ Yoast SEO plugin. -->","yoast_head_json":{"title":"PRF prende homem procurado por estupro de vulner\u00e1vel durante fiscaliza\u00e7\u00e3o na BR-116, em Colombo - Mz Not\u00edcias","description":"PRF prende homem de 35 anos procurado por estupro de vulner\u00e1vel durante fiscaliza\u00e7\u00e3o na BR-116, em Colombo. Suspeito foi levado \u00e0 Cadeia P\u00fablica de Curitiba.","robots":{"index":"index","follow":"follow","max-snippet":"max-snippet:-1","max-image-preview":"max-image-preview:large","max-video-preview":"max-video-preview:-1"},"canonical":"https:\/\/mznoticia.com.br\/jaguariaiva\/prf-prende-homem-procurado-por-estupro-de-vulneravel-durante-fiscalizacao-na-br-116-em-colombo\/","og_locale":"pt_BR","og_type":"article","og_title":"PRF prende homem procurado por estupro de vulner\u00e1vel durante fiscaliza\u00e7\u00e3o na BR-116, em Colombo - Mz Not\u00edcias","og_description":"PRF prende homem de 35 anos procurado por estupro de vulner\u00e1vel durante fiscaliza\u00e7\u00e3o na BR-116, em Colombo. Suspeito foi levado \u00e0 Cadeia P\u00fablica de Curitiba.","og_url":"https:\/\/mznoticia.com.br\/jaguariaiva\/prf-prende-homem-procurado-por-estupro-de-vulneravel-durante-fiscalizacao-na-br-116-em-colombo\/","og_site_name":"Mz Not\u00edcias","article_publisher":"https:\/\/www.facebook.com\/profile.php?id=61573479951222","article_published_time":"2026-08-03T16:18:19+00:00","og_image":[{"width":1030,"height":750,"url":"https:\/\/mznoticia.com.br\/jaguariaiva\/wp-content\/uploads\/2026\/08\/rodo.webp","type":"image\/webp"}],"author":"Redacao mz","twitter_card":"summary_large_image","twitter_misc":{"Escrito por":"Redacao mz","Est. tempo de leitura":"2 minutos"},"schema":{"@context":"https:\/\/schema.org","@graph":[{"@type":"Article","@id":"https:\/\/mznoticia.com.br\/jaguariaiva\/prf-prende-homem-procurado-por-estupro-de-vulneravel-durante-fiscalizacao-na-br-116-em-colombo\/#article","isPartOf":{"@id":"https:\/\/mznoticia.com.br\/jaguariaiva\/prf-prende-homem-procurado-por-estupro-de-vulneravel-durante-fiscalizacao-na-br-116-em-colombo\/"},"author":{"name":"Redacao mz","@id":"https:\/\/mznoticia.com.br\/jaguariaiva\/#\/schema\/person\/84012d827247b3f42f37b550da79cd03"},"headline":"PRF prende homem procurado por estupro de vulner\u00e1vel durante fiscaliza\u00e7\u00e3o na BR-116, em Colombo","datePublished":"2026-08-03T16:18:19+00:00","mainEntityOfPage":{"@id":"https:\/\/mznoticia.com.br\/jaguariaiva\/prf-prende-homem-procurado-por-estupro-de-vulneravel-durante-fiscalizacao-na-br-116-em-colombo\/"},"wordCount":193,"commentCount":0,"publisher":{"@id":"https:\/\/mznoticia.com.br\/jaguariaiva\/#organization"},"image":{"@id":"https:\/\/mznoticia.com.br\/jaguariaiva\/prf-prende-homem-procurado-por-estupro-de-vulneravel-durante-fiscalizacao-na-br-116-em-colombo\/#primaryimage"},"thumbnailUrl":"https:\/\/mznoticia.com.br\/jaguariaiva\/wp-content\/uploads\/2026\/08\/rodo.webp","keywords":["BR-116","Cadeia P\u00fablica de Curitiba","Colombo","estupro de vulner\u00e1vel","Justi\u00e7a","parana","Pol\u00edcia Rodovi\u00e1ria Federal","PRF","Pris\u00e3o"],"articleSection":["Paran\u00e1"],"inLanguage":"pt-BR","potentialAction":[{"@type":"CommentAction","name":"Comment","target":["https:\/\/mznoticia.com.br\/jaguariaiva\/prf-prende-homem-procurado-por-estupro-de-vulneravel-durante-fiscalizacao-na-br-116-em-colombo\/#respond"]}]},{"@type":"WebPage","@id":"https:\/\/mznoticia.com.br\/jaguariaiva\/prf-prende-homem-procurado-por-estupro-de-vulneravel-durante-fiscalizacao-na-br-116-em-colombo\/","url":"https:\/\/mznoticia.com.br\/jaguariaiva\/prf-prende-homem-procurado-por-estupro-de-vulneravel-durante-fiscalizacao-na-br-116-em-colombo\/","name":"PRF prende homem procurado por estupro de vulner\u00e1vel durante fiscaliza\u00e7\u00e3o na BR-116, em Colombo - Mz Not\u00edcias","isPartOf":{"@id":"https:\/\/mznoticia.com.br\/jaguariaiva\/#website"},"primaryImageOfPage":{"@id":"https:\/\/mznoticia.com.br\/jaguariaiva\/prf-prende-homem-procurado-por-estupro-de-vulneravel-durante-fiscalizacao-na-br-116-em-colombo\/#primaryimage"},"image":{"@id":"https:\/\/mznoticia.com.br\/jaguariaiva\/prf-prende-homem-procurado-por-estupro-de-vulneravel-durante-fiscalizacao-na-br-116-em-colombo\/#primaryimage"},"thumbnailUrl":"https:\/\/mznoticia.com.br\/jaguariaiva\/wp-content\/uploads\/2026\/08\/rodo.webp","datePublished":"2026-08-03T16:18:19+00:00","description":"PRF prende homem de 35 anos procurado por estupro de vulner\u00e1vel durante fiscaliza\u00e7\u00e3o na BR-116, em Colombo. Suspeito foi levado \u00e0 Cadeia P\u00fablica de Curitiba.","breadcrumb":{"@id":"https:\/\/mznoticia.com.br\/jaguariaiva\/prf-prende-homem-procurado-por-estupro-de-vulneravel-durante-fiscalizacao-na-br-116-em-colombo\/#breadcrumb"},"inLanguage":"pt-BR","potentialAction":[{"@type":"ReadAction","target":["https:\/\/mznoticia.com.br\/jaguariaiva\/prf-prende-homem-procurado-por-estupro-de-vulneravel-durante-fiscalizacao-na-br-116-em-colombo\/"]}]},{"@type":"ImageObject","inLanguage":"pt-BR","@id":"https:\/\/mznoticia.com.br\/jaguariaiva\/prf-prende-homem-procurado-por-estupro-de-vulneravel-durante-fiscalizacao-na-br-116-em-colombo\/#primaryimage","url":"https:\/\/mznoticia.com.br\/jaguariaiva\/wp-content\/uploads\/2026\/08\/rodo.webp","contentUrl":"https:\/\/mznoticia.com.br\/jaguariaiva\/wp-content\/uploads\/2026\/08\/rodo.webp","width":1030,"height":750},{"@type":"BreadcrumbList","@id":"https:\/\/mznoticia.com.br\/jaguariaiva\/prf-prende-homem-procurado-por-estupro-de-vulneravel-durante-fiscalizacao-na-br-116-em-colombo\/#breadcrumb","itemListElement":[{"@type":"ListItem","position":1,"name":"Home","item":"https:\/\/mznoticia.com.br\/jaguariaiva\/"},{"@type":"ListItem","position":2,"name":"PRF prende homem procurado por estupro de vulner\u00e1vel durante fiscaliza\u00e7\u00e3o na BR-116, em Colombo"}]},{"@type":"WebSite","@id":"https:\/\/mznoticia.com.br\/jaguariaiva\/#website","url":"https:\/\/mznoticia.com.br\/jaguariaiva\/","name":"Mz Not\u00edcia","description":"A informa\u00e7\u00e3o que voc\u00ea precisa na hora certa!","publisher":{"@id":"https:\/\/mznoticia.com.br\/jaguariaiva\/#organization"},"potentialAction":[{"@type":"SearchAction","target":{"@type":"EntryPoint","urlTemplate":"https:\/\/mznoticia.com.br\/jaguariaiva\/?s={search_term_string}"},"query-input":{"@type":"PropertyValueSpecification","valueRequired":true,"valueName":"search_term_string"}}],"inLanguage":"pt-BR"},{"@type":"Organization","@id":"https:\/\/mznoticia.com.br\/jaguariaiva\/#organization","name":"Mz Not\u00edcia","url":"https:\/\/mznoticia.com.br\/jaguariaiva\/","logo":{"@type":"ImageObject","inLanguage":"pt-BR","@id":"https:\/\/mznoticia.com.br\/jaguariaiva\/#\/schema\/logo\/image\/","url":"https:\/\/mznoticia.com.br\/jaguariaiva\/wp-content\/uploads\/2025\/03\/Design-sem-nome-4-e1741200616392.png","contentUrl":"https:\/\/mznoticia.com.br\/jaguariaiva\/wp-content\/uploads\/2025\/03\/Design-sem-nome-4-e1741200616392.png","width":750,"height":563,"caption":"Mz Not\u00edcia"},"image":{"@id":"https:\/\/mznoticia.com.br\/jaguariaiva\/#\/schema\/logo\/image\/"},"sameAs":["https:\/\/www.facebook.com\/profile.php?id=61573479951222","https:\/\/www.instagram.com\/mz.jaguariaiva\/"]},{"@type":"Person","@id":"https:\/\/mznoticia.com.br\/jaguariaiva\/#\/schema\/person\/84012d827247b3f42f37b550da79cd03","name":"Redacao mz","image":{"@type":"ImageObject","inLanguage":"pt-BR","@id":"https:\/\/mznoticia.com.br\/jaguariaiva\/wp-content\/uploads\/2025\/02\/mznoticia_jaguariaiva_coluna-150x150.png","url":"https:\/\/mznoticia.com.br\/jaguariaiva\/wp-content\/uploads\/2025\/02\/mznoticia_jaguariaiva_coluna-150x150.png","contentUrl":"https:\/\/mznoticia.com.br\/jaguariaiva\/wp-content\/uploads\/2025\/02\/mznoticia_jaguariaiva_coluna-150x150.png","caption":"Redacao mz"},"sameAs":["http:\/\/mznoticia.com.br"],"url":"https:\/\/mznoticia.com.br\/jaguariaiva\/author\/lucimara\/"}]}},"_links":{"self":[{"href":"https:\/\/mznoticia.com.br\/jaguariaiva\/wp-json\/wp\/v2\/posts\/5762","targetHints":{"allow":["GET"]}}],"collection":[{"href":"https:\/\/mznoticia.com.br\/jaguariaiva\/wp-json\/wp\/v2\/posts"}],"about":[{"href":"https:\/\/mznoticia.com.br\/jaguariaiva\/wp-json\/wp\/v2\/types\/post"}],"author":[{"embeddable":true,"href":"https:\/\/mznoticia.com.br\/jaguariaiva\/wp-json\/wp\/v2\/users\/16"}],"replies":[{"embeddable":true,"href":"https:\/\/mznoticia.com.br\/jaguariaiva\/wp-json\/wp\/v2\/comments?post=5762"}],"version-history":[{"count":1,"href":"https:\/\/mznoticia.com.br\/jaguariaiva\/wp-json\/wp\/v2\/posts\/5762\/revisions"}],"predecessor-version":[{"id":5764,"href":"https:\/\/mznoticia.com.br\/jaguariaiva\/wp-json\/wp\/v2\/posts\/5762\/revisions\/5764"}],"wp:featuredmedia":[{"embeddable":true,"href":"https:\/\/mznoticia.com.br\/jaguariaiva\/wp-json\/wp\/v2\/media\/5763"}],"wp:attachment":[{"href":"https:\/\/mznoticia.com.br\/jaguariaiva\/wp-json\/wp\/v2\/media?parent=5762"}],"wp:term":[{"taxonomy":"category","embeddable":true,"href":"https:\/\/mznoticia.com.br\/jaguariaiva\/wp-json\/wp\/v2\/categories?post=5762"},{"taxonomy":"post_tag","embeddable":true,"href":"https:\/\/mznoticia.com.br\/jaguariaiva\/wp-json\/wp\/v2\/tags?post=5762"}],"curies":[{"name":"wp","href":"https:\/\/api.w.org\/{rel}","templated":true}]}}