{"id":5838,"date":"2026-08-04T13:00:54","date_gmt":"2026-08-04T13:00:54","guid":{"rendered":"https:\/\/mznoticia.com.br\/jaguariaiva\/?p=5838"},"modified":"2026-08-04T13:00:54","modified_gmt":"2026-08-04T13:00:54","slug":"motorista-morre-apos-colisao-entre-caminhoes-seguida-de-incendio-na-sp-310","status":"publish","type":"post","link":"https:\/\/mznoticia.com.br\/jaguariaiva\/motorista-morre-apos-colisao-entre-caminhoes-seguida-de-incendio-na-sp-310\/","title":{"rendered":"Motorista morre ap\u00f3s colis\u00e3o entre caminh\u00f5es seguida de inc\u00eandio na SP-310"},"content":{"rendered":"<p class=\"isSelectedEnd\">Acidente entre dois ve\u00edculos de carga interditou trecho da rodovia em Itirapina e mobilizou equipes de resgate e combate \u00e0s chamas.<\/p>\n<h2>Colis\u00e3o provocou inc\u00eandio<\/h2>\n<p class=\"isSelectedEnd\">Um grave acidente entre dois caminh\u00f5es terminou com a morte de um motorista na tarde desta segunda-feira (3), na Rodovia Washington Lu\u00eds (SP-310), na altura do km 200, no munic\u00edpio de Itirapina, interior de S\u00e3o Paulo.<\/p>\n<p class=\"isSelectedEnd\">Segundo as informa\u00e7\u00f5es divulgadas, os dois ve\u00edculos de carga colidiram e, com a for\u00e7a do impacto, um dos caminh\u00f5es foi completamente tomado pelas chamas.<\/p>\n<p class=\"isSelectedEnd\">O condutor de um dos caminh\u00f5es sofreu ferimentos graves e teve a morte confirmada ainda no local do acidente.<\/p>\n<h2>Rodovia ficou interditada<\/h2>\n<p class=\"isSelectedEnd\">Em raz\u00e3o da gravidade da ocorr\u00eancia e do inc\u00eandio, o trecho da rodovia precisou ser interditado para o atendimento da ocorr\u00eancia e o trabalho das equipes de emerg\u00eancia.<\/p>\n<p class=\"isSelectedEnd\">A opera\u00e7\u00e3o contou com a atua\u00e7\u00e3o do Corpo de Bombeiros, equipes da concession\u00e1ria respons\u00e1vel pela rodovia e da Pol\u00edcia Rodovi\u00e1ria, que realizaram o combate \u00e0s chamas, o controle do tr\u00e1fego e os procedimentos de per\u00edcia.<\/p>\n<h2>Causas ser\u00e3o investigadas<\/h2>\n<p class=\"isSelectedEnd\">As circunst\u00e2ncias que provocaram a colis\u00e3o seguem sendo investigadas pelas autoridades.<\/p>\n<p>At\u00e9 a \u00faltima atualiza\u00e7\u00e3o das informa\u00e7\u00f5es, o estado de sa\u00fade do outro motorista envolvido no acidente ainda n\u00e3o havia sido divulgado.<\/p>\n","protected":false},"excerpt":{"rendered":"<p>Acidente entre dois ve\u00edculos de carga interditou trecho da rodovia em Itirapina e mobilizou equipes de resgate e combate \u00e0s chamas. Colis\u00e3o provocou inc\u00eandio Um grave acidente entre dois caminh\u00f5es terminou com a morte de um motorista na tarde desta segunda-feira (3), na Rodovia Washington Lu\u00eds (SP-310), na altura do km 200, no munic\u00edpio de [&hellip;]<\/p>\n","protected":false},"author":16,"featured_media":5839,"comment_status":"open","ping_status":"open","sticky":false,"template":"","format":"standard","meta":{"footnotes":""},"categories":[140],"tags":[31,1517,645,47,1519,1520,113,498,1518,590],"class_list":["post-5838","post","type-post","status-publish","format-standard","has-post-thumbnail","hentry","category-acidente","tag-acidente","tag-caminhoes","tag-corpo-de-bombeiros","tag-destaque","tag-itirapina","tag-policia-rodoviaria","tag-sao-paulo","tag-seguranca-viaria","tag-sp-310","tag-transito"],"yoast_head":"<!-- This site is optimized with the Yoast SEO plugin v28.1 - https:\/\/yoast.com\/product\/yoast-seo-wordpress\/ -->\n<title>Motorista morre ap\u00f3s colis\u00e3o entre caminh\u00f5es seguida de inc\u00eandio na SP-310 - Mz Not\u00edcias<\/title>\n<meta name=\"description\" content=\"Um motorista morreu ap\u00f3s a colis\u00e3o entre dois caminh\u00f5es seguida de inc\u00eandio na Rodovia Washington Lu\u00eds (SP-310), em Itirapina. As causas do acidente ser\u00e3o investigadas.\" \/>\n<meta name=\"robots\" content=\"index, follow, max-snippet:-1, max-image-preview:large, max-video-preview:-1\" \/>\n<link rel=\"canonical\" href=\"https:\/\/mznoticia.com.br\/jaguariaiva\/motorista-morre-apos-colisao-entre-caminhoes-seguida-de-incendio-na-sp-310\/\" \/>\n<meta property=\"og:locale\" content=\"pt_BR\" \/>\n<meta property=\"og:type\" content=\"article\" \/>\n<meta property=\"og:title\" content=\"Motorista morre ap\u00f3s colis\u00e3o entre caminh\u00f5es seguida de inc\u00eandio na SP-310 - Mz Not\u00edcias\" \/>\n<meta property=\"og:description\" content=\"Um motorista morreu ap\u00f3s a colis\u00e3o entre dois caminh\u00f5es seguida de inc\u00eandio na Rodovia Washington Lu\u00eds (SP-310), em Itirapina. As causas do acidente ser\u00e3o investigadas.\" \/>\n<meta property=\"og:url\" content=\"https:\/\/mznoticia.com.br\/jaguariaiva\/motorista-morre-apos-colisao-entre-caminhoes-seguida-de-incendio-na-sp-310\/\" \/>\n<meta property=\"og:site_name\" content=\"Mz Not\u00edcias\" \/>\n<meta property=\"article:publisher\" content=\"https:\/\/www.facebook.com\/profile.php?id=61573479951222\" \/>\n<meta property=\"article:published_time\" content=\"2026-08-04T13:00:54+00:00\" \/>\n<meta property=\"og:image\" content=\"https:\/\/mznoticia.com.br\/jaguariaiva\/wp-content\/uploads\/2026\/08\/bandb.webp\" \/>\n\t<meta property=\"og:image:width\" content=\"1000\" \/>\n\t<meta property=\"og:image:height\" content=\"500\" \/>\n\t<meta property=\"og:image:type\" content=\"image\/webp\" \/>\n<meta name=\"author\" content=\"Redacao mz\" \/>\n<meta name=\"twitter:card\" content=\"summary_large_image\" \/>\n<meta name=\"twitter:label1\" content=\"Escrito por\" \/>\n\t<meta name=\"twitter:data1\" content=\"Redacao mz\" \/>\n\t<meta name=\"twitter:label2\" content=\"Est. tempo de leitura\" \/>\n\t<meta name=\"twitter:data2\" content=\"2 minutos\" \/>\n<script type=\"application\/ld+json\" class=\"yoast-schema-graph\">{\"@context\":\"https:\\\/\\\/schema.org\",\"@graph\":[{\"@type\":\"Article\",\"@id\":\"https:\\\/\\\/mznoticia.com.br\\\/jaguariaiva\\\/motorista-morre-apos-colisao-entre-caminhoes-seguida-de-incendio-na-sp-310\\\/#article\",\"isPartOf\":{\"@id\":\"https:\\\/\\\/mznoticia.com.br\\\/jaguariaiva\\\/motorista-morre-apos-colisao-entre-caminhoes-seguida-de-incendio-na-sp-310\\\/\"},\"author\":{\"name\":\"Redacao mz\",\"@id\":\"https:\\\/\\\/mznoticia.com.br\\\/jaguariaiva\\\/#\\\/schema\\\/person\\\/84012d827247b3f42f37b550da79cd03\"},\"headline\":\"Motorista morre ap\u00f3s colis\u00e3o entre caminh\u00f5es seguida de inc\u00eandio na SP-310\",\"datePublished\":\"2026-08-04T13:00:54+00:00\",\"mainEntityOfPage\":{\"@id\":\"https:\\\/\\\/mznoticia.com.br\\\/jaguariaiva\\\/motorista-morre-apos-colisao-entre-caminhoes-seguida-de-incendio-na-sp-310\\\/\"},\"wordCount\":249,\"commentCount\":0,\"publisher\":{\"@id\":\"https:\\\/\\\/mznoticia.com.br\\\/jaguariaiva\\\/#organization\"},\"image\":{\"@id\":\"https:\\\/\\\/mznoticia.com.br\\\/jaguariaiva\\\/motorista-morre-apos-colisao-entre-caminhoes-seguida-de-incendio-na-sp-310\\\/#primaryimage\"},\"thumbnailUrl\":\"https:\\\/\\\/mznoticia.com.br\\\/jaguariaiva\\\/wp-content\\\/uploads\\\/2026\\\/08\\\/bandb.webp\",\"keywords\":[\"acidente\",\"Caminh\u00f5es\",\"Corpo de Bombeiros\",\"destaque\",\"Itirapina\",\"Pol\u00edcia Rodovi\u00e1ria\",\"S\u00e3o Paulo\",\"Seguran\u00e7a Vi\u00e1ria\",\"SP-310\",\"tr\u00e2nsito\"],\"articleSection\":[\"Acidente\"],\"inLanguage\":\"pt-BR\",\"potentialAction\":[{\"@type\":\"CommentAction\",\"name\":\"Comment\",\"target\":[\"https:\\\/\\\/mznoticia.com.br\\\/jaguariaiva\\\/motorista-morre-apos-colisao-entre-caminhoes-seguida-de-incendio-na-sp-310\\\/#respond\"]}]},{\"@type\":\"WebPage\",\"@id\":\"https:\\\/\\\/mznoticia.com.br\\\/jaguariaiva\\\/motorista-morre-apos-colisao-entre-caminhoes-seguida-de-incendio-na-sp-310\\\/\",\"url\":\"https:\\\/\\\/mznoticia.com.br\\\/jaguariaiva\\\/motorista-morre-apos-colisao-entre-caminhoes-seguida-de-incendio-na-sp-310\\\/\",\"name\":\"Motorista morre ap\u00f3s colis\u00e3o entre caminh\u00f5es seguida de inc\u00eandio na SP-310 - Mz Not\u00edcias\",\"isPartOf\":{\"@id\":\"https:\\\/\\\/mznoticia.com.br\\\/jaguariaiva\\\/#website\"},\"primaryImageOfPage\":{\"@id\":\"https:\\\/\\\/mznoticia.com.br\\\/jaguariaiva\\\/motorista-morre-apos-colisao-entre-caminhoes-seguida-de-incendio-na-sp-310\\\/#primaryimage\"},\"image\":{\"@id\":\"https:\\\/\\\/mznoticia.com.br\\\/jaguariaiva\\\/motorista-morre-apos-colisao-entre-caminhoes-seguida-de-incendio-na-sp-310\\\/#primaryimage\"},\"thumbnailUrl\":\"https:\\\/\\\/mznoticia.com.br\\\/jaguariaiva\\\/wp-content\\\/uploads\\\/2026\\\/08\\\/bandb.webp\",\"datePublished\":\"2026-08-04T13:00:54+00:00\",\"description\":\"Um motorista morreu ap\u00f3s a colis\u00e3o entre dois caminh\u00f5es seguida de inc\u00eandio na Rodovia Washington Lu\u00eds (SP-310), em Itirapina. As causas do acidente ser\u00e3o investigadas.\",\"breadcrumb\":{\"@id\":\"https:\\\/\\\/mznoticia.com.br\\\/jaguariaiva\\\/motorista-morre-apos-colisao-entre-caminhoes-seguida-de-incendio-na-sp-310\\\/#breadcrumb\"},\"inLanguage\":\"pt-BR\",\"potentialAction\":[{\"@type\":\"ReadAction\",\"target\":[\"https:\\\/\\\/mznoticia.com.br\\\/jaguariaiva\\\/motorista-morre-apos-colisao-entre-caminhoes-seguida-de-incendio-na-sp-310\\\/\"]}]},{\"@type\":\"ImageObject\",\"inLanguage\":\"pt-BR\",\"@id\":\"https:\\\/\\\/mznoticia.com.br\\\/jaguariaiva\\\/motorista-morre-apos-colisao-entre-caminhoes-seguida-de-incendio-na-sp-310\\\/#primaryimage\",\"url\":\"https:\\\/\\\/mznoticia.com.br\\\/jaguariaiva\\\/wp-content\\\/uploads\\\/2026\\\/08\\\/bandb.webp\",\"contentUrl\":\"https:\\\/\\\/mznoticia.com.br\\\/jaguariaiva\\\/wp-content\\\/uploads\\\/2026\\\/08\\\/bandb.webp\",\"width\":1000,\"height\":500},{\"@type\":\"BreadcrumbList\",\"@id\":\"https:\\\/\\\/mznoticia.com.br\\\/jaguariaiva\\\/motorista-morre-apos-colisao-entre-caminhoes-seguida-de-incendio-na-sp-310\\\/#breadcrumb\",\"itemListElement\":[{\"@type\":\"ListItem\",\"position\":1,\"name\":\"Home\",\"item\":\"https:\\\/\\\/mznoticia.com.br\\\/jaguariaiva\\\/\"},{\"@type\":\"ListItem\",\"position\":2,\"name\":\"Motorista morre ap\u00f3s colis\u00e3o entre caminh\u00f5es seguida de inc\u00eandio na SP-310\"}]},{\"@type\":\"WebSite\",\"@id\":\"https:\\\/\\\/mznoticia.com.br\\\/jaguariaiva\\\/#website\",\"url\":\"https:\\\/\\\/mznoticia.com.br\\\/jaguariaiva\\\/\",\"name\":\"Mz Not\u00edcia\",\"description\":\"A informa\u00e7\u00e3o que voc\u00ea precisa na hora certa!\",\"publisher\":{\"@id\":\"https:\\\/\\\/mznoticia.com.br\\\/jaguariaiva\\\/#organization\"},\"potentialAction\":[{\"@type\":\"SearchAction\",\"target\":{\"@type\":\"EntryPoint\",\"urlTemplate\":\"https:\\\/\\\/mznoticia.com.br\\\/jaguariaiva\\\/?s={search_term_string}\"},\"query-input\":{\"@type\":\"PropertyValueSpecification\",\"valueRequired\":true,\"valueName\":\"search_term_string\"}}],\"inLanguage\":\"pt-BR\"},{\"@type\":\"Organization\",\"@id\":\"https:\\\/\\\/mznoticia.com.br\\\/jaguariaiva\\\/#organization\",\"name\":\"Mz Not\u00edcia\",\"url\":\"https:\\\/\\\/mznoticia.com.br\\\/jaguariaiva\\\/\",\"logo\":{\"@type\":\"ImageObject\",\"inLanguage\":\"pt-BR\",\"@id\":\"https:\\\/\\\/mznoticia.com.br\\\/jaguariaiva\\\/#\\\/schema\\\/logo\\\/image\\\/\",\"url\":\"https:\\\/\\\/mznoticia.com.br\\\/jaguariaiva\\\/wp-content\\\/uploads\\\/2025\\\/03\\\/Design-sem-nome-4-e1741200616392.png\",\"contentUrl\":\"https:\\\/\\\/mznoticia.com.br\\\/jaguariaiva\\\/wp-content\\\/uploads\\\/2025\\\/03\\\/Design-sem-nome-4-e1741200616392.png\",\"width\":750,\"height\":563,\"caption\":\"Mz Not\u00edcia\"},\"image\":{\"@id\":\"https:\\\/\\\/mznoticia.com.br\\\/jaguariaiva\\\/#\\\/schema\\\/logo\\\/image\\\/\"},\"sameAs\":[\"https:\\\/\\\/www.facebook.com\\\/profile.php?id=61573479951222\",\"https:\\\/\\\/www.instagram.com\\\/mz.jaguariaiva\\\/\"]},{\"@type\":\"Person\",\"@id\":\"https:\\\/\\\/mznoticia.com.br\\\/jaguariaiva\\\/#\\\/schema\\\/person\\\/84012d827247b3f42f37b550da79cd03\",\"name\":\"Redacao mz\",\"image\":{\"@type\":\"ImageObject\",\"inLanguage\":\"pt-BR\",\"@id\":\"https:\\\/\\\/mznoticia.com.br\\\/jaguariaiva\\\/wp-content\\\/uploads\\\/2025\\\/02\\\/mznoticia_jaguariaiva_coluna-150x150.png\",\"url\":\"https:\\\/\\\/mznoticia.com.br\\\/jaguariaiva\\\/wp-content\\\/uploads\\\/2025\\\/02\\\/mznoticia_jaguariaiva_coluna-150x150.png\",\"contentUrl\":\"https:\\\/\\\/mznoticia.com.br\\\/jaguariaiva\\\/wp-content\\\/uploads\\\/2025\\\/02\\\/mznoticia_jaguariaiva_coluna-150x150.png\",\"caption\":\"Redacao mz\"},\"sameAs\":[\"http:\\\/\\\/mznoticia.com.br\"],\"url\":\"https:\\\/\\\/mznoticia.com.br\\\/jaguariaiva\\\/author\\\/lucimara\\\/\"}]}<\/script>\n<!-- \/ Yoast SEO plugin. -->","yoast_head_json":{"title":"Motorista morre ap\u00f3s colis\u00e3o entre caminh\u00f5es seguida de inc\u00eandio na SP-310 - Mz Not\u00edcias","description":"Um motorista morreu ap\u00f3s a colis\u00e3o entre dois caminh\u00f5es seguida de inc\u00eandio na Rodovia Washington Lu\u00eds (SP-310), em Itirapina. As causas do acidente ser\u00e3o investigadas.","robots":{"index":"index","follow":"follow","max-snippet":"max-snippet:-1","max-image-preview":"max-image-preview:large","max-video-preview":"max-video-preview:-1"},"canonical":"https:\/\/mznoticia.com.br\/jaguariaiva\/motorista-morre-apos-colisao-entre-caminhoes-seguida-de-incendio-na-sp-310\/","og_locale":"pt_BR","og_type":"article","og_title":"Motorista morre ap\u00f3s colis\u00e3o entre caminh\u00f5es seguida de inc\u00eandio na SP-310 - Mz Not\u00edcias","og_description":"Um motorista morreu ap\u00f3s a colis\u00e3o entre dois caminh\u00f5es seguida de inc\u00eandio na Rodovia Washington Lu\u00eds (SP-310), em Itirapina. As causas do acidente ser\u00e3o investigadas.","og_url":"https:\/\/mznoticia.com.br\/jaguariaiva\/motorista-morre-apos-colisao-entre-caminhoes-seguida-de-incendio-na-sp-310\/","og_site_name":"Mz Not\u00edcias","article_publisher":"https:\/\/www.facebook.com\/profile.php?id=61573479951222","article_published_time":"2026-08-04T13:00:54+00:00","og_image":[{"width":1000,"height":500,"url":"https:\/\/mznoticia.com.br\/jaguariaiva\/wp-content\/uploads\/2026\/08\/bandb.webp","type":"image\/webp"}],"author":"Redacao mz","twitter_card":"summary_large_image","twitter_misc":{"Escrito por":"Redacao mz","Est. tempo de leitura":"2 minutos"},"schema":{"@context":"https:\/\/schema.org","@graph":[{"@type":"Article","@id":"https:\/\/mznoticia.com.br\/jaguariaiva\/motorista-morre-apos-colisao-entre-caminhoes-seguida-de-incendio-na-sp-310\/#article","isPartOf":{"@id":"https:\/\/mznoticia.com.br\/jaguariaiva\/motorista-morre-apos-colisao-entre-caminhoes-seguida-de-incendio-na-sp-310\/"},"author":{"name":"Redacao mz","@id":"https:\/\/mznoticia.com.br\/jaguariaiva\/#\/schema\/person\/84012d827247b3f42f37b550da79cd03"},"headline":"Motorista morre ap\u00f3s colis\u00e3o entre caminh\u00f5es seguida de inc\u00eandio na SP-310","datePublished":"2026-08-04T13:00:54+00:00","mainEntityOfPage":{"@id":"https:\/\/mznoticia.com.br\/jaguariaiva\/motorista-morre-apos-colisao-entre-caminhoes-seguida-de-incendio-na-sp-310\/"},"wordCount":249,"commentCount":0,"publisher":{"@id":"https:\/\/mznoticia.com.br\/jaguariaiva\/#organization"},"image":{"@id":"https:\/\/mznoticia.com.br\/jaguariaiva\/motorista-morre-apos-colisao-entre-caminhoes-seguida-de-incendio-na-sp-310\/#primaryimage"},"thumbnailUrl":"https:\/\/mznoticia.com.br\/jaguariaiva\/wp-content\/uploads\/2026\/08\/bandb.webp","keywords":["acidente","Caminh\u00f5es","Corpo de Bombeiros","destaque","Itirapina","Pol\u00edcia Rodovi\u00e1ria","S\u00e3o Paulo","Seguran\u00e7a Vi\u00e1ria","SP-310","tr\u00e2nsito"],"articleSection":["Acidente"],"inLanguage":"pt-BR","potentialAction":[{"@type":"CommentAction","name":"Comment","target":["https:\/\/mznoticia.com.br\/jaguariaiva\/motorista-morre-apos-colisao-entre-caminhoes-seguida-de-incendio-na-sp-310\/#respond"]}]},{"@type":"WebPage","@id":"https:\/\/mznoticia.com.br\/jaguariaiva\/motorista-morre-apos-colisao-entre-caminhoes-seguida-de-incendio-na-sp-310\/","url":"https:\/\/mznoticia.com.br\/jaguariaiva\/motorista-morre-apos-colisao-entre-caminhoes-seguida-de-incendio-na-sp-310\/","name":"Motorista morre ap\u00f3s colis\u00e3o entre caminh\u00f5es seguida de inc\u00eandio na SP-310 - Mz Not\u00edcias","isPartOf":{"@id":"https:\/\/mznoticia.com.br\/jaguariaiva\/#website"},"primaryImageOfPage":{"@id":"https:\/\/mznoticia.com.br\/jaguariaiva\/motorista-morre-apos-colisao-entre-caminhoes-seguida-de-incendio-na-sp-310\/#primaryimage"},"image":{"@id":"https:\/\/mznoticia.com.br\/jaguariaiva\/motorista-morre-apos-colisao-entre-caminhoes-seguida-de-incendio-na-sp-310\/#primaryimage"},"thumbnailUrl":"https:\/\/mznoticia.com.br\/jaguariaiva\/wp-content\/uploads\/2026\/08\/bandb.webp","datePublished":"2026-08-04T13:00:54+00:00","description":"Um motorista morreu ap\u00f3s a colis\u00e3o entre dois caminh\u00f5es seguida de inc\u00eandio na Rodovia Washington Lu\u00eds (SP-310), em Itirapina. As causas do acidente ser\u00e3o investigadas.","breadcrumb":{"@id":"https:\/\/mznoticia.com.br\/jaguariaiva\/motorista-morre-apos-colisao-entre-caminhoes-seguida-de-incendio-na-sp-310\/#breadcrumb"},"inLanguage":"pt-BR","potentialAction":[{"@type":"ReadAction","target":["https:\/\/mznoticia.com.br\/jaguariaiva\/motorista-morre-apos-colisao-entre-caminhoes-seguida-de-incendio-na-sp-310\/"]}]},{"@type":"ImageObject","inLanguage":"pt-BR","@id":"https:\/\/mznoticia.com.br\/jaguariaiva\/motorista-morre-apos-colisao-entre-caminhoes-seguida-de-incendio-na-sp-310\/#primaryimage","url":"https:\/\/mznoticia.com.br\/jaguariaiva\/wp-content\/uploads\/2026\/08\/bandb.webp","contentUrl":"https:\/\/mznoticia.com.br\/jaguariaiva\/wp-content\/uploads\/2026\/08\/bandb.webp","width":1000,"height":500},{"@type":"BreadcrumbList","@id":"https:\/\/mznoticia.com.br\/jaguariaiva\/motorista-morre-apos-colisao-entre-caminhoes-seguida-de-incendio-na-sp-310\/#breadcrumb","itemListElement":[{"@type":"ListItem","position":1,"name":"Home","item":"https:\/\/mznoticia.com.br\/jaguariaiva\/"},{"@type":"ListItem","position":2,"name":"Motorista morre ap\u00f3s colis\u00e3o entre caminh\u00f5es seguida de inc\u00eandio na SP-310"}]},{"@type":"WebSite","@id":"https:\/\/mznoticia.com.br\/jaguariaiva\/#website","url":"https:\/\/mznoticia.com.br\/jaguariaiva\/","name":"Mz Not\u00edcia","description":"A informa\u00e7\u00e3o que voc\u00ea precisa na hora certa!","publisher":{"@id":"https:\/\/mznoticia.com.br\/jaguariaiva\/#organization"},"potentialAction":[{"@type":"SearchAction","target":{"@type":"EntryPoint","urlTemplate":"https:\/\/mznoticia.com.br\/jaguariaiva\/?s={search_term_string}"},"query-input":{"@type":"PropertyValueSpecification","valueRequired":true,"valueName":"search_term_string"}}],"inLanguage":"pt-BR"},{"@type":"Organization","@id":"https:\/\/mznoticia.com.br\/jaguariaiva\/#organization","name":"Mz Not\u00edcia","url":"https:\/\/mznoticia.com.br\/jaguariaiva\/","logo":{"@type":"ImageObject","inLanguage":"pt-BR","@id":"https:\/\/mznoticia.com.br\/jaguariaiva\/#\/schema\/logo\/image\/","url":"https:\/\/mznoticia.com.br\/jaguariaiva\/wp-content\/uploads\/2025\/03\/Design-sem-nome-4-e1741200616392.png","contentUrl":"https:\/\/mznoticia.com.br\/jaguariaiva\/wp-content\/uploads\/2025\/03\/Design-sem-nome-4-e1741200616392.png","width":750,"height":563,"caption":"Mz Not\u00edcia"},"image":{"@id":"https:\/\/mznoticia.com.br\/jaguariaiva\/#\/schema\/logo\/image\/"},"sameAs":["https:\/\/www.facebook.com\/profile.php?id=61573479951222","https:\/\/www.instagram.com\/mz.jaguariaiva\/"]},{"@type":"Person","@id":"https:\/\/mznoticia.com.br\/jaguariaiva\/#\/schema\/person\/84012d827247b3f42f37b550da79cd03","name":"Redacao mz","image":{"@type":"ImageObject","inLanguage":"pt-BR","@id":"https:\/\/mznoticia.com.br\/jaguariaiva\/wp-content\/uploads\/2025\/02\/mznoticia_jaguariaiva_coluna-150x150.png","url":"https:\/\/mznoticia.com.br\/jaguariaiva\/wp-content\/uploads\/2025\/02\/mznoticia_jaguariaiva_coluna-150x150.png","contentUrl":"https:\/\/mznoticia.com.br\/jaguariaiva\/wp-content\/uploads\/2025\/02\/mznoticia_jaguariaiva_coluna-150x150.png","caption":"Redacao mz"},"sameAs":["http:\/\/mznoticia.com.br"],"url":"https:\/\/mznoticia.com.br\/jaguariaiva\/author\/lucimara\/"}]}},"_links":{"self":[{"href":"https:\/\/mznoticia.com.br\/jaguariaiva\/wp-json\/wp\/v2\/posts\/5838","targetHints":{"allow":["GET"]}}],"collection":[{"href":"https:\/\/mznoticia.com.br\/jaguariaiva\/wp-json\/wp\/v2\/posts"}],"about":[{"href":"https:\/\/mznoticia.com.br\/jaguariaiva\/wp-json\/wp\/v2\/types\/post"}],"author":[{"embeddable":true,"href":"https:\/\/mznoticia.com.br\/jaguariaiva\/wp-json\/wp\/v2\/users\/16"}],"replies":[{"embeddable":true,"href":"https:\/\/mznoticia.com.br\/jaguariaiva\/wp-json\/wp\/v2\/comments?post=5838"}],"version-history":[{"count":1,"href":"https:\/\/mznoticia.com.br\/jaguariaiva\/wp-json\/wp\/v2\/posts\/5838\/revisions"}],"predecessor-version":[{"id":5840,"href":"https:\/\/mznoticia.com.br\/jaguariaiva\/wp-json\/wp\/v2\/posts\/5838\/revisions\/5840"}],"wp:featuredmedia":[{"embeddable":true,"href":"https:\/\/mznoticia.com.br\/jaguariaiva\/wp-json\/wp\/v2\/media\/5839"}],"wp:attachment":[{"href":"https:\/\/mznoticia.com.br\/jaguariaiva\/wp-json\/wp\/v2\/media?parent=5838"}],"wp:term":[{"taxonomy":"category","embeddable":true,"href":"https:\/\/mznoticia.com.br\/jaguariaiva\/wp-json\/wp\/v2\/categories?post=5838"},{"taxonomy":"post_tag","embeddable":true,"href":"https:\/\/mznoticia.com.br\/jaguariaiva\/wp-json\/wp\/v2\/tags?post=5838"}],"curies":[{"name":"wp","href":"https:\/\/api.w.org\/{rel}","templated":true}]}}