{"id":5915,"date":"2026-08-04T22:01:25","date_gmt":"2026-08-04T22:01:25","guid":{"rendered":"https:\/\/mznoticia.com.br\/jaguariaiva\/?p=5915"},"modified":"2026-08-04T22:01:25","modified_gmt":"2026-08-04T22:01:25","slug":"ratinho-junior-confirma-visita-a-jaguariaiva-durante-a-110a-festa-do-senhor-bom-jesus-da-pedra-fria","status":"publish","type":"post","link":"https:\/\/mznoticia.com.br\/jaguariaiva\/ratinho-junior-confirma-visita-a-jaguariaiva-durante-a-110a-festa-do-senhor-bom-jesus-da-pedra-fria\/","title":{"rendered":"Ratinho Junior confirma visita a Jaguaria\u00edva durante a 110\u00aa Festa do Senhor Bom Jesus da Pedra Fria"},"content":{"rendered":"<p class=\"PDq2pG_selectionAnchorContainer\" data-start=\"115\" data-end=\"279\">Governador do Paran\u00e1 participar\u00e1 da programa\u00e7\u00e3o da tradicional celebra\u00e7\u00e3o religiosa na pr\u00f3xima quinta-feira (6), conforme confirma\u00e7\u00e3o da Casa Civil.<\/p>\n<h2 data-section-id=\"1mvoq69\" data-start=\"281\" data-end=\"337\">Governador participar\u00e1 da tradicional festa religiosa<\/h2>\n<p data-start=\"339\" data-end=\"590\">O governador do Paran\u00e1, <strong data-start=\"363\" data-end=\"394\">Carlos Massa Ratinho Junior<\/strong>, participar\u00e1 da programa\u00e7\u00e3o da <strong data-start=\"426\" data-end=\"474\">110\u00aa Festa do Senhor Bom Jesus da Pedra Fria<\/strong>, em Jaguaria\u00edva. A visita est\u00e1 prevista para a pr\u00f3xima quinta-feira (6) e foi confirmada pela Casa Civil do Estado.<\/p>\n<p data-start=\"592\" data-end=\"915\">A presen\u00e7a do chefe do Executivo estadual tamb\u00e9m foi anunciada pelo prefeito <strong data-start=\"669\" data-end=\"685\">Juca Sloboda<\/strong>, por meio de publica\u00e7\u00e3o nas redes sociais, na qual destacou a import\u00e2ncia da celebra\u00e7\u00e3o para a hist\u00f3ria e a identidade do munic\u00edpio e convidou a popula\u00e7\u00e3o a acompanhar a programa\u00e7\u00e3o no Santu\u00e1rio do Senhor Bom Jesus da Pedra Fria.<\/p>\n<h2 data-section-id=\"swgkaa\" data-start=\"917\" data-end=\"963\">Festa re\u00fane milhares de fi\u00e9is todos os anos<\/h2>\n<p data-start=\"965\" data-end=\"1169\">Considerada uma das mais tradicionais celebra\u00e7\u00f5es religiosas do Norte Pioneiro, a Festa do Senhor Bom Jesus da Pedra Fria re\u00fane, anualmente, moradores, romeiros e visitantes de diversas regi\u00f5es do Paran\u00e1.<\/p>\n<p data-start=\"1171\" data-end=\"1345\">A programa\u00e7\u00e3o inclui missas, manifesta\u00e7\u00f5es de f\u00e9 e encontros entre fam\u00edlias e peregrinos, consolidando o evento como um dos principais do calend\u00e1rio religioso de Jaguaria\u00edva.<\/p>\n<h2 data-section-id=\"1ngcc07\" data-start=\"1347\" data-end=\"1405\">Visita ocorre durante intensa movimenta\u00e7\u00e3o no munic\u00edpio<\/h2>\n<p data-start=\"1407\" data-end=\"1590\">A expectativa \u00e9 que Ratinho Junior participe de parte da programa\u00e7\u00e3o oficial realizada no santu\u00e1rio durante o per\u00edodo da festa, quando o munic\u00edpio registra grande fluxo de visitantes.<\/p>\n<p data-start=\"1592\" data-end=\"1755\">At\u00e9 o momento, o Governo do Estado n\u00e3o divulgou detalhes sobre outros compromissos que possam integrar a agenda do governador durante sua passagem por Jaguaria\u00edva.<\/p>\n<p data-start=\"1757\" data-end=\"1957\">A Festa do Senhor Bom Jesus da Pedra Fria chega \u00e0 sua <strong data-start=\"1811\" data-end=\"1826\">110\u00aa edi\u00e7\u00e3o<\/strong>, mantendo viva uma tradi\u00e7\u00e3o centen\u00e1ria que re\u00fane f\u00e9, cultura e participa\u00e7\u00e3o popular, atraindo fi\u00e9is de diversas cidades da regi\u00e3o.<\/p>\n","protected":false},"excerpt":{"rendered":"<p>Governador do Paran\u00e1 participar\u00e1 da programa\u00e7\u00e3o da tradicional celebra\u00e7\u00e3o religiosa na pr\u00f3xima quinta-feira (6), conforme confirma\u00e7\u00e3o da Casa Civil. Governador participar\u00e1 da tradicional festa religiosa O governador do Paran\u00e1, Carlos Massa Ratinho Junior, participar\u00e1 da programa\u00e7\u00e3o da 110\u00aa Festa do Senhor Bom Jesus da Pedra Fria, em Jaguaria\u00edva. A visita est\u00e1 prevista para a pr\u00f3xima [&hellip;]<\/p>\n","protected":false},"author":17,"featured_media":5916,"comment_status":"open","ping_status":"open","sticky":false,"template":"","format":"standard","meta":{"footnotes":""},"categories":[6,7],"tags":[1596],"class_list":["post-5915","post","type-post","status-publish","format-standard","has-post-thumbnail","hentry","category-jaguariaiva","category-politica","tag-ratinhojunior-jaguariaiva-senhorbomjesusdapedrafria-festareligiosa-parana-nortepioneiro-romaria-governodoparana-politica-mznoticias"],"yoast_head":"<!-- This site is optimized with the Yoast SEO plugin v28.1 - https:\/\/yoast.com\/product\/yoast-seo-wordpress\/ -->\n<title>Ratinho Junior confirma visita a Jaguaria\u00edva durante a 110\u00aa Festa do Senhor Bom Jesus da Pedra Fria - Mz Not\u00edcias<\/title>\n<meta name=\"description\" content=\"Ratinho Junior confirma visita a Jaguaria\u00edva durante a 110\u00aa Festa do Senhor Bom Jesus da Pedra Fria. Governador participa da programa\u00e7\u00e3o na pr\u00f3xima quinta-feira (6).\" \/>\n<meta name=\"robots\" content=\"index, follow, max-snippet:-1, max-image-preview:large, max-video-preview:-1\" \/>\n<link rel=\"canonical\" href=\"https:\/\/mznoticia.com.br\/jaguariaiva\/ratinho-junior-confirma-visita-a-jaguariaiva-durante-a-110a-festa-do-senhor-bom-jesus-da-pedra-fria\/\" \/>\n<meta property=\"og:locale\" content=\"pt_BR\" \/>\n<meta property=\"og:type\" content=\"article\" \/>\n<meta property=\"og:title\" content=\"Ratinho Junior confirma visita a Jaguaria\u00edva durante a 110\u00aa Festa do Senhor Bom Jesus da Pedra Fria - Mz Not\u00edcias\" \/>\n<meta property=\"og:description\" content=\"Ratinho Junior confirma visita a Jaguaria\u00edva durante a 110\u00aa Festa do Senhor Bom Jesus da Pedra Fria. Governador participa da programa\u00e7\u00e3o na pr\u00f3xima quinta-feira (6).\" \/>\n<meta property=\"og:url\" content=\"https:\/\/mznoticia.com.br\/jaguariaiva\/ratinho-junior-confirma-visita-a-jaguariaiva-durante-a-110a-festa-do-senhor-bom-jesus-da-pedra-fria\/\" \/>\n<meta property=\"og:site_name\" content=\"Mz Not\u00edcias\" \/>\n<meta property=\"article:publisher\" content=\"https:\/\/www.facebook.com\/profile.php?id=61573479951222\" \/>\n<meta property=\"article:published_time\" content=\"2026-08-04T22:01:25+00:00\" \/>\n<meta property=\"og:image\" content=\"https:\/\/mznoticia.com.br\/jaguariaiva\/wp-content\/uploads\/2026\/08\/ratinho.jpg\" \/>\n\t<meta property=\"og:image:width\" content=\"1200\" \/>\n\t<meta property=\"og:image:height\" content=\"764\" \/>\n\t<meta property=\"og:image:type\" content=\"image\/jpeg\" \/>\n<meta name=\"author\" content=\"redacao mz\" \/>\n<meta name=\"twitter:card\" content=\"summary_large_image\" \/>\n<meta name=\"twitter:label1\" content=\"Escrito por\" \/>\n\t<meta name=\"twitter:data1\" content=\"redacao mz\" \/>\n\t<meta name=\"twitter:label2\" content=\"Est. tempo de leitura\" \/>\n\t<meta name=\"twitter:data2\" content=\"2 minutos\" \/>\n<script type=\"application\/ld+json\" class=\"yoast-schema-graph\">{\"@context\":\"https:\\\/\\\/schema.org\",\"@graph\":[{\"@type\":\"Article\",\"@id\":\"https:\\\/\\\/mznoticia.com.br\\\/jaguariaiva\\\/ratinho-junior-confirma-visita-a-jaguariaiva-durante-a-110a-festa-do-senhor-bom-jesus-da-pedra-fria\\\/#article\",\"isPartOf\":{\"@id\":\"https:\\\/\\\/mznoticia.com.br\\\/jaguariaiva\\\/ratinho-junior-confirma-visita-a-jaguariaiva-durante-a-110a-festa-do-senhor-bom-jesus-da-pedra-fria\\\/\"},\"author\":{\"name\":\"redacao mz\",\"@id\":\"https:\\\/\\\/mznoticia.com.br\\\/jaguariaiva\\\/#\\\/schema\\\/person\\\/9081e3eea38d0f9ff6d13386b9d71916\"},\"headline\":\"Ratinho Junior confirma visita a Jaguaria\u00edva durante a 110\u00aa Festa do Senhor Bom Jesus da Pedra Fria\",\"datePublished\":\"2026-08-04T22:01:25+00:00\",\"mainEntityOfPage\":{\"@id\":\"https:\\\/\\\/mznoticia.com.br\\\/jaguariaiva\\\/ratinho-junior-confirma-visita-a-jaguariaiva-durante-a-110a-festa-do-senhor-bom-jesus-da-pedra-fria\\\/\"},\"wordCount\":327,\"commentCount\":0,\"publisher\":{\"@id\":\"https:\\\/\\\/mznoticia.com.br\\\/jaguariaiva\\\/#organization\"},\"image\":{\"@id\":\"https:\\\/\\\/mznoticia.com.br\\\/jaguariaiva\\\/ratinho-junior-confirma-visita-a-jaguariaiva-durante-a-110a-festa-do-senhor-bom-jesus-da-pedra-fria\\\/#primaryimage\"},\"thumbnailUrl\":\"https:\\\/\\\/mznoticia.com.br\\\/jaguariaiva\\\/wp-content\\\/uploads\\\/2026\\\/08\\\/ratinho.jpg\",\"keywords\":[\"#RatinhoJunior #Jaguaria\u00edva #SenhorBomJesusDaPedraFria #FestaReligiosa #Paran\u00e1 #NortePioneiro #Romaria #GovernoDoParan\u00e1 #Pol\u00edtica #MZNot\u00edcias\"],\"articleSection\":[\"Jaguaria\u00edva\",\"Pol\u00edtica\"],\"inLanguage\":\"pt-BR\",\"potentialAction\":[{\"@type\":\"CommentAction\",\"name\":\"Comment\",\"target\":[\"https:\\\/\\\/mznoticia.com.br\\\/jaguariaiva\\\/ratinho-junior-confirma-visita-a-jaguariaiva-durante-a-110a-festa-do-senhor-bom-jesus-da-pedra-fria\\\/#respond\"]}]},{\"@type\":\"WebPage\",\"@id\":\"https:\\\/\\\/mznoticia.com.br\\\/jaguariaiva\\\/ratinho-junior-confirma-visita-a-jaguariaiva-durante-a-110a-festa-do-senhor-bom-jesus-da-pedra-fria\\\/\",\"url\":\"https:\\\/\\\/mznoticia.com.br\\\/jaguariaiva\\\/ratinho-junior-confirma-visita-a-jaguariaiva-durante-a-110a-festa-do-senhor-bom-jesus-da-pedra-fria\\\/\",\"name\":\"Ratinho Junior confirma visita a Jaguaria\u00edva durante a 110\u00aa Festa do Senhor Bom Jesus da Pedra Fria - Mz Not\u00edcias\",\"isPartOf\":{\"@id\":\"https:\\\/\\\/mznoticia.com.br\\\/jaguariaiva\\\/#website\"},\"primaryImageOfPage\":{\"@id\":\"https:\\\/\\\/mznoticia.com.br\\\/jaguariaiva\\\/ratinho-junior-confirma-visita-a-jaguariaiva-durante-a-110a-festa-do-senhor-bom-jesus-da-pedra-fria\\\/#primaryimage\"},\"image\":{\"@id\":\"https:\\\/\\\/mznoticia.com.br\\\/jaguariaiva\\\/ratinho-junior-confirma-visita-a-jaguariaiva-durante-a-110a-festa-do-senhor-bom-jesus-da-pedra-fria\\\/#primaryimage\"},\"thumbnailUrl\":\"https:\\\/\\\/mznoticia.com.br\\\/jaguariaiva\\\/wp-content\\\/uploads\\\/2026\\\/08\\\/ratinho.jpg\",\"datePublished\":\"2026-08-04T22:01:25+00:00\",\"description\":\"Ratinho Junior confirma visita a Jaguaria\u00edva durante a 110\u00aa Festa do Senhor Bom Jesus da Pedra Fria. Governador participa da programa\u00e7\u00e3o na pr\u00f3xima quinta-feira (6).\",\"breadcrumb\":{\"@id\":\"https:\\\/\\\/mznoticia.com.br\\\/jaguariaiva\\\/ratinho-junior-confirma-visita-a-jaguariaiva-durante-a-110a-festa-do-senhor-bom-jesus-da-pedra-fria\\\/#breadcrumb\"},\"inLanguage\":\"pt-BR\",\"potentialAction\":[{\"@type\":\"ReadAction\",\"target\":[\"https:\\\/\\\/mznoticia.com.br\\\/jaguariaiva\\\/ratinho-junior-confirma-visita-a-jaguariaiva-durante-a-110a-festa-do-senhor-bom-jesus-da-pedra-fria\\\/\"]}]},{\"@type\":\"ImageObject\",\"inLanguage\":\"pt-BR\",\"@id\":\"https:\\\/\\\/mznoticia.com.br\\\/jaguariaiva\\\/ratinho-junior-confirma-visita-a-jaguariaiva-durante-a-110a-festa-do-senhor-bom-jesus-da-pedra-fria\\\/#primaryimage\",\"url\":\"https:\\\/\\\/mznoticia.com.br\\\/jaguariaiva\\\/wp-content\\\/uploads\\\/2026\\\/08\\\/ratinho.jpg\",\"contentUrl\":\"https:\\\/\\\/mznoticia.com.br\\\/jaguariaiva\\\/wp-content\\\/uploads\\\/2026\\\/08\\\/ratinho.jpg\",\"width\":1200,\"height\":764},{\"@type\":\"BreadcrumbList\",\"@id\":\"https:\\\/\\\/mznoticia.com.br\\\/jaguariaiva\\\/ratinho-junior-confirma-visita-a-jaguariaiva-durante-a-110a-festa-do-senhor-bom-jesus-da-pedra-fria\\\/#breadcrumb\",\"itemListElement\":[{\"@type\":\"ListItem\",\"position\":1,\"name\":\"Home\",\"item\":\"https:\\\/\\\/mznoticia.com.br\\\/jaguariaiva\\\/\"},{\"@type\":\"ListItem\",\"position\":2,\"name\":\"Ratinho Junior confirma visita a Jaguaria\u00edva durante a 110\u00aa Festa do Senhor Bom Jesus da Pedra Fria\"}]},{\"@type\":\"WebSite\",\"@id\":\"https:\\\/\\\/mznoticia.com.br\\\/jaguariaiva\\\/#website\",\"url\":\"https:\\\/\\\/mznoticia.com.br\\\/jaguariaiva\\\/\",\"name\":\"Mz Not\u00edcia\",\"description\":\"A informa\u00e7\u00e3o que voc\u00ea precisa na hora certa!\",\"publisher\":{\"@id\":\"https:\\\/\\\/mznoticia.com.br\\\/jaguariaiva\\\/#organization\"},\"potentialAction\":[{\"@type\":\"SearchAction\",\"target\":{\"@type\":\"EntryPoint\",\"urlTemplate\":\"https:\\\/\\\/mznoticia.com.br\\\/jaguariaiva\\\/?s={search_term_string}\"},\"query-input\":{\"@type\":\"PropertyValueSpecification\",\"valueRequired\":true,\"valueName\":\"search_term_string\"}}],\"inLanguage\":\"pt-BR\"},{\"@type\":\"Organization\",\"@id\":\"https:\\\/\\\/mznoticia.com.br\\\/jaguariaiva\\\/#organization\",\"name\":\"Mz Not\u00edcia\",\"url\":\"https:\\\/\\\/mznoticia.com.br\\\/jaguariaiva\\\/\",\"logo\":{\"@type\":\"ImageObject\",\"inLanguage\":\"pt-BR\",\"@id\":\"https:\\\/\\\/mznoticia.com.br\\\/jaguariaiva\\\/#\\\/schema\\\/logo\\\/image\\\/\",\"url\":\"https:\\\/\\\/mznoticia.com.br\\\/jaguariaiva\\\/wp-content\\\/uploads\\\/2025\\\/03\\\/Design-sem-nome-4-e1741200616392.png\",\"contentUrl\":\"https:\\\/\\\/mznoticia.com.br\\\/jaguariaiva\\\/wp-content\\\/uploads\\\/2025\\\/03\\\/Design-sem-nome-4-e1741200616392.png\",\"width\":750,\"height\":563,\"caption\":\"Mz Not\u00edcia\"},\"image\":{\"@id\":\"https:\\\/\\\/mznoticia.com.br\\\/jaguariaiva\\\/#\\\/schema\\\/logo\\\/image\\\/\"},\"sameAs\":[\"https:\\\/\\\/www.facebook.com\\\/profile.php?id=61573479951222\",\"https:\\\/\\\/www.instagram.com\\\/mz.jaguariaiva\\\/\"]},{\"@type\":\"Person\",\"@id\":\"https:\\\/\\\/mznoticia.com.br\\\/jaguariaiva\\\/#\\\/schema\\\/person\\\/9081e3eea38d0f9ff6d13386b9d71916\",\"name\":\"redacao mz\",\"image\":{\"@type\":\"ImageObject\",\"inLanguage\":\"pt-BR\",\"@id\":\"https:\\\/\\\/mznoticia.com.br\\\/jaguariaiva\\\/wp-content\\\/uploads\\\/2025\\\/02\\\/mznoticia_jaguariaiva_coluna-150x150.png\",\"url\":\"https:\\\/\\\/mznoticia.com.br\\\/jaguariaiva\\\/wp-content\\\/uploads\\\/2025\\\/02\\\/mznoticia_jaguariaiva_coluna-150x150.png\",\"contentUrl\":\"https:\\\/\\\/mznoticia.com.br\\\/jaguariaiva\\\/wp-content\\\/uploads\\\/2025\\\/02\\\/mznoticia_jaguariaiva_coluna-150x150.png\",\"caption\":\"redacao mz\"},\"url\":\"https:\\\/\\\/mznoticia.com.br\\\/jaguariaiva\\\/author\\\/manu\\\/\"}]}<\/script>\n<!-- \/ Yoast SEO plugin. -->","yoast_head_json":{"title":"Ratinho Junior confirma visita a Jaguaria\u00edva durante a 110\u00aa Festa do Senhor Bom Jesus da Pedra Fria - Mz Not\u00edcias","description":"Ratinho Junior confirma visita a Jaguaria\u00edva durante a 110\u00aa Festa do Senhor Bom Jesus da Pedra Fria. Governador participa da programa\u00e7\u00e3o na pr\u00f3xima quinta-feira (6).","robots":{"index":"index","follow":"follow","max-snippet":"max-snippet:-1","max-image-preview":"max-image-preview:large","max-video-preview":"max-video-preview:-1"},"canonical":"https:\/\/mznoticia.com.br\/jaguariaiva\/ratinho-junior-confirma-visita-a-jaguariaiva-durante-a-110a-festa-do-senhor-bom-jesus-da-pedra-fria\/","og_locale":"pt_BR","og_type":"article","og_title":"Ratinho Junior confirma visita a Jaguaria\u00edva durante a 110\u00aa Festa do Senhor Bom Jesus da Pedra Fria - Mz Not\u00edcias","og_description":"Ratinho Junior confirma visita a Jaguaria\u00edva durante a 110\u00aa Festa do Senhor Bom Jesus da Pedra Fria. Governador participa da programa\u00e7\u00e3o na pr\u00f3xima quinta-feira (6).","og_url":"https:\/\/mznoticia.com.br\/jaguariaiva\/ratinho-junior-confirma-visita-a-jaguariaiva-durante-a-110a-festa-do-senhor-bom-jesus-da-pedra-fria\/","og_site_name":"Mz Not\u00edcias","article_publisher":"https:\/\/www.facebook.com\/profile.php?id=61573479951222","article_published_time":"2026-08-04T22:01:25+00:00","og_image":[{"width":1200,"height":764,"url":"https:\/\/mznoticia.com.br\/jaguariaiva\/wp-content\/uploads\/2026\/08\/ratinho.jpg","type":"image\/jpeg"}],"author":"redacao mz","twitter_card":"summary_large_image","twitter_misc":{"Escrito por":"redacao mz","Est. tempo de leitura":"2 minutos"},"schema":{"@context":"https:\/\/schema.org","@graph":[{"@type":"Article","@id":"https:\/\/mznoticia.com.br\/jaguariaiva\/ratinho-junior-confirma-visita-a-jaguariaiva-durante-a-110a-festa-do-senhor-bom-jesus-da-pedra-fria\/#article","isPartOf":{"@id":"https:\/\/mznoticia.com.br\/jaguariaiva\/ratinho-junior-confirma-visita-a-jaguariaiva-durante-a-110a-festa-do-senhor-bom-jesus-da-pedra-fria\/"},"author":{"name":"redacao mz","@id":"https:\/\/mznoticia.com.br\/jaguariaiva\/#\/schema\/person\/9081e3eea38d0f9ff6d13386b9d71916"},"headline":"Ratinho Junior confirma visita a Jaguaria\u00edva durante a 110\u00aa Festa do Senhor Bom Jesus da Pedra Fria","datePublished":"2026-08-04T22:01:25+00:00","mainEntityOfPage":{"@id":"https:\/\/mznoticia.com.br\/jaguariaiva\/ratinho-junior-confirma-visita-a-jaguariaiva-durante-a-110a-festa-do-senhor-bom-jesus-da-pedra-fria\/"},"wordCount":327,"commentCount":0,"publisher":{"@id":"https:\/\/mznoticia.com.br\/jaguariaiva\/#organization"},"image":{"@id":"https:\/\/mznoticia.com.br\/jaguariaiva\/ratinho-junior-confirma-visita-a-jaguariaiva-durante-a-110a-festa-do-senhor-bom-jesus-da-pedra-fria\/#primaryimage"},"thumbnailUrl":"https:\/\/mznoticia.com.br\/jaguariaiva\/wp-content\/uploads\/2026\/08\/ratinho.jpg","keywords":["#RatinhoJunior #Jaguaria\u00edva #SenhorBomJesusDaPedraFria #FestaReligiosa #Paran\u00e1 #NortePioneiro #Romaria #GovernoDoParan\u00e1 #Pol\u00edtica #MZNot\u00edcias"],"articleSection":["Jaguaria\u00edva","Pol\u00edtica"],"inLanguage":"pt-BR","potentialAction":[{"@type":"CommentAction","name":"Comment","target":["https:\/\/mznoticia.com.br\/jaguariaiva\/ratinho-junior-confirma-visita-a-jaguariaiva-durante-a-110a-festa-do-senhor-bom-jesus-da-pedra-fria\/#respond"]}]},{"@type":"WebPage","@id":"https:\/\/mznoticia.com.br\/jaguariaiva\/ratinho-junior-confirma-visita-a-jaguariaiva-durante-a-110a-festa-do-senhor-bom-jesus-da-pedra-fria\/","url":"https:\/\/mznoticia.com.br\/jaguariaiva\/ratinho-junior-confirma-visita-a-jaguariaiva-durante-a-110a-festa-do-senhor-bom-jesus-da-pedra-fria\/","name":"Ratinho Junior confirma visita a Jaguaria\u00edva durante a 110\u00aa Festa do Senhor Bom Jesus da Pedra Fria - Mz Not\u00edcias","isPartOf":{"@id":"https:\/\/mznoticia.com.br\/jaguariaiva\/#website"},"primaryImageOfPage":{"@id":"https:\/\/mznoticia.com.br\/jaguariaiva\/ratinho-junior-confirma-visita-a-jaguariaiva-durante-a-110a-festa-do-senhor-bom-jesus-da-pedra-fria\/#primaryimage"},"image":{"@id":"https:\/\/mznoticia.com.br\/jaguariaiva\/ratinho-junior-confirma-visita-a-jaguariaiva-durante-a-110a-festa-do-senhor-bom-jesus-da-pedra-fria\/#primaryimage"},"thumbnailUrl":"https:\/\/mznoticia.com.br\/jaguariaiva\/wp-content\/uploads\/2026\/08\/ratinho.jpg","datePublished":"2026-08-04T22:01:25+00:00","description":"Ratinho Junior confirma visita a Jaguaria\u00edva durante a 110\u00aa Festa do Senhor Bom Jesus da Pedra Fria. Governador participa da programa\u00e7\u00e3o na pr\u00f3xima quinta-feira (6).","breadcrumb":{"@id":"https:\/\/mznoticia.com.br\/jaguariaiva\/ratinho-junior-confirma-visita-a-jaguariaiva-durante-a-110a-festa-do-senhor-bom-jesus-da-pedra-fria\/#breadcrumb"},"inLanguage":"pt-BR","potentialAction":[{"@type":"ReadAction","target":["https:\/\/mznoticia.com.br\/jaguariaiva\/ratinho-junior-confirma-visita-a-jaguariaiva-durante-a-110a-festa-do-senhor-bom-jesus-da-pedra-fria\/"]}]},{"@type":"ImageObject","inLanguage":"pt-BR","@id":"https:\/\/mznoticia.com.br\/jaguariaiva\/ratinho-junior-confirma-visita-a-jaguariaiva-durante-a-110a-festa-do-senhor-bom-jesus-da-pedra-fria\/#primaryimage","url":"https:\/\/mznoticia.com.br\/jaguariaiva\/wp-content\/uploads\/2026\/08\/ratinho.jpg","contentUrl":"https:\/\/mznoticia.com.br\/jaguariaiva\/wp-content\/uploads\/2026\/08\/ratinho.jpg","width":1200,"height":764},{"@type":"BreadcrumbList","@id":"https:\/\/mznoticia.com.br\/jaguariaiva\/ratinho-junior-confirma-visita-a-jaguariaiva-durante-a-110a-festa-do-senhor-bom-jesus-da-pedra-fria\/#breadcrumb","itemListElement":[{"@type":"ListItem","position":1,"name":"Home","item":"https:\/\/mznoticia.com.br\/jaguariaiva\/"},{"@type":"ListItem","position":2,"name":"Ratinho Junior confirma visita a Jaguaria\u00edva durante a 110\u00aa Festa do Senhor Bom Jesus da Pedra Fria"}]},{"@type":"WebSite","@id":"https:\/\/mznoticia.com.br\/jaguariaiva\/#website","url":"https:\/\/mznoticia.com.br\/jaguariaiva\/","name":"Mz Not\u00edcia","description":"A informa\u00e7\u00e3o que voc\u00ea precisa na hora certa!","publisher":{"@id":"https:\/\/mznoticia.com.br\/jaguariaiva\/#organization"},"potentialAction":[{"@type":"SearchAction","target":{"@type":"EntryPoint","urlTemplate":"https:\/\/mznoticia.com.br\/jaguariaiva\/?s={search_term_string}"},"query-input":{"@type":"PropertyValueSpecification","valueRequired":true,"valueName":"search_term_string"}}],"inLanguage":"pt-BR"},{"@type":"Organization","@id":"https:\/\/mznoticia.com.br\/jaguariaiva\/#organization","name":"Mz Not\u00edcia","url":"https:\/\/mznoticia.com.br\/jaguariaiva\/","logo":{"@type":"ImageObject","inLanguage":"pt-BR","@id":"https:\/\/mznoticia.com.br\/jaguariaiva\/#\/schema\/logo\/image\/","url":"https:\/\/mznoticia.com.br\/jaguariaiva\/wp-content\/uploads\/2025\/03\/Design-sem-nome-4-e1741200616392.png","contentUrl":"https:\/\/mznoticia.com.br\/jaguariaiva\/wp-content\/uploads\/2025\/03\/Design-sem-nome-4-e1741200616392.png","width":750,"height":563,"caption":"Mz Not\u00edcia"},"image":{"@id":"https:\/\/mznoticia.com.br\/jaguariaiva\/#\/schema\/logo\/image\/"},"sameAs":["https:\/\/www.facebook.com\/profile.php?id=61573479951222","https:\/\/www.instagram.com\/mz.jaguariaiva\/"]},{"@type":"Person","@id":"https:\/\/mznoticia.com.br\/jaguariaiva\/#\/schema\/person\/9081e3eea38d0f9ff6d13386b9d71916","name":"redacao mz","image":{"@type":"ImageObject","inLanguage":"pt-BR","@id":"https:\/\/mznoticia.com.br\/jaguariaiva\/wp-content\/uploads\/2025\/02\/mznoticia_jaguariaiva_coluna-150x150.png","url":"https:\/\/mznoticia.com.br\/jaguariaiva\/wp-content\/uploads\/2025\/02\/mznoticia_jaguariaiva_coluna-150x150.png","contentUrl":"https:\/\/mznoticia.com.br\/jaguariaiva\/wp-content\/uploads\/2025\/02\/mznoticia_jaguariaiva_coluna-150x150.png","caption":"redacao mz"},"url":"https:\/\/mznoticia.com.br\/jaguariaiva\/author\/manu\/"}]}},"_links":{"self":[{"href":"https:\/\/mznoticia.com.br\/jaguariaiva\/wp-json\/wp\/v2\/posts\/5915","targetHints":{"allow":["GET"]}}],"collection":[{"href":"https:\/\/mznoticia.com.br\/jaguariaiva\/wp-json\/wp\/v2\/posts"}],"about":[{"href":"https:\/\/mznoticia.com.br\/jaguariaiva\/wp-json\/wp\/v2\/types\/post"}],"author":[{"embeddable":true,"href":"https:\/\/mznoticia.com.br\/jaguariaiva\/wp-json\/wp\/v2\/users\/17"}],"replies":[{"embeddable":true,"href":"https:\/\/mznoticia.com.br\/jaguariaiva\/wp-json\/wp\/v2\/comments?post=5915"}],"version-history":[{"count":1,"href":"https:\/\/mznoticia.com.br\/jaguariaiva\/wp-json\/wp\/v2\/posts\/5915\/revisions"}],"predecessor-version":[{"id":5917,"href":"https:\/\/mznoticia.com.br\/jaguariaiva\/wp-json\/wp\/v2\/posts\/5915\/revisions\/5917"}],"wp:featuredmedia":[{"embeddable":true,"href":"https:\/\/mznoticia.com.br\/jaguariaiva\/wp-json\/wp\/v2\/media\/5916"}],"wp:attachment":[{"href":"https:\/\/mznoticia.com.br\/jaguariaiva\/wp-json\/wp\/v2\/media?parent=5915"}],"wp:term":[{"taxonomy":"category","embeddable":true,"href":"https:\/\/mznoticia.com.br\/jaguariaiva\/wp-json\/wp\/v2\/categories?post=5915"},{"taxonomy":"post_tag","embeddable":true,"href":"https:\/\/mznoticia.com.br\/jaguariaiva\/wp-json\/wp\/v2\/tags?post=5915"}],"curies":[{"name":"wp","href":"https:\/\/api.w.org\/{rel}","templated":true}]}}