{"id":5942,"date":"2026-08-05T13:04:42","date_gmt":"2026-08-05T13:04:42","guid":{"rendered":"https:\/\/mznoticia.com.br\/jaguariaiva\/?p=5942"},"modified":"2026-08-05T13:04:42","modified_gmt":"2026-08-05T13:04:42","slug":"flamengo-encaminha-contratacao-de-aiyran-promessa-de-17-anos-do-cuiaba-e-da-selecao-brasileira","status":"publish","type":"post","link":"https:\/\/mznoticia.com.br\/jaguariaiva\/flamengo-encaminha-contratacao-de-aiyran-promessa-de-17-anos-do-cuiaba-e-da-selecao-brasileira\/","title":{"rendered":"Flamengo encaminha contrata\u00e7\u00e3o de Aiyran, promessa de 17 anos do Cuiab\u00e1 e da Sele\u00e7\u00e3o Brasileira"},"content":{"rendered":"<p class=\"PDq2pG_selectionAnchorContainer\" data-start=\"115\" data-end=\"288\">Atacante deve ser adquirido por R$ 6 milh\u00f5es por 60% dos direitos econ\u00f4micos ap\u00f3s se destacar pelo Cuiab\u00e1 e ser convocado para a Sele\u00e7\u00e3o Brasileira Sub-17.<\/p>\n<h3 data-section-id=\"tp8clv\" data-start=\"290\" data-end=\"323\">Negocia\u00e7\u00e3o est\u00e1 em fase final<\/h3>\n<p data-start=\"325\" data-end=\"597\">O Flamengo encaminhou a contrata\u00e7\u00e3o do atacante Aiyran, de 17 anos, considerado uma das principais promessas do futebol brasileiro. O clube carioca e o Cuiab\u00e1 chegaram a um acordo nesta ter\u00e7a-feira (4) e aguardam apenas a troca de documentos para a assinatura do contrato.<\/p>\n<p data-start=\"599\" data-end=\"918\">A negocia\u00e7\u00e3o foi fechada em <strong data-start=\"627\" data-end=\"643\">R$ 6 milh\u00f5es<\/strong> pela aquisi\u00e7\u00e3o de <strong data-start=\"662\" data-end=\"693\">60% dos direitos econ\u00f4micos<\/strong> do jogador. A multa rescis\u00f3ria do atleta era de R$ 10 milh\u00f5es, valor que o Flamengo estava disposto a pagar, mas as partes chegaram a um entendimento para que o Cuiab\u00e1 permanecesse com um percentual dos direitos do atacante.<\/p>\n<h3 data-section-id=\"1wuxu3g\" data-start=\"920\" data-end=\"942\">Destaque no Cuiab\u00e1<\/h3>\n<p data-start=\"944\" data-end=\"1060\">Aiyran ganhou proje\u00e7\u00e3o nacional ap\u00f3s se tornar o jogador mais jovem a marcar um gol pela equipe principal do Cuiab\u00e1.<\/p>\n<p data-start=\"1062\" data-end=\"1224\">O atacante alcan\u00e7ou o feito aos <strong data-start=\"1094\" data-end=\"1128\">17 anos, cinco meses e 29 dias<\/strong>, ao garantir a vit\u00f3ria por <strong data-start=\"1156\" data-end=\"1184\">1 a 0 sobre o Am\u00e9rica-MG<\/strong>, pela S\u00e9rie B do Campeonato Brasileiro.<\/p>\n<p data-start=\"1226\" data-end=\"1391\">Al\u00e9m do Flamengo, outros clubes da S\u00e9rie A demonstraram interesse na contrata\u00e7\u00e3o da jovem promessa, mas o Rubro-Negro esteve \u00e0 frente das negocia\u00e7\u00f5es desde o in\u00edcio.<\/p>\n<h3 data-section-id=\"11jjarf\" data-start=\"1393\" data-end=\"1432\">Convocado para a Sele\u00e7\u00e3o Brasileira<\/h3>\n<p data-start=\"1434\" data-end=\"1526\">O bom momento tamb\u00e9m rendeu ao atacante uma convoca\u00e7\u00e3o para a <strong data-start=\"1496\" data-end=\"1525\">Sele\u00e7\u00e3o Brasileira Sub-17<\/strong>.<\/p>\n<p data-start=\"1528\" data-end=\"1730\">Aiyran est\u00e1 entre os 25 atletas chamados pelo t\u00e9cnico Carlos Eduardo Patetuci para o per\u00edodo de prepara\u00e7\u00e3o visando a Copa do Mundo da categoria, incluindo amistosos contra a Venezuela, na Granja Comary.<\/p>\n<h3 data-section-id=\"11bewj5\" data-start=\"1732\" data-end=\"1758\">Trajet\u00f3ria do atacante<\/h3>\n<p data-start=\"1760\" data-end=\"1882\">Natural de <strong data-start=\"1771\" data-end=\"1791\">S\u00e3o Gon\u00e7alo (RJ)<\/strong> e criado no bairro Barreto, em Niter\u00f3i, Aiyran iniciou a carreira no futsal aos sete anos.<\/p>\n<p data-start=\"1884\" data-end=\"2071\">Posteriormente, migrou para o futebol de campo, passando pelas categorias de base do Fluminense e, aos 12 anos, chegou ao Botafogo, onde foi destaque e conquistou a Ta\u00e7a Guanabara Sub-13.<\/p>\n<p data-start=\"2073\" data-end=\"2278\">Ap\u00f3s deixar o clube carioca no fim de 2024, o atacante realizou um per\u00edodo de avalia\u00e7\u00f5es no Flamengo. No entanto, antes de retornar para uma nova etapa de testes, recebeu um convite para defender o Cuiab\u00e1.<\/p>\n<p data-start=\"2280\" data-end=\"2478\">A transfer\u00eancia para o clube mato-grossense foi articulada por Thiago Aprigio, ex-coordenador das categorias de base do Flamengo e atual coordenador do Cuiab\u00e1, que j\u00e1 conhecia o potencial do atleta.<\/p>\n","protected":false},"excerpt":{"rendered":"<p>Atacante deve ser adquirido por R$ 6 milh\u00f5es por 60% dos direitos econ\u00f4micos ap\u00f3s se destacar pelo Cuiab\u00e1 e ser convocado para a Sele\u00e7\u00e3o Brasileira Sub-17. Negocia\u00e7\u00e3o est\u00e1 em fase final O Flamengo encaminhou a contrata\u00e7\u00e3o do atacante Aiyran, de 17 anos, considerado uma das principais promessas do futebol brasileiro. O clube carioca e o [&hellip;]<\/p>\n","protected":false},"author":16,"featured_media":5943,"comment_status":"open","ping_status":"open","sticky":false,"template":"","format":"standard","meta":{"footnotes":""},"categories":[9],"tags":[1628,1631,1632,1535,1627,39,1629,1633,1630,763],"class_list":["post-5942","post","type-post","status-publish","format-standard","has-post-thumbnail","hentry","category-esportes","tag-aiyran","tag-base","tag-contratacao","tag-cuiaba","tag-flamengo","tag-futebol","tag-mercado-da-bola","tag-rubro-negro","tag-selecao-brasileira-sub-17","tag-serie-b"],"yoast_head":"<!-- This site is optimized with the Yoast SEO plugin v28.1 - https:\/\/yoast.com\/product\/yoast-seo-wordpress\/ -->\n<title>Flamengo encaminha contrata\u00e7\u00e3o de Aiyran, promessa de 17 anos do Cuiab\u00e1 e da Sele\u00e7\u00e3o Brasileira - Mz Not\u00edcias<\/title>\n<meta name=\"description\" content=\"Flamengo encaminha a contrata\u00e7\u00e3o do atacante Aiyran, de 17 anos, destaque do Cuiab\u00e1 e convocado para a Sele\u00e7\u00e3o Brasileira Sub-17.\" \/>\n<meta name=\"robots\" content=\"index, follow, max-snippet:-1, max-image-preview:large, max-video-preview:-1\" \/>\n<link rel=\"canonical\" href=\"https:\/\/mznoticia.com.br\/jaguariaiva\/flamengo-encaminha-contratacao-de-aiyran-promessa-de-17-anos-do-cuiaba-e-da-selecao-brasileira\/\" \/>\n<meta property=\"og:locale\" content=\"pt_BR\" \/>\n<meta property=\"og:type\" content=\"article\" \/>\n<meta property=\"og:title\" content=\"Flamengo encaminha contrata\u00e7\u00e3o de Aiyran, promessa de 17 anos do Cuiab\u00e1 e da Sele\u00e7\u00e3o Brasileira - Mz Not\u00edcias\" \/>\n<meta property=\"og:description\" content=\"Flamengo encaminha a contrata\u00e7\u00e3o do atacante Aiyran, de 17 anos, destaque do Cuiab\u00e1 e convocado para a Sele\u00e7\u00e3o Brasileira Sub-17.\" \/>\n<meta property=\"og:url\" content=\"https:\/\/mznoticia.com.br\/jaguariaiva\/flamengo-encaminha-contratacao-de-aiyran-promessa-de-17-anos-do-cuiaba-e-da-selecao-brasileira\/\" \/>\n<meta property=\"og:site_name\" content=\"Mz Not\u00edcias\" \/>\n<meta property=\"article:publisher\" content=\"https:\/\/www.facebook.com\/profile.php?id=61573479951222\" \/>\n<meta property=\"article:published_time\" content=\"2026-08-05T13:04:42+00:00\" \/>\n<meta name=\"author\" content=\"Redacao mz\" \/>\n<meta name=\"twitter:card\" content=\"summary_large_image\" \/>\n<meta name=\"twitter:label1\" content=\"Escrito por\" \/>\n\t<meta name=\"twitter:data1\" content=\"Redacao mz\" \/>\n\t<meta name=\"twitter:label2\" content=\"Est. tempo de leitura\" \/>\n\t<meta name=\"twitter:data2\" content=\"3 minutos\" \/>\n<script type=\"application\/ld+json\" class=\"yoast-schema-graph\">{\"@context\":\"https:\\\/\\\/schema.org\",\"@graph\":[{\"@type\":\"Article\",\"@id\":\"https:\\\/\\\/mznoticia.com.br\\\/jaguariaiva\\\/flamengo-encaminha-contratacao-de-aiyran-promessa-de-17-anos-do-cuiaba-e-da-selecao-brasileira\\\/#article\",\"isPartOf\":{\"@id\":\"https:\\\/\\\/mznoticia.com.br\\\/jaguariaiva\\\/flamengo-encaminha-contratacao-de-aiyran-promessa-de-17-anos-do-cuiaba-e-da-selecao-brasileira\\\/\"},\"author\":{\"name\":\"Redacao mz\",\"@id\":\"https:\\\/\\\/mznoticia.com.br\\\/jaguariaiva\\\/#\\\/schema\\\/person\\\/84012d827247b3f42f37b550da79cd03\"},\"headline\":\"Flamengo encaminha contrata\u00e7\u00e3o de Aiyran, promessa de 17 anos do Cuiab\u00e1 e da Sele\u00e7\u00e3o Brasileira\",\"datePublished\":\"2026-08-05T13:04:42+00:00\",\"mainEntityOfPage\":{\"@id\":\"https:\\\/\\\/mznoticia.com.br\\\/jaguariaiva\\\/flamengo-encaminha-contratacao-de-aiyran-promessa-de-17-anos-do-cuiaba-e-da-selecao-brasileira\\\/\"},\"wordCount\":420,\"commentCount\":0,\"publisher\":{\"@id\":\"https:\\\/\\\/mznoticia.com.br\\\/jaguariaiva\\\/#organization\"},\"image\":{\"@id\":\"https:\\\/\\\/mznoticia.com.br\\\/jaguariaiva\\\/flamengo-encaminha-contratacao-de-aiyran-promessa-de-17-anos-do-cuiaba-e-da-selecao-brasileira\\\/#primaryimage\"},\"thumbnailUrl\":\"https:\\\/\\\/mznoticia.com.br\\\/jaguariaiva\\\/wp-content\\\/uploads\\\/2026\\\/08\\\/10.avif\",\"keywords\":[\"Aiyran\",\"Base\",\"Contrata\u00e7\u00e3o\",\"Cuiab\u00e1\",\"Flamengo\",\"futebol\",\"Mercado da Bola\",\"Rubro-Negro\",\"Sele\u00e7\u00e3o Brasileira Sub-17\",\"S\u00e9rie B\"],\"articleSection\":[\"Esportes\"],\"inLanguage\":\"pt-BR\",\"potentialAction\":[{\"@type\":\"CommentAction\",\"name\":\"Comment\",\"target\":[\"https:\\\/\\\/mznoticia.com.br\\\/jaguariaiva\\\/flamengo-encaminha-contratacao-de-aiyran-promessa-de-17-anos-do-cuiaba-e-da-selecao-brasileira\\\/#respond\"]}]},{\"@type\":\"WebPage\",\"@id\":\"https:\\\/\\\/mznoticia.com.br\\\/jaguariaiva\\\/flamengo-encaminha-contratacao-de-aiyran-promessa-de-17-anos-do-cuiaba-e-da-selecao-brasileira\\\/\",\"url\":\"https:\\\/\\\/mznoticia.com.br\\\/jaguariaiva\\\/flamengo-encaminha-contratacao-de-aiyran-promessa-de-17-anos-do-cuiaba-e-da-selecao-brasileira\\\/\",\"name\":\"Flamengo encaminha contrata\u00e7\u00e3o de Aiyran, promessa de 17 anos do Cuiab\u00e1 e da Sele\u00e7\u00e3o Brasileira - Mz Not\u00edcias\",\"isPartOf\":{\"@id\":\"https:\\\/\\\/mznoticia.com.br\\\/jaguariaiva\\\/#website\"},\"primaryImageOfPage\":{\"@id\":\"https:\\\/\\\/mznoticia.com.br\\\/jaguariaiva\\\/flamengo-encaminha-contratacao-de-aiyran-promessa-de-17-anos-do-cuiaba-e-da-selecao-brasileira\\\/#primaryimage\"},\"image\":{\"@id\":\"https:\\\/\\\/mznoticia.com.br\\\/jaguariaiva\\\/flamengo-encaminha-contratacao-de-aiyran-promessa-de-17-anos-do-cuiaba-e-da-selecao-brasileira\\\/#primaryimage\"},\"thumbnailUrl\":\"https:\\\/\\\/mznoticia.com.br\\\/jaguariaiva\\\/wp-content\\\/uploads\\\/2026\\\/08\\\/10.avif\",\"datePublished\":\"2026-08-05T13:04:42+00:00\",\"description\":\"Flamengo encaminha a contrata\u00e7\u00e3o do atacante Aiyran, de 17 anos, destaque do Cuiab\u00e1 e convocado para a Sele\u00e7\u00e3o Brasileira Sub-17.\",\"breadcrumb\":{\"@id\":\"https:\\\/\\\/mznoticia.com.br\\\/jaguariaiva\\\/flamengo-encaminha-contratacao-de-aiyran-promessa-de-17-anos-do-cuiaba-e-da-selecao-brasileira\\\/#breadcrumb\"},\"inLanguage\":\"pt-BR\",\"potentialAction\":[{\"@type\":\"ReadAction\",\"target\":[\"https:\\\/\\\/mznoticia.com.br\\\/jaguariaiva\\\/flamengo-encaminha-contratacao-de-aiyran-promessa-de-17-anos-do-cuiaba-e-da-selecao-brasileira\\\/\"]}]},{\"@type\":\"ImageObject\",\"inLanguage\":\"pt-BR\",\"@id\":\"https:\\\/\\\/mznoticia.com.br\\\/jaguariaiva\\\/flamengo-encaminha-contratacao-de-aiyran-promessa-de-17-anos-do-cuiaba-e-da-selecao-brasileira\\\/#primaryimage\",\"url\":\"https:\\\/\\\/mznoticia.com.br\\\/jaguariaiva\\\/wp-content\\\/uploads\\\/2026\\\/08\\\/10.avif\",\"contentUrl\":\"https:\\\/\\\/mznoticia.com.br\\\/jaguariaiva\\\/wp-content\\\/uploads\\\/2026\\\/08\\\/10.avif\",\"width\":984,\"height\":656},{\"@type\":\"BreadcrumbList\",\"@id\":\"https:\\\/\\\/mznoticia.com.br\\\/jaguariaiva\\\/flamengo-encaminha-contratacao-de-aiyran-promessa-de-17-anos-do-cuiaba-e-da-selecao-brasileira\\\/#breadcrumb\",\"itemListElement\":[{\"@type\":\"ListItem\",\"position\":1,\"name\":\"Home\",\"item\":\"https:\\\/\\\/mznoticia.com.br\\\/jaguariaiva\\\/\"},{\"@type\":\"ListItem\",\"position\":2,\"name\":\"Flamengo encaminha contrata\u00e7\u00e3o de Aiyran, promessa de 17 anos do Cuiab\u00e1 e da Sele\u00e7\u00e3o Brasileira\"}]},{\"@type\":\"WebSite\",\"@id\":\"https:\\\/\\\/mznoticia.com.br\\\/jaguariaiva\\\/#website\",\"url\":\"https:\\\/\\\/mznoticia.com.br\\\/jaguariaiva\\\/\",\"name\":\"Mz Not\u00edcia\",\"description\":\"A informa\u00e7\u00e3o que voc\u00ea precisa na hora certa!\",\"publisher\":{\"@id\":\"https:\\\/\\\/mznoticia.com.br\\\/jaguariaiva\\\/#organization\"},\"potentialAction\":[{\"@type\":\"SearchAction\",\"target\":{\"@type\":\"EntryPoint\",\"urlTemplate\":\"https:\\\/\\\/mznoticia.com.br\\\/jaguariaiva\\\/?s={search_term_string}\"},\"query-input\":{\"@type\":\"PropertyValueSpecification\",\"valueRequired\":true,\"valueName\":\"search_term_string\"}}],\"inLanguage\":\"pt-BR\"},{\"@type\":\"Organization\",\"@id\":\"https:\\\/\\\/mznoticia.com.br\\\/jaguariaiva\\\/#organization\",\"name\":\"Mz Not\u00edcia\",\"url\":\"https:\\\/\\\/mznoticia.com.br\\\/jaguariaiva\\\/\",\"logo\":{\"@type\":\"ImageObject\",\"inLanguage\":\"pt-BR\",\"@id\":\"https:\\\/\\\/mznoticia.com.br\\\/jaguariaiva\\\/#\\\/schema\\\/logo\\\/image\\\/\",\"url\":\"https:\\\/\\\/mznoticia.com.br\\\/jaguariaiva\\\/wp-content\\\/uploads\\\/2025\\\/03\\\/Design-sem-nome-4-e1741200616392.png\",\"contentUrl\":\"https:\\\/\\\/mznoticia.com.br\\\/jaguariaiva\\\/wp-content\\\/uploads\\\/2025\\\/03\\\/Design-sem-nome-4-e1741200616392.png\",\"width\":750,\"height\":563,\"caption\":\"Mz Not\u00edcia\"},\"image\":{\"@id\":\"https:\\\/\\\/mznoticia.com.br\\\/jaguariaiva\\\/#\\\/schema\\\/logo\\\/image\\\/\"},\"sameAs\":[\"https:\\\/\\\/www.facebook.com\\\/profile.php?id=61573479951222\",\"https:\\\/\\\/www.instagram.com\\\/mz.jaguariaiva\\\/\"]},{\"@type\":\"Person\",\"@id\":\"https:\\\/\\\/mznoticia.com.br\\\/jaguariaiva\\\/#\\\/schema\\\/person\\\/84012d827247b3f42f37b550da79cd03\",\"name\":\"Redacao mz\",\"image\":{\"@type\":\"ImageObject\",\"inLanguage\":\"pt-BR\",\"@id\":\"https:\\\/\\\/mznoticia.com.br\\\/jaguariaiva\\\/wp-content\\\/uploads\\\/2025\\\/02\\\/mznoticia_jaguariaiva_coluna-150x150.png\",\"url\":\"https:\\\/\\\/mznoticia.com.br\\\/jaguariaiva\\\/wp-content\\\/uploads\\\/2025\\\/02\\\/mznoticia_jaguariaiva_coluna-150x150.png\",\"contentUrl\":\"https:\\\/\\\/mznoticia.com.br\\\/jaguariaiva\\\/wp-content\\\/uploads\\\/2025\\\/02\\\/mznoticia_jaguariaiva_coluna-150x150.png\",\"caption\":\"Redacao mz\"},\"sameAs\":[\"http:\\\/\\\/mznoticia.com.br\"],\"url\":\"https:\\\/\\\/mznoticia.com.br\\\/jaguariaiva\\\/author\\\/lucimara\\\/\"}]}<\/script>\n<!-- \/ Yoast SEO plugin. -->","yoast_head_json":{"title":"Flamengo encaminha contrata\u00e7\u00e3o de Aiyran, promessa de 17 anos do Cuiab\u00e1 e da Sele\u00e7\u00e3o Brasileira - Mz Not\u00edcias","description":"Flamengo encaminha a contrata\u00e7\u00e3o do atacante Aiyran, de 17 anos, destaque do Cuiab\u00e1 e convocado para a Sele\u00e7\u00e3o Brasileira Sub-17.","robots":{"index":"index","follow":"follow","max-snippet":"max-snippet:-1","max-image-preview":"max-image-preview:large","max-video-preview":"max-video-preview:-1"},"canonical":"https:\/\/mznoticia.com.br\/jaguariaiva\/flamengo-encaminha-contratacao-de-aiyran-promessa-de-17-anos-do-cuiaba-e-da-selecao-brasileira\/","og_locale":"pt_BR","og_type":"article","og_title":"Flamengo encaminha contrata\u00e7\u00e3o de Aiyran, promessa de 17 anos do Cuiab\u00e1 e da Sele\u00e7\u00e3o Brasileira - Mz Not\u00edcias","og_description":"Flamengo encaminha a contrata\u00e7\u00e3o do atacante Aiyran, de 17 anos, destaque do Cuiab\u00e1 e convocado para a Sele\u00e7\u00e3o Brasileira Sub-17.","og_url":"https:\/\/mznoticia.com.br\/jaguariaiva\/flamengo-encaminha-contratacao-de-aiyran-promessa-de-17-anos-do-cuiaba-e-da-selecao-brasileira\/","og_site_name":"Mz Not\u00edcias","article_publisher":"https:\/\/www.facebook.com\/profile.php?id=61573479951222","article_published_time":"2026-08-05T13:04:42+00:00","author":"Redacao mz","twitter_card":"summary_large_image","twitter_misc":{"Escrito por":"Redacao mz","Est. tempo de leitura":"3 minutos"},"schema":{"@context":"https:\/\/schema.org","@graph":[{"@type":"Article","@id":"https:\/\/mznoticia.com.br\/jaguariaiva\/flamengo-encaminha-contratacao-de-aiyran-promessa-de-17-anos-do-cuiaba-e-da-selecao-brasileira\/#article","isPartOf":{"@id":"https:\/\/mznoticia.com.br\/jaguariaiva\/flamengo-encaminha-contratacao-de-aiyran-promessa-de-17-anos-do-cuiaba-e-da-selecao-brasileira\/"},"author":{"name":"Redacao mz","@id":"https:\/\/mznoticia.com.br\/jaguariaiva\/#\/schema\/person\/84012d827247b3f42f37b550da79cd03"},"headline":"Flamengo encaminha contrata\u00e7\u00e3o de Aiyran, promessa de 17 anos do Cuiab\u00e1 e da Sele\u00e7\u00e3o Brasileira","datePublished":"2026-08-05T13:04:42+00:00","mainEntityOfPage":{"@id":"https:\/\/mznoticia.com.br\/jaguariaiva\/flamengo-encaminha-contratacao-de-aiyran-promessa-de-17-anos-do-cuiaba-e-da-selecao-brasileira\/"},"wordCount":420,"commentCount":0,"publisher":{"@id":"https:\/\/mznoticia.com.br\/jaguariaiva\/#organization"},"image":{"@id":"https:\/\/mznoticia.com.br\/jaguariaiva\/flamengo-encaminha-contratacao-de-aiyran-promessa-de-17-anos-do-cuiaba-e-da-selecao-brasileira\/#primaryimage"},"thumbnailUrl":"https:\/\/mznoticia.com.br\/jaguariaiva\/wp-content\/uploads\/2026\/08\/10.avif","keywords":["Aiyran","Base","Contrata\u00e7\u00e3o","Cuiab\u00e1","Flamengo","futebol","Mercado da Bola","Rubro-Negro","Sele\u00e7\u00e3o Brasileira Sub-17","S\u00e9rie B"],"articleSection":["Esportes"],"inLanguage":"pt-BR","potentialAction":[{"@type":"CommentAction","name":"Comment","target":["https:\/\/mznoticia.com.br\/jaguariaiva\/flamengo-encaminha-contratacao-de-aiyran-promessa-de-17-anos-do-cuiaba-e-da-selecao-brasileira\/#respond"]}]},{"@type":"WebPage","@id":"https:\/\/mznoticia.com.br\/jaguariaiva\/flamengo-encaminha-contratacao-de-aiyran-promessa-de-17-anos-do-cuiaba-e-da-selecao-brasileira\/","url":"https:\/\/mznoticia.com.br\/jaguariaiva\/flamengo-encaminha-contratacao-de-aiyran-promessa-de-17-anos-do-cuiaba-e-da-selecao-brasileira\/","name":"Flamengo encaminha contrata\u00e7\u00e3o de Aiyran, promessa de 17 anos do Cuiab\u00e1 e da Sele\u00e7\u00e3o Brasileira - Mz Not\u00edcias","isPartOf":{"@id":"https:\/\/mznoticia.com.br\/jaguariaiva\/#website"},"primaryImageOfPage":{"@id":"https:\/\/mznoticia.com.br\/jaguariaiva\/flamengo-encaminha-contratacao-de-aiyran-promessa-de-17-anos-do-cuiaba-e-da-selecao-brasileira\/#primaryimage"},"image":{"@id":"https:\/\/mznoticia.com.br\/jaguariaiva\/flamengo-encaminha-contratacao-de-aiyran-promessa-de-17-anos-do-cuiaba-e-da-selecao-brasileira\/#primaryimage"},"thumbnailUrl":"https:\/\/mznoticia.com.br\/jaguariaiva\/wp-content\/uploads\/2026\/08\/10.avif","datePublished":"2026-08-05T13:04:42+00:00","description":"Flamengo encaminha a contrata\u00e7\u00e3o do atacante Aiyran, de 17 anos, destaque do Cuiab\u00e1 e convocado para a Sele\u00e7\u00e3o Brasileira Sub-17.","breadcrumb":{"@id":"https:\/\/mznoticia.com.br\/jaguariaiva\/flamengo-encaminha-contratacao-de-aiyran-promessa-de-17-anos-do-cuiaba-e-da-selecao-brasileira\/#breadcrumb"},"inLanguage":"pt-BR","potentialAction":[{"@type":"ReadAction","target":["https:\/\/mznoticia.com.br\/jaguariaiva\/flamengo-encaminha-contratacao-de-aiyran-promessa-de-17-anos-do-cuiaba-e-da-selecao-brasileira\/"]}]},{"@type":"ImageObject","inLanguage":"pt-BR","@id":"https:\/\/mznoticia.com.br\/jaguariaiva\/flamengo-encaminha-contratacao-de-aiyran-promessa-de-17-anos-do-cuiaba-e-da-selecao-brasileira\/#primaryimage","url":"https:\/\/mznoticia.com.br\/jaguariaiva\/wp-content\/uploads\/2026\/08\/10.avif","contentUrl":"https:\/\/mznoticia.com.br\/jaguariaiva\/wp-content\/uploads\/2026\/08\/10.avif","width":984,"height":656},{"@type":"BreadcrumbList","@id":"https:\/\/mznoticia.com.br\/jaguariaiva\/flamengo-encaminha-contratacao-de-aiyran-promessa-de-17-anos-do-cuiaba-e-da-selecao-brasileira\/#breadcrumb","itemListElement":[{"@type":"ListItem","position":1,"name":"Home","item":"https:\/\/mznoticia.com.br\/jaguariaiva\/"},{"@type":"ListItem","position":2,"name":"Flamengo encaminha contrata\u00e7\u00e3o de Aiyran, promessa de 17 anos do Cuiab\u00e1 e da Sele\u00e7\u00e3o Brasileira"}]},{"@type":"WebSite","@id":"https:\/\/mznoticia.com.br\/jaguariaiva\/#website","url":"https:\/\/mznoticia.com.br\/jaguariaiva\/","name":"Mz Not\u00edcia","description":"A informa\u00e7\u00e3o que voc\u00ea precisa na hora certa!","publisher":{"@id":"https:\/\/mznoticia.com.br\/jaguariaiva\/#organization"},"potentialAction":[{"@type":"SearchAction","target":{"@type":"EntryPoint","urlTemplate":"https:\/\/mznoticia.com.br\/jaguariaiva\/?s={search_term_string}"},"query-input":{"@type":"PropertyValueSpecification","valueRequired":true,"valueName":"search_term_string"}}],"inLanguage":"pt-BR"},{"@type":"Organization","@id":"https:\/\/mznoticia.com.br\/jaguariaiva\/#organization","name":"Mz Not\u00edcia","url":"https:\/\/mznoticia.com.br\/jaguariaiva\/","logo":{"@type":"ImageObject","inLanguage":"pt-BR","@id":"https:\/\/mznoticia.com.br\/jaguariaiva\/#\/schema\/logo\/image\/","url":"https:\/\/mznoticia.com.br\/jaguariaiva\/wp-content\/uploads\/2025\/03\/Design-sem-nome-4-e1741200616392.png","contentUrl":"https:\/\/mznoticia.com.br\/jaguariaiva\/wp-content\/uploads\/2025\/03\/Design-sem-nome-4-e1741200616392.png","width":750,"height":563,"caption":"Mz Not\u00edcia"},"image":{"@id":"https:\/\/mznoticia.com.br\/jaguariaiva\/#\/schema\/logo\/image\/"},"sameAs":["https:\/\/www.facebook.com\/profile.php?id=61573479951222","https:\/\/www.instagram.com\/mz.jaguariaiva\/"]},{"@type":"Person","@id":"https:\/\/mznoticia.com.br\/jaguariaiva\/#\/schema\/person\/84012d827247b3f42f37b550da79cd03","name":"Redacao mz","image":{"@type":"ImageObject","inLanguage":"pt-BR","@id":"https:\/\/mznoticia.com.br\/jaguariaiva\/wp-content\/uploads\/2025\/02\/mznoticia_jaguariaiva_coluna-150x150.png","url":"https:\/\/mznoticia.com.br\/jaguariaiva\/wp-content\/uploads\/2025\/02\/mznoticia_jaguariaiva_coluna-150x150.png","contentUrl":"https:\/\/mznoticia.com.br\/jaguariaiva\/wp-content\/uploads\/2025\/02\/mznoticia_jaguariaiva_coluna-150x150.png","caption":"Redacao mz"},"sameAs":["http:\/\/mznoticia.com.br"],"url":"https:\/\/mznoticia.com.br\/jaguariaiva\/author\/lucimara\/"}]}},"_links":{"self":[{"href":"https:\/\/mznoticia.com.br\/jaguariaiva\/wp-json\/wp\/v2\/posts\/5942","targetHints":{"allow":["GET"]}}],"collection":[{"href":"https:\/\/mznoticia.com.br\/jaguariaiva\/wp-json\/wp\/v2\/posts"}],"about":[{"href":"https:\/\/mznoticia.com.br\/jaguariaiva\/wp-json\/wp\/v2\/types\/post"}],"author":[{"embeddable":true,"href":"https:\/\/mznoticia.com.br\/jaguariaiva\/wp-json\/wp\/v2\/users\/16"}],"replies":[{"embeddable":true,"href":"https:\/\/mznoticia.com.br\/jaguariaiva\/wp-json\/wp\/v2\/comments?post=5942"}],"version-history":[{"count":1,"href":"https:\/\/mznoticia.com.br\/jaguariaiva\/wp-json\/wp\/v2\/posts\/5942\/revisions"}],"predecessor-version":[{"id":5944,"href":"https:\/\/mznoticia.com.br\/jaguariaiva\/wp-json\/wp\/v2\/posts\/5942\/revisions\/5944"}],"wp:featuredmedia":[{"embeddable":true,"href":"https:\/\/mznoticia.com.br\/jaguariaiva\/wp-json\/wp\/v2\/media\/5943"}],"wp:attachment":[{"href":"https:\/\/mznoticia.com.br\/jaguariaiva\/wp-json\/wp\/v2\/media?parent=5942"}],"wp:term":[{"taxonomy":"category","embeddable":true,"href":"https:\/\/mznoticia.com.br\/jaguariaiva\/wp-json\/wp\/v2\/categories?post=5942"},{"taxonomy":"post_tag","embeddable":true,"href":"https:\/\/mznoticia.com.br\/jaguariaiva\/wp-json\/wp\/v2\/tags?post=5942"}],"curies":[{"name":"wp","href":"https:\/\/api.w.org\/{rel}","templated":true}]}}