{"id":6071,"date":"2026-08-07T12:00:25","date_gmt":"2026-08-07T12:00:25","guid":{"rendered":"https:\/\/mznoticia.com.br\/jaguariaiva\/?p=6071"},"modified":"2026-08-06T17:01:33","modified_gmt":"2026-08-06T17:01:33","slug":"idoso-e-preso-no-parana-apos-publicar-video-de-abuso-sexual-contra-adolescente-de-14-anos","status":"publish","type":"post","link":"https:\/\/mznoticia.com.br\/jaguariaiva\/idoso-e-preso-no-parana-apos-publicar-video-de-abuso-sexual-contra-adolescente-de-14-anos\/","title":{"rendered":"Idoso \u00e9 preso no Paran\u00e1 ap\u00f3s publicar v\u00eddeo de abuso sexual contra adolescente de 14 anos"},"content":{"rendered":"<p class=\"PDq2pG_selectionAnchorContainer\" data-start=\"95\" data-end=\"233\"><strong data-start=\"95\" data-end=\"233\">Suspeito de 65 anos foi detido pela Pol\u00edcia Civil em Centen\u00e1rio do Sul; celular usado para gravar o crime foi apreendido para per\u00edcia.<\/strong><\/p>\n<p data-start=\"235\" data-end=\"424\">Um homem de 65 anos foi preso pela Pol\u00edcia Civil do Paran\u00e1 (PCPR), na \u00faltima segunda-feira (3), suspeito de estuprar uma adolescente de 14 anos em <strong data-start=\"382\" data-end=\"403\">Centen\u00e1rio do Sul<\/strong>, no Norte do Estado.<\/p>\n<p data-start=\"426\" data-end=\"662\">A investiga\u00e7\u00e3o teve in\u00edcio ap\u00f3s o pr\u00f3prio suspeito publicar, em uma rede social, um v\u00eddeo que registrava o abuso sexual. As imagens foram vistas por seguidores e chegaram ao conhecimento do Conselho Tutelar, que acionou a Pol\u00edcia Civil.<\/p>\n<p data-start=\"664\" data-end=\"755\">Para preservar a identidade da v\u00edtima, as autoridades n\u00e3o divulgaram o nome do investigado.<\/p>\n<h3 data-section-id=\"i1crme\" data-start=\"757\" data-end=\"792\">Suspeito tentou destruir provas<\/h3>\n<p data-start=\"794\" data-end=\"961\">Durante as dilig\u00eancias, os policiais precisaram ir a dois endere\u00e7os at\u00e9 localizar o homem. Na resid\u00eancia dele, os agentes encontraram o suspeito acompanhado da esposa.<\/p>\n<p data-start=\"963\" data-end=\"1120\">Ao perceber a chegada da equipe, ele tentou se esconder dentro da casa e se trancou no banheiro, supostamente para apagar os arquivos armazenados no celular.<\/p>\n<p data-start=\"1122\" data-end=\"1217\">Diante da recusa em abrir a porta, os policiais realizaram o arrombamento e efetuaram a pris\u00e3o.<\/p>\n<h3 data-section-id=\"1odbfkd\" data-start=\"1219\" data-end=\"1245\">Celular ser\u00e1 periciado<\/h3>\n<p data-start=\"1247\" data-end=\"1464\">Segundo a Pol\u00edcia Civil, o homem confessou o crime e afirmou que o v\u00eddeo havia sido gravado h\u00e1 alguns meses. O aparelho celular utilizado para registrar e divulgar as imagens foi apreendido e ser\u00e1 submetido \u00e0 per\u00edcia.<\/p>\n<p data-start=\"1466\" data-end=\"1618\">A adolescente foi identificada e prestou depoimento \u00e0 pol\u00edcia. Conforme o relato da v\u00edtima, ela era alvo de abusos recorrentes praticados pelo suspeito.<\/p>\n<p data-start=\"1620\" data-end=\"1785\">O homem, que n\u00e3o possu\u00eda antecedentes criminais, foi encaminhado ao pres\u00eddio de Porecatu. A Pol\u00edcia Civil representou \u00e0 Justi\u00e7a pela decreta\u00e7\u00e3o da pris\u00e3o preventiva.<\/p>\n","protected":false},"excerpt":{"rendered":"<p>Suspeito de 65 anos foi detido pela Pol\u00edcia Civil em Centen\u00e1rio do Sul; celular usado para gravar o crime foi apreendido para per\u00edcia. Um homem de 65 anos foi preso pela Pol\u00edcia Civil do Paran\u00e1 (PCPR), na \u00faltima segunda-feira (3), suspeito de estuprar uma adolescente de 14 anos em Centen\u00e1rio do Sul, no Norte do [&hellip;]<\/p>\n","protected":false},"author":16,"featured_media":6072,"comment_status":"open","ping_status":"open","sticky":false,"template":"","format":"standard","meta":{"footnotes":""},"categories":[4],"tags":[1096,1750,317,399,77,515,1752,650,316,1751],"class_list":["post-6071","post","type-post","status-publish","format-standard","has-post-thumbnail","hentry","category-policial","tag-adolescente","tag-centenario-do-sul","tag-investigacao","tag-mz-noticias","tag-parana","tag-policia-civil","tag-porecatu","tag-prisao","tag-seguranca-publica","tag-violencia-sexual"],"yoast_head":"<!-- This site is optimized with the Yoast SEO plugin v28.1 - https:\/\/yoast.com\/product\/yoast-seo-wordpress\/ -->\n<title>Idoso \u00e9 preso no Paran\u00e1 ap\u00f3s publicar v\u00eddeo de abuso sexual contra adolescente de 14 anos - Mz Not\u00edcias<\/title>\n<meta name=\"description\" content=\"Homem de 65 anos foi preso em Centen\u00e1rio do Sul ap\u00f3s divulgar v\u00eddeo de abuso sexual contra uma adolescente de 14 anos. Pol\u00edcia apreendeu o celular do suspeito.\" \/>\n<meta name=\"robots\" content=\"index, follow, max-snippet:-1, max-image-preview:large, max-video-preview:-1\" \/>\n<link rel=\"canonical\" href=\"https:\/\/mznoticia.com.br\/jaguariaiva\/idoso-e-preso-no-parana-apos-publicar-video-de-abuso-sexual-contra-adolescente-de-14-anos\/\" \/>\n<meta property=\"og:locale\" content=\"pt_BR\" \/>\n<meta property=\"og:type\" content=\"article\" \/>\n<meta property=\"og:title\" content=\"Idoso \u00e9 preso no Paran\u00e1 ap\u00f3s publicar v\u00eddeo de abuso sexual contra adolescente de 14 anos - Mz Not\u00edcias\" \/>\n<meta property=\"og:description\" content=\"Homem de 65 anos foi preso em Centen\u00e1rio do Sul ap\u00f3s divulgar v\u00eddeo de abuso sexual contra uma adolescente de 14 anos. Pol\u00edcia apreendeu o celular do suspeito.\" \/>\n<meta property=\"og:url\" content=\"https:\/\/mznoticia.com.br\/jaguariaiva\/idoso-e-preso-no-parana-apos-publicar-video-de-abuso-sexual-contra-adolescente-de-14-anos\/\" \/>\n<meta property=\"og:site_name\" content=\"Mz Not\u00edcias\" \/>\n<meta property=\"article:publisher\" content=\"https:\/\/www.facebook.com\/profile.php?id=61573479951222\" \/>\n<meta property=\"article:published_time\" content=\"2026-08-07T12:00:25+00:00\" \/>\n<meta property=\"og:image\" content=\"https:\/\/mznoticia.com.br\/jaguariaiva\/wp-content\/uploads\/2026\/08\/34.webp\" \/>\n\t<meta property=\"og:image:width\" content=\"1200\" \/>\n\t<meta property=\"og:image:height\" content=\"720\" \/>\n\t<meta property=\"og:image:type\" content=\"image\/webp\" \/>\n<meta name=\"author\" content=\"Redacao mz\" \/>\n<meta name=\"twitter:card\" content=\"summary_large_image\" \/>\n<meta name=\"twitter:label1\" content=\"Escrito por\" \/>\n\t<meta name=\"twitter:data1\" content=\"Redacao mz\" \/>\n\t<meta name=\"twitter:label2\" content=\"Est. tempo de leitura\" \/>\n\t<meta name=\"twitter:data2\" content=\"2 minutos\" \/>\n<script type=\"application\/ld+json\" class=\"yoast-schema-graph\">{\"@context\":\"https:\\\/\\\/schema.org\",\"@graph\":[{\"@type\":\"Article\",\"@id\":\"https:\\\/\\\/mznoticia.com.br\\\/jaguariaiva\\\/idoso-e-preso-no-parana-apos-publicar-video-de-abuso-sexual-contra-adolescente-de-14-anos\\\/#article\",\"isPartOf\":{\"@id\":\"https:\\\/\\\/mznoticia.com.br\\\/jaguariaiva\\\/idoso-e-preso-no-parana-apos-publicar-video-de-abuso-sexual-contra-adolescente-de-14-anos\\\/\"},\"author\":{\"name\":\"Redacao mz\",\"@id\":\"https:\\\/\\\/mznoticia.com.br\\\/jaguariaiva\\\/#\\\/schema\\\/person\\\/84012d827247b3f42f37b550da79cd03\"},\"headline\":\"Idoso \u00e9 preso no Paran\u00e1 ap\u00f3s publicar v\u00eddeo de abuso sexual contra adolescente de 14 anos\",\"datePublished\":\"2026-08-07T12:00:25+00:00\",\"mainEntityOfPage\":{\"@id\":\"https:\\\/\\\/mznoticia.com.br\\\/jaguariaiva\\\/idoso-e-preso-no-parana-apos-publicar-video-de-abuso-sexual-contra-adolescente-de-14-anos\\\/\"},\"wordCount\":304,\"commentCount\":0,\"publisher\":{\"@id\":\"https:\\\/\\\/mznoticia.com.br\\\/jaguariaiva\\\/#organization\"},\"image\":{\"@id\":\"https:\\\/\\\/mznoticia.com.br\\\/jaguariaiva\\\/idoso-e-preso-no-parana-apos-publicar-video-de-abuso-sexual-contra-adolescente-de-14-anos\\\/#primaryimage\"},\"thumbnailUrl\":\"https:\\\/\\\/mznoticia.com.br\\\/jaguariaiva\\\/wp-content\\\/uploads\\\/2026\\\/08\\\/34.webp\",\"keywords\":[\"Adolescente\",\"Centen\u00e1rio do Sul\",\"Investiga\u00e7\u00e3o\",\"MZ Not\u00edcias.\",\"parana\",\"Pol\u00edcia Civil\",\"Porecatu\",\"Pris\u00e3o\",\"Seguran\u00e7a P\u00fablica\",\"Viol\u00eancia Sexual\"],\"articleSection\":[\"Policial\"],\"inLanguage\":\"pt-BR\",\"potentialAction\":[{\"@type\":\"CommentAction\",\"name\":\"Comment\",\"target\":[\"https:\\\/\\\/mznoticia.com.br\\\/jaguariaiva\\\/idoso-e-preso-no-parana-apos-publicar-video-de-abuso-sexual-contra-adolescente-de-14-anos\\\/#respond\"]}]},{\"@type\":\"WebPage\",\"@id\":\"https:\\\/\\\/mznoticia.com.br\\\/jaguariaiva\\\/idoso-e-preso-no-parana-apos-publicar-video-de-abuso-sexual-contra-adolescente-de-14-anos\\\/\",\"url\":\"https:\\\/\\\/mznoticia.com.br\\\/jaguariaiva\\\/idoso-e-preso-no-parana-apos-publicar-video-de-abuso-sexual-contra-adolescente-de-14-anos\\\/\",\"name\":\"Idoso \u00e9 preso no Paran\u00e1 ap\u00f3s publicar v\u00eddeo de abuso sexual contra adolescente de 14 anos - Mz Not\u00edcias\",\"isPartOf\":{\"@id\":\"https:\\\/\\\/mznoticia.com.br\\\/jaguariaiva\\\/#website\"},\"primaryImageOfPage\":{\"@id\":\"https:\\\/\\\/mznoticia.com.br\\\/jaguariaiva\\\/idoso-e-preso-no-parana-apos-publicar-video-de-abuso-sexual-contra-adolescente-de-14-anos\\\/#primaryimage\"},\"image\":{\"@id\":\"https:\\\/\\\/mznoticia.com.br\\\/jaguariaiva\\\/idoso-e-preso-no-parana-apos-publicar-video-de-abuso-sexual-contra-adolescente-de-14-anos\\\/#primaryimage\"},\"thumbnailUrl\":\"https:\\\/\\\/mznoticia.com.br\\\/jaguariaiva\\\/wp-content\\\/uploads\\\/2026\\\/08\\\/34.webp\",\"datePublished\":\"2026-08-07T12:00:25+00:00\",\"description\":\"Homem de 65 anos foi preso em Centen\u00e1rio do Sul ap\u00f3s divulgar v\u00eddeo de abuso sexual contra uma adolescente de 14 anos. Pol\u00edcia apreendeu o celular do suspeito.\",\"breadcrumb\":{\"@id\":\"https:\\\/\\\/mznoticia.com.br\\\/jaguariaiva\\\/idoso-e-preso-no-parana-apos-publicar-video-de-abuso-sexual-contra-adolescente-de-14-anos\\\/#breadcrumb\"},\"inLanguage\":\"pt-BR\",\"potentialAction\":[{\"@type\":\"ReadAction\",\"target\":[\"https:\\\/\\\/mznoticia.com.br\\\/jaguariaiva\\\/idoso-e-preso-no-parana-apos-publicar-video-de-abuso-sexual-contra-adolescente-de-14-anos\\\/\"]}]},{\"@type\":\"ImageObject\",\"inLanguage\":\"pt-BR\",\"@id\":\"https:\\\/\\\/mznoticia.com.br\\\/jaguariaiva\\\/idoso-e-preso-no-parana-apos-publicar-video-de-abuso-sexual-contra-adolescente-de-14-anos\\\/#primaryimage\",\"url\":\"https:\\\/\\\/mznoticia.com.br\\\/jaguariaiva\\\/wp-content\\\/uploads\\\/2026\\\/08\\\/34.webp\",\"contentUrl\":\"https:\\\/\\\/mznoticia.com.br\\\/jaguariaiva\\\/wp-content\\\/uploads\\\/2026\\\/08\\\/34.webp\",\"width\":1200,\"height\":720},{\"@type\":\"BreadcrumbList\",\"@id\":\"https:\\\/\\\/mznoticia.com.br\\\/jaguariaiva\\\/idoso-e-preso-no-parana-apos-publicar-video-de-abuso-sexual-contra-adolescente-de-14-anos\\\/#breadcrumb\",\"itemListElement\":[{\"@type\":\"ListItem\",\"position\":1,\"name\":\"Home\",\"item\":\"https:\\\/\\\/mznoticia.com.br\\\/jaguariaiva\\\/\"},{\"@type\":\"ListItem\",\"position\":2,\"name\":\"Idoso \u00e9 preso no Paran\u00e1 ap\u00f3s publicar v\u00eddeo de abuso sexual contra adolescente de 14 anos\"}]},{\"@type\":\"WebSite\",\"@id\":\"https:\\\/\\\/mznoticia.com.br\\\/jaguariaiva\\\/#website\",\"url\":\"https:\\\/\\\/mznoticia.com.br\\\/jaguariaiva\\\/\",\"name\":\"Mz Not\u00edcia\",\"description\":\"A informa\u00e7\u00e3o que voc\u00ea precisa na hora certa!\",\"publisher\":{\"@id\":\"https:\\\/\\\/mznoticia.com.br\\\/jaguariaiva\\\/#organization\"},\"potentialAction\":[{\"@type\":\"SearchAction\",\"target\":{\"@type\":\"EntryPoint\",\"urlTemplate\":\"https:\\\/\\\/mznoticia.com.br\\\/jaguariaiva\\\/?s={search_term_string}\"},\"query-input\":{\"@type\":\"PropertyValueSpecification\",\"valueRequired\":true,\"valueName\":\"search_term_string\"}}],\"inLanguage\":\"pt-BR\"},{\"@type\":\"Organization\",\"@id\":\"https:\\\/\\\/mznoticia.com.br\\\/jaguariaiva\\\/#organization\",\"name\":\"Mz Not\u00edcia\",\"url\":\"https:\\\/\\\/mznoticia.com.br\\\/jaguariaiva\\\/\",\"logo\":{\"@type\":\"ImageObject\",\"inLanguage\":\"pt-BR\",\"@id\":\"https:\\\/\\\/mznoticia.com.br\\\/jaguariaiva\\\/#\\\/schema\\\/logo\\\/image\\\/\",\"url\":\"https:\\\/\\\/mznoticia.com.br\\\/jaguariaiva\\\/wp-content\\\/uploads\\\/2025\\\/03\\\/Design-sem-nome-4-e1741200616392.png\",\"contentUrl\":\"https:\\\/\\\/mznoticia.com.br\\\/jaguariaiva\\\/wp-content\\\/uploads\\\/2025\\\/03\\\/Design-sem-nome-4-e1741200616392.png\",\"width\":750,\"height\":563,\"caption\":\"Mz Not\u00edcia\"},\"image\":{\"@id\":\"https:\\\/\\\/mznoticia.com.br\\\/jaguariaiva\\\/#\\\/schema\\\/logo\\\/image\\\/\"},\"sameAs\":[\"https:\\\/\\\/www.facebook.com\\\/profile.php?id=61573479951222\",\"https:\\\/\\\/www.instagram.com\\\/mz.jaguariaiva\\\/\"]},{\"@type\":\"Person\",\"@id\":\"https:\\\/\\\/mznoticia.com.br\\\/jaguariaiva\\\/#\\\/schema\\\/person\\\/84012d827247b3f42f37b550da79cd03\",\"name\":\"Redacao mz\",\"image\":{\"@type\":\"ImageObject\",\"inLanguage\":\"pt-BR\",\"@id\":\"https:\\\/\\\/mznoticia.com.br\\\/jaguariaiva\\\/wp-content\\\/uploads\\\/2025\\\/02\\\/mznoticia_jaguariaiva_coluna-150x150.png\",\"url\":\"https:\\\/\\\/mznoticia.com.br\\\/jaguariaiva\\\/wp-content\\\/uploads\\\/2025\\\/02\\\/mznoticia_jaguariaiva_coluna-150x150.png\",\"contentUrl\":\"https:\\\/\\\/mznoticia.com.br\\\/jaguariaiva\\\/wp-content\\\/uploads\\\/2025\\\/02\\\/mznoticia_jaguariaiva_coluna-150x150.png\",\"caption\":\"Redacao mz\"},\"sameAs\":[\"http:\\\/\\\/mznoticia.com.br\"],\"url\":\"https:\\\/\\\/mznoticia.com.br\\\/jaguariaiva\\\/author\\\/lucimara\\\/\"}]}<\/script>\n<!-- \/ Yoast SEO plugin. -->","yoast_head_json":{"title":"Idoso \u00e9 preso no Paran\u00e1 ap\u00f3s publicar v\u00eddeo de abuso sexual contra adolescente de 14 anos - Mz Not\u00edcias","description":"Homem de 65 anos foi preso em Centen\u00e1rio do Sul ap\u00f3s divulgar v\u00eddeo de abuso sexual contra uma adolescente de 14 anos. Pol\u00edcia apreendeu o celular do suspeito.","robots":{"index":"index","follow":"follow","max-snippet":"max-snippet:-1","max-image-preview":"max-image-preview:large","max-video-preview":"max-video-preview:-1"},"canonical":"https:\/\/mznoticia.com.br\/jaguariaiva\/idoso-e-preso-no-parana-apos-publicar-video-de-abuso-sexual-contra-adolescente-de-14-anos\/","og_locale":"pt_BR","og_type":"article","og_title":"Idoso \u00e9 preso no Paran\u00e1 ap\u00f3s publicar v\u00eddeo de abuso sexual contra adolescente de 14 anos - Mz Not\u00edcias","og_description":"Homem de 65 anos foi preso em Centen\u00e1rio do Sul ap\u00f3s divulgar v\u00eddeo de abuso sexual contra uma adolescente de 14 anos. Pol\u00edcia apreendeu o celular do suspeito.","og_url":"https:\/\/mznoticia.com.br\/jaguariaiva\/idoso-e-preso-no-parana-apos-publicar-video-de-abuso-sexual-contra-adolescente-de-14-anos\/","og_site_name":"Mz Not\u00edcias","article_publisher":"https:\/\/www.facebook.com\/profile.php?id=61573479951222","article_published_time":"2026-08-07T12:00:25+00:00","og_image":[{"width":1200,"height":720,"url":"https:\/\/mznoticia.com.br\/jaguariaiva\/wp-content\/uploads\/2026\/08\/34.webp","type":"image\/webp"}],"author":"Redacao mz","twitter_card":"summary_large_image","twitter_misc":{"Escrito por":"Redacao mz","Est. tempo de leitura":"2 minutos"},"schema":{"@context":"https:\/\/schema.org","@graph":[{"@type":"Article","@id":"https:\/\/mznoticia.com.br\/jaguariaiva\/idoso-e-preso-no-parana-apos-publicar-video-de-abuso-sexual-contra-adolescente-de-14-anos\/#article","isPartOf":{"@id":"https:\/\/mznoticia.com.br\/jaguariaiva\/idoso-e-preso-no-parana-apos-publicar-video-de-abuso-sexual-contra-adolescente-de-14-anos\/"},"author":{"name":"Redacao mz","@id":"https:\/\/mznoticia.com.br\/jaguariaiva\/#\/schema\/person\/84012d827247b3f42f37b550da79cd03"},"headline":"Idoso \u00e9 preso no Paran\u00e1 ap\u00f3s publicar v\u00eddeo de abuso sexual contra adolescente de 14 anos","datePublished":"2026-08-07T12:00:25+00:00","mainEntityOfPage":{"@id":"https:\/\/mznoticia.com.br\/jaguariaiva\/idoso-e-preso-no-parana-apos-publicar-video-de-abuso-sexual-contra-adolescente-de-14-anos\/"},"wordCount":304,"commentCount":0,"publisher":{"@id":"https:\/\/mznoticia.com.br\/jaguariaiva\/#organization"},"image":{"@id":"https:\/\/mznoticia.com.br\/jaguariaiva\/idoso-e-preso-no-parana-apos-publicar-video-de-abuso-sexual-contra-adolescente-de-14-anos\/#primaryimage"},"thumbnailUrl":"https:\/\/mznoticia.com.br\/jaguariaiva\/wp-content\/uploads\/2026\/08\/34.webp","keywords":["Adolescente","Centen\u00e1rio do Sul","Investiga\u00e7\u00e3o","MZ Not\u00edcias.","parana","Pol\u00edcia Civil","Porecatu","Pris\u00e3o","Seguran\u00e7a P\u00fablica","Viol\u00eancia Sexual"],"articleSection":["Policial"],"inLanguage":"pt-BR","potentialAction":[{"@type":"CommentAction","name":"Comment","target":["https:\/\/mznoticia.com.br\/jaguariaiva\/idoso-e-preso-no-parana-apos-publicar-video-de-abuso-sexual-contra-adolescente-de-14-anos\/#respond"]}]},{"@type":"WebPage","@id":"https:\/\/mznoticia.com.br\/jaguariaiva\/idoso-e-preso-no-parana-apos-publicar-video-de-abuso-sexual-contra-adolescente-de-14-anos\/","url":"https:\/\/mznoticia.com.br\/jaguariaiva\/idoso-e-preso-no-parana-apos-publicar-video-de-abuso-sexual-contra-adolescente-de-14-anos\/","name":"Idoso \u00e9 preso no Paran\u00e1 ap\u00f3s publicar v\u00eddeo de abuso sexual contra adolescente de 14 anos - Mz Not\u00edcias","isPartOf":{"@id":"https:\/\/mznoticia.com.br\/jaguariaiva\/#website"},"primaryImageOfPage":{"@id":"https:\/\/mznoticia.com.br\/jaguariaiva\/idoso-e-preso-no-parana-apos-publicar-video-de-abuso-sexual-contra-adolescente-de-14-anos\/#primaryimage"},"image":{"@id":"https:\/\/mznoticia.com.br\/jaguariaiva\/idoso-e-preso-no-parana-apos-publicar-video-de-abuso-sexual-contra-adolescente-de-14-anos\/#primaryimage"},"thumbnailUrl":"https:\/\/mznoticia.com.br\/jaguariaiva\/wp-content\/uploads\/2026\/08\/34.webp","datePublished":"2026-08-07T12:00:25+00:00","description":"Homem de 65 anos foi preso em Centen\u00e1rio do Sul ap\u00f3s divulgar v\u00eddeo de abuso sexual contra uma adolescente de 14 anos. Pol\u00edcia apreendeu o celular do suspeito.","breadcrumb":{"@id":"https:\/\/mznoticia.com.br\/jaguariaiva\/idoso-e-preso-no-parana-apos-publicar-video-de-abuso-sexual-contra-adolescente-de-14-anos\/#breadcrumb"},"inLanguage":"pt-BR","potentialAction":[{"@type":"ReadAction","target":["https:\/\/mznoticia.com.br\/jaguariaiva\/idoso-e-preso-no-parana-apos-publicar-video-de-abuso-sexual-contra-adolescente-de-14-anos\/"]}]},{"@type":"ImageObject","inLanguage":"pt-BR","@id":"https:\/\/mznoticia.com.br\/jaguariaiva\/idoso-e-preso-no-parana-apos-publicar-video-de-abuso-sexual-contra-adolescente-de-14-anos\/#primaryimage","url":"https:\/\/mznoticia.com.br\/jaguariaiva\/wp-content\/uploads\/2026\/08\/34.webp","contentUrl":"https:\/\/mznoticia.com.br\/jaguariaiva\/wp-content\/uploads\/2026\/08\/34.webp","width":1200,"height":720},{"@type":"BreadcrumbList","@id":"https:\/\/mznoticia.com.br\/jaguariaiva\/idoso-e-preso-no-parana-apos-publicar-video-de-abuso-sexual-contra-adolescente-de-14-anos\/#breadcrumb","itemListElement":[{"@type":"ListItem","position":1,"name":"Home","item":"https:\/\/mznoticia.com.br\/jaguariaiva\/"},{"@type":"ListItem","position":2,"name":"Idoso \u00e9 preso no Paran\u00e1 ap\u00f3s publicar v\u00eddeo de abuso sexual contra adolescente de 14 anos"}]},{"@type":"WebSite","@id":"https:\/\/mznoticia.com.br\/jaguariaiva\/#website","url":"https:\/\/mznoticia.com.br\/jaguariaiva\/","name":"Mz Not\u00edcia","description":"A informa\u00e7\u00e3o que voc\u00ea precisa na hora certa!","publisher":{"@id":"https:\/\/mznoticia.com.br\/jaguariaiva\/#organization"},"potentialAction":[{"@type":"SearchAction","target":{"@type":"EntryPoint","urlTemplate":"https:\/\/mznoticia.com.br\/jaguariaiva\/?s={search_term_string}"},"query-input":{"@type":"PropertyValueSpecification","valueRequired":true,"valueName":"search_term_string"}}],"inLanguage":"pt-BR"},{"@type":"Organization","@id":"https:\/\/mznoticia.com.br\/jaguariaiva\/#organization","name":"Mz Not\u00edcia","url":"https:\/\/mznoticia.com.br\/jaguariaiva\/","logo":{"@type":"ImageObject","inLanguage":"pt-BR","@id":"https:\/\/mznoticia.com.br\/jaguariaiva\/#\/schema\/logo\/image\/","url":"https:\/\/mznoticia.com.br\/jaguariaiva\/wp-content\/uploads\/2025\/03\/Design-sem-nome-4-e1741200616392.png","contentUrl":"https:\/\/mznoticia.com.br\/jaguariaiva\/wp-content\/uploads\/2025\/03\/Design-sem-nome-4-e1741200616392.png","width":750,"height":563,"caption":"Mz Not\u00edcia"},"image":{"@id":"https:\/\/mznoticia.com.br\/jaguariaiva\/#\/schema\/logo\/image\/"},"sameAs":["https:\/\/www.facebook.com\/profile.php?id=61573479951222","https:\/\/www.instagram.com\/mz.jaguariaiva\/"]},{"@type":"Person","@id":"https:\/\/mznoticia.com.br\/jaguariaiva\/#\/schema\/person\/84012d827247b3f42f37b550da79cd03","name":"Redacao mz","image":{"@type":"ImageObject","inLanguage":"pt-BR","@id":"https:\/\/mznoticia.com.br\/jaguariaiva\/wp-content\/uploads\/2025\/02\/mznoticia_jaguariaiva_coluna-150x150.png","url":"https:\/\/mznoticia.com.br\/jaguariaiva\/wp-content\/uploads\/2025\/02\/mznoticia_jaguariaiva_coluna-150x150.png","contentUrl":"https:\/\/mznoticia.com.br\/jaguariaiva\/wp-content\/uploads\/2025\/02\/mznoticia_jaguariaiva_coluna-150x150.png","caption":"Redacao mz"},"sameAs":["http:\/\/mznoticia.com.br"],"url":"https:\/\/mznoticia.com.br\/jaguariaiva\/author\/lucimara\/"}]}},"_links":{"self":[{"href":"https:\/\/mznoticia.com.br\/jaguariaiva\/wp-json\/wp\/v2\/posts\/6071","targetHints":{"allow":["GET"]}}],"collection":[{"href":"https:\/\/mznoticia.com.br\/jaguariaiva\/wp-json\/wp\/v2\/posts"}],"about":[{"href":"https:\/\/mznoticia.com.br\/jaguariaiva\/wp-json\/wp\/v2\/types\/post"}],"author":[{"embeddable":true,"href":"https:\/\/mznoticia.com.br\/jaguariaiva\/wp-json\/wp\/v2\/users\/16"}],"replies":[{"embeddable":true,"href":"https:\/\/mznoticia.com.br\/jaguariaiva\/wp-json\/wp\/v2\/comments?post=6071"}],"version-history":[{"count":1,"href":"https:\/\/mznoticia.com.br\/jaguariaiva\/wp-json\/wp\/v2\/posts\/6071\/revisions"}],"predecessor-version":[{"id":6073,"href":"https:\/\/mznoticia.com.br\/jaguariaiva\/wp-json\/wp\/v2\/posts\/6071\/revisions\/6073"}],"wp:featuredmedia":[{"embeddable":true,"href":"https:\/\/mznoticia.com.br\/jaguariaiva\/wp-json\/wp\/v2\/media\/6072"}],"wp:attachment":[{"href":"https:\/\/mznoticia.com.br\/jaguariaiva\/wp-json\/wp\/v2\/media?parent=6071"}],"wp:term":[{"taxonomy":"category","embeddable":true,"href":"https:\/\/mznoticia.com.br\/jaguariaiva\/wp-json\/wp\/v2\/categories?post=6071"},{"taxonomy":"post_tag","embeddable":true,"href":"https:\/\/mznoticia.com.br\/jaguariaiva\/wp-json\/wp\/v2\/tags?post=6071"}],"curies":[{"name":"wp","href":"https:\/\/api.w.org\/{rel}","templated":true}]}}