{"id":6080,"date":"2026-08-06T17:49:35","date_gmt":"2026-08-06T17:49:35","guid":{"rendered":"https:\/\/mznoticia.com.br\/jaguariaiva\/?p=6080"},"modified":"2026-08-06T17:49:35","modified_gmt":"2026-08-06T17:49:35","slug":"grave-colisao-entre-ambulancia-caminhao-e-carreta-deixa-quatro-feridos-na-pr-323","status":"publish","type":"post","link":"https:\/\/mznoticia.com.br\/jaguariaiva\/grave-colisao-entre-ambulancia-caminhao-e-carreta-deixa-quatro-feridos-na-pr-323\/","title":{"rendered":"Grave colis\u00e3o entre ambul\u00e2ncia, caminh\u00e3o e carreta deixa quatro feridos na PR-323"},"content":{"rendered":"<p class=\"PDq2pG_selectionAnchorContainer\" data-start=\"87\" data-end=\"211\"><strong data-start=\"87\" data-end=\"211\">Acidente aconteceu na manh\u00e3 desta quinta-feira (6), em Cianorte. As v\u00edtimas foram socorridas e encaminhadas ao hospital.<\/strong><\/p>\n<p data-start=\"213\" data-end=\"377\">Um grave acidente envolvendo uma ambul\u00e2ncia, um caminh\u00e3o e uma carreta foi registrado na manh\u00e3 desta quinta-feira (6) na PR-323, em Cianorte, no noroeste do Paran\u00e1.<\/p>\n<p data-start=\"379\" data-end=\"544\">De acordo com as primeiras informa\u00e7\u00f5es, a ambul\u00e2ncia retornava de S\u00e3o Paulo para Cianorte transportando uma paciente quando o motorista perdeu o controle da dire\u00e7\u00e3o.<\/p>\n<p data-start=\"546\" data-end=\"645\">Ap\u00f3s sair da trajet\u00f3ria, o ve\u00edculo atingiu uma carreta e, na sequ\u00eancia, colidiu contra um caminh\u00e3o.<\/p>\n<h3 data-section-id=\"8iguu7\" data-start=\"647\" data-end=\"681\">Quatro pessoas ficaram feridas<\/h3>\n<p data-start=\"683\" data-end=\"834\">Com o impacto da batida, os quatro ocupantes da ambul\u00e2ncia sofreram ferimentos. Equipes de resgate foram acionadas para prestar atendimento \u00e0s v\u00edtimas.<\/p>\n<p data-start=\"836\" data-end=\"978\">Os feridos foram encaminhados a um hospital da regi\u00e3o. At\u00e9 o momento, n\u00e3o foram divulgadas informa\u00e7\u00f5es sobre o estado de sa\u00fade dos envolvidos.<\/p>\n<p data-start=\"980\" data-end=\"1061\">As circunst\u00e2ncias do acidente dever\u00e3o ser apuradas pelas autoridades competentes.<\/p>\n","protected":false},"excerpt":{"rendered":"<p>Acidente aconteceu na manh\u00e3 desta quinta-feira (6), em Cianorte. As v\u00edtimas foram socorridas e encaminhadas ao hospital. Um grave acidente envolvendo uma ambul\u00e2ncia, um caminh\u00e3o e uma carreta foi registrado na manh\u00e3 desta quinta-feira (6) na PR-323, em Cianorte, no noroeste do Paran\u00e1. De acordo com as primeiras informa\u00e7\u00f5es, a ambul\u00e2ncia retornava de S\u00e3o Paulo [&hellip;]<\/p>\n","protected":false},"author":16,"featured_media":6081,"comment_status":"open","ping_status":"open","sticky":false,"template":"","format":"standard","meta":{"footnotes":""},"categories":[140],"tags":[31,1760,153,1761,1759,399,77,1149,259,590],"class_list":["post-6080","post","type-post","status-publish","format-standard","has-post-thumbnail","hentry","category-acidente","tag-acidente","tag-ambulancia","tag-caminhao","tag-carreta","tag-cianorte","tag-mz-noticias","tag-parana","tag-pr-323","tag-resgate","tag-transito"],"yoast_head":"<!-- This site is optimized with the Yoast SEO plugin v28.1 - https:\/\/yoast.com\/product\/yoast-seo-wordpress\/ -->\n<title>Grave colis\u00e3o entre ambul\u00e2ncia, caminh\u00e3o e carreta deixa quatro feridos na PR-323 - Mz Not\u00edcias<\/title>\n<meta name=\"description\" content=\"Grave acidente envolvendo uma ambul\u00e2ncia, um caminh\u00e3o e uma carreta foi registrado na PR-323, em Cianorte. Quatro pessoas ficaram feridas.\" \/>\n<meta name=\"robots\" content=\"index, follow, max-snippet:-1, max-image-preview:large, max-video-preview:-1\" \/>\n<link rel=\"canonical\" href=\"https:\/\/mznoticia.com.br\/jaguariaiva\/grave-colisao-entre-ambulancia-caminhao-e-carreta-deixa-quatro-feridos-na-pr-323\/\" \/>\n<meta property=\"og:locale\" content=\"pt_BR\" \/>\n<meta property=\"og:type\" content=\"article\" \/>\n<meta property=\"og:title\" content=\"Grave colis\u00e3o entre ambul\u00e2ncia, caminh\u00e3o e carreta deixa quatro feridos na PR-323 - Mz Not\u00edcias\" \/>\n<meta property=\"og:description\" content=\"Grave acidente envolvendo uma ambul\u00e2ncia, um caminh\u00e3o e uma carreta foi registrado na PR-323, em Cianorte. Quatro pessoas ficaram feridas.\" \/>\n<meta property=\"og:url\" content=\"https:\/\/mznoticia.com.br\/jaguariaiva\/grave-colisao-entre-ambulancia-caminhao-e-carreta-deixa-quatro-feridos-na-pr-323\/\" \/>\n<meta property=\"og:site_name\" content=\"Mz Not\u00edcias\" \/>\n<meta property=\"article:publisher\" content=\"https:\/\/www.facebook.com\/profile.php?id=61573479951222\" \/>\n<meta property=\"article:published_time\" content=\"2026-08-06T17:49:35+00:00\" \/>\n<meta property=\"og:image\" content=\"https:\/\/mznoticia.com.br\/jaguariaiva\/wp-content\/uploads\/2026\/08\/41.jpg\" \/>\n\t<meta property=\"og:image:width\" content=\"1079\" \/>\n\t<meta property=\"og:image:height\" content=\"1407\" \/>\n\t<meta property=\"og:image:type\" content=\"image\/jpeg\" \/>\n<meta name=\"author\" content=\"Redacao mz\" \/>\n<meta name=\"twitter:card\" content=\"summary_large_image\" \/>\n<meta name=\"twitter:label1\" content=\"Escrito por\" \/>\n\t<meta name=\"twitter:data1\" content=\"Redacao mz\" \/>\n\t<meta name=\"twitter:label2\" content=\"Est. tempo de leitura\" \/>\n\t<meta name=\"twitter:data2\" content=\"1 minuto\" \/>\n<script type=\"application\/ld+json\" class=\"yoast-schema-graph\">{\"@context\":\"https:\\\/\\\/schema.org\",\"@graph\":[{\"@type\":\"Article\",\"@id\":\"https:\\\/\\\/mznoticia.com.br\\\/jaguariaiva\\\/grave-colisao-entre-ambulancia-caminhao-e-carreta-deixa-quatro-feridos-na-pr-323\\\/#article\",\"isPartOf\":{\"@id\":\"https:\\\/\\\/mznoticia.com.br\\\/jaguariaiva\\\/grave-colisao-entre-ambulancia-caminhao-e-carreta-deixa-quatro-feridos-na-pr-323\\\/\"},\"author\":{\"name\":\"Redacao mz\",\"@id\":\"https:\\\/\\\/mznoticia.com.br\\\/jaguariaiva\\\/#\\\/schema\\\/person\\\/84012d827247b3f42f37b550da79cd03\"},\"headline\":\"Grave colis\u00e3o entre ambul\u00e2ncia, caminh\u00e3o e carreta deixa quatro feridos na PR-323\",\"datePublished\":\"2026-08-06T17:49:35+00:00\",\"mainEntityOfPage\":{\"@id\":\"https:\\\/\\\/mznoticia.com.br\\\/jaguariaiva\\\/grave-colisao-entre-ambulancia-caminhao-e-carreta-deixa-quatro-feridos-na-pr-323\\\/\"},\"wordCount\":176,\"commentCount\":0,\"publisher\":{\"@id\":\"https:\\\/\\\/mznoticia.com.br\\\/jaguariaiva\\\/#organization\"},\"image\":{\"@id\":\"https:\\\/\\\/mznoticia.com.br\\\/jaguariaiva\\\/grave-colisao-entre-ambulancia-caminhao-e-carreta-deixa-quatro-feridos-na-pr-323\\\/#primaryimage\"},\"thumbnailUrl\":\"https:\\\/\\\/mznoticia.com.br\\\/jaguariaiva\\\/wp-content\\\/uploads\\\/2026\\\/08\\\/41.jpg\",\"keywords\":[\"acidente\",\"Ambul\u00e2ncia\",\"caminh\u00e3o\",\"Carreta\",\"Cianorte\",\"MZ Not\u00edcias.\",\"parana\",\"PR-323\",\"resgate\",\"tr\u00e2nsito\"],\"articleSection\":[\"Acidente\"],\"inLanguage\":\"pt-BR\",\"potentialAction\":[{\"@type\":\"CommentAction\",\"name\":\"Comment\",\"target\":[\"https:\\\/\\\/mznoticia.com.br\\\/jaguariaiva\\\/grave-colisao-entre-ambulancia-caminhao-e-carreta-deixa-quatro-feridos-na-pr-323\\\/#respond\"]}]},{\"@type\":\"WebPage\",\"@id\":\"https:\\\/\\\/mznoticia.com.br\\\/jaguariaiva\\\/grave-colisao-entre-ambulancia-caminhao-e-carreta-deixa-quatro-feridos-na-pr-323\\\/\",\"url\":\"https:\\\/\\\/mznoticia.com.br\\\/jaguariaiva\\\/grave-colisao-entre-ambulancia-caminhao-e-carreta-deixa-quatro-feridos-na-pr-323\\\/\",\"name\":\"Grave colis\u00e3o entre ambul\u00e2ncia, caminh\u00e3o e carreta deixa quatro feridos na PR-323 - Mz Not\u00edcias\",\"isPartOf\":{\"@id\":\"https:\\\/\\\/mznoticia.com.br\\\/jaguariaiva\\\/#website\"},\"primaryImageOfPage\":{\"@id\":\"https:\\\/\\\/mznoticia.com.br\\\/jaguariaiva\\\/grave-colisao-entre-ambulancia-caminhao-e-carreta-deixa-quatro-feridos-na-pr-323\\\/#primaryimage\"},\"image\":{\"@id\":\"https:\\\/\\\/mznoticia.com.br\\\/jaguariaiva\\\/grave-colisao-entre-ambulancia-caminhao-e-carreta-deixa-quatro-feridos-na-pr-323\\\/#primaryimage\"},\"thumbnailUrl\":\"https:\\\/\\\/mznoticia.com.br\\\/jaguariaiva\\\/wp-content\\\/uploads\\\/2026\\\/08\\\/41.jpg\",\"datePublished\":\"2026-08-06T17:49:35+00:00\",\"description\":\"Grave acidente envolvendo uma ambul\u00e2ncia, um caminh\u00e3o e uma carreta foi registrado na PR-323, em Cianorte. Quatro pessoas ficaram feridas.\",\"breadcrumb\":{\"@id\":\"https:\\\/\\\/mznoticia.com.br\\\/jaguariaiva\\\/grave-colisao-entre-ambulancia-caminhao-e-carreta-deixa-quatro-feridos-na-pr-323\\\/#breadcrumb\"},\"inLanguage\":\"pt-BR\",\"potentialAction\":[{\"@type\":\"ReadAction\",\"target\":[\"https:\\\/\\\/mznoticia.com.br\\\/jaguariaiva\\\/grave-colisao-entre-ambulancia-caminhao-e-carreta-deixa-quatro-feridos-na-pr-323\\\/\"]}]},{\"@type\":\"ImageObject\",\"inLanguage\":\"pt-BR\",\"@id\":\"https:\\\/\\\/mznoticia.com.br\\\/jaguariaiva\\\/grave-colisao-entre-ambulancia-caminhao-e-carreta-deixa-quatro-feridos-na-pr-323\\\/#primaryimage\",\"url\":\"https:\\\/\\\/mznoticia.com.br\\\/jaguariaiva\\\/wp-content\\\/uploads\\\/2026\\\/08\\\/41.jpg\",\"contentUrl\":\"https:\\\/\\\/mznoticia.com.br\\\/jaguariaiva\\\/wp-content\\\/uploads\\\/2026\\\/08\\\/41.jpg\",\"width\":1079,\"height\":1407},{\"@type\":\"BreadcrumbList\",\"@id\":\"https:\\\/\\\/mznoticia.com.br\\\/jaguariaiva\\\/grave-colisao-entre-ambulancia-caminhao-e-carreta-deixa-quatro-feridos-na-pr-323\\\/#breadcrumb\",\"itemListElement\":[{\"@type\":\"ListItem\",\"position\":1,\"name\":\"Home\",\"item\":\"https:\\\/\\\/mznoticia.com.br\\\/jaguariaiva\\\/\"},{\"@type\":\"ListItem\",\"position\":2,\"name\":\"Grave colis\u00e3o entre ambul\u00e2ncia, caminh\u00e3o e carreta deixa quatro feridos na PR-323\"}]},{\"@type\":\"WebSite\",\"@id\":\"https:\\\/\\\/mznoticia.com.br\\\/jaguariaiva\\\/#website\",\"url\":\"https:\\\/\\\/mznoticia.com.br\\\/jaguariaiva\\\/\",\"name\":\"Mz Not\u00edcia\",\"description\":\"A informa\u00e7\u00e3o que voc\u00ea precisa na hora certa!\",\"publisher\":{\"@id\":\"https:\\\/\\\/mznoticia.com.br\\\/jaguariaiva\\\/#organization\"},\"potentialAction\":[{\"@type\":\"SearchAction\",\"target\":{\"@type\":\"EntryPoint\",\"urlTemplate\":\"https:\\\/\\\/mznoticia.com.br\\\/jaguariaiva\\\/?s={search_term_string}\"},\"query-input\":{\"@type\":\"PropertyValueSpecification\",\"valueRequired\":true,\"valueName\":\"search_term_string\"}}],\"inLanguage\":\"pt-BR\"},{\"@type\":\"Organization\",\"@id\":\"https:\\\/\\\/mznoticia.com.br\\\/jaguariaiva\\\/#organization\",\"name\":\"Mz Not\u00edcia\",\"url\":\"https:\\\/\\\/mznoticia.com.br\\\/jaguariaiva\\\/\",\"logo\":{\"@type\":\"ImageObject\",\"inLanguage\":\"pt-BR\",\"@id\":\"https:\\\/\\\/mznoticia.com.br\\\/jaguariaiva\\\/#\\\/schema\\\/logo\\\/image\\\/\",\"url\":\"https:\\\/\\\/mznoticia.com.br\\\/jaguariaiva\\\/wp-content\\\/uploads\\\/2025\\\/03\\\/Design-sem-nome-4-e1741200616392.png\",\"contentUrl\":\"https:\\\/\\\/mznoticia.com.br\\\/jaguariaiva\\\/wp-content\\\/uploads\\\/2025\\\/03\\\/Design-sem-nome-4-e1741200616392.png\",\"width\":750,\"height\":563,\"caption\":\"Mz Not\u00edcia\"},\"image\":{\"@id\":\"https:\\\/\\\/mznoticia.com.br\\\/jaguariaiva\\\/#\\\/schema\\\/logo\\\/image\\\/\"},\"sameAs\":[\"https:\\\/\\\/www.facebook.com\\\/profile.php?id=61573479951222\",\"https:\\\/\\\/www.instagram.com\\\/mz.jaguariaiva\\\/\"]},{\"@type\":\"Person\",\"@id\":\"https:\\\/\\\/mznoticia.com.br\\\/jaguariaiva\\\/#\\\/schema\\\/person\\\/84012d827247b3f42f37b550da79cd03\",\"name\":\"Redacao mz\",\"image\":{\"@type\":\"ImageObject\",\"inLanguage\":\"pt-BR\",\"@id\":\"https:\\\/\\\/mznoticia.com.br\\\/jaguariaiva\\\/wp-content\\\/uploads\\\/2025\\\/02\\\/mznoticia_jaguariaiva_coluna-150x150.png\",\"url\":\"https:\\\/\\\/mznoticia.com.br\\\/jaguariaiva\\\/wp-content\\\/uploads\\\/2025\\\/02\\\/mznoticia_jaguariaiva_coluna-150x150.png\",\"contentUrl\":\"https:\\\/\\\/mznoticia.com.br\\\/jaguariaiva\\\/wp-content\\\/uploads\\\/2025\\\/02\\\/mznoticia_jaguariaiva_coluna-150x150.png\",\"caption\":\"Redacao mz\"},\"sameAs\":[\"http:\\\/\\\/mznoticia.com.br\"],\"url\":\"https:\\\/\\\/mznoticia.com.br\\\/jaguariaiva\\\/author\\\/lucimara\\\/\"}]}<\/script>\n<!-- \/ Yoast SEO plugin. -->","yoast_head_json":{"title":"Grave colis\u00e3o entre ambul\u00e2ncia, caminh\u00e3o e carreta deixa quatro feridos na PR-323 - Mz Not\u00edcias","description":"Grave acidente envolvendo uma ambul\u00e2ncia, um caminh\u00e3o e uma carreta foi registrado na PR-323, em Cianorte. Quatro pessoas ficaram feridas.","robots":{"index":"index","follow":"follow","max-snippet":"max-snippet:-1","max-image-preview":"max-image-preview:large","max-video-preview":"max-video-preview:-1"},"canonical":"https:\/\/mznoticia.com.br\/jaguariaiva\/grave-colisao-entre-ambulancia-caminhao-e-carreta-deixa-quatro-feridos-na-pr-323\/","og_locale":"pt_BR","og_type":"article","og_title":"Grave colis\u00e3o entre ambul\u00e2ncia, caminh\u00e3o e carreta deixa quatro feridos na PR-323 - Mz Not\u00edcias","og_description":"Grave acidente envolvendo uma ambul\u00e2ncia, um caminh\u00e3o e uma carreta foi registrado na PR-323, em Cianorte. Quatro pessoas ficaram feridas.","og_url":"https:\/\/mznoticia.com.br\/jaguariaiva\/grave-colisao-entre-ambulancia-caminhao-e-carreta-deixa-quatro-feridos-na-pr-323\/","og_site_name":"Mz Not\u00edcias","article_publisher":"https:\/\/www.facebook.com\/profile.php?id=61573479951222","article_published_time":"2026-08-06T17:49:35+00:00","og_image":[{"width":1079,"height":1407,"url":"https:\/\/mznoticia.com.br\/jaguariaiva\/wp-content\/uploads\/2026\/08\/41.jpg","type":"image\/jpeg"}],"author":"Redacao mz","twitter_card":"summary_large_image","twitter_misc":{"Escrito por":"Redacao mz","Est. tempo de leitura":"1 minuto"},"schema":{"@context":"https:\/\/schema.org","@graph":[{"@type":"Article","@id":"https:\/\/mznoticia.com.br\/jaguariaiva\/grave-colisao-entre-ambulancia-caminhao-e-carreta-deixa-quatro-feridos-na-pr-323\/#article","isPartOf":{"@id":"https:\/\/mznoticia.com.br\/jaguariaiva\/grave-colisao-entre-ambulancia-caminhao-e-carreta-deixa-quatro-feridos-na-pr-323\/"},"author":{"name":"Redacao mz","@id":"https:\/\/mznoticia.com.br\/jaguariaiva\/#\/schema\/person\/84012d827247b3f42f37b550da79cd03"},"headline":"Grave colis\u00e3o entre ambul\u00e2ncia, caminh\u00e3o e carreta deixa quatro feridos na PR-323","datePublished":"2026-08-06T17:49:35+00:00","mainEntityOfPage":{"@id":"https:\/\/mznoticia.com.br\/jaguariaiva\/grave-colisao-entre-ambulancia-caminhao-e-carreta-deixa-quatro-feridos-na-pr-323\/"},"wordCount":176,"commentCount":0,"publisher":{"@id":"https:\/\/mznoticia.com.br\/jaguariaiva\/#organization"},"image":{"@id":"https:\/\/mznoticia.com.br\/jaguariaiva\/grave-colisao-entre-ambulancia-caminhao-e-carreta-deixa-quatro-feridos-na-pr-323\/#primaryimage"},"thumbnailUrl":"https:\/\/mznoticia.com.br\/jaguariaiva\/wp-content\/uploads\/2026\/08\/41.jpg","keywords":["acidente","Ambul\u00e2ncia","caminh\u00e3o","Carreta","Cianorte","MZ Not\u00edcias.","parana","PR-323","resgate","tr\u00e2nsito"],"articleSection":["Acidente"],"inLanguage":"pt-BR","potentialAction":[{"@type":"CommentAction","name":"Comment","target":["https:\/\/mznoticia.com.br\/jaguariaiva\/grave-colisao-entre-ambulancia-caminhao-e-carreta-deixa-quatro-feridos-na-pr-323\/#respond"]}]},{"@type":"WebPage","@id":"https:\/\/mznoticia.com.br\/jaguariaiva\/grave-colisao-entre-ambulancia-caminhao-e-carreta-deixa-quatro-feridos-na-pr-323\/","url":"https:\/\/mznoticia.com.br\/jaguariaiva\/grave-colisao-entre-ambulancia-caminhao-e-carreta-deixa-quatro-feridos-na-pr-323\/","name":"Grave colis\u00e3o entre ambul\u00e2ncia, caminh\u00e3o e carreta deixa quatro feridos na PR-323 - Mz Not\u00edcias","isPartOf":{"@id":"https:\/\/mznoticia.com.br\/jaguariaiva\/#website"},"primaryImageOfPage":{"@id":"https:\/\/mznoticia.com.br\/jaguariaiva\/grave-colisao-entre-ambulancia-caminhao-e-carreta-deixa-quatro-feridos-na-pr-323\/#primaryimage"},"image":{"@id":"https:\/\/mznoticia.com.br\/jaguariaiva\/grave-colisao-entre-ambulancia-caminhao-e-carreta-deixa-quatro-feridos-na-pr-323\/#primaryimage"},"thumbnailUrl":"https:\/\/mznoticia.com.br\/jaguariaiva\/wp-content\/uploads\/2026\/08\/41.jpg","datePublished":"2026-08-06T17:49:35+00:00","description":"Grave acidente envolvendo uma ambul\u00e2ncia, um caminh\u00e3o e uma carreta foi registrado na PR-323, em Cianorte. Quatro pessoas ficaram feridas.","breadcrumb":{"@id":"https:\/\/mznoticia.com.br\/jaguariaiva\/grave-colisao-entre-ambulancia-caminhao-e-carreta-deixa-quatro-feridos-na-pr-323\/#breadcrumb"},"inLanguage":"pt-BR","potentialAction":[{"@type":"ReadAction","target":["https:\/\/mznoticia.com.br\/jaguariaiva\/grave-colisao-entre-ambulancia-caminhao-e-carreta-deixa-quatro-feridos-na-pr-323\/"]}]},{"@type":"ImageObject","inLanguage":"pt-BR","@id":"https:\/\/mznoticia.com.br\/jaguariaiva\/grave-colisao-entre-ambulancia-caminhao-e-carreta-deixa-quatro-feridos-na-pr-323\/#primaryimage","url":"https:\/\/mznoticia.com.br\/jaguariaiva\/wp-content\/uploads\/2026\/08\/41.jpg","contentUrl":"https:\/\/mznoticia.com.br\/jaguariaiva\/wp-content\/uploads\/2026\/08\/41.jpg","width":1079,"height":1407},{"@type":"BreadcrumbList","@id":"https:\/\/mznoticia.com.br\/jaguariaiva\/grave-colisao-entre-ambulancia-caminhao-e-carreta-deixa-quatro-feridos-na-pr-323\/#breadcrumb","itemListElement":[{"@type":"ListItem","position":1,"name":"Home","item":"https:\/\/mznoticia.com.br\/jaguariaiva\/"},{"@type":"ListItem","position":2,"name":"Grave colis\u00e3o entre ambul\u00e2ncia, caminh\u00e3o e carreta deixa quatro feridos na PR-323"}]},{"@type":"WebSite","@id":"https:\/\/mznoticia.com.br\/jaguariaiva\/#website","url":"https:\/\/mznoticia.com.br\/jaguariaiva\/","name":"Mz Not\u00edcia","description":"A informa\u00e7\u00e3o que voc\u00ea precisa na hora certa!","publisher":{"@id":"https:\/\/mznoticia.com.br\/jaguariaiva\/#organization"},"potentialAction":[{"@type":"SearchAction","target":{"@type":"EntryPoint","urlTemplate":"https:\/\/mznoticia.com.br\/jaguariaiva\/?s={search_term_string}"},"query-input":{"@type":"PropertyValueSpecification","valueRequired":true,"valueName":"search_term_string"}}],"inLanguage":"pt-BR"},{"@type":"Organization","@id":"https:\/\/mznoticia.com.br\/jaguariaiva\/#organization","name":"Mz Not\u00edcia","url":"https:\/\/mznoticia.com.br\/jaguariaiva\/","logo":{"@type":"ImageObject","inLanguage":"pt-BR","@id":"https:\/\/mznoticia.com.br\/jaguariaiva\/#\/schema\/logo\/image\/","url":"https:\/\/mznoticia.com.br\/jaguariaiva\/wp-content\/uploads\/2025\/03\/Design-sem-nome-4-e1741200616392.png","contentUrl":"https:\/\/mznoticia.com.br\/jaguariaiva\/wp-content\/uploads\/2025\/03\/Design-sem-nome-4-e1741200616392.png","width":750,"height":563,"caption":"Mz Not\u00edcia"},"image":{"@id":"https:\/\/mznoticia.com.br\/jaguariaiva\/#\/schema\/logo\/image\/"},"sameAs":["https:\/\/www.facebook.com\/profile.php?id=61573479951222","https:\/\/www.instagram.com\/mz.jaguariaiva\/"]},{"@type":"Person","@id":"https:\/\/mznoticia.com.br\/jaguariaiva\/#\/schema\/person\/84012d827247b3f42f37b550da79cd03","name":"Redacao mz","image":{"@type":"ImageObject","inLanguage":"pt-BR","@id":"https:\/\/mznoticia.com.br\/jaguariaiva\/wp-content\/uploads\/2025\/02\/mznoticia_jaguariaiva_coluna-150x150.png","url":"https:\/\/mznoticia.com.br\/jaguariaiva\/wp-content\/uploads\/2025\/02\/mznoticia_jaguariaiva_coluna-150x150.png","contentUrl":"https:\/\/mznoticia.com.br\/jaguariaiva\/wp-content\/uploads\/2025\/02\/mznoticia_jaguariaiva_coluna-150x150.png","caption":"Redacao mz"},"sameAs":["http:\/\/mznoticia.com.br"],"url":"https:\/\/mznoticia.com.br\/jaguariaiva\/author\/lucimara\/"}]}},"_links":{"self":[{"href":"https:\/\/mznoticia.com.br\/jaguariaiva\/wp-json\/wp\/v2\/posts\/6080","targetHints":{"allow":["GET"]}}],"collection":[{"href":"https:\/\/mznoticia.com.br\/jaguariaiva\/wp-json\/wp\/v2\/posts"}],"about":[{"href":"https:\/\/mznoticia.com.br\/jaguariaiva\/wp-json\/wp\/v2\/types\/post"}],"author":[{"embeddable":true,"href":"https:\/\/mznoticia.com.br\/jaguariaiva\/wp-json\/wp\/v2\/users\/16"}],"replies":[{"embeddable":true,"href":"https:\/\/mznoticia.com.br\/jaguariaiva\/wp-json\/wp\/v2\/comments?post=6080"}],"version-history":[{"count":1,"href":"https:\/\/mznoticia.com.br\/jaguariaiva\/wp-json\/wp\/v2\/posts\/6080\/revisions"}],"predecessor-version":[{"id":6082,"href":"https:\/\/mznoticia.com.br\/jaguariaiva\/wp-json\/wp\/v2\/posts\/6080\/revisions\/6082"}],"wp:featuredmedia":[{"embeddable":true,"href":"https:\/\/mznoticia.com.br\/jaguariaiva\/wp-json\/wp\/v2\/media\/6081"}],"wp:attachment":[{"href":"https:\/\/mznoticia.com.br\/jaguariaiva\/wp-json\/wp\/v2\/media?parent=6080"}],"wp:term":[{"taxonomy":"category","embeddable":true,"href":"https:\/\/mznoticia.com.br\/jaguariaiva\/wp-json\/wp\/v2\/categories?post=6080"},{"taxonomy":"post_tag","embeddable":true,"href":"https:\/\/mznoticia.com.br\/jaguariaiva\/wp-json\/wp\/v2\/tags?post=6080"}],"curies":[{"name":"wp","href":"https:\/\/api.w.org\/{rel}","templated":true}]}}