{"id":6083,"date":"2026-08-06T17:53:51","date_gmt":"2026-08-06T17:53:51","guid":{"rendered":"https:\/\/mznoticia.com.br\/jaguariaiva\/?p=6083"},"modified":"2026-08-06T17:53:51","modified_gmt":"2026-08-06T17:53:51","slug":"ratinho-junior-participa-da-110a-festa-do-senhor-bom-jesus-da-pedra-fria-em-jaguariaiva","status":"publish","type":"post","link":"https:\/\/mznoticia.com.br\/jaguariaiva\/ratinho-junior-participa-da-110a-festa-do-senhor-bom-jesus-da-pedra-fria-em-jaguariaiva\/","title":{"rendered":"Ratinho Junior participa da 110\u00aa Festa do Senhor Bom Jesus da Pedra Fria em Jaguaria\u00edva"},"content":{"rendered":"<p class=\"PDq2pG_selectionAnchorContainer\" data-start=\"93\" data-end=\"243\"><strong data-start=\"93\" data-end=\"243\">Governador esteve acompanhado de lideran\u00e7as estaduais durante a tradicional celebra\u00e7\u00e3o religiosa e destacou o desempenho do munic\u00edpio na educa\u00e7\u00e3o.<\/strong><\/p>\n<p data-start=\"245\" data-end=\"518\">O governador do Paran\u00e1, <strong data-start=\"269\" data-end=\"300\">Carlos Massa Ratinho Junior<\/strong>, participou nesta quinta-feira (6) da <strong data-start=\"339\" data-end=\"387\">110\u00aa Festa do Senhor Bom Jesus da Pedra Fria<\/strong>, em Jaguaria\u00edva, nos Campos Gerais. A celebra\u00e7\u00e3o reuniu fi\u00e9is e autoridades estaduais no Santu\u00e1rio Senhor Bom Jesus da Pedra Fria.<\/p>\n<p data-start=\"520\" data-end=\"780\">Tamb\u00e9m participaram do evento o candidato ao Governo do Paran\u00e1, <strong data-start=\"584\" data-end=\"599\">Sandro Alex<\/strong>, o candidato a vice-governador, <strong data-start=\"632\" data-end=\"648\">Rafael Greca<\/strong>, e o candidato ao Senado, <strong data-start=\"675\" data-end=\"693\">Alexandre Curi<\/strong>, al\u00e9m do prefeito de Jaguaria\u00edva, <strong data-start=\"728\" data-end=\"744\">Juca Sloboda<\/strong>, e do vice-prefeito, <strong data-start=\"766\" data-end=\"779\">Reginaldo<\/strong>.<\/p>\n<h3 data-section-id=\"1q5cp9p\" data-start=\"782\" data-end=\"826\">Governador destaca educa\u00e7\u00e3o do munic\u00edpio<\/h3>\n<p data-start=\"828\" data-end=\"975\">Durante a visita, Ratinho Junior ressaltou a import\u00e2ncia da festa para a comunidade e parabenizou o munic\u00edpio pelos resultados obtidos na educa\u00e7\u00e3o.<\/p>\n<p data-start=\"977\" data-end=\"1173\">Segundo o governador, Jaguaria\u00edva alcan\u00e7ou nota superior a 7 nos indicadores educacionais, resultado que, segundo ele, demonstra o compromisso da administra\u00e7\u00e3o municipal com a qualidade do ensino.<\/p>\n<h3 data-section-id=\"1wwkj4e\" data-start=\"1175\" data-end=\"1221\">Prefeito agradece presen\u00e7a das autoridades<\/h3>\n<p data-start=\"1223\" data-end=\"1341\">O prefeito Juca Sloboda destacou a import\u00e2ncia da presen\u00e7a das lideran\u00e7as estaduais durante a celebra\u00e7\u00e3o do padroeiro.<\/p>\n<p data-start=\"1343\" data-end=\"1555\">De acordo com o prefeito, a participa\u00e7\u00e3o das autoridades refor\u00e7a o reconhecimento da relev\u00e2ncia hist\u00f3rica, cultural e religiosa da Festa do Senhor Bom Jesus da Pedra Fria para Jaguaria\u00edva e para os Campos Gerais.<\/p>\n<h3 data-section-id=\"1so8qqa\" data-start=\"1557\" data-end=\"1586\">Festa chega \u00e0 110\u00aa edi\u00e7\u00e3o<\/h3>\n<p data-start=\"1588\" data-end=\"1723\">Realizada h\u00e1 mais de um s\u00e9culo, a Festa do Senhor Bom Jesus da Pedra Fria \u00e9 considerada um dos principais eventos religiosos da regi\u00e3o.<\/p>\n<p data-start=\"1725\" data-end=\"1912\">A programa\u00e7\u00e3o inclui missas, novenas, romarias e diversas celebra\u00e7\u00f5es que re\u00fanem milhares de fi\u00e9is e visitantes, preservando uma tradi\u00e7\u00e3o centen\u00e1ria ligada \u00e0 f\u00e9 e \u00e0 hist\u00f3ria do munic\u00edpio.<\/p>\n<p data-start=\"1914\" data-end=\"1984\">O evento teve in\u00edcio no fim de julho e segue at\u00e9 esta sexta-feira (7).<\/p>\n","protected":false},"excerpt":{"rendered":"<p>Governador esteve acompanhado de lideran\u00e7as estaduais durante a tradicional celebra\u00e7\u00e3o religiosa e destacou o desempenho do munic\u00edpio na educa\u00e7\u00e3o. O governador do Paran\u00e1, Carlos Massa Ratinho Junior, participou nesta quinta-feira (6) da 110\u00aa Festa do Senhor Bom Jesus da Pedra Fria, em Jaguaria\u00edva, nos Campos Gerais. A celebra\u00e7\u00e3o reuniu fi\u00e9is e autoridades estaduais no Santu\u00e1rio [&hellip;]<\/p>\n","protected":false},"author":16,"featured_media":6084,"comment_status":"open","ping_status":"open","sticky":false,"template":"","format":"standard","meta":{"footnotes":""},"categories":[10],"tags":[1766,314,1763,63,399,77,1765,1762,1767,1764],"class_list":["post-6083","post","type-post","status-publish","format-standard","has-post-thumbnail","hentry","category-eventos","tag-alexandre-curi","tag-campos-gerais","tag-festa-do-senhor-bom-jesus","tag-jaguariaiva","tag-mz-noticias","tag-parana","tag-rafael-greca","tag-ratinho-junior","tag-religiao","tag-sandro-alex"],"yoast_head":"<!-- This site is optimized with the Yoast SEO plugin v28.1 - https:\/\/yoast.com\/product\/yoast-seo-wordpress\/ -->\n<title>Ratinho Junior participa da 110\u00aa Festa do Senhor Bom Jesus da Pedra Fria em Jaguaria\u00edva - Mz Not\u00edcias<\/title>\n<meta name=\"description\" content=\"Governador Ratinho Junior participou da tradicional Festa do Senhor Bom Jesus da Pedra Fria, em Jaguaria\u00edva, e destacou os resultados da educa\u00e7\u00e3o no munic\u00edpio.\" \/>\n<meta name=\"robots\" content=\"index, follow, max-snippet:-1, max-image-preview:large, max-video-preview:-1\" \/>\n<link rel=\"canonical\" href=\"https:\/\/mznoticia.com.br\/jaguariaiva\/ratinho-junior-participa-da-110a-festa-do-senhor-bom-jesus-da-pedra-fria-em-jaguariaiva\/\" \/>\n<meta property=\"og:locale\" content=\"pt_BR\" \/>\n<meta property=\"og:type\" content=\"article\" \/>\n<meta property=\"og:title\" content=\"Ratinho Junior participa da 110\u00aa Festa do Senhor Bom Jesus da Pedra Fria em Jaguaria\u00edva - Mz Not\u00edcias\" \/>\n<meta property=\"og:description\" content=\"Governador Ratinho Junior participou da tradicional Festa do Senhor Bom Jesus da Pedra Fria, em Jaguaria\u00edva, e destacou os resultados da educa\u00e7\u00e3o no munic\u00edpio.\" \/>\n<meta property=\"og:url\" content=\"https:\/\/mznoticia.com.br\/jaguariaiva\/ratinho-junior-participa-da-110a-festa-do-senhor-bom-jesus-da-pedra-fria-em-jaguariaiva\/\" \/>\n<meta property=\"og:site_name\" content=\"Mz Not\u00edcias\" \/>\n<meta property=\"article:publisher\" content=\"https:\/\/www.facebook.com\/profile.php?id=61573479951222\" \/>\n<meta property=\"article:published_time\" content=\"2026-08-06T17:53:51+00:00\" \/>\n<meta property=\"og:image\" content=\"https:\/\/mznoticia.com.br\/jaguariaiva\/wp-content\/uploads\/2026\/08\/45.webp\" \/>\n\t<meta property=\"og:image:width\" content=\"1080\" \/>\n\t<meta property=\"og:image:height\" content=\"1350\" \/>\n\t<meta property=\"og:image:type\" content=\"image\/webp\" \/>\n<meta name=\"author\" content=\"Redacao mz\" \/>\n<meta name=\"twitter:card\" content=\"summary_large_image\" \/>\n<meta name=\"twitter:label1\" content=\"Escrito por\" \/>\n\t<meta name=\"twitter:data1\" content=\"Redacao mz\" \/>\n\t<meta name=\"twitter:label2\" content=\"Est. tempo de leitura\" \/>\n\t<meta name=\"twitter:data2\" content=\"2 minutos\" \/>\n<script type=\"application\/ld+json\" class=\"yoast-schema-graph\">{\"@context\":\"https:\\\/\\\/schema.org\",\"@graph\":[{\"@type\":\"Article\",\"@id\":\"https:\\\/\\\/mznoticia.com.br\\\/jaguariaiva\\\/ratinho-junior-participa-da-110a-festa-do-senhor-bom-jesus-da-pedra-fria-em-jaguariaiva\\\/#article\",\"isPartOf\":{\"@id\":\"https:\\\/\\\/mznoticia.com.br\\\/jaguariaiva\\\/ratinho-junior-participa-da-110a-festa-do-senhor-bom-jesus-da-pedra-fria-em-jaguariaiva\\\/\"},\"author\":{\"name\":\"Redacao mz\",\"@id\":\"https:\\\/\\\/mznoticia.com.br\\\/jaguariaiva\\\/#\\\/schema\\\/person\\\/84012d827247b3f42f37b550da79cd03\"},\"headline\":\"Ratinho Junior participa da 110\u00aa Festa do Senhor Bom Jesus da Pedra Fria em Jaguaria\u00edva\",\"datePublished\":\"2026-08-06T17:53:51+00:00\",\"mainEntityOfPage\":{\"@id\":\"https:\\\/\\\/mznoticia.com.br\\\/jaguariaiva\\\/ratinho-junior-participa-da-110a-festa-do-senhor-bom-jesus-da-pedra-fria-em-jaguariaiva\\\/\"},\"wordCount\":325,\"commentCount\":0,\"publisher\":{\"@id\":\"https:\\\/\\\/mznoticia.com.br\\\/jaguariaiva\\\/#organization\"},\"image\":{\"@id\":\"https:\\\/\\\/mznoticia.com.br\\\/jaguariaiva\\\/ratinho-junior-participa-da-110a-festa-do-senhor-bom-jesus-da-pedra-fria-em-jaguariaiva\\\/#primaryimage\"},\"thumbnailUrl\":\"https:\\\/\\\/mznoticia.com.br\\\/jaguariaiva\\\/wp-content\\\/uploads\\\/2026\\\/08\\\/45.webp\",\"keywords\":[\"Alexandre Curi\",\"Campos Gerais\",\"Festa do Senhor Bom Jesus\",\"jaguariaiva\",\"MZ Not\u00edcias.\",\"parana\",\"Rafael Greca\",\"Ratinho Junior\",\"Religi\u00e3o\",\"Sandro Alex\"],\"articleSection\":[\"Eventos\"],\"inLanguage\":\"pt-BR\",\"potentialAction\":[{\"@type\":\"CommentAction\",\"name\":\"Comment\",\"target\":[\"https:\\\/\\\/mznoticia.com.br\\\/jaguariaiva\\\/ratinho-junior-participa-da-110a-festa-do-senhor-bom-jesus-da-pedra-fria-em-jaguariaiva\\\/#respond\"]}]},{\"@type\":\"WebPage\",\"@id\":\"https:\\\/\\\/mznoticia.com.br\\\/jaguariaiva\\\/ratinho-junior-participa-da-110a-festa-do-senhor-bom-jesus-da-pedra-fria-em-jaguariaiva\\\/\",\"url\":\"https:\\\/\\\/mznoticia.com.br\\\/jaguariaiva\\\/ratinho-junior-participa-da-110a-festa-do-senhor-bom-jesus-da-pedra-fria-em-jaguariaiva\\\/\",\"name\":\"Ratinho Junior participa da 110\u00aa Festa do Senhor Bom Jesus da Pedra Fria em Jaguaria\u00edva - Mz Not\u00edcias\",\"isPartOf\":{\"@id\":\"https:\\\/\\\/mznoticia.com.br\\\/jaguariaiva\\\/#website\"},\"primaryImageOfPage\":{\"@id\":\"https:\\\/\\\/mznoticia.com.br\\\/jaguariaiva\\\/ratinho-junior-participa-da-110a-festa-do-senhor-bom-jesus-da-pedra-fria-em-jaguariaiva\\\/#primaryimage\"},\"image\":{\"@id\":\"https:\\\/\\\/mznoticia.com.br\\\/jaguariaiva\\\/ratinho-junior-participa-da-110a-festa-do-senhor-bom-jesus-da-pedra-fria-em-jaguariaiva\\\/#primaryimage\"},\"thumbnailUrl\":\"https:\\\/\\\/mznoticia.com.br\\\/jaguariaiva\\\/wp-content\\\/uploads\\\/2026\\\/08\\\/45.webp\",\"datePublished\":\"2026-08-06T17:53:51+00:00\",\"description\":\"Governador Ratinho Junior participou da tradicional Festa do Senhor Bom Jesus da Pedra Fria, em Jaguaria\u00edva, e destacou os resultados da educa\u00e7\u00e3o no munic\u00edpio.\",\"breadcrumb\":{\"@id\":\"https:\\\/\\\/mznoticia.com.br\\\/jaguariaiva\\\/ratinho-junior-participa-da-110a-festa-do-senhor-bom-jesus-da-pedra-fria-em-jaguariaiva\\\/#breadcrumb\"},\"inLanguage\":\"pt-BR\",\"potentialAction\":[{\"@type\":\"ReadAction\",\"target\":[\"https:\\\/\\\/mznoticia.com.br\\\/jaguariaiva\\\/ratinho-junior-participa-da-110a-festa-do-senhor-bom-jesus-da-pedra-fria-em-jaguariaiva\\\/\"]}]},{\"@type\":\"ImageObject\",\"inLanguage\":\"pt-BR\",\"@id\":\"https:\\\/\\\/mznoticia.com.br\\\/jaguariaiva\\\/ratinho-junior-participa-da-110a-festa-do-senhor-bom-jesus-da-pedra-fria-em-jaguariaiva\\\/#primaryimage\",\"url\":\"https:\\\/\\\/mznoticia.com.br\\\/jaguariaiva\\\/wp-content\\\/uploads\\\/2026\\\/08\\\/45.webp\",\"contentUrl\":\"https:\\\/\\\/mznoticia.com.br\\\/jaguariaiva\\\/wp-content\\\/uploads\\\/2026\\\/08\\\/45.webp\",\"width\":1080,\"height\":1350},{\"@type\":\"BreadcrumbList\",\"@id\":\"https:\\\/\\\/mznoticia.com.br\\\/jaguariaiva\\\/ratinho-junior-participa-da-110a-festa-do-senhor-bom-jesus-da-pedra-fria-em-jaguariaiva\\\/#breadcrumb\",\"itemListElement\":[{\"@type\":\"ListItem\",\"position\":1,\"name\":\"Home\",\"item\":\"https:\\\/\\\/mznoticia.com.br\\\/jaguariaiva\\\/\"},{\"@type\":\"ListItem\",\"position\":2,\"name\":\"Ratinho Junior participa da 110\u00aa Festa do Senhor Bom Jesus da Pedra Fria em Jaguaria\u00edva\"}]},{\"@type\":\"WebSite\",\"@id\":\"https:\\\/\\\/mznoticia.com.br\\\/jaguariaiva\\\/#website\",\"url\":\"https:\\\/\\\/mznoticia.com.br\\\/jaguariaiva\\\/\",\"name\":\"Mz Not\u00edcia\",\"description\":\"A informa\u00e7\u00e3o que voc\u00ea precisa na hora certa!\",\"publisher\":{\"@id\":\"https:\\\/\\\/mznoticia.com.br\\\/jaguariaiva\\\/#organization\"},\"potentialAction\":[{\"@type\":\"SearchAction\",\"target\":{\"@type\":\"EntryPoint\",\"urlTemplate\":\"https:\\\/\\\/mznoticia.com.br\\\/jaguariaiva\\\/?s={search_term_string}\"},\"query-input\":{\"@type\":\"PropertyValueSpecification\",\"valueRequired\":true,\"valueName\":\"search_term_string\"}}],\"inLanguage\":\"pt-BR\"},{\"@type\":\"Organization\",\"@id\":\"https:\\\/\\\/mznoticia.com.br\\\/jaguariaiva\\\/#organization\",\"name\":\"Mz Not\u00edcia\",\"url\":\"https:\\\/\\\/mznoticia.com.br\\\/jaguariaiva\\\/\",\"logo\":{\"@type\":\"ImageObject\",\"inLanguage\":\"pt-BR\",\"@id\":\"https:\\\/\\\/mznoticia.com.br\\\/jaguariaiva\\\/#\\\/schema\\\/logo\\\/image\\\/\",\"url\":\"https:\\\/\\\/mznoticia.com.br\\\/jaguariaiva\\\/wp-content\\\/uploads\\\/2025\\\/03\\\/Design-sem-nome-4-e1741200616392.png\",\"contentUrl\":\"https:\\\/\\\/mznoticia.com.br\\\/jaguariaiva\\\/wp-content\\\/uploads\\\/2025\\\/03\\\/Design-sem-nome-4-e1741200616392.png\",\"width\":750,\"height\":563,\"caption\":\"Mz Not\u00edcia\"},\"image\":{\"@id\":\"https:\\\/\\\/mznoticia.com.br\\\/jaguariaiva\\\/#\\\/schema\\\/logo\\\/image\\\/\"},\"sameAs\":[\"https:\\\/\\\/www.facebook.com\\\/profile.php?id=61573479951222\",\"https:\\\/\\\/www.instagram.com\\\/mz.jaguariaiva\\\/\"]},{\"@type\":\"Person\",\"@id\":\"https:\\\/\\\/mznoticia.com.br\\\/jaguariaiva\\\/#\\\/schema\\\/person\\\/84012d827247b3f42f37b550da79cd03\",\"name\":\"Redacao mz\",\"image\":{\"@type\":\"ImageObject\",\"inLanguage\":\"pt-BR\",\"@id\":\"https:\\\/\\\/mznoticia.com.br\\\/jaguariaiva\\\/wp-content\\\/uploads\\\/2025\\\/02\\\/mznoticia_jaguariaiva_coluna-150x150.png\",\"url\":\"https:\\\/\\\/mznoticia.com.br\\\/jaguariaiva\\\/wp-content\\\/uploads\\\/2025\\\/02\\\/mznoticia_jaguariaiva_coluna-150x150.png\",\"contentUrl\":\"https:\\\/\\\/mznoticia.com.br\\\/jaguariaiva\\\/wp-content\\\/uploads\\\/2025\\\/02\\\/mznoticia_jaguariaiva_coluna-150x150.png\",\"caption\":\"Redacao mz\"},\"sameAs\":[\"http:\\\/\\\/mznoticia.com.br\"],\"url\":\"https:\\\/\\\/mznoticia.com.br\\\/jaguariaiva\\\/author\\\/lucimara\\\/\"}]}<\/script>\n<!-- \/ Yoast SEO plugin. -->","yoast_head_json":{"title":"Ratinho Junior participa da 110\u00aa Festa do Senhor Bom Jesus da Pedra Fria em Jaguaria\u00edva - Mz Not\u00edcias","description":"Governador Ratinho Junior participou da tradicional Festa do Senhor Bom Jesus da Pedra Fria, em Jaguaria\u00edva, e destacou os resultados da educa\u00e7\u00e3o no munic\u00edpio.","robots":{"index":"index","follow":"follow","max-snippet":"max-snippet:-1","max-image-preview":"max-image-preview:large","max-video-preview":"max-video-preview:-1"},"canonical":"https:\/\/mznoticia.com.br\/jaguariaiva\/ratinho-junior-participa-da-110a-festa-do-senhor-bom-jesus-da-pedra-fria-em-jaguariaiva\/","og_locale":"pt_BR","og_type":"article","og_title":"Ratinho Junior participa da 110\u00aa Festa do Senhor Bom Jesus da Pedra Fria em Jaguaria\u00edva - Mz Not\u00edcias","og_description":"Governador Ratinho Junior participou da tradicional Festa do Senhor Bom Jesus da Pedra Fria, em Jaguaria\u00edva, e destacou os resultados da educa\u00e7\u00e3o no munic\u00edpio.","og_url":"https:\/\/mznoticia.com.br\/jaguariaiva\/ratinho-junior-participa-da-110a-festa-do-senhor-bom-jesus-da-pedra-fria-em-jaguariaiva\/","og_site_name":"Mz Not\u00edcias","article_publisher":"https:\/\/www.facebook.com\/profile.php?id=61573479951222","article_published_time":"2026-08-06T17:53:51+00:00","og_image":[{"width":1080,"height":1350,"url":"https:\/\/mznoticia.com.br\/jaguariaiva\/wp-content\/uploads\/2026\/08\/45.webp","type":"image\/webp"}],"author":"Redacao mz","twitter_card":"summary_large_image","twitter_misc":{"Escrito por":"Redacao mz","Est. tempo de leitura":"2 minutos"},"schema":{"@context":"https:\/\/schema.org","@graph":[{"@type":"Article","@id":"https:\/\/mznoticia.com.br\/jaguariaiva\/ratinho-junior-participa-da-110a-festa-do-senhor-bom-jesus-da-pedra-fria-em-jaguariaiva\/#article","isPartOf":{"@id":"https:\/\/mznoticia.com.br\/jaguariaiva\/ratinho-junior-participa-da-110a-festa-do-senhor-bom-jesus-da-pedra-fria-em-jaguariaiva\/"},"author":{"name":"Redacao mz","@id":"https:\/\/mznoticia.com.br\/jaguariaiva\/#\/schema\/person\/84012d827247b3f42f37b550da79cd03"},"headline":"Ratinho Junior participa da 110\u00aa Festa do Senhor Bom Jesus da Pedra Fria em Jaguaria\u00edva","datePublished":"2026-08-06T17:53:51+00:00","mainEntityOfPage":{"@id":"https:\/\/mznoticia.com.br\/jaguariaiva\/ratinho-junior-participa-da-110a-festa-do-senhor-bom-jesus-da-pedra-fria-em-jaguariaiva\/"},"wordCount":325,"commentCount":0,"publisher":{"@id":"https:\/\/mznoticia.com.br\/jaguariaiva\/#organization"},"image":{"@id":"https:\/\/mznoticia.com.br\/jaguariaiva\/ratinho-junior-participa-da-110a-festa-do-senhor-bom-jesus-da-pedra-fria-em-jaguariaiva\/#primaryimage"},"thumbnailUrl":"https:\/\/mznoticia.com.br\/jaguariaiva\/wp-content\/uploads\/2026\/08\/45.webp","keywords":["Alexandre Curi","Campos Gerais","Festa do Senhor Bom Jesus","jaguariaiva","MZ Not\u00edcias.","parana","Rafael Greca","Ratinho Junior","Religi\u00e3o","Sandro Alex"],"articleSection":["Eventos"],"inLanguage":"pt-BR","potentialAction":[{"@type":"CommentAction","name":"Comment","target":["https:\/\/mznoticia.com.br\/jaguariaiva\/ratinho-junior-participa-da-110a-festa-do-senhor-bom-jesus-da-pedra-fria-em-jaguariaiva\/#respond"]}]},{"@type":"WebPage","@id":"https:\/\/mznoticia.com.br\/jaguariaiva\/ratinho-junior-participa-da-110a-festa-do-senhor-bom-jesus-da-pedra-fria-em-jaguariaiva\/","url":"https:\/\/mznoticia.com.br\/jaguariaiva\/ratinho-junior-participa-da-110a-festa-do-senhor-bom-jesus-da-pedra-fria-em-jaguariaiva\/","name":"Ratinho Junior participa da 110\u00aa Festa do Senhor Bom Jesus da Pedra Fria em Jaguaria\u00edva - Mz Not\u00edcias","isPartOf":{"@id":"https:\/\/mznoticia.com.br\/jaguariaiva\/#website"},"primaryImageOfPage":{"@id":"https:\/\/mznoticia.com.br\/jaguariaiva\/ratinho-junior-participa-da-110a-festa-do-senhor-bom-jesus-da-pedra-fria-em-jaguariaiva\/#primaryimage"},"image":{"@id":"https:\/\/mznoticia.com.br\/jaguariaiva\/ratinho-junior-participa-da-110a-festa-do-senhor-bom-jesus-da-pedra-fria-em-jaguariaiva\/#primaryimage"},"thumbnailUrl":"https:\/\/mznoticia.com.br\/jaguariaiva\/wp-content\/uploads\/2026\/08\/45.webp","datePublished":"2026-08-06T17:53:51+00:00","description":"Governador Ratinho Junior participou da tradicional Festa do Senhor Bom Jesus da Pedra Fria, em Jaguaria\u00edva, e destacou os resultados da educa\u00e7\u00e3o no munic\u00edpio.","breadcrumb":{"@id":"https:\/\/mznoticia.com.br\/jaguariaiva\/ratinho-junior-participa-da-110a-festa-do-senhor-bom-jesus-da-pedra-fria-em-jaguariaiva\/#breadcrumb"},"inLanguage":"pt-BR","potentialAction":[{"@type":"ReadAction","target":["https:\/\/mznoticia.com.br\/jaguariaiva\/ratinho-junior-participa-da-110a-festa-do-senhor-bom-jesus-da-pedra-fria-em-jaguariaiva\/"]}]},{"@type":"ImageObject","inLanguage":"pt-BR","@id":"https:\/\/mznoticia.com.br\/jaguariaiva\/ratinho-junior-participa-da-110a-festa-do-senhor-bom-jesus-da-pedra-fria-em-jaguariaiva\/#primaryimage","url":"https:\/\/mznoticia.com.br\/jaguariaiva\/wp-content\/uploads\/2026\/08\/45.webp","contentUrl":"https:\/\/mznoticia.com.br\/jaguariaiva\/wp-content\/uploads\/2026\/08\/45.webp","width":1080,"height":1350},{"@type":"BreadcrumbList","@id":"https:\/\/mznoticia.com.br\/jaguariaiva\/ratinho-junior-participa-da-110a-festa-do-senhor-bom-jesus-da-pedra-fria-em-jaguariaiva\/#breadcrumb","itemListElement":[{"@type":"ListItem","position":1,"name":"Home","item":"https:\/\/mznoticia.com.br\/jaguariaiva\/"},{"@type":"ListItem","position":2,"name":"Ratinho Junior participa da 110\u00aa Festa do Senhor Bom Jesus da Pedra Fria em Jaguaria\u00edva"}]},{"@type":"WebSite","@id":"https:\/\/mznoticia.com.br\/jaguariaiva\/#website","url":"https:\/\/mznoticia.com.br\/jaguariaiva\/","name":"Mz Not\u00edcia","description":"A informa\u00e7\u00e3o que voc\u00ea precisa na hora certa!","publisher":{"@id":"https:\/\/mznoticia.com.br\/jaguariaiva\/#organization"},"potentialAction":[{"@type":"SearchAction","target":{"@type":"EntryPoint","urlTemplate":"https:\/\/mznoticia.com.br\/jaguariaiva\/?s={search_term_string}"},"query-input":{"@type":"PropertyValueSpecification","valueRequired":true,"valueName":"search_term_string"}}],"inLanguage":"pt-BR"},{"@type":"Organization","@id":"https:\/\/mznoticia.com.br\/jaguariaiva\/#organization","name":"Mz Not\u00edcia","url":"https:\/\/mznoticia.com.br\/jaguariaiva\/","logo":{"@type":"ImageObject","inLanguage":"pt-BR","@id":"https:\/\/mznoticia.com.br\/jaguariaiva\/#\/schema\/logo\/image\/","url":"https:\/\/mznoticia.com.br\/jaguariaiva\/wp-content\/uploads\/2025\/03\/Design-sem-nome-4-e1741200616392.png","contentUrl":"https:\/\/mznoticia.com.br\/jaguariaiva\/wp-content\/uploads\/2025\/03\/Design-sem-nome-4-e1741200616392.png","width":750,"height":563,"caption":"Mz Not\u00edcia"},"image":{"@id":"https:\/\/mznoticia.com.br\/jaguariaiva\/#\/schema\/logo\/image\/"},"sameAs":["https:\/\/www.facebook.com\/profile.php?id=61573479951222","https:\/\/www.instagram.com\/mz.jaguariaiva\/"]},{"@type":"Person","@id":"https:\/\/mznoticia.com.br\/jaguariaiva\/#\/schema\/person\/84012d827247b3f42f37b550da79cd03","name":"Redacao mz","image":{"@type":"ImageObject","inLanguage":"pt-BR","@id":"https:\/\/mznoticia.com.br\/jaguariaiva\/wp-content\/uploads\/2025\/02\/mznoticia_jaguariaiva_coluna-150x150.png","url":"https:\/\/mznoticia.com.br\/jaguariaiva\/wp-content\/uploads\/2025\/02\/mznoticia_jaguariaiva_coluna-150x150.png","contentUrl":"https:\/\/mznoticia.com.br\/jaguariaiva\/wp-content\/uploads\/2025\/02\/mznoticia_jaguariaiva_coluna-150x150.png","caption":"Redacao mz"},"sameAs":["http:\/\/mznoticia.com.br"],"url":"https:\/\/mznoticia.com.br\/jaguariaiva\/author\/lucimara\/"}]}},"_links":{"self":[{"href":"https:\/\/mznoticia.com.br\/jaguariaiva\/wp-json\/wp\/v2\/posts\/6083","targetHints":{"allow":["GET"]}}],"collection":[{"href":"https:\/\/mznoticia.com.br\/jaguariaiva\/wp-json\/wp\/v2\/posts"}],"about":[{"href":"https:\/\/mznoticia.com.br\/jaguariaiva\/wp-json\/wp\/v2\/types\/post"}],"author":[{"embeddable":true,"href":"https:\/\/mznoticia.com.br\/jaguariaiva\/wp-json\/wp\/v2\/users\/16"}],"replies":[{"embeddable":true,"href":"https:\/\/mznoticia.com.br\/jaguariaiva\/wp-json\/wp\/v2\/comments?post=6083"}],"version-history":[{"count":1,"href":"https:\/\/mznoticia.com.br\/jaguariaiva\/wp-json\/wp\/v2\/posts\/6083\/revisions"}],"predecessor-version":[{"id":6085,"href":"https:\/\/mznoticia.com.br\/jaguariaiva\/wp-json\/wp\/v2\/posts\/6083\/revisions\/6085"}],"wp:featuredmedia":[{"embeddable":true,"href":"https:\/\/mznoticia.com.br\/jaguariaiva\/wp-json\/wp\/v2\/media\/6084"}],"wp:attachment":[{"href":"https:\/\/mznoticia.com.br\/jaguariaiva\/wp-json\/wp\/v2\/media?parent=6083"}],"wp:term":[{"taxonomy":"category","embeddable":true,"href":"https:\/\/mznoticia.com.br\/jaguariaiva\/wp-json\/wp\/v2\/categories?post=6083"},{"taxonomy":"post_tag","embeddable":true,"href":"https:\/\/mznoticia.com.br\/jaguariaiva\/wp-json\/wp\/v2\/tags?post=6083"}],"curies":[{"name":"wp","href":"https:\/\/api.w.org\/{rel}","templated":true}]}}