{"id":6097,"date":"2026-08-06T20:04:19","date_gmt":"2026-08-06T20:04:19","guid":{"rendered":"https:\/\/mznoticia.com.br\/jaguariaiva\/?p=6097"},"modified":"2026-08-06T20:04:19","modified_gmt":"2026-08-06T20:04:19","slug":"ratinho-junior-participa-da-110a-festa-do-senhor-bom-jesus-da-pedra-fria-em-jaguariaiva-2","status":"publish","type":"post","link":"https:\/\/mznoticia.com.br\/jaguariaiva\/ratinho-junior-participa-da-110a-festa-do-senhor-bom-jesus-da-pedra-fria-em-jaguariaiva-2\/","title":{"rendered":"Ratinho Junior participa da 110\u00aa Festa do Senhor Bom Jesus da Pedra Fria em Jaguaria\u00edva"},"content":{"rendered":"<p class=\"PDq2pG_selectionAnchorContainer\" data-start=\"105\" data-end=\"259\">Governador esteve na tradicional celebra\u00e7\u00e3o religiosa ao lado de lideran\u00e7as estaduais e destacou os resultados da educa\u00e7\u00e3o no munic\u00edpio.<\/p>\n<p data-start=\"261\" data-end=\"514\">O governador do Paran\u00e1, <strong data-start=\"285\" data-end=\"316\">Carlos Massa Ratinho Junior<\/strong>, participou nesta quinta-feira (6) da <strong data-start=\"355\" data-end=\"403\">110\u00aa Festa do Senhor Bom Jesus da Pedra Fria<\/strong>, em Jaguaria\u00edva. A celebra\u00e7\u00e3o reuniu fi\u00e9is e contou com a presen\u00e7a de diversas lideran\u00e7as pol\u00edticas estaduais.<\/p>\n<p data-start=\"516\" data-end=\"798\">Tamb\u00e9m participaram do evento o candidato ao Governo do Paran\u00e1, <strong data-start=\"580\" data-end=\"595\">Sandro Alex<\/strong>, o candidato a vice-governador, <strong data-start=\"628\" data-end=\"644\">Rafael Greca<\/strong>, e o candidato ao Senado, <strong data-start=\"671\" data-end=\"689\">Alexandre Curi<\/strong>, al\u00e9m do prefeito de Jaguaria\u00edva, <strong data-start=\"724\" data-end=\"740\">Juca Sloboda<\/strong>, do vice-prefeito <strong data-start=\"759\" data-end=\"772\">Reginaldo<\/strong> e do padre <strong data-start=\"784\" data-end=\"797\">Claudinei<\/strong>.<\/p>\n<h2 data-section-id=\"tskctj\" data-start=\"800\" data-end=\"851\">Governador destaca tradi\u00e7\u00e3o religiosa e educa\u00e7\u00e3o<\/h2>\n<p data-start=\"853\" data-end=\"1068\">Durante a visita ao Santu\u00e1rio Senhor Bom Jesus da Pedra Fria, Ratinho Junior ressaltou a import\u00e2ncia da festa para a comunidade e destacou a receptividade da popula\u00e7\u00e3o durante a celebra\u00e7\u00e3o do padroeiro do munic\u00edpio.<\/p>\n<p data-start=\"1070\" data-end=\"1319\">O governador tamb\u00e9m aproveitou a ocasi\u00e3o para enfatizar o desempenho da educa\u00e7\u00e3o em Jaguaria\u00edva, afirmando que o munic\u00edpio alcan\u00e7ou nota superior a sete nos indicadores educacionais e parabenizando a administra\u00e7\u00e3o municipal pelos resultados obtidos.<\/p>\n<h2 data-section-id=\"1rdgtiu\" data-start=\"1321\" data-end=\"1367\">Prefeito ressalta import\u00e2ncia da celebra\u00e7\u00e3o<\/h2>\n<p data-start=\"1369\" data-end=\"1570\">O prefeito Juca Sloboda agradeceu a presen\u00e7a das autoridades estaduais e afirmou que a participa\u00e7\u00e3o das principais lideran\u00e7as do Paran\u00e1 fortalece ainda mais a relev\u00e2ncia da tradicional festa religiosa.<\/p>\n<p data-start=\"1572\" data-end=\"1761\">Segundo ele, a celebra\u00e7\u00e3o representa um importante patrim\u00f4nio hist\u00f3rico, cultural e religioso de Jaguaria\u00edva, reunindo a comunidade e visitantes em torno da f\u00e9 e das tradi\u00e7\u00f5es do munic\u00edpio.<\/p>\n<h2 data-section-id=\"1l2qjy\" data-start=\"1763\" data-end=\"1801\">Festa completa 110 anos de tradi\u00e7\u00e3o<\/h2>\n<p data-start=\"1803\" data-end=\"1950\">Realizada h\u00e1 mais de um s\u00e9culo, a <strong data-start=\"1837\" data-end=\"1880\">Festa do Senhor Bom Jesus da Pedra Fria<\/strong> \u00e9 considerada um dos principais eventos religiosos dos Campos Gerais.<\/p>\n<p data-start=\"1952\" data-end=\"2139\">A programa\u00e7\u00e3o inclui missas, novenas, romarias e diversas celebra\u00e7\u00f5es que atraem fi\u00e9is de diferentes regi\u00f5es do Paran\u00e1, preservando uma tradi\u00e7\u00e3o centen\u00e1ria ligada \u00e0 hist\u00f3ria do munic\u00edpio.<\/p>\n<p data-start=\"2141\" data-end=\"2356\">Em publica\u00e7\u00e3o nas redes sociais, o prefeito destacou que a festa representa mais do que uma celebra\u00e7\u00e3o religiosa, sendo um s\u00edmbolo da hist\u00f3ria, da devo\u00e7\u00e3o e da uni\u00e3o da popula\u00e7\u00e3o de Jaguaria\u00edva ao longo de 110 anos.<\/p>\n<p data-start=\"2358\" data-end=\"2439\">O evento teve in\u00edcio no dia <strong data-start=\"2386\" data-end=\"2401\">28 de julho<\/strong> e segue at\u00e9 esta <strong data-start=\"2419\" data-end=\"2438\">sexta-feira (7)<\/strong>.<\/p>\n","protected":false},"excerpt":{"rendered":"<p>Governador esteve na tradicional celebra\u00e7\u00e3o religiosa ao lado de lideran\u00e7as estaduais e destacou os resultados da educa\u00e7\u00e3o no munic\u00edpio. O governador do Paran\u00e1, Carlos Massa Ratinho Junior, participou nesta quinta-feira (6) da 110\u00aa Festa do Senhor Bom Jesus da Pedra Fria, em Jaguaria\u00edva. A celebra\u00e7\u00e3o reuniu fi\u00e9is e contou com a presen\u00e7a de diversas lideran\u00e7as [&hellip;]<\/p>\n","protected":false},"author":16,"featured_media":6098,"comment_status":"open","ping_status":"open","sticky":false,"template":"","format":"standard","meta":{"footnotes":""},"categories":[6,7],"tags":[1774],"class_list":["post-6097","post","type-post","status-publish","format-standard","has-post-thumbnail","hentry","category-jaguariaiva","category-politica","tag-ratinhojunior-jaguariaiva-bomjesusdapedrafria-camposgerais-parana-festareligiosa-educacao-sandroalex-rafaelgreca-alexandrecuri-mznoticias"],"yoast_head":"<!-- This site is optimized with the Yoast SEO plugin v28.1 - https:\/\/yoast.com\/product\/yoast-seo-wordpress\/ -->\n<title>Ratinho Junior participa da 110\u00aa Festa do Senhor Bom Jesus da Pedra Fria em Jaguaria\u00edva - Mz Not\u00edcias<\/title>\n<meta name=\"description\" content=\"Ratinho Junior participa da 110\u00aa Festa do Senhor Bom Jesus da Pedra Fria, em Jaguaria\u00edva, ao lado de lideran\u00e7as estaduais e destaca os avan\u00e7os da educa\u00e7\u00e3o no munic\u00edpio.\" \/>\n<meta name=\"robots\" content=\"index, follow, max-snippet:-1, max-image-preview:large, max-video-preview:-1\" \/>\n<link rel=\"canonical\" href=\"https:\/\/mznoticia.com.br\/jaguariaiva\/ratinho-junior-participa-da-110a-festa-do-senhor-bom-jesus-da-pedra-fria-em-jaguariaiva-2\/\" \/>\n<meta property=\"og:locale\" content=\"pt_BR\" \/>\n<meta property=\"og:type\" content=\"article\" \/>\n<meta property=\"og:title\" content=\"Ratinho Junior participa da 110\u00aa Festa do Senhor Bom Jesus da Pedra Fria em Jaguaria\u00edva - Mz Not\u00edcias\" \/>\n<meta property=\"og:description\" content=\"Ratinho Junior participa da 110\u00aa Festa do Senhor Bom Jesus da Pedra Fria, em Jaguaria\u00edva, ao lado de lideran\u00e7as estaduais e destaca os avan\u00e7os da educa\u00e7\u00e3o no munic\u00edpio.\" \/>\n<meta property=\"og:url\" content=\"https:\/\/mznoticia.com.br\/jaguariaiva\/ratinho-junior-participa-da-110a-festa-do-senhor-bom-jesus-da-pedra-fria-em-jaguariaiva-2\/\" \/>\n<meta property=\"og:site_name\" content=\"Mz Not\u00edcias\" \/>\n<meta property=\"article:publisher\" content=\"https:\/\/www.facebook.com\/profile.php?id=61573479951222\" \/>\n<meta property=\"article:published_time\" content=\"2026-08-06T20:04:19+00:00\" \/>\n<meta property=\"og:image\" content=\"https:\/\/mznoticia.com.br\/jaguariaiva\/wp-content\/uploads\/2026\/08\/rati.png\" \/>\n\t<meta property=\"og:image:width\" content=\"1024\" \/>\n\t<meta property=\"og:image:height\" content=\"695\" \/>\n\t<meta property=\"og:image:type\" content=\"image\/png\" \/>\n<meta name=\"author\" content=\"Redacao mz\" \/>\n<meta name=\"twitter:card\" content=\"summary_large_image\" \/>\n<meta name=\"twitter:label1\" content=\"Escrito por\" \/>\n\t<meta name=\"twitter:data1\" content=\"Redacao mz\" \/>\n\t<meta name=\"twitter:label2\" content=\"Est. tempo de leitura\" \/>\n\t<meta name=\"twitter:data2\" content=\"3 minutos\" \/>\n<script type=\"application\/ld+json\" class=\"yoast-schema-graph\">{\"@context\":\"https:\\\/\\\/schema.org\",\"@graph\":[{\"@type\":\"Article\",\"@id\":\"https:\\\/\\\/mznoticia.com.br\\\/jaguariaiva\\\/ratinho-junior-participa-da-110a-festa-do-senhor-bom-jesus-da-pedra-fria-em-jaguariaiva-2\\\/#article\",\"isPartOf\":{\"@id\":\"https:\\\/\\\/mznoticia.com.br\\\/jaguariaiva\\\/ratinho-junior-participa-da-110a-festa-do-senhor-bom-jesus-da-pedra-fria-em-jaguariaiva-2\\\/\"},\"author\":{\"name\":\"Redacao mz\",\"@id\":\"https:\\\/\\\/mznoticia.com.br\\\/jaguariaiva\\\/#\\\/schema\\\/person\\\/84012d827247b3f42f37b550da79cd03\"},\"headline\":\"Ratinho Junior participa da 110\u00aa Festa do Senhor Bom Jesus da Pedra Fria em Jaguaria\u00edva\",\"datePublished\":\"2026-08-06T20:04:19+00:00\",\"mainEntityOfPage\":{\"@id\":\"https:\\\/\\\/mznoticia.com.br\\\/jaguariaiva\\\/ratinho-junior-participa-da-110a-festa-do-senhor-bom-jesus-da-pedra-fria-em-jaguariaiva-2\\\/\"},\"wordCount\":406,\"commentCount\":0,\"publisher\":{\"@id\":\"https:\\\/\\\/mznoticia.com.br\\\/jaguariaiva\\\/#organization\"},\"image\":{\"@id\":\"https:\\\/\\\/mznoticia.com.br\\\/jaguariaiva\\\/ratinho-junior-participa-da-110a-festa-do-senhor-bom-jesus-da-pedra-fria-em-jaguariaiva-2\\\/#primaryimage\"},\"thumbnailUrl\":\"https:\\\/\\\/mznoticia.com.br\\\/jaguariaiva\\\/wp-content\\\/uploads\\\/2026\\\/08\\\/rati.png\",\"keywords\":[\"#RatinhoJunior #Jaguaria\u00edva #BomJesusDaPedraFria #CamposGerais #Paran\u00e1 #FestaReligiosa #Educa\u00e7\u00e3o #SandroAlex #RafaelGreca #AlexandreCuri #MZNot\u00edcias\"],\"articleSection\":[\"Jaguaria\u00edva\",\"Pol\u00edtica\"],\"inLanguage\":\"pt-BR\",\"potentialAction\":[{\"@type\":\"CommentAction\",\"name\":\"Comment\",\"target\":[\"https:\\\/\\\/mznoticia.com.br\\\/jaguariaiva\\\/ratinho-junior-participa-da-110a-festa-do-senhor-bom-jesus-da-pedra-fria-em-jaguariaiva-2\\\/#respond\"]}]},{\"@type\":\"WebPage\",\"@id\":\"https:\\\/\\\/mznoticia.com.br\\\/jaguariaiva\\\/ratinho-junior-participa-da-110a-festa-do-senhor-bom-jesus-da-pedra-fria-em-jaguariaiva-2\\\/\",\"url\":\"https:\\\/\\\/mznoticia.com.br\\\/jaguariaiva\\\/ratinho-junior-participa-da-110a-festa-do-senhor-bom-jesus-da-pedra-fria-em-jaguariaiva-2\\\/\",\"name\":\"Ratinho Junior participa da 110\u00aa Festa do Senhor Bom Jesus da Pedra Fria em Jaguaria\u00edva - Mz Not\u00edcias\",\"isPartOf\":{\"@id\":\"https:\\\/\\\/mznoticia.com.br\\\/jaguariaiva\\\/#website\"},\"primaryImageOfPage\":{\"@id\":\"https:\\\/\\\/mznoticia.com.br\\\/jaguariaiva\\\/ratinho-junior-participa-da-110a-festa-do-senhor-bom-jesus-da-pedra-fria-em-jaguariaiva-2\\\/#primaryimage\"},\"image\":{\"@id\":\"https:\\\/\\\/mznoticia.com.br\\\/jaguariaiva\\\/ratinho-junior-participa-da-110a-festa-do-senhor-bom-jesus-da-pedra-fria-em-jaguariaiva-2\\\/#primaryimage\"},\"thumbnailUrl\":\"https:\\\/\\\/mznoticia.com.br\\\/jaguariaiva\\\/wp-content\\\/uploads\\\/2026\\\/08\\\/rati.png\",\"datePublished\":\"2026-08-06T20:04:19+00:00\",\"description\":\"Ratinho Junior participa da 110\u00aa Festa do Senhor Bom Jesus da Pedra Fria, em Jaguaria\u00edva, ao lado de lideran\u00e7as estaduais e destaca os avan\u00e7os da educa\u00e7\u00e3o no munic\u00edpio.\",\"breadcrumb\":{\"@id\":\"https:\\\/\\\/mznoticia.com.br\\\/jaguariaiva\\\/ratinho-junior-participa-da-110a-festa-do-senhor-bom-jesus-da-pedra-fria-em-jaguariaiva-2\\\/#breadcrumb\"},\"inLanguage\":\"pt-BR\",\"potentialAction\":[{\"@type\":\"ReadAction\",\"target\":[\"https:\\\/\\\/mznoticia.com.br\\\/jaguariaiva\\\/ratinho-junior-participa-da-110a-festa-do-senhor-bom-jesus-da-pedra-fria-em-jaguariaiva-2\\\/\"]}]},{\"@type\":\"ImageObject\",\"inLanguage\":\"pt-BR\",\"@id\":\"https:\\\/\\\/mznoticia.com.br\\\/jaguariaiva\\\/ratinho-junior-participa-da-110a-festa-do-senhor-bom-jesus-da-pedra-fria-em-jaguariaiva-2\\\/#primaryimage\",\"url\":\"https:\\\/\\\/mznoticia.com.br\\\/jaguariaiva\\\/wp-content\\\/uploads\\\/2026\\\/08\\\/rati.png\",\"contentUrl\":\"https:\\\/\\\/mznoticia.com.br\\\/jaguariaiva\\\/wp-content\\\/uploads\\\/2026\\\/08\\\/rati.png\",\"width\":1024,\"height\":695},{\"@type\":\"BreadcrumbList\",\"@id\":\"https:\\\/\\\/mznoticia.com.br\\\/jaguariaiva\\\/ratinho-junior-participa-da-110a-festa-do-senhor-bom-jesus-da-pedra-fria-em-jaguariaiva-2\\\/#breadcrumb\",\"itemListElement\":[{\"@type\":\"ListItem\",\"position\":1,\"name\":\"Home\",\"item\":\"https:\\\/\\\/mznoticia.com.br\\\/jaguariaiva\\\/\"},{\"@type\":\"ListItem\",\"position\":2,\"name\":\"Ratinho Junior participa da 110\u00aa Festa do Senhor Bom Jesus da Pedra Fria em Jaguaria\u00edva\"}]},{\"@type\":\"WebSite\",\"@id\":\"https:\\\/\\\/mznoticia.com.br\\\/jaguariaiva\\\/#website\",\"url\":\"https:\\\/\\\/mznoticia.com.br\\\/jaguariaiva\\\/\",\"name\":\"Mz Not\u00edcia\",\"description\":\"A informa\u00e7\u00e3o que voc\u00ea precisa na hora certa!\",\"publisher\":{\"@id\":\"https:\\\/\\\/mznoticia.com.br\\\/jaguariaiva\\\/#organization\"},\"potentialAction\":[{\"@type\":\"SearchAction\",\"target\":{\"@type\":\"EntryPoint\",\"urlTemplate\":\"https:\\\/\\\/mznoticia.com.br\\\/jaguariaiva\\\/?s={search_term_string}\"},\"query-input\":{\"@type\":\"PropertyValueSpecification\",\"valueRequired\":true,\"valueName\":\"search_term_string\"}}],\"inLanguage\":\"pt-BR\"},{\"@type\":\"Organization\",\"@id\":\"https:\\\/\\\/mznoticia.com.br\\\/jaguariaiva\\\/#organization\",\"name\":\"Mz Not\u00edcia\",\"url\":\"https:\\\/\\\/mznoticia.com.br\\\/jaguariaiva\\\/\",\"logo\":{\"@type\":\"ImageObject\",\"inLanguage\":\"pt-BR\",\"@id\":\"https:\\\/\\\/mznoticia.com.br\\\/jaguariaiva\\\/#\\\/schema\\\/logo\\\/image\\\/\",\"url\":\"https:\\\/\\\/mznoticia.com.br\\\/jaguariaiva\\\/wp-content\\\/uploads\\\/2025\\\/03\\\/Design-sem-nome-4-e1741200616392.png\",\"contentUrl\":\"https:\\\/\\\/mznoticia.com.br\\\/jaguariaiva\\\/wp-content\\\/uploads\\\/2025\\\/03\\\/Design-sem-nome-4-e1741200616392.png\",\"width\":750,\"height\":563,\"caption\":\"Mz Not\u00edcia\"},\"image\":{\"@id\":\"https:\\\/\\\/mznoticia.com.br\\\/jaguariaiva\\\/#\\\/schema\\\/logo\\\/image\\\/\"},\"sameAs\":[\"https:\\\/\\\/www.facebook.com\\\/profile.php?id=61573479951222\",\"https:\\\/\\\/www.instagram.com\\\/mz.jaguariaiva\\\/\"]},{\"@type\":\"Person\",\"@id\":\"https:\\\/\\\/mznoticia.com.br\\\/jaguariaiva\\\/#\\\/schema\\\/person\\\/84012d827247b3f42f37b550da79cd03\",\"name\":\"Redacao mz\",\"image\":{\"@type\":\"ImageObject\",\"inLanguage\":\"pt-BR\",\"@id\":\"https:\\\/\\\/mznoticia.com.br\\\/jaguariaiva\\\/wp-content\\\/uploads\\\/2025\\\/02\\\/mznoticia_jaguariaiva_coluna-150x150.png\",\"url\":\"https:\\\/\\\/mznoticia.com.br\\\/jaguariaiva\\\/wp-content\\\/uploads\\\/2025\\\/02\\\/mznoticia_jaguariaiva_coluna-150x150.png\",\"contentUrl\":\"https:\\\/\\\/mznoticia.com.br\\\/jaguariaiva\\\/wp-content\\\/uploads\\\/2025\\\/02\\\/mznoticia_jaguariaiva_coluna-150x150.png\",\"caption\":\"Redacao mz\"},\"sameAs\":[\"http:\\\/\\\/mznoticia.com.br\"],\"url\":\"https:\\\/\\\/mznoticia.com.br\\\/jaguariaiva\\\/author\\\/lucimara\\\/\"}]}<\/script>\n<!-- \/ Yoast SEO plugin. -->","yoast_head_json":{"title":"Ratinho Junior participa da 110\u00aa Festa do Senhor Bom Jesus da Pedra Fria em Jaguaria\u00edva - Mz Not\u00edcias","description":"Ratinho Junior participa da 110\u00aa Festa do Senhor Bom Jesus da Pedra Fria, em Jaguaria\u00edva, ao lado de lideran\u00e7as estaduais e destaca os avan\u00e7os da educa\u00e7\u00e3o no munic\u00edpio.","robots":{"index":"index","follow":"follow","max-snippet":"max-snippet:-1","max-image-preview":"max-image-preview:large","max-video-preview":"max-video-preview:-1"},"canonical":"https:\/\/mznoticia.com.br\/jaguariaiva\/ratinho-junior-participa-da-110a-festa-do-senhor-bom-jesus-da-pedra-fria-em-jaguariaiva-2\/","og_locale":"pt_BR","og_type":"article","og_title":"Ratinho Junior participa da 110\u00aa Festa do Senhor Bom Jesus da Pedra Fria em Jaguaria\u00edva - Mz Not\u00edcias","og_description":"Ratinho Junior participa da 110\u00aa Festa do Senhor Bom Jesus da Pedra Fria, em Jaguaria\u00edva, ao lado de lideran\u00e7as estaduais e destaca os avan\u00e7os da educa\u00e7\u00e3o no munic\u00edpio.","og_url":"https:\/\/mznoticia.com.br\/jaguariaiva\/ratinho-junior-participa-da-110a-festa-do-senhor-bom-jesus-da-pedra-fria-em-jaguariaiva-2\/","og_site_name":"Mz Not\u00edcias","article_publisher":"https:\/\/www.facebook.com\/profile.php?id=61573479951222","article_published_time":"2026-08-06T20:04:19+00:00","og_image":[{"width":1024,"height":695,"url":"https:\/\/mznoticia.com.br\/jaguariaiva\/wp-content\/uploads\/2026\/08\/rati.png","type":"image\/png"}],"author":"Redacao mz","twitter_card":"summary_large_image","twitter_misc":{"Escrito por":"Redacao mz","Est. tempo de leitura":"3 minutos"},"schema":{"@context":"https:\/\/schema.org","@graph":[{"@type":"Article","@id":"https:\/\/mznoticia.com.br\/jaguariaiva\/ratinho-junior-participa-da-110a-festa-do-senhor-bom-jesus-da-pedra-fria-em-jaguariaiva-2\/#article","isPartOf":{"@id":"https:\/\/mznoticia.com.br\/jaguariaiva\/ratinho-junior-participa-da-110a-festa-do-senhor-bom-jesus-da-pedra-fria-em-jaguariaiva-2\/"},"author":{"name":"Redacao mz","@id":"https:\/\/mznoticia.com.br\/jaguariaiva\/#\/schema\/person\/84012d827247b3f42f37b550da79cd03"},"headline":"Ratinho Junior participa da 110\u00aa Festa do Senhor Bom Jesus da Pedra Fria em Jaguaria\u00edva","datePublished":"2026-08-06T20:04:19+00:00","mainEntityOfPage":{"@id":"https:\/\/mznoticia.com.br\/jaguariaiva\/ratinho-junior-participa-da-110a-festa-do-senhor-bom-jesus-da-pedra-fria-em-jaguariaiva-2\/"},"wordCount":406,"commentCount":0,"publisher":{"@id":"https:\/\/mznoticia.com.br\/jaguariaiva\/#organization"},"image":{"@id":"https:\/\/mznoticia.com.br\/jaguariaiva\/ratinho-junior-participa-da-110a-festa-do-senhor-bom-jesus-da-pedra-fria-em-jaguariaiva-2\/#primaryimage"},"thumbnailUrl":"https:\/\/mznoticia.com.br\/jaguariaiva\/wp-content\/uploads\/2026\/08\/rati.png","keywords":["#RatinhoJunior #Jaguaria\u00edva #BomJesusDaPedraFria #CamposGerais #Paran\u00e1 #FestaReligiosa #Educa\u00e7\u00e3o #SandroAlex #RafaelGreca #AlexandreCuri #MZNot\u00edcias"],"articleSection":["Jaguaria\u00edva","Pol\u00edtica"],"inLanguage":"pt-BR","potentialAction":[{"@type":"CommentAction","name":"Comment","target":["https:\/\/mznoticia.com.br\/jaguariaiva\/ratinho-junior-participa-da-110a-festa-do-senhor-bom-jesus-da-pedra-fria-em-jaguariaiva-2\/#respond"]}]},{"@type":"WebPage","@id":"https:\/\/mznoticia.com.br\/jaguariaiva\/ratinho-junior-participa-da-110a-festa-do-senhor-bom-jesus-da-pedra-fria-em-jaguariaiva-2\/","url":"https:\/\/mznoticia.com.br\/jaguariaiva\/ratinho-junior-participa-da-110a-festa-do-senhor-bom-jesus-da-pedra-fria-em-jaguariaiva-2\/","name":"Ratinho Junior participa da 110\u00aa Festa do Senhor Bom Jesus da Pedra Fria em Jaguaria\u00edva - Mz Not\u00edcias","isPartOf":{"@id":"https:\/\/mznoticia.com.br\/jaguariaiva\/#website"},"primaryImageOfPage":{"@id":"https:\/\/mznoticia.com.br\/jaguariaiva\/ratinho-junior-participa-da-110a-festa-do-senhor-bom-jesus-da-pedra-fria-em-jaguariaiva-2\/#primaryimage"},"image":{"@id":"https:\/\/mznoticia.com.br\/jaguariaiva\/ratinho-junior-participa-da-110a-festa-do-senhor-bom-jesus-da-pedra-fria-em-jaguariaiva-2\/#primaryimage"},"thumbnailUrl":"https:\/\/mznoticia.com.br\/jaguariaiva\/wp-content\/uploads\/2026\/08\/rati.png","datePublished":"2026-08-06T20:04:19+00:00","description":"Ratinho Junior participa da 110\u00aa Festa do Senhor Bom Jesus da Pedra Fria, em Jaguaria\u00edva, ao lado de lideran\u00e7as estaduais e destaca os avan\u00e7os da educa\u00e7\u00e3o no munic\u00edpio.","breadcrumb":{"@id":"https:\/\/mznoticia.com.br\/jaguariaiva\/ratinho-junior-participa-da-110a-festa-do-senhor-bom-jesus-da-pedra-fria-em-jaguariaiva-2\/#breadcrumb"},"inLanguage":"pt-BR","potentialAction":[{"@type":"ReadAction","target":["https:\/\/mznoticia.com.br\/jaguariaiva\/ratinho-junior-participa-da-110a-festa-do-senhor-bom-jesus-da-pedra-fria-em-jaguariaiva-2\/"]}]},{"@type":"ImageObject","inLanguage":"pt-BR","@id":"https:\/\/mznoticia.com.br\/jaguariaiva\/ratinho-junior-participa-da-110a-festa-do-senhor-bom-jesus-da-pedra-fria-em-jaguariaiva-2\/#primaryimage","url":"https:\/\/mznoticia.com.br\/jaguariaiva\/wp-content\/uploads\/2026\/08\/rati.png","contentUrl":"https:\/\/mznoticia.com.br\/jaguariaiva\/wp-content\/uploads\/2026\/08\/rati.png","width":1024,"height":695},{"@type":"BreadcrumbList","@id":"https:\/\/mznoticia.com.br\/jaguariaiva\/ratinho-junior-participa-da-110a-festa-do-senhor-bom-jesus-da-pedra-fria-em-jaguariaiva-2\/#breadcrumb","itemListElement":[{"@type":"ListItem","position":1,"name":"Home","item":"https:\/\/mznoticia.com.br\/jaguariaiva\/"},{"@type":"ListItem","position":2,"name":"Ratinho Junior participa da 110\u00aa Festa do Senhor Bom Jesus da Pedra Fria em Jaguaria\u00edva"}]},{"@type":"WebSite","@id":"https:\/\/mznoticia.com.br\/jaguariaiva\/#website","url":"https:\/\/mznoticia.com.br\/jaguariaiva\/","name":"Mz Not\u00edcia","description":"A informa\u00e7\u00e3o que voc\u00ea precisa na hora certa!","publisher":{"@id":"https:\/\/mznoticia.com.br\/jaguariaiva\/#organization"},"potentialAction":[{"@type":"SearchAction","target":{"@type":"EntryPoint","urlTemplate":"https:\/\/mznoticia.com.br\/jaguariaiva\/?s={search_term_string}"},"query-input":{"@type":"PropertyValueSpecification","valueRequired":true,"valueName":"search_term_string"}}],"inLanguage":"pt-BR"},{"@type":"Organization","@id":"https:\/\/mznoticia.com.br\/jaguariaiva\/#organization","name":"Mz Not\u00edcia","url":"https:\/\/mznoticia.com.br\/jaguariaiva\/","logo":{"@type":"ImageObject","inLanguage":"pt-BR","@id":"https:\/\/mznoticia.com.br\/jaguariaiva\/#\/schema\/logo\/image\/","url":"https:\/\/mznoticia.com.br\/jaguariaiva\/wp-content\/uploads\/2025\/03\/Design-sem-nome-4-e1741200616392.png","contentUrl":"https:\/\/mznoticia.com.br\/jaguariaiva\/wp-content\/uploads\/2025\/03\/Design-sem-nome-4-e1741200616392.png","width":750,"height":563,"caption":"Mz Not\u00edcia"},"image":{"@id":"https:\/\/mznoticia.com.br\/jaguariaiva\/#\/schema\/logo\/image\/"},"sameAs":["https:\/\/www.facebook.com\/profile.php?id=61573479951222","https:\/\/www.instagram.com\/mz.jaguariaiva\/"]},{"@type":"Person","@id":"https:\/\/mznoticia.com.br\/jaguariaiva\/#\/schema\/person\/84012d827247b3f42f37b550da79cd03","name":"Redacao mz","image":{"@type":"ImageObject","inLanguage":"pt-BR","@id":"https:\/\/mznoticia.com.br\/jaguariaiva\/wp-content\/uploads\/2025\/02\/mznoticia_jaguariaiva_coluna-150x150.png","url":"https:\/\/mznoticia.com.br\/jaguariaiva\/wp-content\/uploads\/2025\/02\/mznoticia_jaguariaiva_coluna-150x150.png","contentUrl":"https:\/\/mznoticia.com.br\/jaguariaiva\/wp-content\/uploads\/2025\/02\/mznoticia_jaguariaiva_coluna-150x150.png","caption":"Redacao mz"},"sameAs":["http:\/\/mznoticia.com.br"],"url":"https:\/\/mznoticia.com.br\/jaguariaiva\/author\/lucimara\/"}]}},"_links":{"self":[{"href":"https:\/\/mznoticia.com.br\/jaguariaiva\/wp-json\/wp\/v2\/posts\/6097","targetHints":{"allow":["GET"]}}],"collection":[{"href":"https:\/\/mznoticia.com.br\/jaguariaiva\/wp-json\/wp\/v2\/posts"}],"about":[{"href":"https:\/\/mznoticia.com.br\/jaguariaiva\/wp-json\/wp\/v2\/types\/post"}],"author":[{"embeddable":true,"href":"https:\/\/mznoticia.com.br\/jaguariaiva\/wp-json\/wp\/v2\/users\/16"}],"replies":[{"embeddable":true,"href":"https:\/\/mznoticia.com.br\/jaguariaiva\/wp-json\/wp\/v2\/comments?post=6097"}],"version-history":[{"count":1,"href":"https:\/\/mznoticia.com.br\/jaguariaiva\/wp-json\/wp\/v2\/posts\/6097\/revisions"}],"predecessor-version":[{"id":6099,"href":"https:\/\/mznoticia.com.br\/jaguariaiva\/wp-json\/wp\/v2\/posts\/6097\/revisions\/6099"}],"wp:featuredmedia":[{"embeddable":true,"href":"https:\/\/mznoticia.com.br\/jaguariaiva\/wp-json\/wp\/v2\/media\/6098"}],"wp:attachment":[{"href":"https:\/\/mznoticia.com.br\/jaguariaiva\/wp-json\/wp\/v2\/media?parent=6097"}],"wp:term":[{"taxonomy":"category","embeddable":true,"href":"https:\/\/mznoticia.com.br\/jaguariaiva\/wp-json\/wp\/v2\/categories?post=6097"},{"taxonomy":"post_tag","embeddable":true,"href":"https:\/\/mznoticia.com.br\/jaguariaiva\/wp-json\/wp\/v2\/tags?post=6097"}],"curies":[{"name":"wp","href":"https:\/\/api.w.org\/{rel}","templated":true}]}}