{"id":6149,"date":"2026-08-10T12:30:25","date_gmt":"2026-08-10T12:30:25","guid":{"rendered":"https:\/\/mznoticia.com.br\/jaguariaiva\/?p=6149"},"modified":"2026-08-10T12:30:25","modified_gmt":"2026-08-10T12:30:25","slug":"motorista-fica-gravemente-ferido-apos-colisao-com-caminhao-na-pr-151-em-jaguariaiva","status":"publish","type":"post","link":"https:\/\/mznoticia.com.br\/jaguariaiva\/motorista-fica-gravemente-ferido-apos-colisao-com-caminhao-na-pr-151-em-jaguariaiva\/","title":{"rendered":"Motorista fica gravemente ferido ap\u00f3s colis\u00e3o com caminh\u00e3o na PR-151, em Jaguaria\u00edva"},"content":{"rendered":"<h2>Acidente aconteceu na noite deste domingo (9); motorista do carro foi encaminhado para atendimento hospitalar<\/h2>\n<p class=\"isSelectedEnd\">Um homem de 34 anos ficou gravemente ferido ap\u00f3s se envolver em um acidente com um caminh\u00e3o na noite deste domingo (9), na PR-151, em Jaguaria\u00edva, nos Campos Gerais.<\/p>\n<p class=\"isSelectedEnd\">A colis\u00e3o aconteceu no quil\u00f4metro 211 da rodovia.<\/p>\n<h2>Carro e caminh\u00e3o colidiram de frente<\/h2>\n<p class=\"isSelectedEnd\">De acordo com as informa\u00e7\u00f5es do atendimento policial, o motorista conduzia um <strong>VW Gol<\/strong>, com placas de Itarar\u00e9 (SP), e seguia pela PR-151 no sentido de Jaguaria\u00edva a Seng\u00e9s.<\/p>\n<p class=\"isSelectedEnd\">Ao chegar ao km 211, o autom\u00f3vel colidiu contra um caminh\u00e3o <strong>DAF XF 530<\/strong>, com placas de Recife (PE), que trafegava no sentido contr\u00e1rio.<\/p>\n<h2>Motorista do carro teve ferimentos graves<\/h2>\n<p class=\"isSelectedEnd\">O condutor do VW Gol, de 34 anos, sofreu ferimentos graves em decorr\u00eancia da colis\u00e3o.<\/p>\n<p class=\"isSelectedEnd\">Ele foi socorrido e encaminhado para uma casa hospitalar para receber atendimento m\u00e9dico.<\/p>\n<p>O motorista do caminh\u00e3o, de 40 anos, n\u00e3o sofreu ferimentos.<\/p>\n<p><label class=\"mw-image-author\">Foto: PRE<\/label><\/p>\n","protected":false},"excerpt":{"rendered":"<p>Acidente aconteceu na noite deste domingo (9); motorista do carro foi encaminhado para atendimento hospitalar Um homem de 34 anos ficou gravemente ferido ap\u00f3s se envolver em um acidente com um caminh\u00e3o na noite deste domingo (9), na PR-151, em Jaguaria\u00edva, nos Campos Gerais. A colis\u00e3o aconteceu no quil\u00f4metro 211 da rodovia. Carro e caminh\u00e3o [&hellip;]<\/p>\n","protected":false},"author":16,"featured_media":6150,"comment_status":"open","ping_status":"open","sticky":false,"template":"","format":"standard","meta":{"footnotes":""},"categories":[140],"tags":[31,153,314,1792,47,63,1793,1520,177,498,590],"class_list":["post-6149","post","type-post","status-publish","format-standard","has-post-thumbnail","hentry","category-acidente","tag-acidente","tag-caminhao","tag-campos-gerais","tag-colisao","tag-destaque","tag-jaguariaiva","tag-motorista-ferido","tag-policia-rodoviaria","tag-pr-151","tag-seguranca-viaria","tag-transito"],"yoast_head":"<!-- This site is optimized with the Yoast SEO plugin v28.1 - https:\/\/yoast.com\/product\/yoast-seo-wordpress\/ -->\n<title>Motorista fica gravemente ferido ap\u00f3s colis\u00e3o com caminh\u00e3o na PR-151, em Jaguaria\u00edva - Mz Not\u00edcias<\/title>\n<meta name=\"description\" content=\"Homem de 34 anos ficou gravemente ferido ap\u00f3s VW Gol colidir com caminh\u00e3o na PR-151, em Jaguaria\u00edva, neste domingo (9).\" \/>\n<meta name=\"robots\" content=\"index, follow, max-snippet:-1, max-image-preview:large, max-video-preview:-1\" \/>\n<link rel=\"canonical\" href=\"https:\/\/mznoticia.com.br\/jaguariaiva\/motorista-fica-gravemente-ferido-apos-colisao-com-caminhao-na-pr-151-em-jaguariaiva\/\" \/>\n<meta property=\"og:locale\" content=\"pt_BR\" \/>\n<meta property=\"og:type\" content=\"article\" \/>\n<meta property=\"og:title\" content=\"Motorista fica gravemente ferido ap\u00f3s colis\u00e3o com caminh\u00e3o na PR-151, em Jaguaria\u00edva - Mz Not\u00edcias\" \/>\n<meta property=\"og:description\" content=\"Homem de 34 anos ficou gravemente ferido ap\u00f3s VW Gol colidir com caminh\u00e3o na PR-151, em Jaguaria\u00edva, neste domingo (9).\" \/>\n<meta property=\"og:url\" content=\"https:\/\/mznoticia.com.br\/jaguariaiva\/motorista-fica-gravemente-ferido-apos-colisao-com-caminhao-na-pr-151-em-jaguariaiva\/\" \/>\n<meta property=\"og:site_name\" content=\"Mz Not\u00edcias\" \/>\n<meta property=\"article:publisher\" content=\"https:\/\/www.facebook.com\/profile.php?id=61573479951222\" \/>\n<meta property=\"article:published_time\" content=\"2026-08-10T12:30:25+00:00\" \/>\n<meta property=\"og:image\" content=\"https:\/\/mznoticia.com.br\/jaguariaiva\/wp-content\/uploads\/2026\/08\/03-1.webp\" \/>\n\t<meta property=\"og:image:width\" content=\"1000\" \/>\n\t<meta property=\"og:image:height\" content=\"500\" \/>\n\t<meta property=\"og:image:type\" content=\"image\/webp\" \/>\n<meta name=\"author\" content=\"Redacao mz\" \/>\n<meta name=\"twitter:card\" content=\"summary_large_image\" \/>\n<meta name=\"twitter:label1\" content=\"Escrito por\" \/>\n\t<meta name=\"twitter:data1\" content=\"Redacao mz\" \/>\n\t<meta name=\"twitter:label2\" content=\"Est. tempo de leitura\" \/>\n\t<meta name=\"twitter:data2\" content=\"2 minutos\" \/>\n<script type=\"application\/ld+json\" class=\"yoast-schema-graph\">{\"@context\":\"https:\\\/\\\/schema.org\",\"@graph\":[{\"@type\":\"Article\",\"@id\":\"https:\\\/\\\/mznoticia.com.br\\\/jaguariaiva\\\/motorista-fica-gravemente-ferido-apos-colisao-com-caminhao-na-pr-151-em-jaguariaiva\\\/#article\",\"isPartOf\":{\"@id\":\"https:\\\/\\\/mznoticia.com.br\\\/jaguariaiva\\\/motorista-fica-gravemente-ferido-apos-colisao-com-caminhao-na-pr-151-em-jaguariaiva\\\/\"},\"author\":{\"name\":\"Redacao mz\",\"@id\":\"https:\\\/\\\/mznoticia.com.br\\\/jaguariaiva\\\/#\\\/schema\\\/person\\\/84012d827247b3f42f37b550da79cd03\"},\"headline\":\"Motorista fica gravemente ferido ap\u00f3s colis\u00e3o com caminh\u00e3o na PR-151, em Jaguaria\u00edva\",\"datePublished\":\"2026-08-10T12:30:25+00:00\",\"mainEntityOfPage\":{\"@id\":\"https:\\\/\\\/mznoticia.com.br\\\/jaguariaiva\\\/motorista-fica-gravemente-ferido-apos-colisao-com-caminhao-na-pr-151-em-jaguariaiva\\\/\"},\"wordCount\":182,\"commentCount\":0,\"publisher\":{\"@id\":\"https:\\\/\\\/mznoticia.com.br\\\/jaguariaiva\\\/#organization\"},\"image\":{\"@id\":\"https:\\\/\\\/mznoticia.com.br\\\/jaguariaiva\\\/motorista-fica-gravemente-ferido-apos-colisao-com-caminhao-na-pr-151-em-jaguariaiva\\\/#primaryimage\"},\"thumbnailUrl\":\"https:\\\/\\\/mznoticia.com.br\\\/jaguariaiva\\\/wp-content\\\/uploads\\\/2026\\\/08\\\/03-1.webp\",\"keywords\":[\"acidente\",\"caminh\u00e3o\",\"Campos Gerais\",\"Colis\u00e3o\",\"destaque\",\"jaguariaiva\",\"Motorista ferido\",\"Pol\u00edcia Rodovi\u00e1ria\",\"PR-151\",\"Seguran\u00e7a Vi\u00e1ria\",\"tr\u00e2nsito\"],\"articleSection\":[\"Acidente\"],\"inLanguage\":\"pt-BR\",\"potentialAction\":[{\"@type\":\"CommentAction\",\"name\":\"Comment\",\"target\":[\"https:\\\/\\\/mznoticia.com.br\\\/jaguariaiva\\\/motorista-fica-gravemente-ferido-apos-colisao-com-caminhao-na-pr-151-em-jaguariaiva\\\/#respond\"]}]},{\"@type\":\"WebPage\",\"@id\":\"https:\\\/\\\/mznoticia.com.br\\\/jaguariaiva\\\/motorista-fica-gravemente-ferido-apos-colisao-com-caminhao-na-pr-151-em-jaguariaiva\\\/\",\"url\":\"https:\\\/\\\/mznoticia.com.br\\\/jaguariaiva\\\/motorista-fica-gravemente-ferido-apos-colisao-com-caminhao-na-pr-151-em-jaguariaiva\\\/\",\"name\":\"Motorista fica gravemente ferido ap\u00f3s colis\u00e3o com caminh\u00e3o na PR-151, em Jaguaria\u00edva - Mz Not\u00edcias\",\"isPartOf\":{\"@id\":\"https:\\\/\\\/mznoticia.com.br\\\/jaguariaiva\\\/#website\"},\"primaryImageOfPage\":{\"@id\":\"https:\\\/\\\/mznoticia.com.br\\\/jaguariaiva\\\/motorista-fica-gravemente-ferido-apos-colisao-com-caminhao-na-pr-151-em-jaguariaiva\\\/#primaryimage\"},\"image\":{\"@id\":\"https:\\\/\\\/mznoticia.com.br\\\/jaguariaiva\\\/motorista-fica-gravemente-ferido-apos-colisao-com-caminhao-na-pr-151-em-jaguariaiva\\\/#primaryimage\"},\"thumbnailUrl\":\"https:\\\/\\\/mznoticia.com.br\\\/jaguariaiva\\\/wp-content\\\/uploads\\\/2026\\\/08\\\/03-1.webp\",\"datePublished\":\"2026-08-10T12:30:25+00:00\",\"description\":\"Homem de 34 anos ficou gravemente ferido ap\u00f3s VW Gol colidir com caminh\u00e3o na PR-151, em Jaguaria\u00edva, neste domingo (9).\",\"breadcrumb\":{\"@id\":\"https:\\\/\\\/mznoticia.com.br\\\/jaguariaiva\\\/motorista-fica-gravemente-ferido-apos-colisao-com-caminhao-na-pr-151-em-jaguariaiva\\\/#breadcrumb\"},\"inLanguage\":\"pt-BR\",\"potentialAction\":[{\"@type\":\"ReadAction\",\"target\":[\"https:\\\/\\\/mznoticia.com.br\\\/jaguariaiva\\\/motorista-fica-gravemente-ferido-apos-colisao-com-caminhao-na-pr-151-em-jaguariaiva\\\/\"]}]},{\"@type\":\"ImageObject\",\"inLanguage\":\"pt-BR\",\"@id\":\"https:\\\/\\\/mznoticia.com.br\\\/jaguariaiva\\\/motorista-fica-gravemente-ferido-apos-colisao-com-caminhao-na-pr-151-em-jaguariaiva\\\/#primaryimage\",\"url\":\"https:\\\/\\\/mznoticia.com.br\\\/jaguariaiva\\\/wp-content\\\/uploads\\\/2026\\\/08\\\/03-1.webp\",\"contentUrl\":\"https:\\\/\\\/mznoticia.com.br\\\/jaguariaiva\\\/wp-content\\\/uploads\\\/2026\\\/08\\\/03-1.webp\",\"width\":1000,\"height\":500},{\"@type\":\"BreadcrumbList\",\"@id\":\"https:\\\/\\\/mznoticia.com.br\\\/jaguariaiva\\\/motorista-fica-gravemente-ferido-apos-colisao-com-caminhao-na-pr-151-em-jaguariaiva\\\/#breadcrumb\",\"itemListElement\":[{\"@type\":\"ListItem\",\"position\":1,\"name\":\"Home\",\"item\":\"https:\\\/\\\/mznoticia.com.br\\\/jaguariaiva\\\/\"},{\"@type\":\"ListItem\",\"position\":2,\"name\":\"Motorista fica gravemente ferido ap\u00f3s colis\u00e3o com caminh\u00e3o na PR-151, em Jaguaria\u00edva\"}]},{\"@type\":\"WebSite\",\"@id\":\"https:\\\/\\\/mznoticia.com.br\\\/jaguariaiva\\\/#website\",\"url\":\"https:\\\/\\\/mznoticia.com.br\\\/jaguariaiva\\\/\",\"name\":\"Mz Not\u00edcia\",\"description\":\"A informa\u00e7\u00e3o que voc\u00ea precisa na hora certa!\",\"publisher\":{\"@id\":\"https:\\\/\\\/mznoticia.com.br\\\/jaguariaiva\\\/#organization\"},\"potentialAction\":[{\"@type\":\"SearchAction\",\"target\":{\"@type\":\"EntryPoint\",\"urlTemplate\":\"https:\\\/\\\/mznoticia.com.br\\\/jaguariaiva\\\/?s={search_term_string}\"},\"query-input\":{\"@type\":\"PropertyValueSpecification\",\"valueRequired\":true,\"valueName\":\"search_term_string\"}}],\"inLanguage\":\"pt-BR\"},{\"@type\":\"Organization\",\"@id\":\"https:\\\/\\\/mznoticia.com.br\\\/jaguariaiva\\\/#organization\",\"name\":\"Mz Not\u00edcia\",\"url\":\"https:\\\/\\\/mznoticia.com.br\\\/jaguariaiva\\\/\",\"logo\":{\"@type\":\"ImageObject\",\"inLanguage\":\"pt-BR\",\"@id\":\"https:\\\/\\\/mznoticia.com.br\\\/jaguariaiva\\\/#\\\/schema\\\/logo\\\/image\\\/\",\"url\":\"https:\\\/\\\/mznoticia.com.br\\\/jaguariaiva\\\/wp-content\\\/uploads\\\/2025\\\/03\\\/Design-sem-nome-4-e1741200616392.png\",\"contentUrl\":\"https:\\\/\\\/mznoticia.com.br\\\/jaguariaiva\\\/wp-content\\\/uploads\\\/2025\\\/03\\\/Design-sem-nome-4-e1741200616392.png\",\"width\":750,\"height\":563,\"caption\":\"Mz Not\u00edcia\"},\"image\":{\"@id\":\"https:\\\/\\\/mznoticia.com.br\\\/jaguariaiva\\\/#\\\/schema\\\/logo\\\/image\\\/\"},\"sameAs\":[\"https:\\\/\\\/www.facebook.com\\\/profile.php?id=61573479951222\",\"https:\\\/\\\/www.instagram.com\\\/mz.jaguariaiva\\\/\"]},{\"@type\":\"Person\",\"@id\":\"https:\\\/\\\/mznoticia.com.br\\\/jaguariaiva\\\/#\\\/schema\\\/person\\\/84012d827247b3f42f37b550da79cd03\",\"name\":\"Redacao mz\",\"image\":{\"@type\":\"ImageObject\",\"inLanguage\":\"pt-BR\",\"@id\":\"https:\\\/\\\/mznoticia.com.br\\\/jaguariaiva\\\/wp-content\\\/uploads\\\/2025\\\/02\\\/mznoticia_jaguariaiva_coluna-150x150.png\",\"url\":\"https:\\\/\\\/mznoticia.com.br\\\/jaguariaiva\\\/wp-content\\\/uploads\\\/2025\\\/02\\\/mznoticia_jaguariaiva_coluna-150x150.png\",\"contentUrl\":\"https:\\\/\\\/mznoticia.com.br\\\/jaguariaiva\\\/wp-content\\\/uploads\\\/2025\\\/02\\\/mznoticia_jaguariaiva_coluna-150x150.png\",\"caption\":\"Redacao mz\"},\"sameAs\":[\"http:\\\/\\\/mznoticia.com.br\"],\"url\":\"https:\\\/\\\/mznoticia.com.br\\\/jaguariaiva\\\/author\\\/lucimara\\\/\"}]}<\/script>\n<!-- \/ Yoast SEO plugin. -->","yoast_head_json":{"title":"Motorista fica gravemente ferido ap\u00f3s colis\u00e3o com caminh\u00e3o na PR-151, em Jaguaria\u00edva - Mz Not\u00edcias","description":"Homem de 34 anos ficou gravemente ferido ap\u00f3s VW Gol colidir com caminh\u00e3o na PR-151, em Jaguaria\u00edva, neste domingo (9).","robots":{"index":"index","follow":"follow","max-snippet":"max-snippet:-1","max-image-preview":"max-image-preview:large","max-video-preview":"max-video-preview:-1"},"canonical":"https:\/\/mznoticia.com.br\/jaguariaiva\/motorista-fica-gravemente-ferido-apos-colisao-com-caminhao-na-pr-151-em-jaguariaiva\/","og_locale":"pt_BR","og_type":"article","og_title":"Motorista fica gravemente ferido ap\u00f3s colis\u00e3o com caminh\u00e3o na PR-151, em Jaguaria\u00edva - Mz Not\u00edcias","og_description":"Homem de 34 anos ficou gravemente ferido ap\u00f3s VW Gol colidir com caminh\u00e3o na PR-151, em Jaguaria\u00edva, neste domingo (9).","og_url":"https:\/\/mznoticia.com.br\/jaguariaiva\/motorista-fica-gravemente-ferido-apos-colisao-com-caminhao-na-pr-151-em-jaguariaiva\/","og_site_name":"Mz Not\u00edcias","article_publisher":"https:\/\/www.facebook.com\/profile.php?id=61573479951222","article_published_time":"2026-08-10T12:30:25+00:00","og_image":[{"width":1000,"height":500,"url":"https:\/\/mznoticia.com.br\/jaguariaiva\/wp-content\/uploads\/2026\/08\/03-1.webp","type":"image\/webp"}],"author":"Redacao mz","twitter_card":"summary_large_image","twitter_misc":{"Escrito por":"Redacao mz","Est. tempo de leitura":"2 minutos"},"schema":{"@context":"https:\/\/schema.org","@graph":[{"@type":"Article","@id":"https:\/\/mznoticia.com.br\/jaguariaiva\/motorista-fica-gravemente-ferido-apos-colisao-com-caminhao-na-pr-151-em-jaguariaiva\/#article","isPartOf":{"@id":"https:\/\/mznoticia.com.br\/jaguariaiva\/motorista-fica-gravemente-ferido-apos-colisao-com-caminhao-na-pr-151-em-jaguariaiva\/"},"author":{"name":"Redacao mz","@id":"https:\/\/mznoticia.com.br\/jaguariaiva\/#\/schema\/person\/84012d827247b3f42f37b550da79cd03"},"headline":"Motorista fica gravemente ferido ap\u00f3s colis\u00e3o com caminh\u00e3o na PR-151, em Jaguaria\u00edva","datePublished":"2026-08-10T12:30:25+00:00","mainEntityOfPage":{"@id":"https:\/\/mznoticia.com.br\/jaguariaiva\/motorista-fica-gravemente-ferido-apos-colisao-com-caminhao-na-pr-151-em-jaguariaiva\/"},"wordCount":182,"commentCount":0,"publisher":{"@id":"https:\/\/mznoticia.com.br\/jaguariaiva\/#organization"},"image":{"@id":"https:\/\/mznoticia.com.br\/jaguariaiva\/motorista-fica-gravemente-ferido-apos-colisao-com-caminhao-na-pr-151-em-jaguariaiva\/#primaryimage"},"thumbnailUrl":"https:\/\/mznoticia.com.br\/jaguariaiva\/wp-content\/uploads\/2026\/08\/03-1.webp","keywords":["acidente","caminh\u00e3o","Campos Gerais","Colis\u00e3o","destaque","jaguariaiva","Motorista ferido","Pol\u00edcia Rodovi\u00e1ria","PR-151","Seguran\u00e7a Vi\u00e1ria","tr\u00e2nsito"],"articleSection":["Acidente"],"inLanguage":"pt-BR","potentialAction":[{"@type":"CommentAction","name":"Comment","target":["https:\/\/mznoticia.com.br\/jaguariaiva\/motorista-fica-gravemente-ferido-apos-colisao-com-caminhao-na-pr-151-em-jaguariaiva\/#respond"]}]},{"@type":"WebPage","@id":"https:\/\/mznoticia.com.br\/jaguariaiva\/motorista-fica-gravemente-ferido-apos-colisao-com-caminhao-na-pr-151-em-jaguariaiva\/","url":"https:\/\/mznoticia.com.br\/jaguariaiva\/motorista-fica-gravemente-ferido-apos-colisao-com-caminhao-na-pr-151-em-jaguariaiva\/","name":"Motorista fica gravemente ferido ap\u00f3s colis\u00e3o com caminh\u00e3o na PR-151, em Jaguaria\u00edva - Mz Not\u00edcias","isPartOf":{"@id":"https:\/\/mznoticia.com.br\/jaguariaiva\/#website"},"primaryImageOfPage":{"@id":"https:\/\/mznoticia.com.br\/jaguariaiva\/motorista-fica-gravemente-ferido-apos-colisao-com-caminhao-na-pr-151-em-jaguariaiva\/#primaryimage"},"image":{"@id":"https:\/\/mznoticia.com.br\/jaguariaiva\/motorista-fica-gravemente-ferido-apos-colisao-com-caminhao-na-pr-151-em-jaguariaiva\/#primaryimage"},"thumbnailUrl":"https:\/\/mznoticia.com.br\/jaguariaiva\/wp-content\/uploads\/2026\/08\/03-1.webp","datePublished":"2026-08-10T12:30:25+00:00","description":"Homem de 34 anos ficou gravemente ferido ap\u00f3s VW Gol colidir com caminh\u00e3o na PR-151, em Jaguaria\u00edva, neste domingo (9).","breadcrumb":{"@id":"https:\/\/mznoticia.com.br\/jaguariaiva\/motorista-fica-gravemente-ferido-apos-colisao-com-caminhao-na-pr-151-em-jaguariaiva\/#breadcrumb"},"inLanguage":"pt-BR","potentialAction":[{"@type":"ReadAction","target":["https:\/\/mznoticia.com.br\/jaguariaiva\/motorista-fica-gravemente-ferido-apos-colisao-com-caminhao-na-pr-151-em-jaguariaiva\/"]}]},{"@type":"ImageObject","inLanguage":"pt-BR","@id":"https:\/\/mznoticia.com.br\/jaguariaiva\/motorista-fica-gravemente-ferido-apos-colisao-com-caminhao-na-pr-151-em-jaguariaiva\/#primaryimage","url":"https:\/\/mznoticia.com.br\/jaguariaiva\/wp-content\/uploads\/2026\/08\/03-1.webp","contentUrl":"https:\/\/mznoticia.com.br\/jaguariaiva\/wp-content\/uploads\/2026\/08\/03-1.webp","width":1000,"height":500},{"@type":"BreadcrumbList","@id":"https:\/\/mznoticia.com.br\/jaguariaiva\/motorista-fica-gravemente-ferido-apos-colisao-com-caminhao-na-pr-151-em-jaguariaiva\/#breadcrumb","itemListElement":[{"@type":"ListItem","position":1,"name":"Home","item":"https:\/\/mznoticia.com.br\/jaguariaiva\/"},{"@type":"ListItem","position":2,"name":"Motorista fica gravemente ferido ap\u00f3s colis\u00e3o com caminh\u00e3o na PR-151, em Jaguaria\u00edva"}]},{"@type":"WebSite","@id":"https:\/\/mznoticia.com.br\/jaguariaiva\/#website","url":"https:\/\/mznoticia.com.br\/jaguariaiva\/","name":"Mz Not\u00edcia","description":"A informa\u00e7\u00e3o que voc\u00ea precisa na hora certa!","publisher":{"@id":"https:\/\/mznoticia.com.br\/jaguariaiva\/#organization"},"potentialAction":[{"@type":"SearchAction","target":{"@type":"EntryPoint","urlTemplate":"https:\/\/mznoticia.com.br\/jaguariaiva\/?s={search_term_string}"},"query-input":{"@type":"PropertyValueSpecification","valueRequired":true,"valueName":"search_term_string"}}],"inLanguage":"pt-BR"},{"@type":"Organization","@id":"https:\/\/mznoticia.com.br\/jaguariaiva\/#organization","name":"Mz Not\u00edcia","url":"https:\/\/mznoticia.com.br\/jaguariaiva\/","logo":{"@type":"ImageObject","inLanguage":"pt-BR","@id":"https:\/\/mznoticia.com.br\/jaguariaiva\/#\/schema\/logo\/image\/","url":"https:\/\/mznoticia.com.br\/jaguariaiva\/wp-content\/uploads\/2025\/03\/Design-sem-nome-4-e1741200616392.png","contentUrl":"https:\/\/mznoticia.com.br\/jaguariaiva\/wp-content\/uploads\/2025\/03\/Design-sem-nome-4-e1741200616392.png","width":750,"height":563,"caption":"Mz Not\u00edcia"},"image":{"@id":"https:\/\/mznoticia.com.br\/jaguariaiva\/#\/schema\/logo\/image\/"},"sameAs":["https:\/\/www.facebook.com\/profile.php?id=61573479951222","https:\/\/www.instagram.com\/mz.jaguariaiva\/"]},{"@type":"Person","@id":"https:\/\/mznoticia.com.br\/jaguariaiva\/#\/schema\/person\/84012d827247b3f42f37b550da79cd03","name":"Redacao mz","image":{"@type":"ImageObject","inLanguage":"pt-BR","@id":"https:\/\/mznoticia.com.br\/jaguariaiva\/wp-content\/uploads\/2025\/02\/mznoticia_jaguariaiva_coluna-150x150.png","url":"https:\/\/mznoticia.com.br\/jaguariaiva\/wp-content\/uploads\/2025\/02\/mznoticia_jaguariaiva_coluna-150x150.png","contentUrl":"https:\/\/mznoticia.com.br\/jaguariaiva\/wp-content\/uploads\/2025\/02\/mznoticia_jaguariaiva_coluna-150x150.png","caption":"Redacao mz"},"sameAs":["http:\/\/mznoticia.com.br"],"url":"https:\/\/mznoticia.com.br\/jaguariaiva\/author\/lucimara\/"}]}},"_links":{"self":[{"href":"https:\/\/mznoticia.com.br\/jaguariaiva\/wp-json\/wp\/v2\/posts\/6149","targetHints":{"allow":["GET"]}}],"collection":[{"href":"https:\/\/mznoticia.com.br\/jaguariaiva\/wp-json\/wp\/v2\/posts"}],"about":[{"href":"https:\/\/mznoticia.com.br\/jaguariaiva\/wp-json\/wp\/v2\/types\/post"}],"author":[{"embeddable":true,"href":"https:\/\/mznoticia.com.br\/jaguariaiva\/wp-json\/wp\/v2\/users\/16"}],"replies":[{"embeddable":true,"href":"https:\/\/mznoticia.com.br\/jaguariaiva\/wp-json\/wp\/v2\/comments?post=6149"}],"version-history":[{"count":1,"href":"https:\/\/mznoticia.com.br\/jaguariaiva\/wp-json\/wp\/v2\/posts\/6149\/revisions"}],"predecessor-version":[{"id":6151,"href":"https:\/\/mznoticia.com.br\/jaguariaiva\/wp-json\/wp\/v2\/posts\/6149\/revisions\/6151"}],"wp:featuredmedia":[{"embeddable":true,"href":"https:\/\/mznoticia.com.br\/jaguariaiva\/wp-json\/wp\/v2\/media\/6150"}],"wp:attachment":[{"href":"https:\/\/mznoticia.com.br\/jaguariaiva\/wp-json\/wp\/v2\/media?parent=6149"}],"wp:term":[{"taxonomy":"category","embeddable":true,"href":"https:\/\/mznoticia.com.br\/jaguariaiva\/wp-json\/wp\/v2\/categories?post=6149"},{"taxonomy":"post_tag","embeddable":true,"href":"https:\/\/mznoticia.com.br\/jaguariaiva\/wp-json\/wp\/v2\/tags?post=6149"}],"curies":[{"name":"wp","href":"https:\/\/api.w.org\/{rel}","templated":true}]}}