{"id":6198,"date":"2026-08-10T17:23:17","date_gmt":"2026-08-10T17:23:17","guid":{"rendered":"https:\/\/mznoticia.com.br\/jaguariaiva\/?p=6198"},"modified":"2026-08-10T17:23:17","modified_gmt":"2026-08-10T17:23:17","slug":"homem-e-encontrado-morto-apos-ser-esfaqueado-durante-tentativa-de-fuga-em-prudentopolis","status":"publish","type":"post","link":"https:\/\/mznoticia.com.br\/jaguariaiva\/homem-e-encontrado-morto-apos-ser-esfaqueado-durante-tentativa-de-fuga-em-prudentopolis\/","title":{"rendered":"Homem \u00e9 encontrado morto ap\u00f3s ser esfaqueado durante tentativa de fuga em Prudent\u00f3polis"},"content":{"rendered":"<h2>V\u00edtima foi localizada ca\u00edda em um terreno ap\u00f3s sofrer golpes de faca; autor do crime ainda n\u00e3o foi encontrado<\/h2>\n<p class=\"isSelectedEnd\">Um homem foi encontrado morto na noite deste domingo (9), na Rua Lamenha Lins, em Prudent\u00f3polis, na regi\u00e3o Centro-Sul do Paran\u00e1. A v\u00edtima apresentava ferimentos provocados por golpes de faca.<\/p>\n<h3>V\u00edtima tentou fugir ap\u00f3s ser atacada<\/h3>\n<p class=\"isSelectedEnd\">Conforme informa\u00e7\u00f5es apuradas sobre o caso, o homem teria sido esfaqueado em um ponto pr\u00f3ximo ao local onde acabou sendo encontrado.<\/p>\n<p class=\"isSelectedEnd\">Ap\u00f3s o ataque, ele teria tentado fugir correndo at\u00e9 um terreno. No local, acabou caindo e n\u00e3o resistiu aos ferimentos.<\/p>\n<h3>Pol\u00edcia investiga o crime<\/h3>\n<p class=\"isSelectedEnd\">A Pol\u00edcia Militar foi acionada e isolou a \u00e1rea para o trabalho das equipes respons\u00e1veis pela investiga\u00e7\u00e3o.<\/p>\n<p class=\"isSelectedEnd\">A Pol\u00edcia Civil investiga as circunst\u00e2ncias do crime e busca esclarecer a motiva\u00e7\u00e3o do ataque, al\u00e9m de identificar o respons\u00e1vel pelas agress\u00f5es.<\/p>\n<p>At\u00e9 o momento, o autor das facadas n\u00e3o foi localizado.<\/p>\n","protected":false},"excerpt":{"rendered":"<p>V\u00edtima foi localizada ca\u00edda em um terreno ap\u00f3s sofrer golpes de faca; autor do crime ainda n\u00e3o foi encontrado Um homem foi encontrado morto na noite deste domingo (9), na Rua Lamenha Lins, em Prudent\u00f3polis, na regi\u00e3o Centro-Sul do Paran\u00e1. A v\u00edtima apresentava ferimentos provocados por golpes de faca. V\u00edtima tentou fugir ap\u00f3s ser atacada [&hellip;]<\/p>\n","protected":false},"author":16,"featured_media":6199,"comment_status":"open","ping_status":"open","sticky":false,"template":"","format":"standard","meta":{"footnotes":""},"categories":[4],"tags":[1179,1830,173,208,77,515,139,1002,398,928],"class_list":["post-6198","post","type-post","status-publish","format-standard","has-post-thumbnail","hentry","category-policial","tag-crime","tag-esfaqueamento","tag-homicidio","tag-morte","tag-parana","tag-policia-civil","tag-policia-militar","tag-prudentopolis","tag-seguranca","tag-violencia"],"yoast_head":"<!-- This site is optimized with the Yoast SEO plugin v28.1 - https:\/\/yoast.com\/product\/yoast-seo-wordpress\/ -->\n<title>Homem \u00e9 encontrado morto ap\u00f3s ser esfaqueado durante tentativa de fuga em Prudent\u00f3polis - Mz Not\u00edcias<\/title>\n<meta name=\"description\" content=\"Homem \u00e9 encontrado morto ap\u00f3s ser esfaqueado durante tentativa de fuga em Prudent\u00f3polis. Pol\u00edcia Civil investiga o crime.\" \/>\n<meta name=\"robots\" content=\"index, follow, max-snippet:-1, max-image-preview:large, max-video-preview:-1\" \/>\n<link rel=\"canonical\" href=\"https:\/\/mznoticia.com.br\/jaguariaiva\/homem-e-encontrado-morto-apos-ser-esfaqueado-durante-tentativa-de-fuga-em-prudentopolis\/\" \/>\n<meta property=\"og:locale\" content=\"pt_BR\" \/>\n<meta property=\"og:type\" content=\"article\" \/>\n<meta property=\"og:title\" content=\"Homem \u00e9 encontrado morto ap\u00f3s ser esfaqueado durante tentativa de fuga em Prudent\u00f3polis - Mz Not\u00edcias\" \/>\n<meta property=\"og:description\" content=\"Homem \u00e9 encontrado morto ap\u00f3s ser esfaqueado durante tentativa de fuga em Prudent\u00f3polis. Pol\u00edcia Civil investiga o crime.\" \/>\n<meta property=\"og:url\" content=\"https:\/\/mznoticia.com.br\/jaguariaiva\/homem-e-encontrado-morto-apos-ser-esfaqueado-durante-tentativa-de-fuga-em-prudentopolis\/\" \/>\n<meta property=\"og:site_name\" content=\"Mz Not\u00edcias\" \/>\n<meta property=\"article:publisher\" content=\"https:\/\/www.facebook.com\/profile.php?id=61573479951222\" \/>\n<meta property=\"article:published_time\" content=\"2026-08-10T17:23:17+00:00\" \/>\n<meta property=\"og:image\" content=\"https:\/\/mznoticia.com.br\/jaguariaiva\/wp-content\/uploads\/2026\/08\/iml.webp\" \/>\n\t<meta property=\"og:image:width\" content=\"800\" \/>\n\t<meta property=\"og:image:height\" content=\"534\" \/>\n\t<meta property=\"og:image:type\" content=\"image\/webp\" \/>\n<meta name=\"author\" content=\"Redacao mz\" \/>\n<meta name=\"twitter:card\" content=\"summary_large_image\" \/>\n<meta name=\"twitter:label1\" content=\"Escrito por\" \/>\n\t<meta name=\"twitter:data1\" content=\"Redacao mz\" \/>\n\t<meta name=\"twitter:label2\" content=\"Est. tempo de leitura\" \/>\n\t<meta name=\"twitter:data2\" content=\"2 minutos\" \/>\n<script type=\"application\/ld+json\" class=\"yoast-schema-graph\">{\"@context\":\"https:\\\/\\\/schema.org\",\"@graph\":[{\"@type\":\"Article\",\"@id\":\"https:\\\/\\\/mznoticia.com.br\\\/jaguariaiva\\\/homem-e-encontrado-morto-apos-ser-esfaqueado-durante-tentativa-de-fuga-em-prudentopolis\\\/#article\",\"isPartOf\":{\"@id\":\"https:\\\/\\\/mznoticia.com.br\\\/jaguariaiva\\\/homem-e-encontrado-morto-apos-ser-esfaqueado-durante-tentativa-de-fuga-em-prudentopolis\\\/\"},\"author\":{\"name\":\"Redacao mz\",\"@id\":\"https:\\\/\\\/mznoticia.com.br\\\/jaguariaiva\\\/#\\\/schema\\\/person\\\/84012d827247b3f42f37b550da79cd03\"},\"headline\":\"Homem \u00e9 encontrado morto ap\u00f3s ser esfaqueado durante tentativa de fuga em Prudent\u00f3polis\",\"datePublished\":\"2026-08-10T17:23:17+00:00\",\"mainEntityOfPage\":{\"@id\":\"https:\\\/\\\/mznoticia.com.br\\\/jaguariaiva\\\/homem-e-encontrado-morto-apos-ser-esfaqueado-durante-tentativa-de-fuga-em-prudentopolis\\\/\"},\"wordCount\":186,\"commentCount\":0,\"publisher\":{\"@id\":\"https:\\\/\\\/mznoticia.com.br\\\/jaguariaiva\\\/#organization\"},\"image\":{\"@id\":\"https:\\\/\\\/mznoticia.com.br\\\/jaguariaiva\\\/homem-e-encontrado-morto-apos-ser-esfaqueado-durante-tentativa-de-fuga-em-prudentopolis\\\/#primaryimage\"},\"thumbnailUrl\":\"https:\\\/\\\/mznoticia.com.br\\\/jaguariaiva\\\/wp-content\\\/uploads\\\/2026\\\/08\\\/iml.webp\",\"keywords\":[\"Crime\",\"esfaqueamento\",\"homic\u00eddio\",\"morte\",\"parana\",\"Pol\u00edcia Civil\",\"pol\u00edcia militar\",\"Prudent\u00f3polis\",\"Seguran\u00e7a\",\"Viol\u00eancia\"],\"articleSection\":[\"Policial\"],\"inLanguage\":\"pt-BR\",\"potentialAction\":[{\"@type\":\"CommentAction\",\"name\":\"Comment\",\"target\":[\"https:\\\/\\\/mznoticia.com.br\\\/jaguariaiva\\\/homem-e-encontrado-morto-apos-ser-esfaqueado-durante-tentativa-de-fuga-em-prudentopolis\\\/#respond\"]}]},{\"@type\":\"WebPage\",\"@id\":\"https:\\\/\\\/mznoticia.com.br\\\/jaguariaiva\\\/homem-e-encontrado-morto-apos-ser-esfaqueado-durante-tentativa-de-fuga-em-prudentopolis\\\/\",\"url\":\"https:\\\/\\\/mznoticia.com.br\\\/jaguariaiva\\\/homem-e-encontrado-morto-apos-ser-esfaqueado-durante-tentativa-de-fuga-em-prudentopolis\\\/\",\"name\":\"Homem \u00e9 encontrado morto ap\u00f3s ser esfaqueado durante tentativa de fuga em Prudent\u00f3polis - Mz Not\u00edcias\",\"isPartOf\":{\"@id\":\"https:\\\/\\\/mznoticia.com.br\\\/jaguariaiva\\\/#website\"},\"primaryImageOfPage\":{\"@id\":\"https:\\\/\\\/mznoticia.com.br\\\/jaguariaiva\\\/homem-e-encontrado-morto-apos-ser-esfaqueado-durante-tentativa-de-fuga-em-prudentopolis\\\/#primaryimage\"},\"image\":{\"@id\":\"https:\\\/\\\/mznoticia.com.br\\\/jaguariaiva\\\/homem-e-encontrado-morto-apos-ser-esfaqueado-durante-tentativa-de-fuga-em-prudentopolis\\\/#primaryimage\"},\"thumbnailUrl\":\"https:\\\/\\\/mznoticia.com.br\\\/jaguariaiva\\\/wp-content\\\/uploads\\\/2026\\\/08\\\/iml.webp\",\"datePublished\":\"2026-08-10T17:23:17+00:00\",\"description\":\"Homem \u00e9 encontrado morto ap\u00f3s ser esfaqueado durante tentativa de fuga em Prudent\u00f3polis. Pol\u00edcia Civil investiga o crime.\",\"breadcrumb\":{\"@id\":\"https:\\\/\\\/mznoticia.com.br\\\/jaguariaiva\\\/homem-e-encontrado-morto-apos-ser-esfaqueado-durante-tentativa-de-fuga-em-prudentopolis\\\/#breadcrumb\"},\"inLanguage\":\"pt-BR\",\"potentialAction\":[{\"@type\":\"ReadAction\",\"target\":[\"https:\\\/\\\/mznoticia.com.br\\\/jaguariaiva\\\/homem-e-encontrado-morto-apos-ser-esfaqueado-durante-tentativa-de-fuga-em-prudentopolis\\\/\"]}]},{\"@type\":\"ImageObject\",\"inLanguage\":\"pt-BR\",\"@id\":\"https:\\\/\\\/mznoticia.com.br\\\/jaguariaiva\\\/homem-e-encontrado-morto-apos-ser-esfaqueado-durante-tentativa-de-fuga-em-prudentopolis\\\/#primaryimage\",\"url\":\"https:\\\/\\\/mznoticia.com.br\\\/jaguariaiva\\\/wp-content\\\/uploads\\\/2026\\\/08\\\/iml.webp\",\"contentUrl\":\"https:\\\/\\\/mznoticia.com.br\\\/jaguariaiva\\\/wp-content\\\/uploads\\\/2026\\\/08\\\/iml.webp\",\"width\":800,\"height\":534},{\"@type\":\"BreadcrumbList\",\"@id\":\"https:\\\/\\\/mznoticia.com.br\\\/jaguariaiva\\\/homem-e-encontrado-morto-apos-ser-esfaqueado-durante-tentativa-de-fuga-em-prudentopolis\\\/#breadcrumb\",\"itemListElement\":[{\"@type\":\"ListItem\",\"position\":1,\"name\":\"Home\",\"item\":\"https:\\\/\\\/mznoticia.com.br\\\/jaguariaiva\\\/\"},{\"@type\":\"ListItem\",\"position\":2,\"name\":\"Homem \u00e9 encontrado morto ap\u00f3s ser esfaqueado durante tentativa de fuga em Prudent\u00f3polis\"}]},{\"@type\":\"WebSite\",\"@id\":\"https:\\\/\\\/mznoticia.com.br\\\/jaguariaiva\\\/#website\",\"url\":\"https:\\\/\\\/mznoticia.com.br\\\/jaguariaiva\\\/\",\"name\":\"Mz Not\u00edcia\",\"description\":\"A informa\u00e7\u00e3o que voc\u00ea precisa na hora certa!\",\"publisher\":{\"@id\":\"https:\\\/\\\/mznoticia.com.br\\\/jaguariaiva\\\/#organization\"},\"potentialAction\":[{\"@type\":\"SearchAction\",\"target\":{\"@type\":\"EntryPoint\",\"urlTemplate\":\"https:\\\/\\\/mznoticia.com.br\\\/jaguariaiva\\\/?s={search_term_string}\"},\"query-input\":{\"@type\":\"PropertyValueSpecification\",\"valueRequired\":true,\"valueName\":\"search_term_string\"}}],\"inLanguage\":\"pt-BR\"},{\"@type\":\"Organization\",\"@id\":\"https:\\\/\\\/mznoticia.com.br\\\/jaguariaiva\\\/#organization\",\"name\":\"Mz Not\u00edcia\",\"url\":\"https:\\\/\\\/mznoticia.com.br\\\/jaguariaiva\\\/\",\"logo\":{\"@type\":\"ImageObject\",\"inLanguage\":\"pt-BR\",\"@id\":\"https:\\\/\\\/mznoticia.com.br\\\/jaguariaiva\\\/#\\\/schema\\\/logo\\\/image\\\/\",\"url\":\"https:\\\/\\\/mznoticia.com.br\\\/jaguariaiva\\\/wp-content\\\/uploads\\\/2025\\\/03\\\/Design-sem-nome-4-e1741200616392.png\",\"contentUrl\":\"https:\\\/\\\/mznoticia.com.br\\\/jaguariaiva\\\/wp-content\\\/uploads\\\/2025\\\/03\\\/Design-sem-nome-4-e1741200616392.png\",\"width\":750,\"height\":563,\"caption\":\"Mz Not\u00edcia\"},\"image\":{\"@id\":\"https:\\\/\\\/mznoticia.com.br\\\/jaguariaiva\\\/#\\\/schema\\\/logo\\\/image\\\/\"},\"sameAs\":[\"https:\\\/\\\/www.facebook.com\\\/profile.php?id=61573479951222\",\"https:\\\/\\\/www.instagram.com\\\/mz.jaguariaiva\\\/\"]},{\"@type\":\"Person\",\"@id\":\"https:\\\/\\\/mznoticia.com.br\\\/jaguariaiva\\\/#\\\/schema\\\/person\\\/84012d827247b3f42f37b550da79cd03\",\"name\":\"Redacao mz\",\"image\":{\"@type\":\"ImageObject\",\"inLanguage\":\"pt-BR\",\"@id\":\"https:\\\/\\\/mznoticia.com.br\\\/jaguariaiva\\\/wp-content\\\/uploads\\\/2025\\\/02\\\/mznoticia_jaguariaiva_coluna-150x150.png\",\"url\":\"https:\\\/\\\/mznoticia.com.br\\\/jaguariaiva\\\/wp-content\\\/uploads\\\/2025\\\/02\\\/mznoticia_jaguariaiva_coluna-150x150.png\",\"contentUrl\":\"https:\\\/\\\/mznoticia.com.br\\\/jaguariaiva\\\/wp-content\\\/uploads\\\/2025\\\/02\\\/mznoticia_jaguariaiva_coluna-150x150.png\",\"caption\":\"Redacao mz\"},\"sameAs\":[\"http:\\\/\\\/mznoticia.com.br\"],\"url\":\"https:\\\/\\\/mznoticia.com.br\\\/jaguariaiva\\\/author\\\/lucimara\\\/\"}]}<\/script>\n<!-- \/ Yoast SEO plugin. -->","yoast_head_json":{"title":"Homem \u00e9 encontrado morto ap\u00f3s ser esfaqueado durante tentativa de fuga em Prudent\u00f3polis - Mz Not\u00edcias","description":"Homem \u00e9 encontrado morto ap\u00f3s ser esfaqueado durante tentativa de fuga em Prudent\u00f3polis. Pol\u00edcia Civil investiga o crime.","robots":{"index":"index","follow":"follow","max-snippet":"max-snippet:-1","max-image-preview":"max-image-preview:large","max-video-preview":"max-video-preview:-1"},"canonical":"https:\/\/mznoticia.com.br\/jaguariaiva\/homem-e-encontrado-morto-apos-ser-esfaqueado-durante-tentativa-de-fuga-em-prudentopolis\/","og_locale":"pt_BR","og_type":"article","og_title":"Homem \u00e9 encontrado morto ap\u00f3s ser esfaqueado durante tentativa de fuga em Prudent\u00f3polis - Mz Not\u00edcias","og_description":"Homem \u00e9 encontrado morto ap\u00f3s ser esfaqueado durante tentativa de fuga em Prudent\u00f3polis. Pol\u00edcia Civil investiga o crime.","og_url":"https:\/\/mznoticia.com.br\/jaguariaiva\/homem-e-encontrado-morto-apos-ser-esfaqueado-durante-tentativa-de-fuga-em-prudentopolis\/","og_site_name":"Mz Not\u00edcias","article_publisher":"https:\/\/www.facebook.com\/profile.php?id=61573479951222","article_published_time":"2026-08-10T17:23:17+00:00","og_image":[{"width":800,"height":534,"url":"https:\/\/mznoticia.com.br\/jaguariaiva\/wp-content\/uploads\/2026\/08\/iml.webp","type":"image\/webp"}],"author":"Redacao mz","twitter_card":"summary_large_image","twitter_misc":{"Escrito por":"Redacao mz","Est. tempo de leitura":"2 minutos"},"schema":{"@context":"https:\/\/schema.org","@graph":[{"@type":"Article","@id":"https:\/\/mznoticia.com.br\/jaguariaiva\/homem-e-encontrado-morto-apos-ser-esfaqueado-durante-tentativa-de-fuga-em-prudentopolis\/#article","isPartOf":{"@id":"https:\/\/mznoticia.com.br\/jaguariaiva\/homem-e-encontrado-morto-apos-ser-esfaqueado-durante-tentativa-de-fuga-em-prudentopolis\/"},"author":{"name":"Redacao mz","@id":"https:\/\/mznoticia.com.br\/jaguariaiva\/#\/schema\/person\/84012d827247b3f42f37b550da79cd03"},"headline":"Homem \u00e9 encontrado morto ap\u00f3s ser esfaqueado durante tentativa de fuga em Prudent\u00f3polis","datePublished":"2026-08-10T17:23:17+00:00","mainEntityOfPage":{"@id":"https:\/\/mznoticia.com.br\/jaguariaiva\/homem-e-encontrado-morto-apos-ser-esfaqueado-durante-tentativa-de-fuga-em-prudentopolis\/"},"wordCount":186,"commentCount":0,"publisher":{"@id":"https:\/\/mznoticia.com.br\/jaguariaiva\/#organization"},"image":{"@id":"https:\/\/mznoticia.com.br\/jaguariaiva\/homem-e-encontrado-morto-apos-ser-esfaqueado-durante-tentativa-de-fuga-em-prudentopolis\/#primaryimage"},"thumbnailUrl":"https:\/\/mznoticia.com.br\/jaguariaiva\/wp-content\/uploads\/2026\/08\/iml.webp","keywords":["Crime","esfaqueamento","homic\u00eddio","morte","parana","Pol\u00edcia Civil","pol\u00edcia militar","Prudent\u00f3polis","Seguran\u00e7a","Viol\u00eancia"],"articleSection":["Policial"],"inLanguage":"pt-BR","potentialAction":[{"@type":"CommentAction","name":"Comment","target":["https:\/\/mznoticia.com.br\/jaguariaiva\/homem-e-encontrado-morto-apos-ser-esfaqueado-durante-tentativa-de-fuga-em-prudentopolis\/#respond"]}]},{"@type":"WebPage","@id":"https:\/\/mznoticia.com.br\/jaguariaiva\/homem-e-encontrado-morto-apos-ser-esfaqueado-durante-tentativa-de-fuga-em-prudentopolis\/","url":"https:\/\/mznoticia.com.br\/jaguariaiva\/homem-e-encontrado-morto-apos-ser-esfaqueado-durante-tentativa-de-fuga-em-prudentopolis\/","name":"Homem \u00e9 encontrado morto ap\u00f3s ser esfaqueado durante tentativa de fuga em Prudent\u00f3polis - Mz Not\u00edcias","isPartOf":{"@id":"https:\/\/mznoticia.com.br\/jaguariaiva\/#website"},"primaryImageOfPage":{"@id":"https:\/\/mznoticia.com.br\/jaguariaiva\/homem-e-encontrado-morto-apos-ser-esfaqueado-durante-tentativa-de-fuga-em-prudentopolis\/#primaryimage"},"image":{"@id":"https:\/\/mznoticia.com.br\/jaguariaiva\/homem-e-encontrado-morto-apos-ser-esfaqueado-durante-tentativa-de-fuga-em-prudentopolis\/#primaryimage"},"thumbnailUrl":"https:\/\/mznoticia.com.br\/jaguariaiva\/wp-content\/uploads\/2026\/08\/iml.webp","datePublished":"2026-08-10T17:23:17+00:00","description":"Homem \u00e9 encontrado morto ap\u00f3s ser esfaqueado durante tentativa de fuga em Prudent\u00f3polis. Pol\u00edcia Civil investiga o crime.","breadcrumb":{"@id":"https:\/\/mznoticia.com.br\/jaguariaiva\/homem-e-encontrado-morto-apos-ser-esfaqueado-durante-tentativa-de-fuga-em-prudentopolis\/#breadcrumb"},"inLanguage":"pt-BR","potentialAction":[{"@type":"ReadAction","target":["https:\/\/mznoticia.com.br\/jaguariaiva\/homem-e-encontrado-morto-apos-ser-esfaqueado-durante-tentativa-de-fuga-em-prudentopolis\/"]}]},{"@type":"ImageObject","inLanguage":"pt-BR","@id":"https:\/\/mznoticia.com.br\/jaguariaiva\/homem-e-encontrado-morto-apos-ser-esfaqueado-durante-tentativa-de-fuga-em-prudentopolis\/#primaryimage","url":"https:\/\/mznoticia.com.br\/jaguariaiva\/wp-content\/uploads\/2026\/08\/iml.webp","contentUrl":"https:\/\/mznoticia.com.br\/jaguariaiva\/wp-content\/uploads\/2026\/08\/iml.webp","width":800,"height":534},{"@type":"BreadcrumbList","@id":"https:\/\/mznoticia.com.br\/jaguariaiva\/homem-e-encontrado-morto-apos-ser-esfaqueado-durante-tentativa-de-fuga-em-prudentopolis\/#breadcrumb","itemListElement":[{"@type":"ListItem","position":1,"name":"Home","item":"https:\/\/mznoticia.com.br\/jaguariaiva\/"},{"@type":"ListItem","position":2,"name":"Homem \u00e9 encontrado morto ap\u00f3s ser esfaqueado durante tentativa de fuga em Prudent\u00f3polis"}]},{"@type":"WebSite","@id":"https:\/\/mznoticia.com.br\/jaguariaiva\/#website","url":"https:\/\/mznoticia.com.br\/jaguariaiva\/","name":"Mz Not\u00edcia","description":"A informa\u00e7\u00e3o que voc\u00ea precisa na hora certa!","publisher":{"@id":"https:\/\/mznoticia.com.br\/jaguariaiva\/#organization"},"potentialAction":[{"@type":"SearchAction","target":{"@type":"EntryPoint","urlTemplate":"https:\/\/mznoticia.com.br\/jaguariaiva\/?s={search_term_string}"},"query-input":{"@type":"PropertyValueSpecification","valueRequired":true,"valueName":"search_term_string"}}],"inLanguage":"pt-BR"},{"@type":"Organization","@id":"https:\/\/mznoticia.com.br\/jaguariaiva\/#organization","name":"Mz Not\u00edcia","url":"https:\/\/mznoticia.com.br\/jaguariaiva\/","logo":{"@type":"ImageObject","inLanguage":"pt-BR","@id":"https:\/\/mznoticia.com.br\/jaguariaiva\/#\/schema\/logo\/image\/","url":"https:\/\/mznoticia.com.br\/jaguariaiva\/wp-content\/uploads\/2025\/03\/Design-sem-nome-4-e1741200616392.png","contentUrl":"https:\/\/mznoticia.com.br\/jaguariaiva\/wp-content\/uploads\/2025\/03\/Design-sem-nome-4-e1741200616392.png","width":750,"height":563,"caption":"Mz Not\u00edcia"},"image":{"@id":"https:\/\/mznoticia.com.br\/jaguariaiva\/#\/schema\/logo\/image\/"},"sameAs":["https:\/\/www.facebook.com\/profile.php?id=61573479951222","https:\/\/www.instagram.com\/mz.jaguariaiva\/"]},{"@type":"Person","@id":"https:\/\/mznoticia.com.br\/jaguariaiva\/#\/schema\/person\/84012d827247b3f42f37b550da79cd03","name":"Redacao mz","image":{"@type":"ImageObject","inLanguage":"pt-BR","@id":"https:\/\/mznoticia.com.br\/jaguariaiva\/wp-content\/uploads\/2025\/02\/mznoticia_jaguariaiva_coluna-150x150.png","url":"https:\/\/mznoticia.com.br\/jaguariaiva\/wp-content\/uploads\/2025\/02\/mznoticia_jaguariaiva_coluna-150x150.png","contentUrl":"https:\/\/mznoticia.com.br\/jaguariaiva\/wp-content\/uploads\/2025\/02\/mznoticia_jaguariaiva_coluna-150x150.png","caption":"Redacao mz"},"sameAs":["http:\/\/mznoticia.com.br"],"url":"https:\/\/mznoticia.com.br\/jaguariaiva\/author\/lucimara\/"}]}},"_links":{"self":[{"href":"https:\/\/mznoticia.com.br\/jaguariaiva\/wp-json\/wp\/v2\/posts\/6198","targetHints":{"allow":["GET"]}}],"collection":[{"href":"https:\/\/mznoticia.com.br\/jaguariaiva\/wp-json\/wp\/v2\/posts"}],"about":[{"href":"https:\/\/mznoticia.com.br\/jaguariaiva\/wp-json\/wp\/v2\/types\/post"}],"author":[{"embeddable":true,"href":"https:\/\/mznoticia.com.br\/jaguariaiva\/wp-json\/wp\/v2\/users\/16"}],"replies":[{"embeddable":true,"href":"https:\/\/mznoticia.com.br\/jaguariaiva\/wp-json\/wp\/v2\/comments?post=6198"}],"version-history":[{"count":1,"href":"https:\/\/mznoticia.com.br\/jaguariaiva\/wp-json\/wp\/v2\/posts\/6198\/revisions"}],"predecessor-version":[{"id":6200,"href":"https:\/\/mznoticia.com.br\/jaguariaiva\/wp-json\/wp\/v2\/posts\/6198\/revisions\/6200"}],"wp:featuredmedia":[{"embeddable":true,"href":"https:\/\/mznoticia.com.br\/jaguariaiva\/wp-json\/wp\/v2\/media\/6199"}],"wp:attachment":[{"href":"https:\/\/mznoticia.com.br\/jaguariaiva\/wp-json\/wp\/v2\/media?parent=6198"}],"wp:term":[{"taxonomy":"category","embeddable":true,"href":"https:\/\/mznoticia.com.br\/jaguariaiva\/wp-json\/wp\/v2\/categories?post=6198"},{"taxonomy":"post_tag","embeddable":true,"href":"https:\/\/mznoticia.com.br\/jaguariaiva\/wp-json\/wp\/v2\/tags?post=6198"}],"curies":[{"name":"wp","href":"https:\/\/api.w.org\/{rel}","templated":true}]}}