{"id":6207,"date":"2026-08-10T18:36:19","date_gmt":"2026-08-10T18:36:19","guid":{"rendered":"https:\/\/mznoticia.com.br\/jaguariaiva\/?p=6207"},"modified":"2026-08-10T18:36:19","modified_gmt":"2026-08-10T18:36:19","slug":"6207-2","status":"publish","type":"post","link":"https:\/\/mznoticia.com.br\/jaguariaiva\/6207-2\/","title":{"rendered":""},"content":{"rendered":"<h2>Investiga\u00e7\u00e3o do Nucria identificou tr\u00eas v\u00edtimas de 13 anos e duas de 17; suspeito teria oferecido dinheiro e benef\u00edcios materiais em troca de atos sexuais<\/h2>\n<p class=\"isSelectedEnd\">Um homem de 36 anos foi preso preventivamente na manh\u00e3 desta segunda-feira (10), no bairro Uvaranas, em Ponta Grossa, suspeito de envolvimento em crimes de estupro de vulner\u00e1vel contra cinco adolescentes.<\/p>\n<p class=\"isSelectedEnd\">A pris\u00e3o foi realizada durante uma investiga\u00e7\u00e3o conduzida pelo N\u00facleo de Prote\u00e7\u00e3o \u00e0 Crian\u00e7a e ao Adolescente (Nucria), da Pol\u00edcia Civil do Paran\u00e1. Conforme as apura\u00e7\u00f5es, o suspeito teria aliciado adolescentes e praticado abusos sexuais mediante a oferta de dinheiro e outros benef\u00edcios materiais.<\/p>\n<h3>Investiga\u00e7\u00e3o identificou cinco v\u00edtimas<\/h3>\n<p class=\"isSelectedEnd\">Segundo a investiga\u00e7\u00e3o, foram identificadas pelo menos cinco v\u00edtimas. Entre elas est\u00e3o tr\u00eas adolescentes de 13 anos e duas jovens de 17 anos.<\/p>\n<p class=\"isSelectedEnd\">Conforme a delegada respons\u00e1vel pelo caso, Renata Batista, o investigado teria se aproveitado da situa\u00e7\u00e3o de vulnerabilidade das v\u00edtimas para oferecer vantagens financeiras e tentar obter benef\u00edcios de natureza sexual.<\/p>\n<p class=\"isSelectedEnd\">Em algumas situa\u00e7\u00f5es, ainda segundo a investiga\u00e7\u00e3o, o suspeito teria utilizado sua superioridade f\u00edsica, psicol\u00f3gica e econ\u00f4mica para constranger as v\u00edtimas \u00e0 pr\u00e1tica de atos libidinosos e outros abusos.<\/p>\n<h3>Suspeito foi encaminhado \u00e0 cadeia<\/h3>\n<p class=\"isSelectedEnd\">Diante dos elementos reunidos durante a investiga\u00e7\u00e3o, a Pol\u00edcia Civil solicitou a pris\u00e3o preventiva do homem. A medida foi autorizada pelo Poder Judici\u00e1rio.<\/p>\n<p class=\"isSelectedEnd\">O mandado de pris\u00e3o foi expedido pelo 1\u00ba Juizado de Viol\u00eancia Dom\u00e9stica e Familiar da Comarca de Ponta Grossa, ap\u00f3s representa\u00e7\u00e3o apresentada pela autoridade policial respons\u00e1vel pelo caso.<\/p>\n<p class=\"isSelectedEnd\">Ap\u00f3s ser localizado e preso, o suspeito foi encaminhado para a Cadeia P\u00fablica Hildebrando de Souza, onde permanece custodiado \u00e0 disposi\u00e7\u00e3o da Justi\u00e7a.<\/p>\n<h3>Pol\u00edcia refor\u00e7a import\u00e2ncia das den\u00fancias<\/h3>\n<p class=\"isSelectedEnd\">O Nucria destaca que casos envolvendo viol\u00eancia contra crian\u00e7as e adolescentes s\u00e3o investigados de forma permanente pelas equipes especializadas. O trabalho envolve a apura\u00e7\u00e3o dos fatos, a ado\u00e7\u00e3o de medidas de prote\u00e7\u00e3o e a responsabiliza\u00e7\u00e3o dos envolvidos.<\/p>\n<p class=\"isSelectedEnd\">A Pol\u00edcia Civil tamb\u00e9m refor\u00e7a que den\u00fancias da popula\u00e7\u00e3o s\u00e3o importantes para auxiliar na identifica\u00e7\u00e3o de poss\u00edveis crimes contra crian\u00e7as e adolescentes.<\/p>\n<p class=\"isSelectedEnd\">Informa\u00e7\u00f5es podem ser repassadas de forma an\u00f4nima pelo telefone 197, da Pol\u00edcia Civil do Paran\u00e1, ou pelo Disque-Den\u00fancia 181.<\/p>\n<p>Tamb\u00e9m \u00e9 poss\u00edvel entrar em contato diretamente com o Nucria de Ponta Grossa pelo telefone (42) 3225-3856.<\/p>\n","protected":false},"excerpt":{"rendered":"<p>Investiga\u00e7\u00e3o do Nucria identificou tr\u00eas v\u00edtimas de 13 anos e duas de 17; suspeito teria oferecido dinheiro e benef\u00edcios materiais em troca de atos sexuais Um homem de 36 anos foi preso preventivamente na manh\u00e3 desta segunda-feira (10), no bairro Uvaranas, em Ponta Grossa, suspeito de envolvimento em crimes de estupro de vulner\u00e1vel contra cinco [&hellip;]<\/p>\n","protected":false},"author":16,"featured_media":6208,"comment_status":"open","ping_status":"open","sticky":false,"template":"","format":"standard","meta":{"footnotes":""},"categories":[4],"tags":[883,1837,1179,202,317,1836,77,515,24,650,316,1444,1751],"class_list":["post-6207","post","type-post","status-publish","format-standard","has-post-thumbnail","hentry","category-policial","tag-adolescentes","tag-criancas-e-adolescentes","tag-crime","tag-estupro-de-vulneravel","tag-investigacao","tag-nucria","tag-parana","tag-policia-civil","tag-ponta-grossa","tag-prisao","tag-seguranca-publica","tag-uvaranas","tag-violencia-sexual"],"yoast_head":"<!-- This site is optimized with the Yoast SEO plugin v28.1 - https:\/\/yoast.com\/product\/yoast-seo-wordpress\/ -->\n<title>- Mz Not\u00edcias<\/title>\n<meta name=\"description\" content=\"Homem de 36 anos \u00e9 preso em Ponta Grossa suspeito de abusar sexualmente de cinco adolescentes. Investiga\u00e7\u00e3o foi conduzida pelo Nucria.\" \/>\n<meta name=\"robots\" content=\"index, follow, max-snippet:-1, max-image-preview:large, max-video-preview:-1\" \/>\n<link rel=\"canonical\" href=\"https:\/\/mznoticia.com.br\/jaguariaiva\/6207-2\/\" \/>\n<meta property=\"og:locale\" content=\"pt_BR\" \/>\n<meta property=\"og:type\" content=\"article\" \/>\n<meta property=\"og:title\" content=\"- Mz Not\u00edcias\" \/>\n<meta property=\"og:description\" content=\"Homem de 36 anos \u00e9 preso em Ponta Grossa suspeito de abusar sexualmente de cinco adolescentes. Investiga\u00e7\u00e3o foi conduzida pelo Nucria.\" \/>\n<meta property=\"og:url\" content=\"https:\/\/mznoticia.com.br\/jaguariaiva\/6207-2\/\" \/>\n<meta property=\"og:site_name\" content=\"Mz Not\u00edcias\" \/>\n<meta property=\"article:publisher\" content=\"https:\/\/www.facebook.com\/profile.php?id=61573479951222\" \/>\n<meta property=\"article:published_time\" content=\"2026-08-10T18:36:19+00:00\" \/>\n<meta name=\"author\" content=\"Redacao mz\" \/>\n<meta name=\"twitter:card\" content=\"summary_large_image\" \/>\n<meta name=\"twitter:label1\" content=\"Escrito por\" \/>\n\t<meta name=\"twitter:data1\" content=\"Redacao mz\" \/>\n\t<meta name=\"twitter:label2\" content=\"Est. tempo de leitura\" \/>\n\t<meta name=\"twitter:data2\" content=\"3 minutos\" \/>\n<script type=\"application\/ld+json\" class=\"yoast-schema-graph\">{\"@context\":\"https:\\\/\\\/schema.org\",\"@graph\":[{\"@type\":\"Article\",\"@id\":\"https:\\\/\\\/mznoticia.com.br\\\/jaguariaiva\\\/6207-2\\\/#article\",\"isPartOf\":{\"@id\":\"https:\\\/\\\/mznoticia.com.br\\\/jaguariaiva\\\/6207-2\\\/\"},\"author\":{\"name\":\"Redacao mz\",\"@id\":\"https:\\\/\\\/mznoticia.com.br\\\/jaguariaiva\\\/#\\\/schema\\\/person\\\/84012d827247b3f42f37b550da79cd03\"},\"headline\":\"Sem t\u00edtulo\",\"datePublished\":\"2026-08-10T18:36:19+00:00\",\"mainEntityOfPage\":{\"@id\":\"https:\\\/\\\/mznoticia.com.br\\\/jaguariaiva\\\/6207-2\\\/\"},\"wordCount\":420,\"commentCount\":0,\"publisher\":{\"@id\":\"https:\\\/\\\/mznoticia.com.br\\\/jaguariaiva\\\/#organization\"},\"image\":{\"@id\":\"https:\\\/\\\/mznoticia.com.br\\\/jaguariaiva\\\/6207-2\\\/#primaryimage\"},\"thumbnailUrl\":\"https:\\\/\\\/mznoticia.com.br\\\/jaguariaiva\\\/wp-content\\\/uploads\\\/2026\\\/08\\\/10-1.avif\",\"keywords\":[\"Adolescentes\",\"crian\u00e7as e adolescentes\",\"Crime\",\"estupro de vulner\u00e1vel\",\"Investiga\u00e7\u00e3o\",\"Nucria\",\"parana\",\"Pol\u00edcia Civil\",\"Ponta Grossa\",\"Pris\u00e3o\",\"Seguran\u00e7a P\u00fablica\",\"Uvaranas\",\"Viol\u00eancia Sexual\"],\"articleSection\":[\"Policial\"],\"inLanguage\":\"pt-BR\",\"potentialAction\":[{\"@type\":\"CommentAction\",\"name\":\"Comment\",\"target\":[\"https:\\\/\\\/mznoticia.com.br\\\/jaguariaiva\\\/6207-2\\\/#respond\"]}]},{\"@type\":\"WebPage\",\"@id\":\"https:\\\/\\\/mznoticia.com.br\\\/jaguariaiva\\\/6207-2\\\/\",\"url\":\"https:\\\/\\\/mznoticia.com.br\\\/jaguariaiva\\\/6207-2\\\/\",\"name\":\"- Mz Not\u00edcias\",\"isPartOf\":{\"@id\":\"https:\\\/\\\/mznoticia.com.br\\\/jaguariaiva\\\/#website\"},\"primaryImageOfPage\":{\"@id\":\"https:\\\/\\\/mznoticia.com.br\\\/jaguariaiva\\\/6207-2\\\/#primaryimage\"},\"image\":{\"@id\":\"https:\\\/\\\/mznoticia.com.br\\\/jaguariaiva\\\/6207-2\\\/#primaryimage\"},\"thumbnailUrl\":\"https:\\\/\\\/mznoticia.com.br\\\/jaguariaiva\\\/wp-content\\\/uploads\\\/2026\\\/08\\\/10-1.avif\",\"datePublished\":\"2026-08-10T18:36:19+00:00\",\"description\":\"Homem de 36 anos \u00e9 preso em Ponta Grossa suspeito de abusar sexualmente de cinco adolescentes. Investiga\u00e7\u00e3o foi conduzida pelo Nucria.\",\"inLanguage\":\"pt-BR\",\"potentialAction\":[{\"@type\":\"ReadAction\",\"target\":[\"https:\\\/\\\/mznoticia.com.br\\\/jaguariaiva\\\/6207-2\\\/\"]}]},{\"@type\":\"ImageObject\",\"inLanguage\":\"pt-BR\",\"@id\":\"https:\\\/\\\/mznoticia.com.br\\\/jaguariaiva\\\/6207-2\\\/#primaryimage\",\"url\":\"https:\\\/\\\/mznoticia.com.br\\\/jaguariaiva\\\/wp-content\\\/uploads\\\/2026\\\/08\\\/10-1.avif\",\"contentUrl\":\"https:\\\/\\\/mznoticia.com.br\\\/jaguariaiva\\\/wp-content\\\/uploads\\\/2026\\\/08\\\/10-1.avif\",\"width\":1080,\"height\":813},{\"@type\":\"WebSite\",\"@id\":\"https:\\\/\\\/mznoticia.com.br\\\/jaguariaiva\\\/#website\",\"url\":\"https:\\\/\\\/mznoticia.com.br\\\/jaguariaiva\\\/\",\"name\":\"Mz Not\u00edcia\",\"description\":\"A informa\u00e7\u00e3o que voc\u00ea precisa na hora certa!\",\"publisher\":{\"@id\":\"https:\\\/\\\/mznoticia.com.br\\\/jaguariaiva\\\/#organization\"},\"potentialAction\":[{\"@type\":\"SearchAction\",\"target\":{\"@type\":\"EntryPoint\",\"urlTemplate\":\"https:\\\/\\\/mznoticia.com.br\\\/jaguariaiva\\\/?s={search_term_string}\"},\"query-input\":{\"@type\":\"PropertyValueSpecification\",\"valueRequired\":true,\"valueName\":\"search_term_string\"}}],\"inLanguage\":\"pt-BR\"},{\"@type\":\"Organization\",\"@id\":\"https:\\\/\\\/mznoticia.com.br\\\/jaguariaiva\\\/#organization\",\"name\":\"Mz Not\u00edcia\",\"url\":\"https:\\\/\\\/mznoticia.com.br\\\/jaguariaiva\\\/\",\"logo\":{\"@type\":\"ImageObject\",\"inLanguage\":\"pt-BR\",\"@id\":\"https:\\\/\\\/mznoticia.com.br\\\/jaguariaiva\\\/#\\\/schema\\\/logo\\\/image\\\/\",\"url\":\"https:\\\/\\\/mznoticia.com.br\\\/jaguariaiva\\\/wp-content\\\/uploads\\\/2025\\\/03\\\/Design-sem-nome-4-e1741200616392.png\",\"contentUrl\":\"https:\\\/\\\/mznoticia.com.br\\\/jaguariaiva\\\/wp-content\\\/uploads\\\/2025\\\/03\\\/Design-sem-nome-4-e1741200616392.png\",\"width\":750,\"height\":563,\"caption\":\"Mz Not\u00edcia\"},\"image\":{\"@id\":\"https:\\\/\\\/mznoticia.com.br\\\/jaguariaiva\\\/#\\\/schema\\\/logo\\\/image\\\/\"},\"sameAs\":[\"https:\\\/\\\/www.facebook.com\\\/profile.php?id=61573479951222\",\"https:\\\/\\\/www.instagram.com\\\/mz.jaguariaiva\\\/\"]},{\"@type\":\"Person\",\"@id\":\"https:\\\/\\\/mznoticia.com.br\\\/jaguariaiva\\\/#\\\/schema\\\/person\\\/84012d827247b3f42f37b550da79cd03\",\"name\":\"Redacao mz\",\"image\":{\"@type\":\"ImageObject\",\"inLanguage\":\"pt-BR\",\"@id\":\"https:\\\/\\\/mznoticia.com.br\\\/jaguariaiva\\\/wp-content\\\/uploads\\\/2025\\\/02\\\/mznoticia_jaguariaiva_coluna-150x150.png\",\"url\":\"https:\\\/\\\/mznoticia.com.br\\\/jaguariaiva\\\/wp-content\\\/uploads\\\/2025\\\/02\\\/mznoticia_jaguariaiva_coluna-150x150.png\",\"contentUrl\":\"https:\\\/\\\/mznoticia.com.br\\\/jaguariaiva\\\/wp-content\\\/uploads\\\/2025\\\/02\\\/mznoticia_jaguariaiva_coluna-150x150.png\",\"caption\":\"Redacao mz\"},\"sameAs\":[\"http:\\\/\\\/mznoticia.com.br\"],\"url\":\"https:\\\/\\\/mznoticia.com.br\\\/jaguariaiva\\\/author\\\/lucimara\\\/\"}]}<\/script>\n<!-- \/ Yoast SEO plugin. -->","yoast_head_json":{"title":"- Mz Not\u00edcias","description":"Homem de 36 anos \u00e9 preso em Ponta Grossa suspeito de abusar sexualmente de cinco adolescentes. Investiga\u00e7\u00e3o foi conduzida pelo Nucria.","robots":{"index":"index","follow":"follow","max-snippet":"max-snippet:-1","max-image-preview":"max-image-preview:large","max-video-preview":"max-video-preview:-1"},"canonical":"https:\/\/mznoticia.com.br\/jaguariaiva\/6207-2\/","og_locale":"pt_BR","og_type":"article","og_title":"- Mz Not\u00edcias","og_description":"Homem de 36 anos \u00e9 preso em Ponta Grossa suspeito de abusar sexualmente de cinco adolescentes. Investiga\u00e7\u00e3o foi conduzida pelo Nucria.","og_url":"https:\/\/mznoticia.com.br\/jaguariaiva\/6207-2\/","og_site_name":"Mz Not\u00edcias","article_publisher":"https:\/\/www.facebook.com\/profile.php?id=61573479951222","article_published_time":"2026-08-10T18:36:19+00:00","author":"Redacao mz","twitter_card":"summary_large_image","twitter_misc":{"Escrito por":"Redacao mz","Est. tempo de leitura":"3 minutos"},"schema":{"@context":"https:\/\/schema.org","@graph":[{"@type":"Article","@id":"https:\/\/mznoticia.com.br\/jaguariaiva\/6207-2\/#article","isPartOf":{"@id":"https:\/\/mznoticia.com.br\/jaguariaiva\/6207-2\/"},"author":{"name":"Redacao mz","@id":"https:\/\/mznoticia.com.br\/jaguariaiva\/#\/schema\/person\/84012d827247b3f42f37b550da79cd03"},"headline":"Sem t\u00edtulo","datePublished":"2026-08-10T18:36:19+00:00","mainEntityOfPage":{"@id":"https:\/\/mznoticia.com.br\/jaguariaiva\/6207-2\/"},"wordCount":420,"commentCount":0,"publisher":{"@id":"https:\/\/mznoticia.com.br\/jaguariaiva\/#organization"},"image":{"@id":"https:\/\/mznoticia.com.br\/jaguariaiva\/6207-2\/#primaryimage"},"thumbnailUrl":"https:\/\/mznoticia.com.br\/jaguariaiva\/wp-content\/uploads\/2026\/08\/10-1.avif","keywords":["Adolescentes","crian\u00e7as e adolescentes","Crime","estupro de vulner\u00e1vel","Investiga\u00e7\u00e3o","Nucria","parana","Pol\u00edcia Civil","Ponta Grossa","Pris\u00e3o","Seguran\u00e7a P\u00fablica","Uvaranas","Viol\u00eancia Sexual"],"articleSection":["Policial"],"inLanguage":"pt-BR","potentialAction":[{"@type":"CommentAction","name":"Comment","target":["https:\/\/mznoticia.com.br\/jaguariaiva\/6207-2\/#respond"]}]},{"@type":"WebPage","@id":"https:\/\/mznoticia.com.br\/jaguariaiva\/6207-2\/","url":"https:\/\/mznoticia.com.br\/jaguariaiva\/6207-2\/","name":"- Mz Not\u00edcias","isPartOf":{"@id":"https:\/\/mznoticia.com.br\/jaguariaiva\/#website"},"primaryImageOfPage":{"@id":"https:\/\/mznoticia.com.br\/jaguariaiva\/6207-2\/#primaryimage"},"image":{"@id":"https:\/\/mznoticia.com.br\/jaguariaiva\/6207-2\/#primaryimage"},"thumbnailUrl":"https:\/\/mznoticia.com.br\/jaguariaiva\/wp-content\/uploads\/2026\/08\/10-1.avif","datePublished":"2026-08-10T18:36:19+00:00","description":"Homem de 36 anos \u00e9 preso em Ponta Grossa suspeito de abusar sexualmente de cinco adolescentes. Investiga\u00e7\u00e3o foi conduzida pelo Nucria.","inLanguage":"pt-BR","potentialAction":[{"@type":"ReadAction","target":["https:\/\/mznoticia.com.br\/jaguariaiva\/6207-2\/"]}]},{"@type":"ImageObject","inLanguage":"pt-BR","@id":"https:\/\/mznoticia.com.br\/jaguariaiva\/6207-2\/#primaryimage","url":"https:\/\/mznoticia.com.br\/jaguariaiva\/wp-content\/uploads\/2026\/08\/10-1.avif","contentUrl":"https:\/\/mznoticia.com.br\/jaguariaiva\/wp-content\/uploads\/2026\/08\/10-1.avif","width":1080,"height":813},{"@type":"WebSite","@id":"https:\/\/mznoticia.com.br\/jaguariaiva\/#website","url":"https:\/\/mznoticia.com.br\/jaguariaiva\/","name":"Mz Not\u00edcia","description":"A informa\u00e7\u00e3o que voc\u00ea precisa na hora certa!","publisher":{"@id":"https:\/\/mznoticia.com.br\/jaguariaiva\/#organization"},"potentialAction":[{"@type":"SearchAction","target":{"@type":"EntryPoint","urlTemplate":"https:\/\/mznoticia.com.br\/jaguariaiva\/?s={search_term_string}"},"query-input":{"@type":"PropertyValueSpecification","valueRequired":true,"valueName":"search_term_string"}}],"inLanguage":"pt-BR"},{"@type":"Organization","@id":"https:\/\/mznoticia.com.br\/jaguariaiva\/#organization","name":"Mz Not\u00edcia","url":"https:\/\/mznoticia.com.br\/jaguariaiva\/","logo":{"@type":"ImageObject","inLanguage":"pt-BR","@id":"https:\/\/mznoticia.com.br\/jaguariaiva\/#\/schema\/logo\/image\/","url":"https:\/\/mznoticia.com.br\/jaguariaiva\/wp-content\/uploads\/2025\/03\/Design-sem-nome-4-e1741200616392.png","contentUrl":"https:\/\/mznoticia.com.br\/jaguariaiva\/wp-content\/uploads\/2025\/03\/Design-sem-nome-4-e1741200616392.png","width":750,"height":563,"caption":"Mz Not\u00edcia"},"image":{"@id":"https:\/\/mznoticia.com.br\/jaguariaiva\/#\/schema\/logo\/image\/"},"sameAs":["https:\/\/www.facebook.com\/profile.php?id=61573479951222","https:\/\/www.instagram.com\/mz.jaguariaiva\/"]},{"@type":"Person","@id":"https:\/\/mznoticia.com.br\/jaguariaiva\/#\/schema\/person\/84012d827247b3f42f37b550da79cd03","name":"Redacao mz","image":{"@type":"ImageObject","inLanguage":"pt-BR","@id":"https:\/\/mznoticia.com.br\/jaguariaiva\/wp-content\/uploads\/2025\/02\/mznoticia_jaguariaiva_coluna-150x150.png","url":"https:\/\/mznoticia.com.br\/jaguariaiva\/wp-content\/uploads\/2025\/02\/mznoticia_jaguariaiva_coluna-150x150.png","contentUrl":"https:\/\/mznoticia.com.br\/jaguariaiva\/wp-content\/uploads\/2025\/02\/mznoticia_jaguariaiva_coluna-150x150.png","caption":"Redacao mz"},"sameAs":["http:\/\/mznoticia.com.br"],"url":"https:\/\/mznoticia.com.br\/jaguariaiva\/author\/lucimara\/"}]}},"_links":{"self":[{"href":"https:\/\/mznoticia.com.br\/jaguariaiva\/wp-json\/wp\/v2\/posts\/6207","targetHints":{"allow":["GET"]}}],"collection":[{"href":"https:\/\/mznoticia.com.br\/jaguariaiva\/wp-json\/wp\/v2\/posts"}],"about":[{"href":"https:\/\/mznoticia.com.br\/jaguariaiva\/wp-json\/wp\/v2\/types\/post"}],"author":[{"embeddable":true,"href":"https:\/\/mznoticia.com.br\/jaguariaiva\/wp-json\/wp\/v2\/users\/16"}],"replies":[{"embeddable":true,"href":"https:\/\/mznoticia.com.br\/jaguariaiva\/wp-json\/wp\/v2\/comments?post=6207"}],"version-history":[{"count":1,"href":"https:\/\/mznoticia.com.br\/jaguariaiva\/wp-json\/wp\/v2\/posts\/6207\/revisions"}],"predecessor-version":[{"id":6209,"href":"https:\/\/mznoticia.com.br\/jaguariaiva\/wp-json\/wp\/v2\/posts\/6207\/revisions\/6209"}],"wp:featuredmedia":[{"embeddable":true,"href":"https:\/\/mznoticia.com.br\/jaguariaiva\/wp-json\/wp\/v2\/media\/6208"}],"wp:attachment":[{"href":"https:\/\/mznoticia.com.br\/jaguariaiva\/wp-json\/wp\/v2\/media?parent=6207"}],"wp:term":[{"taxonomy":"category","embeddable":true,"href":"https:\/\/mznoticia.com.br\/jaguariaiva\/wp-json\/wp\/v2\/categories?post=6207"},{"taxonomy":"post_tag","embeddable":true,"href":"https:\/\/mznoticia.com.br\/jaguariaiva\/wp-json\/wp\/v2\/tags?post=6207"}],"curies":[{"name":"wp","href":"https:\/\/api.w.org\/{rel}","templated":true}]}}