{"id":6231,"date":"2026-08-11T12:13:46","date_gmt":"2026-08-11T12:13:46","guid":{"rendered":"https:\/\/mznoticia.com.br\/jaguariaiva\/?p=6231"},"modified":"2026-08-11T12:31:16","modified_gmt":"2026-08-11T12:31:16","slug":"motociclista-de-21-anos-e-adolescente-ficam-feridos-em-acidente-na-pr-151-em-jaguariaiva","status":"publish","type":"post","link":"https:\/\/mznoticia.com.br\/jaguariaiva\/motociclista-de-21-anos-e-adolescente-ficam-feridos-em-acidente-na-pr-151-em-jaguariaiva\/","title":{"rendered":"Motociclista de 21 anos e adolescente ficam feridos em acidente na PR-151, em Jaguaria\u00edva"},"content":{"rendered":"<h2>Colis\u00e3o transversal aconteceu na manh\u00e3 desta segunda-feira (10), no trecho entre Jaguaria\u00edva e Seng\u00e9s<\/h2>\n<p class=\"isSelectedEnd\">Duas pessoas ficaram feridas ap\u00f3s uma <strong>colis\u00e3o transversal envolvendo uma motocicleta Honda CB 250F Twister e uma Renault Master<\/strong>, na manh\u00e3 desta segunda-feira (10), na PR-151, em Jaguaria\u00edva, nos Campos Gerais.<\/p>\n<p class=\"isSelectedEnd\">O acidente aconteceu por volta das <strong>7h45, no km 208 da rodovia<\/strong>, no trecho que liga Jaguaria\u00edva a Seng\u00e9s.<\/p>\n<h2>Motociclista e passageira ficam feridos<\/h2>\n<p class=\"isSelectedEnd\">O motociclista, de <strong>21 anos<\/strong>, sofreu ferimentos leves e foi encaminhado ao <strong>Hospital Municipal de Jaguaria\u00edva<\/strong> para atendimento m\u00e9dico.<\/p>\n<p class=\"isSelectedEnd\">A passageira da motocicleta, uma <strong>adolescente de 17 anos<\/strong>, tamb\u00e9m teve ferimentos leves e recebeu atendimento na mesma unidade hospitalar.<\/p>\n<p class=\"isSelectedEnd\">O outro ve\u00edculo envolvido na ocorr\u00eancia era uma <strong>Renault Master, com placas de Ponta Grossa<\/strong>. O motorista, de <strong>63 anos<\/strong>, n\u00e3o sofreu ferimentos.<\/p>\n<h2>Como aconteceu o acidente<\/h2>\n<p class=\"isSelectedEnd\">Conforme as informa\u00e7\u00f5es levantadas pelo Batalh\u00e3o de Pol\u00edcia Rodovi\u00e1ria (BPRv), a motocicleta seguia pela PR-151, no sentido <strong>Seng\u00e9s\u2013Jaguaria\u00edva<\/strong>, quando ocorreu o abalroamento transversal com a van.<\/p>\n<p class=\"isSelectedEnd\">O registro policial aponta que um dos ve\u00edculos realizava uma travessia da pista no momento em que aconteceu o impacto.<\/p>\n<p class=\"isSelectedEnd\">No entanto, h\u00e1 diverg\u00eancia na identifica\u00e7\u00e3o dos ve\u00edculos envolvidos na manobra no relato de origem. Dessa forma, com base apenas nas informa\u00e7\u00f5es dispon\u00edveis no registro, <strong>n\u00e3o \u00e9 poss\u00edvel atribuir responsabilidade pelo acidente<\/strong>.<\/p>\n<p>As duas v\u00edtimas foram encaminhadas para avalia\u00e7\u00e3o m\u00e9dica e, conforme as informa\u00e7\u00f5es dispon\u00edveis no registro, os ferimentos eram considerados leves.<\/p>\n","protected":false},"excerpt":{"rendered":"<p>Colis\u00e3o transversal aconteceu na manh\u00e3 desta segunda-feira (10), no trecho entre Jaguaria\u00edva e Seng\u00e9s Duas pessoas ficaram feridas ap\u00f3s uma colis\u00e3o transversal envolvendo uma motocicleta Honda CB 250F Twister e uma Renault Master, na manh\u00e3 desta segunda-feira (10), na PR-151, em Jaguaria\u00edva, nos Campos Gerais. O acidente aconteceu por volta das 7h45, no km 208 [&hellip;]<\/p>\n","protected":false},"author":16,"featured_media":6232,"comment_status":"open","ping_status":"open","sticky":false,"template":"","format":"standard","meta":{"footnotes":""},"categories":[8],"tags":[31,314,47,63,144,1520,177,398,201,590],"class_list":["post-6231","post","type-post","status-publish","format-standard","has-post-thumbnail","hentry","category-campos-gerais","tag-acidente","tag-campos-gerais","tag-destaque","tag-jaguariaiva","tag-motociclista","tag-policia-rodoviaria","tag-pr-151","tag-seguranca","tag-senges","tag-transito"],"yoast_head":"<!-- This site is optimized with the Yoast SEO plugin v28.1 - https:\/\/yoast.com\/product\/yoast-seo-wordpress\/ -->\n<title>Motociclista de 21 anos e adolescente ficam feridos em acidente na PR-151, em Jaguaria\u00edva - Mz Not\u00edcias<\/title>\n<meta name=\"description\" content=\"Motociclista de 21 anos e adolescente de 17 anos ficam feridos ap\u00f3s colis\u00e3o entre moto e Renault Master na PR-151, em Jaguaria\u00edva.\" \/>\n<meta name=\"robots\" content=\"index, follow, max-snippet:-1, max-image-preview:large, max-video-preview:-1\" \/>\n<link rel=\"canonical\" href=\"https:\/\/mznoticia.com.br\/jaguariaiva\/motociclista-de-21-anos-e-adolescente-ficam-feridos-em-acidente-na-pr-151-em-jaguariaiva\/\" \/>\n<meta property=\"og:locale\" content=\"pt_BR\" \/>\n<meta property=\"og:type\" content=\"article\" \/>\n<meta property=\"og:title\" content=\"Motociclista de 21 anos e adolescente ficam feridos em acidente na PR-151, em Jaguaria\u00edva - Mz Not\u00edcias\" \/>\n<meta property=\"og:description\" content=\"Motociclista de 21 anos e adolescente de 17 anos ficam feridos ap\u00f3s colis\u00e3o entre moto e Renault Master na PR-151, em Jaguaria\u00edva.\" \/>\n<meta property=\"og:url\" content=\"https:\/\/mznoticia.com.br\/jaguariaiva\/motociclista-de-21-anos-e-adolescente-ficam-feridos-em-acidente-na-pr-151-em-jaguariaiva\/\" \/>\n<meta property=\"og:site_name\" content=\"Mz Not\u00edcias\" \/>\n<meta property=\"article:publisher\" content=\"https:\/\/www.facebook.com\/profile.php?id=61573479951222\" \/>\n<meta property=\"article:published_time\" content=\"2026-08-11T12:13:46+00:00\" \/>\n<meta property=\"article:modified_time\" content=\"2026-08-11T12:31:16+00:00\" \/>\n<meta property=\"og:image\" content=\"https:\/\/mznoticia.com.br\/jaguariaiva\/wp-content\/uploads\/2026\/08\/02.jpg\" \/>\n\t<meta property=\"og:image:width\" content=\"750\" \/>\n\t<meta property=\"og:image:height\" content=\"430\" \/>\n\t<meta property=\"og:image:type\" content=\"image\/jpeg\" \/>\n<meta name=\"author\" content=\"Redacao mz\" \/>\n<meta name=\"twitter:card\" content=\"summary_large_image\" \/>\n<meta name=\"twitter:label1\" content=\"Escrito por\" \/>\n\t<meta name=\"twitter:data1\" content=\"Redacao mz\" \/>\n\t<meta name=\"twitter:label2\" content=\"Est. tempo de leitura\" \/>\n\t<meta name=\"twitter:data2\" content=\"2 minutos\" \/>\n<script type=\"application\/ld+json\" class=\"yoast-schema-graph\">{\"@context\":\"https:\\\/\\\/schema.org\",\"@graph\":[{\"@type\":\"Article\",\"@id\":\"https:\\\/\\\/mznoticia.com.br\\\/jaguariaiva\\\/motociclista-de-21-anos-e-adolescente-ficam-feridos-em-acidente-na-pr-151-em-jaguariaiva\\\/#article\",\"isPartOf\":{\"@id\":\"https:\\\/\\\/mznoticia.com.br\\\/jaguariaiva\\\/motociclista-de-21-anos-e-adolescente-ficam-feridos-em-acidente-na-pr-151-em-jaguariaiva\\\/\"},\"author\":{\"name\":\"Redacao mz\",\"@id\":\"https:\\\/\\\/mznoticia.com.br\\\/jaguariaiva\\\/#\\\/schema\\\/person\\\/84012d827247b3f42f37b550da79cd03\"},\"headline\":\"Motociclista de 21 anos e adolescente ficam feridos em acidente na PR-151, em Jaguaria\u00edva\",\"datePublished\":\"2026-08-11T12:13:46+00:00\",\"dateModified\":\"2026-08-11T12:31:16+00:00\",\"mainEntityOfPage\":{\"@id\":\"https:\\\/\\\/mznoticia.com.br\\\/jaguariaiva\\\/motociclista-de-21-anos-e-adolescente-ficam-feridos-em-acidente-na-pr-151-em-jaguariaiva\\\/\"},\"wordCount\":274,\"commentCount\":0,\"publisher\":{\"@id\":\"https:\\\/\\\/mznoticia.com.br\\\/jaguariaiva\\\/#organization\"},\"image\":{\"@id\":\"https:\\\/\\\/mznoticia.com.br\\\/jaguariaiva\\\/motociclista-de-21-anos-e-adolescente-ficam-feridos-em-acidente-na-pr-151-em-jaguariaiva\\\/#primaryimage\"},\"thumbnailUrl\":\"https:\\\/\\\/mznoticia.com.br\\\/jaguariaiva\\\/wp-content\\\/uploads\\\/2026\\\/08\\\/02.jpg\",\"keywords\":[\"acidente\",\"Campos Gerais\",\"destaque\",\"jaguariaiva\",\"motociclista\",\"Pol\u00edcia Rodovi\u00e1ria\",\"PR-151\",\"Seguran\u00e7a\",\"Seng\u00e9s\",\"tr\u00e2nsito\"],\"articleSection\":[\"Campos Gerais\"],\"inLanguage\":\"pt-BR\",\"potentialAction\":[{\"@type\":\"CommentAction\",\"name\":\"Comment\",\"target\":[\"https:\\\/\\\/mznoticia.com.br\\\/jaguariaiva\\\/motociclista-de-21-anos-e-adolescente-ficam-feridos-em-acidente-na-pr-151-em-jaguariaiva\\\/#respond\"]}]},{\"@type\":\"WebPage\",\"@id\":\"https:\\\/\\\/mznoticia.com.br\\\/jaguariaiva\\\/motociclista-de-21-anos-e-adolescente-ficam-feridos-em-acidente-na-pr-151-em-jaguariaiva\\\/\",\"url\":\"https:\\\/\\\/mznoticia.com.br\\\/jaguariaiva\\\/motociclista-de-21-anos-e-adolescente-ficam-feridos-em-acidente-na-pr-151-em-jaguariaiva\\\/\",\"name\":\"Motociclista de 21 anos e adolescente ficam feridos em acidente na PR-151, em Jaguaria\u00edva - Mz Not\u00edcias\",\"isPartOf\":{\"@id\":\"https:\\\/\\\/mznoticia.com.br\\\/jaguariaiva\\\/#website\"},\"primaryImageOfPage\":{\"@id\":\"https:\\\/\\\/mznoticia.com.br\\\/jaguariaiva\\\/motociclista-de-21-anos-e-adolescente-ficam-feridos-em-acidente-na-pr-151-em-jaguariaiva\\\/#primaryimage\"},\"image\":{\"@id\":\"https:\\\/\\\/mznoticia.com.br\\\/jaguariaiva\\\/motociclista-de-21-anos-e-adolescente-ficam-feridos-em-acidente-na-pr-151-em-jaguariaiva\\\/#primaryimage\"},\"thumbnailUrl\":\"https:\\\/\\\/mznoticia.com.br\\\/jaguariaiva\\\/wp-content\\\/uploads\\\/2026\\\/08\\\/02.jpg\",\"datePublished\":\"2026-08-11T12:13:46+00:00\",\"dateModified\":\"2026-08-11T12:31:16+00:00\",\"description\":\"Motociclista de 21 anos e adolescente de 17 anos ficam feridos ap\u00f3s colis\u00e3o entre moto e Renault Master na PR-151, em Jaguaria\u00edva.\",\"breadcrumb\":{\"@id\":\"https:\\\/\\\/mznoticia.com.br\\\/jaguariaiva\\\/motociclista-de-21-anos-e-adolescente-ficam-feridos-em-acidente-na-pr-151-em-jaguariaiva\\\/#breadcrumb\"},\"inLanguage\":\"pt-BR\",\"potentialAction\":[{\"@type\":\"ReadAction\",\"target\":[\"https:\\\/\\\/mznoticia.com.br\\\/jaguariaiva\\\/motociclista-de-21-anos-e-adolescente-ficam-feridos-em-acidente-na-pr-151-em-jaguariaiva\\\/\"]}]},{\"@type\":\"ImageObject\",\"inLanguage\":\"pt-BR\",\"@id\":\"https:\\\/\\\/mznoticia.com.br\\\/jaguariaiva\\\/motociclista-de-21-anos-e-adolescente-ficam-feridos-em-acidente-na-pr-151-em-jaguariaiva\\\/#primaryimage\",\"url\":\"https:\\\/\\\/mznoticia.com.br\\\/jaguariaiva\\\/wp-content\\\/uploads\\\/2026\\\/08\\\/02.jpg\",\"contentUrl\":\"https:\\\/\\\/mznoticia.com.br\\\/jaguariaiva\\\/wp-content\\\/uploads\\\/2026\\\/08\\\/02.jpg\",\"width\":750,\"height\":430},{\"@type\":\"BreadcrumbList\",\"@id\":\"https:\\\/\\\/mznoticia.com.br\\\/jaguariaiva\\\/motociclista-de-21-anos-e-adolescente-ficam-feridos-em-acidente-na-pr-151-em-jaguariaiva\\\/#breadcrumb\",\"itemListElement\":[{\"@type\":\"ListItem\",\"position\":1,\"name\":\"Home\",\"item\":\"https:\\\/\\\/mznoticia.com.br\\\/jaguariaiva\\\/\"},{\"@type\":\"ListItem\",\"position\":2,\"name\":\"Motociclista de 21 anos e adolescente ficam feridos em acidente na PR-151, em Jaguaria\u00edva\"}]},{\"@type\":\"WebSite\",\"@id\":\"https:\\\/\\\/mznoticia.com.br\\\/jaguariaiva\\\/#website\",\"url\":\"https:\\\/\\\/mznoticia.com.br\\\/jaguariaiva\\\/\",\"name\":\"Mz Not\u00edcia\",\"description\":\"A informa\u00e7\u00e3o que voc\u00ea precisa na hora certa!\",\"publisher\":{\"@id\":\"https:\\\/\\\/mznoticia.com.br\\\/jaguariaiva\\\/#organization\"},\"potentialAction\":[{\"@type\":\"SearchAction\",\"target\":{\"@type\":\"EntryPoint\",\"urlTemplate\":\"https:\\\/\\\/mznoticia.com.br\\\/jaguariaiva\\\/?s={search_term_string}\"},\"query-input\":{\"@type\":\"PropertyValueSpecification\",\"valueRequired\":true,\"valueName\":\"search_term_string\"}}],\"inLanguage\":\"pt-BR\"},{\"@type\":\"Organization\",\"@id\":\"https:\\\/\\\/mznoticia.com.br\\\/jaguariaiva\\\/#organization\",\"name\":\"Mz Not\u00edcia\",\"url\":\"https:\\\/\\\/mznoticia.com.br\\\/jaguariaiva\\\/\",\"logo\":{\"@type\":\"ImageObject\",\"inLanguage\":\"pt-BR\",\"@id\":\"https:\\\/\\\/mznoticia.com.br\\\/jaguariaiva\\\/#\\\/schema\\\/logo\\\/image\\\/\",\"url\":\"https:\\\/\\\/mznoticia.com.br\\\/jaguariaiva\\\/wp-content\\\/uploads\\\/2025\\\/03\\\/Design-sem-nome-4-e1741200616392.png\",\"contentUrl\":\"https:\\\/\\\/mznoticia.com.br\\\/jaguariaiva\\\/wp-content\\\/uploads\\\/2025\\\/03\\\/Design-sem-nome-4-e1741200616392.png\",\"width\":750,\"height\":563,\"caption\":\"Mz Not\u00edcia\"},\"image\":{\"@id\":\"https:\\\/\\\/mznoticia.com.br\\\/jaguariaiva\\\/#\\\/schema\\\/logo\\\/image\\\/\"},\"sameAs\":[\"https:\\\/\\\/www.facebook.com\\\/profile.php?id=61573479951222\",\"https:\\\/\\\/www.instagram.com\\\/mz.jaguariaiva\\\/\"]},{\"@type\":\"Person\",\"@id\":\"https:\\\/\\\/mznoticia.com.br\\\/jaguariaiva\\\/#\\\/schema\\\/person\\\/84012d827247b3f42f37b550da79cd03\",\"name\":\"Redacao mz\",\"image\":{\"@type\":\"ImageObject\",\"inLanguage\":\"pt-BR\",\"@id\":\"https:\\\/\\\/mznoticia.com.br\\\/jaguariaiva\\\/wp-content\\\/uploads\\\/2025\\\/02\\\/mznoticia_jaguariaiva_coluna-150x150.png\",\"url\":\"https:\\\/\\\/mznoticia.com.br\\\/jaguariaiva\\\/wp-content\\\/uploads\\\/2025\\\/02\\\/mznoticia_jaguariaiva_coluna-150x150.png\",\"contentUrl\":\"https:\\\/\\\/mznoticia.com.br\\\/jaguariaiva\\\/wp-content\\\/uploads\\\/2025\\\/02\\\/mznoticia_jaguariaiva_coluna-150x150.png\",\"caption\":\"Redacao mz\"},\"sameAs\":[\"http:\\\/\\\/mznoticia.com.br\"],\"url\":\"https:\\\/\\\/mznoticia.com.br\\\/jaguariaiva\\\/author\\\/lucimara\\\/\"}]}<\/script>\n<!-- \/ Yoast SEO plugin. -->","yoast_head_json":{"title":"Motociclista de 21 anos e adolescente ficam feridos em acidente na PR-151, em Jaguaria\u00edva - Mz Not\u00edcias","description":"Motociclista de 21 anos e adolescente de 17 anos ficam feridos ap\u00f3s colis\u00e3o entre moto e Renault Master na PR-151, em Jaguaria\u00edva.","robots":{"index":"index","follow":"follow","max-snippet":"max-snippet:-1","max-image-preview":"max-image-preview:large","max-video-preview":"max-video-preview:-1"},"canonical":"https:\/\/mznoticia.com.br\/jaguariaiva\/motociclista-de-21-anos-e-adolescente-ficam-feridos-em-acidente-na-pr-151-em-jaguariaiva\/","og_locale":"pt_BR","og_type":"article","og_title":"Motociclista de 21 anos e adolescente ficam feridos em acidente na PR-151, em Jaguaria\u00edva - Mz Not\u00edcias","og_description":"Motociclista de 21 anos e adolescente de 17 anos ficam feridos ap\u00f3s colis\u00e3o entre moto e Renault Master na PR-151, em Jaguaria\u00edva.","og_url":"https:\/\/mznoticia.com.br\/jaguariaiva\/motociclista-de-21-anos-e-adolescente-ficam-feridos-em-acidente-na-pr-151-em-jaguariaiva\/","og_site_name":"Mz Not\u00edcias","article_publisher":"https:\/\/www.facebook.com\/profile.php?id=61573479951222","article_published_time":"2026-08-11T12:13:46+00:00","article_modified_time":"2026-08-11T12:31:16+00:00","og_image":[{"width":750,"height":430,"url":"https:\/\/mznoticia.com.br\/jaguariaiva\/wp-content\/uploads\/2026\/08\/02.jpg","type":"image\/jpeg"}],"author":"Redacao mz","twitter_card":"summary_large_image","twitter_misc":{"Escrito por":"Redacao mz","Est. tempo de leitura":"2 minutos"},"schema":{"@context":"https:\/\/schema.org","@graph":[{"@type":"Article","@id":"https:\/\/mznoticia.com.br\/jaguariaiva\/motociclista-de-21-anos-e-adolescente-ficam-feridos-em-acidente-na-pr-151-em-jaguariaiva\/#article","isPartOf":{"@id":"https:\/\/mznoticia.com.br\/jaguariaiva\/motociclista-de-21-anos-e-adolescente-ficam-feridos-em-acidente-na-pr-151-em-jaguariaiva\/"},"author":{"name":"Redacao mz","@id":"https:\/\/mznoticia.com.br\/jaguariaiva\/#\/schema\/person\/84012d827247b3f42f37b550da79cd03"},"headline":"Motociclista de 21 anos e adolescente ficam feridos em acidente na PR-151, em Jaguaria\u00edva","datePublished":"2026-08-11T12:13:46+00:00","dateModified":"2026-08-11T12:31:16+00:00","mainEntityOfPage":{"@id":"https:\/\/mznoticia.com.br\/jaguariaiva\/motociclista-de-21-anos-e-adolescente-ficam-feridos-em-acidente-na-pr-151-em-jaguariaiva\/"},"wordCount":274,"commentCount":0,"publisher":{"@id":"https:\/\/mznoticia.com.br\/jaguariaiva\/#organization"},"image":{"@id":"https:\/\/mznoticia.com.br\/jaguariaiva\/motociclista-de-21-anos-e-adolescente-ficam-feridos-em-acidente-na-pr-151-em-jaguariaiva\/#primaryimage"},"thumbnailUrl":"https:\/\/mznoticia.com.br\/jaguariaiva\/wp-content\/uploads\/2026\/08\/02.jpg","keywords":["acidente","Campos Gerais","destaque","jaguariaiva","motociclista","Pol\u00edcia Rodovi\u00e1ria","PR-151","Seguran\u00e7a","Seng\u00e9s","tr\u00e2nsito"],"articleSection":["Campos Gerais"],"inLanguage":"pt-BR","potentialAction":[{"@type":"CommentAction","name":"Comment","target":["https:\/\/mznoticia.com.br\/jaguariaiva\/motociclista-de-21-anos-e-adolescente-ficam-feridos-em-acidente-na-pr-151-em-jaguariaiva\/#respond"]}]},{"@type":"WebPage","@id":"https:\/\/mznoticia.com.br\/jaguariaiva\/motociclista-de-21-anos-e-adolescente-ficam-feridos-em-acidente-na-pr-151-em-jaguariaiva\/","url":"https:\/\/mznoticia.com.br\/jaguariaiva\/motociclista-de-21-anos-e-adolescente-ficam-feridos-em-acidente-na-pr-151-em-jaguariaiva\/","name":"Motociclista de 21 anos e adolescente ficam feridos em acidente na PR-151, em Jaguaria\u00edva - Mz Not\u00edcias","isPartOf":{"@id":"https:\/\/mznoticia.com.br\/jaguariaiva\/#website"},"primaryImageOfPage":{"@id":"https:\/\/mznoticia.com.br\/jaguariaiva\/motociclista-de-21-anos-e-adolescente-ficam-feridos-em-acidente-na-pr-151-em-jaguariaiva\/#primaryimage"},"image":{"@id":"https:\/\/mznoticia.com.br\/jaguariaiva\/motociclista-de-21-anos-e-adolescente-ficam-feridos-em-acidente-na-pr-151-em-jaguariaiva\/#primaryimage"},"thumbnailUrl":"https:\/\/mznoticia.com.br\/jaguariaiva\/wp-content\/uploads\/2026\/08\/02.jpg","datePublished":"2026-08-11T12:13:46+00:00","dateModified":"2026-08-11T12:31:16+00:00","description":"Motociclista de 21 anos e adolescente de 17 anos ficam feridos ap\u00f3s colis\u00e3o entre moto e Renault Master na PR-151, em Jaguaria\u00edva.","breadcrumb":{"@id":"https:\/\/mznoticia.com.br\/jaguariaiva\/motociclista-de-21-anos-e-adolescente-ficam-feridos-em-acidente-na-pr-151-em-jaguariaiva\/#breadcrumb"},"inLanguage":"pt-BR","potentialAction":[{"@type":"ReadAction","target":["https:\/\/mznoticia.com.br\/jaguariaiva\/motociclista-de-21-anos-e-adolescente-ficam-feridos-em-acidente-na-pr-151-em-jaguariaiva\/"]}]},{"@type":"ImageObject","inLanguage":"pt-BR","@id":"https:\/\/mznoticia.com.br\/jaguariaiva\/motociclista-de-21-anos-e-adolescente-ficam-feridos-em-acidente-na-pr-151-em-jaguariaiva\/#primaryimage","url":"https:\/\/mznoticia.com.br\/jaguariaiva\/wp-content\/uploads\/2026\/08\/02.jpg","contentUrl":"https:\/\/mznoticia.com.br\/jaguariaiva\/wp-content\/uploads\/2026\/08\/02.jpg","width":750,"height":430},{"@type":"BreadcrumbList","@id":"https:\/\/mznoticia.com.br\/jaguariaiva\/motociclista-de-21-anos-e-adolescente-ficam-feridos-em-acidente-na-pr-151-em-jaguariaiva\/#breadcrumb","itemListElement":[{"@type":"ListItem","position":1,"name":"Home","item":"https:\/\/mznoticia.com.br\/jaguariaiva\/"},{"@type":"ListItem","position":2,"name":"Motociclista de 21 anos e adolescente ficam feridos em acidente na PR-151, em Jaguaria\u00edva"}]},{"@type":"WebSite","@id":"https:\/\/mznoticia.com.br\/jaguariaiva\/#website","url":"https:\/\/mznoticia.com.br\/jaguariaiva\/","name":"Mz Not\u00edcia","description":"A informa\u00e7\u00e3o que voc\u00ea precisa na hora certa!","publisher":{"@id":"https:\/\/mznoticia.com.br\/jaguariaiva\/#organization"},"potentialAction":[{"@type":"SearchAction","target":{"@type":"EntryPoint","urlTemplate":"https:\/\/mznoticia.com.br\/jaguariaiva\/?s={search_term_string}"},"query-input":{"@type":"PropertyValueSpecification","valueRequired":true,"valueName":"search_term_string"}}],"inLanguage":"pt-BR"},{"@type":"Organization","@id":"https:\/\/mznoticia.com.br\/jaguariaiva\/#organization","name":"Mz Not\u00edcia","url":"https:\/\/mznoticia.com.br\/jaguariaiva\/","logo":{"@type":"ImageObject","inLanguage":"pt-BR","@id":"https:\/\/mznoticia.com.br\/jaguariaiva\/#\/schema\/logo\/image\/","url":"https:\/\/mznoticia.com.br\/jaguariaiva\/wp-content\/uploads\/2025\/03\/Design-sem-nome-4-e1741200616392.png","contentUrl":"https:\/\/mznoticia.com.br\/jaguariaiva\/wp-content\/uploads\/2025\/03\/Design-sem-nome-4-e1741200616392.png","width":750,"height":563,"caption":"Mz Not\u00edcia"},"image":{"@id":"https:\/\/mznoticia.com.br\/jaguariaiva\/#\/schema\/logo\/image\/"},"sameAs":["https:\/\/www.facebook.com\/profile.php?id=61573479951222","https:\/\/www.instagram.com\/mz.jaguariaiva\/"]},{"@type":"Person","@id":"https:\/\/mznoticia.com.br\/jaguariaiva\/#\/schema\/person\/84012d827247b3f42f37b550da79cd03","name":"Redacao mz","image":{"@type":"ImageObject","inLanguage":"pt-BR","@id":"https:\/\/mznoticia.com.br\/jaguariaiva\/wp-content\/uploads\/2025\/02\/mznoticia_jaguariaiva_coluna-150x150.png","url":"https:\/\/mznoticia.com.br\/jaguariaiva\/wp-content\/uploads\/2025\/02\/mznoticia_jaguariaiva_coluna-150x150.png","contentUrl":"https:\/\/mznoticia.com.br\/jaguariaiva\/wp-content\/uploads\/2025\/02\/mznoticia_jaguariaiva_coluna-150x150.png","caption":"Redacao mz"},"sameAs":["http:\/\/mznoticia.com.br"],"url":"https:\/\/mznoticia.com.br\/jaguariaiva\/author\/lucimara\/"}]}},"_links":{"self":[{"href":"https:\/\/mznoticia.com.br\/jaguariaiva\/wp-json\/wp\/v2\/posts\/6231","targetHints":{"allow":["GET"]}}],"collection":[{"href":"https:\/\/mznoticia.com.br\/jaguariaiva\/wp-json\/wp\/v2\/posts"}],"about":[{"href":"https:\/\/mznoticia.com.br\/jaguariaiva\/wp-json\/wp\/v2\/types\/post"}],"author":[{"embeddable":true,"href":"https:\/\/mznoticia.com.br\/jaguariaiva\/wp-json\/wp\/v2\/users\/16"}],"replies":[{"embeddable":true,"href":"https:\/\/mznoticia.com.br\/jaguariaiva\/wp-json\/wp\/v2\/comments?post=6231"}],"version-history":[{"count":1,"href":"https:\/\/mznoticia.com.br\/jaguariaiva\/wp-json\/wp\/v2\/posts\/6231\/revisions"}],"predecessor-version":[{"id":6233,"href":"https:\/\/mznoticia.com.br\/jaguariaiva\/wp-json\/wp\/v2\/posts\/6231\/revisions\/6233"}],"wp:featuredmedia":[{"embeddable":true,"href":"https:\/\/mznoticia.com.br\/jaguariaiva\/wp-json\/wp\/v2\/media\/6232"}],"wp:attachment":[{"href":"https:\/\/mznoticia.com.br\/jaguariaiva\/wp-json\/wp\/v2\/media?parent=6231"}],"wp:term":[{"taxonomy":"category","embeddable":true,"href":"https:\/\/mznoticia.com.br\/jaguariaiva\/wp-json\/wp\/v2\/categories?post=6231"},{"taxonomy":"post_tag","embeddable":true,"href":"https:\/\/mznoticia.com.br\/jaguariaiva\/wp-json\/wp\/v2\/tags?post=6231"}],"curies":[{"name":"wp","href":"https:\/\/api.w.org\/{rel}","templated":true}]}}