{"id":6361,"date":"2026-08-12T16:46:54","date_gmt":"2026-08-12T16:46:54","guid":{"rendered":"https:\/\/mznoticia.com.br\/jaguariaiva\/?p=6361"},"modified":"2026-08-12T17:21:52","modified_gmt":"2026-08-12T17:21:52","slug":"6361-2","status":"publish","type":"post","link":"https:\/\/mznoticia.com.br\/jaguariaiva\/6361-2\/","title":{"rendered":"O atacante Memphis Depay decidiu recorrer \u00e0 Justi\u00e7a contra o Corinthians diante do impasse"},"content":{"rendered":"<h2 class=\"PDq2pG_selectionAnchorContainer\" data-section-id=\"141899\" data-start=\"96\" data-end=\"247\">Estafe do atacante avalia cobrar judicialmente o valor integral de contrato que chegou a ser negociado, al\u00e9m da d\u00edvida referente ao v\u00ednculo anterior<\/h2>\n<p data-start=\"249\" data-end=\"561\">O atacante <strong data-start=\"260\" data-end=\"277\">Memphis Depay<\/strong> decidiu recorrer \u00e0 Justi\u00e7a contra o Corinthians diante do impasse envolvendo a renova\u00e7\u00e3o de seu contrato com o clube. A equipe que representa o jogador avalia que existem elementos para cobrar judicialmente valores que podem levar a d\u00edvida total a aproximadamente <strong data-start=\"542\" data-end=\"560\">R$ 180 milh\u00f5es<\/strong>.<\/p>\n<p data-start=\"563\" data-end=\"724\">Atualmente, o Corinthians possui uma d\u00edvida estimada em <strong data-start=\"619\" data-end=\"636\">R$ 77 milh\u00f5es<\/strong> com o jogador, relacionada a premia\u00e7\u00f5es atrasadas, juros e valores do v\u00ednculo anterior.<\/p>\n<h3 data-section-id=\"ibt2b2\" data-start=\"726\" data-end=\"781\">Novo contrato pode gerar cobran\u00e7a de R$ 103 milh\u00f5es<\/h3>\n<p data-start=\"783\" data-end=\"1025\">Al\u00e9m da d\u00edvida j\u00e1 existente, o estafe de Memphis pretende cobrar aproximadamente <strong data-start=\"864\" data-end=\"882\">US$ 20 milh\u00f5es<\/strong>, o equivalente a cerca de <strong data-start=\"909\" data-end=\"927\">R$ 103 milh\u00f5es<\/strong>, referentes ao valor integral do contrato que havia sido negociado para a perman\u00eancia do jogador.<\/p>\n<p data-start=\"1027\" data-end=\"1152\">O novo v\u00ednculo chegou a ser acordado entre as partes, mas n\u00e3o foi assinado pelo presidente do Corinthians, <strong data-start=\"1134\" data-end=\"1151\">Osmar Stabile<\/strong>.<\/p>\n<p data-start=\"1154\" data-end=\"1395\">Na avalia\u00e7\u00e3o dos representantes do atacante, houve um acordo entre o jogador e o clube. A realiza\u00e7\u00e3o de exames m\u00e9dicos no Brasil e a elabora\u00e7\u00e3o do contrato s\u00e3o apontadas como elementos que demonstrariam a inten\u00e7\u00e3o de concretizar a renova\u00e7\u00e3o.<\/p>\n<h3 data-section-id=\"11lj5f2\" data-start=\"1397\" data-end=\"1436\">D\u00edvida anterior tamb\u00e9m ser\u00e1 cobrada<\/h3>\n<p data-start=\"1438\" data-end=\"1571\">Memphis havia concordado anteriormente em estabelecer a d\u00edvida referente ao \u00faltimo contrato em <strong data-start=\"1533\" data-end=\"1550\">R$ 42 milh\u00f5es<\/strong>, sem juros e multas.<\/p>\n<p data-start=\"1573\" data-end=\"1760\">Ap\u00f3s a mudan\u00e7a de cen\u00e1rio nas negocia\u00e7\u00f5es, por\u00e9m, o jogador deixou de aceitar abrir m\u00e3o desses valores. Com a incid\u00eancia de juros e outros encargos, o d\u00e9bito chegou aos <strong data-start=\"1742\" data-end=\"1759\">R$ 77 milh\u00f5es<\/strong>.<\/p>\n<p data-start=\"1762\" data-end=\"1922\">Caso a Justi\u00e7a reconhe\u00e7a tamb\u00e9m a validade do acordo referente ao novo contrato, o valor total cobrado pelo jogador poder\u00e1 chegar pr\u00f3ximo de <strong data-start=\"1903\" data-end=\"1921\">R$ 180 milh\u00f5es<\/strong>.<\/p>\n<h3 data-section-id=\"a99ruo\" data-start=\"1924\" data-end=\"1978\">Documentos e mensagens fazem parte da argumenta\u00e7\u00e3o<\/h3>\n<p data-start=\"1980\" data-end=\"2138\">Os representantes de Memphis tamb\u00e9m consideram como elementos da negocia\u00e7\u00e3o as <strong data-start=\"2059\" data-end=\"2104\">trocas de e-mails, documentos e mensagens<\/strong> realizadas durante as tratativas.<\/p>\n<p data-start=\"2140\" data-end=\"2320\">A defesa do jogador sustenta que as partes haviam chegado a um entendimento sobre as principais cl\u00e1usulas do novo v\u00ednculo e que restaria apenas a assinatura do presidente do clube.<\/p>\n<p data-start=\"2322\" data-end=\"2409\">A interpreta\u00e7\u00e3o do estafe \u00e9 de que existia um acordo firmado de boa-f\u00e9 entre as partes.<\/p>\n<h3 data-section-id=\"awtb3i\" data-start=\"2411\" data-end=\"2452\">Jogador se manifesta ap\u00f3s reviravolta<\/h3>\n<p data-start=\"2454\" data-end=\"2549\">A decis\u00e3o do Corinthians de n\u00e3o concluir a renova\u00e7\u00e3o tamb\u00e9m provocou rea\u00e7\u00e3o p\u00fablica de Memphis.<\/p>\n<p data-start=\"2551\" data-end=\"2680\">O jogador afirmou que sempre respeitou o clube durante as negocia\u00e7\u00f5es, mas que agora pretende agir para defender seus interesses.<\/p>\n<p data-start=\"2682\" data-end=\"2774\">Memphis tamb\u00e9m indicou que dever\u00e1 se manifestar publicamente sobre o caso nos pr\u00f3ximos dias.<\/p>\n<h3 data-section-id=\"wsf4n\" data-start=\"2776\" data-end=\"2828\">Corinthians est\u00e1 ciente da possibilidade de a\u00e7\u00e3o<\/h3>\n<p data-start=\"2830\" data-end=\"2992\">O Corinthians j\u00e1 estaria ciente da possibilidade de uma disputa judicial e considera ter respaldo para a decis\u00e3o de n\u00e3o avan\u00e7ar com a assinatura do novo contrato.<\/p>\n<p data-start=\"2994\" data-end=\"3144\">O caso agora dever\u00e1 ser discutido pelas partes, podendo resultar em uma disputa judicial sobre a validade do acordo negociado e os valores envolvidos.<\/p>\n","protected":false},"excerpt":{"rendered":"<p>Estafe do atacante avalia cobrar judicialmente o valor integral de contrato que chegou a ser negociado, al\u00e9m da d\u00edvida referente ao v\u00ednculo anterior O atacante Memphis Depay decidiu recorrer \u00e0 Justi\u00e7a contra o Corinthians diante do impasse envolvendo a renova\u00e7\u00e3o de seu contrato com o clube. A equipe que representa o jogador avalia que existem [&hellip;]<\/p>\n","protected":false},"author":16,"featured_media":6362,"comment_status":"open","ping_status":"open","sticky":false,"template":"","format":"standard","meta":{"footnotes":""},"categories":[9],"tags":[1977,106,1975,39,391,1974,1914,399,1979,1978,1976],"class_list":["post-6361","post","type-post","status-publish","format-standard","has-post-thumbnail","hentry","category-esportes","tag-contrato","tag-corinthians","tag-divida","tag-futebol","tag-justica","tag-memphis","tag-memphis-depay","tag-mz-noticias","tag-noticias-do-corinthians","tag-osmar-stabile","tag-renovacao"],"yoast_head":"<!-- This site is optimized with the Yoast SEO plugin v28.1 - https:\/\/yoast.com\/product\/yoast-seo-wordpress\/ -->\n<title>O atacante Memphis Depay decidiu recorrer \u00e0 Justi\u00e7a contra o Corinthians diante do impasse - Mz Not\u00edcias<\/title>\n<meta name=\"description\" content=\"Memphis Depay decide recorrer \u00e0 Justi\u00e7a contra o Corinthians e pode cobrar cerca de R$ 180 milh\u00f5es, incluindo d\u00edvida anterior e novo contrato negociado.\" \/>\n<meta name=\"robots\" content=\"index, follow, max-snippet:-1, max-image-preview:large, max-video-preview:-1\" \/>\n<link rel=\"canonical\" href=\"https:\/\/mznoticia.com.br\/jaguariaiva\/6361-2\/\" \/>\n<meta property=\"og:locale\" content=\"pt_BR\" \/>\n<meta property=\"og:type\" content=\"article\" \/>\n<meta property=\"og:title\" content=\"O atacante Memphis Depay decidiu recorrer \u00e0 Justi\u00e7a contra o Corinthians diante do impasse - Mz Not\u00edcias\" \/>\n<meta property=\"og:description\" content=\"Memphis Depay decide recorrer \u00e0 Justi\u00e7a contra o Corinthians e pode cobrar cerca de R$ 180 milh\u00f5es, incluindo d\u00edvida anterior e novo contrato negociado.\" \/>\n<meta property=\"og:url\" content=\"https:\/\/mznoticia.com.br\/jaguariaiva\/6361-2\/\" \/>\n<meta property=\"og:site_name\" content=\"Mz Not\u00edcias\" \/>\n<meta property=\"article:publisher\" content=\"https:\/\/www.facebook.com\/profile.php?id=61573479951222\" \/>\n<meta property=\"article:published_time\" content=\"2026-08-12T16:46:54+00:00\" \/>\n<meta property=\"article:modified_time\" content=\"2026-08-12T17:21:52+00:00\" \/>\n<meta property=\"og:image\" content=\"https:\/\/mznoticia.com.br\/jaguariaiva\/wp-content\/uploads\/2026\/08\/01-6.jpg\" \/>\n\t<meta property=\"og:image:width\" content=\"2048\" \/>\n\t<meta property=\"og:image:height\" content=\"1365\" \/>\n\t<meta property=\"og:image:type\" content=\"image\/jpeg\" \/>\n<meta name=\"author\" content=\"Redacao mz\" \/>\n<meta name=\"twitter:card\" content=\"summary_large_image\" \/>\n<meta name=\"twitter:label1\" content=\"Escrito por\" \/>\n\t<meta name=\"twitter:data1\" content=\"Redacao mz\" \/>\n\t<meta name=\"twitter:label2\" content=\"Est. tempo de leitura\" \/>\n\t<meta name=\"twitter:data2\" content=\"3 minutos\" \/>\n<script type=\"application\/ld+json\" class=\"yoast-schema-graph\">{\"@context\":\"https:\\\/\\\/schema.org\",\"@graph\":[{\"@type\":\"Article\",\"@id\":\"https:\\\/\\\/mznoticia.com.br\\\/jaguariaiva\\\/6361-2\\\/#article\",\"isPartOf\":{\"@id\":\"https:\\\/\\\/mznoticia.com.br\\\/jaguariaiva\\\/6361-2\\\/\"},\"author\":{\"name\":\"Redacao mz\",\"@id\":\"https:\\\/\\\/mznoticia.com.br\\\/jaguariaiva\\\/#\\\/schema\\\/person\\\/84012d827247b3f42f37b550da79cd03\"},\"headline\":\"O atacante Memphis Depay decidiu recorrer \u00e0 Justi\u00e7a contra o Corinthians diante do impasse\",\"datePublished\":\"2026-08-12T16:46:54+00:00\",\"dateModified\":\"2026-08-12T17:21:52+00:00\",\"mainEntityOfPage\":{\"@id\":\"https:\\\/\\\/mznoticia.com.br\\\/jaguariaiva\\\/6361-2\\\/\"},\"wordCount\":539,\"commentCount\":0,\"publisher\":{\"@id\":\"https:\\\/\\\/mznoticia.com.br\\\/jaguariaiva\\\/#organization\"},\"image\":{\"@id\":\"https:\\\/\\\/mznoticia.com.br\\\/jaguariaiva\\\/6361-2\\\/#primaryimage\"},\"thumbnailUrl\":\"https:\\\/\\\/mznoticia.com.br\\\/jaguariaiva\\\/wp-content\\\/uploads\\\/2026\\\/08\\\/01-6.jpg\",\"keywords\":[\"Contrato\",\"corinthians\",\"D\u00edvida\",\"futebol\",\"Justi\u00e7a\",\"Memphis\",\"Memphis Depay\",\"MZ Not\u00edcias.\",\"Not\u00edcias do Corinthians\",\"Osmar Stabile\",\"Renova\u00e7\u00e3o\"],\"articleSection\":[\"Esportes\"],\"inLanguage\":\"pt-BR\",\"potentialAction\":[{\"@type\":\"CommentAction\",\"name\":\"Comment\",\"target\":[\"https:\\\/\\\/mznoticia.com.br\\\/jaguariaiva\\\/6361-2\\\/#respond\"]}]},{\"@type\":\"WebPage\",\"@id\":\"https:\\\/\\\/mznoticia.com.br\\\/jaguariaiva\\\/6361-2\\\/\",\"url\":\"https:\\\/\\\/mznoticia.com.br\\\/jaguariaiva\\\/6361-2\\\/\",\"name\":\"O atacante Memphis Depay decidiu recorrer \u00e0 Justi\u00e7a contra o Corinthians diante do impasse - Mz Not\u00edcias\",\"isPartOf\":{\"@id\":\"https:\\\/\\\/mznoticia.com.br\\\/jaguariaiva\\\/#website\"},\"primaryImageOfPage\":{\"@id\":\"https:\\\/\\\/mznoticia.com.br\\\/jaguariaiva\\\/6361-2\\\/#primaryimage\"},\"image\":{\"@id\":\"https:\\\/\\\/mznoticia.com.br\\\/jaguariaiva\\\/6361-2\\\/#primaryimage\"},\"thumbnailUrl\":\"https:\\\/\\\/mznoticia.com.br\\\/jaguariaiva\\\/wp-content\\\/uploads\\\/2026\\\/08\\\/01-6.jpg\",\"datePublished\":\"2026-08-12T16:46:54+00:00\",\"dateModified\":\"2026-08-12T17:21:52+00:00\",\"description\":\"Memphis Depay decide recorrer \u00e0 Justi\u00e7a contra o Corinthians e pode cobrar cerca de R$ 180 milh\u00f5es, incluindo d\u00edvida anterior e novo contrato negociado.\",\"breadcrumb\":{\"@id\":\"https:\\\/\\\/mznoticia.com.br\\\/jaguariaiva\\\/6361-2\\\/#breadcrumb\"},\"inLanguage\":\"pt-BR\",\"potentialAction\":[{\"@type\":\"ReadAction\",\"target\":[\"https:\\\/\\\/mznoticia.com.br\\\/jaguariaiva\\\/6361-2\\\/\"]}]},{\"@type\":\"ImageObject\",\"inLanguage\":\"pt-BR\",\"@id\":\"https:\\\/\\\/mznoticia.com.br\\\/jaguariaiva\\\/6361-2\\\/#primaryimage\",\"url\":\"https:\\\/\\\/mznoticia.com.br\\\/jaguariaiva\\\/wp-content\\\/uploads\\\/2026\\\/08\\\/01-6.jpg\",\"contentUrl\":\"https:\\\/\\\/mznoticia.com.br\\\/jaguariaiva\\\/wp-content\\\/uploads\\\/2026\\\/08\\\/01-6.jpg\",\"width\":2048,\"height\":1365,\"caption\":\"ARLINGTON, UNITED STATES - JUNE 14: Memphis Depay of the Netherlands during the Group F - FIFA World Cup 2026 match between Netherlands and Japan at Dallas Stadium on June 14, 2026 in Arlington, United States. (Photo by BSR Agency\\\/Getty Images)\"},{\"@type\":\"BreadcrumbList\",\"@id\":\"https:\\\/\\\/mznoticia.com.br\\\/jaguariaiva\\\/6361-2\\\/#breadcrumb\",\"itemListElement\":[{\"@type\":\"ListItem\",\"position\":1,\"name\":\"Home\",\"item\":\"https:\\\/\\\/mznoticia.com.br\\\/jaguariaiva\\\/\"},{\"@type\":\"ListItem\",\"position\":2,\"name\":\"O atacante Memphis Depay decidiu recorrer \u00e0 Justi\u00e7a contra o Corinthians diante do impasse\"}]},{\"@type\":\"WebSite\",\"@id\":\"https:\\\/\\\/mznoticia.com.br\\\/jaguariaiva\\\/#website\",\"url\":\"https:\\\/\\\/mznoticia.com.br\\\/jaguariaiva\\\/\",\"name\":\"Mz Not\u00edcia\",\"description\":\"A informa\u00e7\u00e3o que voc\u00ea precisa na hora certa!\",\"publisher\":{\"@id\":\"https:\\\/\\\/mznoticia.com.br\\\/jaguariaiva\\\/#organization\"},\"potentialAction\":[{\"@type\":\"SearchAction\",\"target\":{\"@type\":\"EntryPoint\",\"urlTemplate\":\"https:\\\/\\\/mznoticia.com.br\\\/jaguariaiva\\\/?s={search_term_string}\"},\"query-input\":{\"@type\":\"PropertyValueSpecification\",\"valueRequired\":true,\"valueName\":\"search_term_string\"}}],\"inLanguage\":\"pt-BR\"},{\"@type\":\"Organization\",\"@id\":\"https:\\\/\\\/mznoticia.com.br\\\/jaguariaiva\\\/#organization\",\"name\":\"Mz Not\u00edcia\",\"url\":\"https:\\\/\\\/mznoticia.com.br\\\/jaguariaiva\\\/\",\"logo\":{\"@type\":\"ImageObject\",\"inLanguage\":\"pt-BR\",\"@id\":\"https:\\\/\\\/mznoticia.com.br\\\/jaguariaiva\\\/#\\\/schema\\\/logo\\\/image\\\/\",\"url\":\"https:\\\/\\\/mznoticia.com.br\\\/jaguariaiva\\\/wp-content\\\/uploads\\\/2025\\\/03\\\/Design-sem-nome-4-e1741200616392.png\",\"contentUrl\":\"https:\\\/\\\/mznoticia.com.br\\\/jaguariaiva\\\/wp-content\\\/uploads\\\/2025\\\/03\\\/Design-sem-nome-4-e1741200616392.png\",\"width\":750,\"height\":563,\"caption\":\"Mz Not\u00edcia\"},\"image\":{\"@id\":\"https:\\\/\\\/mznoticia.com.br\\\/jaguariaiva\\\/#\\\/schema\\\/logo\\\/image\\\/\"},\"sameAs\":[\"https:\\\/\\\/www.facebook.com\\\/profile.php?id=61573479951222\",\"https:\\\/\\\/www.instagram.com\\\/mz.jaguariaiva\\\/\"]},{\"@type\":\"Person\",\"@id\":\"https:\\\/\\\/mznoticia.com.br\\\/jaguariaiva\\\/#\\\/schema\\\/person\\\/84012d827247b3f42f37b550da79cd03\",\"name\":\"Redacao mz\",\"image\":{\"@type\":\"ImageObject\",\"inLanguage\":\"pt-BR\",\"@id\":\"https:\\\/\\\/mznoticia.com.br\\\/jaguariaiva\\\/wp-content\\\/uploads\\\/2025\\\/02\\\/mznoticia_jaguariaiva_coluna-150x150.png\",\"url\":\"https:\\\/\\\/mznoticia.com.br\\\/jaguariaiva\\\/wp-content\\\/uploads\\\/2025\\\/02\\\/mznoticia_jaguariaiva_coluna-150x150.png\",\"contentUrl\":\"https:\\\/\\\/mznoticia.com.br\\\/jaguariaiva\\\/wp-content\\\/uploads\\\/2025\\\/02\\\/mznoticia_jaguariaiva_coluna-150x150.png\",\"caption\":\"Redacao mz\"},\"sameAs\":[\"http:\\\/\\\/mznoticia.com.br\"],\"url\":\"https:\\\/\\\/mznoticia.com.br\\\/jaguariaiva\\\/author\\\/lucimara\\\/\"}]}<\/script>\n<!-- \/ Yoast SEO plugin. -->","yoast_head_json":{"title":"O atacante Memphis Depay decidiu recorrer \u00e0 Justi\u00e7a contra o Corinthians diante do impasse - Mz Not\u00edcias","description":"Memphis Depay decide recorrer \u00e0 Justi\u00e7a contra o Corinthians e pode cobrar cerca de R$ 180 milh\u00f5es, incluindo d\u00edvida anterior e novo contrato negociado.","robots":{"index":"index","follow":"follow","max-snippet":"max-snippet:-1","max-image-preview":"max-image-preview:large","max-video-preview":"max-video-preview:-1"},"canonical":"https:\/\/mznoticia.com.br\/jaguariaiva\/6361-2\/","og_locale":"pt_BR","og_type":"article","og_title":"O atacante Memphis Depay decidiu recorrer \u00e0 Justi\u00e7a contra o Corinthians diante do impasse - Mz Not\u00edcias","og_description":"Memphis Depay decide recorrer \u00e0 Justi\u00e7a contra o Corinthians e pode cobrar cerca de R$ 180 milh\u00f5es, incluindo d\u00edvida anterior e novo contrato negociado.","og_url":"https:\/\/mznoticia.com.br\/jaguariaiva\/6361-2\/","og_site_name":"Mz Not\u00edcias","article_publisher":"https:\/\/www.facebook.com\/profile.php?id=61573479951222","article_published_time":"2026-08-12T16:46:54+00:00","article_modified_time":"2026-08-12T17:21:52+00:00","og_image":[{"width":2048,"height":1365,"url":"https:\/\/mznoticia.com.br\/jaguariaiva\/wp-content\/uploads\/2026\/08\/01-6.jpg","type":"image\/jpeg"}],"author":"Redacao mz","twitter_card":"summary_large_image","twitter_misc":{"Escrito por":"Redacao mz","Est. tempo de leitura":"3 minutos"},"schema":{"@context":"https:\/\/schema.org","@graph":[{"@type":"Article","@id":"https:\/\/mznoticia.com.br\/jaguariaiva\/6361-2\/#article","isPartOf":{"@id":"https:\/\/mznoticia.com.br\/jaguariaiva\/6361-2\/"},"author":{"name":"Redacao mz","@id":"https:\/\/mznoticia.com.br\/jaguariaiva\/#\/schema\/person\/84012d827247b3f42f37b550da79cd03"},"headline":"O atacante Memphis Depay decidiu recorrer \u00e0 Justi\u00e7a contra o Corinthians diante do impasse","datePublished":"2026-08-12T16:46:54+00:00","dateModified":"2026-08-12T17:21:52+00:00","mainEntityOfPage":{"@id":"https:\/\/mznoticia.com.br\/jaguariaiva\/6361-2\/"},"wordCount":539,"commentCount":0,"publisher":{"@id":"https:\/\/mznoticia.com.br\/jaguariaiva\/#organization"},"image":{"@id":"https:\/\/mznoticia.com.br\/jaguariaiva\/6361-2\/#primaryimage"},"thumbnailUrl":"https:\/\/mznoticia.com.br\/jaguariaiva\/wp-content\/uploads\/2026\/08\/01-6.jpg","keywords":["Contrato","corinthians","D\u00edvida","futebol","Justi\u00e7a","Memphis","Memphis Depay","MZ Not\u00edcias.","Not\u00edcias do Corinthians","Osmar Stabile","Renova\u00e7\u00e3o"],"articleSection":["Esportes"],"inLanguage":"pt-BR","potentialAction":[{"@type":"CommentAction","name":"Comment","target":["https:\/\/mznoticia.com.br\/jaguariaiva\/6361-2\/#respond"]}]},{"@type":"WebPage","@id":"https:\/\/mznoticia.com.br\/jaguariaiva\/6361-2\/","url":"https:\/\/mznoticia.com.br\/jaguariaiva\/6361-2\/","name":"O atacante Memphis Depay decidiu recorrer \u00e0 Justi\u00e7a contra o Corinthians diante do impasse - Mz Not\u00edcias","isPartOf":{"@id":"https:\/\/mznoticia.com.br\/jaguariaiva\/#website"},"primaryImageOfPage":{"@id":"https:\/\/mznoticia.com.br\/jaguariaiva\/6361-2\/#primaryimage"},"image":{"@id":"https:\/\/mznoticia.com.br\/jaguariaiva\/6361-2\/#primaryimage"},"thumbnailUrl":"https:\/\/mznoticia.com.br\/jaguariaiva\/wp-content\/uploads\/2026\/08\/01-6.jpg","datePublished":"2026-08-12T16:46:54+00:00","dateModified":"2026-08-12T17:21:52+00:00","description":"Memphis Depay decide recorrer \u00e0 Justi\u00e7a contra o Corinthians e pode cobrar cerca de R$ 180 milh\u00f5es, incluindo d\u00edvida anterior e novo contrato negociado.","breadcrumb":{"@id":"https:\/\/mznoticia.com.br\/jaguariaiva\/6361-2\/#breadcrumb"},"inLanguage":"pt-BR","potentialAction":[{"@type":"ReadAction","target":["https:\/\/mznoticia.com.br\/jaguariaiva\/6361-2\/"]}]},{"@type":"ImageObject","inLanguage":"pt-BR","@id":"https:\/\/mznoticia.com.br\/jaguariaiva\/6361-2\/#primaryimage","url":"https:\/\/mznoticia.com.br\/jaguariaiva\/wp-content\/uploads\/2026\/08\/01-6.jpg","contentUrl":"https:\/\/mznoticia.com.br\/jaguariaiva\/wp-content\/uploads\/2026\/08\/01-6.jpg","width":2048,"height":1365,"caption":"ARLINGTON, UNITED STATES - JUNE 14: Memphis Depay of the Netherlands during the Group F - FIFA World Cup 2026 match between Netherlands and Japan at Dallas Stadium on June 14, 2026 in Arlington, United States. (Photo by BSR Agency\/Getty Images)"},{"@type":"BreadcrumbList","@id":"https:\/\/mznoticia.com.br\/jaguariaiva\/6361-2\/#breadcrumb","itemListElement":[{"@type":"ListItem","position":1,"name":"Home","item":"https:\/\/mznoticia.com.br\/jaguariaiva\/"},{"@type":"ListItem","position":2,"name":"O atacante Memphis Depay decidiu recorrer \u00e0 Justi\u00e7a contra o Corinthians diante do impasse"}]},{"@type":"WebSite","@id":"https:\/\/mznoticia.com.br\/jaguariaiva\/#website","url":"https:\/\/mznoticia.com.br\/jaguariaiva\/","name":"Mz Not\u00edcia","description":"A informa\u00e7\u00e3o que voc\u00ea precisa na hora certa!","publisher":{"@id":"https:\/\/mznoticia.com.br\/jaguariaiva\/#organization"},"potentialAction":[{"@type":"SearchAction","target":{"@type":"EntryPoint","urlTemplate":"https:\/\/mznoticia.com.br\/jaguariaiva\/?s={search_term_string}"},"query-input":{"@type":"PropertyValueSpecification","valueRequired":true,"valueName":"search_term_string"}}],"inLanguage":"pt-BR"},{"@type":"Organization","@id":"https:\/\/mznoticia.com.br\/jaguariaiva\/#organization","name":"Mz Not\u00edcia","url":"https:\/\/mznoticia.com.br\/jaguariaiva\/","logo":{"@type":"ImageObject","inLanguage":"pt-BR","@id":"https:\/\/mznoticia.com.br\/jaguariaiva\/#\/schema\/logo\/image\/","url":"https:\/\/mznoticia.com.br\/jaguariaiva\/wp-content\/uploads\/2025\/03\/Design-sem-nome-4-e1741200616392.png","contentUrl":"https:\/\/mznoticia.com.br\/jaguariaiva\/wp-content\/uploads\/2025\/03\/Design-sem-nome-4-e1741200616392.png","width":750,"height":563,"caption":"Mz Not\u00edcia"},"image":{"@id":"https:\/\/mznoticia.com.br\/jaguariaiva\/#\/schema\/logo\/image\/"},"sameAs":["https:\/\/www.facebook.com\/profile.php?id=61573479951222","https:\/\/www.instagram.com\/mz.jaguariaiva\/"]},{"@type":"Person","@id":"https:\/\/mznoticia.com.br\/jaguariaiva\/#\/schema\/person\/84012d827247b3f42f37b550da79cd03","name":"Redacao mz","image":{"@type":"ImageObject","inLanguage":"pt-BR","@id":"https:\/\/mznoticia.com.br\/jaguariaiva\/wp-content\/uploads\/2025\/02\/mznoticia_jaguariaiva_coluna-150x150.png","url":"https:\/\/mznoticia.com.br\/jaguariaiva\/wp-content\/uploads\/2025\/02\/mznoticia_jaguariaiva_coluna-150x150.png","contentUrl":"https:\/\/mznoticia.com.br\/jaguariaiva\/wp-content\/uploads\/2025\/02\/mznoticia_jaguariaiva_coluna-150x150.png","caption":"Redacao mz"},"sameAs":["http:\/\/mznoticia.com.br"],"url":"https:\/\/mznoticia.com.br\/jaguariaiva\/author\/lucimara\/"}]}},"_links":{"self":[{"href":"https:\/\/mznoticia.com.br\/jaguariaiva\/wp-json\/wp\/v2\/posts\/6361","targetHints":{"allow":["GET"]}}],"collection":[{"href":"https:\/\/mznoticia.com.br\/jaguariaiva\/wp-json\/wp\/v2\/posts"}],"about":[{"href":"https:\/\/mznoticia.com.br\/jaguariaiva\/wp-json\/wp\/v2\/types\/post"}],"author":[{"embeddable":true,"href":"https:\/\/mznoticia.com.br\/jaguariaiva\/wp-json\/wp\/v2\/users\/16"}],"replies":[{"embeddable":true,"href":"https:\/\/mznoticia.com.br\/jaguariaiva\/wp-json\/wp\/v2\/comments?post=6361"}],"version-history":[{"count":2,"href":"https:\/\/mznoticia.com.br\/jaguariaiva\/wp-json\/wp\/v2\/posts\/6361\/revisions"}],"predecessor-version":[{"id":6373,"href":"https:\/\/mznoticia.com.br\/jaguariaiva\/wp-json\/wp\/v2\/posts\/6361\/revisions\/6373"}],"wp:featuredmedia":[{"embeddable":true,"href":"https:\/\/mznoticia.com.br\/jaguariaiva\/wp-json\/wp\/v2\/media\/6362"}],"wp:attachment":[{"href":"https:\/\/mznoticia.com.br\/jaguariaiva\/wp-json\/wp\/v2\/media?parent=6361"}],"wp:term":[{"taxonomy":"category","embeddable":true,"href":"https:\/\/mznoticia.com.br\/jaguariaiva\/wp-json\/wp\/v2\/categories?post=6361"},{"taxonomy":"post_tag","embeddable":true,"href":"https:\/\/mznoticia.com.br\/jaguariaiva\/wp-json\/wp\/v2\/tags?post=6361"}],"curies":[{"name":"wp","href":"https:\/\/api.w.org\/{rel}","templated":true}]}}