{"id":6367,"date":"2026-08-12T17:03:16","date_gmt":"2026-08-12T17:03:16","guid":{"rendered":"https:\/\/mznoticia.com.br\/jaguariaiva\/?p=6367"},"modified":"2026-08-12T17:03:16","modified_gmt":"2026-08-12T17:03:16","slug":"dois-irmaos-morrem-em-incendio-dentro-de-kitnet-em-manaus","status":"publish","type":"post","link":"https:\/\/mznoticia.com.br\/jaguariaiva\/dois-irmaos-morrem-em-incendio-dentro-de-kitnet-em-manaus\/","title":{"rendered":"Dois irm\u00e3os morrem em inc\u00eandio dentro de kitnet em Manaus"},"content":{"rendered":"<h2 class=\"PDq2pG_selectionAnchorContainer\" data-section-id=\"t2a74l\" data-start=\"61\" data-end=\"196\">Crian\u00e7as, de 10 meses e 2 anos, estavam sozinhas no im\u00f3vel quando o fogo come\u00e7ou; av\u00f4 tentou realizar o resgate e sofreu queimaduras<\/h2>\n<p data-start=\"198\" data-end=\"382\">Dois irm\u00e3os, de <strong data-start=\"214\" data-end=\"235\">10 meses e 2 anos<\/strong>, morreram durante um inc\u00eandio registrado na manh\u00e3 desta quarta-feira (12), na comunidade Parque S\u00e3o Pedro, no bairro Tarum\u00e3, Zona Oeste de Manaus.<\/p>\n<p data-start=\"384\" data-end=\"603\">Segundo as informa\u00e7\u00f5es iniciais, as crian\u00e7as estavam sozinhas dentro da resid\u00eancia quando o fogo come\u00e7ou e se espalhou rapidamente pelo im\u00f3vel. Os irm\u00e3os n\u00e3o conseguiram deixar o local e morreram ainda dentro da kitnet.<\/p>\n<h2 data-section-id=\"hxcnmq\" data-start=\"605\" data-end=\"639\">Av\u00f4 tentou resgatar as crian\u00e7as<\/h2>\n<p data-start=\"641\" data-end=\"772\">O av\u00f4 dos meninos tentou entrar na resid\u00eancia para retirar as crian\u00e7as, mas foi impedido pelo intenso calor provocado pelas chamas.<\/p>\n<p data-start=\"774\" data-end=\"951\">Durante a tentativa de resgate, ele sofreu <strong data-start=\"817\" data-end=\"868\">queimaduras em uma das m\u00e3os e em uma das pernas<\/strong>. O homem recebeu atendimento m\u00e9dico e, segundo as informa\u00e7\u00f5es iniciais, passa bem.<\/p>\n<h2 data-section-id=\"1442y9k\" data-start=\"953\" data-end=\"996\">Per\u00edcia vai investigar causa do inc\u00eandio<\/h2>\n<p data-start=\"998\" data-end=\"1114\">A suspeita inicial \u00e9 de que o inc\u00eandio tenha come\u00e7ado ap\u00f3s um <strong data-start=\"1060\" data-end=\"1113\">problema na fia\u00e7\u00e3o do aparelho de ar-condicionado<\/strong>.<\/p>\n<p data-start=\"1116\" data-end=\"1248\">Peritos foram acionados para realizar os levantamentos no im\u00f3vel e identificar as circunst\u00e2ncias que provocaram o in\u00edcio das chamas.<\/p>\n<p data-start=\"1250\" data-end=\"1362\">Os corpos das crian\u00e7as foram encaminhados ao <strong data-start=\"1295\" data-end=\"1327\">Instituto M\u00e9dico Legal (IML)<\/strong> para os procedimentos necess\u00e1rios.<\/p>\n<h2 data-section-id=\"xrqndw\" data-start=\"1364\" data-end=\"1397\">Pol\u00edcia Civil investiga o caso<\/h2>\n<p data-start=\"1399\" data-end=\"1503\">A <strong data-start=\"1401\" data-end=\"1418\">Pol\u00edcia Civil<\/strong> tamb\u00e9m iniciou a investiga\u00e7\u00e3o para esclarecer as circunst\u00e2ncias da morte dos irm\u00e3os.<\/p>\n<p data-start=\"1505\" data-end=\"1711\">Os respons\u00e1veis pelas crian\u00e7as dever\u00e3o ser ouvidos pelas autoridades. A investiga\u00e7\u00e3o dever\u00e1 apurar, entre outros pontos, as circunst\u00e2ncias em que os irm\u00e3os estavam sozinhos no im\u00f3vel no momento do inc\u00eandio.<\/p>\n","protected":false},"excerpt":{"rendered":"<p>Crian\u00e7as, de 10 meses e 2 anos, estavam sozinhas no im\u00f3vel quando o fogo come\u00e7ou; av\u00f4 tentou realizar o resgate e sofreu queimaduras Dois irm\u00e3os, de 10 meses e 2 anos, morreram durante um inc\u00eandio registrado na manh\u00e3 desta quarta-feira (12), na comunidade Parque S\u00e3o Pedro, no bairro Tarum\u00e3, Zona Oeste de Manaus. Segundo as [&hellip;]<\/p>\n","protected":false},"author":16,"featured_media":6368,"comment_status":"open","ping_status":"open","sticky":false,"template":"","format":"standard","meta":{"footnotes":""},"categories":[140],"tags":[884,517,1093,1983,1985,515,1984,1672],"class_list":["post-6367","post","type-post","status-publish","format-standard","has-post-thumbnail","hentry","category-acidente","tag-amazonas","tag-criancas","tag-incendio","tag-manaus","tag-parque-sao-pedro","tag-policia-civil","tag-taruma","tag-tragedia"],"yoast_head":"<!-- This site is optimized with the Yoast SEO plugin v28.1 - https:\/\/yoast.com\/product\/yoast-seo-wordpress\/ -->\n<title>Dois irm\u00e3os morrem em inc\u00eandio dentro de kitnet em Manaus - Mz Not\u00edcias<\/title>\n<meta name=\"description\" content=\"Crian\u00e7as de 10 meses e 2 anos morreram em inc\u00eandio dentro de uma kitnet em Manaus. Av\u00f4 tentou resgat\u00e1-las e sofreu queimaduras.\" \/>\n<meta name=\"robots\" content=\"index, follow, max-snippet:-1, max-image-preview:large, max-video-preview:-1\" \/>\n<link rel=\"canonical\" href=\"https:\/\/mznoticia.com.br\/jaguariaiva\/dois-irmaos-morrem-em-incendio-dentro-de-kitnet-em-manaus\/\" \/>\n<meta property=\"og:locale\" content=\"pt_BR\" \/>\n<meta property=\"og:type\" content=\"article\" \/>\n<meta property=\"og:title\" content=\"Dois irm\u00e3os morrem em inc\u00eandio dentro de kitnet em Manaus - Mz Not\u00edcias\" \/>\n<meta property=\"og:description\" content=\"Crian\u00e7as de 10 meses e 2 anos morreram em inc\u00eandio dentro de uma kitnet em Manaus. Av\u00f4 tentou resgat\u00e1-las e sofreu queimaduras.\" \/>\n<meta property=\"og:url\" content=\"https:\/\/mznoticia.com.br\/jaguariaiva\/dois-irmaos-morrem-em-incendio-dentro-de-kitnet-em-manaus\/\" \/>\n<meta property=\"og:site_name\" content=\"Mz Not\u00edcias\" \/>\n<meta property=\"article:publisher\" content=\"https:\/\/www.facebook.com\/profile.php?id=61573479951222\" \/>\n<meta property=\"article:published_time\" content=\"2026-08-12T17:03:16+00:00\" \/>\n<meta property=\"og:image\" content=\"https:\/\/mznoticia.com.br\/jaguariaiva\/wp-content\/uploads\/2026\/08\/10-2.jpg\" \/>\n\t<meta property=\"og:image:width\" content=\"590\" \/>\n\t<meta property=\"og:image:height\" content=\"441\" \/>\n\t<meta property=\"og:image:type\" content=\"image\/jpeg\" \/>\n<meta name=\"author\" content=\"Redacao mz\" \/>\n<meta name=\"twitter:card\" content=\"summary_large_image\" \/>\n<meta name=\"twitter:label1\" content=\"Escrito por\" \/>\n\t<meta name=\"twitter:data1\" content=\"Redacao mz\" \/>\n\t<meta name=\"twitter:label2\" content=\"Est. tempo de leitura\" \/>\n\t<meta name=\"twitter:data2\" content=\"2 minutos\" \/>\n<script type=\"application\/ld+json\" class=\"yoast-schema-graph\">{\"@context\":\"https:\\\/\\\/schema.org\",\"@graph\":[{\"@type\":\"Article\",\"@id\":\"https:\\\/\\\/mznoticia.com.br\\\/jaguariaiva\\\/dois-irmaos-morrem-em-incendio-dentro-de-kitnet-em-manaus\\\/#article\",\"isPartOf\":{\"@id\":\"https:\\\/\\\/mznoticia.com.br\\\/jaguariaiva\\\/dois-irmaos-morrem-em-incendio-dentro-de-kitnet-em-manaus\\\/\"},\"author\":{\"name\":\"Redacao mz\",\"@id\":\"https:\\\/\\\/mznoticia.com.br\\\/jaguariaiva\\\/#\\\/schema\\\/person\\\/84012d827247b3f42f37b550da79cd03\"},\"headline\":\"Dois irm\u00e3os morrem em inc\u00eandio dentro de kitnet em Manaus\",\"datePublished\":\"2026-08-12T17:03:16+00:00\",\"mainEntityOfPage\":{\"@id\":\"https:\\\/\\\/mznoticia.com.br\\\/jaguariaiva\\\/dois-irmaos-morrem-em-incendio-dentro-de-kitnet-em-manaus\\\/\"},\"wordCount\":302,\"commentCount\":0,\"publisher\":{\"@id\":\"https:\\\/\\\/mznoticia.com.br\\\/jaguariaiva\\\/#organization\"},\"image\":{\"@id\":\"https:\\\/\\\/mznoticia.com.br\\\/jaguariaiva\\\/dois-irmaos-morrem-em-incendio-dentro-de-kitnet-em-manaus\\\/#primaryimage\"},\"thumbnailUrl\":\"https:\\\/\\\/mznoticia.com.br\\\/jaguariaiva\\\/wp-content\\\/uploads\\\/2026\\\/08\\\/10-2.jpg\",\"keywords\":[\"Amazonas\",\"Crian\u00e7as\",\"Inc\u00eandio\",\"Manaus\",\"Parque S\u00e3o Pedro\",\"Pol\u00edcia Civil\",\"Tarum\u00e3\",\"Trag\u00e9dia\"],\"articleSection\":[\"Acidente\"],\"inLanguage\":\"pt-BR\",\"potentialAction\":[{\"@type\":\"CommentAction\",\"name\":\"Comment\",\"target\":[\"https:\\\/\\\/mznoticia.com.br\\\/jaguariaiva\\\/dois-irmaos-morrem-em-incendio-dentro-de-kitnet-em-manaus\\\/#respond\"]}]},{\"@type\":\"WebPage\",\"@id\":\"https:\\\/\\\/mznoticia.com.br\\\/jaguariaiva\\\/dois-irmaos-morrem-em-incendio-dentro-de-kitnet-em-manaus\\\/\",\"url\":\"https:\\\/\\\/mznoticia.com.br\\\/jaguariaiva\\\/dois-irmaos-morrem-em-incendio-dentro-de-kitnet-em-manaus\\\/\",\"name\":\"Dois irm\u00e3os morrem em inc\u00eandio dentro de kitnet em Manaus - Mz Not\u00edcias\",\"isPartOf\":{\"@id\":\"https:\\\/\\\/mznoticia.com.br\\\/jaguariaiva\\\/#website\"},\"primaryImageOfPage\":{\"@id\":\"https:\\\/\\\/mznoticia.com.br\\\/jaguariaiva\\\/dois-irmaos-morrem-em-incendio-dentro-de-kitnet-em-manaus\\\/#primaryimage\"},\"image\":{\"@id\":\"https:\\\/\\\/mznoticia.com.br\\\/jaguariaiva\\\/dois-irmaos-morrem-em-incendio-dentro-de-kitnet-em-manaus\\\/#primaryimage\"},\"thumbnailUrl\":\"https:\\\/\\\/mznoticia.com.br\\\/jaguariaiva\\\/wp-content\\\/uploads\\\/2026\\\/08\\\/10-2.jpg\",\"datePublished\":\"2026-08-12T17:03:16+00:00\",\"description\":\"Crian\u00e7as de 10 meses e 2 anos morreram em inc\u00eandio dentro de uma kitnet em Manaus. Av\u00f4 tentou resgat\u00e1-las e sofreu queimaduras.\",\"breadcrumb\":{\"@id\":\"https:\\\/\\\/mznoticia.com.br\\\/jaguariaiva\\\/dois-irmaos-morrem-em-incendio-dentro-de-kitnet-em-manaus\\\/#breadcrumb\"},\"inLanguage\":\"pt-BR\",\"potentialAction\":[{\"@type\":\"ReadAction\",\"target\":[\"https:\\\/\\\/mznoticia.com.br\\\/jaguariaiva\\\/dois-irmaos-morrem-em-incendio-dentro-de-kitnet-em-manaus\\\/\"]}]},{\"@type\":\"ImageObject\",\"inLanguage\":\"pt-BR\",\"@id\":\"https:\\\/\\\/mznoticia.com.br\\\/jaguariaiva\\\/dois-irmaos-morrem-em-incendio-dentro-de-kitnet-em-manaus\\\/#primaryimage\",\"url\":\"https:\\\/\\\/mznoticia.com.br\\\/jaguariaiva\\\/wp-content\\\/uploads\\\/2026\\\/08\\\/10-2.jpg\",\"contentUrl\":\"https:\\\/\\\/mznoticia.com.br\\\/jaguariaiva\\\/wp-content\\\/uploads\\\/2026\\\/08\\\/10-2.jpg\",\"width\":590,\"height\":441},{\"@type\":\"BreadcrumbList\",\"@id\":\"https:\\\/\\\/mznoticia.com.br\\\/jaguariaiva\\\/dois-irmaos-morrem-em-incendio-dentro-de-kitnet-em-manaus\\\/#breadcrumb\",\"itemListElement\":[{\"@type\":\"ListItem\",\"position\":1,\"name\":\"Home\",\"item\":\"https:\\\/\\\/mznoticia.com.br\\\/jaguariaiva\\\/\"},{\"@type\":\"ListItem\",\"position\":2,\"name\":\"Dois irm\u00e3os morrem em inc\u00eandio dentro de kitnet em Manaus\"}]},{\"@type\":\"WebSite\",\"@id\":\"https:\\\/\\\/mznoticia.com.br\\\/jaguariaiva\\\/#website\",\"url\":\"https:\\\/\\\/mznoticia.com.br\\\/jaguariaiva\\\/\",\"name\":\"Mz Not\u00edcia\",\"description\":\"A informa\u00e7\u00e3o que voc\u00ea precisa na hora certa!\",\"publisher\":{\"@id\":\"https:\\\/\\\/mznoticia.com.br\\\/jaguariaiva\\\/#organization\"},\"potentialAction\":[{\"@type\":\"SearchAction\",\"target\":{\"@type\":\"EntryPoint\",\"urlTemplate\":\"https:\\\/\\\/mznoticia.com.br\\\/jaguariaiva\\\/?s={search_term_string}\"},\"query-input\":{\"@type\":\"PropertyValueSpecification\",\"valueRequired\":true,\"valueName\":\"search_term_string\"}}],\"inLanguage\":\"pt-BR\"},{\"@type\":\"Organization\",\"@id\":\"https:\\\/\\\/mznoticia.com.br\\\/jaguariaiva\\\/#organization\",\"name\":\"Mz Not\u00edcia\",\"url\":\"https:\\\/\\\/mznoticia.com.br\\\/jaguariaiva\\\/\",\"logo\":{\"@type\":\"ImageObject\",\"inLanguage\":\"pt-BR\",\"@id\":\"https:\\\/\\\/mznoticia.com.br\\\/jaguariaiva\\\/#\\\/schema\\\/logo\\\/image\\\/\",\"url\":\"https:\\\/\\\/mznoticia.com.br\\\/jaguariaiva\\\/wp-content\\\/uploads\\\/2025\\\/03\\\/Design-sem-nome-4-e1741200616392.png\",\"contentUrl\":\"https:\\\/\\\/mznoticia.com.br\\\/jaguariaiva\\\/wp-content\\\/uploads\\\/2025\\\/03\\\/Design-sem-nome-4-e1741200616392.png\",\"width\":750,\"height\":563,\"caption\":\"Mz Not\u00edcia\"},\"image\":{\"@id\":\"https:\\\/\\\/mznoticia.com.br\\\/jaguariaiva\\\/#\\\/schema\\\/logo\\\/image\\\/\"},\"sameAs\":[\"https:\\\/\\\/www.facebook.com\\\/profile.php?id=61573479951222\",\"https:\\\/\\\/www.instagram.com\\\/mz.jaguariaiva\\\/\"]},{\"@type\":\"Person\",\"@id\":\"https:\\\/\\\/mznoticia.com.br\\\/jaguariaiva\\\/#\\\/schema\\\/person\\\/84012d827247b3f42f37b550da79cd03\",\"name\":\"Redacao mz\",\"image\":{\"@type\":\"ImageObject\",\"inLanguage\":\"pt-BR\",\"@id\":\"https:\\\/\\\/mznoticia.com.br\\\/jaguariaiva\\\/wp-content\\\/uploads\\\/2025\\\/02\\\/mznoticia_jaguariaiva_coluna-150x150.png\",\"url\":\"https:\\\/\\\/mznoticia.com.br\\\/jaguariaiva\\\/wp-content\\\/uploads\\\/2025\\\/02\\\/mznoticia_jaguariaiva_coluna-150x150.png\",\"contentUrl\":\"https:\\\/\\\/mznoticia.com.br\\\/jaguariaiva\\\/wp-content\\\/uploads\\\/2025\\\/02\\\/mznoticia_jaguariaiva_coluna-150x150.png\",\"caption\":\"Redacao mz\"},\"sameAs\":[\"http:\\\/\\\/mznoticia.com.br\"],\"url\":\"https:\\\/\\\/mznoticia.com.br\\\/jaguariaiva\\\/author\\\/lucimara\\\/\"}]}<\/script>\n<!-- \/ Yoast SEO plugin. -->","yoast_head_json":{"title":"Dois irm\u00e3os morrem em inc\u00eandio dentro de kitnet em Manaus - Mz Not\u00edcias","description":"Crian\u00e7as de 10 meses e 2 anos morreram em inc\u00eandio dentro de uma kitnet em Manaus. Av\u00f4 tentou resgat\u00e1-las e sofreu queimaduras.","robots":{"index":"index","follow":"follow","max-snippet":"max-snippet:-1","max-image-preview":"max-image-preview:large","max-video-preview":"max-video-preview:-1"},"canonical":"https:\/\/mznoticia.com.br\/jaguariaiva\/dois-irmaos-morrem-em-incendio-dentro-de-kitnet-em-manaus\/","og_locale":"pt_BR","og_type":"article","og_title":"Dois irm\u00e3os morrem em inc\u00eandio dentro de kitnet em Manaus - Mz Not\u00edcias","og_description":"Crian\u00e7as de 10 meses e 2 anos morreram em inc\u00eandio dentro de uma kitnet em Manaus. Av\u00f4 tentou resgat\u00e1-las e sofreu queimaduras.","og_url":"https:\/\/mznoticia.com.br\/jaguariaiva\/dois-irmaos-morrem-em-incendio-dentro-de-kitnet-em-manaus\/","og_site_name":"Mz Not\u00edcias","article_publisher":"https:\/\/www.facebook.com\/profile.php?id=61573479951222","article_published_time":"2026-08-12T17:03:16+00:00","og_image":[{"width":590,"height":441,"url":"https:\/\/mznoticia.com.br\/jaguariaiva\/wp-content\/uploads\/2026\/08\/10-2.jpg","type":"image\/jpeg"}],"author":"Redacao mz","twitter_card":"summary_large_image","twitter_misc":{"Escrito por":"Redacao mz","Est. tempo de leitura":"2 minutos"},"schema":{"@context":"https:\/\/schema.org","@graph":[{"@type":"Article","@id":"https:\/\/mznoticia.com.br\/jaguariaiva\/dois-irmaos-morrem-em-incendio-dentro-de-kitnet-em-manaus\/#article","isPartOf":{"@id":"https:\/\/mznoticia.com.br\/jaguariaiva\/dois-irmaos-morrem-em-incendio-dentro-de-kitnet-em-manaus\/"},"author":{"name":"Redacao mz","@id":"https:\/\/mznoticia.com.br\/jaguariaiva\/#\/schema\/person\/84012d827247b3f42f37b550da79cd03"},"headline":"Dois irm\u00e3os morrem em inc\u00eandio dentro de kitnet em Manaus","datePublished":"2026-08-12T17:03:16+00:00","mainEntityOfPage":{"@id":"https:\/\/mznoticia.com.br\/jaguariaiva\/dois-irmaos-morrem-em-incendio-dentro-de-kitnet-em-manaus\/"},"wordCount":302,"commentCount":0,"publisher":{"@id":"https:\/\/mznoticia.com.br\/jaguariaiva\/#organization"},"image":{"@id":"https:\/\/mznoticia.com.br\/jaguariaiva\/dois-irmaos-morrem-em-incendio-dentro-de-kitnet-em-manaus\/#primaryimage"},"thumbnailUrl":"https:\/\/mznoticia.com.br\/jaguariaiva\/wp-content\/uploads\/2026\/08\/10-2.jpg","keywords":["Amazonas","Crian\u00e7as","Inc\u00eandio","Manaus","Parque S\u00e3o Pedro","Pol\u00edcia Civil","Tarum\u00e3","Trag\u00e9dia"],"articleSection":["Acidente"],"inLanguage":"pt-BR","potentialAction":[{"@type":"CommentAction","name":"Comment","target":["https:\/\/mznoticia.com.br\/jaguariaiva\/dois-irmaos-morrem-em-incendio-dentro-de-kitnet-em-manaus\/#respond"]}]},{"@type":"WebPage","@id":"https:\/\/mznoticia.com.br\/jaguariaiva\/dois-irmaos-morrem-em-incendio-dentro-de-kitnet-em-manaus\/","url":"https:\/\/mznoticia.com.br\/jaguariaiva\/dois-irmaos-morrem-em-incendio-dentro-de-kitnet-em-manaus\/","name":"Dois irm\u00e3os morrem em inc\u00eandio dentro de kitnet em Manaus - Mz Not\u00edcias","isPartOf":{"@id":"https:\/\/mznoticia.com.br\/jaguariaiva\/#website"},"primaryImageOfPage":{"@id":"https:\/\/mznoticia.com.br\/jaguariaiva\/dois-irmaos-morrem-em-incendio-dentro-de-kitnet-em-manaus\/#primaryimage"},"image":{"@id":"https:\/\/mznoticia.com.br\/jaguariaiva\/dois-irmaos-morrem-em-incendio-dentro-de-kitnet-em-manaus\/#primaryimage"},"thumbnailUrl":"https:\/\/mznoticia.com.br\/jaguariaiva\/wp-content\/uploads\/2026\/08\/10-2.jpg","datePublished":"2026-08-12T17:03:16+00:00","description":"Crian\u00e7as de 10 meses e 2 anos morreram em inc\u00eandio dentro de uma kitnet em Manaus. Av\u00f4 tentou resgat\u00e1-las e sofreu queimaduras.","breadcrumb":{"@id":"https:\/\/mznoticia.com.br\/jaguariaiva\/dois-irmaos-morrem-em-incendio-dentro-de-kitnet-em-manaus\/#breadcrumb"},"inLanguage":"pt-BR","potentialAction":[{"@type":"ReadAction","target":["https:\/\/mznoticia.com.br\/jaguariaiva\/dois-irmaos-morrem-em-incendio-dentro-de-kitnet-em-manaus\/"]}]},{"@type":"ImageObject","inLanguage":"pt-BR","@id":"https:\/\/mznoticia.com.br\/jaguariaiva\/dois-irmaos-morrem-em-incendio-dentro-de-kitnet-em-manaus\/#primaryimage","url":"https:\/\/mznoticia.com.br\/jaguariaiva\/wp-content\/uploads\/2026\/08\/10-2.jpg","contentUrl":"https:\/\/mznoticia.com.br\/jaguariaiva\/wp-content\/uploads\/2026\/08\/10-2.jpg","width":590,"height":441},{"@type":"BreadcrumbList","@id":"https:\/\/mznoticia.com.br\/jaguariaiva\/dois-irmaos-morrem-em-incendio-dentro-de-kitnet-em-manaus\/#breadcrumb","itemListElement":[{"@type":"ListItem","position":1,"name":"Home","item":"https:\/\/mznoticia.com.br\/jaguariaiva\/"},{"@type":"ListItem","position":2,"name":"Dois irm\u00e3os morrem em inc\u00eandio dentro de kitnet em Manaus"}]},{"@type":"WebSite","@id":"https:\/\/mznoticia.com.br\/jaguariaiva\/#website","url":"https:\/\/mznoticia.com.br\/jaguariaiva\/","name":"Mz Not\u00edcia","description":"A informa\u00e7\u00e3o que voc\u00ea precisa na hora certa!","publisher":{"@id":"https:\/\/mznoticia.com.br\/jaguariaiva\/#organization"},"potentialAction":[{"@type":"SearchAction","target":{"@type":"EntryPoint","urlTemplate":"https:\/\/mznoticia.com.br\/jaguariaiva\/?s={search_term_string}"},"query-input":{"@type":"PropertyValueSpecification","valueRequired":true,"valueName":"search_term_string"}}],"inLanguage":"pt-BR"},{"@type":"Organization","@id":"https:\/\/mznoticia.com.br\/jaguariaiva\/#organization","name":"Mz Not\u00edcia","url":"https:\/\/mznoticia.com.br\/jaguariaiva\/","logo":{"@type":"ImageObject","inLanguage":"pt-BR","@id":"https:\/\/mznoticia.com.br\/jaguariaiva\/#\/schema\/logo\/image\/","url":"https:\/\/mznoticia.com.br\/jaguariaiva\/wp-content\/uploads\/2025\/03\/Design-sem-nome-4-e1741200616392.png","contentUrl":"https:\/\/mznoticia.com.br\/jaguariaiva\/wp-content\/uploads\/2025\/03\/Design-sem-nome-4-e1741200616392.png","width":750,"height":563,"caption":"Mz Not\u00edcia"},"image":{"@id":"https:\/\/mznoticia.com.br\/jaguariaiva\/#\/schema\/logo\/image\/"},"sameAs":["https:\/\/www.facebook.com\/profile.php?id=61573479951222","https:\/\/www.instagram.com\/mz.jaguariaiva\/"]},{"@type":"Person","@id":"https:\/\/mznoticia.com.br\/jaguariaiva\/#\/schema\/person\/84012d827247b3f42f37b550da79cd03","name":"Redacao mz","image":{"@type":"ImageObject","inLanguage":"pt-BR","@id":"https:\/\/mznoticia.com.br\/jaguariaiva\/wp-content\/uploads\/2025\/02\/mznoticia_jaguariaiva_coluna-150x150.png","url":"https:\/\/mznoticia.com.br\/jaguariaiva\/wp-content\/uploads\/2025\/02\/mznoticia_jaguariaiva_coluna-150x150.png","contentUrl":"https:\/\/mznoticia.com.br\/jaguariaiva\/wp-content\/uploads\/2025\/02\/mznoticia_jaguariaiva_coluna-150x150.png","caption":"Redacao mz"},"sameAs":["http:\/\/mznoticia.com.br"],"url":"https:\/\/mznoticia.com.br\/jaguariaiva\/author\/lucimara\/"}]}},"_links":{"self":[{"href":"https:\/\/mznoticia.com.br\/jaguariaiva\/wp-json\/wp\/v2\/posts\/6367","targetHints":{"allow":["GET"]}}],"collection":[{"href":"https:\/\/mznoticia.com.br\/jaguariaiva\/wp-json\/wp\/v2\/posts"}],"about":[{"href":"https:\/\/mznoticia.com.br\/jaguariaiva\/wp-json\/wp\/v2\/types\/post"}],"author":[{"embeddable":true,"href":"https:\/\/mznoticia.com.br\/jaguariaiva\/wp-json\/wp\/v2\/users\/16"}],"replies":[{"embeddable":true,"href":"https:\/\/mznoticia.com.br\/jaguariaiva\/wp-json\/wp\/v2\/comments?post=6367"}],"version-history":[{"count":1,"href":"https:\/\/mznoticia.com.br\/jaguariaiva\/wp-json\/wp\/v2\/posts\/6367\/revisions"}],"predecessor-version":[{"id":6369,"href":"https:\/\/mznoticia.com.br\/jaguariaiva\/wp-json\/wp\/v2\/posts\/6367\/revisions\/6369"}],"wp:featuredmedia":[{"embeddable":true,"href":"https:\/\/mznoticia.com.br\/jaguariaiva\/wp-json\/wp\/v2\/media\/6368"}],"wp:attachment":[{"href":"https:\/\/mznoticia.com.br\/jaguariaiva\/wp-json\/wp\/v2\/media?parent=6367"}],"wp:term":[{"taxonomy":"category","embeddable":true,"href":"https:\/\/mznoticia.com.br\/jaguariaiva\/wp-json\/wp\/v2\/categories?post=6367"},{"taxonomy":"post_tag","embeddable":true,"href":"https:\/\/mznoticia.com.br\/jaguariaiva\/wp-json\/wp\/v2\/tags?post=6367"}],"curies":[{"name":"wp","href":"https:\/\/api.w.org\/{rel}","templated":true}]}}