{"id":6370,"date":"2026-08-12T17:18:58","date_gmt":"2026-08-12T17:18:58","guid":{"rendered":"https:\/\/mznoticia.com.br\/jaguariaiva\/?p=6370"},"modified":"2026-08-12T17:18:58","modified_gmt":"2026-08-12T17:18:58","slug":"caminhao-tomba-na-pr-151-e-deixa-rodovia-parcialmente-interditada-em-jaguariaiva","status":"publish","type":"post","link":"https:\/\/mznoticia.com.br\/jaguariaiva\/caminhao-tomba-na-pr-151-e-deixa-rodovia-parcialmente-interditada-em-jaguariaiva\/","title":{"rendered":"Caminh\u00e3o tomba na PR-151 e deixa rodovia parcialmente interditada em Jaguaria\u00edva"},"content":{"rendered":"<h2 class=\"PDq2pG_selectionAnchorContainer\" data-section-id=\"1gmnse\" data-start=\"84\" data-end=\"189\">Motorista, de 33 anos, n\u00e3o ficou ferido; acidente aconteceu no trecho entre Jaguaria\u00edva e Pira\u00ed do Sul<\/h2>\n<p data-start=\"191\" data-end=\"357\">Um caminh\u00e3o trator <strong data-start=\"210\" data-end=\"225\">Scania S450<\/strong>, que tracionava um semirreboque, tombou na tarde desta ter\u00e7a-feira (11) na <strong data-start=\"301\" data-end=\"311\">PR-151<\/strong>, em Jaguaria\u00edva, nos Campos Gerais do Paran\u00e1.<\/p>\n<p data-start=\"359\" data-end=\"481\">O acidente aconteceu por volta das <strong data-start=\"394\" data-end=\"403\">16h10<\/strong>, no km 233+400 metros da rodovia, no trecho entre Jaguaria\u00edva e Pira\u00ed do Sul.<\/p>\n<h2 data-section-id=\"ux0q9i\" data-start=\"483\" data-end=\"517\">Caminh\u00e3o saiu da pista e tombou<\/h2>\n<p data-start=\"519\" data-end=\"732\">De acordo com as informa\u00e7\u00f5es do Batalh\u00e3o de Pol\u00edcia Rodovi\u00e1ria (BPRv), o conjunto seguia no sentido <strong data-start=\"619\" data-end=\"635\">Pira\u00ed do Sul<\/strong> quando, por circunst\u00e2ncias ainda n\u00e3o esclarecidas, saiu da pista e tombou \u00e0s margens da rodovia.<\/p>\n<p data-start=\"734\" data-end=\"843\">O motorista, de <strong data-start=\"750\" data-end=\"761\">33 anos<\/strong>, n\u00e3o sofreu ferimentos e permaneceu no local durante o atendimento da ocorr\u00eancia.<\/p>\n<h2 data-section-id=\"10mmbbl\" data-start=\"845\" data-end=\"886\">Rodovia ficou parcialmente interditada<\/h2>\n<p data-start=\"888\" data-end=\"1021\">Ap\u00f3s o tombamento, a <strong data-start=\"909\" data-end=\"950\">PR-151 ficou parcialmente interditada<\/strong>, exigindo aten\u00e7\u00e3o redobrada dos motoristas que trafegavam pelo trecho.<\/p>\n<p data-start=\"1023\" data-end=\"1133\">As circunst\u00e2ncias que provocaram a sa\u00edda de pista e o tombamento do caminh\u00e3o ser\u00e3o apuradas pelas autoridades.<\/p>\n","protected":false},"excerpt":{"rendered":"<p>Motorista, de 33 anos, n\u00e3o ficou ferido; acidente aconteceu no trecho entre Jaguaria\u00edva e Pira\u00ed do Sul Um caminh\u00e3o trator Scania S450, que tracionava um semirreboque, tombou na tarde desta ter\u00e7a-feira (11) na PR-151, em Jaguaria\u00edva, nos Campos Gerais do Paran\u00e1. O acidente aconteceu por volta das 16h10, no km 233+400 metros da rodovia, no [&hellip;]<\/p>\n","protected":false},"author":16,"featured_media":6371,"comment_status":"open","ping_status":"open","sticky":false,"template":"","format":"standard","meta":{"footnotes":""},"categories":[140],"tags":[31,956,314,63,1136,177,1358,590],"class_list":["post-6370","post","type-post","status-publish","format-standard","has-post-thumbnail","hentry","category-acidente","tag-acidente","tag-bprv","tag-campos-gerais","tag-jaguariaiva","tag-pirai-do-sul","tag-pr-151","tag-rodovias-do-parana","tag-transito"],"yoast_head":"<!-- This site is optimized with the Yoast SEO plugin v28.1 - https:\/\/yoast.com\/product\/yoast-seo-wordpress\/ -->\n<title>Caminh\u00e3o tomba na PR-151 e deixa rodovia parcialmente interditada em Jaguaria\u00edva - Mz Not\u00edcias<\/title>\n<meta name=\"description\" content=\"Caminh\u00e3o Scania S450 tomba na PR-151, em Jaguaria\u00edva. Motorista de 33 anos n\u00e3o ficou ferido e rodovia ficou parcialmente interditada.\" \/>\n<meta name=\"robots\" content=\"index, follow, max-snippet:-1, max-image-preview:large, max-video-preview:-1\" \/>\n<link rel=\"canonical\" href=\"https:\/\/mznoticia.com.br\/jaguariaiva\/caminhao-tomba-na-pr-151-e-deixa-rodovia-parcialmente-interditada-em-jaguariaiva\/\" \/>\n<meta property=\"og:locale\" content=\"pt_BR\" \/>\n<meta property=\"og:type\" content=\"article\" \/>\n<meta property=\"og:title\" content=\"Caminh\u00e3o tomba na PR-151 e deixa rodovia parcialmente interditada em Jaguaria\u00edva - Mz Not\u00edcias\" \/>\n<meta property=\"og:description\" content=\"Caminh\u00e3o Scania S450 tomba na PR-151, em Jaguaria\u00edva. Motorista de 33 anos n\u00e3o ficou ferido e rodovia ficou parcialmente interditada.\" \/>\n<meta property=\"og:url\" content=\"https:\/\/mznoticia.com.br\/jaguariaiva\/caminhao-tomba-na-pr-151-e-deixa-rodovia-parcialmente-interditada-em-jaguariaiva\/\" \/>\n<meta property=\"og:site_name\" content=\"Mz Not\u00edcias\" \/>\n<meta property=\"article:publisher\" content=\"https:\/\/www.facebook.com\/profile.php?id=61573479951222\" \/>\n<meta property=\"article:published_time\" content=\"2026-08-12T17:18:58+00:00\" \/>\n<meta property=\"og:image\" content=\"https:\/\/mznoticia.com.br\/jaguariaiva\/wp-content\/uploads\/2026\/08\/10-3.jpg\" \/>\n\t<meta property=\"og:image:width\" content=\"1170\" \/>\n\t<meta property=\"og:image:height\" content=\"761\" \/>\n\t<meta property=\"og:image:type\" content=\"image\/jpeg\" \/>\n<meta name=\"author\" content=\"Redacao mz\" \/>\n<meta name=\"twitter:card\" content=\"summary_large_image\" \/>\n<meta name=\"twitter:label1\" content=\"Escrito por\" \/>\n\t<meta name=\"twitter:data1\" content=\"Redacao mz\" \/>\n\t<meta name=\"twitter:label2\" content=\"Est. tempo de leitura\" \/>\n\t<meta name=\"twitter:data2\" content=\"2 minutos\" \/>\n<script type=\"application\/ld+json\" class=\"yoast-schema-graph\">{\"@context\":\"https:\\\/\\\/schema.org\",\"@graph\":[{\"@type\":\"Article\",\"@id\":\"https:\\\/\\\/mznoticia.com.br\\\/jaguariaiva\\\/caminhao-tomba-na-pr-151-e-deixa-rodovia-parcialmente-interditada-em-jaguariaiva\\\/#article\",\"isPartOf\":{\"@id\":\"https:\\\/\\\/mznoticia.com.br\\\/jaguariaiva\\\/caminhao-tomba-na-pr-151-e-deixa-rodovia-parcialmente-interditada-em-jaguariaiva\\\/\"},\"author\":{\"name\":\"Redacao mz\",\"@id\":\"https:\\\/\\\/mznoticia.com.br\\\/jaguariaiva\\\/#\\\/schema\\\/person\\\/84012d827247b3f42f37b550da79cd03\"},\"headline\":\"Caminh\u00e3o tomba na PR-151 e deixa rodovia parcialmente interditada em Jaguaria\u00edva\",\"datePublished\":\"2026-08-12T17:18:58+00:00\",\"mainEntityOfPage\":{\"@id\":\"https:\\\/\\\/mznoticia.com.br\\\/jaguariaiva\\\/caminhao-tomba-na-pr-151-e-deixa-rodovia-parcialmente-interditada-em-jaguariaiva\\\/\"},\"wordCount\":187,\"commentCount\":0,\"publisher\":{\"@id\":\"https:\\\/\\\/mznoticia.com.br\\\/jaguariaiva\\\/#organization\"},\"image\":{\"@id\":\"https:\\\/\\\/mznoticia.com.br\\\/jaguariaiva\\\/caminhao-tomba-na-pr-151-e-deixa-rodovia-parcialmente-interditada-em-jaguariaiva\\\/#primaryimage\"},\"thumbnailUrl\":\"https:\\\/\\\/mznoticia.com.br\\\/jaguariaiva\\\/wp-content\\\/uploads\\\/2026\\\/08\\\/10-3.jpg\",\"keywords\":[\"acidente\",\"BPRv\",\"Campos Gerais\",\"jaguariaiva\",\"Pira\u00ed do Sul\",\"PR-151\",\"Rodovias do Paran\u00e1\",\"tr\u00e2nsito\"],\"articleSection\":[\"Acidente\"],\"inLanguage\":\"pt-BR\",\"potentialAction\":[{\"@type\":\"CommentAction\",\"name\":\"Comment\",\"target\":[\"https:\\\/\\\/mznoticia.com.br\\\/jaguariaiva\\\/caminhao-tomba-na-pr-151-e-deixa-rodovia-parcialmente-interditada-em-jaguariaiva\\\/#respond\"]}]},{\"@type\":\"WebPage\",\"@id\":\"https:\\\/\\\/mznoticia.com.br\\\/jaguariaiva\\\/caminhao-tomba-na-pr-151-e-deixa-rodovia-parcialmente-interditada-em-jaguariaiva\\\/\",\"url\":\"https:\\\/\\\/mznoticia.com.br\\\/jaguariaiva\\\/caminhao-tomba-na-pr-151-e-deixa-rodovia-parcialmente-interditada-em-jaguariaiva\\\/\",\"name\":\"Caminh\u00e3o tomba na PR-151 e deixa rodovia parcialmente interditada em Jaguaria\u00edva - Mz Not\u00edcias\",\"isPartOf\":{\"@id\":\"https:\\\/\\\/mznoticia.com.br\\\/jaguariaiva\\\/#website\"},\"primaryImageOfPage\":{\"@id\":\"https:\\\/\\\/mznoticia.com.br\\\/jaguariaiva\\\/caminhao-tomba-na-pr-151-e-deixa-rodovia-parcialmente-interditada-em-jaguariaiva\\\/#primaryimage\"},\"image\":{\"@id\":\"https:\\\/\\\/mznoticia.com.br\\\/jaguariaiva\\\/caminhao-tomba-na-pr-151-e-deixa-rodovia-parcialmente-interditada-em-jaguariaiva\\\/#primaryimage\"},\"thumbnailUrl\":\"https:\\\/\\\/mznoticia.com.br\\\/jaguariaiva\\\/wp-content\\\/uploads\\\/2026\\\/08\\\/10-3.jpg\",\"datePublished\":\"2026-08-12T17:18:58+00:00\",\"description\":\"Caminh\u00e3o Scania S450 tomba na PR-151, em Jaguaria\u00edva. Motorista de 33 anos n\u00e3o ficou ferido e rodovia ficou parcialmente interditada.\",\"breadcrumb\":{\"@id\":\"https:\\\/\\\/mznoticia.com.br\\\/jaguariaiva\\\/caminhao-tomba-na-pr-151-e-deixa-rodovia-parcialmente-interditada-em-jaguariaiva\\\/#breadcrumb\"},\"inLanguage\":\"pt-BR\",\"potentialAction\":[{\"@type\":\"ReadAction\",\"target\":[\"https:\\\/\\\/mznoticia.com.br\\\/jaguariaiva\\\/caminhao-tomba-na-pr-151-e-deixa-rodovia-parcialmente-interditada-em-jaguariaiva\\\/\"]}]},{\"@type\":\"ImageObject\",\"inLanguage\":\"pt-BR\",\"@id\":\"https:\\\/\\\/mznoticia.com.br\\\/jaguariaiva\\\/caminhao-tomba-na-pr-151-e-deixa-rodovia-parcialmente-interditada-em-jaguariaiva\\\/#primaryimage\",\"url\":\"https:\\\/\\\/mznoticia.com.br\\\/jaguariaiva\\\/wp-content\\\/uploads\\\/2026\\\/08\\\/10-3.jpg\",\"contentUrl\":\"https:\\\/\\\/mznoticia.com.br\\\/jaguariaiva\\\/wp-content\\\/uploads\\\/2026\\\/08\\\/10-3.jpg\",\"width\":1170,\"height\":761},{\"@type\":\"BreadcrumbList\",\"@id\":\"https:\\\/\\\/mznoticia.com.br\\\/jaguariaiva\\\/caminhao-tomba-na-pr-151-e-deixa-rodovia-parcialmente-interditada-em-jaguariaiva\\\/#breadcrumb\",\"itemListElement\":[{\"@type\":\"ListItem\",\"position\":1,\"name\":\"Home\",\"item\":\"https:\\\/\\\/mznoticia.com.br\\\/jaguariaiva\\\/\"},{\"@type\":\"ListItem\",\"position\":2,\"name\":\"Caminh\u00e3o tomba na PR-151 e deixa rodovia parcialmente interditada em Jaguaria\u00edva\"}]},{\"@type\":\"WebSite\",\"@id\":\"https:\\\/\\\/mznoticia.com.br\\\/jaguariaiva\\\/#website\",\"url\":\"https:\\\/\\\/mznoticia.com.br\\\/jaguariaiva\\\/\",\"name\":\"Mz Not\u00edcia\",\"description\":\"A informa\u00e7\u00e3o que voc\u00ea precisa na hora certa!\",\"publisher\":{\"@id\":\"https:\\\/\\\/mznoticia.com.br\\\/jaguariaiva\\\/#organization\"},\"potentialAction\":[{\"@type\":\"SearchAction\",\"target\":{\"@type\":\"EntryPoint\",\"urlTemplate\":\"https:\\\/\\\/mznoticia.com.br\\\/jaguariaiva\\\/?s={search_term_string}\"},\"query-input\":{\"@type\":\"PropertyValueSpecification\",\"valueRequired\":true,\"valueName\":\"search_term_string\"}}],\"inLanguage\":\"pt-BR\"},{\"@type\":\"Organization\",\"@id\":\"https:\\\/\\\/mznoticia.com.br\\\/jaguariaiva\\\/#organization\",\"name\":\"Mz Not\u00edcia\",\"url\":\"https:\\\/\\\/mznoticia.com.br\\\/jaguariaiva\\\/\",\"logo\":{\"@type\":\"ImageObject\",\"inLanguage\":\"pt-BR\",\"@id\":\"https:\\\/\\\/mznoticia.com.br\\\/jaguariaiva\\\/#\\\/schema\\\/logo\\\/image\\\/\",\"url\":\"https:\\\/\\\/mznoticia.com.br\\\/jaguariaiva\\\/wp-content\\\/uploads\\\/2025\\\/03\\\/Design-sem-nome-4-e1741200616392.png\",\"contentUrl\":\"https:\\\/\\\/mznoticia.com.br\\\/jaguariaiva\\\/wp-content\\\/uploads\\\/2025\\\/03\\\/Design-sem-nome-4-e1741200616392.png\",\"width\":750,\"height\":563,\"caption\":\"Mz Not\u00edcia\"},\"image\":{\"@id\":\"https:\\\/\\\/mznoticia.com.br\\\/jaguariaiva\\\/#\\\/schema\\\/logo\\\/image\\\/\"},\"sameAs\":[\"https:\\\/\\\/www.facebook.com\\\/profile.php?id=61573479951222\",\"https:\\\/\\\/www.instagram.com\\\/mz.jaguariaiva\\\/\"]},{\"@type\":\"Person\",\"@id\":\"https:\\\/\\\/mznoticia.com.br\\\/jaguariaiva\\\/#\\\/schema\\\/person\\\/84012d827247b3f42f37b550da79cd03\",\"name\":\"Redacao mz\",\"image\":{\"@type\":\"ImageObject\",\"inLanguage\":\"pt-BR\",\"@id\":\"https:\\\/\\\/mznoticia.com.br\\\/jaguariaiva\\\/wp-content\\\/uploads\\\/2025\\\/02\\\/mznoticia_jaguariaiva_coluna-150x150.png\",\"url\":\"https:\\\/\\\/mznoticia.com.br\\\/jaguariaiva\\\/wp-content\\\/uploads\\\/2025\\\/02\\\/mznoticia_jaguariaiva_coluna-150x150.png\",\"contentUrl\":\"https:\\\/\\\/mznoticia.com.br\\\/jaguariaiva\\\/wp-content\\\/uploads\\\/2025\\\/02\\\/mznoticia_jaguariaiva_coluna-150x150.png\",\"caption\":\"Redacao mz\"},\"sameAs\":[\"http:\\\/\\\/mznoticia.com.br\"],\"url\":\"https:\\\/\\\/mznoticia.com.br\\\/jaguariaiva\\\/author\\\/lucimara\\\/\"}]}<\/script>\n<!-- \/ Yoast SEO plugin. -->","yoast_head_json":{"title":"Caminh\u00e3o tomba na PR-151 e deixa rodovia parcialmente interditada em Jaguaria\u00edva - Mz Not\u00edcias","description":"Caminh\u00e3o Scania S450 tomba na PR-151, em Jaguaria\u00edva. Motorista de 33 anos n\u00e3o ficou ferido e rodovia ficou parcialmente interditada.","robots":{"index":"index","follow":"follow","max-snippet":"max-snippet:-1","max-image-preview":"max-image-preview:large","max-video-preview":"max-video-preview:-1"},"canonical":"https:\/\/mznoticia.com.br\/jaguariaiva\/caminhao-tomba-na-pr-151-e-deixa-rodovia-parcialmente-interditada-em-jaguariaiva\/","og_locale":"pt_BR","og_type":"article","og_title":"Caminh\u00e3o tomba na PR-151 e deixa rodovia parcialmente interditada em Jaguaria\u00edva - Mz Not\u00edcias","og_description":"Caminh\u00e3o Scania S450 tomba na PR-151, em Jaguaria\u00edva. Motorista de 33 anos n\u00e3o ficou ferido e rodovia ficou parcialmente interditada.","og_url":"https:\/\/mznoticia.com.br\/jaguariaiva\/caminhao-tomba-na-pr-151-e-deixa-rodovia-parcialmente-interditada-em-jaguariaiva\/","og_site_name":"Mz Not\u00edcias","article_publisher":"https:\/\/www.facebook.com\/profile.php?id=61573479951222","article_published_time":"2026-08-12T17:18:58+00:00","og_image":[{"width":1170,"height":761,"url":"https:\/\/mznoticia.com.br\/jaguariaiva\/wp-content\/uploads\/2026\/08\/10-3.jpg","type":"image\/jpeg"}],"author":"Redacao mz","twitter_card":"summary_large_image","twitter_misc":{"Escrito por":"Redacao mz","Est. tempo de leitura":"2 minutos"},"schema":{"@context":"https:\/\/schema.org","@graph":[{"@type":"Article","@id":"https:\/\/mznoticia.com.br\/jaguariaiva\/caminhao-tomba-na-pr-151-e-deixa-rodovia-parcialmente-interditada-em-jaguariaiva\/#article","isPartOf":{"@id":"https:\/\/mznoticia.com.br\/jaguariaiva\/caminhao-tomba-na-pr-151-e-deixa-rodovia-parcialmente-interditada-em-jaguariaiva\/"},"author":{"name":"Redacao mz","@id":"https:\/\/mznoticia.com.br\/jaguariaiva\/#\/schema\/person\/84012d827247b3f42f37b550da79cd03"},"headline":"Caminh\u00e3o tomba na PR-151 e deixa rodovia parcialmente interditada em Jaguaria\u00edva","datePublished":"2026-08-12T17:18:58+00:00","mainEntityOfPage":{"@id":"https:\/\/mznoticia.com.br\/jaguariaiva\/caminhao-tomba-na-pr-151-e-deixa-rodovia-parcialmente-interditada-em-jaguariaiva\/"},"wordCount":187,"commentCount":0,"publisher":{"@id":"https:\/\/mznoticia.com.br\/jaguariaiva\/#organization"},"image":{"@id":"https:\/\/mznoticia.com.br\/jaguariaiva\/caminhao-tomba-na-pr-151-e-deixa-rodovia-parcialmente-interditada-em-jaguariaiva\/#primaryimage"},"thumbnailUrl":"https:\/\/mznoticia.com.br\/jaguariaiva\/wp-content\/uploads\/2026\/08\/10-3.jpg","keywords":["acidente","BPRv","Campos Gerais","jaguariaiva","Pira\u00ed do Sul","PR-151","Rodovias do Paran\u00e1","tr\u00e2nsito"],"articleSection":["Acidente"],"inLanguage":"pt-BR","potentialAction":[{"@type":"CommentAction","name":"Comment","target":["https:\/\/mznoticia.com.br\/jaguariaiva\/caminhao-tomba-na-pr-151-e-deixa-rodovia-parcialmente-interditada-em-jaguariaiva\/#respond"]}]},{"@type":"WebPage","@id":"https:\/\/mznoticia.com.br\/jaguariaiva\/caminhao-tomba-na-pr-151-e-deixa-rodovia-parcialmente-interditada-em-jaguariaiva\/","url":"https:\/\/mznoticia.com.br\/jaguariaiva\/caminhao-tomba-na-pr-151-e-deixa-rodovia-parcialmente-interditada-em-jaguariaiva\/","name":"Caminh\u00e3o tomba na PR-151 e deixa rodovia parcialmente interditada em Jaguaria\u00edva - Mz Not\u00edcias","isPartOf":{"@id":"https:\/\/mznoticia.com.br\/jaguariaiva\/#website"},"primaryImageOfPage":{"@id":"https:\/\/mznoticia.com.br\/jaguariaiva\/caminhao-tomba-na-pr-151-e-deixa-rodovia-parcialmente-interditada-em-jaguariaiva\/#primaryimage"},"image":{"@id":"https:\/\/mznoticia.com.br\/jaguariaiva\/caminhao-tomba-na-pr-151-e-deixa-rodovia-parcialmente-interditada-em-jaguariaiva\/#primaryimage"},"thumbnailUrl":"https:\/\/mznoticia.com.br\/jaguariaiva\/wp-content\/uploads\/2026\/08\/10-3.jpg","datePublished":"2026-08-12T17:18:58+00:00","description":"Caminh\u00e3o Scania S450 tomba na PR-151, em Jaguaria\u00edva. Motorista de 33 anos n\u00e3o ficou ferido e rodovia ficou parcialmente interditada.","breadcrumb":{"@id":"https:\/\/mznoticia.com.br\/jaguariaiva\/caminhao-tomba-na-pr-151-e-deixa-rodovia-parcialmente-interditada-em-jaguariaiva\/#breadcrumb"},"inLanguage":"pt-BR","potentialAction":[{"@type":"ReadAction","target":["https:\/\/mznoticia.com.br\/jaguariaiva\/caminhao-tomba-na-pr-151-e-deixa-rodovia-parcialmente-interditada-em-jaguariaiva\/"]}]},{"@type":"ImageObject","inLanguage":"pt-BR","@id":"https:\/\/mznoticia.com.br\/jaguariaiva\/caminhao-tomba-na-pr-151-e-deixa-rodovia-parcialmente-interditada-em-jaguariaiva\/#primaryimage","url":"https:\/\/mznoticia.com.br\/jaguariaiva\/wp-content\/uploads\/2026\/08\/10-3.jpg","contentUrl":"https:\/\/mznoticia.com.br\/jaguariaiva\/wp-content\/uploads\/2026\/08\/10-3.jpg","width":1170,"height":761},{"@type":"BreadcrumbList","@id":"https:\/\/mznoticia.com.br\/jaguariaiva\/caminhao-tomba-na-pr-151-e-deixa-rodovia-parcialmente-interditada-em-jaguariaiva\/#breadcrumb","itemListElement":[{"@type":"ListItem","position":1,"name":"Home","item":"https:\/\/mznoticia.com.br\/jaguariaiva\/"},{"@type":"ListItem","position":2,"name":"Caminh\u00e3o tomba na PR-151 e deixa rodovia parcialmente interditada em Jaguaria\u00edva"}]},{"@type":"WebSite","@id":"https:\/\/mznoticia.com.br\/jaguariaiva\/#website","url":"https:\/\/mznoticia.com.br\/jaguariaiva\/","name":"Mz Not\u00edcia","description":"A informa\u00e7\u00e3o que voc\u00ea precisa na hora certa!","publisher":{"@id":"https:\/\/mznoticia.com.br\/jaguariaiva\/#organization"},"potentialAction":[{"@type":"SearchAction","target":{"@type":"EntryPoint","urlTemplate":"https:\/\/mznoticia.com.br\/jaguariaiva\/?s={search_term_string}"},"query-input":{"@type":"PropertyValueSpecification","valueRequired":true,"valueName":"search_term_string"}}],"inLanguage":"pt-BR"},{"@type":"Organization","@id":"https:\/\/mznoticia.com.br\/jaguariaiva\/#organization","name":"Mz Not\u00edcia","url":"https:\/\/mznoticia.com.br\/jaguariaiva\/","logo":{"@type":"ImageObject","inLanguage":"pt-BR","@id":"https:\/\/mznoticia.com.br\/jaguariaiva\/#\/schema\/logo\/image\/","url":"https:\/\/mznoticia.com.br\/jaguariaiva\/wp-content\/uploads\/2025\/03\/Design-sem-nome-4-e1741200616392.png","contentUrl":"https:\/\/mznoticia.com.br\/jaguariaiva\/wp-content\/uploads\/2025\/03\/Design-sem-nome-4-e1741200616392.png","width":750,"height":563,"caption":"Mz Not\u00edcia"},"image":{"@id":"https:\/\/mznoticia.com.br\/jaguariaiva\/#\/schema\/logo\/image\/"},"sameAs":["https:\/\/www.facebook.com\/profile.php?id=61573479951222","https:\/\/www.instagram.com\/mz.jaguariaiva\/"]},{"@type":"Person","@id":"https:\/\/mznoticia.com.br\/jaguariaiva\/#\/schema\/person\/84012d827247b3f42f37b550da79cd03","name":"Redacao mz","image":{"@type":"ImageObject","inLanguage":"pt-BR","@id":"https:\/\/mznoticia.com.br\/jaguariaiva\/wp-content\/uploads\/2025\/02\/mznoticia_jaguariaiva_coluna-150x150.png","url":"https:\/\/mznoticia.com.br\/jaguariaiva\/wp-content\/uploads\/2025\/02\/mznoticia_jaguariaiva_coluna-150x150.png","contentUrl":"https:\/\/mznoticia.com.br\/jaguariaiva\/wp-content\/uploads\/2025\/02\/mznoticia_jaguariaiva_coluna-150x150.png","caption":"Redacao mz"},"sameAs":["http:\/\/mznoticia.com.br"],"url":"https:\/\/mznoticia.com.br\/jaguariaiva\/author\/lucimara\/"}]}},"_links":{"self":[{"href":"https:\/\/mznoticia.com.br\/jaguariaiva\/wp-json\/wp\/v2\/posts\/6370","targetHints":{"allow":["GET"]}}],"collection":[{"href":"https:\/\/mznoticia.com.br\/jaguariaiva\/wp-json\/wp\/v2\/posts"}],"about":[{"href":"https:\/\/mznoticia.com.br\/jaguariaiva\/wp-json\/wp\/v2\/types\/post"}],"author":[{"embeddable":true,"href":"https:\/\/mznoticia.com.br\/jaguariaiva\/wp-json\/wp\/v2\/users\/16"}],"replies":[{"embeddable":true,"href":"https:\/\/mznoticia.com.br\/jaguariaiva\/wp-json\/wp\/v2\/comments?post=6370"}],"version-history":[{"count":1,"href":"https:\/\/mznoticia.com.br\/jaguariaiva\/wp-json\/wp\/v2\/posts\/6370\/revisions"}],"predecessor-version":[{"id":6372,"href":"https:\/\/mznoticia.com.br\/jaguariaiva\/wp-json\/wp\/v2\/posts\/6370\/revisions\/6372"}],"wp:featuredmedia":[{"embeddable":true,"href":"https:\/\/mznoticia.com.br\/jaguariaiva\/wp-json\/wp\/v2\/media\/6371"}],"wp:attachment":[{"href":"https:\/\/mznoticia.com.br\/jaguariaiva\/wp-json\/wp\/v2\/media?parent=6370"}],"wp:term":[{"taxonomy":"category","embeddable":true,"href":"https:\/\/mznoticia.com.br\/jaguariaiva\/wp-json\/wp\/v2\/categories?post=6370"},{"taxonomy":"post_tag","embeddable":true,"href":"https:\/\/mznoticia.com.br\/jaguariaiva\/wp-json\/wp\/v2\/tags?post=6370"}],"curies":[{"name":"wp","href":"https:\/\/api.w.org\/{rel}","templated":true}]}}