{"id":6407,"date":"2026-08-13T11:29:53","date_gmt":"2026-08-13T11:29:53","guid":{"rendered":"https:\/\/mznoticia.com.br\/jaguariaiva\/?p=6407"},"modified":"2026-08-13T11:29:53","modified_gmt":"2026-08-13T11:29:53","slug":"falecimentos-confira-o-obituario-desta-quinta-feira-13-em-ponta-grossa-e-regiao","status":"publish","type":"post","link":"https:\/\/mznoticia.com.br\/jaguariaiva\/falecimentos-confira-o-obituario-desta-quinta-feira-13-em-ponta-grossa-e-regiao\/","title":{"rendered":"Falecimentos: confira o obitu\u00e1rio desta quinta-feira (13) em Ponta Grossa e regi\u00e3o"},"content":{"rendered":"<h2>Rela\u00e7\u00e3o re\u00fane informa\u00e7\u00f5es sobre vel\u00f3rios e sepultamentos de pessoas de Ponta Grossa e munic\u00edpios dos Campos Gerais<\/h2>\n<h3>Falecimentos e sepultamentos<\/h3>\n<p class=\"isSelectedEnd\">Confira abaixo a rela\u00e7\u00e3o de falecimentos e sepultamentos previstos para esta quinta-feira, 13 de agosto de 2026, em Ponta Grossa e munic\u00edpios dos Campos Gerais.<\/p>\n<h3>Ant\u00f4nio Airton Soares<\/h3>\n<p class=\"isSelectedEnd\"><strong>88 anos<\/strong><\/p>\n<ul data-spread=\"false\">\n<li><strong>Vel\u00f3rio:<\/strong> na resid\u00eancia<\/li>\n<li><strong>Sepultamento:<\/strong> Cemit\u00e9rio S\u00e3o Vicente de Paula, \u00e0s 10h<\/li>\n<\/ul>\n<h3>Gilmar Gomes Machado<\/h3>\n<p class=\"isSelectedEnd\"><strong>44 anos<\/strong><\/p>\n<ul data-spread=\"false\">\n<li><strong>Vel\u00f3rio:<\/strong> Capela S\u00e3o Jos\u00e9<\/li>\n<li><strong>Sepultamento:<\/strong> Cemit\u00e9rio Nossa Senhora do Ros\u00e1rio, em Castro<\/li>\n<\/ul>\n<h3>Helma Margarida Hu\u00e7alo<\/h3>\n<p class=\"isSelectedEnd\"><strong>85 anos<\/strong><\/p>\n<ul data-spread=\"false\">\n<li><strong>Vel\u00f3rio:<\/strong> Capela da Funer\u00e1ria Princesa<\/li>\n<li><strong>Sepultamento:<\/strong> Memorial Parque Campos Gerais, \u00e0s 9h<\/li>\n<\/ul>\n<h3>Janete Lopes Westphal<\/h3>\n<p class=\"isSelectedEnd\"><strong>54 anos<\/strong><\/p>\n<ul data-spread=\"false\">\n<li><strong>Vel\u00f3rio:<\/strong> Capela do Luto Santana<\/li>\n<li><strong>Sepultamento:<\/strong> Cemit\u00e9rio S\u00e3o Jo\u00e3o Batista, \u00e0s 9h<\/li>\n<\/ul>\n<h3>Jos\u00e9 Kendzierski<\/h3>\n<p class=\"isSelectedEnd\"><strong>76 anos<\/strong><\/p>\n<ul data-spread=\"false\">\n<li><strong>Vel\u00f3rio:<\/strong> em outro munic\u00edpio<\/li>\n<li><strong>Sepultamento:<\/strong> Cemit\u00e9rio Municipal de Rio Azul, \u00e0s 16h<\/li>\n<\/ul>\n<h3>Lucas Gabriel Soares da Concei\u00e7\u00e3o<\/h3>\n<p class=\"isSelectedEnd\"><strong>2 anos<\/strong><\/p>\n<ul data-spread=\"false\">\n<li><strong>Vel\u00f3rio:<\/strong> Capela S\u00e3o Jos\u00e9<\/li>\n<li><strong>Sepultamento:<\/strong> Cemit\u00e9rio S\u00e3o Sebasti\u00e3o, \u00e0s 15h<\/li>\n<\/ul>\n<h3>Sandra dos Santos<\/h3>\n<p class=\"isSelectedEnd\"><strong>45 anos<\/strong><\/p>\n<ul data-spread=\"false\">\n<li><strong>Vel\u00f3rio:<\/strong> Capela da Funer\u00e1ria Princesa<\/li>\n<li><strong>Sepultamento:<\/strong> Cemit\u00e9rio S\u00e3o Vicente de Paula, \u00e0s 9h<\/li>\n<\/ul>\n<h3>Informa\u00e7\u00f5es<\/h3>\n<p class=\"isSelectedEnd\">Os dados apresentados correspondem aos falecimentos e sepultamentos previstos para esta quinta-feira, 13 de agosto de 2026.<\/p>\n<p>Informa\u00e7\u00f5es adicionais podem ser consultadas junto ao Servi\u00e7o Funer\u00e1rio Municipal de Ponta Grossa e \u00e0 assist\u00eancia funer\u00e1ria respons\u00e1vel.<\/p>\n","protected":false},"excerpt":{"rendered":"<p>Rela\u00e7\u00e3o re\u00fane informa\u00e7\u00f5es sobre vel\u00f3rios e sepultamentos de pessoas de Ponta Grossa e munic\u00edpios dos Campos Gerais Falecimentos e sepultamentos Confira abaixo a rela\u00e7\u00e3o de falecimentos e sepultamentos previstos para esta quinta-feira, 13 de agosto de 2026, em Ponta Grossa e munic\u00edpios dos Campos Gerais. Ant\u00f4nio Airton Soares 88 anos Vel\u00f3rio: na resid\u00eancia Sepultamento: Cemit\u00e9rio [&hellip;]<\/p>\n","protected":false},"author":16,"featured_media":6408,"comment_status":"open","ping_status":"open","sticky":false,"template":"","format":"standard","meta":{"footnotes":""},"categories":[131],"tags":[314,217,47,639,1845,408,24,2006,407,413],"class_list":["post-6407","post","type-post","status-publish","format-standard","has-post-thumbnail","hentry","category-falecimentos","tag-campos-gerais","tag-castro","tag-destaque","tag-falecimentos","tag-noticias-de-ponta-grossa","tag-obituario","tag-ponta-grossa","tag-rio-azul","tag-sepultamentos","tag-velorios"],"yoast_head":"<!-- This site is optimized with the Yoast SEO plugin v28.1 - https:\/\/yoast.com\/product\/yoast-seo-wordpress\/ -->\n<title>Falecimentos: confira o obitu\u00e1rio desta quinta-feira (13) em Ponta Grossa e regi\u00e3o - Mz Not\u00edcias<\/title>\n<meta name=\"description\" content=\"Confira os falecimentos, vel\u00f3rios e sepultamentos previstos para esta quinta-feira, 13 de agosto de 2026, em Ponta Grossa e munic\u00edpios dos Campos Gerais.\" \/>\n<meta name=\"robots\" content=\"index, follow, max-snippet:-1, max-image-preview:large, max-video-preview:-1\" \/>\n<link rel=\"canonical\" href=\"https:\/\/mznoticia.com.br\/jaguariaiva\/falecimentos-confira-o-obituario-desta-quinta-feira-13-em-ponta-grossa-e-regiao\/\" \/>\n<meta property=\"og:locale\" content=\"pt_BR\" \/>\n<meta property=\"og:type\" content=\"article\" \/>\n<meta property=\"og:title\" content=\"Falecimentos: confira o obitu\u00e1rio desta quinta-feira (13) em Ponta Grossa e regi\u00e3o - Mz Not\u00edcias\" \/>\n<meta property=\"og:description\" content=\"Confira os falecimentos, vel\u00f3rios e sepultamentos previstos para esta quinta-feira, 13 de agosto de 2026, em Ponta Grossa e munic\u00edpios dos Campos Gerais.\" \/>\n<meta property=\"og:url\" content=\"https:\/\/mznoticia.com.br\/jaguariaiva\/falecimentos-confira-o-obituario-desta-quinta-feira-13-em-ponta-grossa-e-regiao\/\" \/>\n<meta property=\"og:site_name\" content=\"Mz Not\u00edcias\" \/>\n<meta property=\"article:publisher\" content=\"https:\/\/www.facebook.com\/profile.php?id=61573479951222\" \/>\n<meta property=\"article:published_time\" content=\"2026-08-13T11:29:53+00:00\" \/>\n<meta property=\"og:image\" content=\"https:\/\/mznoticia.com.br\/jaguariaiva\/wp-content\/uploads\/2026\/08\/nota-falecimento-7.jpg\" \/>\n\t<meta property=\"og:image:width\" content=\"1041\" \/>\n\t<meta property=\"og:image:height\" content=\"1023\" \/>\n\t<meta property=\"og:image:type\" content=\"image\/jpeg\" \/>\n<meta name=\"author\" content=\"Redacao mz\" \/>\n<meta name=\"twitter:card\" content=\"summary_large_image\" \/>\n<meta name=\"twitter:label1\" content=\"Escrito por\" \/>\n\t<meta name=\"twitter:data1\" content=\"Redacao mz\" \/>\n\t<meta name=\"twitter:label2\" content=\"Est. tempo de leitura\" \/>\n\t<meta name=\"twitter:data2\" content=\"2 minutos\" \/>\n<script type=\"application\/ld+json\" class=\"yoast-schema-graph\">{\"@context\":\"https:\\\/\\\/schema.org\",\"@graph\":[{\"@type\":\"Article\",\"@id\":\"https:\\\/\\\/mznoticia.com.br\\\/jaguariaiva\\\/falecimentos-confira-o-obituario-desta-quinta-feira-13-em-ponta-grossa-e-regiao\\\/#article\",\"isPartOf\":{\"@id\":\"https:\\\/\\\/mznoticia.com.br\\\/jaguariaiva\\\/falecimentos-confira-o-obituario-desta-quinta-feira-13-em-ponta-grossa-e-regiao\\\/\"},\"author\":{\"name\":\"Redacao mz\",\"@id\":\"https:\\\/\\\/mznoticia.com.br\\\/jaguariaiva\\\/#\\\/schema\\\/person\\\/84012d827247b3f42f37b550da79cd03\"},\"headline\":\"Falecimentos: confira o obitu\u00e1rio desta quinta-feira (13) em Ponta Grossa e regi\u00e3o\",\"datePublished\":\"2026-08-13T11:29:53+00:00\",\"mainEntityOfPage\":{\"@id\":\"https:\\\/\\\/mznoticia.com.br\\\/jaguariaiva\\\/falecimentos-confira-o-obituario-desta-quinta-feira-13-em-ponta-grossa-e-regiao\\\/\"},\"wordCount\":243,\"commentCount\":0,\"publisher\":{\"@id\":\"https:\\\/\\\/mznoticia.com.br\\\/jaguariaiva\\\/#organization\"},\"image\":{\"@id\":\"https:\\\/\\\/mznoticia.com.br\\\/jaguariaiva\\\/falecimentos-confira-o-obituario-desta-quinta-feira-13-em-ponta-grossa-e-regiao\\\/#primaryimage\"},\"thumbnailUrl\":\"https:\\\/\\\/mznoticia.com.br\\\/jaguariaiva\\\/wp-content\\\/uploads\\\/2026\\\/08\\\/nota-falecimento-7.jpg\",\"keywords\":[\"Campos Gerais\",\"Castro\",\"destaque\",\"Falecimentos\",\"Not\u00edcias de Ponta Grossa\",\"Obitu\u00e1rio\",\"Ponta Grossa\",\"Rio Azul\",\"Sepultamentos\",\"Vel\u00f3rios\"],\"articleSection\":[\"Falecimentos\"],\"inLanguage\":\"pt-BR\",\"potentialAction\":[{\"@type\":\"CommentAction\",\"name\":\"Comment\",\"target\":[\"https:\\\/\\\/mznoticia.com.br\\\/jaguariaiva\\\/falecimentos-confira-o-obituario-desta-quinta-feira-13-em-ponta-grossa-e-regiao\\\/#respond\"]}]},{\"@type\":\"WebPage\",\"@id\":\"https:\\\/\\\/mznoticia.com.br\\\/jaguariaiva\\\/falecimentos-confira-o-obituario-desta-quinta-feira-13-em-ponta-grossa-e-regiao\\\/\",\"url\":\"https:\\\/\\\/mznoticia.com.br\\\/jaguariaiva\\\/falecimentos-confira-o-obituario-desta-quinta-feira-13-em-ponta-grossa-e-regiao\\\/\",\"name\":\"Falecimentos: confira o obitu\u00e1rio desta quinta-feira (13) em Ponta Grossa e regi\u00e3o - Mz Not\u00edcias\",\"isPartOf\":{\"@id\":\"https:\\\/\\\/mznoticia.com.br\\\/jaguariaiva\\\/#website\"},\"primaryImageOfPage\":{\"@id\":\"https:\\\/\\\/mznoticia.com.br\\\/jaguariaiva\\\/falecimentos-confira-o-obituario-desta-quinta-feira-13-em-ponta-grossa-e-regiao\\\/#primaryimage\"},\"image\":{\"@id\":\"https:\\\/\\\/mznoticia.com.br\\\/jaguariaiva\\\/falecimentos-confira-o-obituario-desta-quinta-feira-13-em-ponta-grossa-e-regiao\\\/#primaryimage\"},\"thumbnailUrl\":\"https:\\\/\\\/mznoticia.com.br\\\/jaguariaiva\\\/wp-content\\\/uploads\\\/2026\\\/08\\\/nota-falecimento-7.jpg\",\"datePublished\":\"2026-08-13T11:29:53+00:00\",\"description\":\"Confira os falecimentos, vel\u00f3rios e sepultamentos previstos para esta quinta-feira, 13 de agosto de 2026, em Ponta Grossa e munic\u00edpios dos Campos Gerais.\",\"breadcrumb\":{\"@id\":\"https:\\\/\\\/mznoticia.com.br\\\/jaguariaiva\\\/falecimentos-confira-o-obituario-desta-quinta-feira-13-em-ponta-grossa-e-regiao\\\/#breadcrumb\"},\"inLanguage\":\"pt-BR\",\"potentialAction\":[{\"@type\":\"ReadAction\",\"target\":[\"https:\\\/\\\/mznoticia.com.br\\\/jaguariaiva\\\/falecimentos-confira-o-obituario-desta-quinta-feira-13-em-ponta-grossa-e-regiao\\\/\"]}]},{\"@type\":\"ImageObject\",\"inLanguage\":\"pt-BR\",\"@id\":\"https:\\\/\\\/mznoticia.com.br\\\/jaguariaiva\\\/falecimentos-confira-o-obituario-desta-quinta-feira-13-em-ponta-grossa-e-regiao\\\/#primaryimage\",\"url\":\"https:\\\/\\\/mznoticia.com.br\\\/jaguariaiva\\\/wp-content\\\/uploads\\\/2026\\\/08\\\/nota-falecimento-7.jpg\",\"contentUrl\":\"https:\\\/\\\/mznoticia.com.br\\\/jaguariaiva\\\/wp-content\\\/uploads\\\/2026\\\/08\\\/nota-falecimento-7.jpg\",\"width\":1041,\"height\":1023},{\"@type\":\"BreadcrumbList\",\"@id\":\"https:\\\/\\\/mznoticia.com.br\\\/jaguariaiva\\\/falecimentos-confira-o-obituario-desta-quinta-feira-13-em-ponta-grossa-e-regiao\\\/#breadcrumb\",\"itemListElement\":[{\"@type\":\"ListItem\",\"position\":1,\"name\":\"Home\",\"item\":\"https:\\\/\\\/mznoticia.com.br\\\/jaguariaiva\\\/\"},{\"@type\":\"ListItem\",\"position\":2,\"name\":\"Falecimentos: confira o obitu\u00e1rio desta quinta-feira (13) em Ponta Grossa e regi\u00e3o\"}]},{\"@type\":\"WebSite\",\"@id\":\"https:\\\/\\\/mznoticia.com.br\\\/jaguariaiva\\\/#website\",\"url\":\"https:\\\/\\\/mznoticia.com.br\\\/jaguariaiva\\\/\",\"name\":\"Mz Not\u00edcia\",\"description\":\"A informa\u00e7\u00e3o que voc\u00ea precisa na hora certa!\",\"publisher\":{\"@id\":\"https:\\\/\\\/mznoticia.com.br\\\/jaguariaiva\\\/#organization\"},\"potentialAction\":[{\"@type\":\"SearchAction\",\"target\":{\"@type\":\"EntryPoint\",\"urlTemplate\":\"https:\\\/\\\/mznoticia.com.br\\\/jaguariaiva\\\/?s={search_term_string}\"},\"query-input\":{\"@type\":\"PropertyValueSpecification\",\"valueRequired\":true,\"valueName\":\"search_term_string\"}}],\"inLanguage\":\"pt-BR\"},{\"@type\":\"Organization\",\"@id\":\"https:\\\/\\\/mznoticia.com.br\\\/jaguariaiva\\\/#organization\",\"name\":\"Mz Not\u00edcia\",\"url\":\"https:\\\/\\\/mznoticia.com.br\\\/jaguariaiva\\\/\",\"logo\":{\"@type\":\"ImageObject\",\"inLanguage\":\"pt-BR\",\"@id\":\"https:\\\/\\\/mznoticia.com.br\\\/jaguariaiva\\\/#\\\/schema\\\/logo\\\/image\\\/\",\"url\":\"https:\\\/\\\/mznoticia.com.br\\\/jaguariaiva\\\/wp-content\\\/uploads\\\/2025\\\/03\\\/Design-sem-nome-4-e1741200616392.png\",\"contentUrl\":\"https:\\\/\\\/mznoticia.com.br\\\/jaguariaiva\\\/wp-content\\\/uploads\\\/2025\\\/03\\\/Design-sem-nome-4-e1741200616392.png\",\"width\":750,\"height\":563,\"caption\":\"Mz Not\u00edcia\"},\"image\":{\"@id\":\"https:\\\/\\\/mznoticia.com.br\\\/jaguariaiva\\\/#\\\/schema\\\/logo\\\/image\\\/\"},\"sameAs\":[\"https:\\\/\\\/www.facebook.com\\\/profile.php?id=61573479951222\",\"https:\\\/\\\/www.instagram.com\\\/mz.jaguariaiva\\\/\"]},{\"@type\":\"Person\",\"@id\":\"https:\\\/\\\/mznoticia.com.br\\\/jaguariaiva\\\/#\\\/schema\\\/person\\\/84012d827247b3f42f37b550da79cd03\",\"name\":\"Redacao mz\",\"image\":{\"@type\":\"ImageObject\",\"inLanguage\":\"pt-BR\",\"@id\":\"https:\\\/\\\/mznoticia.com.br\\\/jaguariaiva\\\/wp-content\\\/uploads\\\/2025\\\/02\\\/mznoticia_jaguariaiva_coluna-150x150.png\",\"url\":\"https:\\\/\\\/mznoticia.com.br\\\/jaguariaiva\\\/wp-content\\\/uploads\\\/2025\\\/02\\\/mznoticia_jaguariaiva_coluna-150x150.png\",\"contentUrl\":\"https:\\\/\\\/mznoticia.com.br\\\/jaguariaiva\\\/wp-content\\\/uploads\\\/2025\\\/02\\\/mznoticia_jaguariaiva_coluna-150x150.png\",\"caption\":\"Redacao mz\"},\"sameAs\":[\"http:\\\/\\\/mznoticia.com.br\"],\"url\":\"https:\\\/\\\/mznoticia.com.br\\\/jaguariaiva\\\/author\\\/lucimara\\\/\"}]}<\/script>\n<!-- \/ Yoast SEO plugin. -->","yoast_head_json":{"title":"Falecimentos: confira o obitu\u00e1rio desta quinta-feira (13) em Ponta Grossa e regi\u00e3o - Mz Not\u00edcias","description":"Confira os falecimentos, vel\u00f3rios e sepultamentos previstos para esta quinta-feira, 13 de agosto de 2026, em Ponta Grossa e munic\u00edpios dos Campos Gerais.","robots":{"index":"index","follow":"follow","max-snippet":"max-snippet:-1","max-image-preview":"max-image-preview:large","max-video-preview":"max-video-preview:-1"},"canonical":"https:\/\/mznoticia.com.br\/jaguariaiva\/falecimentos-confira-o-obituario-desta-quinta-feira-13-em-ponta-grossa-e-regiao\/","og_locale":"pt_BR","og_type":"article","og_title":"Falecimentos: confira o obitu\u00e1rio desta quinta-feira (13) em Ponta Grossa e regi\u00e3o - Mz Not\u00edcias","og_description":"Confira os falecimentos, vel\u00f3rios e sepultamentos previstos para esta quinta-feira, 13 de agosto de 2026, em Ponta Grossa e munic\u00edpios dos Campos Gerais.","og_url":"https:\/\/mznoticia.com.br\/jaguariaiva\/falecimentos-confira-o-obituario-desta-quinta-feira-13-em-ponta-grossa-e-regiao\/","og_site_name":"Mz Not\u00edcias","article_publisher":"https:\/\/www.facebook.com\/profile.php?id=61573479951222","article_published_time":"2026-08-13T11:29:53+00:00","og_image":[{"width":1041,"height":1023,"url":"https:\/\/mznoticia.com.br\/jaguariaiva\/wp-content\/uploads\/2026\/08\/nota-falecimento-7.jpg","type":"image\/jpeg"}],"author":"Redacao mz","twitter_card":"summary_large_image","twitter_misc":{"Escrito por":"Redacao mz","Est. tempo de leitura":"2 minutos"},"schema":{"@context":"https:\/\/schema.org","@graph":[{"@type":"Article","@id":"https:\/\/mznoticia.com.br\/jaguariaiva\/falecimentos-confira-o-obituario-desta-quinta-feira-13-em-ponta-grossa-e-regiao\/#article","isPartOf":{"@id":"https:\/\/mznoticia.com.br\/jaguariaiva\/falecimentos-confira-o-obituario-desta-quinta-feira-13-em-ponta-grossa-e-regiao\/"},"author":{"name":"Redacao mz","@id":"https:\/\/mznoticia.com.br\/jaguariaiva\/#\/schema\/person\/84012d827247b3f42f37b550da79cd03"},"headline":"Falecimentos: confira o obitu\u00e1rio desta quinta-feira (13) em Ponta Grossa e regi\u00e3o","datePublished":"2026-08-13T11:29:53+00:00","mainEntityOfPage":{"@id":"https:\/\/mznoticia.com.br\/jaguariaiva\/falecimentos-confira-o-obituario-desta-quinta-feira-13-em-ponta-grossa-e-regiao\/"},"wordCount":243,"commentCount":0,"publisher":{"@id":"https:\/\/mznoticia.com.br\/jaguariaiva\/#organization"},"image":{"@id":"https:\/\/mznoticia.com.br\/jaguariaiva\/falecimentos-confira-o-obituario-desta-quinta-feira-13-em-ponta-grossa-e-regiao\/#primaryimage"},"thumbnailUrl":"https:\/\/mznoticia.com.br\/jaguariaiva\/wp-content\/uploads\/2026\/08\/nota-falecimento-7.jpg","keywords":["Campos Gerais","Castro","destaque","Falecimentos","Not\u00edcias de Ponta Grossa","Obitu\u00e1rio","Ponta Grossa","Rio Azul","Sepultamentos","Vel\u00f3rios"],"articleSection":["Falecimentos"],"inLanguage":"pt-BR","potentialAction":[{"@type":"CommentAction","name":"Comment","target":["https:\/\/mznoticia.com.br\/jaguariaiva\/falecimentos-confira-o-obituario-desta-quinta-feira-13-em-ponta-grossa-e-regiao\/#respond"]}]},{"@type":"WebPage","@id":"https:\/\/mznoticia.com.br\/jaguariaiva\/falecimentos-confira-o-obituario-desta-quinta-feira-13-em-ponta-grossa-e-regiao\/","url":"https:\/\/mznoticia.com.br\/jaguariaiva\/falecimentos-confira-o-obituario-desta-quinta-feira-13-em-ponta-grossa-e-regiao\/","name":"Falecimentos: confira o obitu\u00e1rio desta quinta-feira (13) em Ponta Grossa e regi\u00e3o - Mz Not\u00edcias","isPartOf":{"@id":"https:\/\/mznoticia.com.br\/jaguariaiva\/#website"},"primaryImageOfPage":{"@id":"https:\/\/mznoticia.com.br\/jaguariaiva\/falecimentos-confira-o-obituario-desta-quinta-feira-13-em-ponta-grossa-e-regiao\/#primaryimage"},"image":{"@id":"https:\/\/mznoticia.com.br\/jaguariaiva\/falecimentos-confira-o-obituario-desta-quinta-feira-13-em-ponta-grossa-e-regiao\/#primaryimage"},"thumbnailUrl":"https:\/\/mznoticia.com.br\/jaguariaiva\/wp-content\/uploads\/2026\/08\/nota-falecimento-7.jpg","datePublished":"2026-08-13T11:29:53+00:00","description":"Confira os falecimentos, vel\u00f3rios e sepultamentos previstos para esta quinta-feira, 13 de agosto de 2026, em Ponta Grossa e munic\u00edpios dos Campos Gerais.","breadcrumb":{"@id":"https:\/\/mznoticia.com.br\/jaguariaiva\/falecimentos-confira-o-obituario-desta-quinta-feira-13-em-ponta-grossa-e-regiao\/#breadcrumb"},"inLanguage":"pt-BR","potentialAction":[{"@type":"ReadAction","target":["https:\/\/mznoticia.com.br\/jaguariaiva\/falecimentos-confira-o-obituario-desta-quinta-feira-13-em-ponta-grossa-e-regiao\/"]}]},{"@type":"ImageObject","inLanguage":"pt-BR","@id":"https:\/\/mznoticia.com.br\/jaguariaiva\/falecimentos-confira-o-obituario-desta-quinta-feira-13-em-ponta-grossa-e-regiao\/#primaryimage","url":"https:\/\/mznoticia.com.br\/jaguariaiva\/wp-content\/uploads\/2026\/08\/nota-falecimento-7.jpg","contentUrl":"https:\/\/mznoticia.com.br\/jaguariaiva\/wp-content\/uploads\/2026\/08\/nota-falecimento-7.jpg","width":1041,"height":1023},{"@type":"BreadcrumbList","@id":"https:\/\/mznoticia.com.br\/jaguariaiva\/falecimentos-confira-o-obituario-desta-quinta-feira-13-em-ponta-grossa-e-regiao\/#breadcrumb","itemListElement":[{"@type":"ListItem","position":1,"name":"Home","item":"https:\/\/mznoticia.com.br\/jaguariaiva\/"},{"@type":"ListItem","position":2,"name":"Falecimentos: confira o obitu\u00e1rio desta quinta-feira (13) em Ponta Grossa e regi\u00e3o"}]},{"@type":"WebSite","@id":"https:\/\/mznoticia.com.br\/jaguariaiva\/#website","url":"https:\/\/mznoticia.com.br\/jaguariaiva\/","name":"Mz Not\u00edcia","description":"A informa\u00e7\u00e3o que voc\u00ea precisa na hora certa!","publisher":{"@id":"https:\/\/mznoticia.com.br\/jaguariaiva\/#organization"},"potentialAction":[{"@type":"SearchAction","target":{"@type":"EntryPoint","urlTemplate":"https:\/\/mznoticia.com.br\/jaguariaiva\/?s={search_term_string}"},"query-input":{"@type":"PropertyValueSpecification","valueRequired":true,"valueName":"search_term_string"}}],"inLanguage":"pt-BR"},{"@type":"Organization","@id":"https:\/\/mznoticia.com.br\/jaguariaiva\/#organization","name":"Mz Not\u00edcia","url":"https:\/\/mznoticia.com.br\/jaguariaiva\/","logo":{"@type":"ImageObject","inLanguage":"pt-BR","@id":"https:\/\/mznoticia.com.br\/jaguariaiva\/#\/schema\/logo\/image\/","url":"https:\/\/mznoticia.com.br\/jaguariaiva\/wp-content\/uploads\/2025\/03\/Design-sem-nome-4-e1741200616392.png","contentUrl":"https:\/\/mznoticia.com.br\/jaguariaiva\/wp-content\/uploads\/2025\/03\/Design-sem-nome-4-e1741200616392.png","width":750,"height":563,"caption":"Mz Not\u00edcia"},"image":{"@id":"https:\/\/mznoticia.com.br\/jaguariaiva\/#\/schema\/logo\/image\/"},"sameAs":["https:\/\/www.facebook.com\/profile.php?id=61573479951222","https:\/\/www.instagram.com\/mz.jaguariaiva\/"]},{"@type":"Person","@id":"https:\/\/mznoticia.com.br\/jaguariaiva\/#\/schema\/person\/84012d827247b3f42f37b550da79cd03","name":"Redacao mz","image":{"@type":"ImageObject","inLanguage":"pt-BR","@id":"https:\/\/mznoticia.com.br\/jaguariaiva\/wp-content\/uploads\/2025\/02\/mznoticia_jaguariaiva_coluna-150x150.png","url":"https:\/\/mznoticia.com.br\/jaguariaiva\/wp-content\/uploads\/2025\/02\/mznoticia_jaguariaiva_coluna-150x150.png","contentUrl":"https:\/\/mznoticia.com.br\/jaguariaiva\/wp-content\/uploads\/2025\/02\/mznoticia_jaguariaiva_coluna-150x150.png","caption":"Redacao mz"},"sameAs":["http:\/\/mznoticia.com.br"],"url":"https:\/\/mznoticia.com.br\/jaguariaiva\/author\/lucimara\/"}]}},"_links":{"self":[{"href":"https:\/\/mznoticia.com.br\/jaguariaiva\/wp-json\/wp\/v2\/posts\/6407","targetHints":{"allow":["GET"]}}],"collection":[{"href":"https:\/\/mznoticia.com.br\/jaguariaiva\/wp-json\/wp\/v2\/posts"}],"about":[{"href":"https:\/\/mznoticia.com.br\/jaguariaiva\/wp-json\/wp\/v2\/types\/post"}],"author":[{"embeddable":true,"href":"https:\/\/mznoticia.com.br\/jaguariaiva\/wp-json\/wp\/v2\/users\/16"}],"replies":[{"embeddable":true,"href":"https:\/\/mznoticia.com.br\/jaguariaiva\/wp-json\/wp\/v2\/comments?post=6407"}],"version-history":[{"count":1,"href":"https:\/\/mznoticia.com.br\/jaguariaiva\/wp-json\/wp\/v2\/posts\/6407\/revisions"}],"predecessor-version":[{"id":6409,"href":"https:\/\/mznoticia.com.br\/jaguariaiva\/wp-json\/wp\/v2\/posts\/6407\/revisions\/6409"}],"wp:featuredmedia":[{"embeddable":true,"href":"https:\/\/mznoticia.com.br\/jaguariaiva\/wp-json\/wp\/v2\/media\/6408"}],"wp:attachment":[{"href":"https:\/\/mznoticia.com.br\/jaguariaiva\/wp-json\/wp\/v2\/media?parent=6407"}],"wp:term":[{"taxonomy":"category","embeddable":true,"href":"https:\/\/mznoticia.com.br\/jaguariaiva\/wp-json\/wp\/v2\/categories?post=6407"},{"taxonomy":"post_tag","embeddable":true,"href":"https:\/\/mznoticia.com.br\/jaguariaiva\/wp-json\/wp\/v2\/tags?post=6407"}],"curies":[{"name":"wp","href":"https:\/\/api.w.org\/{rel}","templated":true}]}}