{"id":6428,"date":"2026-08-13T13:56:54","date_gmt":"2026-08-13T13:56:54","guid":{"rendered":"https:\/\/mznoticia.com.br\/jaguariaiva\/?p=6428"},"modified":"2026-08-13T13:56:54","modified_gmt":"2026-08-13T13:56:54","slug":"inmet-estende-alerta-de-perigo-de-tempestade-para-ponta-grossa-e-regiao-nesta-quinta-feira","status":"publish","type":"post","link":"https:\/\/mznoticia.com.br\/jaguariaiva\/inmet-estende-alerta-de-perigo-de-tempestade-para-ponta-grossa-e-regiao-nesta-quinta-feira\/","title":{"rendered":"Inmet estende alerta de perigo de tempestade para Ponta Grossa e regi\u00e3o nesta quinta-feira"},"content":{"rendered":"<h2>Aviso segue at\u00e9 sexta-feira (14) e prev\u00ea chuva intensa, ventos de at\u00e9 100 km\/h e possibilidade de granizo; Ponta Grossa pode chegar aos 26\u00b0C<\/h2>\n<h3>Alerta de perigo<\/h3>\n<p class=\"isSelectedEnd\">O Instituto Nacional de Meteorologia (Inmet) estendeu o alerta de tempestade com grau de <strong>perigo<\/strong> para esta quinta-feira (13) em Ponta Grossa e parte dos munic\u00edpios dos Campos Gerais.<\/p>\n<p class=\"isSelectedEnd\">O aviso permanece v\u00e1lido at\u00e9 o final de sexta-feira (14) e prev\u00ea volumes de chuva entre <strong>30 e 60 mil\u00edmetros por hora ou at\u00e9 50 e 100 mil\u00edmetros por dia<\/strong>, al\u00e9m de ventos intensos entre <strong>60 e 100 km\/h<\/strong> e possibilidade de queda de granizo.<\/p>\n<p class=\"isSelectedEnd\">As condi\u00e7\u00f5es meteorol\u00f3gicas podem provocar <strong>cortes no fornecimento de energia el\u00e9trica, danos em planta\u00e7\u00f5es, queda de \u00e1rvores e alagamentos<\/strong>.<\/p>\n<h3>Demais munic\u00edpios t\u00eam alerta de perigo potencial<\/h3>\n<p class=\"isSelectedEnd\">Outros munic\u00edpios dos Campos Gerais tamb\u00e9m permanecem sob alerta de tempestade nesta quinta-feira, por\u00e9m com grau de severidade classificado como <strong>perigo potencial<\/strong>.<\/p>\n<p class=\"isSelectedEnd\">Esse aviso segue at\u00e9 as 23h59 de sexta-feira (14).<\/p>\n<p class=\"isSelectedEnd\">Para essas localidades, s\u00e3o previstos volumes de chuva entre <strong>20 e 30 mil\u00edmetros por hora ou at\u00e9 50 mil\u00edmetros por dia<\/strong>, ventos de <strong>40 a 60 km\/h<\/strong> e possibilidade de queda de granizo.<\/p>\n<h3>Calor e umidade favorecem tempestades<\/h3>\n<p class=\"isSelectedEnd\">A previs\u00e3o indica temperaturas mais elevadas nesta quinta-feira em raz\u00e3o da entrada de ar quente e \u00famido vindo do Norte do Brasil.<\/p>\n<p class=\"isSelectedEnd\">A forma\u00e7\u00e3o de uma \u00e1rea de baixa press\u00e3o sobre a Regi\u00e3o Sul tamb\u00e9m contribui para o aumento da instabilidade.<\/p>\n<p class=\"isSelectedEnd\">Com esse cen\u00e1rio, pancadas de chuva isoladas e trovoadas podem voltar a ocorrer em diferentes \u00e1reas do Paran\u00e1.<\/p>\n<p class=\"isSelectedEnd\">A partir da tarde, tempestades mais intensas podem se desenvolver principalmente entre as regi\u00f5es <strong>Oeste, Sudoeste, Centro-Sul, Sudeste e Leste<\/strong> do Estado.<\/p>\n<h3>Ponta Grossa pode chegar aos 26\u00b0C<\/h3>\n<p class=\"isSelectedEnd\">Em Ponta Grossa, a quinta-feira come\u00e7ou com temperatura m\u00ednima de <strong>13,4\u00b0C<\/strong>.<\/p>\n<p class=\"isSelectedEnd\">Ao longo do dia, a temperatura deve subir e pode chegar aos <strong>26\u00b0C<\/strong>.<\/p>\n<p class=\"isSelectedEnd\">Apesar do tempo abafado, a previs\u00e3o indica aproximadamente <strong>5 mil\u00edmetros de chuva<\/strong> para o munic\u00edpio.<\/p>\n<p>A possibilidade de tempestades aumenta principalmente durante a tarde, conforme a evolu\u00e7\u00e3o das \u00e1reas de instabilidade sobre a regi\u00e3o.<\/p>\n","protected":false},"excerpt":{"rendered":"<p>Aviso segue at\u00e9 sexta-feira (14) e prev\u00ea chuva intensa, ventos de at\u00e9 100 km\/h e possibilidade de granizo; Ponta Grossa pode chegar aos 26\u00b0C Alerta de perigo O Instituto Nacional de Meteorologia (Inmet) estendeu o alerta de tempestade com grau de perigo para esta quinta-feira (13) em Ponta Grossa e parte dos munic\u00edpios dos Campos [&hellip;]<\/p>\n","protected":false},"author":16,"featured_media":6429,"comment_status":"open","ping_status":"open","sticky":false,"template":"","format":"standard","meta":{"footnotes":""},"categories":[12],"tags":[1185,1183,1182,2029,314,234,77,24,783,429,1270],"class_list":["post-6428","post","type-post","status-publish","format-standard","has-post-thumbnail","hentry","category-geral","tag-granizo","tag-inmet","tag-tempestade","tag-alerta-meteorologico","tag-campos-gerais","tag-chuva","tag-parana","tag-ponta-grossa","tag-previsao-do-tempo","tag-simepar","tag-ventos-fortes"],"yoast_head":"<!-- This site is optimized with the Yoast SEO plugin v28.1 - https:\/\/yoast.com\/product\/yoast-seo-wordpress\/ -->\n<title>Inmet estende alerta de perigo de tempestade para Ponta Grossa e regi\u00e3o nesta quinta-feira - Mz Not\u00edcias<\/title>\n<meta name=\"description\" content=\"Inmet mant\u00e9m alerta de perigo para tempestades em Ponta Grossa e regi\u00e3o. Previs\u00e3o indica chuva intensa, ventos de at\u00e9 100 km\/h e possibilidade de granizo.\" \/>\n<meta name=\"robots\" content=\"index, follow, max-snippet:-1, max-image-preview:large, max-video-preview:-1\" \/>\n<link rel=\"canonical\" href=\"https:\/\/mznoticia.com.br\/jaguariaiva\/inmet-estende-alerta-de-perigo-de-tempestade-para-ponta-grossa-e-regiao-nesta-quinta-feira\/\" \/>\n<meta property=\"og:locale\" content=\"pt_BR\" \/>\n<meta property=\"og:type\" content=\"article\" \/>\n<meta property=\"og:title\" content=\"Inmet estende alerta de perigo de tempestade para Ponta Grossa e regi\u00e3o nesta quinta-feira - Mz Not\u00edcias\" \/>\n<meta property=\"og:description\" content=\"Inmet mant\u00e9m alerta de perigo para tempestades em Ponta Grossa e regi\u00e3o. Previs\u00e3o indica chuva intensa, ventos de at\u00e9 100 km\/h e possibilidade de granizo.\" \/>\n<meta property=\"og:url\" content=\"https:\/\/mznoticia.com.br\/jaguariaiva\/inmet-estende-alerta-de-perigo-de-tempestade-para-ponta-grossa-e-regiao-nesta-quinta-feira\/\" \/>\n<meta property=\"og:site_name\" content=\"Mz Not\u00edcias\" \/>\n<meta property=\"article:publisher\" content=\"https:\/\/www.facebook.com\/profile.php?id=61573479951222\" \/>\n<meta property=\"article:published_time\" content=\"2026-08-13T13:56:54+00:00\" \/>\n<meta name=\"author\" content=\"Redacao mz\" \/>\n<meta name=\"twitter:card\" content=\"summary_large_image\" \/>\n<meta name=\"twitter:label1\" content=\"Escrito por\" \/>\n\t<meta name=\"twitter:data1\" content=\"Redacao mz\" \/>\n\t<meta name=\"twitter:label2\" content=\"Est. tempo de leitura\" \/>\n\t<meta name=\"twitter:data2\" content=\"3 minutos\" \/>\n<script type=\"application\/ld+json\" class=\"yoast-schema-graph\">{\"@context\":\"https:\\\/\\\/schema.org\",\"@graph\":[{\"@type\":\"Article\",\"@id\":\"https:\\\/\\\/mznoticia.com.br\\\/jaguariaiva\\\/inmet-estende-alerta-de-perigo-de-tempestade-para-ponta-grossa-e-regiao-nesta-quinta-feira\\\/#article\",\"isPartOf\":{\"@id\":\"https:\\\/\\\/mznoticia.com.br\\\/jaguariaiva\\\/inmet-estende-alerta-de-perigo-de-tempestade-para-ponta-grossa-e-regiao-nesta-quinta-feira\\\/\"},\"author\":{\"name\":\"Redacao mz\",\"@id\":\"https:\\\/\\\/mznoticia.com.br\\\/jaguariaiva\\\/#\\\/schema\\\/person\\\/84012d827247b3f42f37b550da79cd03\"},\"headline\":\"Inmet estende alerta de perigo de tempestade para Ponta Grossa e regi\u00e3o nesta quinta-feira\",\"datePublished\":\"2026-08-13T13:56:54+00:00\",\"mainEntityOfPage\":{\"@id\":\"https:\\\/\\\/mznoticia.com.br\\\/jaguariaiva\\\/inmet-estende-alerta-de-perigo-de-tempestade-para-ponta-grossa-e-regiao-nesta-quinta-feira\\\/\"},\"wordCount\":374,\"commentCount\":0,\"publisher\":{\"@id\":\"https:\\\/\\\/mznoticia.com.br\\\/jaguariaiva\\\/#organization\"},\"image\":{\"@id\":\"https:\\\/\\\/mznoticia.com.br\\\/jaguariaiva\\\/inmet-estende-alerta-de-perigo-de-tempestade-para-ponta-grossa-e-regiao-nesta-quinta-feira\\\/#primaryimage\"},\"thumbnailUrl\":\"https:\\\/\\\/mznoticia.com.br\\\/jaguariaiva\\\/wp-content\\\/uploads\\\/2026\\\/08\\\/102.avif\",\"keywords\":[\"#Granizo\",\"#Inmet\",\"#Tempestade\",\"Alerta Meteorol\u00f3gico\",\"Campos Gerais\",\"chuva\",\"parana\",\"Ponta Grossa\",\"Previs\u00e3o do Tempo\",\"Simepar\",\"Ventos Fortes\"],\"articleSection\":[\"Geral\"],\"inLanguage\":\"pt-BR\",\"potentialAction\":[{\"@type\":\"CommentAction\",\"name\":\"Comment\",\"target\":[\"https:\\\/\\\/mznoticia.com.br\\\/jaguariaiva\\\/inmet-estende-alerta-de-perigo-de-tempestade-para-ponta-grossa-e-regiao-nesta-quinta-feira\\\/#respond\"]}]},{\"@type\":\"WebPage\",\"@id\":\"https:\\\/\\\/mznoticia.com.br\\\/jaguariaiva\\\/inmet-estende-alerta-de-perigo-de-tempestade-para-ponta-grossa-e-regiao-nesta-quinta-feira\\\/\",\"url\":\"https:\\\/\\\/mznoticia.com.br\\\/jaguariaiva\\\/inmet-estende-alerta-de-perigo-de-tempestade-para-ponta-grossa-e-regiao-nesta-quinta-feira\\\/\",\"name\":\"Inmet estende alerta de perigo de tempestade para Ponta Grossa e regi\u00e3o nesta quinta-feira - Mz Not\u00edcias\",\"isPartOf\":{\"@id\":\"https:\\\/\\\/mznoticia.com.br\\\/jaguariaiva\\\/#website\"},\"primaryImageOfPage\":{\"@id\":\"https:\\\/\\\/mznoticia.com.br\\\/jaguariaiva\\\/inmet-estende-alerta-de-perigo-de-tempestade-para-ponta-grossa-e-regiao-nesta-quinta-feira\\\/#primaryimage\"},\"image\":{\"@id\":\"https:\\\/\\\/mznoticia.com.br\\\/jaguariaiva\\\/inmet-estende-alerta-de-perigo-de-tempestade-para-ponta-grossa-e-regiao-nesta-quinta-feira\\\/#primaryimage\"},\"thumbnailUrl\":\"https:\\\/\\\/mznoticia.com.br\\\/jaguariaiva\\\/wp-content\\\/uploads\\\/2026\\\/08\\\/102.avif\",\"datePublished\":\"2026-08-13T13:56:54+00:00\",\"description\":\"Inmet mant\u00e9m alerta de perigo para tempestades em Ponta Grossa e regi\u00e3o. Previs\u00e3o indica chuva intensa, ventos de at\u00e9 100 km\\\/h e possibilidade de granizo.\",\"breadcrumb\":{\"@id\":\"https:\\\/\\\/mznoticia.com.br\\\/jaguariaiva\\\/inmet-estende-alerta-de-perigo-de-tempestade-para-ponta-grossa-e-regiao-nesta-quinta-feira\\\/#breadcrumb\"},\"inLanguage\":\"pt-BR\",\"potentialAction\":[{\"@type\":\"ReadAction\",\"target\":[\"https:\\\/\\\/mznoticia.com.br\\\/jaguariaiva\\\/inmet-estende-alerta-de-perigo-de-tempestade-para-ponta-grossa-e-regiao-nesta-quinta-feira\\\/\"]}]},{\"@type\":\"ImageObject\",\"inLanguage\":\"pt-BR\",\"@id\":\"https:\\\/\\\/mznoticia.com.br\\\/jaguariaiva\\\/inmet-estende-alerta-de-perigo-de-tempestade-para-ponta-grossa-e-regiao-nesta-quinta-feira\\\/#primaryimage\",\"url\":\"https:\\\/\\\/mznoticia.com.br\\\/jaguariaiva\\\/wp-content\\\/uploads\\\/2026\\\/08\\\/102.avif\",\"contentUrl\":\"https:\\\/\\\/mznoticia.com.br\\\/jaguariaiva\\\/wp-content\\\/uploads\\\/2026\\\/08\\\/102.avif\",\"width\":1080,\"height\":608},{\"@type\":\"BreadcrumbList\",\"@id\":\"https:\\\/\\\/mznoticia.com.br\\\/jaguariaiva\\\/inmet-estende-alerta-de-perigo-de-tempestade-para-ponta-grossa-e-regiao-nesta-quinta-feira\\\/#breadcrumb\",\"itemListElement\":[{\"@type\":\"ListItem\",\"position\":1,\"name\":\"Home\",\"item\":\"https:\\\/\\\/mznoticia.com.br\\\/jaguariaiva\\\/\"},{\"@type\":\"ListItem\",\"position\":2,\"name\":\"Inmet estende alerta de perigo de tempestade para Ponta Grossa e regi\u00e3o nesta quinta-feira\"}]},{\"@type\":\"WebSite\",\"@id\":\"https:\\\/\\\/mznoticia.com.br\\\/jaguariaiva\\\/#website\",\"url\":\"https:\\\/\\\/mznoticia.com.br\\\/jaguariaiva\\\/\",\"name\":\"Mz Not\u00edcia\",\"description\":\"A informa\u00e7\u00e3o que voc\u00ea precisa na hora certa!\",\"publisher\":{\"@id\":\"https:\\\/\\\/mznoticia.com.br\\\/jaguariaiva\\\/#organization\"},\"potentialAction\":[{\"@type\":\"SearchAction\",\"target\":{\"@type\":\"EntryPoint\",\"urlTemplate\":\"https:\\\/\\\/mznoticia.com.br\\\/jaguariaiva\\\/?s={search_term_string}\"},\"query-input\":{\"@type\":\"PropertyValueSpecification\",\"valueRequired\":true,\"valueName\":\"search_term_string\"}}],\"inLanguage\":\"pt-BR\"},{\"@type\":\"Organization\",\"@id\":\"https:\\\/\\\/mznoticia.com.br\\\/jaguariaiva\\\/#organization\",\"name\":\"Mz Not\u00edcia\",\"url\":\"https:\\\/\\\/mznoticia.com.br\\\/jaguariaiva\\\/\",\"logo\":{\"@type\":\"ImageObject\",\"inLanguage\":\"pt-BR\",\"@id\":\"https:\\\/\\\/mznoticia.com.br\\\/jaguariaiva\\\/#\\\/schema\\\/logo\\\/image\\\/\",\"url\":\"https:\\\/\\\/mznoticia.com.br\\\/jaguariaiva\\\/wp-content\\\/uploads\\\/2025\\\/03\\\/Design-sem-nome-4-e1741200616392.png\",\"contentUrl\":\"https:\\\/\\\/mznoticia.com.br\\\/jaguariaiva\\\/wp-content\\\/uploads\\\/2025\\\/03\\\/Design-sem-nome-4-e1741200616392.png\",\"width\":750,\"height\":563,\"caption\":\"Mz Not\u00edcia\"},\"image\":{\"@id\":\"https:\\\/\\\/mznoticia.com.br\\\/jaguariaiva\\\/#\\\/schema\\\/logo\\\/image\\\/\"},\"sameAs\":[\"https:\\\/\\\/www.facebook.com\\\/profile.php?id=61573479951222\",\"https:\\\/\\\/www.instagram.com\\\/mz.jaguariaiva\\\/\"]},{\"@type\":\"Person\",\"@id\":\"https:\\\/\\\/mznoticia.com.br\\\/jaguariaiva\\\/#\\\/schema\\\/person\\\/84012d827247b3f42f37b550da79cd03\",\"name\":\"Redacao mz\",\"image\":{\"@type\":\"ImageObject\",\"inLanguage\":\"pt-BR\",\"@id\":\"https:\\\/\\\/mznoticia.com.br\\\/jaguariaiva\\\/wp-content\\\/uploads\\\/2025\\\/02\\\/mznoticia_jaguariaiva_coluna-150x150.png\",\"url\":\"https:\\\/\\\/mznoticia.com.br\\\/jaguariaiva\\\/wp-content\\\/uploads\\\/2025\\\/02\\\/mznoticia_jaguariaiva_coluna-150x150.png\",\"contentUrl\":\"https:\\\/\\\/mznoticia.com.br\\\/jaguariaiva\\\/wp-content\\\/uploads\\\/2025\\\/02\\\/mznoticia_jaguariaiva_coluna-150x150.png\",\"caption\":\"Redacao mz\"},\"sameAs\":[\"http:\\\/\\\/mznoticia.com.br\"],\"url\":\"https:\\\/\\\/mznoticia.com.br\\\/jaguariaiva\\\/author\\\/lucimara\\\/\"}]}<\/script>\n<!-- \/ Yoast SEO plugin. -->","yoast_head_json":{"title":"Inmet estende alerta de perigo de tempestade para Ponta Grossa e regi\u00e3o nesta quinta-feira - Mz Not\u00edcias","description":"Inmet mant\u00e9m alerta de perigo para tempestades em Ponta Grossa e regi\u00e3o. Previs\u00e3o indica chuva intensa, ventos de at\u00e9 100 km\/h e possibilidade de granizo.","robots":{"index":"index","follow":"follow","max-snippet":"max-snippet:-1","max-image-preview":"max-image-preview:large","max-video-preview":"max-video-preview:-1"},"canonical":"https:\/\/mznoticia.com.br\/jaguariaiva\/inmet-estende-alerta-de-perigo-de-tempestade-para-ponta-grossa-e-regiao-nesta-quinta-feira\/","og_locale":"pt_BR","og_type":"article","og_title":"Inmet estende alerta de perigo de tempestade para Ponta Grossa e regi\u00e3o nesta quinta-feira - Mz Not\u00edcias","og_description":"Inmet mant\u00e9m alerta de perigo para tempestades em Ponta Grossa e regi\u00e3o. Previs\u00e3o indica chuva intensa, ventos de at\u00e9 100 km\/h e possibilidade de granizo.","og_url":"https:\/\/mznoticia.com.br\/jaguariaiva\/inmet-estende-alerta-de-perigo-de-tempestade-para-ponta-grossa-e-regiao-nesta-quinta-feira\/","og_site_name":"Mz Not\u00edcias","article_publisher":"https:\/\/www.facebook.com\/profile.php?id=61573479951222","article_published_time":"2026-08-13T13:56:54+00:00","author":"Redacao mz","twitter_card":"summary_large_image","twitter_misc":{"Escrito por":"Redacao mz","Est. tempo de leitura":"3 minutos"},"schema":{"@context":"https:\/\/schema.org","@graph":[{"@type":"Article","@id":"https:\/\/mznoticia.com.br\/jaguariaiva\/inmet-estende-alerta-de-perigo-de-tempestade-para-ponta-grossa-e-regiao-nesta-quinta-feira\/#article","isPartOf":{"@id":"https:\/\/mznoticia.com.br\/jaguariaiva\/inmet-estende-alerta-de-perigo-de-tempestade-para-ponta-grossa-e-regiao-nesta-quinta-feira\/"},"author":{"name":"Redacao mz","@id":"https:\/\/mznoticia.com.br\/jaguariaiva\/#\/schema\/person\/84012d827247b3f42f37b550da79cd03"},"headline":"Inmet estende alerta de perigo de tempestade para Ponta Grossa e regi\u00e3o nesta quinta-feira","datePublished":"2026-08-13T13:56:54+00:00","mainEntityOfPage":{"@id":"https:\/\/mznoticia.com.br\/jaguariaiva\/inmet-estende-alerta-de-perigo-de-tempestade-para-ponta-grossa-e-regiao-nesta-quinta-feira\/"},"wordCount":374,"commentCount":0,"publisher":{"@id":"https:\/\/mznoticia.com.br\/jaguariaiva\/#organization"},"image":{"@id":"https:\/\/mznoticia.com.br\/jaguariaiva\/inmet-estende-alerta-de-perigo-de-tempestade-para-ponta-grossa-e-regiao-nesta-quinta-feira\/#primaryimage"},"thumbnailUrl":"https:\/\/mznoticia.com.br\/jaguariaiva\/wp-content\/uploads\/2026\/08\/102.avif","keywords":["#Granizo","#Inmet","#Tempestade","Alerta Meteorol\u00f3gico","Campos Gerais","chuva","parana","Ponta Grossa","Previs\u00e3o do Tempo","Simepar","Ventos Fortes"],"articleSection":["Geral"],"inLanguage":"pt-BR","potentialAction":[{"@type":"CommentAction","name":"Comment","target":["https:\/\/mznoticia.com.br\/jaguariaiva\/inmet-estende-alerta-de-perigo-de-tempestade-para-ponta-grossa-e-regiao-nesta-quinta-feira\/#respond"]}]},{"@type":"WebPage","@id":"https:\/\/mznoticia.com.br\/jaguariaiva\/inmet-estende-alerta-de-perigo-de-tempestade-para-ponta-grossa-e-regiao-nesta-quinta-feira\/","url":"https:\/\/mznoticia.com.br\/jaguariaiva\/inmet-estende-alerta-de-perigo-de-tempestade-para-ponta-grossa-e-regiao-nesta-quinta-feira\/","name":"Inmet estende alerta de perigo de tempestade para Ponta Grossa e regi\u00e3o nesta quinta-feira - Mz Not\u00edcias","isPartOf":{"@id":"https:\/\/mznoticia.com.br\/jaguariaiva\/#website"},"primaryImageOfPage":{"@id":"https:\/\/mznoticia.com.br\/jaguariaiva\/inmet-estende-alerta-de-perigo-de-tempestade-para-ponta-grossa-e-regiao-nesta-quinta-feira\/#primaryimage"},"image":{"@id":"https:\/\/mznoticia.com.br\/jaguariaiva\/inmet-estende-alerta-de-perigo-de-tempestade-para-ponta-grossa-e-regiao-nesta-quinta-feira\/#primaryimage"},"thumbnailUrl":"https:\/\/mznoticia.com.br\/jaguariaiva\/wp-content\/uploads\/2026\/08\/102.avif","datePublished":"2026-08-13T13:56:54+00:00","description":"Inmet mant\u00e9m alerta de perigo para tempestades em Ponta Grossa e regi\u00e3o. Previs\u00e3o indica chuva intensa, ventos de at\u00e9 100 km\/h e possibilidade de granizo.","breadcrumb":{"@id":"https:\/\/mznoticia.com.br\/jaguariaiva\/inmet-estende-alerta-de-perigo-de-tempestade-para-ponta-grossa-e-regiao-nesta-quinta-feira\/#breadcrumb"},"inLanguage":"pt-BR","potentialAction":[{"@type":"ReadAction","target":["https:\/\/mznoticia.com.br\/jaguariaiva\/inmet-estende-alerta-de-perigo-de-tempestade-para-ponta-grossa-e-regiao-nesta-quinta-feira\/"]}]},{"@type":"ImageObject","inLanguage":"pt-BR","@id":"https:\/\/mznoticia.com.br\/jaguariaiva\/inmet-estende-alerta-de-perigo-de-tempestade-para-ponta-grossa-e-regiao-nesta-quinta-feira\/#primaryimage","url":"https:\/\/mznoticia.com.br\/jaguariaiva\/wp-content\/uploads\/2026\/08\/102.avif","contentUrl":"https:\/\/mznoticia.com.br\/jaguariaiva\/wp-content\/uploads\/2026\/08\/102.avif","width":1080,"height":608},{"@type":"BreadcrumbList","@id":"https:\/\/mznoticia.com.br\/jaguariaiva\/inmet-estende-alerta-de-perigo-de-tempestade-para-ponta-grossa-e-regiao-nesta-quinta-feira\/#breadcrumb","itemListElement":[{"@type":"ListItem","position":1,"name":"Home","item":"https:\/\/mznoticia.com.br\/jaguariaiva\/"},{"@type":"ListItem","position":2,"name":"Inmet estende alerta de perigo de tempestade para Ponta Grossa e regi\u00e3o nesta quinta-feira"}]},{"@type":"WebSite","@id":"https:\/\/mznoticia.com.br\/jaguariaiva\/#website","url":"https:\/\/mznoticia.com.br\/jaguariaiva\/","name":"Mz Not\u00edcia","description":"A informa\u00e7\u00e3o que voc\u00ea precisa na hora certa!","publisher":{"@id":"https:\/\/mznoticia.com.br\/jaguariaiva\/#organization"},"potentialAction":[{"@type":"SearchAction","target":{"@type":"EntryPoint","urlTemplate":"https:\/\/mznoticia.com.br\/jaguariaiva\/?s={search_term_string}"},"query-input":{"@type":"PropertyValueSpecification","valueRequired":true,"valueName":"search_term_string"}}],"inLanguage":"pt-BR"},{"@type":"Organization","@id":"https:\/\/mznoticia.com.br\/jaguariaiva\/#organization","name":"Mz Not\u00edcia","url":"https:\/\/mznoticia.com.br\/jaguariaiva\/","logo":{"@type":"ImageObject","inLanguage":"pt-BR","@id":"https:\/\/mznoticia.com.br\/jaguariaiva\/#\/schema\/logo\/image\/","url":"https:\/\/mznoticia.com.br\/jaguariaiva\/wp-content\/uploads\/2025\/03\/Design-sem-nome-4-e1741200616392.png","contentUrl":"https:\/\/mznoticia.com.br\/jaguariaiva\/wp-content\/uploads\/2025\/03\/Design-sem-nome-4-e1741200616392.png","width":750,"height":563,"caption":"Mz Not\u00edcia"},"image":{"@id":"https:\/\/mznoticia.com.br\/jaguariaiva\/#\/schema\/logo\/image\/"},"sameAs":["https:\/\/www.facebook.com\/profile.php?id=61573479951222","https:\/\/www.instagram.com\/mz.jaguariaiva\/"]},{"@type":"Person","@id":"https:\/\/mznoticia.com.br\/jaguariaiva\/#\/schema\/person\/84012d827247b3f42f37b550da79cd03","name":"Redacao mz","image":{"@type":"ImageObject","inLanguage":"pt-BR","@id":"https:\/\/mznoticia.com.br\/jaguariaiva\/wp-content\/uploads\/2025\/02\/mznoticia_jaguariaiva_coluna-150x150.png","url":"https:\/\/mznoticia.com.br\/jaguariaiva\/wp-content\/uploads\/2025\/02\/mznoticia_jaguariaiva_coluna-150x150.png","contentUrl":"https:\/\/mznoticia.com.br\/jaguariaiva\/wp-content\/uploads\/2025\/02\/mznoticia_jaguariaiva_coluna-150x150.png","caption":"Redacao mz"},"sameAs":["http:\/\/mznoticia.com.br"],"url":"https:\/\/mznoticia.com.br\/jaguariaiva\/author\/lucimara\/"}]}},"_links":{"self":[{"href":"https:\/\/mznoticia.com.br\/jaguariaiva\/wp-json\/wp\/v2\/posts\/6428","targetHints":{"allow":["GET"]}}],"collection":[{"href":"https:\/\/mznoticia.com.br\/jaguariaiva\/wp-json\/wp\/v2\/posts"}],"about":[{"href":"https:\/\/mznoticia.com.br\/jaguariaiva\/wp-json\/wp\/v2\/types\/post"}],"author":[{"embeddable":true,"href":"https:\/\/mznoticia.com.br\/jaguariaiva\/wp-json\/wp\/v2\/users\/16"}],"replies":[{"embeddable":true,"href":"https:\/\/mznoticia.com.br\/jaguariaiva\/wp-json\/wp\/v2\/comments?post=6428"}],"version-history":[{"count":1,"href":"https:\/\/mznoticia.com.br\/jaguariaiva\/wp-json\/wp\/v2\/posts\/6428\/revisions"}],"predecessor-version":[{"id":6430,"href":"https:\/\/mznoticia.com.br\/jaguariaiva\/wp-json\/wp\/v2\/posts\/6428\/revisions\/6430"}],"wp:featuredmedia":[{"embeddable":true,"href":"https:\/\/mznoticia.com.br\/jaguariaiva\/wp-json\/wp\/v2\/media\/6429"}],"wp:attachment":[{"href":"https:\/\/mznoticia.com.br\/jaguariaiva\/wp-json\/wp\/v2\/media?parent=6428"}],"wp:term":[{"taxonomy":"category","embeddable":true,"href":"https:\/\/mznoticia.com.br\/jaguariaiva\/wp-json\/wp\/v2\/categories?post=6428"},{"taxonomy":"post_tag","embeddable":true,"href":"https:\/\/mznoticia.com.br\/jaguariaiva\/wp-json\/wp\/v2\/tags?post=6428"}],"curies":[{"name":"wp","href":"https:\/\/api.w.org\/{rel}","templated":true}]}}