{"id":6455,"date":"2026-08-13T18:14:27","date_gmt":"2026-08-13T18:14:27","guid":{"rendered":"https:\/\/mznoticia.com.br\/jaguariaiva\/?p=6455"},"modified":"2026-08-13T18:14:27","modified_gmt":"2026-08-13T18:14:27","slug":"eua-podem-realizar-tres-execucoes-em-um-unico-dia-pela-primeira-vez-em-16-anos","status":"publish","type":"post","link":"https:\/\/mznoticia.com.br\/jaguariaiva\/eua-podem-realizar-tres-execucoes-em-um-unico-dia-pela-primeira-vez-em-16-anos\/","title":{"rendered":"EUA podem realizar tr\u00eas execu\u00e7\u00f5es em um \u00fanico dia pela primeira vez em 16 anos"},"content":{"rendered":"<p class=\"PDq2pG_selectionAnchorContainer\" data-start=\"84\" data-end=\"327\">Tr\u00eas condenados por homic\u00eddio t\u00eam execu\u00e7\u00f5es previstas para esta quinta-feira (13), nos estados do <strong data-start=\"182\" data-end=\"215\">Tennessee, Alabama e Oklahoma<\/strong>. Se todas forem realizadas, ser\u00e1 a primeira vez em quase 16 anos que os EUA executam tr\u00eas pessoas no mesmo dia.<\/p>\n<p data-start=\"329\" data-end=\"464\">O movimento ocorre em meio ao aumento das execu\u00e7\u00f5es no pa\u00eds. Em <strong data-start=\"393\" data-end=\"411\">2025, foram 47<\/strong>, o maior n\u00famero desde 2009, com a Fl\u00f3rida liderando.<\/p>\n<p data-start=\"466\" data-end=\"636\">A retomada das execu\u00e7\u00f5es tamb\u00e9m ocorre durante o governo de <strong data-start=\"526\" data-end=\"542\">Donald Trump<\/strong>, que voltou a defender o uso da pena de morte e restabeleceu a pol\u00edtica federal de execu\u00e7\u00f5es.<\/p>\n<p data-start=\"638\" data-end=\"813\">Apesar do endurecimento, o apoio popular \u00e0 pena capital vem diminuindo: pesquisa citada na reportagem aponta <strong data-start=\"747\" data-end=\"773\">52% de aprova\u00e7\u00e3o moral<\/strong>, o menor \u00edndice desde a d\u00e9cada de 1970.<\/p>\n<p data-start=\"815\" data-end=\"980\" data-is-last-node=\"\" data-is-only-node=\"\">As execu\u00e7\u00f5es previstas envolvem <strong data-start=\"847\" data-end=\"907\">Anthony Hines, Jeremy Williams e Carlos Cuesta-Rodriguez<\/strong>, mas decis\u00f5es judiciais de \u00faltima hora ainda podem alterar o cronograma.<\/p>\n<p data-start=\"815\" data-end=\"980\" data-is-last-node=\"\" data-is-only-node=\"\">Foto: Departamento de Administra\u00e7\u00e3o Penitenci\u00e1ria do Tennessee<\/p>\n","protected":false},"excerpt":{"rendered":"<p>Tr\u00eas condenados por homic\u00eddio t\u00eam execu\u00e7\u00f5es previstas para esta quinta-feira (13), nos estados do Tennessee, Alabama e Oklahoma. Se todas forem realizadas, ser\u00e1 a primeira vez em quase 16 anos que os EUA executam tr\u00eas pessoas no mesmo dia. O movimento ocorre em meio ao aumento das execu\u00e7\u00f5es no pa\u00eds. Em 2025, foram 47, o [&hellip;]<\/p>\n","protected":false},"author":16,"featured_media":6456,"comment_status":"open","ping_status":"open","sticky":false,"template":"","format":"standard","meta":{"footnotes":""},"categories":[15],"tags":[2083,2084,2086,1114,676,232,2081,2085,2087,1177,2080,2088,2082],"class_list":["post-6455","post","type-post","status-publish","format-standard","has-post-thumbnail","hentry","category-mundo","tag-alabama","tag-anthony-hines","tag-carlos-cuesta-rodriguez","tag-donald-trump","tag-estados-unidos","tag-eua","tag-execucoes","tag-jeremy-williams","tag-justica-americana","tag-oklahoma","tag-pena-de-morte","tag-politica-dos-eua","tag-tennessee"],"yoast_head":"<!-- This site is optimized with the Yoast SEO plugin v28.1 - https:\/\/yoast.com\/product\/yoast-seo-wordpress\/ -->\n<title>EUA podem realizar tr\u00eas execu\u00e7\u00f5es em um \u00fanico dia pela primeira vez em 16 anos - Mz Not\u00edcias<\/title>\n<meta name=\"description\" content=\"EUA preveem tr\u00eas execu\u00e7\u00f5es nesta quinta-feira, algo que n\u00e3o ocorre em um \u00fanico dia h\u00e1 quase 16 anos, em meio ao aumento da pena de morte.\" \/>\n<meta name=\"robots\" content=\"index, follow, max-snippet:-1, max-image-preview:large, max-video-preview:-1\" \/>\n<link rel=\"canonical\" href=\"https:\/\/mznoticia.com.br\/jaguariaiva\/eua-podem-realizar-tres-execucoes-em-um-unico-dia-pela-primeira-vez-em-16-anos\/\" \/>\n<meta property=\"og:locale\" content=\"pt_BR\" \/>\n<meta property=\"og:type\" content=\"article\" \/>\n<meta property=\"og:title\" content=\"EUA podem realizar tr\u00eas execu\u00e7\u00f5es em um \u00fanico dia pela primeira vez em 16 anos - Mz Not\u00edcias\" \/>\n<meta property=\"og:description\" content=\"EUA preveem tr\u00eas execu\u00e7\u00f5es nesta quinta-feira, algo que n\u00e3o ocorre em um \u00fanico dia h\u00e1 quase 16 anos, em meio ao aumento da pena de morte.\" \/>\n<meta property=\"og:url\" content=\"https:\/\/mznoticia.com.br\/jaguariaiva\/eua-podem-realizar-tres-execucoes-em-um-unico-dia-pela-primeira-vez-em-16-anos\/\" \/>\n<meta property=\"og:site_name\" content=\"Mz Not\u00edcias\" \/>\n<meta property=\"article:publisher\" content=\"https:\/\/www.facebook.com\/profile.php?id=61573479951222\" \/>\n<meta property=\"article:published_time\" content=\"2026-08-13T18:14:27+00:00\" \/>\n<meta name=\"author\" content=\"Redacao mz\" \/>\n<meta name=\"twitter:card\" content=\"summary_large_image\" \/>\n<meta name=\"twitter:label1\" content=\"Escrito por\" \/>\n\t<meta name=\"twitter:data1\" content=\"Redacao mz\" \/>\n\t<meta name=\"twitter:label2\" content=\"Est. tempo de leitura\" \/>\n\t<meta name=\"twitter:data2\" content=\"2 minutos\" \/>\n<script type=\"application\/ld+json\" class=\"yoast-schema-graph\">{\"@context\":\"https:\\\/\\\/schema.org\",\"@graph\":[{\"@type\":\"Article\",\"@id\":\"https:\\\/\\\/mznoticia.com.br\\\/jaguariaiva\\\/eua-podem-realizar-tres-execucoes-em-um-unico-dia-pela-primeira-vez-em-16-anos\\\/#article\",\"isPartOf\":{\"@id\":\"https:\\\/\\\/mznoticia.com.br\\\/jaguariaiva\\\/eua-podem-realizar-tres-execucoes-em-um-unico-dia-pela-primeira-vez-em-16-anos\\\/\"},\"author\":{\"name\":\"Redacao mz\",\"@id\":\"https:\\\/\\\/mznoticia.com.br\\\/jaguariaiva\\\/#\\\/schema\\\/person\\\/84012d827247b3f42f37b550da79cd03\"},\"headline\":\"EUA podem realizar tr\u00eas execu\u00e7\u00f5es em um \u00fanico dia pela primeira vez em 16 anos\",\"datePublished\":\"2026-08-13T18:14:27+00:00\",\"mainEntityOfPage\":{\"@id\":\"https:\\\/\\\/mznoticia.com.br\\\/jaguariaiva\\\/eua-podem-realizar-tres-execucoes-em-um-unico-dia-pela-primeira-vez-em-16-anos\\\/\"},\"wordCount\":176,\"commentCount\":0,\"publisher\":{\"@id\":\"https:\\\/\\\/mznoticia.com.br\\\/jaguariaiva\\\/#organization\"},\"image\":{\"@id\":\"https:\\\/\\\/mznoticia.com.br\\\/jaguariaiva\\\/eua-podem-realizar-tres-execucoes-em-um-unico-dia-pela-primeira-vez-em-16-anos\\\/#primaryimage\"},\"thumbnailUrl\":\"https:\\\/\\\/mznoticia.com.br\\\/jaguariaiva\\\/wp-content\\\/uploads\\\/2026\\\/08\\\/2000.avif\",\"keywords\":[\"Alabama\",\"Anthony Hines\",\"Carlos Cuesta-Rodriguez\",\"Donald Trump\",\"Estados Unidos\",\"EUA\",\"execu\u00e7\u00f5es\",\"Jeremy Williams\",\"justi\u00e7a americana\",\"Oklahoma\",\"pena de morte\",\"pol\u00edtica dos EUA\",\"Tennessee\"],\"articleSection\":[\"Mundo\"],\"inLanguage\":\"pt-BR\",\"potentialAction\":[{\"@type\":\"CommentAction\",\"name\":\"Comment\",\"target\":[\"https:\\\/\\\/mznoticia.com.br\\\/jaguariaiva\\\/eua-podem-realizar-tres-execucoes-em-um-unico-dia-pela-primeira-vez-em-16-anos\\\/#respond\"]}]},{\"@type\":\"WebPage\",\"@id\":\"https:\\\/\\\/mznoticia.com.br\\\/jaguariaiva\\\/eua-podem-realizar-tres-execucoes-em-um-unico-dia-pela-primeira-vez-em-16-anos\\\/\",\"url\":\"https:\\\/\\\/mznoticia.com.br\\\/jaguariaiva\\\/eua-podem-realizar-tres-execucoes-em-um-unico-dia-pela-primeira-vez-em-16-anos\\\/\",\"name\":\"EUA podem realizar tr\u00eas execu\u00e7\u00f5es em um \u00fanico dia pela primeira vez em 16 anos - Mz Not\u00edcias\",\"isPartOf\":{\"@id\":\"https:\\\/\\\/mznoticia.com.br\\\/jaguariaiva\\\/#website\"},\"primaryImageOfPage\":{\"@id\":\"https:\\\/\\\/mznoticia.com.br\\\/jaguariaiva\\\/eua-podem-realizar-tres-execucoes-em-um-unico-dia-pela-primeira-vez-em-16-anos\\\/#primaryimage\"},\"image\":{\"@id\":\"https:\\\/\\\/mznoticia.com.br\\\/jaguariaiva\\\/eua-podem-realizar-tres-execucoes-em-um-unico-dia-pela-primeira-vez-em-16-anos\\\/#primaryimage\"},\"thumbnailUrl\":\"https:\\\/\\\/mznoticia.com.br\\\/jaguariaiva\\\/wp-content\\\/uploads\\\/2026\\\/08\\\/2000.avif\",\"datePublished\":\"2026-08-13T18:14:27+00:00\",\"description\":\"EUA preveem tr\u00eas execu\u00e7\u00f5es nesta quinta-feira, algo que n\u00e3o ocorre em um \u00fanico dia h\u00e1 quase 16 anos, em meio ao aumento da pena de morte.\",\"breadcrumb\":{\"@id\":\"https:\\\/\\\/mznoticia.com.br\\\/jaguariaiva\\\/eua-podem-realizar-tres-execucoes-em-um-unico-dia-pela-primeira-vez-em-16-anos\\\/#breadcrumb\"},\"inLanguage\":\"pt-BR\",\"potentialAction\":[{\"@type\":\"ReadAction\",\"target\":[\"https:\\\/\\\/mznoticia.com.br\\\/jaguariaiva\\\/eua-podem-realizar-tres-execucoes-em-um-unico-dia-pela-primeira-vez-em-16-anos\\\/\"]}]},{\"@type\":\"ImageObject\",\"inLanguage\":\"pt-BR\",\"@id\":\"https:\\\/\\\/mznoticia.com.br\\\/jaguariaiva\\\/eua-podem-realizar-tres-execucoes-em-um-unico-dia-pela-primeira-vez-em-16-anos\\\/#primaryimage\",\"url\":\"https:\\\/\\\/mznoticia.com.br\\\/jaguariaiva\\\/wp-content\\\/uploads\\\/2026\\\/08\\\/2000.avif\",\"contentUrl\":\"https:\\\/\\\/mznoticia.com.br\\\/jaguariaiva\\\/wp-content\\\/uploads\\\/2026\\\/08\\\/2000.avif\",\"width\":984,\"height\":616},{\"@type\":\"BreadcrumbList\",\"@id\":\"https:\\\/\\\/mznoticia.com.br\\\/jaguariaiva\\\/eua-podem-realizar-tres-execucoes-em-um-unico-dia-pela-primeira-vez-em-16-anos\\\/#breadcrumb\",\"itemListElement\":[{\"@type\":\"ListItem\",\"position\":1,\"name\":\"Home\",\"item\":\"https:\\\/\\\/mznoticia.com.br\\\/jaguariaiva\\\/\"},{\"@type\":\"ListItem\",\"position\":2,\"name\":\"EUA podem realizar tr\u00eas execu\u00e7\u00f5es em um \u00fanico dia pela primeira vez em 16 anos\"}]},{\"@type\":\"WebSite\",\"@id\":\"https:\\\/\\\/mznoticia.com.br\\\/jaguariaiva\\\/#website\",\"url\":\"https:\\\/\\\/mznoticia.com.br\\\/jaguariaiva\\\/\",\"name\":\"Mz Not\u00edcia\",\"description\":\"A informa\u00e7\u00e3o que voc\u00ea precisa na hora certa!\",\"publisher\":{\"@id\":\"https:\\\/\\\/mznoticia.com.br\\\/jaguariaiva\\\/#organization\"},\"potentialAction\":[{\"@type\":\"SearchAction\",\"target\":{\"@type\":\"EntryPoint\",\"urlTemplate\":\"https:\\\/\\\/mznoticia.com.br\\\/jaguariaiva\\\/?s={search_term_string}\"},\"query-input\":{\"@type\":\"PropertyValueSpecification\",\"valueRequired\":true,\"valueName\":\"search_term_string\"}}],\"inLanguage\":\"pt-BR\"},{\"@type\":\"Organization\",\"@id\":\"https:\\\/\\\/mznoticia.com.br\\\/jaguariaiva\\\/#organization\",\"name\":\"Mz Not\u00edcia\",\"url\":\"https:\\\/\\\/mznoticia.com.br\\\/jaguariaiva\\\/\",\"logo\":{\"@type\":\"ImageObject\",\"inLanguage\":\"pt-BR\",\"@id\":\"https:\\\/\\\/mznoticia.com.br\\\/jaguariaiva\\\/#\\\/schema\\\/logo\\\/image\\\/\",\"url\":\"https:\\\/\\\/mznoticia.com.br\\\/jaguariaiva\\\/wp-content\\\/uploads\\\/2025\\\/03\\\/Design-sem-nome-4-e1741200616392.png\",\"contentUrl\":\"https:\\\/\\\/mznoticia.com.br\\\/jaguariaiva\\\/wp-content\\\/uploads\\\/2025\\\/03\\\/Design-sem-nome-4-e1741200616392.png\",\"width\":750,\"height\":563,\"caption\":\"Mz Not\u00edcia\"},\"image\":{\"@id\":\"https:\\\/\\\/mznoticia.com.br\\\/jaguariaiva\\\/#\\\/schema\\\/logo\\\/image\\\/\"},\"sameAs\":[\"https:\\\/\\\/www.facebook.com\\\/profile.php?id=61573479951222\",\"https:\\\/\\\/www.instagram.com\\\/mz.jaguariaiva\\\/\"]},{\"@type\":\"Person\",\"@id\":\"https:\\\/\\\/mznoticia.com.br\\\/jaguariaiva\\\/#\\\/schema\\\/person\\\/84012d827247b3f42f37b550da79cd03\",\"name\":\"Redacao mz\",\"image\":{\"@type\":\"ImageObject\",\"inLanguage\":\"pt-BR\",\"@id\":\"https:\\\/\\\/mznoticia.com.br\\\/jaguariaiva\\\/wp-content\\\/uploads\\\/2025\\\/02\\\/mznoticia_jaguariaiva_coluna-150x150.png\",\"url\":\"https:\\\/\\\/mznoticia.com.br\\\/jaguariaiva\\\/wp-content\\\/uploads\\\/2025\\\/02\\\/mznoticia_jaguariaiva_coluna-150x150.png\",\"contentUrl\":\"https:\\\/\\\/mznoticia.com.br\\\/jaguariaiva\\\/wp-content\\\/uploads\\\/2025\\\/02\\\/mznoticia_jaguariaiva_coluna-150x150.png\",\"caption\":\"Redacao mz\"},\"sameAs\":[\"http:\\\/\\\/mznoticia.com.br\"],\"url\":\"https:\\\/\\\/mznoticia.com.br\\\/jaguariaiva\\\/author\\\/lucimara\\\/\"}]}<\/script>\n<!-- \/ Yoast SEO plugin. -->","yoast_head_json":{"title":"EUA podem realizar tr\u00eas execu\u00e7\u00f5es em um \u00fanico dia pela primeira vez em 16 anos - Mz Not\u00edcias","description":"EUA preveem tr\u00eas execu\u00e7\u00f5es nesta quinta-feira, algo que n\u00e3o ocorre em um \u00fanico dia h\u00e1 quase 16 anos, em meio ao aumento da pena de morte.","robots":{"index":"index","follow":"follow","max-snippet":"max-snippet:-1","max-image-preview":"max-image-preview:large","max-video-preview":"max-video-preview:-1"},"canonical":"https:\/\/mznoticia.com.br\/jaguariaiva\/eua-podem-realizar-tres-execucoes-em-um-unico-dia-pela-primeira-vez-em-16-anos\/","og_locale":"pt_BR","og_type":"article","og_title":"EUA podem realizar tr\u00eas execu\u00e7\u00f5es em um \u00fanico dia pela primeira vez em 16 anos - Mz Not\u00edcias","og_description":"EUA preveem tr\u00eas execu\u00e7\u00f5es nesta quinta-feira, algo que n\u00e3o ocorre em um \u00fanico dia h\u00e1 quase 16 anos, em meio ao aumento da pena de morte.","og_url":"https:\/\/mznoticia.com.br\/jaguariaiva\/eua-podem-realizar-tres-execucoes-em-um-unico-dia-pela-primeira-vez-em-16-anos\/","og_site_name":"Mz Not\u00edcias","article_publisher":"https:\/\/www.facebook.com\/profile.php?id=61573479951222","article_published_time":"2026-08-13T18:14:27+00:00","author":"Redacao mz","twitter_card":"summary_large_image","twitter_misc":{"Escrito por":"Redacao mz","Est. tempo de leitura":"2 minutos"},"schema":{"@context":"https:\/\/schema.org","@graph":[{"@type":"Article","@id":"https:\/\/mznoticia.com.br\/jaguariaiva\/eua-podem-realizar-tres-execucoes-em-um-unico-dia-pela-primeira-vez-em-16-anos\/#article","isPartOf":{"@id":"https:\/\/mznoticia.com.br\/jaguariaiva\/eua-podem-realizar-tres-execucoes-em-um-unico-dia-pela-primeira-vez-em-16-anos\/"},"author":{"name":"Redacao mz","@id":"https:\/\/mznoticia.com.br\/jaguariaiva\/#\/schema\/person\/84012d827247b3f42f37b550da79cd03"},"headline":"EUA podem realizar tr\u00eas execu\u00e7\u00f5es em um \u00fanico dia pela primeira vez em 16 anos","datePublished":"2026-08-13T18:14:27+00:00","mainEntityOfPage":{"@id":"https:\/\/mznoticia.com.br\/jaguariaiva\/eua-podem-realizar-tres-execucoes-em-um-unico-dia-pela-primeira-vez-em-16-anos\/"},"wordCount":176,"commentCount":0,"publisher":{"@id":"https:\/\/mznoticia.com.br\/jaguariaiva\/#organization"},"image":{"@id":"https:\/\/mznoticia.com.br\/jaguariaiva\/eua-podem-realizar-tres-execucoes-em-um-unico-dia-pela-primeira-vez-em-16-anos\/#primaryimage"},"thumbnailUrl":"https:\/\/mznoticia.com.br\/jaguariaiva\/wp-content\/uploads\/2026\/08\/2000.avif","keywords":["Alabama","Anthony Hines","Carlos Cuesta-Rodriguez","Donald Trump","Estados Unidos","EUA","execu\u00e7\u00f5es","Jeremy Williams","justi\u00e7a americana","Oklahoma","pena de morte","pol\u00edtica dos EUA","Tennessee"],"articleSection":["Mundo"],"inLanguage":"pt-BR","potentialAction":[{"@type":"CommentAction","name":"Comment","target":["https:\/\/mznoticia.com.br\/jaguariaiva\/eua-podem-realizar-tres-execucoes-em-um-unico-dia-pela-primeira-vez-em-16-anos\/#respond"]}]},{"@type":"WebPage","@id":"https:\/\/mznoticia.com.br\/jaguariaiva\/eua-podem-realizar-tres-execucoes-em-um-unico-dia-pela-primeira-vez-em-16-anos\/","url":"https:\/\/mznoticia.com.br\/jaguariaiva\/eua-podem-realizar-tres-execucoes-em-um-unico-dia-pela-primeira-vez-em-16-anos\/","name":"EUA podem realizar tr\u00eas execu\u00e7\u00f5es em um \u00fanico dia pela primeira vez em 16 anos - Mz Not\u00edcias","isPartOf":{"@id":"https:\/\/mznoticia.com.br\/jaguariaiva\/#website"},"primaryImageOfPage":{"@id":"https:\/\/mznoticia.com.br\/jaguariaiva\/eua-podem-realizar-tres-execucoes-em-um-unico-dia-pela-primeira-vez-em-16-anos\/#primaryimage"},"image":{"@id":"https:\/\/mznoticia.com.br\/jaguariaiva\/eua-podem-realizar-tres-execucoes-em-um-unico-dia-pela-primeira-vez-em-16-anos\/#primaryimage"},"thumbnailUrl":"https:\/\/mznoticia.com.br\/jaguariaiva\/wp-content\/uploads\/2026\/08\/2000.avif","datePublished":"2026-08-13T18:14:27+00:00","description":"EUA preveem tr\u00eas execu\u00e7\u00f5es nesta quinta-feira, algo que n\u00e3o ocorre em um \u00fanico dia h\u00e1 quase 16 anos, em meio ao aumento da pena de morte.","breadcrumb":{"@id":"https:\/\/mznoticia.com.br\/jaguariaiva\/eua-podem-realizar-tres-execucoes-em-um-unico-dia-pela-primeira-vez-em-16-anos\/#breadcrumb"},"inLanguage":"pt-BR","potentialAction":[{"@type":"ReadAction","target":["https:\/\/mznoticia.com.br\/jaguariaiva\/eua-podem-realizar-tres-execucoes-em-um-unico-dia-pela-primeira-vez-em-16-anos\/"]}]},{"@type":"ImageObject","inLanguage":"pt-BR","@id":"https:\/\/mznoticia.com.br\/jaguariaiva\/eua-podem-realizar-tres-execucoes-em-um-unico-dia-pela-primeira-vez-em-16-anos\/#primaryimage","url":"https:\/\/mznoticia.com.br\/jaguariaiva\/wp-content\/uploads\/2026\/08\/2000.avif","contentUrl":"https:\/\/mznoticia.com.br\/jaguariaiva\/wp-content\/uploads\/2026\/08\/2000.avif","width":984,"height":616},{"@type":"BreadcrumbList","@id":"https:\/\/mznoticia.com.br\/jaguariaiva\/eua-podem-realizar-tres-execucoes-em-um-unico-dia-pela-primeira-vez-em-16-anos\/#breadcrumb","itemListElement":[{"@type":"ListItem","position":1,"name":"Home","item":"https:\/\/mznoticia.com.br\/jaguariaiva\/"},{"@type":"ListItem","position":2,"name":"EUA podem realizar tr\u00eas execu\u00e7\u00f5es em um \u00fanico dia pela primeira vez em 16 anos"}]},{"@type":"WebSite","@id":"https:\/\/mznoticia.com.br\/jaguariaiva\/#website","url":"https:\/\/mznoticia.com.br\/jaguariaiva\/","name":"Mz Not\u00edcia","description":"A informa\u00e7\u00e3o que voc\u00ea precisa na hora certa!","publisher":{"@id":"https:\/\/mznoticia.com.br\/jaguariaiva\/#organization"},"potentialAction":[{"@type":"SearchAction","target":{"@type":"EntryPoint","urlTemplate":"https:\/\/mznoticia.com.br\/jaguariaiva\/?s={search_term_string}"},"query-input":{"@type":"PropertyValueSpecification","valueRequired":true,"valueName":"search_term_string"}}],"inLanguage":"pt-BR"},{"@type":"Organization","@id":"https:\/\/mznoticia.com.br\/jaguariaiva\/#organization","name":"Mz Not\u00edcia","url":"https:\/\/mznoticia.com.br\/jaguariaiva\/","logo":{"@type":"ImageObject","inLanguage":"pt-BR","@id":"https:\/\/mznoticia.com.br\/jaguariaiva\/#\/schema\/logo\/image\/","url":"https:\/\/mznoticia.com.br\/jaguariaiva\/wp-content\/uploads\/2025\/03\/Design-sem-nome-4-e1741200616392.png","contentUrl":"https:\/\/mznoticia.com.br\/jaguariaiva\/wp-content\/uploads\/2025\/03\/Design-sem-nome-4-e1741200616392.png","width":750,"height":563,"caption":"Mz Not\u00edcia"},"image":{"@id":"https:\/\/mznoticia.com.br\/jaguariaiva\/#\/schema\/logo\/image\/"},"sameAs":["https:\/\/www.facebook.com\/profile.php?id=61573479951222","https:\/\/www.instagram.com\/mz.jaguariaiva\/"]},{"@type":"Person","@id":"https:\/\/mznoticia.com.br\/jaguariaiva\/#\/schema\/person\/84012d827247b3f42f37b550da79cd03","name":"Redacao mz","image":{"@type":"ImageObject","inLanguage":"pt-BR","@id":"https:\/\/mznoticia.com.br\/jaguariaiva\/wp-content\/uploads\/2025\/02\/mznoticia_jaguariaiva_coluna-150x150.png","url":"https:\/\/mznoticia.com.br\/jaguariaiva\/wp-content\/uploads\/2025\/02\/mznoticia_jaguariaiva_coluna-150x150.png","contentUrl":"https:\/\/mznoticia.com.br\/jaguariaiva\/wp-content\/uploads\/2025\/02\/mznoticia_jaguariaiva_coluna-150x150.png","caption":"Redacao mz"},"sameAs":["http:\/\/mznoticia.com.br"],"url":"https:\/\/mznoticia.com.br\/jaguariaiva\/author\/lucimara\/"}]}},"_links":{"self":[{"href":"https:\/\/mznoticia.com.br\/jaguariaiva\/wp-json\/wp\/v2\/posts\/6455","targetHints":{"allow":["GET"]}}],"collection":[{"href":"https:\/\/mznoticia.com.br\/jaguariaiva\/wp-json\/wp\/v2\/posts"}],"about":[{"href":"https:\/\/mznoticia.com.br\/jaguariaiva\/wp-json\/wp\/v2\/types\/post"}],"author":[{"embeddable":true,"href":"https:\/\/mznoticia.com.br\/jaguariaiva\/wp-json\/wp\/v2\/users\/16"}],"replies":[{"embeddable":true,"href":"https:\/\/mznoticia.com.br\/jaguariaiva\/wp-json\/wp\/v2\/comments?post=6455"}],"version-history":[{"count":1,"href":"https:\/\/mznoticia.com.br\/jaguariaiva\/wp-json\/wp\/v2\/posts\/6455\/revisions"}],"predecessor-version":[{"id":6457,"href":"https:\/\/mznoticia.com.br\/jaguariaiva\/wp-json\/wp\/v2\/posts\/6455\/revisions\/6457"}],"wp:featuredmedia":[{"embeddable":true,"href":"https:\/\/mznoticia.com.br\/jaguariaiva\/wp-json\/wp\/v2\/media\/6456"}],"wp:attachment":[{"href":"https:\/\/mznoticia.com.br\/jaguariaiva\/wp-json\/wp\/v2\/media?parent=6455"}],"wp:term":[{"taxonomy":"category","embeddable":true,"href":"https:\/\/mznoticia.com.br\/jaguariaiva\/wp-json\/wp\/v2\/categories?post=6455"},{"taxonomy":"post_tag","embeddable":true,"href":"https:\/\/mznoticia.com.br\/jaguariaiva\/wp-json\/wp\/v2\/tags?post=6455"}],"curies":[{"name":"wp","href":"https:\/\/api.w.org\/{rel}","templated":true}]}}