{"id":6500,"date":"2026-08-14T12:40:49","date_gmt":"2026-08-14T12:40:49","guid":{"rendered":"https:\/\/mznoticia.com.br\/jaguariaiva\/?p=6500"},"modified":"2026-08-14T12:40:49","modified_gmt":"2026-08-14T12:40:49","slug":"kassab-afirma-que-centrao-esta-com-lula-e-diz-que-chance-de-flavio-bolsonaro-e-zero","status":"publish","type":"post","link":"https:\/\/mznoticia.com.br\/jaguariaiva\/kassab-afirma-que-centrao-esta-com-lula-e-diz-que-chance-de-flavio-bolsonaro-e-zero\/","title":{"rendered":"Kassab afirma que Centr\u00e3o est\u00e1 com Lula e diz que chance de Fl\u00e1vio Bolsonaro \u00e9 \u201czero\u201d"},"content":{"rendered":"<h2>Presidente do PSD fez a declara\u00e7\u00e3o durante encontro com empres\u00e1rios em S\u00e3o Paulo ao lado de Ronaldo Caiado, pr\u00e9-candidato do partido \u00e0 Presid\u00eancia<\/h2>\n<h3>Kassab critica cen\u00e1rio eleitoral<\/h3>\n<p class=\"isSelectedEnd\">Gilberto Kassab, presidente do <strong>PSD<\/strong> e candidato a vice-presidente na chapa de Ronaldo Caiado, afirmou na quinta-feira (13) que, na avalia\u00e7\u00e3o dele, os partidos do <strong>Centr\u00e3o<\/strong> n\u00e3o est\u00e3o neutros na elei\u00e7\u00e3o presidencial e apoiam o presidente Luiz In\u00e1cio Lula da Silva (PT).<\/p>\n<p class=\"isSelectedEnd\">Kassab tamb\u00e9m declarou que considera \u201czero\u201d a possibilidade de <strong>Fl\u00e1vio Bolsonaro (PL)<\/strong> vencer a elei\u00e7\u00e3o presidencial.<\/p>\n<p class=\"isSelectedEnd\">Segundo Kassab, Fl\u00e1vio ainda estaria preservado de desgastes e poderia enfrentar dificuldades ap\u00f3s o in\u00edcio oficial da campanha.<\/p>\n<h3>Mais tempo de televis\u00e3o para Caiado<\/h3>\n<p class=\"isSelectedEnd\">Kassab tamb\u00e9m afirmou que os partidos do Centr\u00e3o teriam \u201cdado um presente\u201d a Ronaldo Caiado ao abrirem m\u00e3o de candidaturas, o que aumentaria o tempo de televis\u00e3o destinado ao candidato do PSD.<\/p>\n<p class=\"isSelectedEnd\">Segundo ele, Caiado passou de cerca de <strong>50 segundos para aproximadamente dois minutos e 20 segundos<\/strong> no hor\u00e1rio eleitoral, o que, na avalia\u00e7\u00e3o de Kassab, poder\u00e1 fazer diferen\u00e7a durante a campanha.<\/p>\n<h3>Encontro reuniu mais de 200 empres\u00e1rios<\/h3>\n<p class=\"isSelectedEnd\">As declara\u00e7\u00f5es foram dadas durante um encontro de <strong>Gilberto Kassab e Ronaldo Caiado com empres\u00e1rios<\/strong>, realizado em Higien\u00f3polis, na regi\u00e3o central de S\u00e3o Paulo.<\/p>\n<p class=\"isSelectedEnd\">O evento teve como objetivo apresentar propostas da chapa para o pa\u00eds e reuniu <strong>mais de 200 empres\u00e1rios e aliados<\/strong> dos setores de agropecu\u00e1ria, ind\u00fastria e minera\u00e7\u00e3o.<\/p>\n<p class=\"isSelectedEnd\">Caiado e Kassab participaram do encontro ao lado de <strong>Aldo Rebelo<\/strong>, coordenador pol\u00edtico da campanha.<\/p>\n<h3>Caiado destaca experi\u00eancia e fala em pacifica\u00e7\u00e3o<\/h3>\n<p class=\"isSelectedEnd\">Durante sua participa\u00e7\u00e3o, Ronaldo Caiado destacou sua experi\u00eancia pol\u00edtica e a aprova\u00e7\u00e3o de sua gest\u00e3o em Goi\u00e1s.<\/p>\n<p class=\"isSelectedEnd\">O candidato tamb\u00e9m fez cr\u00edticas a <strong>Lula e Fl\u00e1vio Bolsonaro<\/strong> e afirmou que, caso seja eleito, pretende governar com o objetivo de <strong>\u201cpacificar o Brasil\u201d<\/strong>.<\/p>\n<p>Entre os participantes do encontro estavam a socialite Narcisa Tamborindeguy, o ex-ministro da Sa\u00fade Luiz Henrique Mandetta, o ex-ministro da Justi\u00e7a Nelson Jobim e o secret\u00e1rio estadual da Sa\u00fade, Eleuses Paiva.<\/p>\n","protected":false},"excerpt":{"rendered":"<p>Presidente do PSD fez a declara\u00e7\u00e3o durante encontro com empres\u00e1rios em S\u00e3o Paulo ao lado de Ronaldo Caiado, pr\u00e9-candidato do partido \u00e0 Presid\u00eancia Kassab critica cen\u00e1rio eleitoral Gilberto Kassab, presidente do PSD e candidato a vice-presidente na chapa de Ronaldo Caiado, afirmou na quinta-feira (13) que, na avalia\u00e7\u00e3o dele, os partidos do Centr\u00e3o n\u00e3o est\u00e3o [&hellip;]<\/p>\n","protected":false},"author":16,"featured_media":6501,"comment_status":"open","ping_status":"open","sticky":false,"template":"","format":"standard","meta":{"footnotes":""},"categories":[372],"tags":[2109],"class_list":["post-6500","post","type-post","status-publish","format-standard","has-post-thumbnail","hentry","category-eleicoes","tag-gilberto-kassab-afirmou-que-o-centrao-apoia-lula-e-avaliou-como-zero-a-chance-de-flavio-bolsonaro-vencer-a-eleicao-presidencial"],"yoast_head":"<!-- This site is optimized with the Yoast SEO plugin v28.1 - https:\/\/yoast.com\/product\/yoast-seo-wordpress\/ -->\n<title>Kassab afirma que Centr\u00e3o est\u00e1 com Lula e diz que chance de Fl\u00e1vio Bolsonaro \u00e9 \u201czero\u201d - Mz Not\u00edcias<\/title>\n<meta name=\"robots\" content=\"index, follow, max-snippet:-1, max-image-preview:large, max-video-preview:-1\" \/>\n<link rel=\"canonical\" href=\"https:\/\/mznoticia.com.br\/jaguariaiva\/kassab-afirma-que-centrao-esta-com-lula-e-diz-que-chance-de-flavio-bolsonaro-e-zero\/\" \/>\n<meta property=\"og:locale\" content=\"pt_BR\" \/>\n<meta property=\"og:type\" content=\"article\" \/>\n<meta property=\"og:title\" content=\"Kassab afirma que Centr\u00e3o est\u00e1 com Lula e diz que chance de Fl\u00e1vio Bolsonaro \u00e9 \u201czero\u201d - Mz Not\u00edcias\" \/>\n<meta property=\"og:description\" content=\"Presidente do PSD fez a declara\u00e7\u00e3o durante encontro com empres\u00e1rios em S\u00e3o Paulo ao lado de Ronaldo Caiado, pr\u00e9-candidato do partido \u00e0 Presid\u00eancia Kassab critica cen\u00e1rio eleitoral Gilberto Kassab, presidente do PSD e candidato a vice-presidente na chapa de Ronaldo Caiado, afirmou na quinta-feira (13) que, na avalia\u00e7\u00e3o dele, os partidos do Centr\u00e3o n\u00e3o est\u00e3o [&hellip;]\" \/>\n<meta property=\"og:url\" content=\"https:\/\/mznoticia.com.br\/jaguariaiva\/kassab-afirma-que-centrao-esta-com-lula-e-diz-que-chance-de-flavio-bolsonaro-e-zero\/\" \/>\n<meta property=\"og:site_name\" content=\"Mz Not\u00edcias\" \/>\n<meta property=\"article:publisher\" content=\"https:\/\/www.facebook.com\/profile.php?id=61573479951222\" \/>\n<meta property=\"article:published_time\" content=\"2026-08-14T12:40:49+00:00\" \/>\n<meta property=\"og:image\" content=\"https:\/\/mznoticia.com.br\/jaguariaiva\/wp-content\/uploads\/2026\/08\/400.webp\" \/>\n\t<meta property=\"og:image:width\" content=\"679\" \/>\n\t<meta property=\"og:image:height\" content=\"452\" \/>\n\t<meta property=\"og:image:type\" content=\"image\/webp\" \/>\n<meta name=\"author\" content=\"Redacao mz\" \/>\n<meta name=\"twitter:card\" content=\"summary_large_image\" \/>\n<meta name=\"twitter:label1\" content=\"Escrito por\" \/>\n\t<meta name=\"twitter:data1\" content=\"Redacao mz\" \/>\n\t<meta name=\"twitter:label2\" content=\"Est. tempo de leitura\" \/>\n\t<meta name=\"twitter:data2\" content=\"2 minutos\" \/>\n<script type=\"application\/ld+json\" class=\"yoast-schema-graph\">{\"@context\":\"https:\\\/\\\/schema.org\",\"@graph\":[{\"@type\":\"Article\",\"@id\":\"https:\\\/\\\/mznoticia.com.br\\\/jaguariaiva\\\/kassab-afirma-que-centrao-esta-com-lula-e-diz-que-chance-de-flavio-bolsonaro-e-zero\\\/#article\",\"isPartOf\":{\"@id\":\"https:\\\/\\\/mznoticia.com.br\\\/jaguariaiva\\\/kassab-afirma-que-centrao-esta-com-lula-e-diz-que-chance-de-flavio-bolsonaro-e-zero\\\/\"},\"author\":{\"name\":\"Redacao mz\",\"@id\":\"https:\\\/\\\/mznoticia.com.br\\\/jaguariaiva\\\/#\\\/schema\\\/person\\\/84012d827247b3f42f37b550da79cd03\"},\"headline\":\"Kassab afirma que Centr\u00e3o est\u00e1 com Lula e diz que chance de Fl\u00e1vio Bolsonaro \u00e9 \u201czero\u201d\",\"datePublished\":\"2026-08-14T12:40:49+00:00\",\"mainEntityOfPage\":{\"@id\":\"https:\\\/\\\/mznoticia.com.br\\\/jaguariaiva\\\/kassab-afirma-que-centrao-esta-com-lula-e-diz-que-chance-de-flavio-bolsonaro-e-zero\\\/\"},\"wordCount\":388,\"commentCount\":0,\"publisher\":{\"@id\":\"https:\\\/\\\/mznoticia.com.br\\\/jaguariaiva\\\/#organization\"},\"image\":{\"@id\":\"https:\\\/\\\/mznoticia.com.br\\\/jaguariaiva\\\/kassab-afirma-que-centrao-esta-com-lula-e-diz-que-chance-de-flavio-bolsonaro-e-zero\\\/#primaryimage\"},\"thumbnailUrl\":\"https:\\\/\\\/mznoticia.com.br\\\/jaguariaiva\\\/wp-content\\\/uploads\\\/2026\\\/08\\\/400.webp\",\"keywords\":[\"Gilberto Kassab afirmou que o Centr\u00e3o apoia Lula e avaliou como \u201czero\u201d a chance de Fl\u00e1vio Bolsonaro vencer a elei\u00e7\u00e3o presidencial.\"],\"articleSection\":[\"Elei\u00e7\u00f5es\"],\"inLanguage\":\"pt-BR\",\"potentialAction\":[{\"@type\":\"CommentAction\",\"name\":\"Comment\",\"target\":[\"https:\\\/\\\/mznoticia.com.br\\\/jaguariaiva\\\/kassab-afirma-que-centrao-esta-com-lula-e-diz-que-chance-de-flavio-bolsonaro-e-zero\\\/#respond\"]}]},{\"@type\":\"WebPage\",\"@id\":\"https:\\\/\\\/mznoticia.com.br\\\/jaguariaiva\\\/kassab-afirma-que-centrao-esta-com-lula-e-diz-que-chance-de-flavio-bolsonaro-e-zero\\\/\",\"url\":\"https:\\\/\\\/mznoticia.com.br\\\/jaguariaiva\\\/kassab-afirma-que-centrao-esta-com-lula-e-diz-que-chance-de-flavio-bolsonaro-e-zero\\\/\",\"name\":\"Kassab afirma que Centr\u00e3o est\u00e1 com Lula e diz que chance de Fl\u00e1vio Bolsonaro \u00e9 \u201czero\u201d - Mz Not\u00edcias\",\"isPartOf\":{\"@id\":\"https:\\\/\\\/mznoticia.com.br\\\/jaguariaiva\\\/#website\"},\"primaryImageOfPage\":{\"@id\":\"https:\\\/\\\/mznoticia.com.br\\\/jaguariaiva\\\/kassab-afirma-que-centrao-esta-com-lula-e-diz-que-chance-de-flavio-bolsonaro-e-zero\\\/#primaryimage\"},\"image\":{\"@id\":\"https:\\\/\\\/mznoticia.com.br\\\/jaguariaiva\\\/kassab-afirma-que-centrao-esta-com-lula-e-diz-que-chance-de-flavio-bolsonaro-e-zero\\\/#primaryimage\"},\"thumbnailUrl\":\"https:\\\/\\\/mznoticia.com.br\\\/jaguariaiva\\\/wp-content\\\/uploads\\\/2026\\\/08\\\/400.webp\",\"datePublished\":\"2026-08-14T12:40:49+00:00\",\"breadcrumb\":{\"@id\":\"https:\\\/\\\/mznoticia.com.br\\\/jaguariaiva\\\/kassab-afirma-que-centrao-esta-com-lula-e-diz-que-chance-de-flavio-bolsonaro-e-zero\\\/#breadcrumb\"},\"inLanguage\":\"pt-BR\",\"potentialAction\":[{\"@type\":\"ReadAction\",\"target\":[\"https:\\\/\\\/mznoticia.com.br\\\/jaguariaiva\\\/kassab-afirma-que-centrao-esta-com-lula-e-diz-que-chance-de-flavio-bolsonaro-e-zero\\\/\"]}]},{\"@type\":\"ImageObject\",\"inLanguage\":\"pt-BR\",\"@id\":\"https:\\\/\\\/mznoticia.com.br\\\/jaguariaiva\\\/kassab-afirma-que-centrao-esta-com-lula-e-diz-que-chance-de-flavio-bolsonaro-e-zero\\\/#primaryimage\",\"url\":\"https:\\\/\\\/mznoticia.com.br\\\/jaguariaiva\\\/wp-content\\\/uploads\\\/2026\\\/08\\\/400.webp\",\"contentUrl\":\"https:\\\/\\\/mznoticia.com.br\\\/jaguariaiva\\\/wp-content\\\/uploads\\\/2026\\\/08\\\/400.webp\",\"width\":679,\"height\":452},{\"@type\":\"BreadcrumbList\",\"@id\":\"https:\\\/\\\/mznoticia.com.br\\\/jaguariaiva\\\/kassab-afirma-que-centrao-esta-com-lula-e-diz-que-chance-de-flavio-bolsonaro-e-zero\\\/#breadcrumb\",\"itemListElement\":[{\"@type\":\"ListItem\",\"position\":1,\"name\":\"Home\",\"item\":\"https:\\\/\\\/mznoticia.com.br\\\/jaguariaiva\\\/\"},{\"@type\":\"ListItem\",\"position\":2,\"name\":\"Kassab afirma que Centr\u00e3o est\u00e1 com Lula e diz que chance de Fl\u00e1vio Bolsonaro \u00e9 \u201czero\u201d\"}]},{\"@type\":\"WebSite\",\"@id\":\"https:\\\/\\\/mznoticia.com.br\\\/jaguariaiva\\\/#website\",\"url\":\"https:\\\/\\\/mznoticia.com.br\\\/jaguariaiva\\\/\",\"name\":\"Mz Not\u00edcia\",\"description\":\"A informa\u00e7\u00e3o que voc\u00ea precisa na hora certa!\",\"publisher\":{\"@id\":\"https:\\\/\\\/mznoticia.com.br\\\/jaguariaiva\\\/#organization\"},\"potentialAction\":[{\"@type\":\"SearchAction\",\"target\":{\"@type\":\"EntryPoint\",\"urlTemplate\":\"https:\\\/\\\/mznoticia.com.br\\\/jaguariaiva\\\/?s={search_term_string}\"},\"query-input\":{\"@type\":\"PropertyValueSpecification\",\"valueRequired\":true,\"valueName\":\"search_term_string\"}}],\"inLanguage\":\"pt-BR\"},{\"@type\":\"Organization\",\"@id\":\"https:\\\/\\\/mznoticia.com.br\\\/jaguariaiva\\\/#organization\",\"name\":\"Mz Not\u00edcia\",\"url\":\"https:\\\/\\\/mznoticia.com.br\\\/jaguariaiva\\\/\",\"logo\":{\"@type\":\"ImageObject\",\"inLanguage\":\"pt-BR\",\"@id\":\"https:\\\/\\\/mznoticia.com.br\\\/jaguariaiva\\\/#\\\/schema\\\/logo\\\/image\\\/\",\"url\":\"https:\\\/\\\/mznoticia.com.br\\\/jaguariaiva\\\/wp-content\\\/uploads\\\/2025\\\/03\\\/Design-sem-nome-4-e1741200616392.png\",\"contentUrl\":\"https:\\\/\\\/mznoticia.com.br\\\/jaguariaiva\\\/wp-content\\\/uploads\\\/2025\\\/03\\\/Design-sem-nome-4-e1741200616392.png\",\"width\":750,\"height\":563,\"caption\":\"Mz Not\u00edcia\"},\"image\":{\"@id\":\"https:\\\/\\\/mznoticia.com.br\\\/jaguariaiva\\\/#\\\/schema\\\/logo\\\/image\\\/\"},\"sameAs\":[\"https:\\\/\\\/www.facebook.com\\\/profile.php?id=61573479951222\",\"https:\\\/\\\/www.instagram.com\\\/mz.jaguariaiva\\\/\"]},{\"@type\":\"Person\",\"@id\":\"https:\\\/\\\/mznoticia.com.br\\\/jaguariaiva\\\/#\\\/schema\\\/person\\\/84012d827247b3f42f37b550da79cd03\",\"name\":\"Redacao mz\",\"image\":{\"@type\":\"ImageObject\",\"inLanguage\":\"pt-BR\",\"@id\":\"https:\\\/\\\/mznoticia.com.br\\\/jaguariaiva\\\/wp-content\\\/uploads\\\/2025\\\/02\\\/mznoticia_jaguariaiva_coluna-150x150.png\",\"url\":\"https:\\\/\\\/mznoticia.com.br\\\/jaguariaiva\\\/wp-content\\\/uploads\\\/2025\\\/02\\\/mznoticia_jaguariaiva_coluna-150x150.png\",\"contentUrl\":\"https:\\\/\\\/mznoticia.com.br\\\/jaguariaiva\\\/wp-content\\\/uploads\\\/2025\\\/02\\\/mznoticia_jaguariaiva_coluna-150x150.png\",\"caption\":\"Redacao mz\"},\"sameAs\":[\"http:\\\/\\\/mznoticia.com.br\"],\"url\":\"https:\\\/\\\/mznoticia.com.br\\\/jaguariaiva\\\/author\\\/lucimara\\\/\"}]}<\/script>\n<!-- \/ Yoast SEO plugin. -->","yoast_head_json":{"title":"Kassab afirma que Centr\u00e3o est\u00e1 com Lula e diz que chance de Fl\u00e1vio Bolsonaro \u00e9 \u201czero\u201d - Mz Not\u00edcias","robots":{"index":"index","follow":"follow","max-snippet":"max-snippet:-1","max-image-preview":"max-image-preview:large","max-video-preview":"max-video-preview:-1"},"canonical":"https:\/\/mznoticia.com.br\/jaguariaiva\/kassab-afirma-que-centrao-esta-com-lula-e-diz-que-chance-de-flavio-bolsonaro-e-zero\/","og_locale":"pt_BR","og_type":"article","og_title":"Kassab afirma que Centr\u00e3o est\u00e1 com Lula e diz que chance de Fl\u00e1vio Bolsonaro \u00e9 \u201czero\u201d - Mz Not\u00edcias","og_description":"Presidente do PSD fez a declara\u00e7\u00e3o durante encontro com empres\u00e1rios em S\u00e3o Paulo ao lado de Ronaldo Caiado, pr\u00e9-candidato do partido \u00e0 Presid\u00eancia Kassab critica cen\u00e1rio eleitoral Gilberto Kassab, presidente do PSD e candidato a vice-presidente na chapa de Ronaldo Caiado, afirmou na quinta-feira (13) que, na avalia\u00e7\u00e3o dele, os partidos do Centr\u00e3o n\u00e3o est\u00e3o [&hellip;]","og_url":"https:\/\/mznoticia.com.br\/jaguariaiva\/kassab-afirma-que-centrao-esta-com-lula-e-diz-que-chance-de-flavio-bolsonaro-e-zero\/","og_site_name":"Mz Not\u00edcias","article_publisher":"https:\/\/www.facebook.com\/profile.php?id=61573479951222","article_published_time":"2026-08-14T12:40:49+00:00","og_image":[{"width":679,"height":452,"url":"https:\/\/mznoticia.com.br\/jaguariaiva\/wp-content\/uploads\/2026\/08\/400.webp","type":"image\/webp"}],"author":"Redacao mz","twitter_card":"summary_large_image","twitter_misc":{"Escrito por":"Redacao mz","Est. tempo de leitura":"2 minutos"},"schema":{"@context":"https:\/\/schema.org","@graph":[{"@type":"Article","@id":"https:\/\/mznoticia.com.br\/jaguariaiva\/kassab-afirma-que-centrao-esta-com-lula-e-diz-que-chance-de-flavio-bolsonaro-e-zero\/#article","isPartOf":{"@id":"https:\/\/mznoticia.com.br\/jaguariaiva\/kassab-afirma-que-centrao-esta-com-lula-e-diz-que-chance-de-flavio-bolsonaro-e-zero\/"},"author":{"name":"Redacao mz","@id":"https:\/\/mznoticia.com.br\/jaguariaiva\/#\/schema\/person\/84012d827247b3f42f37b550da79cd03"},"headline":"Kassab afirma que Centr\u00e3o est\u00e1 com Lula e diz que chance de Fl\u00e1vio Bolsonaro \u00e9 \u201czero\u201d","datePublished":"2026-08-14T12:40:49+00:00","mainEntityOfPage":{"@id":"https:\/\/mznoticia.com.br\/jaguariaiva\/kassab-afirma-que-centrao-esta-com-lula-e-diz-que-chance-de-flavio-bolsonaro-e-zero\/"},"wordCount":388,"commentCount":0,"publisher":{"@id":"https:\/\/mznoticia.com.br\/jaguariaiva\/#organization"},"image":{"@id":"https:\/\/mznoticia.com.br\/jaguariaiva\/kassab-afirma-que-centrao-esta-com-lula-e-diz-que-chance-de-flavio-bolsonaro-e-zero\/#primaryimage"},"thumbnailUrl":"https:\/\/mznoticia.com.br\/jaguariaiva\/wp-content\/uploads\/2026\/08\/400.webp","keywords":["Gilberto Kassab afirmou que o Centr\u00e3o apoia Lula e avaliou como \u201czero\u201d a chance de Fl\u00e1vio Bolsonaro vencer a elei\u00e7\u00e3o presidencial."],"articleSection":["Elei\u00e7\u00f5es"],"inLanguage":"pt-BR","potentialAction":[{"@type":"CommentAction","name":"Comment","target":["https:\/\/mznoticia.com.br\/jaguariaiva\/kassab-afirma-que-centrao-esta-com-lula-e-diz-que-chance-de-flavio-bolsonaro-e-zero\/#respond"]}]},{"@type":"WebPage","@id":"https:\/\/mznoticia.com.br\/jaguariaiva\/kassab-afirma-que-centrao-esta-com-lula-e-diz-que-chance-de-flavio-bolsonaro-e-zero\/","url":"https:\/\/mznoticia.com.br\/jaguariaiva\/kassab-afirma-que-centrao-esta-com-lula-e-diz-que-chance-de-flavio-bolsonaro-e-zero\/","name":"Kassab afirma que Centr\u00e3o est\u00e1 com Lula e diz que chance de Fl\u00e1vio Bolsonaro \u00e9 \u201czero\u201d - Mz Not\u00edcias","isPartOf":{"@id":"https:\/\/mznoticia.com.br\/jaguariaiva\/#website"},"primaryImageOfPage":{"@id":"https:\/\/mznoticia.com.br\/jaguariaiva\/kassab-afirma-que-centrao-esta-com-lula-e-diz-que-chance-de-flavio-bolsonaro-e-zero\/#primaryimage"},"image":{"@id":"https:\/\/mznoticia.com.br\/jaguariaiva\/kassab-afirma-que-centrao-esta-com-lula-e-diz-que-chance-de-flavio-bolsonaro-e-zero\/#primaryimage"},"thumbnailUrl":"https:\/\/mznoticia.com.br\/jaguariaiva\/wp-content\/uploads\/2026\/08\/400.webp","datePublished":"2026-08-14T12:40:49+00:00","breadcrumb":{"@id":"https:\/\/mznoticia.com.br\/jaguariaiva\/kassab-afirma-que-centrao-esta-com-lula-e-diz-que-chance-de-flavio-bolsonaro-e-zero\/#breadcrumb"},"inLanguage":"pt-BR","potentialAction":[{"@type":"ReadAction","target":["https:\/\/mznoticia.com.br\/jaguariaiva\/kassab-afirma-que-centrao-esta-com-lula-e-diz-que-chance-de-flavio-bolsonaro-e-zero\/"]}]},{"@type":"ImageObject","inLanguage":"pt-BR","@id":"https:\/\/mznoticia.com.br\/jaguariaiva\/kassab-afirma-que-centrao-esta-com-lula-e-diz-que-chance-de-flavio-bolsonaro-e-zero\/#primaryimage","url":"https:\/\/mznoticia.com.br\/jaguariaiva\/wp-content\/uploads\/2026\/08\/400.webp","contentUrl":"https:\/\/mznoticia.com.br\/jaguariaiva\/wp-content\/uploads\/2026\/08\/400.webp","width":679,"height":452},{"@type":"BreadcrumbList","@id":"https:\/\/mznoticia.com.br\/jaguariaiva\/kassab-afirma-que-centrao-esta-com-lula-e-diz-que-chance-de-flavio-bolsonaro-e-zero\/#breadcrumb","itemListElement":[{"@type":"ListItem","position":1,"name":"Home","item":"https:\/\/mznoticia.com.br\/jaguariaiva\/"},{"@type":"ListItem","position":2,"name":"Kassab afirma que Centr\u00e3o est\u00e1 com Lula e diz que chance de Fl\u00e1vio Bolsonaro \u00e9 \u201czero\u201d"}]},{"@type":"WebSite","@id":"https:\/\/mznoticia.com.br\/jaguariaiva\/#website","url":"https:\/\/mznoticia.com.br\/jaguariaiva\/","name":"Mz Not\u00edcia","description":"A informa\u00e7\u00e3o que voc\u00ea precisa na hora certa!","publisher":{"@id":"https:\/\/mznoticia.com.br\/jaguariaiva\/#organization"},"potentialAction":[{"@type":"SearchAction","target":{"@type":"EntryPoint","urlTemplate":"https:\/\/mznoticia.com.br\/jaguariaiva\/?s={search_term_string}"},"query-input":{"@type":"PropertyValueSpecification","valueRequired":true,"valueName":"search_term_string"}}],"inLanguage":"pt-BR"},{"@type":"Organization","@id":"https:\/\/mznoticia.com.br\/jaguariaiva\/#organization","name":"Mz Not\u00edcia","url":"https:\/\/mznoticia.com.br\/jaguariaiva\/","logo":{"@type":"ImageObject","inLanguage":"pt-BR","@id":"https:\/\/mznoticia.com.br\/jaguariaiva\/#\/schema\/logo\/image\/","url":"https:\/\/mznoticia.com.br\/jaguariaiva\/wp-content\/uploads\/2025\/03\/Design-sem-nome-4-e1741200616392.png","contentUrl":"https:\/\/mznoticia.com.br\/jaguariaiva\/wp-content\/uploads\/2025\/03\/Design-sem-nome-4-e1741200616392.png","width":750,"height":563,"caption":"Mz Not\u00edcia"},"image":{"@id":"https:\/\/mznoticia.com.br\/jaguariaiva\/#\/schema\/logo\/image\/"},"sameAs":["https:\/\/www.facebook.com\/profile.php?id=61573479951222","https:\/\/www.instagram.com\/mz.jaguariaiva\/"]},{"@type":"Person","@id":"https:\/\/mznoticia.com.br\/jaguariaiva\/#\/schema\/person\/84012d827247b3f42f37b550da79cd03","name":"Redacao mz","image":{"@type":"ImageObject","inLanguage":"pt-BR","@id":"https:\/\/mznoticia.com.br\/jaguariaiva\/wp-content\/uploads\/2025\/02\/mznoticia_jaguariaiva_coluna-150x150.png","url":"https:\/\/mznoticia.com.br\/jaguariaiva\/wp-content\/uploads\/2025\/02\/mznoticia_jaguariaiva_coluna-150x150.png","contentUrl":"https:\/\/mznoticia.com.br\/jaguariaiva\/wp-content\/uploads\/2025\/02\/mznoticia_jaguariaiva_coluna-150x150.png","caption":"Redacao mz"},"sameAs":["http:\/\/mznoticia.com.br"],"url":"https:\/\/mznoticia.com.br\/jaguariaiva\/author\/lucimara\/"}]}},"_links":{"self":[{"href":"https:\/\/mznoticia.com.br\/jaguariaiva\/wp-json\/wp\/v2\/posts\/6500","targetHints":{"allow":["GET"]}}],"collection":[{"href":"https:\/\/mznoticia.com.br\/jaguariaiva\/wp-json\/wp\/v2\/posts"}],"about":[{"href":"https:\/\/mznoticia.com.br\/jaguariaiva\/wp-json\/wp\/v2\/types\/post"}],"author":[{"embeddable":true,"href":"https:\/\/mznoticia.com.br\/jaguariaiva\/wp-json\/wp\/v2\/users\/16"}],"replies":[{"embeddable":true,"href":"https:\/\/mznoticia.com.br\/jaguariaiva\/wp-json\/wp\/v2\/comments?post=6500"}],"version-history":[{"count":1,"href":"https:\/\/mznoticia.com.br\/jaguariaiva\/wp-json\/wp\/v2\/posts\/6500\/revisions"}],"predecessor-version":[{"id":6502,"href":"https:\/\/mznoticia.com.br\/jaguariaiva\/wp-json\/wp\/v2\/posts\/6500\/revisions\/6502"}],"wp:featuredmedia":[{"embeddable":true,"href":"https:\/\/mznoticia.com.br\/jaguariaiva\/wp-json\/wp\/v2\/media\/6501"}],"wp:attachment":[{"href":"https:\/\/mznoticia.com.br\/jaguariaiva\/wp-json\/wp\/v2\/media?parent=6500"}],"wp:term":[{"taxonomy":"category","embeddable":true,"href":"https:\/\/mznoticia.com.br\/jaguariaiva\/wp-json\/wp\/v2\/categories?post=6500"},{"taxonomy":"post_tag","embeddable":true,"href":"https:\/\/mznoticia.com.br\/jaguariaiva\/wp-json\/wp\/v2\/tags?post=6500"}],"curies":[{"name":"wp","href":"https:\/\/api.w.org\/{rel}","templated":true}]}}