{"id":6512,"date":"2026-08-14T14:48:57","date_gmt":"2026-08-14T14:48:57","guid":{"rendered":"https:\/\/mznoticia.com.br\/jaguariaiva\/?p=6512"},"modified":"2026-08-14T14:48:57","modified_gmt":"2026-08-14T14:48:57","slug":"leo-derik-do-athletico-e-condenado-a-13-anos-de-prisao","status":"publish","type":"post","link":"https:\/\/mznoticia.com.br\/jaguariaiva\/leo-derik-do-athletico-e-condenado-a-13-anos-de-prisao\/","title":{"rendered":"L\u00e9o Derik, do Athletico, \u00e9 condenado a 13 anos de pris\u00e3o"},"content":{"rendered":"<p class=\"PDq2pG_selectionAnchorContainer\" data-start=\"62\" data-end=\"277\">O lateral-esquerdo <strong data-start=\"81\" data-end=\"165\">L\u00e9o Derik, do Athletico, foi condenado em primeira inst\u00e2ncia a 13 anos de pris\u00e3o<\/strong>, em regime fechado, por dois estupros contra uma ex-ficante, ocorridos em dezembro de 2023 e fevereiro de 2024.<\/p>\n<p data-start=\"279\" data-end=\"422\">A Justi\u00e7a tamb\u00e9m determinou o pagamento de <strong data-start=\"322\" data-end=\"359\">R$ 20 mil de indeniza\u00e7\u00e3o \u00e0 v\u00edtima<\/strong>. O jogador permanece em liberdade enquanto recorre da decis\u00e3o.<\/p>\n<p data-start=\"424\" data-end=\"649\">A defesa afirmou ter recebido a condena\u00e7\u00e3o com surpresa e anunciou que <strong data-start=\"495\" data-end=\"551\">vai recorrer ao Tribunal de Justi\u00e7a do Paran\u00e1 (TJPR)<\/strong>. O Minist\u00e9rio P\u00fablico havia pedido a absolvi\u00e7\u00e3o do atleta por considerar insuficientes as provas.<\/p>\n<p data-start=\"651\" data-end=\"805\" data-is-last-node=\"\" data-is-only-node=\"\">O Athletico informou que n\u00e3o comentar\u00e1 os detalhes do processo, que tramita em segredo de Justi\u00e7a, e ressaltou que a decis\u00e3o ainda est\u00e1 sujeita a recurso.<\/p>\n","protected":false},"excerpt":{"rendered":"<p>O lateral-esquerdo L\u00e9o Derik, do Athletico, foi condenado em primeira inst\u00e2ncia a 13 anos de pris\u00e3o, em regime fechado, por dois estupros contra uma ex-ficante, ocorridos em dezembro de 2023 e fevereiro de 2024. A Justi\u00e7a tamb\u00e9m determinou o pagamento de R$ 20 mil de indeniza\u00e7\u00e3o \u00e0 v\u00edtima. O jogador permanece em liberdade enquanto recorre [&hellip;]<\/p>\n","protected":false},"author":16,"featured_media":6513,"comment_status":"open","ping_status":"open","sticky":false,"template":"","format":"standard","meta":{"footnotes":""},"categories":[4],"tags":[2121,2122,2123,786,776,39,391,2120,265,398,2124,312],"class_list":["post-6512","post","type-post","status-publish","format-standard","has-post-thumbnail","hentry","category-policial","tag-athletico","tag-athletico-paranaense","tag-condenacao","tag-curitiba","tag-estupro","tag-futebol","tag-justica","tag-leo-derik","tag-policia","tag-seguranca","tag-tribunal-de-justica-do-parana","tag-violencia-contra-a-mulher"],"yoast_head":"<!-- This site is optimized with the Yoast SEO plugin v28.1 - https:\/\/yoast.com\/product\/yoast-seo-wordpress\/ -->\n<title>L\u00e9o Derik, do Athletico, \u00e9 condenado a 13 anos de pris\u00e3o - Mz Not\u00edcias<\/title>\n<meta name=\"description\" content=\"Lateral do Athletico, L\u00e9o Derik foi condenado em primeira inst\u00e2ncia a 13 anos de pris\u00e3o por dois estupros contra uma ex-ficante. Defesa vai recorrer.\" \/>\n<meta name=\"robots\" content=\"index, follow, max-snippet:-1, max-image-preview:large, max-video-preview:-1\" \/>\n<link rel=\"canonical\" href=\"https:\/\/mznoticia.com.br\/jaguariaiva\/leo-derik-do-athletico-e-condenado-a-13-anos-de-prisao\/\" \/>\n<meta property=\"og:locale\" content=\"pt_BR\" \/>\n<meta property=\"og:type\" content=\"article\" \/>\n<meta property=\"og:title\" content=\"L\u00e9o Derik, do Athletico, \u00e9 condenado a 13 anos de pris\u00e3o - Mz Not\u00edcias\" \/>\n<meta property=\"og:description\" content=\"Lateral do Athletico, L\u00e9o Derik foi condenado em primeira inst\u00e2ncia a 13 anos de pris\u00e3o por dois estupros contra uma ex-ficante. Defesa vai recorrer.\" \/>\n<meta property=\"og:url\" content=\"https:\/\/mznoticia.com.br\/jaguariaiva\/leo-derik-do-athletico-e-condenado-a-13-anos-de-prisao\/\" \/>\n<meta property=\"og:site_name\" content=\"Mz Not\u00edcias\" \/>\n<meta property=\"article:publisher\" content=\"https:\/\/www.facebook.com\/profile.php?id=61573479951222\" \/>\n<meta property=\"article:published_time\" content=\"2026-08-14T14:48:57+00:00\" \/>\n<meta property=\"og:image\" content=\"https:\/\/mznoticia.com.br\/jaguariaiva\/wp-content\/uploads\/2026\/08\/01-7.jpg\" \/>\n\t<meta property=\"og:image:width\" content=\"700\" \/>\n\t<meta property=\"og:image:height\" content=\"700\" \/>\n\t<meta property=\"og:image:type\" content=\"image\/jpeg\" \/>\n<meta name=\"author\" content=\"Redacao mz\" \/>\n<meta name=\"twitter:card\" content=\"summary_large_image\" \/>\n<meta name=\"twitter:label1\" content=\"Escrito por\" \/>\n\t<meta name=\"twitter:data1\" content=\"Redacao mz\" \/>\n\t<meta name=\"twitter:label2\" content=\"Est. tempo de leitura\" \/>\n\t<meta name=\"twitter:data2\" content=\"1 minuto\" \/>\n<script type=\"application\/ld+json\" class=\"yoast-schema-graph\">{\"@context\":\"https:\\\/\\\/schema.org\",\"@graph\":[{\"@type\":\"Article\",\"@id\":\"https:\\\/\\\/mznoticia.com.br\\\/jaguariaiva\\\/leo-derik-do-athletico-e-condenado-a-13-anos-de-prisao\\\/#article\",\"isPartOf\":{\"@id\":\"https:\\\/\\\/mznoticia.com.br\\\/jaguariaiva\\\/leo-derik-do-athletico-e-condenado-a-13-anos-de-prisao\\\/\"},\"author\":{\"name\":\"Redacao mz\",\"@id\":\"https:\\\/\\\/mznoticia.com.br\\\/jaguariaiva\\\/#\\\/schema\\\/person\\\/84012d827247b3f42f37b550da79cd03\"},\"headline\":\"L\u00e9o Derik, do Athletico, \u00e9 condenado a 13 anos de pris\u00e3o\",\"datePublished\":\"2026-08-14T14:48:57+00:00\",\"mainEntityOfPage\":{\"@id\":\"https:\\\/\\\/mznoticia.com.br\\\/jaguariaiva\\\/leo-derik-do-athletico-e-condenado-a-13-anos-de-prisao\\\/\"},\"wordCount\":140,\"commentCount\":0,\"publisher\":{\"@id\":\"https:\\\/\\\/mznoticia.com.br\\\/jaguariaiva\\\/#organization\"},\"image\":{\"@id\":\"https:\\\/\\\/mznoticia.com.br\\\/jaguariaiva\\\/leo-derik-do-athletico-e-condenado-a-13-anos-de-prisao\\\/#primaryimage\"},\"thumbnailUrl\":\"https:\\\/\\\/mznoticia.com.br\\\/jaguariaiva\\\/wp-content\\\/uploads\\\/2026\\\/08\\\/01-7.jpg\",\"keywords\":[\"Athletico\",\"Athletico Paranaense\",\"Condena\u00e7\u00e3o\",\"Curitiba\",\"Estupro\",\"futebol\",\"Justi\u00e7a\",\"L\u00e9o Derik\",\"POLICIA\",\"Seguran\u00e7a\",\"Tribunal de Justi\u00e7a do Paran\u00e1\",\"Viol\u00eancia contra a Mulher\"],\"articleSection\":[\"Policial\"],\"inLanguage\":\"pt-BR\",\"potentialAction\":[{\"@type\":\"CommentAction\",\"name\":\"Comment\",\"target\":[\"https:\\\/\\\/mznoticia.com.br\\\/jaguariaiva\\\/leo-derik-do-athletico-e-condenado-a-13-anos-de-prisao\\\/#respond\"]}]},{\"@type\":\"WebPage\",\"@id\":\"https:\\\/\\\/mznoticia.com.br\\\/jaguariaiva\\\/leo-derik-do-athletico-e-condenado-a-13-anos-de-prisao\\\/\",\"url\":\"https:\\\/\\\/mznoticia.com.br\\\/jaguariaiva\\\/leo-derik-do-athletico-e-condenado-a-13-anos-de-prisao\\\/\",\"name\":\"L\u00e9o Derik, do Athletico, \u00e9 condenado a 13 anos de pris\u00e3o - Mz Not\u00edcias\",\"isPartOf\":{\"@id\":\"https:\\\/\\\/mznoticia.com.br\\\/jaguariaiva\\\/#website\"},\"primaryImageOfPage\":{\"@id\":\"https:\\\/\\\/mznoticia.com.br\\\/jaguariaiva\\\/leo-derik-do-athletico-e-condenado-a-13-anos-de-prisao\\\/#primaryimage\"},\"image\":{\"@id\":\"https:\\\/\\\/mznoticia.com.br\\\/jaguariaiva\\\/leo-derik-do-athletico-e-condenado-a-13-anos-de-prisao\\\/#primaryimage\"},\"thumbnailUrl\":\"https:\\\/\\\/mznoticia.com.br\\\/jaguariaiva\\\/wp-content\\\/uploads\\\/2026\\\/08\\\/01-7.jpg\",\"datePublished\":\"2026-08-14T14:48:57+00:00\",\"description\":\"Lateral do Athletico, L\u00e9o Derik foi condenado em primeira inst\u00e2ncia a 13 anos de pris\u00e3o por dois estupros contra uma ex-ficante. Defesa vai recorrer.\",\"breadcrumb\":{\"@id\":\"https:\\\/\\\/mznoticia.com.br\\\/jaguariaiva\\\/leo-derik-do-athletico-e-condenado-a-13-anos-de-prisao\\\/#breadcrumb\"},\"inLanguage\":\"pt-BR\",\"potentialAction\":[{\"@type\":\"ReadAction\",\"target\":[\"https:\\\/\\\/mznoticia.com.br\\\/jaguariaiva\\\/leo-derik-do-athletico-e-condenado-a-13-anos-de-prisao\\\/\"]}]},{\"@type\":\"ImageObject\",\"inLanguage\":\"pt-BR\",\"@id\":\"https:\\\/\\\/mznoticia.com.br\\\/jaguariaiva\\\/leo-derik-do-athletico-e-condenado-a-13-anos-de-prisao\\\/#primaryimage\",\"url\":\"https:\\\/\\\/mznoticia.com.br\\\/jaguariaiva\\\/wp-content\\\/uploads\\\/2026\\\/08\\\/01-7.jpg\",\"contentUrl\":\"https:\\\/\\\/mznoticia.com.br\\\/jaguariaiva\\\/wp-content\\\/uploads\\\/2026\\\/08\\\/01-7.jpg\",\"width\":700,\"height\":700},{\"@type\":\"BreadcrumbList\",\"@id\":\"https:\\\/\\\/mznoticia.com.br\\\/jaguariaiva\\\/leo-derik-do-athletico-e-condenado-a-13-anos-de-prisao\\\/#breadcrumb\",\"itemListElement\":[{\"@type\":\"ListItem\",\"position\":1,\"name\":\"Home\",\"item\":\"https:\\\/\\\/mznoticia.com.br\\\/jaguariaiva\\\/\"},{\"@type\":\"ListItem\",\"position\":2,\"name\":\"L\u00e9o Derik, do Athletico, \u00e9 condenado a 13 anos de pris\u00e3o\"}]},{\"@type\":\"WebSite\",\"@id\":\"https:\\\/\\\/mznoticia.com.br\\\/jaguariaiva\\\/#website\",\"url\":\"https:\\\/\\\/mznoticia.com.br\\\/jaguariaiva\\\/\",\"name\":\"Mz Not\u00edcia\",\"description\":\"A informa\u00e7\u00e3o que voc\u00ea precisa na hora certa!\",\"publisher\":{\"@id\":\"https:\\\/\\\/mznoticia.com.br\\\/jaguariaiva\\\/#organization\"},\"potentialAction\":[{\"@type\":\"SearchAction\",\"target\":{\"@type\":\"EntryPoint\",\"urlTemplate\":\"https:\\\/\\\/mznoticia.com.br\\\/jaguariaiva\\\/?s={search_term_string}\"},\"query-input\":{\"@type\":\"PropertyValueSpecification\",\"valueRequired\":true,\"valueName\":\"search_term_string\"}}],\"inLanguage\":\"pt-BR\"},{\"@type\":\"Organization\",\"@id\":\"https:\\\/\\\/mznoticia.com.br\\\/jaguariaiva\\\/#organization\",\"name\":\"Mz Not\u00edcia\",\"url\":\"https:\\\/\\\/mznoticia.com.br\\\/jaguariaiva\\\/\",\"logo\":{\"@type\":\"ImageObject\",\"inLanguage\":\"pt-BR\",\"@id\":\"https:\\\/\\\/mznoticia.com.br\\\/jaguariaiva\\\/#\\\/schema\\\/logo\\\/image\\\/\",\"url\":\"https:\\\/\\\/mznoticia.com.br\\\/jaguariaiva\\\/wp-content\\\/uploads\\\/2025\\\/03\\\/Design-sem-nome-4-e1741200616392.png\",\"contentUrl\":\"https:\\\/\\\/mznoticia.com.br\\\/jaguariaiva\\\/wp-content\\\/uploads\\\/2025\\\/03\\\/Design-sem-nome-4-e1741200616392.png\",\"width\":750,\"height\":563,\"caption\":\"Mz Not\u00edcia\"},\"image\":{\"@id\":\"https:\\\/\\\/mznoticia.com.br\\\/jaguariaiva\\\/#\\\/schema\\\/logo\\\/image\\\/\"},\"sameAs\":[\"https:\\\/\\\/www.facebook.com\\\/profile.php?id=61573479951222\",\"https:\\\/\\\/www.instagram.com\\\/mz.jaguariaiva\\\/\"]},{\"@type\":\"Person\",\"@id\":\"https:\\\/\\\/mznoticia.com.br\\\/jaguariaiva\\\/#\\\/schema\\\/person\\\/84012d827247b3f42f37b550da79cd03\",\"name\":\"Redacao mz\",\"image\":{\"@type\":\"ImageObject\",\"inLanguage\":\"pt-BR\",\"@id\":\"https:\\\/\\\/mznoticia.com.br\\\/jaguariaiva\\\/wp-content\\\/uploads\\\/2025\\\/02\\\/mznoticia_jaguariaiva_coluna-150x150.png\",\"url\":\"https:\\\/\\\/mznoticia.com.br\\\/jaguariaiva\\\/wp-content\\\/uploads\\\/2025\\\/02\\\/mznoticia_jaguariaiva_coluna-150x150.png\",\"contentUrl\":\"https:\\\/\\\/mznoticia.com.br\\\/jaguariaiva\\\/wp-content\\\/uploads\\\/2025\\\/02\\\/mznoticia_jaguariaiva_coluna-150x150.png\",\"caption\":\"Redacao mz\"},\"sameAs\":[\"http:\\\/\\\/mznoticia.com.br\"],\"url\":\"https:\\\/\\\/mznoticia.com.br\\\/jaguariaiva\\\/author\\\/lucimara\\\/\"}]}<\/script>\n<!-- \/ Yoast SEO plugin. -->","yoast_head_json":{"title":"L\u00e9o Derik, do Athletico, \u00e9 condenado a 13 anos de pris\u00e3o - Mz Not\u00edcias","description":"Lateral do Athletico, L\u00e9o Derik foi condenado em primeira inst\u00e2ncia a 13 anos de pris\u00e3o por dois estupros contra uma ex-ficante. Defesa vai recorrer.","robots":{"index":"index","follow":"follow","max-snippet":"max-snippet:-1","max-image-preview":"max-image-preview:large","max-video-preview":"max-video-preview:-1"},"canonical":"https:\/\/mznoticia.com.br\/jaguariaiva\/leo-derik-do-athletico-e-condenado-a-13-anos-de-prisao\/","og_locale":"pt_BR","og_type":"article","og_title":"L\u00e9o Derik, do Athletico, \u00e9 condenado a 13 anos de pris\u00e3o - Mz Not\u00edcias","og_description":"Lateral do Athletico, L\u00e9o Derik foi condenado em primeira inst\u00e2ncia a 13 anos de pris\u00e3o por dois estupros contra uma ex-ficante. Defesa vai recorrer.","og_url":"https:\/\/mznoticia.com.br\/jaguariaiva\/leo-derik-do-athletico-e-condenado-a-13-anos-de-prisao\/","og_site_name":"Mz Not\u00edcias","article_publisher":"https:\/\/www.facebook.com\/profile.php?id=61573479951222","article_published_time":"2026-08-14T14:48:57+00:00","og_image":[{"width":700,"height":700,"url":"https:\/\/mznoticia.com.br\/jaguariaiva\/wp-content\/uploads\/2026\/08\/01-7.jpg","type":"image\/jpeg"}],"author":"Redacao mz","twitter_card":"summary_large_image","twitter_misc":{"Escrito por":"Redacao mz","Est. tempo de leitura":"1 minuto"},"schema":{"@context":"https:\/\/schema.org","@graph":[{"@type":"Article","@id":"https:\/\/mznoticia.com.br\/jaguariaiva\/leo-derik-do-athletico-e-condenado-a-13-anos-de-prisao\/#article","isPartOf":{"@id":"https:\/\/mznoticia.com.br\/jaguariaiva\/leo-derik-do-athletico-e-condenado-a-13-anos-de-prisao\/"},"author":{"name":"Redacao mz","@id":"https:\/\/mznoticia.com.br\/jaguariaiva\/#\/schema\/person\/84012d827247b3f42f37b550da79cd03"},"headline":"L\u00e9o Derik, do Athletico, \u00e9 condenado a 13 anos de pris\u00e3o","datePublished":"2026-08-14T14:48:57+00:00","mainEntityOfPage":{"@id":"https:\/\/mznoticia.com.br\/jaguariaiva\/leo-derik-do-athletico-e-condenado-a-13-anos-de-prisao\/"},"wordCount":140,"commentCount":0,"publisher":{"@id":"https:\/\/mznoticia.com.br\/jaguariaiva\/#organization"},"image":{"@id":"https:\/\/mznoticia.com.br\/jaguariaiva\/leo-derik-do-athletico-e-condenado-a-13-anos-de-prisao\/#primaryimage"},"thumbnailUrl":"https:\/\/mznoticia.com.br\/jaguariaiva\/wp-content\/uploads\/2026\/08\/01-7.jpg","keywords":["Athletico","Athletico Paranaense","Condena\u00e7\u00e3o","Curitiba","Estupro","futebol","Justi\u00e7a","L\u00e9o Derik","POLICIA","Seguran\u00e7a","Tribunal de Justi\u00e7a do Paran\u00e1","Viol\u00eancia contra a Mulher"],"articleSection":["Policial"],"inLanguage":"pt-BR","potentialAction":[{"@type":"CommentAction","name":"Comment","target":["https:\/\/mznoticia.com.br\/jaguariaiva\/leo-derik-do-athletico-e-condenado-a-13-anos-de-prisao\/#respond"]}]},{"@type":"WebPage","@id":"https:\/\/mznoticia.com.br\/jaguariaiva\/leo-derik-do-athletico-e-condenado-a-13-anos-de-prisao\/","url":"https:\/\/mznoticia.com.br\/jaguariaiva\/leo-derik-do-athletico-e-condenado-a-13-anos-de-prisao\/","name":"L\u00e9o Derik, do Athletico, \u00e9 condenado a 13 anos de pris\u00e3o - Mz Not\u00edcias","isPartOf":{"@id":"https:\/\/mznoticia.com.br\/jaguariaiva\/#website"},"primaryImageOfPage":{"@id":"https:\/\/mznoticia.com.br\/jaguariaiva\/leo-derik-do-athletico-e-condenado-a-13-anos-de-prisao\/#primaryimage"},"image":{"@id":"https:\/\/mznoticia.com.br\/jaguariaiva\/leo-derik-do-athletico-e-condenado-a-13-anos-de-prisao\/#primaryimage"},"thumbnailUrl":"https:\/\/mznoticia.com.br\/jaguariaiva\/wp-content\/uploads\/2026\/08\/01-7.jpg","datePublished":"2026-08-14T14:48:57+00:00","description":"Lateral do Athletico, L\u00e9o Derik foi condenado em primeira inst\u00e2ncia a 13 anos de pris\u00e3o por dois estupros contra uma ex-ficante. Defesa vai recorrer.","breadcrumb":{"@id":"https:\/\/mznoticia.com.br\/jaguariaiva\/leo-derik-do-athletico-e-condenado-a-13-anos-de-prisao\/#breadcrumb"},"inLanguage":"pt-BR","potentialAction":[{"@type":"ReadAction","target":["https:\/\/mznoticia.com.br\/jaguariaiva\/leo-derik-do-athletico-e-condenado-a-13-anos-de-prisao\/"]}]},{"@type":"ImageObject","inLanguage":"pt-BR","@id":"https:\/\/mznoticia.com.br\/jaguariaiva\/leo-derik-do-athletico-e-condenado-a-13-anos-de-prisao\/#primaryimage","url":"https:\/\/mznoticia.com.br\/jaguariaiva\/wp-content\/uploads\/2026\/08\/01-7.jpg","contentUrl":"https:\/\/mznoticia.com.br\/jaguariaiva\/wp-content\/uploads\/2026\/08\/01-7.jpg","width":700,"height":700},{"@type":"BreadcrumbList","@id":"https:\/\/mznoticia.com.br\/jaguariaiva\/leo-derik-do-athletico-e-condenado-a-13-anos-de-prisao\/#breadcrumb","itemListElement":[{"@type":"ListItem","position":1,"name":"Home","item":"https:\/\/mznoticia.com.br\/jaguariaiva\/"},{"@type":"ListItem","position":2,"name":"L\u00e9o Derik, do Athletico, \u00e9 condenado a 13 anos de pris\u00e3o"}]},{"@type":"WebSite","@id":"https:\/\/mznoticia.com.br\/jaguariaiva\/#website","url":"https:\/\/mznoticia.com.br\/jaguariaiva\/","name":"Mz Not\u00edcia","description":"A informa\u00e7\u00e3o que voc\u00ea precisa na hora certa!","publisher":{"@id":"https:\/\/mznoticia.com.br\/jaguariaiva\/#organization"},"potentialAction":[{"@type":"SearchAction","target":{"@type":"EntryPoint","urlTemplate":"https:\/\/mznoticia.com.br\/jaguariaiva\/?s={search_term_string}"},"query-input":{"@type":"PropertyValueSpecification","valueRequired":true,"valueName":"search_term_string"}}],"inLanguage":"pt-BR"},{"@type":"Organization","@id":"https:\/\/mznoticia.com.br\/jaguariaiva\/#organization","name":"Mz Not\u00edcia","url":"https:\/\/mznoticia.com.br\/jaguariaiva\/","logo":{"@type":"ImageObject","inLanguage":"pt-BR","@id":"https:\/\/mznoticia.com.br\/jaguariaiva\/#\/schema\/logo\/image\/","url":"https:\/\/mznoticia.com.br\/jaguariaiva\/wp-content\/uploads\/2025\/03\/Design-sem-nome-4-e1741200616392.png","contentUrl":"https:\/\/mznoticia.com.br\/jaguariaiva\/wp-content\/uploads\/2025\/03\/Design-sem-nome-4-e1741200616392.png","width":750,"height":563,"caption":"Mz Not\u00edcia"},"image":{"@id":"https:\/\/mznoticia.com.br\/jaguariaiva\/#\/schema\/logo\/image\/"},"sameAs":["https:\/\/www.facebook.com\/profile.php?id=61573479951222","https:\/\/www.instagram.com\/mz.jaguariaiva\/"]},{"@type":"Person","@id":"https:\/\/mznoticia.com.br\/jaguariaiva\/#\/schema\/person\/84012d827247b3f42f37b550da79cd03","name":"Redacao mz","image":{"@type":"ImageObject","inLanguage":"pt-BR","@id":"https:\/\/mznoticia.com.br\/jaguariaiva\/wp-content\/uploads\/2025\/02\/mznoticia_jaguariaiva_coluna-150x150.png","url":"https:\/\/mznoticia.com.br\/jaguariaiva\/wp-content\/uploads\/2025\/02\/mznoticia_jaguariaiva_coluna-150x150.png","contentUrl":"https:\/\/mznoticia.com.br\/jaguariaiva\/wp-content\/uploads\/2025\/02\/mznoticia_jaguariaiva_coluna-150x150.png","caption":"Redacao mz"},"sameAs":["http:\/\/mznoticia.com.br"],"url":"https:\/\/mznoticia.com.br\/jaguariaiva\/author\/lucimara\/"}]}},"_links":{"self":[{"href":"https:\/\/mznoticia.com.br\/jaguariaiva\/wp-json\/wp\/v2\/posts\/6512","targetHints":{"allow":["GET"]}}],"collection":[{"href":"https:\/\/mznoticia.com.br\/jaguariaiva\/wp-json\/wp\/v2\/posts"}],"about":[{"href":"https:\/\/mznoticia.com.br\/jaguariaiva\/wp-json\/wp\/v2\/types\/post"}],"author":[{"embeddable":true,"href":"https:\/\/mznoticia.com.br\/jaguariaiva\/wp-json\/wp\/v2\/users\/16"}],"replies":[{"embeddable":true,"href":"https:\/\/mznoticia.com.br\/jaguariaiva\/wp-json\/wp\/v2\/comments?post=6512"}],"version-history":[{"count":1,"href":"https:\/\/mznoticia.com.br\/jaguariaiva\/wp-json\/wp\/v2\/posts\/6512\/revisions"}],"predecessor-version":[{"id":6514,"href":"https:\/\/mznoticia.com.br\/jaguariaiva\/wp-json\/wp\/v2\/posts\/6512\/revisions\/6514"}],"wp:featuredmedia":[{"embeddable":true,"href":"https:\/\/mznoticia.com.br\/jaguariaiva\/wp-json\/wp\/v2\/media\/6513"}],"wp:attachment":[{"href":"https:\/\/mznoticia.com.br\/jaguariaiva\/wp-json\/wp\/v2\/media?parent=6512"}],"wp:term":[{"taxonomy":"category","embeddable":true,"href":"https:\/\/mznoticia.com.br\/jaguariaiva\/wp-json\/wp\/v2\/categories?post=6512"},{"taxonomy":"post_tag","embeddable":true,"href":"https:\/\/mznoticia.com.br\/jaguariaiva\/wp-json\/wp\/v2\/tags?post=6512"}],"curies":[{"name":"wp","href":"https:\/\/api.w.org\/{rel}","templated":true}]}}