{"id":6572,"date":"2026-08-17T14:20:20","date_gmt":"2026-08-17T14:20:20","guid":{"rendered":"https:\/\/mznoticia.com.br\/jaguariaiva\/?p=6572"},"modified":"2026-08-17T14:20:20","modified_gmt":"2026-08-17T14:20:20","slug":"com-duas-paranaenses-brasil-faz-historia-e-conquista-dois-ouros-no-mundial-de-ginastica-ritmica","status":"publish","type":"post","link":"https:\/\/mznoticia.com.br\/jaguariaiva\/com-duas-paranaenses-brasil-faz-historia-e-conquista-dois-ouros-no-mundial-de-ginastica-ritmica\/","title":{"rendered":"Com duas paranaenses, Brasil faz hist\u00f3ria e conquista dois ouros no Mundial de Gin\u00e1stica R\u00edtmica"},"content":{"rendered":"<h2>Julia Kurunczi e Mariana Gon\u00e7alves integram equipe brasileira que conquistou dois t\u00edtulos in\u00e9ditos em Frankfurt, na Alemanha<\/h2>\n<h3>Brasileiras superaram China e Bulg\u00e1ria na final com cinco bolas<\/h3>\n<p class=\"isSelectedEnd\">O Brasil fez hist\u00f3ria neste domingo (16) no <strong>Campeonato Mundial de Gin\u00e1stica R\u00edtmica<\/strong>, disputado em Frankfurt, na Alemanha. A equipe brasileira conquistou duas medalhas de ouro in\u00e9ditas na competi\u00e7\u00e3o, com a participa\u00e7\u00e3o das paranaenses <strong>Julia Kurunczi e Mariana Gon\u00e7alves<\/strong>.<\/p>\n<p class=\"isSelectedEnd\">As duas atletas fazem parte do sexteto brasileiro ao lado de Nicole P\u00edrcio, de S\u00e3o Paulo; Sofia Madeira, do Esp\u00edrito Santo; Maria Paula Caminha, do Amazonas; e Maria Eduarda Arakaki, de Alagoas, que \u00e9 a capit\u00e3 da equipe.<\/p>\n<p class=\"isSelectedEnd\">Das seis ginastas, cinco participam de cada apresenta\u00e7\u00e3o e uma permanece como reserva.<\/p>\n<h3>Ouro na s\u00e9rie com cinco bolas<\/h3>\n<p class=\"isSelectedEnd\">A primeira medalha de ouro veio na apresenta\u00e7\u00e3o com <strong>cinco bolas<\/strong>. Ao som de <em>Feeling Good<\/em>, de Michael Bubl\u00e9, as brasileiras fizeram uma apresenta\u00e7\u00e3o sem erros e receberam <strong>29.450 pontos<\/strong>.<\/p>\n<p class=\"isSelectedEnd\">A avalia\u00e7\u00e3o considera crit\u00e9rios como grau de dificuldade, execu\u00e7\u00e3o e composi\u00e7\u00e3o art\u00edstica.<\/p>\n<p class=\"isSelectedEnd\">A nota foi a maior registrada no mundo na temporada e garantiu ao Brasil o primeiro lugar, \u00e0 frente da <strong>China<\/strong>, que ficou com a prata, com 28.900 pontos, e da <strong>Bulg\u00e1ria<\/strong>, medalhista de bronze, com 28.400.<\/p>\n<h3>Segundo ouro veio na s\u00e9rie mista<\/h3>\n<p class=\"isSelectedEnd\">Horas depois, as brasileiras voltaram ao tablado para disputar a final da <strong>s\u00e9rie mista<\/strong>, que combina tr\u00eas arcos e duas ma\u00e7as.<\/p>\n<p class=\"isSelectedEnd\">Ao som de <em>Abracadabra<\/em>, de Lady Gaga, as Leoas, como a equipe brasileira \u00e9 conhecida, repetiram o desempenho de alto n\u00edvel e novamente conquistaram a nota <strong>29.450<\/strong>.<\/p>\n<p class=\"isSelectedEnd\">O resultado garantiu ao Brasil o segundo ouro in\u00e9dito no Mundial.<\/p>\n<p class=\"isSelectedEnd\">A <strong>Espanha<\/strong>, campe\u00e3 geral da competi\u00e7\u00e3o no s\u00e1bado (15), terminou na segunda coloca\u00e7\u00e3o, com 29.050 pontos. A Bulg\u00e1ria ficou com o bronze, com 28.750.<\/p>\n<h3>Conquista hist\u00f3rica para a gin\u00e1stica brasileira<\/h3>\n<p class=\"isSelectedEnd\">Os dois t\u00edtulos representam um momento hist\u00f3rico para a gin\u00e1stica r\u00edtmica brasileira. Al\u00e9m das conquistas in\u00e9ditas, o resultado coloca o conjunto nacional entre as principais for\u00e7as da modalidade no cen\u00e1rio internacional.<\/p>\n<p>Para as paranaenses Julia Kurunczi e Mariana Gon\u00e7alves, os t\u00edtulos tamb\u00e9m marcam um momento de destaque na carreira ao integrarem a equipe respons\u00e1vel por colocar o Brasil no topo do p\u00f3dio mundial em duas provas.<\/p>\n","protected":false},"excerpt":{"rendered":"<p>Julia Kurunczi e Mariana Gon\u00e7alves integram equipe brasileira que conquistou dois t\u00edtulos in\u00e9ditos em Frankfurt, na Alemanha Brasileiras superaram China e Bulg\u00e1ria na final com cinco bolas O Brasil fez hist\u00f3ria neste domingo (16) no Campeonato Mundial de Gin\u00e1stica R\u00edtmica, disputado em Frankfurt, na Alemanha. A equipe brasileira conquistou duas medalhas de ouro in\u00e9ditas na [&hellip;]<\/p>\n","protected":false},"author":16,"featured_media":6573,"comment_status":"open","ping_status":"open","sticky":false,"template":"","format":"standard","meta":{"footnotes":""},"categories":[9],"tags":[2172,82,2168,512,2169,2170,2171,2173,77],"class_list":["post-6572","post","type-post","status-publish","format-standard","has-post-thumbnail","hentry","category-esportes","tag-alemanha","tag-brasil","tag-destaque-ginastica-ritmica","tag-esporte","tag-julia-kurunczi","tag-mariana-goncalves","tag-mundial-de-ginastica","tag-ouro","tag-parana"],"yoast_head":"<!-- This site is optimized with the Yoast SEO plugin v28.1 - https:\/\/yoast.com\/product\/yoast-seo-wordpress\/ -->\n<title>Com duas paranaenses, Brasil faz hist\u00f3ria e conquista dois ouros no Mundial de Gin\u00e1stica R\u00edtmica - Mz Not\u00edcias<\/title>\n<meta name=\"description\" content=\"Julia Kurunczi e Mariana Gon\u00e7alves fazem parte da equipe brasileira que conquistou dois ouros in\u00e9ditos no Mundial de Gin\u00e1stica R\u00edtmica, na Alemanha.\" \/>\n<meta name=\"robots\" content=\"index, follow, max-snippet:-1, max-image-preview:large, max-video-preview:-1\" \/>\n<link rel=\"canonical\" href=\"https:\/\/mznoticia.com.br\/jaguariaiva\/com-duas-paranaenses-brasil-faz-historia-e-conquista-dois-ouros-no-mundial-de-ginastica-ritmica\/\" \/>\n<meta property=\"og:locale\" content=\"pt_BR\" \/>\n<meta property=\"og:type\" content=\"article\" \/>\n<meta property=\"og:title\" content=\"Com duas paranaenses, Brasil faz hist\u00f3ria e conquista dois ouros no Mundial de Gin\u00e1stica R\u00edtmica - Mz Not\u00edcias\" \/>\n<meta property=\"og:description\" content=\"Julia Kurunczi e Mariana Gon\u00e7alves fazem parte da equipe brasileira que conquistou dois ouros in\u00e9ditos no Mundial de Gin\u00e1stica R\u00edtmica, na Alemanha.\" \/>\n<meta property=\"og:url\" content=\"https:\/\/mznoticia.com.br\/jaguariaiva\/com-duas-paranaenses-brasil-faz-historia-e-conquista-dois-ouros-no-mundial-de-ginastica-ritmica\/\" \/>\n<meta property=\"og:site_name\" content=\"Mz Not\u00edcias\" \/>\n<meta property=\"article:publisher\" content=\"https:\/\/www.facebook.com\/profile.php?id=61573479951222\" \/>\n<meta property=\"article:published_time\" content=\"2026-08-17T14:20:20+00:00\" \/>\n<meta property=\"og:image\" content=\"https:\/\/mznoticia.com.br\/jaguariaiva\/wp-content\/uploads\/2026\/08\/10-5.jpg\" \/>\n\t<meta property=\"og:image:width\" content=\"678\" \/>\n\t<meta property=\"og:image:height\" content=\"452\" \/>\n\t<meta property=\"og:image:type\" content=\"image\/jpeg\" \/>\n<meta name=\"author\" content=\"Redacao mz\" \/>\n<meta name=\"twitter:card\" content=\"summary_large_image\" \/>\n<meta name=\"twitter:label1\" content=\"Escrito por\" \/>\n\t<meta name=\"twitter:data1\" content=\"Redacao mz\" \/>\n\t<meta name=\"twitter:label2\" content=\"Est. tempo de leitura\" \/>\n\t<meta name=\"twitter:data2\" content=\"3 minutos\" \/>\n<script type=\"application\/ld+json\" class=\"yoast-schema-graph\">{\"@context\":\"https:\\\/\\\/schema.org\",\"@graph\":[{\"@type\":\"Article\",\"@id\":\"https:\\\/\\\/mznoticia.com.br\\\/jaguariaiva\\\/com-duas-paranaenses-brasil-faz-historia-e-conquista-dois-ouros-no-mundial-de-ginastica-ritmica\\\/#article\",\"isPartOf\":{\"@id\":\"https:\\\/\\\/mznoticia.com.br\\\/jaguariaiva\\\/com-duas-paranaenses-brasil-faz-historia-e-conquista-dois-ouros-no-mundial-de-ginastica-ritmica\\\/\"},\"author\":{\"name\":\"Redacao mz\",\"@id\":\"https:\\\/\\\/mznoticia.com.br\\\/jaguariaiva\\\/#\\\/schema\\\/person\\\/84012d827247b3f42f37b550da79cd03\"},\"headline\":\"Com duas paranaenses, Brasil faz hist\u00f3ria e conquista dois ouros no Mundial de Gin\u00e1stica R\u00edtmica\",\"datePublished\":\"2026-08-17T14:20:20+00:00\",\"mainEntityOfPage\":{\"@id\":\"https:\\\/\\\/mznoticia.com.br\\\/jaguariaiva\\\/com-duas-paranaenses-brasil-faz-historia-e-conquista-dois-ouros-no-mundial-de-ginastica-ritmica\\\/\"},\"wordCount\":419,\"commentCount\":0,\"publisher\":{\"@id\":\"https:\\\/\\\/mznoticia.com.br\\\/jaguariaiva\\\/#organization\"},\"image\":{\"@id\":\"https:\\\/\\\/mznoticia.com.br\\\/jaguariaiva\\\/com-duas-paranaenses-brasil-faz-historia-e-conquista-dois-ouros-no-mundial-de-ginastica-ritmica\\\/#primaryimage\"},\"thumbnailUrl\":\"https:\\\/\\\/mznoticia.com.br\\\/jaguariaiva\\\/wp-content\\\/uploads\\\/2026\\\/08\\\/10-5.jpg\",\"keywords\":[\"Alemanha\",\"brasil\",\"DESTAQUE.Gin\u00e1stica R\u00edtmica\",\"Esporte\",\"Julia Kurunczi\",\"Mariana Gon\u00e7alves\",\"Mundial de Gin\u00e1stica\",\"ouro\",\"parana\"],\"articleSection\":[\"Esportes\"],\"inLanguage\":\"pt-BR\",\"potentialAction\":[{\"@type\":\"CommentAction\",\"name\":\"Comment\",\"target\":[\"https:\\\/\\\/mznoticia.com.br\\\/jaguariaiva\\\/com-duas-paranaenses-brasil-faz-historia-e-conquista-dois-ouros-no-mundial-de-ginastica-ritmica\\\/#respond\"]}]},{\"@type\":\"WebPage\",\"@id\":\"https:\\\/\\\/mznoticia.com.br\\\/jaguariaiva\\\/com-duas-paranaenses-brasil-faz-historia-e-conquista-dois-ouros-no-mundial-de-ginastica-ritmica\\\/\",\"url\":\"https:\\\/\\\/mznoticia.com.br\\\/jaguariaiva\\\/com-duas-paranaenses-brasil-faz-historia-e-conquista-dois-ouros-no-mundial-de-ginastica-ritmica\\\/\",\"name\":\"Com duas paranaenses, Brasil faz hist\u00f3ria e conquista dois ouros no Mundial de Gin\u00e1stica R\u00edtmica - Mz Not\u00edcias\",\"isPartOf\":{\"@id\":\"https:\\\/\\\/mznoticia.com.br\\\/jaguariaiva\\\/#website\"},\"primaryImageOfPage\":{\"@id\":\"https:\\\/\\\/mznoticia.com.br\\\/jaguariaiva\\\/com-duas-paranaenses-brasil-faz-historia-e-conquista-dois-ouros-no-mundial-de-ginastica-ritmica\\\/#primaryimage\"},\"image\":{\"@id\":\"https:\\\/\\\/mznoticia.com.br\\\/jaguariaiva\\\/com-duas-paranaenses-brasil-faz-historia-e-conquista-dois-ouros-no-mundial-de-ginastica-ritmica\\\/#primaryimage\"},\"thumbnailUrl\":\"https:\\\/\\\/mznoticia.com.br\\\/jaguariaiva\\\/wp-content\\\/uploads\\\/2026\\\/08\\\/10-5.jpg\",\"datePublished\":\"2026-08-17T14:20:20+00:00\",\"description\":\"Julia Kurunczi e Mariana Gon\u00e7alves fazem parte da equipe brasileira que conquistou dois ouros in\u00e9ditos no Mundial de Gin\u00e1stica R\u00edtmica, na Alemanha.\",\"breadcrumb\":{\"@id\":\"https:\\\/\\\/mznoticia.com.br\\\/jaguariaiva\\\/com-duas-paranaenses-brasil-faz-historia-e-conquista-dois-ouros-no-mundial-de-ginastica-ritmica\\\/#breadcrumb\"},\"inLanguage\":\"pt-BR\",\"potentialAction\":[{\"@type\":\"ReadAction\",\"target\":[\"https:\\\/\\\/mznoticia.com.br\\\/jaguariaiva\\\/com-duas-paranaenses-brasil-faz-historia-e-conquista-dois-ouros-no-mundial-de-ginastica-ritmica\\\/\"]}]},{\"@type\":\"ImageObject\",\"inLanguage\":\"pt-BR\",\"@id\":\"https:\\\/\\\/mznoticia.com.br\\\/jaguariaiva\\\/com-duas-paranaenses-brasil-faz-historia-e-conquista-dois-ouros-no-mundial-de-ginastica-ritmica\\\/#primaryimage\",\"url\":\"https:\\\/\\\/mznoticia.com.br\\\/jaguariaiva\\\/wp-content\\\/uploads\\\/2026\\\/08\\\/10-5.jpg\",\"contentUrl\":\"https:\\\/\\\/mznoticia.com.br\\\/jaguariaiva\\\/wp-content\\\/uploads\\\/2026\\\/08\\\/10-5.jpg\",\"width\":678,\"height\":452},{\"@type\":\"BreadcrumbList\",\"@id\":\"https:\\\/\\\/mznoticia.com.br\\\/jaguariaiva\\\/com-duas-paranaenses-brasil-faz-historia-e-conquista-dois-ouros-no-mundial-de-ginastica-ritmica\\\/#breadcrumb\",\"itemListElement\":[{\"@type\":\"ListItem\",\"position\":1,\"name\":\"Home\",\"item\":\"https:\\\/\\\/mznoticia.com.br\\\/jaguariaiva\\\/\"},{\"@type\":\"ListItem\",\"position\":2,\"name\":\"Com duas paranaenses, Brasil faz hist\u00f3ria e conquista dois ouros no Mundial de Gin\u00e1stica R\u00edtmica\"}]},{\"@type\":\"WebSite\",\"@id\":\"https:\\\/\\\/mznoticia.com.br\\\/jaguariaiva\\\/#website\",\"url\":\"https:\\\/\\\/mznoticia.com.br\\\/jaguariaiva\\\/\",\"name\":\"Mz Not\u00edcia\",\"description\":\"A informa\u00e7\u00e3o que voc\u00ea precisa na hora certa!\",\"publisher\":{\"@id\":\"https:\\\/\\\/mznoticia.com.br\\\/jaguariaiva\\\/#organization\"},\"potentialAction\":[{\"@type\":\"SearchAction\",\"target\":{\"@type\":\"EntryPoint\",\"urlTemplate\":\"https:\\\/\\\/mznoticia.com.br\\\/jaguariaiva\\\/?s={search_term_string}\"},\"query-input\":{\"@type\":\"PropertyValueSpecification\",\"valueRequired\":true,\"valueName\":\"search_term_string\"}}],\"inLanguage\":\"pt-BR\"},{\"@type\":\"Organization\",\"@id\":\"https:\\\/\\\/mznoticia.com.br\\\/jaguariaiva\\\/#organization\",\"name\":\"Mz Not\u00edcia\",\"url\":\"https:\\\/\\\/mznoticia.com.br\\\/jaguariaiva\\\/\",\"logo\":{\"@type\":\"ImageObject\",\"inLanguage\":\"pt-BR\",\"@id\":\"https:\\\/\\\/mznoticia.com.br\\\/jaguariaiva\\\/#\\\/schema\\\/logo\\\/image\\\/\",\"url\":\"https:\\\/\\\/mznoticia.com.br\\\/jaguariaiva\\\/wp-content\\\/uploads\\\/2025\\\/03\\\/Design-sem-nome-4-e1741200616392.png\",\"contentUrl\":\"https:\\\/\\\/mznoticia.com.br\\\/jaguariaiva\\\/wp-content\\\/uploads\\\/2025\\\/03\\\/Design-sem-nome-4-e1741200616392.png\",\"width\":750,\"height\":563,\"caption\":\"Mz Not\u00edcia\"},\"image\":{\"@id\":\"https:\\\/\\\/mznoticia.com.br\\\/jaguariaiva\\\/#\\\/schema\\\/logo\\\/image\\\/\"},\"sameAs\":[\"https:\\\/\\\/www.facebook.com\\\/profile.php?id=61573479951222\",\"https:\\\/\\\/www.instagram.com\\\/mz.jaguariaiva\\\/\"]},{\"@type\":\"Person\",\"@id\":\"https:\\\/\\\/mznoticia.com.br\\\/jaguariaiva\\\/#\\\/schema\\\/person\\\/84012d827247b3f42f37b550da79cd03\",\"name\":\"Redacao mz\",\"image\":{\"@type\":\"ImageObject\",\"inLanguage\":\"pt-BR\",\"@id\":\"https:\\\/\\\/mznoticia.com.br\\\/jaguariaiva\\\/wp-content\\\/uploads\\\/2025\\\/02\\\/mznoticia_jaguariaiva_coluna-150x150.png\",\"url\":\"https:\\\/\\\/mznoticia.com.br\\\/jaguariaiva\\\/wp-content\\\/uploads\\\/2025\\\/02\\\/mznoticia_jaguariaiva_coluna-150x150.png\",\"contentUrl\":\"https:\\\/\\\/mznoticia.com.br\\\/jaguariaiva\\\/wp-content\\\/uploads\\\/2025\\\/02\\\/mznoticia_jaguariaiva_coluna-150x150.png\",\"caption\":\"Redacao mz\"},\"sameAs\":[\"http:\\\/\\\/mznoticia.com.br\"],\"url\":\"https:\\\/\\\/mznoticia.com.br\\\/jaguariaiva\\\/author\\\/lucimara\\\/\"}]}<\/script>\n<!-- \/ Yoast SEO plugin. -->","yoast_head_json":{"title":"Com duas paranaenses, Brasil faz hist\u00f3ria e conquista dois ouros no Mundial de Gin\u00e1stica R\u00edtmica - Mz Not\u00edcias","description":"Julia Kurunczi e Mariana Gon\u00e7alves fazem parte da equipe brasileira que conquistou dois ouros in\u00e9ditos no Mundial de Gin\u00e1stica R\u00edtmica, na Alemanha.","robots":{"index":"index","follow":"follow","max-snippet":"max-snippet:-1","max-image-preview":"max-image-preview:large","max-video-preview":"max-video-preview:-1"},"canonical":"https:\/\/mznoticia.com.br\/jaguariaiva\/com-duas-paranaenses-brasil-faz-historia-e-conquista-dois-ouros-no-mundial-de-ginastica-ritmica\/","og_locale":"pt_BR","og_type":"article","og_title":"Com duas paranaenses, Brasil faz hist\u00f3ria e conquista dois ouros no Mundial de Gin\u00e1stica R\u00edtmica - Mz Not\u00edcias","og_description":"Julia Kurunczi e Mariana Gon\u00e7alves fazem parte da equipe brasileira que conquistou dois ouros in\u00e9ditos no Mundial de Gin\u00e1stica R\u00edtmica, na Alemanha.","og_url":"https:\/\/mznoticia.com.br\/jaguariaiva\/com-duas-paranaenses-brasil-faz-historia-e-conquista-dois-ouros-no-mundial-de-ginastica-ritmica\/","og_site_name":"Mz Not\u00edcias","article_publisher":"https:\/\/www.facebook.com\/profile.php?id=61573479951222","article_published_time":"2026-08-17T14:20:20+00:00","og_image":[{"width":678,"height":452,"url":"https:\/\/mznoticia.com.br\/jaguariaiva\/wp-content\/uploads\/2026\/08\/10-5.jpg","type":"image\/jpeg"}],"author":"Redacao mz","twitter_card":"summary_large_image","twitter_misc":{"Escrito por":"Redacao mz","Est. tempo de leitura":"3 minutos"},"schema":{"@context":"https:\/\/schema.org","@graph":[{"@type":"Article","@id":"https:\/\/mznoticia.com.br\/jaguariaiva\/com-duas-paranaenses-brasil-faz-historia-e-conquista-dois-ouros-no-mundial-de-ginastica-ritmica\/#article","isPartOf":{"@id":"https:\/\/mznoticia.com.br\/jaguariaiva\/com-duas-paranaenses-brasil-faz-historia-e-conquista-dois-ouros-no-mundial-de-ginastica-ritmica\/"},"author":{"name":"Redacao mz","@id":"https:\/\/mznoticia.com.br\/jaguariaiva\/#\/schema\/person\/84012d827247b3f42f37b550da79cd03"},"headline":"Com duas paranaenses, Brasil faz hist\u00f3ria e conquista dois ouros no Mundial de Gin\u00e1stica R\u00edtmica","datePublished":"2026-08-17T14:20:20+00:00","mainEntityOfPage":{"@id":"https:\/\/mznoticia.com.br\/jaguariaiva\/com-duas-paranaenses-brasil-faz-historia-e-conquista-dois-ouros-no-mundial-de-ginastica-ritmica\/"},"wordCount":419,"commentCount":0,"publisher":{"@id":"https:\/\/mznoticia.com.br\/jaguariaiva\/#organization"},"image":{"@id":"https:\/\/mznoticia.com.br\/jaguariaiva\/com-duas-paranaenses-brasil-faz-historia-e-conquista-dois-ouros-no-mundial-de-ginastica-ritmica\/#primaryimage"},"thumbnailUrl":"https:\/\/mznoticia.com.br\/jaguariaiva\/wp-content\/uploads\/2026\/08\/10-5.jpg","keywords":["Alemanha","brasil","DESTAQUE.Gin\u00e1stica R\u00edtmica","Esporte","Julia Kurunczi","Mariana Gon\u00e7alves","Mundial de Gin\u00e1stica","ouro","parana"],"articleSection":["Esportes"],"inLanguage":"pt-BR","potentialAction":[{"@type":"CommentAction","name":"Comment","target":["https:\/\/mznoticia.com.br\/jaguariaiva\/com-duas-paranaenses-brasil-faz-historia-e-conquista-dois-ouros-no-mundial-de-ginastica-ritmica\/#respond"]}]},{"@type":"WebPage","@id":"https:\/\/mznoticia.com.br\/jaguariaiva\/com-duas-paranaenses-brasil-faz-historia-e-conquista-dois-ouros-no-mundial-de-ginastica-ritmica\/","url":"https:\/\/mznoticia.com.br\/jaguariaiva\/com-duas-paranaenses-brasil-faz-historia-e-conquista-dois-ouros-no-mundial-de-ginastica-ritmica\/","name":"Com duas paranaenses, Brasil faz hist\u00f3ria e conquista dois ouros no Mundial de Gin\u00e1stica R\u00edtmica - Mz Not\u00edcias","isPartOf":{"@id":"https:\/\/mznoticia.com.br\/jaguariaiva\/#website"},"primaryImageOfPage":{"@id":"https:\/\/mznoticia.com.br\/jaguariaiva\/com-duas-paranaenses-brasil-faz-historia-e-conquista-dois-ouros-no-mundial-de-ginastica-ritmica\/#primaryimage"},"image":{"@id":"https:\/\/mznoticia.com.br\/jaguariaiva\/com-duas-paranaenses-brasil-faz-historia-e-conquista-dois-ouros-no-mundial-de-ginastica-ritmica\/#primaryimage"},"thumbnailUrl":"https:\/\/mznoticia.com.br\/jaguariaiva\/wp-content\/uploads\/2026\/08\/10-5.jpg","datePublished":"2026-08-17T14:20:20+00:00","description":"Julia Kurunczi e Mariana Gon\u00e7alves fazem parte da equipe brasileira que conquistou dois ouros in\u00e9ditos no Mundial de Gin\u00e1stica R\u00edtmica, na Alemanha.","breadcrumb":{"@id":"https:\/\/mznoticia.com.br\/jaguariaiva\/com-duas-paranaenses-brasil-faz-historia-e-conquista-dois-ouros-no-mundial-de-ginastica-ritmica\/#breadcrumb"},"inLanguage":"pt-BR","potentialAction":[{"@type":"ReadAction","target":["https:\/\/mznoticia.com.br\/jaguariaiva\/com-duas-paranaenses-brasil-faz-historia-e-conquista-dois-ouros-no-mundial-de-ginastica-ritmica\/"]}]},{"@type":"ImageObject","inLanguage":"pt-BR","@id":"https:\/\/mznoticia.com.br\/jaguariaiva\/com-duas-paranaenses-brasil-faz-historia-e-conquista-dois-ouros-no-mundial-de-ginastica-ritmica\/#primaryimage","url":"https:\/\/mznoticia.com.br\/jaguariaiva\/wp-content\/uploads\/2026\/08\/10-5.jpg","contentUrl":"https:\/\/mznoticia.com.br\/jaguariaiva\/wp-content\/uploads\/2026\/08\/10-5.jpg","width":678,"height":452},{"@type":"BreadcrumbList","@id":"https:\/\/mznoticia.com.br\/jaguariaiva\/com-duas-paranaenses-brasil-faz-historia-e-conquista-dois-ouros-no-mundial-de-ginastica-ritmica\/#breadcrumb","itemListElement":[{"@type":"ListItem","position":1,"name":"Home","item":"https:\/\/mznoticia.com.br\/jaguariaiva\/"},{"@type":"ListItem","position":2,"name":"Com duas paranaenses, Brasil faz hist\u00f3ria e conquista dois ouros no Mundial de Gin\u00e1stica R\u00edtmica"}]},{"@type":"WebSite","@id":"https:\/\/mznoticia.com.br\/jaguariaiva\/#website","url":"https:\/\/mznoticia.com.br\/jaguariaiva\/","name":"Mz Not\u00edcia","description":"A informa\u00e7\u00e3o que voc\u00ea precisa na hora certa!","publisher":{"@id":"https:\/\/mznoticia.com.br\/jaguariaiva\/#organization"},"potentialAction":[{"@type":"SearchAction","target":{"@type":"EntryPoint","urlTemplate":"https:\/\/mznoticia.com.br\/jaguariaiva\/?s={search_term_string}"},"query-input":{"@type":"PropertyValueSpecification","valueRequired":true,"valueName":"search_term_string"}}],"inLanguage":"pt-BR"},{"@type":"Organization","@id":"https:\/\/mznoticia.com.br\/jaguariaiva\/#organization","name":"Mz Not\u00edcia","url":"https:\/\/mznoticia.com.br\/jaguariaiva\/","logo":{"@type":"ImageObject","inLanguage":"pt-BR","@id":"https:\/\/mznoticia.com.br\/jaguariaiva\/#\/schema\/logo\/image\/","url":"https:\/\/mznoticia.com.br\/jaguariaiva\/wp-content\/uploads\/2025\/03\/Design-sem-nome-4-e1741200616392.png","contentUrl":"https:\/\/mznoticia.com.br\/jaguariaiva\/wp-content\/uploads\/2025\/03\/Design-sem-nome-4-e1741200616392.png","width":750,"height":563,"caption":"Mz Not\u00edcia"},"image":{"@id":"https:\/\/mznoticia.com.br\/jaguariaiva\/#\/schema\/logo\/image\/"},"sameAs":["https:\/\/www.facebook.com\/profile.php?id=61573479951222","https:\/\/www.instagram.com\/mz.jaguariaiva\/"]},{"@type":"Person","@id":"https:\/\/mznoticia.com.br\/jaguariaiva\/#\/schema\/person\/84012d827247b3f42f37b550da79cd03","name":"Redacao mz","image":{"@type":"ImageObject","inLanguage":"pt-BR","@id":"https:\/\/mznoticia.com.br\/jaguariaiva\/wp-content\/uploads\/2025\/02\/mznoticia_jaguariaiva_coluna-150x150.png","url":"https:\/\/mznoticia.com.br\/jaguariaiva\/wp-content\/uploads\/2025\/02\/mznoticia_jaguariaiva_coluna-150x150.png","contentUrl":"https:\/\/mznoticia.com.br\/jaguariaiva\/wp-content\/uploads\/2025\/02\/mznoticia_jaguariaiva_coluna-150x150.png","caption":"Redacao mz"},"sameAs":["http:\/\/mznoticia.com.br"],"url":"https:\/\/mznoticia.com.br\/jaguariaiva\/author\/lucimara\/"}]}},"_links":{"self":[{"href":"https:\/\/mznoticia.com.br\/jaguariaiva\/wp-json\/wp\/v2\/posts\/6572","targetHints":{"allow":["GET"]}}],"collection":[{"href":"https:\/\/mznoticia.com.br\/jaguariaiva\/wp-json\/wp\/v2\/posts"}],"about":[{"href":"https:\/\/mznoticia.com.br\/jaguariaiva\/wp-json\/wp\/v2\/types\/post"}],"author":[{"embeddable":true,"href":"https:\/\/mznoticia.com.br\/jaguariaiva\/wp-json\/wp\/v2\/users\/16"}],"replies":[{"embeddable":true,"href":"https:\/\/mznoticia.com.br\/jaguariaiva\/wp-json\/wp\/v2\/comments?post=6572"}],"version-history":[{"count":1,"href":"https:\/\/mznoticia.com.br\/jaguariaiva\/wp-json\/wp\/v2\/posts\/6572\/revisions"}],"predecessor-version":[{"id":6574,"href":"https:\/\/mznoticia.com.br\/jaguariaiva\/wp-json\/wp\/v2\/posts\/6572\/revisions\/6574"}],"wp:featuredmedia":[{"embeddable":true,"href":"https:\/\/mznoticia.com.br\/jaguariaiva\/wp-json\/wp\/v2\/media\/6573"}],"wp:attachment":[{"href":"https:\/\/mznoticia.com.br\/jaguariaiva\/wp-json\/wp\/v2\/media?parent=6572"}],"wp:term":[{"taxonomy":"category","embeddable":true,"href":"https:\/\/mznoticia.com.br\/jaguariaiva\/wp-json\/wp\/v2\/categories?post=6572"},{"taxonomy":"post_tag","embeddable":true,"href":"https:\/\/mznoticia.com.br\/jaguariaiva\/wp-json\/wp\/v2\/tags?post=6572"}],"curies":[{"name":"wp","href":"https:\/\/api.w.org\/{rel}","templated":true}]}}