{"id":6584,"date":"2026-08-17T15:12:39","date_gmt":"2026-08-17T15:12:39","guid":{"rendered":"https:\/\/mznoticia.com.br\/jaguariaiva\/?p=6584"},"modified":"2026-08-17T15:12:39","modified_gmt":"2026-08-17T15:12:39","slug":"nova-pesquisa-mostra-cenario-da-disputa-pelo-governo-do-parana","status":"publish","type":"post","link":"https:\/\/mznoticia.com.br\/jaguariaiva\/nova-pesquisa-mostra-cenario-da-disputa-pelo-governo-do-parana\/","title":{"rendered":"Nova pesquisa mostra cen\u00e1rio da disputa pelo Governo do Paran\u00e1"},"content":{"rendered":"<h2>S\u00e9rgio Moro aparece na lideran\u00e7a da pesquisa estimulada, seguido por Requi\u00e3o Filho e Sandro Alex<\/h2>\n<h3>Levantamento tamb\u00e9m apresenta inten\u00e7\u00f5es de voto para o Senado<\/h3>\n<p class=\"isSelectedEnd\">Uma nova pesquisa eleitoral realizada pela <strong>Paran\u00e1 Pesquisas<\/strong> apresenta o cen\u00e1rio da disputa pelo Governo do Paran\u00e1 e pelo Senado nas elei\u00e7\u00f5es de 2026.<\/p>\n<p class=\"isSelectedEnd\">Na pesquisa estimulada para o Governo do Estado, <strong>S\u00e9rgio Moro<\/strong> aparece com <strong>46,1% das inten\u00e7\u00f5es de voto<\/strong>.<\/p>\n<p class=\"isSelectedEnd\">Na sequ\u00eancia est\u00e3o <strong>Requi\u00e3o Filho<\/strong>, com 23,4%, e <strong>Sandro Alex<\/strong>, com 16,5%.<\/p>\n<p class=\"isSelectedEnd\">Os demais nomes apresentados no levantamento aparecem com percentuais inferiores a 1%.<\/p>\n<h3>Veja os n\u00fameros da pesquisa estimulada<\/h3>\n<ul data-spread=\"false\">\n<li><strong>S\u00e9rgio Moro:<\/strong> 46,1%<\/li>\n<li><strong>Requi\u00e3o Filho:<\/strong> 23,4%<\/li>\n<li><strong>Sandro Alex:<\/strong> 16,5%<\/li>\n<li><strong>Luiz Fran\u00e7a:<\/strong> 0,9%<\/li>\n<li><strong>Tayn\u00e1 Miessa:<\/strong> 0,6%<\/li>\n<li><strong>Alexandre Salo,\u00e3o:<\/strong> 0,4%<\/li>\n<li><strong>Samuel de Mattos:<\/strong> 0,1%<\/li>\n<li><strong>Adriano Teixeira:<\/strong> 0,0%<\/li>\n<li><strong>Nenhum, branco ou nulo:<\/strong> 6,5%<\/li>\n<li><strong>N\u00e3o sabe ou n\u00e3o opinou:<\/strong> 5,5%<\/li>\n<\/ul>\n<p class=\"isSelectedEnd\">O levantamento mostra, portanto, um cen\u00e1rio de lideran\u00e7a de S\u00e9rgio Moro na pesquisa estimulada, enquanto Requi\u00e3o Filho e Sandro Alex aparecem na sequ\u00eancia.<\/p>\n<h3>Disputa pelo Senado<\/h3>\n<p class=\"isSelectedEnd\">A sondagem tamb\u00e9m avaliou as inten\u00e7\u00f5es de voto dos eleitores paranaenses para o <strong>Senado Federal<\/strong>. Os resultados dessa parte do levantamento n\u00e3o constam nas informa\u00e7\u00f5es apresentadas.<\/p>\n<p>A pesquisa retrata o cen\u00e1rio eleitoral no momento em que foi realizada e os percentuais podem sofrer altera\u00e7\u00f5es at\u00e9 as elei\u00e7\u00f5es, conforme a campanha e as escolhas dos eleitores.<\/p>\n","protected":false},"excerpt":{"rendered":"<p>S\u00e9rgio Moro aparece na lideran\u00e7a da pesquisa estimulada, seguido por Requi\u00e3o Filho e Sandro Alex Levantamento tamb\u00e9m apresenta inten\u00e7\u00f5es de voto para o Senado Uma nova pesquisa eleitoral realizada pela Paran\u00e1 Pesquisas apresenta o cen\u00e1rio da disputa pelo Governo do Paran\u00e1 e pelo Senado nas elei\u00e7\u00f5es de 2026. Na pesquisa estimulada para o Governo do [&hellip;]<\/p>\n","protected":false},"author":16,"featured_media":6585,"comment_status":"open","ping_status":"open","sticky":false,"template":"","format":"standard","meta":{"footnotes":""},"categories":[372],"tags":[1659,416,1583,77,2183,417,194,1823,1764,981,1758],"class_list":["post-6584","post","type-post","status-publish","format-standard","has-post-thumbnail","hentry","category-eleicoes","tag-eleicoes","tag-eleicoes-2026","tag-governo-do-parana","tag-parana","tag-parana-pesquisas","tag-pesquisa-eleitoral","tag-politica","tag-requiao-filho","tag-sandro-alex","tag-senado","tag-sergio-moro"],"yoast_head":"<!-- This site is optimized with the Yoast SEO plugin v28.1 - https:\/\/yoast.com\/product\/yoast-seo-wordpress\/ -->\n<title>Nova pesquisa mostra cen\u00e1rio da disputa pelo Governo do Paran\u00e1 - Mz Not\u00edcias<\/title>\n<meta name=\"description\" content=\"Nova pesquisa eleitoral mostra cen\u00e1rio da disputa pelo Governo do Paran\u00e1, com S\u00e9rgio Moro \u00e0 frente, seguido por Requi\u00e3o Filho e Sandro Alex.\" \/>\n<meta name=\"robots\" content=\"index, follow, max-snippet:-1, max-image-preview:large, max-video-preview:-1\" \/>\n<link rel=\"canonical\" href=\"https:\/\/mznoticia.com.br\/jaguariaiva\/nova-pesquisa-mostra-cenario-da-disputa-pelo-governo-do-parana\/\" \/>\n<meta property=\"og:locale\" content=\"pt_BR\" \/>\n<meta property=\"og:type\" content=\"article\" \/>\n<meta property=\"og:title\" content=\"Nova pesquisa mostra cen\u00e1rio da disputa pelo Governo do Paran\u00e1 - Mz Not\u00edcias\" \/>\n<meta property=\"og:description\" content=\"Nova pesquisa eleitoral mostra cen\u00e1rio da disputa pelo Governo do Paran\u00e1, com S\u00e9rgio Moro \u00e0 frente, seguido por Requi\u00e3o Filho e Sandro Alex.\" \/>\n<meta property=\"og:url\" content=\"https:\/\/mznoticia.com.br\/jaguariaiva\/nova-pesquisa-mostra-cenario-da-disputa-pelo-governo-do-parana\/\" \/>\n<meta property=\"og:site_name\" content=\"Mz Not\u00edcias\" \/>\n<meta property=\"article:publisher\" content=\"https:\/\/www.facebook.com\/profile.php?id=61573479951222\" \/>\n<meta property=\"article:published_time\" content=\"2026-08-17T15:12:39+00:00\" \/>\n<meta property=\"og:image\" content=\"https:\/\/mznoticia.com.br\/jaguariaiva\/wp-content\/uploads\/2026\/08\/10-3.webp\" \/>\n\t<meta property=\"og:image:width\" content=\"890\" \/>\n\t<meta property=\"og:image:height\" content=\"662\" \/>\n\t<meta property=\"og:image:type\" content=\"image\/webp\" \/>\n<meta name=\"author\" content=\"Redacao mz\" \/>\n<meta name=\"twitter:card\" content=\"summary_large_image\" \/>\n<meta name=\"twitter:label1\" content=\"Escrito por\" \/>\n\t<meta name=\"twitter:data1\" content=\"Redacao mz\" \/>\n\t<meta name=\"twitter:label2\" content=\"Est. tempo de leitura\" \/>\n\t<meta name=\"twitter:data2\" content=\"2 minutos\" \/>\n<script type=\"application\/ld+json\" class=\"yoast-schema-graph\">{\"@context\":\"https:\\\/\\\/schema.org\",\"@graph\":[{\"@type\":\"Article\",\"@id\":\"https:\\\/\\\/mznoticia.com.br\\\/jaguariaiva\\\/nova-pesquisa-mostra-cenario-da-disputa-pelo-governo-do-parana\\\/#article\",\"isPartOf\":{\"@id\":\"https:\\\/\\\/mznoticia.com.br\\\/jaguariaiva\\\/nova-pesquisa-mostra-cenario-da-disputa-pelo-governo-do-parana\\\/\"},\"author\":{\"name\":\"Redacao mz\",\"@id\":\"https:\\\/\\\/mznoticia.com.br\\\/jaguariaiva\\\/#\\\/schema\\\/person\\\/84012d827247b3f42f37b550da79cd03\"},\"headline\":\"Nova pesquisa mostra cen\u00e1rio da disputa pelo Governo do Paran\u00e1\",\"datePublished\":\"2026-08-17T15:12:39+00:00\",\"mainEntityOfPage\":{\"@id\":\"https:\\\/\\\/mznoticia.com.br\\\/jaguariaiva\\\/nova-pesquisa-mostra-cenario-da-disputa-pelo-governo-do-parana\\\/\"},\"wordCount\":239,\"commentCount\":0,\"publisher\":{\"@id\":\"https:\\\/\\\/mznoticia.com.br\\\/jaguariaiva\\\/#organization\"},\"image\":{\"@id\":\"https:\\\/\\\/mznoticia.com.br\\\/jaguariaiva\\\/nova-pesquisa-mostra-cenario-da-disputa-pelo-governo-do-parana\\\/#primaryimage\"},\"thumbnailUrl\":\"https:\\\/\\\/mznoticia.com.br\\\/jaguariaiva\\\/wp-content\\\/uploads\\\/2026\\\/08\\\/10-3.webp\",\"keywords\":[\"Elei\u00e7\u00f5es\",\"Elei\u00e7\u00f5es 2026\",\"Governo do Paran\u00e1\",\"parana\",\"Paran\u00e1 Pesquisas\",\"Pesquisa Eleitoral\",\"politica\",\"Requi\u00e3o Filho\",\"Sandro Alex\",\"Senado\",\"Sergio Moro\"],\"articleSection\":[\"Elei\u00e7\u00f5es\"],\"inLanguage\":\"pt-BR\",\"potentialAction\":[{\"@type\":\"CommentAction\",\"name\":\"Comment\",\"target\":[\"https:\\\/\\\/mznoticia.com.br\\\/jaguariaiva\\\/nova-pesquisa-mostra-cenario-da-disputa-pelo-governo-do-parana\\\/#respond\"]}]},{\"@type\":\"WebPage\",\"@id\":\"https:\\\/\\\/mznoticia.com.br\\\/jaguariaiva\\\/nova-pesquisa-mostra-cenario-da-disputa-pelo-governo-do-parana\\\/\",\"url\":\"https:\\\/\\\/mznoticia.com.br\\\/jaguariaiva\\\/nova-pesquisa-mostra-cenario-da-disputa-pelo-governo-do-parana\\\/\",\"name\":\"Nova pesquisa mostra cen\u00e1rio da disputa pelo Governo do Paran\u00e1 - Mz Not\u00edcias\",\"isPartOf\":{\"@id\":\"https:\\\/\\\/mznoticia.com.br\\\/jaguariaiva\\\/#website\"},\"primaryImageOfPage\":{\"@id\":\"https:\\\/\\\/mznoticia.com.br\\\/jaguariaiva\\\/nova-pesquisa-mostra-cenario-da-disputa-pelo-governo-do-parana\\\/#primaryimage\"},\"image\":{\"@id\":\"https:\\\/\\\/mznoticia.com.br\\\/jaguariaiva\\\/nova-pesquisa-mostra-cenario-da-disputa-pelo-governo-do-parana\\\/#primaryimage\"},\"thumbnailUrl\":\"https:\\\/\\\/mznoticia.com.br\\\/jaguariaiva\\\/wp-content\\\/uploads\\\/2026\\\/08\\\/10-3.webp\",\"datePublished\":\"2026-08-17T15:12:39+00:00\",\"description\":\"Nova pesquisa eleitoral mostra cen\u00e1rio da disputa pelo Governo do Paran\u00e1, com S\u00e9rgio Moro \u00e0 frente, seguido por Requi\u00e3o Filho e Sandro Alex.\",\"breadcrumb\":{\"@id\":\"https:\\\/\\\/mznoticia.com.br\\\/jaguariaiva\\\/nova-pesquisa-mostra-cenario-da-disputa-pelo-governo-do-parana\\\/#breadcrumb\"},\"inLanguage\":\"pt-BR\",\"potentialAction\":[{\"@type\":\"ReadAction\",\"target\":[\"https:\\\/\\\/mznoticia.com.br\\\/jaguariaiva\\\/nova-pesquisa-mostra-cenario-da-disputa-pelo-governo-do-parana\\\/\"]}]},{\"@type\":\"ImageObject\",\"inLanguage\":\"pt-BR\",\"@id\":\"https:\\\/\\\/mznoticia.com.br\\\/jaguariaiva\\\/nova-pesquisa-mostra-cenario-da-disputa-pelo-governo-do-parana\\\/#primaryimage\",\"url\":\"https:\\\/\\\/mznoticia.com.br\\\/jaguariaiva\\\/wp-content\\\/uploads\\\/2026\\\/08\\\/10-3.webp\",\"contentUrl\":\"https:\\\/\\\/mznoticia.com.br\\\/jaguariaiva\\\/wp-content\\\/uploads\\\/2026\\\/08\\\/10-3.webp\",\"width\":890,\"height\":662},{\"@type\":\"BreadcrumbList\",\"@id\":\"https:\\\/\\\/mznoticia.com.br\\\/jaguariaiva\\\/nova-pesquisa-mostra-cenario-da-disputa-pelo-governo-do-parana\\\/#breadcrumb\",\"itemListElement\":[{\"@type\":\"ListItem\",\"position\":1,\"name\":\"Home\",\"item\":\"https:\\\/\\\/mznoticia.com.br\\\/jaguariaiva\\\/\"},{\"@type\":\"ListItem\",\"position\":2,\"name\":\"Nova pesquisa mostra cen\u00e1rio da disputa pelo Governo do Paran\u00e1\"}]},{\"@type\":\"WebSite\",\"@id\":\"https:\\\/\\\/mznoticia.com.br\\\/jaguariaiva\\\/#website\",\"url\":\"https:\\\/\\\/mznoticia.com.br\\\/jaguariaiva\\\/\",\"name\":\"Mz Not\u00edcia\",\"description\":\"A informa\u00e7\u00e3o que voc\u00ea precisa na hora certa!\",\"publisher\":{\"@id\":\"https:\\\/\\\/mznoticia.com.br\\\/jaguariaiva\\\/#organization\"},\"potentialAction\":[{\"@type\":\"SearchAction\",\"target\":{\"@type\":\"EntryPoint\",\"urlTemplate\":\"https:\\\/\\\/mznoticia.com.br\\\/jaguariaiva\\\/?s={search_term_string}\"},\"query-input\":{\"@type\":\"PropertyValueSpecification\",\"valueRequired\":true,\"valueName\":\"search_term_string\"}}],\"inLanguage\":\"pt-BR\"},{\"@type\":\"Organization\",\"@id\":\"https:\\\/\\\/mznoticia.com.br\\\/jaguariaiva\\\/#organization\",\"name\":\"Mz Not\u00edcia\",\"url\":\"https:\\\/\\\/mznoticia.com.br\\\/jaguariaiva\\\/\",\"logo\":{\"@type\":\"ImageObject\",\"inLanguage\":\"pt-BR\",\"@id\":\"https:\\\/\\\/mznoticia.com.br\\\/jaguariaiva\\\/#\\\/schema\\\/logo\\\/image\\\/\",\"url\":\"https:\\\/\\\/mznoticia.com.br\\\/jaguariaiva\\\/wp-content\\\/uploads\\\/2025\\\/03\\\/Design-sem-nome-4-e1741200616392.png\",\"contentUrl\":\"https:\\\/\\\/mznoticia.com.br\\\/jaguariaiva\\\/wp-content\\\/uploads\\\/2025\\\/03\\\/Design-sem-nome-4-e1741200616392.png\",\"width\":750,\"height\":563,\"caption\":\"Mz Not\u00edcia\"},\"image\":{\"@id\":\"https:\\\/\\\/mznoticia.com.br\\\/jaguariaiva\\\/#\\\/schema\\\/logo\\\/image\\\/\"},\"sameAs\":[\"https:\\\/\\\/www.facebook.com\\\/profile.php?id=61573479951222\",\"https:\\\/\\\/www.instagram.com\\\/mz.jaguariaiva\\\/\"]},{\"@type\":\"Person\",\"@id\":\"https:\\\/\\\/mznoticia.com.br\\\/jaguariaiva\\\/#\\\/schema\\\/person\\\/84012d827247b3f42f37b550da79cd03\",\"name\":\"Redacao mz\",\"image\":{\"@type\":\"ImageObject\",\"inLanguage\":\"pt-BR\",\"@id\":\"https:\\\/\\\/mznoticia.com.br\\\/jaguariaiva\\\/wp-content\\\/uploads\\\/2025\\\/02\\\/mznoticia_jaguariaiva_coluna-150x150.png\",\"url\":\"https:\\\/\\\/mznoticia.com.br\\\/jaguariaiva\\\/wp-content\\\/uploads\\\/2025\\\/02\\\/mznoticia_jaguariaiva_coluna-150x150.png\",\"contentUrl\":\"https:\\\/\\\/mznoticia.com.br\\\/jaguariaiva\\\/wp-content\\\/uploads\\\/2025\\\/02\\\/mznoticia_jaguariaiva_coluna-150x150.png\",\"caption\":\"Redacao mz\"},\"sameAs\":[\"http:\\\/\\\/mznoticia.com.br\"],\"url\":\"https:\\\/\\\/mznoticia.com.br\\\/jaguariaiva\\\/author\\\/lucimara\\\/\"}]}<\/script>\n<!-- \/ Yoast SEO plugin. -->","yoast_head_json":{"title":"Nova pesquisa mostra cen\u00e1rio da disputa pelo Governo do Paran\u00e1 - Mz Not\u00edcias","description":"Nova pesquisa eleitoral mostra cen\u00e1rio da disputa pelo Governo do Paran\u00e1, com S\u00e9rgio Moro \u00e0 frente, seguido por Requi\u00e3o Filho e Sandro Alex.","robots":{"index":"index","follow":"follow","max-snippet":"max-snippet:-1","max-image-preview":"max-image-preview:large","max-video-preview":"max-video-preview:-1"},"canonical":"https:\/\/mznoticia.com.br\/jaguariaiva\/nova-pesquisa-mostra-cenario-da-disputa-pelo-governo-do-parana\/","og_locale":"pt_BR","og_type":"article","og_title":"Nova pesquisa mostra cen\u00e1rio da disputa pelo Governo do Paran\u00e1 - Mz Not\u00edcias","og_description":"Nova pesquisa eleitoral mostra cen\u00e1rio da disputa pelo Governo do Paran\u00e1, com S\u00e9rgio Moro \u00e0 frente, seguido por Requi\u00e3o Filho e Sandro Alex.","og_url":"https:\/\/mznoticia.com.br\/jaguariaiva\/nova-pesquisa-mostra-cenario-da-disputa-pelo-governo-do-parana\/","og_site_name":"Mz Not\u00edcias","article_publisher":"https:\/\/www.facebook.com\/profile.php?id=61573479951222","article_published_time":"2026-08-17T15:12:39+00:00","og_image":[{"width":890,"height":662,"url":"https:\/\/mznoticia.com.br\/jaguariaiva\/wp-content\/uploads\/2026\/08\/10-3.webp","type":"image\/webp"}],"author":"Redacao mz","twitter_card":"summary_large_image","twitter_misc":{"Escrito por":"Redacao mz","Est. tempo de leitura":"2 minutos"},"schema":{"@context":"https:\/\/schema.org","@graph":[{"@type":"Article","@id":"https:\/\/mznoticia.com.br\/jaguariaiva\/nova-pesquisa-mostra-cenario-da-disputa-pelo-governo-do-parana\/#article","isPartOf":{"@id":"https:\/\/mznoticia.com.br\/jaguariaiva\/nova-pesquisa-mostra-cenario-da-disputa-pelo-governo-do-parana\/"},"author":{"name":"Redacao mz","@id":"https:\/\/mznoticia.com.br\/jaguariaiva\/#\/schema\/person\/84012d827247b3f42f37b550da79cd03"},"headline":"Nova pesquisa mostra cen\u00e1rio da disputa pelo Governo do Paran\u00e1","datePublished":"2026-08-17T15:12:39+00:00","mainEntityOfPage":{"@id":"https:\/\/mznoticia.com.br\/jaguariaiva\/nova-pesquisa-mostra-cenario-da-disputa-pelo-governo-do-parana\/"},"wordCount":239,"commentCount":0,"publisher":{"@id":"https:\/\/mznoticia.com.br\/jaguariaiva\/#organization"},"image":{"@id":"https:\/\/mznoticia.com.br\/jaguariaiva\/nova-pesquisa-mostra-cenario-da-disputa-pelo-governo-do-parana\/#primaryimage"},"thumbnailUrl":"https:\/\/mznoticia.com.br\/jaguariaiva\/wp-content\/uploads\/2026\/08\/10-3.webp","keywords":["Elei\u00e7\u00f5es","Elei\u00e7\u00f5es 2026","Governo do Paran\u00e1","parana","Paran\u00e1 Pesquisas","Pesquisa Eleitoral","politica","Requi\u00e3o Filho","Sandro Alex","Senado","Sergio Moro"],"articleSection":["Elei\u00e7\u00f5es"],"inLanguage":"pt-BR","potentialAction":[{"@type":"CommentAction","name":"Comment","target":["https:\/\/mznoticia.com.br\/jaguariaiva\/nova-pesquisa-mostra-cenario-da-disputa-pelo-governo-do-parana\/#respond"]}]},{"@type":"WebPage","@id":"https:\/\/mznoticia.com.br\/jaguariaiva\/nova-pesquisa-mostra-cenario-da-disputa-pelo-governo-do-parana\/","url":"https:\/\/mznoticia.com.br\/jaguariaiva\/nova-pesquisa-mostra-cenario-da-disputa-pelo-governo-do-parana\/","name":"Nova pesquisa mostra cen\u00e1rio da disputa pelo Governo do Paran\u00e1 - Mz Not\u00edcias","isPartOf":{"@id":"https:\/\/mznoticia.com.br\/jaguariaiva\/#website"},"primaryImageOfPage":{"@id":"https:\/\/mznoticia.com.br\/jaguariaiva\/nova-pesquisa-mostra-cenario-da-disputa-pelo-governo-do-parana\/#primaryimage"},"image":{"@id":"https:\/\/mznoticia.com.br\/jaguariaiva\/nova-pesquisa-mostra-cenario-da-disputa-pelo-governo-do-parana\/#primaryimage"},"thumbnailUrl":"https:\/\/mznoticia.com.br\/jaguariaiva\/wp-content\/uploads\/2026\/08\/10-3.webp","datePublished":"2026-08-17T15:12:39+00:00","description":"Nova pesquisa eleitoral mostra cen\u00e1rio da disputa pelo Governo do Paran\u00e1, com S\u00e9rgio Moro \u00e0 frente, seguido por Requi\u00e3o Filho e Sandro Alex.","breadcrumb":{"@id":"https:\/\/mznoticia.com.br\/jaguariaiva\/nova-pesquisa-mostra-cenario-da-disputa-pelo-governo-do-parana\/#breadcrumb"},"inLanguage":"pt-BR","potentialAction":[{"@type":"ReadAction","target":["https:\/\/mznoticia.com.br\/jaguariaiva\/nova-pesquisa-mostra-cenario-da-disputa-pelo-governo-do-parana\/"]}]},{"@type":"ImageObject","inLanguage":"pt-BR","@id":"https:\/\/mznoticia.com.br\/jaguariaiva\/nova-pesquisa-mostra-cenario-da-disputa-pelo-governo-do-parana\/#primaryimage","url":"https:\/\/mznoticia.com.br\/jaguariaiva\/wp-content\/uploads\/2026\/08\/10-3.webp","contentUrl":"https:\/\/mznoticia.com.br\/jaguariaiva\/wp-content\/uploads\/2026\/08\/10-3.webp","width":890,"height":662},{"@type":"BreadcrumbList","@id":"https:\/\/mznoticia.com.br\/jaguariaiva\/nova-pesquisa-mostra-cenario-da-disputa-pelo-governo-do-parana\/#breadcrumb","itemListElement":[{"@type":"ListItem","position":1,"name":"Home","item":"https:\/\/mznoticia.com.br\/jaguariaiva\/"},{"@type":"ListItem","position":2,"name":"Nova pesquisa mostra cen\u00e1rio da disputa pelo Governo do Paran\u00e1"}]},{"@type":"WebSite","@id":"https:\/\/mznoticia.com.br\/jaguariaiva\/#website","url":"https:\/\/mznoticia.com.br\/jaguariaiva\/","name":"Mz Not\u00edcia","description":"A informa\u00e7\u00e3o que voc\u00ea precisa na hora certa!","publisher":{"@id":"https:\/\/mznoticia.com.br\/jaguariaiva\/#organization"},"potentialAction":[{"@type":"SearchAction","target":{"@type":"EntryPoint","urlTemplate":"https:\/\/mznoticia.com.br\/jaguariaiva\/?s={search_term_string}"},"query-input":{"@type":"PropertyValueSpecification","valueRequired":true,"valueName":"search_term_string"}}],"inLanguage":"pt-BR"},{"@type":"Organization","@id":"https:\/\/mznoticia.com.br\/jaguariaiva\/#organization","name":"Mz Not\u00edcia","url":"https:\/\/mznoticia.com.br\/jaguariaiva\/","logo":{"@type":"ImageObject","inLanguage":"pt-BR","@id":"https:\/\/mznoticia.com.br\/jaguariaiva\/#\/schema\/logo\/image\/","url":"https:\/\/mznoticia.com.br\/jaguariaiva\/wp-content\/uploads\/2025\/03\/Design-sem-nome-4-e1741200616392.png","contentUrl":"https:\/\/mznoticia.com.br\/jaguariaiva\/wp-content\/uploads\/2025\/03\/Design-sem-nome-4-e1741200616392.png","width":750,"height":563,"caption":"Mz Not\u00edcia"},"image":{"@id":"https:\/\/mznoticia.com.br\/jaguariaiva\/#\/schema\/logo\/image\/"},"sameAs":["https:\/\/www.facebook.com\/profile.php?id=61573479951222","https:\/\/www.instagram.com\/mz.jaguariaiva\/"]},{"@type":"Person","@id":"https:\/\/mznoticia.com.br\/jaguariaiva\/#\/schema\/person\/84012d827247b3f42f37b550da79cd03","name":"Redacao mz","image":{"@type":"ImageObject","inLanguage":"pt-BR","@id":"https:\/\/mznoticia.com.br\/jaguariaiva\/wp-content\/uploads\/2025\/02\/mznoticia_jaguariaiva_coluna-150x150.png","url":"https:\/\/mznoticia.com.br\/jaguariaiva\/wp-content\/uploads\/2025\/02\/mznoticia_jaguariaiva_coluna-150x150.png","contentUrl":"https:\/\/mznoticia.com.br\/jaguariaiva\/wp-content\/uploads\/2025\/02\/mznoticia_jaguariaiva_coluna-150x150.png","caption":"Redacao mz"},"sameAs":["http:\/\/mznoticia.com.br"],"url":"https:\/\/mznoticia.com.br\/jaguariaiva\/author\/lucimara\/"}]}},"_links":{"self":[{"href":"https:\/\/mznoticia.com.br\/jaguariaiva\/wp-json\/wp\/v2\/posts\/6584","targetHints":{"allow":["GET"]}}],"collection":[{"href":"https:\/\/mznoticia.com.br\/jaguariaiva\/wp-json\/wp\/v2\/posts"}],"about":[{"href":"https:\/\/mznoticia.com.br\/jaguariaiva\/wp-json\/wp\/v2\/types\/post"}],"author":[{"embeddable":true,"href":"https:\/\/mznoticia.com.br\/jaguariaiva\/wp-json\/wp\/v2\/users\/16"}],"replies":[{"embeddable":true,"href":"https:\/\/mznoticia.com.br\/jaguariaiva\/wp-json\/wp\/v2\/comments?post=6584"}],"version-history":[{"count":1,"href":"https:\/\/mznoticia.com.br\/jaguariaiva\/wp-json\/wp\/v2\/posts\/6584\/revisions"}],"predecessor-version":[{"id":6586,"href":"https:\/\/mznoticia.com.br\/jaguariaiva\/wp-json\/wp\/v2\/posts\/6584\/revisions\/6586"}],"wp:featuredmedia":[{"embeddable":true,"href":"https:\/\/mznoticia.com.br\/jaguariaiva\/wp-json\/wp\/v2\/media\/6585"}],"wp:attachment":[{"href":"https:\/\/mznoticia.com.br\/jaguariaiva\/wp-json\/wp\/v2\/media?parent=6584"}],"wp:term":[{"taxonomy":"category","embeddable":true,"href":"https:\/\/mznoticia.com.br\/jaguariaiva\/wp-json\/wp\/v2\/categories?post=6584"},{"taxonomy":"post_tag","embeddable":true,"href":"https:\/\/mznoticia.com.br\/jaguariaiva\/wp-json\/wp\/v2\/tags?post=6584"}],"curies":[{"name":"wp","href":"https:\/\/api.w.org\/{rel}","templated":true}]}}