{"id":6653,"date":"2026-08-18T16:32:08","date_gmt":"2026-08-18T16:32:08","guid":{"rendered":"https:\/\/mznoticia.com.br\/jaguariaiva\/?p=6653"},"modified":"2026-08-18T16:32:08","modified_gmt":"2026-08-18T16:32:08","slug":"engavetamento-na-serra-do-mar-bloqueia-a-br-277-acidente-deixa-dois-mortos-e-18-feridos","status":"publish","type":"post","link":"https:\/\/mznoticia.com.br\/jaguariaiva\/engavetamento-na-serra-do-mar-bloqueia-a-br-277-acidente-deixa-dois-mortos-e-18-feridos\/","title":{"rendered":"Engavetamento na Serra do Mar bloqueia a BR-277; acidente deixa dois mortos e 18 feridos"},"content":{"rendered":"<h2 class=\"PDq2pG_selectionAnchorContainer\" data-section-id=\"hszffe\" data-start=\"92\" data-end=\"237\">Acidente envolveu sete carros e quatro carretas no km 41, em Morretes. Pista sentido Litoral foi totalmente interditada durante o atendimento.<\/h2>\n<p data-start=\"239\" data-end=\"405\">Um <strong data-start=\"242\" data-end=\"281\">engavetamento de grandes propor\u00e7\u00f5es<\/strong> bloqueou a BR-277, na Serra do Mar, na altura do km 41, em Morretes, no Litoral do Paran\u00e1, na manh\u00e3 desta ter\u00e7a-feira (18).<\/p>\n<p data-start=\"407\" data-end=\"630\">O acidente aconteceu por volta das <strong data-start=\"442\" data-end=\"451\">10h50<\/strong>, no sentido Litoral, e envolveu <strong data-start=\"484\" data-end=\"517\">sete carros e quatro carretas<\/strong>. Segundo informa\u00e7\u00f5es da Pol\u00edcia Rodovi\u00e1ria Federal (PRF), duas pessoas morreram e outras <strong data-start=\"607\" data-end=\"629\">18 ficaram feridas<\/strong>.<\/p>\n<h2 data-section-id=\"18jm0fr\" data-start=\"632\" data-end=\"670\">Rodovia fica parcialmente bloqueada<\/h2>\n<p data-start=\"672\" data-end=\"908\">A pista sentido Litoral foi totalmente interditada para o atendimento da ocorr\u00eancia. No sentido Curitiba, uma faixa tamb\u00e9m precisou ser bloqueada para permitir o deslocamento das equipes de emerg\u00eancia, e o tr\u00e2nsito seguia em meia pista.<\/p>\n<p data-start=\"910\" data-end=\"1069\">Equipes da <strong data-start=\"921\" data-end=\"989\">PRF, EPR Litoral Pioneiro e Corpo de Bombeiros Militar do Paran\u00e1<\/strong> atuaram no atendimento. Um helic\u00f3ptero da PRF tamb\u00e9m foi utilizado na opera\u00e7\u00e3o.<\/p>\n<p data-start=\"1071\" data-end=\"1132\">A Pol\u00edcia Cient\u00edfica deve atuar na identifica\u00e7\u00e3o das v\u00edtimas.<\/p>\n<h2 data-section-id=\"16gfjpr\" data-start=\"1134\" data-end=\"1175\">Motorista relata momentos de desespero<\/h2>\n<p data-start=\"1177\" data-end=\"1331\">Um dos motoristas envolvidos contou que estava no ve\u00edculo com a esposa e as filhas quando ocorreu a colis\u00e3o. Segundo ele, o carro chegou a dobrar ao meio.<\/p>\n<p data-start=\"1333\" data-end=\"1455\">O motorista sofreu apenas arranh\u00f5es leves, enquanto uma das filhas foi encaminhada para observa\u00e7\u00e3o, sem ferimentos graves.<\/p>\n<p data-start=\"1457\" data-end=\"1509\">Emocionado, ele resumiu o momento como um \u201cmilagre\u201d.<\/p>\n","protected":false},"excerpt":{"rendered":"<p>Acidente envolveu sete carros e quatro carretas no km 41, em Morretes. Pista sentido Litoral foi totalmente interditada durante o atendimento. Um engavetamento de grandes propor\u00e7\u00f5es bloqueou a BR-277, na Serra do Mar, na altura do km 41, em Morretes, no Litoral do Paran\u00e1, na manh\u00e3 desta ter\u00e7a-feira (18). O acidente aconteceu por volta das [&hellip;]<\/p>\n","protected":false},"author":16,"featured_media":6654,"comment_status":"open","ping_status":"open","sticky":false,"template":"","format":"standard","meta":{"footnotes":""},"categories":[140],"tags":[31,721,645,2280,1139,2167,2279,1670,77,495,2278,590],"class_list":["post-6653","post","type-post","status-publish","format-standard","has-post-thumbnail","hentry","category-acidente","tag-acidente","tag-br-277","tag-corpo-de-bombeiros","tag-engavetamento","tag-epr-litoral-pioneiro","tag-feridos","tag-morretes","tag-mortes","tag-parana","tag-prf","tag-serra-do-mar","tag-transito"],"yoast_head":"<!-- This site is optimized with the Yoast SEO plugin v28.1 - https:\/\/yoast.com\/product\/yoast-seo-wordpress\/ -->\n<title>Engavetamento na Serra do Mar bloqueia a BR-277; acidente deixa dois mortos e 18 feridos - Mz Not\u00edcias<\/title>\n<meta name=\"description\" content=\"Engavetamento com sete carros e quatro carretas deixa dois mortos e 18 feridos e bloqueia a BR-277 na Serra do Mar, em Morretes.\" \/>\n<meta name=\"robots\" content=\"index, follow, max-snippet:-1, max-image-preview:large, max-video-preview:-1\" \/>\n<link rel=\"canonical\" href=\"https:\/\/mznoticia.com.br\/jaguariaiva\/engavetamento-na-serra-do-mar-bloqueia-a-br-277-acidente-deixa-dois-mortos-e-18-feridos\/\" \/>\n<meta property=\"og:locale\" content=\"pt_BR\" \/>\n<meta property=\"og:type\" content=\"article\" \/>\n<meta property=\"og:title\" content=\"Engavetamento na Serra do Mar bloqueia a BR-277; acidente deixa dois mortos e 18 feridos - Mz Not\u00edcias\" \/>\n<meta property=\"og:description\" content=\"Engavetamento com sete carros e quatro carretas deixa dois mortos e 18 feridos e bloqueia a BR-277 na Serra do Mar, em Morretes.\" \/>\n<meta property=\"og:url\" content=\"https:\/\/mznoticia.com.br\/jaguariaiva\/engavetamento-na-serra-do-mar-bloqueia-a-br-277-acidente-deixa-dois-mortos-e-18-feridos\/\" \/>\n<meta property=\"og:site_name\" content=\"Mz Not\u00edcias\" \/>\n<meta property=\"article:publisher\" content=\"https:\/\/www.facebook.com\/profile.php?id=61573479951222\" \/>\n<meta property=\"article:published_time\" content=\"2026-08-18T16:32:08+00:00\" \/>\n<meta property=\"og:image\" content=\"https:\/\/mznoticia.com.br\/jaguariaiva\/wp-content\/uploads\/2026\/08\/90.webp\" \/>\n\t<meta property=\"og:image:width\" content=\"1024\" \/>\n\t<meta property=\"og:image:height\" content=\"576\" \/>\n\t<meta property=\"og:image:type\" content=\"image\/webp\" \/>\n<meta name=\"author\" content=\"Redacao mz\" \/>\n<meta name=\"twitter:card\" content=\"summary_large_image\" \/>\n<meta name=\"twitter:label1\" content=\"Escrito por\" \/>\n\t<meta name=\"twitter:data1\" content=\"Redacao mz\" \/>\n\t<meta name=\"twitter:label2\" content=\"Est. tempo de leitura\" \/>\n\t<meta name=\"twitter:data2\" content=\"2 minutos\" \/>\n<script type=\"application\/ld+json\" class=\"yoast-schema-graph\">{\"@context\":\"https:\\\/\\\/schema.org\",\"@graph\":[{\"@type\":\"Article\",\"@id\":\"https:\\\/\\\/mznoticia.com.br\\\/jaguariaiva\\\/engavetamento-na-serra-do-mar-bloqueia-a-br-277-acidente-deixa-dois-mortos-e-18-feridos\\\/#article\",\"isPartOf\":{\"@id\":\"https:\\\/\\\/mznoticia.com.br\\\/jaguariaiva\\\/engavetamento-na-serra-do-mar-bloqueia-a-br-277-acidente-deixa-dois-mortos-e-18-feridos\\\/\"},\"author\":{\"name\":\"Redacao mz\",\"@id\":\"https:\\\/\\\/mznoticia.com.br\\\/jaguariaiva\\\/#\\\/schema\\\/person\\\/84012d827247b3f42f37b550da79cd03\"},\"headline\":\"Engavetamento na Serra do Mar bloqueia a BR-277; acidente deixa dois mortos e 18 feridos\",\"datePublished\":\"2026-08-18T16:32:08+00:00\",\"mainEntityOfPage\":{\"@id\":\"https:\\\/\\\/mznoticia.com.br\\\/jaguariaiva\\\/engavetamento-na-serra-do-mar-bloqueia-a-br-277-acidente-deixa-dois-mortos-e-18-feridos\\\/\"},\"wordCount\":243,\"commentCount\":0,\"publisher\":{\"@id\":\"https:\\\/\\\/mznoticia.com.br\\\/jaguariaiva\\\/#organization\"},\"image\":{\"@id\":\"https:\\\/\\\/mznoticia.com.br\\\/jaguariaiva\\\/engavetamento-na-serra-do-mar-bloqueia-a-br-277-acidente-deixa-dois-mortos-e-18-feridos\\\/#primaryimage\"},\"thumbnailUrl\":\"https:\\\/\\\/mznoticia.com.br\\\/jaguariaiva\\\/wp-content\\\/uploads\\\/2026\\\/08\\\/90.webp\",\"keywords\":[\"acidente\",\"BR-277\",\"Corpo de Bombeiros\",\"engavetamento\",\"EPR Litoral Pioneiro\",\"feridos\",\"Morretes\",\"Mortes\",\"parana\",\"PRF\",\"Serra do Mar\",\"tr\u00e2nsito\"],\"articleSection\":[\"Acidente\"],\"inLanguage\":\"pt-BR\",\"potentialAction\":[{\"@type\":\"CommentAction\",\"name\":\"Comment\",\"target\":[\"https:\\\/\\\/mznoticia.com.br\\\/jaguariaiva\\\/engavetamento-na-serra-do-mar-bloqueia-a-br-277-acidente-deixa-dois-mortos-e-18-feridos\\\/#respond\"]}]},{\"@type\":\"WebPage\",\"@id\":\"https:\\\/\\\/mznoticia.com.br\\\/jaguariaiva\\\/engavetamento-na-serra-do-mar-bloqueia-a-br-277-acidente-deixa-dois-mortos-e-18-feridos\\\/\",\"url\":\"https:\\\/\\\/mznoticia.com.br\\\/jaguariaiva\\\/engavetamento-na-serra-do-mar-bloqueia-a-br-277-acidente-deixa-dois-mortos-e-18-feridos\\\/\",\"name\":\"Engavetamento na Serra do Mar bloqueia a BR-277; acidente deixa dois mortos e 18 feridos - Mz Not\u00edcias\",\"isPartOf\":{\"@id\":\"https:\\\/\\\/mznoticia.com.br\\\/jaguariaiva\\\/#website\"},\"primaryImageOfPage\":{\"@id\":\"https:\\\/\\\/mznoticia.com.br\\\/jaguariaiva\\\/engavetamento-na-serra-do-mar-bloqueia-a-br-277-acidente-deixa-dois-mortos-e-18-feridos\\\/#primaryimage\"},\"image\":{\"@id\":\"https:\\\/\\\/mznoticia.com.br\\\/jaguariaiva\\\/engavetamento-na-serra-do-mar-bloqueia-a-br-277-acidente-deixa-dois-mortos-e-18-feridos\\\/#primaryimage\"},\"thumbnailUrl\":\"https:\\\/\\\/mznoticia.com.br\\\/jaguariaiva\\\/wp-content\\\/uploads\\\/2026\\\/08\\\/90.webp\",\"datePublished\":\"2026-08-18T16:32:08+00:00\",\"description\":\"Engavetamento com sete carros e quatro carretas deixa dois mortos e 18 feridos e bloqueia a BR-277 na Serra do Mar, em Morretes.\",\"breadcrumb\":{\"@id\":\"https:\\\/\\\/mznoticia.com.br\\\/jaguariaiva\\\/engavetamento-na-serra-do-mar-bloqueia-a-br-277-acidente-deixa-dois-mortos-e-18-feridos\\\/#breadcrumb\"},\"inLanguage\":\"pt-BR\",\"potentialAction\":[{\"@type\":\"ReadAction\",\"target\":[\"https:\\\/\\\/mznoticia.com.br\\\/jaguariaiva\\\/engavetamento-na-serra-do-mar-bloqueia-a-br-277-acidente-deixa-dois-mortos-e-18-feridos\\\/\"]}]},{\"@type\":\"ImageObject\",\"inLanguage\":\"pt-BR\",\"@id\":\"https:\\\/\\\/mznoticia.com.br\\\/jaguariaiva\\\/engavetamento-na-serra-do-mar-bloqueia-a-br-277-acidente-deixa-dois-mortos-e-18-feridos\\\/#primaryimage\",\"url\":\"https:\\\/\\\/mznoticia.com.br\\\/jaguariaiva\\\/wp-content\\\/uploads\\\/2026\\\/08\\\/90.webp\",\"contentUrl\":\"https:\\\/\\\/mznoticia.com.br\\\/jaguariaiva\\\/wp-content\\\/uploads\\\/2026\\\/08\\\/90.webp\",\"width\":1024,\"height\":576},{\"@type\":\"BreadcrumbList\",\"@id\":\"https:\\\/\\\/mznoticia.com.br\\\/jaguariaiva\\\/engavetamento-na-serra-do-mar-bloqueia-a-br-277-acidente-deixa-dois-mortos-e-18-feridos\\\/#breadcrumb\",\"itemListElement\":[{\"@type\":\"ListItem\",\"position\":1,\"name\":\"Home\",\"item\":\"https:\\\/\\\/mznoticia.com.br\\\/jaguariaiva\\\/\"},{\"@type\":\"ListItem\",\"position\":2,\"name\":\"Engavetamento na Serra do Mar bloqueia a BR-277; acidente deixa dois mortos e 18 feridos\"}]},{\"@type\":\"WebSite\",\"@id\":\"https:\\\/\\\/mznoticia.com.br\\\/jaguariaiva\\\/#website\",\"url\":\"https:\\\/\\\/mznoticia.com.br\\\/jaguariaiva\\\/\",\"name\":\"Mz Not\u00edcia\",\"description\":\"A informa\u00e7\u00e3o que voc\u00ea precisa na hora certa!\",\"publisher\":{\"@id\":\"https:\\\/\\\/mznoticia.com.br\\\/jaguariaiva\\\/#organization\"},\"potentialAction\":[{\"@type\":\"SearchAction\",\"target\":{\"@type\":\"EntryPoint\",\"urlTemplate\":\"https:\\\/\\\/mznoticia.com.br\\\/jaguariaiva\\\/?s={search_term_string}\"},\"query-input\":{\"@type\":\"PropertyValueSpecification\",\"valueRequired\":true,\"valueName\":\"search_term_string\"}}],\"inLanguage\":\"pt-BR\"},{\"@type\":\"Organization\",\"@id\":\"https:\\\/\\\/mznoticia.com.br\\\/jaguariaiva\\\/#organization\",\"name\":\"Mz Not\u00edcia\",\"url\":\"https:\\\/\\\/mznoticia.com.br\\\/jaguariaiva\\\/\",\"logo\":{\"@type\":\"ImageObject\",\"inLanguage\":\"pt-BR\",\"@id\":\"https:\\\/\\\/mznoticia.com.br\\\/jaguariaiva\\\/#\\\/schema\\\/logo\\\/image\\\/\",\"url\":\"https:\\\/\\\/mznoticia.com.br\\\/jaguariaiva\\\/wp-content\\\/uploads\\\/2025\\\/03\\\/Design-sem-nome-4-e1741200616392.png\",\"contentUrl\":\"https:\\\/\\\/mznoticia.com.br\\\/jaguariaiva\\\/wp-content\\\/uploads\\\/2025\\\/03\\\/Design-sem-nome-4-e1741200616392.png\",\"width\":750,\"height\":563,\"caption\":\"Mz Not\u00edcia\"},\"image\":{\"@id\":\"https:\\\/\\\/mznoticia.com.br\\\/jaguariaiva\\\/#\\\/schema\\\/logo\\\/image\\\/\"},\"sameAs\":[\"https:\\\/\\\/www.facebook.com\\\/profile.php?id=61573479951222\",\"https:\\\/\\\/www.instagram.com\\\/mz.jaguariaiva\\\/\"]},{\"@type\":\"Person\",\"@id\":\"https:\\\/\\\/mznoticia.com.br\\\/jaguariaiva\\\/#\\\/schema\\\/person\\\/84012d827247b3f42f37b550da79cd03\",\"name\":\"Redacao mz\",\"image\":{\"@type\":\"ImageObject\",\"inLanguage\":\"pt-BR\",\"@id\":\"https:\\\/\\\/mznoticia.com.br\\\/jaguariaiva\\\/wp-content\\\/uploads\\\/2025\\\/02\\\/mznoticia_jaguariaiva_coluna-150x150.png\",\"url\":\"https:\\\/\\\/mznoticia.com.br\\\/jaguariaiva\\\/wp-content\\\/uploads\\\/2025\\\/02\\\/mznoticia_jaguariaiva_coluna-150x150.png\",\"contentUrl\":\"https:\\\/\\\/mznoticia.com.br\\\/jaguariaiva\\\/wp-content\\\/uploads\\\/2025\\\/02\\\/mznoticia_jaguariaiva_coluna-150x150.png\",\"caption\":\"Redacao mz\"},\"sameAs\":[\"http:\\\/\\\/mznoticia.com.br\"],\"url\":\"https:\\\/\\\/mznoticia.com.br\\\/jaguariaiva\\\/author\\\/lucimara\\\/\"}]}<\/script>\n<!-- \/ Yoast SEO plugin. -->","yoast_head_json":{"title":"Engavetamento na Serra do Mar bloqueia a BR-277; acidente deixa dois mortos e 18 feridos - Mz Not\u00edcias","description":"Engavetamento com sete carros e quatro carretas deixa dois mortos e 18 feridos e bloqueia a BR-277 na Serra do Mar, em Morretes.","robots":{"index":"index","follow":"follow","max-snippet":"max-snippet:-1","max-image-preview":"max-image-preview:large","max-video-preview":"max-video-preview:-1"},"canonical":"https:\/\/mznoticia.com.br\/jaguariaiva\/engavetamento-na-serra-do-mar-bloqueia-a-br-277-acidente-deixa-dois-mortos-e-18-feridos\/","og_locale":"pt_BR","og_type":"article","og_title":"Engavetamento na Serra do Mar bloqueia a BR-277; acidente deixa dois mortos e 18 feridos - Mz Not\u00edcias","og_description":"Engavetamento com sete carros e quatro carretas deixa dois mortos e 18 feridos e bloqueia a BR-277 na Serra do Mar, em Morretes.","og_url":"https:\/\/mznoticia.com.br\/jaguariaiva\/engavetamento-na-serra-do-mar-bloqueia-a-br-277-acidente-deixa-dois-mortos-e-18-feridos\/","og_site_name":"Mz Not\u00edcias","article_publisher":"https:\/\/www.facebook.com\/profile.php?id=61573479951222","article_published_time":"2026-08-18T16:32:08+00:00","og_image":[{"width":1024,"height":576,"url":"https:\/\/mznoticia.com.br\/jaguariaiva\/wp-content\/uploads\/2026\/08\/90.webp","type":"image\/webp"}],"author":"Redacao mz","twitter_card":"summary_large_image","twitter_misc":{"Escrito por":"Redacao mz","Est. tempo de leitura":"2 minutos"},"schema":{"@context":"https:\/\/schema.org","@graph":[{"@type":"Article","@id":"https:\/\/mznoticia.com.br\/jaguariaiva\/engavetamento-na-serra-do-mar-bloqueia-a-br-277-acidente-deixa-dois-mortos-e-18-feridos\/#article","isPartOf":{"@id":"https:\/\/mznoticia.com.br\/jaguariaiva\/engavetamento-na-serra-do-mar-bloqueia-a-br-277-acidente-deixa-dois-mortos-e-18-feridos\/"},"author":{"name":"Redacao mz","@id":"https:\/\/mznoticia.com.br\/jaguariaiva\/#\/schema\/person\/84012d827247b3f42f37b550da79cd03"},"headline":"Engavetamento na Serra do Mar bloqueia a BR-277; acidente deixa dois mortos e 18 feridos","datePublished":"2026-08-18T16:32:08+00:00","mainEntityOfPage":{"@id":"https:\/\/mznoticia.com.br\/jaguariaiva\/engavetamento-na-serra-do-mar-bloqueia-a-br-277-acidente-deixa-dois-mortos-e-18-feridos\/"},"wordCount":243,"commentCount":0,"publisher":{"@id":"https:\/\/mznoticia.com.br\/jaguariaiva\/#organization"},"image":{"@id":"https:\/\/mznoticia.com.br\/jaguariaiva\/engavetamento-na-serra-do-mar-bloqueia-a-br-277-acidente-deixa-dois-mortos-e-18-feridos\/#primaryimage"},"thumbnailUrl":"https:\/\/mznoticia.com.br\/jaguariaiva\/wp-content\/uploads\/2026\/08\/90.webp","keywords":["acidente","BR-277","Corpo de Bombeiros","engavetamento","EPR Litoral Pioneiro","feridos","Morretes","Mortes","parana","PRF","Serra do Mar","tr\u00e2nsito"],"articleSection":["Acidente"],"inLanguage":"pt-BR","potentialAction":[{"@type":"CommentAction","name":"Comment","target":["https:\/\/mznoticia.com.br\/jaguariaiva\/engavetamento-na-serra-do-mar-bloqueia-a-br-277-acidente-deixa-dois-mortos-e-18-feridos\/#respond"]}]},{"@type":"WebPage","@id":"https:\/\/mznoticia.com.br\/jaguariaiva\/engavetamento-na-serra-do-mar-bloqueia-a-br-277-acidente-deixa-dois-mortos-e-18-feridos\/","url":"https:\/\/mznoticia.com.br\/jaguariaiva\/engavetamento-na-serra-do-mar-bloqueia-a-br-277-acidente-deixa-dois-mortos-e-18-feridos\/","name":"Engavetamento na Serra do Mar bloqueia a BR-277; acidente deixa dois mortos e 18 feridos - Mz Not\u00edcias","isPartOf":{"@id":"https:\/\/mznoticia.com.br\/jaguariaiva\/#website"},"primaryImageOfPage":{"@id":"https:\/\/mznoticia.com.br\/jaguariaiva\/engavetamento-na-serra-do-mar-bloqueia-a-br-277-acidente-deixa-dois-mortos-e-18-feridos\/#primaryimage"},"image":{"@id":"https:\/\/mznoticia.com.br\/jaguariaiva\/engavetamento-na-serra-do-mar-bloqueia-a-br-277-acidente-deixa-dois-mortos-e-18-feridos\/#primaryimage"},"thumbnailUrl":"https:\/\/mznoticia.com.br\/jaguariaiva\/wp-content\/uploads\/2026\/08\/90.webp","datePublished":"2026-08-18T16:32:08+00:00","description":"Engavetamento com sete carros e quatro carretas deixa dois mortos e 18 feridos e bloqueia a BR-277 na Serra do Mar, em Morretes.","breadcrumb":{"@id":"https:\/\/mznoticia.com.br\/jaguariaiva\/engavetamento-na-serra-do-mar-bloqueia-a-br-277-acidente-deixa-dois-mortos-e-18-feridos\/#breadcrumb"},"inLanguage":"pt-BR","potentialAction":[{"@type":"ReadAction","target":["https:\/\/mznoticia.com.br\/jaguariaiva\/engavetamento-na-serra-do-mar-bloqueia-a-br-277-acidente-deixa-dois-mortos-e-18-feridos\/"]}]},{"@type":"ImageObject","inLanguage":"pt-BR","@id":"https:\/\/mznoticia.com.br\/jaguariaiva\/engavetamento-na-serra-do-mar-bloqueia-a-br-277-acidente-deixa-dois-mortos-e-18-feridos\/#primaryimage","url":"https:\/\/mznoticia.com.br\/jaguariaiva\/wp-content\/uploads\/2026\/08\/90.webp","contentUrl":"https:\/\/mznoticia.com.br\/jaguariaiva\/wp-content\/uploads\/2026\/08\/90.webp","width":1024,"height":576},{"@type":"BreadcrumbList","@id":"https:\/\/mznoticia.com.br\/jaguariaiva\/engavetamento-na-serra-do-mar-bloqueia-a-br-277-acidente-deixa-dois-mortos-e-18-feridos\/#breadcrumb","itemListElement":[{"@type":"ListItem","position":1,"name":"Home","item":"https:\/\/mznoticia.com.br\/jaguariaiva\/"},{"@type":"ListItem","position":2,"name":"Engavetamento na Serra do Mar bloqueia a BR-277; acidente deixa dois mortos e 18 feridos"}]},{"@type":"WebSite","@id":"https:\/\/mznoticia.com.br\/jaguariaiva\/#website","url":"https:\/\/mznoticia.com.br\/jaguariaiva\/","name":"Mz Not\u00edcia","description":"A informa\u00e7\u00e3o que voc\u00ea precisa na hora certa!","publisher":{"@id":"https:\/\/mznoticia.com.br\/jaguariaiva\/#organization"},"potentialAction":[{"@type":"SearchAction","target":{"@type":"EntryPoint","urlTemplate":"https:\/\/mznoticia.com.br\/jaguariaiva\/?s={search_term_string}"},"query-input":{"@type":"PropertyValueSpecification","valueRequired":true,"valueName":"search_term_string"}}],"inLanguage":"pt-BR"},{"@type":"Organization","@id":"https:\/\/mznoticia.com.br\/jaguariaiva\/#organization","name":"Mz Not\u00edcia","url":"https:\/\/mznoticia.com.br\/jaguariaiva\/","logo":{"@type":"ImageObject","inLanguage":"pt-BR","@id":"https:\/\/mznoticia.com.br\/jaguariaiva\/#\/schema\/logo\/image\/","url":"https:\/\/mznoticia.com.br\/jaguariaiva\/wp-content\/uploads\/2025\/03\/Design-sem-nome-4-e1741200616392.png","contentUrl":"https:\/\/mznoticia.com.br\/jaguariaiva\/wp-content\/uploads\/2025\/03\/Design-sem-nome-4-e1741200616392.png","width":750,"height":563,"caption":"Mz Not\u00edcia"},"image":{"@id":"https:\/\/mznoticia.com.br\/jaguariaiva\/#\/schema\/logo\/image\/"},"sameAs":["https:\/\/www.facebook.com\/profile.php?id=61573479951222","https:\/\/www.instagram.com\/mz.jaguariaiva\/"]},{"@type":"Person","@id":"https:\/\/mznoticia.com.br\/jaguariaiva\/#\/schema\/person\/84012d827247b3f42f37b550da79cd03","name":"Redacao mz","image":{"@type":"ImageObject","inLanguage":"pt-BR","@id":"https:\/\/mznoticia.com.br\/jaguariaiva\/wp-content\/uploads\/2025\/02\/mznoticia_jaguariaiva_coluna-150x150.png","url":"https:\/\/mznoticia.com.br\/jaguariaiva\/wp-content\/uploads\/2025\/02\/mznoticia_jaguariaiva_coluna-150x150.png","contentUrl":"https:\/\/mznoticia.com.br\/jaguariaiva\/wp-content\/uploads\/2025\/02\/mznoticia_jaguariaiva_coluna-150x150.png","caption":"Redacao mz"},"sameAs":["http:\/\/mznoticia.com.br"],"url":"https:\/\/mznoticia.com.br\/jaguariaiva\/author\/lucimara\/"}]}},"_links":{"self":[{"href":"https:\/\/mznoticia.com.br\/jaguariaiva\/wp-json\/wp\/v2\/posts\/6653","targetHints":{"allow":["GET"]}}],"collection":[{"href":"https:\/\/mznoticia.com.br\/jaguariaiva\/wp-json\/wp\/v2\/posts"}],"about":[{"href":"https:\/\/mznoticia.com.br\/jaguariaiva\/wp-json\/wp\/v2\/types\/post"}],"author":[{"embeddable":true,"href":"https:\/\/mznoticia.com.br\/jaguariaiva\/wp-json\/wp\/v2\/users\/16"}],"replies":[{"embeddable":true,"href":"https:\/\/mznoticia.com.br\/jaguariaiva\/wp-json\/wp\/v2\/comments?post=6653"}],"version-history":[{"count":1,"href":"https:\/\/mznoticia.com.br\/jaguariaiva\/wp-json\/wp\/v2\/posts\/6653\/revisions"}],"predecessor-version":[{"id":6655,"href":"https:\/\/mznoticia.com.br\/jaguariaiva\/wp-json\/wp\/v2\/posts\/6653\/revisions\/6655"}],"wp:featuredmedia":[{"embeddable":true,"href":"https:\/\/mznoticia.com.br\/jaguariaiva\/wp-json\/wp\/v2\/media\/6654"}],"wp:attachment":[{"href":"https:\/\/mznoticia.com.br\/jaguariaiva\/wp-json\/wp\/v2\/media?parent=6653"}],"wp:term":[{"taxonomy":"category","embeddable":true,"href":"https:\/\/mznoticia.com.br\/jaguariaiva\/wp-json\/wp\/v2\/categories?post=6653"},{"taxonomy":"post_tag","embeddable":true,"href":"https:\/\/mznoticia.com.br\/jaguariaiva\/wp-json\/wp\/v2\/tags?post=6653"}],"curies":[{"name":"wp","href":"https:\/\/api.w.org\/{rel}","templated":true}]}}