{"id":6710,"date":"2026-08-19T11:39:51","date_gmt":"2026-08-19T11:39:51","guid":{"rendered":"https:\/\/mznoticia.com.br\/jaguariaiva\/?p=6710"},"modified":"2026-08-19T11:39:51","modified_gmt":"2026-08-19T11:39:51","slug":"acidente-com-micro-onibus-deixa-22-mortos-e-cinco-feridos-na-br-373-em-ipiranga","status":"publish","type":"post","link":"https:\/\/mznoticia.com.br\/jaguariaiva\/acidente-com-micro-onibus-deixa-22-mortos-e-cinco-feridos-na-br-373-em-ipiranga\/","title":{"rendered":"Acidente com micro-\u00f4nibus deixa 22 mortos e cinco feridos na BR-373, em Ipiranga"},"content":{"rendered":"<h2>Colis\u00e3o frontal entre um caminh\u00e3o e um micro-\u00f4nibus aconteceu na madrugada desta quarta-feira (19); trecho da rodovia est\u00e1 totalmente interditado<\/h2>\n<h3>Acidente aconteceu durante a madrugada<\/h3>\n<p class=\"isSelectedEnd\">Uma colis\u00e3o frontal entre um caminh\u00e3o e um micro-\u00f4nibus deixou <strong>22 pessoas mortas e cinco feridas<\/strong> na madrugada desta quarta-feira (19), na BR-373, em Ipiranga, nos Campos Gerais do Paran\u00e1.<\/p>\n<p class=\"isSelectedEnd\">Segundo informa\u00e7\u00f5es preliminares, o acidente envolveu um caminh\u00e3o Scania, com placas de Erechim (RS), e um micro-\u00f4nibus, com placas de Imbituva.<\/p>\n<p class=\"isSelectedEnd\">De acordo com a Pol\u00edcia Rodovi\u00e1ria Federal (PRF), o micro-\u00f4nibus pertence \u00e0 \u00e1rea da sa\u00fade da Prefeitura de Imbituva.<\/p>\n<h3>Micro-\u00f4nibus tinha como destino diferentes munic\u00edpios<\/h3>\n<p class=\"isSelectedEnd\">Conforme as informa\u00e7\u00f5es iniciais, o ve\u00edculo de passageiros tinha como destino diversos munic\u00edpios, entre eles <strong>Campo Largo, Curitiba e Campina Grande<\/strong>.<\/p>\n<p class=\"isSelectedEnd\">Entre as 22 pessoas que morreram est\u00e1 o motorista da carreta envolvida na colis\u00e3o.<\/p>\n<p class=\"isSelectedEnd\">Cinco pessoas ficaram feridas. Quatro delas foram encaminhadas para hospitais de Ponta Grossa.<\/p>\n<h3>Equipes atuam no local<\/h3>\n<p class=\"isSelectedEnd\">Equipes da Pol\u00edcia Rodovi\u00e1ria Federal, Pol\u00edcia Cient\u00edfica, Instituto M\u00e9dico-Legal (IML), Servi\u00e7o de Atendimento M\u00f3vel de Urg\u00eancia (SAMU), Corpo de Bombeiros e da concession\u00e1ria respons\u00e1vel pelo trecho atuam no atendimento da ocorr\u00eancia.<\/p>\n<p class=\"isSelectedEnd\">Tamb\u00e9m foram deslocadas equipes de apoio de <strong>Irati e Prudent\u00f3polis<\/strong>. A opera\u00e7\u00e3o conta ainda com viaturas de inspe\u00e7\u00e3o de tr\u00e1fego e dois guinchos leves.<\/p>\n<h3>BR-373 est\u00e1 totalmente interditada<\/h3>\n<p class=\"isSelectedEnd\">Por causa do acidente, a BR-373 est\u00e1 <strong>totalmente interditada no km 209<\/strong>. At\u00e9 o momento, n\u00e3o h\u00e1 previs\u00e3o para a libera\u00e7\u00e3o do trecho.<\/p>\n<p>As circunst\u00e2ncias da colis\u00e3o e a identifica\u00e7\u00e3o completa das v\u00edtimas ser\u00e3o apuradas pelas autoridades.<\/p>\n","protected":false},"excerpt":{"rendered":"<p>Colis\u00e3o frontal entre um caminh\u00e3o e um micro-\u00f4nibus aconteceu na madrugada desta quarta-feira (19); trecho da rodovia est\u00e1 totalmente interditado Acidente aconteceu durante a madrugada Uma colis\u00e3o frontal entre um caminh\u00e3o e um micro-\u00f4nibus deixou 22 pessoas mortas e cinco feridas na madrugada desta quarta-feira (19), na BR-373, em Ipiranga, nos Campos Gerais do Paran\u00e1. [&hellip;]<\/p>\n","protected":false},"author":16,"featured_media":6711,"comment_status":"open","ping_status":"open","sticky":false,"template":"","format":"standard","meta":{"footnotes":""},"categories":[140],"tags":[31,1925,314,47,2322,412,77,1003,24,495,590],"class_list":["post-6710","post","type-post","status-publish","format-standard","has-post-thumbnail","hentry","category-acidente","tag-acidente","tag-br-373","tag-campos-gerais","tag-destaque","tag-imbituva","tag-ipiranga","tag-parana","tag-policia-rodoviaria-federal","tag-ponta-grossa","tag-prf","tag-transito"],"yoast_head":"<!-- This site is optimized with the Yoast SEO plugin v28.1 - https:\/\/yoast.com\/product\/yoast-seo-wordpress\/ -->\n<title>Acidente com micro-\u00f4nibus deixa 22 mortos e cinco feridos na BR-373, em Ipiranga - Mz Not\u00edcias<\/title>\n<meta name=\"description\" content=\"Colis\u00e3o frontal entre caminh\u00e3o e micro-\u00f4nibus deixou 22 mortos e cinco feridos na madrugada desta quarta-feira (19), na BR-373, em Ipiranga.\" \/>\n<meta name=\"robots\" content=\"index, follow, max-snippet:-1, max-image-preview:large, max-video-preview:-1\" \/>\n<link rel=\"canonical\" href=\"https:\/\/mznoticia.com.br\/jaguariaiva\/acidente-com-micro-onibus-deixa-22-mortos-e-cinco-feridos-na-br-373-em-ipiranga\/\" \/>\n<meta property=\"og:locale\" content=\"pt_BR\" \/>\n<meta property=\"og:type\" content=\"article\" \/>\n<meta property=\"og:title\" content=\"Acidente com micro-\u00f4nibus deixa 22 mortos e cinco feridos na BR-373, em Ipiranga - Mz Not\u00edcias\" \/>\n<meta property=\"og:description\" content=\"Colis\u00e3o frontal entre caminh\u00e3o e micro-\u00f4nibus deixou 22 mortos e cinco feridos na madrugada desta quarta-feira (19), na BR-373, em Ipiranga.\" \/>\n<meta property=\"og:url\" content=\"https:\/\/mznoticia.com.br\/jaguariaiva\/acidente-com-micro-onibus-deixa-22-mortos-e-cinco-feridos-na-br-373-em-ipiranga\/\" \/>\n<meta property=\"og:site_name\" content=\"Mz Not\u00edcias\" \/>\n<meta property=\"article:publisher\" content=\"https:\/\/www.facebook.com\/profile.php?id=61573479951222\" \/>\n<meta property=\"article:published_time\" content=\"2026-08-19T11:39:51+00:00\" \/>\n<meta name=\"author\" content=\"Redacao mz\" \/>\n<meta name=\"twitter:card\" content=\"summary_large_image\" \/>\n<meta name=\"twitter:label1\" content=\"Escrito por\" \/>\n\t<meta name=\"twitter:data1\" content=\"Redacao mz\" \/>\n\t<meta name=\"twitter:label2\" content=\"Est. tempo de leitura\" \/>\n\t<meta name=\"twitter:data2\" content=\"2 minutos\" \/>\n<script type=\"application\/ld+json\" class=\"yoast-schema-graph\">{\"@context\":\"https:\\\/\\\/schema.org\",\"@graph\":[{\"@type\":\"Article\",\"@id\":\"https:\\\/\\\/mznoticia.com.br\\\/jaguariaiva\\\/acidente-com-micro-onibus-deixa-22-mortos-e-cinco-feridos-na-br-373-em-ipiranga\\\/#article\",\"isPartOf\":{\"@id\":\"https:\\\/\\\/mznoticia.com.br\\\/jaguariaiva\\\/acidente-com-micro-onibus-deixa-22-mortos-e-cinco-feridos-na-br-373-em-ipiranga\\\/\"},\"author\":{\"name\":\"Redacao mz\",\"@id\":\"https:\\\/\\\/mznoticia.com.br\\\/jaguariaiva\\\/#\\\/schema\\\/person\\\/84012d827247b3f42f37b550da79cd03\"},\"headline\":\"Acidente com micro-\u00f4nibus deixa 22 mortos e cinco feridos na BR-373, em Ipiranga\",\"datePublished\":\"2026-08-19T11:39:51+00:00\",\"mainEntityOfPage\":{\"@id\":\"https:\\\/\\\/mznoticia.com.br\\\/jaguariaiva\\\/acidente-com-micro-onibus-deixa-22-mortos-e-cinco-feridos-na-br-373-em-ipiranga\\\/\"},\"wordCount\":299,\"commentCount\":0,\"publisher\":{\"@id\":\"https:\\\/\\\/mznoticia.com.br\\\/jaguariaiva\\\/#organization\"},\"image\":{\"@id\":\"https:\\\/\\\/mznoticia.com.br\\\/jaguariaiva\\\/acidente-com-micro-onibus-deixa-22-mortos-e-cinco-feridos-na-br-373-em-ipiranga\\\/#primaryimage\"},\"thumbnailUrl\":\"https:\\\/\\\/mznoticia.com.br\\\/jaguariaiva\\\/wp-content\\\/uploads\\\/2026\\\/08\\\/100.avif\",\"keywords\":[\"acidente\",\"BR-373\",\"Campos Gerais\",\"destaque\",\"Imbituva\",\"Ipiranga\",\"parana\",\"Pol\u00edcia Rodovi\u00e1ria Federal\",\"Ponta Grossa\",\"PRF\",\"tr\u00e2nsito\"],\"articleSection\":[\"Acidente\"],\"inLanguage\":\"pt-BR\",\"potentialAction\":[{\"@type\":\"CommentAction\",\"name\":\"Comment\",\"target\":[\"https:\\\/\\\/mznoticia.com.br\\\/jaguariaiva\\\/acidente-com-micro-onibus-deixa-22-mortos-e-cinco-feridos-na-br-373-em-ipiranga\\\/#respond\"]}]},{\"@type\":\"WebPage\",\"@id\":\"https:\\\/\\\/mznoticia.com.br\\\/jaguariaiva\\\/acidente-com-micro-onibus-deixa-22-mortos-e-cinco-feridos-na-br-373-em-ipiranga\\\/\",\"url\":\"https:\\\/\\\/mznoticia.com.br\\\/jaguariaiva\\\/acidente-com-micro-onibus-deixa-22-mortos-e-cinco-feridos-na-br-373-em-ipiranga\\\/\",\"name\":\"Acidente com micro-\u00f4nibus deixa 22 mortos e cinco feridos na BR-373, em Ipiranga - Mz Not\u00edcias\",\"isPartOf\":{\"@id\":\"https:\\\/\\\/mznoticia.com.br\\\/jaguariaiva\\\/#website\"},\"primaryImageOfPage\":{\"@id\":\"https:\\\/\\\/mznoticia.com.br\\\/jaguariaiva\\\/acidente-com-micro-onibus-deixa-22-mortos-e-cinco-feridos-na-br-373-em-ipiranga\\\/#primaryimage\"},\"image\":{\"@id\":\"https:\\\/\\\/mznoticia.com.br\\\/jaguariaiva\\\/acidente-com-micro-onibus-deixa-22-mortos-e-cinco-feridos-na-br-373-em-ipiranga\\\/#primaryimage\"},\"thumbnailUrl\":\"https:\\\/\\\/mznoticia.com.br\\\/jaguariaiva\\\/wp-content\\\/uploads\\\/2026\\\/08\\\/100.avif\",\"datePublished\":\"2026-08-19T11:39:51+00:00\",\"description\":\"Colis\u00e3o frontal entre caminh\u00e3o e micro-\u00f4nibus deixou 22 mortos e cinco feridos na madrugada desta quarta-feira (19), na BR-373, em Ipiranga.\",\"breadcrumb\":{\"@id\":\"https:\\\/\\\/mznoticia.com.br\\\/jaguariaiva\\\/acidente-com-micro-onibus-deixa-22-mortos-e-cinco-feridos-na-br-373-em-ipiranga\\\/#breadcrumb\"},\"inLanguage\":\"pt-BR\",\"potentialAction\":[{\"@type\":\"ReadAction\",\"target\":[\"https:\\\/\\\/mznoticia.com.br\\\/jaguariaiva\\\/acidente-com-micro-onibus-deixa-22-mortos-e-cinco-feridos-na-br-373-em-ipiranga\\\/\"]}]},{\"@type\":\"ImageObject\",\"inLanguage\":\"pt-BR\",\"@id\":\"https:\\\/\\\/mznoticia.com.br\\\/jaguariaiva\\\/acidente-com-micro-onibus-deixa-22-mortos-e-cinco-feridos-na-br-373-em-ipiranga\\\/#primaryimage\",\"url\":\"https:\\\/\\\/mznoticia.com.br\\\/jaguariaiva\\\/wp-content\\\/uploads\\\/2026\\\/08\\\/100.avif\",\"contentUrl\":\"https:\\\/\\\/mznoticia.com.br\\\/jaguariaiva\\\/wp-content\\\/uploads\\\/2026\\\/08\\\/100.avif\",\"width\":1080,\"height\":608},{\"@type\":\"BreadcrumbList\",\"@id\":\"https:\\\/\\\/mznoticia.com.br\\\/jaguariaiva\\\/acidente-com-micro-onibus-deixa-22-mortos-e-cinco-feridos-na-br-373-em-ipiranga\\\/#breadcrumb\",\"itemListElement\":[{\"@type\":\"ListItem\",\"position\":1,\"name\":\"Home\",\"item\":\"https:\\\/\\\/mznoticia.com.br\\\/jaguariaiva\\\/\"},{\"@type\":\"ListItem\",\"position\":2,\"name\":\"Acidente com micro-\u00f4nibus deixa 22 mortos e cinco feridos na BR-373, em Ipiranga\"}]},{\"@type\":\"WebSite\",\"@id\":\"https:\\\/\\\/mznoticia.com.br\\\/jaguariaiva\\\/#website\",\"url\":\"https:\\\/\\\/mznoticia.com.br\\\/jaguariaiva\\\/\",\"name\":\"Mz Not\u00edcia\",\"description\":\"A informa\u00e7\u00e3o que voc\u00ea precisa na hora certa!\",\"publisher\":{\"@id\":\"https:\\\/\\\/mznoticia.com.br\\\/jaguariaiva\\\/#organization\"},\"potentialAction\":[{\"@type\":\"SearchAction\",\"target\":{\"@type\":\"EntryPoint\",\"urlTemplate\":\"https:\\\/\\\/mznoticia.com.br\\\/jaguariaiva\\\/?s={search_term_string}\"},\"query-input\":{\"@type\":\"PropertyValueSpecification\",\"valueRequired\":true,\"valueName\":\"search_term_string\"}}],\"inLanguage\":\"pt-BR\"},{\"@type\":\"Organization\",\"@id\":\"https:\\\/\\\/mznoticia.com.br\\\/jaguariaiva\\\/#organization\",\"name\":\"Mz Not\u00edcia\",\"url\":\"https:\\\/\\\/mznoticia.com.br\\\/jaguariaiva\\\/\",\"logo\":{\"@type\":\"ImageObject\",\"inLanguage\":\"pt-BR\",\"@id\":\"https:\\\/\\\/mznoticia.com.br\\\/jaguariaiva\\\/#\\\/schema\\\/logo\\\/image\\\/\",\"url\":\"https:\\\/\\\/mznoticia.com.br\\\/jaguariaiva\\\/wp-content\\\/uploads\\\/2025\\\/03\\\/Design-sem-nome-4-e1741200616392.png\",\"contentUrl\":\"https:\\\/\\\/mznoticia.com.br\\\/jaguariaiva\\\/wp-content\\\/uploads\\\/2025\\\/03\\\/Design-sem-nome-4-e1741200616392.png\",\"width\":750,\"height\":563,\"caption\":\"Mz Not\u00edcia\"},\"image\":{\"@id\":\"https:\\\/\\\/mznoticia.com.br\\\/jaguariaiva\\\/#\\\/schema\\\/logo\\\/image\\\/\"},\"sameAs\":[\"https:\\\/\\\/www.facebook.com\\\/profile.php?id=61573479951222\",\"https:\\\/\\\/www.instagram.com\\\/mz.jaguariaiva\\\/\"]},{\"@type\":\"Person\",\"@id\":\"https:\\\/\\\/mznoticia.com.br\\\/jaguariaiva\\\/#\\\/schema\\\/person\\\/84012d827247b3f42f37b550da79cd03\",\"name\":\"Redacao mz\",\"image\":{\"@type\":\"ImageObject\",\"inLanguage\":\"pt-BR\",\"@id\":\"https:\\\/\\\/mznoticia.com.br\\\/jaguariaiva\\\/wp-content\\\/uploads\\\/2025\\\/02\\\/mznoticia_jaguariaiva_coluna-150x150.png\",\"url\":\"https:\\\/\\\/mznoticia.com.br\\\/jaguariaiva\\\/wp-content\\\/uploads\\\/2025\\\/02\\\/mznoticia_jaguariaiva_coluna-150x150.png\",\"contentUrl\":\"https:\\\/\\\/mznoticia.com.br\\\/jaguariaiva\\\/wp-content\\\/uploads\\\/2025\\\/02\\\/mznoticia_jaguariaiva_coluna-150x150.png\",\"caption\":\"Redacao mz\"},\"sameAs\":[\"http:\\\/\\\/mznoticia.com.br\"],\"url\":\"https:\\\/\\\/mznoticia.com.br\\\/jaguariaiva\\\/author\\\/lucimara\\\/\"}]}<\/script>\n<!-- \/ Yoast SEO plugin. -->","yoast_head_json":{"title":"Acidente com micro-\u00f4nibus deixa 22 mortos e cinco feridos na BR-373, em Ipiranga - Mz Not\u00edcias","description":"Colis\u00e3o frontal entre caminh\u00e3o e micro-\u00f4nibus deixou 22 mortos e cinco feridos na madrugada desta quarta-feira (19), na BR-373, em Ipiranga.","robots":{"index":"index","follow":"follow","max-snippet":"max-snippet:-1","max-image-preview":"max-image-preview:large","max-video-preview":"max-video-preview:-1"},"canonical":"https:\/\/mznoticia.com.br\/jaguariaiva\/acidente-com-micro-onibus-deixa-22-mortos-e-cinco-feridos-na-br-373-em-ipiranga\/","og_locale":"pt_BR","og_type":"article","og_title":"Acidente com micro-\u00f4nibus deixa 22 mortos e cinco feridos na BR-373, em Ipiranga - Mz Not\u00edcias","og_description":"Colis\u00e3o frontal entre caminh\u00e3o e micro-\u00f4nibus deixou 22 mortos e cinco feridos na madrugada desta quarta-feira (19), na BR-373, em Ipiranga.","og_url":"https:\/\/mznoticia.com.br\/jaguariaiva\/acidente-com-micro-onibus-deixa-22-mortos-e-cinco-feridos-na-br-373-em-ipiranga\/","og_site_name":"Mz Not\u00edcias","article_publisher":"https:\/\/www.facebook.com\/profile.php?id=61573479951222","article_published_time":"2026-08-19T11:39:51+00:00","author":"Redacao mz","twitter_card":"summary_large_image","twitter_misc":{"Escrito por":"Redacao mz","Est. tempo de leitura":"2 minutos"},"schema":{"@context":"https:\/\/schema.org","@graph":[{"@type":"Article","@id":"https:\/\/mznoticia.com.br\/jaguariaiva\/acidente-com-micro-onibus-deixa-22-mortos-e-cinco-feridos-na-br-373-em-ipiranga\/#article","isPartOf":{"@id":"https:\/\/mznoticia.com.br\/jaguariaiva\/acidente-com-micro-onibus-deixa-22-mortos-e-cinco-feridos-na-br-373-em-ipiranga\/"},"author":{"name":"Redacao mz","@id":"https:\/\/mznoticia.com.br\/jaguariaiva\/#\/schema\/person\/84012d827247b3f42f37b550da79cd03"},"headline":"Acidente com micro-\u00f4nibus deixa 22 mortos e cinco feridos na BR-373, em Ipiranga","datePublished":"2026-08-19T11:39:51+00:00","mainEntityOfPage":{"@id":"https:\/\/mznoticia.com.br\/jaguariaiva\/acidente-com-micro-onibus-deixa-22-mortos-e-cinco-feridos-na-br-373-em-ipiranga\/"},"wordCount":299,"commentCount":0,"publisher":{"@id":"https:\/\/mznoticia.com.br\/jaguariaiva\/#organization"},"image":{"@id":"https:\/\/mznoticia.com.br\/jaguariaiva\/acidente-com-micro-onibus-deixa-22-mortos-e-cinco-feridos-na-br-373-em-ipiranga\/#primaryimage"},"thumbnailUrl":"https:\/\/mznoticia.com.br\/jaguariaiva\/wp-content\/uploads\/2026\/08\/100.avif","keywords":["acidente","BR-373","Campos Gerais","destaque","Imbituva","Ipiranga","parana","Pol\u00edcia Rodovi\u00e1ria Federal","Ponta Grossa","PRF","tr\u00e2nsito"],"articleSection":["Acidente"],"inLanguage":"pt-BR","potentialAction":[{"@type":"CommentAction","name":"Comment","target":["https:\/\/mznoticia.com.br\/jaguariaiva\/acidente-com-micro-onibus-deixa-22-mortos-e-cinco-feridos-na-br-373-em-ipiranga\/#respond"]}]},{"@type":"WebPage","@id":"https:\/\/mznoticia.com.br\/jaguariaiva\/acidente-com-micro-onibus-deixa-22-mortos-e-cinco-feridos-na-br-373-em-ipiranga\/","url":"https:\/\/mznoticia.com.br\/jaguariaiva\/acidente-com-micro-onibus-deixa-22-mortos-e-cinco-feridos-na-br-373-em-ipiranga\/","name":"Acidente com micro-\u00f4nibus deixa 22 mortos e cinco feridos na BR-373, em Ipiranga - Mz Not\u00edcias","isPartOf":{"@id":"https:\/\/mznoticia.com.br\/jaguariaiva\/#website"},"primaryImageOfPage":{"@id":"https:\/\/mznoticia.com.br\/jaguariaiva\/acidente-com-micro-onibus-deixa-22-mortos-e-cinco-feridos-na-br-373-em-ipiranga\/#primaryimage"},"image":{"@id":"https:\/\/mznoticia.com.br\/jaguariaiva\/acidente-com-micro-onibus-deixa-22-mortos-e-cinco-feridos-na-br-373-em-ipiranga\/#primaryimage"},"thumbnailUrl":"https:\/\/mznoticia.com.br\/jaguariaiva\/wp-content\/uploads\/2026\/08\/100.avif","datePublished":"2026-08-19T11:39:51+00:00","description":"Colis\u00e3o frontal entre caminh\u00e3o e micro-\u00f4nibus deixou 22 mortos e cinco feridos na madrugada desta quarta-feira (19), na BR-373, em Ipiranga.","breadcrumb":{"@id":"https:\/\/mznoticia.com.br\/jaguariaiva\/acidente-com-micro-onibus-deixa-22-mortos-e-cinco-feridos-na-br-373-em-ipiranga\/#breadcrumb"},"inLanguage":"pt-BR","potentialAction":[{"@type":"ReadAction","target":["https:\/\/mznoticia.com.br\/jaguariaiva\/acidente-com-micro-onibus-deixa-22-mortos-e-cinco-feridos-na-br-373-em-ipiranga\/"]}]},{"@type":"ImageObject","inLanguage":"pt-BR","@id":"https:\/\/mznoticia.com.br\/jaguariaiva\/acidente-com-micro-onibus-deixa-22-mortos-e-cinco-feridos-na-br-373-em-ipiranga\/#primaryimage","url":"https:\/\/mznoticia.com.br\/jaguariaiva\/wp-content\/uploads\/2026\/08\/100.avif","contentUrl":"https:\/\/mznoticia.com.br\/jaguariaiva\/wp-content\/uploads\/2026\/08\/100.avif","width":1080,"height":608},{"@type":"BreadcrumbList","@id":"https:\/\/mznoticia.com.br\/jaguariaiva\/acidente-com-micro-onibus-deixa-22-mortos-e-cinco-feridos-na-br-373-em-ipiranga\/#breadcrumb","itemListElement":[{"@type":"ListItem","position":1,"name":"Home","item":"https:\/\/mznoticia.com.br\/jaguariaiva\/"},{"@type":"ListItem","position":2,"name":"Acidente com micro-\u00f4nibus deixa 22 mortos e cinco feridos na BR-373, em Ipiranga"}]},{"@type":"WebSite","@id":"https:\/\/mznoticia.com.br\/jaguariaiva\/#website","url":"https:\/\/mznoticia.com.br\/jaguariaiva\/","name":"Mz Not\u00edcia","description":"A informa\u00e7\u00e3o que voc\u00ea precisa na hora certa!","publisher":{"@id":"https:\/\/mznoticia.com.br\/jaguariaiva\/#organization"},"potentialAction":[{"@type":"SearchAction","target":{"@type":"EntryPoint","urlTemplate":"https:\/\/mznoticia.com.br\/jaguariaiva\/?s={search_term_string}"},"query-input":{"@type":"PropertyValueSpecification","valueRequired":true,"valueName":"search_term_string"}}],"inLanguage":"pt-BR"},{"@type":"Organization","@id":"https:\/\/mznoticia.com.br\/jaguariaiva\/#organization","name":"Mz Not\u00edcia","url":"https:\/\/mznoticia.com.br\/jaguariaiva\/","logo":{"@type":"ImageObject","inLanguage":"pt-BR","@id":"https:\/\/mznoticia.com.br\/jaguariaiva\/#\/schema\/logo\/image\/","url":"https:\/\/mznoticia.com.br\/jaguariaiva\/wp-content\/uploads\/2025\/03\/Design-sem-nome-4-e1741200616392.png","contentUrl":"https:\/\/mznoticia.com.br\/jaguariaiva\/wp-content\/uploads\/2025\/03\/Design-sem-nome-4-e1741200616392.png","width":750,"height":563,"caption":"Mz Not\u00edcia"},"image":{"@id":"https:\/\/mznoticia.com.br\/jaguariaiva\/#\/schema\/logo\/image\/"},"sameAs":["https:\/\/www.facebook.com\/profile.php?id=61573479951222","https:\/\/www.instagram.com\/mz.jaguariaiva\/"]},{"@type":"Person","@id":"https:\/\/mznoticia.com.br\/jaguariaiva\/#\/schema\/person\/84012d827247b3f42f37b550da79cd03","name":"Redacao mz","image":{"@type":"ImageObject","inLanguage":"pt-BR","@id":"https:\/\/mznoticia.com.br\/jaguariaiva\/wp-content\/uploads\/2025\/02\/mznoticia_jaguariaiva_coluna-150x150.png","url":"https:\/\/mznoticia.com.br\/jaguariaiva\/wp-content\/uploads\/2025\/02\/mznoticia_jaguariaiva_coluna-150x150.png","contentUrl":"https:\/\/mznoticia.com.br\/jaguariaiva\/wp-content\/uploads\/2025\/02\/mznoticia_jaguariaiva_coluna-150x150.png","caption":"Redacao mz"},"sameAs":["http:\/\/mznoticia.com.br"],"url":"https:\/\/mznoticia.com.br\/jaguariaiva\/author\/lucimara\/"}]}},"_links":{"self":[{"href":"https:\/\/mznoticia.com.br\/jaguariaiva\/wp-json\/wp\/v2\/posts\/6710","targetHints":{"allow":["GET"]}}],"collection":[{"href":"https:\/\/mznoticia.com.br\/jaguariaiva\/wp-json\/wp\/v2\/posts"}],"about":[{"href":"https:\/\/mznoticia.com.br\/jaguariaiva\/wp-json\/wp\/v2\/types\/post"}],"author":[{"embeddable":true,"href":"https:\/\/mznoticia.com.br\/jaguariaiva\/wp-json\/wp\/v2\/users\/16"}],"replies":[{"embeddable":true,"href":"https:\/\/mznoticia.com.br\/jaguariaiva\/wp-json\/wp\/v2\/comments?post=6710"}],"version-history":[{"count":1,"href":"https:\/\/mznoticia.com.br\/jaguariaiva\/wp-json\/wp\/v2\/posts\/6710\/revisions"}],"predecessor-version":[{"id":6712,"href":"https:\/\/mznoticia.com.br\/jaguariaiva\/wp-json\/wp\/v2\/posts\/6710\/revisions\/6712"}],"wp:featuredmedia":[{"embeddable":true,"href":"https:\/\/mznoticia.com.br\/jaguariaiva\/wp-json\/wp\/v2\/media\/6711"}],"wp:attachment":[{"href":"https:\/\/mznoticia.com.br\/jaguariaiva\/wp-json\/wp\/v2\/media?parent=6710"}],"wp:term":[{"taxonomy":"category","embeddable":true,"href":"https:\/\/mznoticia.com.br\/jaguariaiva\/wp-json\/wp\/v2\/categories?post=6710"},{"taxonomy":"post_tag","embeddable":true,"href":"https:\/\/mznoticia.com.br\/jaguariaiva\/wp-json\/wp\/v2\/tags?post=6710"}],"curies":[{"name":"wp","href":"https:\/\/api.w.org\/{rel}","templated":true}]}}