{"id":6736,"date":"2026-08-19T13:53:25","date_gmt":"2026-08-19T13:53:25","guid":{"rendered":"https:\/\/mznoticia.com.br\/jaguariaiva\/?p=6736"},"modified":"2026-08-19T13:53:25","modified_gmt":"2026-08-19T13:53:25","slug":"sao-paulo-e-boca-juniors-avancam-na-copa-sul-americana","status":"publish","type":"post","link":"https:\/\/mznoticia.com.br\/jaguariaiva\/sao-paulo-e-boca-juniors-avancam-na-copa-sul-americana\/","title":{"rendered":"S\u00e3o Paulo e Boca Juniors avan\u00e7am na Copa Sul-Americana"},"content":{"rendered":"<h2>S\u00e3o Paulo venceu o Bol\u00edvar por 3 a 1, enquanto o Boca Juniors goleou o Recoleta e confirmou a classifica\u00e7\u00e3o<\/h2>\n<h3>S\u00e3o Paulo vence o Bol\u00edvar<\/h3>\n<p class=\"isSelectedEnd\">O <strong>S\u00e3o Paulo<\/strong> venceu o <strong>Bol\u00edvar por 3 a 1<\/strong>, no MorumBIS, pelo jogo de volta das oitavas de final da <strong>Copa Sul-Americana<\/strong>, e garantiu a classifica\u00e7\u00e3o para as quartas de final.<\/p>\n<p class=\"isSelectedEnd\">O Tricolor Paulista confirmou a vaga na pr\u00f3xima fase da competi\u00e7\u00e3o continental diante de sua torcida.<\/p>\n<h3>Boca Juniors goleia o Recoleta<\/h3>\n<p class=\"isSelectedEnd\">O <strong>Boca Juniors<\/strong> tamb\u00e9m avan\u00e7ou na Copa Sul-Americana ap\u00f3s golear o <strong>Recoleta<\/strong>.<\/p>\n<p class=\"isSelectedEnd\">A equipe argentina venceu o confronto por <strong>7 a 1 no placar agregado<\/strong>, garantindo a classifica\u00e7\u00e3o para a pr\u00f3xima fase do torneio.<\/p>\n<h3>Fluminense avan\u00e7a na Libertadores<\/h3>\n<p class=\"isSelectedEnd\">Pela <strong>Copa Libertadores<\/strong>, o <strong>Fluminense<\/strong> garantiu a classifica\u00e7\u00e3o \u00e0s quartas de final ap\u00f3s superar o <strong>Rivadavia nos p\u00eanaltis<\/strong>.<\/p>\n<p class=\"isSelectedEnd\">A equipe carioca sofreu o empate nos minutos finais do tempo normal e precisou decidir a vaga nas cobran\u00e7as de p\u00eanaltis.<\/p>\n<p class=\"isSelectedEnd\">O Fluminense levou a melhor e confirmou presen\u00e7a nas quartas de final da competi\u00e7\u00e3o.<\/p>\n<h3>Resultados de destaque<\/h3>\n<p class=\"isSelectedEnd\"><strong>Copa Sul-Americana<\/strong><\/p>\n<ul data-spread=\"false\">\n<li><strong>S\u00e3o Paulo 3 x 1 Bol\u00edvar<\/strong> \u2014 S\u00e3o Paulo classificado.<\/li>\n<li><strong>Boca Juniors x Recoleta<\/strong> \u2014 Boca Juniors avan\u00e7ou ap\u00f3s vit\u00f3ria por 7 a 1 no placar agregado.<\/li>\n<\/ul>\n<p class=\"isSelectedEnd\"><strong>Copa Libertadores<\/strong><\/p>\n<ul data-spread=\"false\">\n<li><strong>Fluminense x Rivadavia<\/strong> \u2014 Fluminense venceu nos p\u00eanaltis e avan\u00e7ou \u00e0s quartas de final.<\/li>\n<\/ul>\n","protected":false},"excerpt":{"rendered":"<p>S\u00e3o Paulo venceu o Bol\u00edvar por 3 a 1, enquanto o Boca Juniors goleou o Recoleta e confirmou a classifica\u00e7\u00e3o S\u00e3o Paulo vence o Bol\u00edvar O S\u00e3o Paulo venceu o Bol\u00edvar por 3 a 1, no MorumBIS, pelo jogo de volta das oitavas de final da Copa Sul-Americana, e garantiu a classifica\u00e7\u00e3o para as quartas [&hellip;]<\/p>\n","protected":false},"author":16,"featured_media":6737,"comment_status":"open","ping_status":"open","sticky":false,"template":"","format":"standard","meta":{"footnotes":""},"categories":[9],"tags":[2334,2335,1969,2035,512,1624,39,2336,113],"class_list":["post-6736","post","type-post","status-publish","format-standard","has-post-thumbnail","hentry","category-esportes","tag-boca-juniors","tag-bolivar","tag-copa-libertadores","tag-copa-sul-americana","tag-esporte","tag-fluminense","tag-futebol","tag-recoleta","tag-sao-paulo"],"yoast_head":"<!-- This site is optimized with the Yoast SEO plugin v28.1 - https:\/\/yoast.com\/product\/yoast-seo-wordpress\/ -->\n<title>S\u00e3o Paulo e Boca Juniors avan\u00e7am na Copa Sul-Americana - Mz Not\u00edcias<\/title>\n<meta name=\"description\" content=\"S\u00e3o Paulo vence o Bol\u00edvar por 3 a 1 e Boca Juniors goleia o Recoleta pela Copa Sul-Americana. Fluminense tamb\u00e9m avan\u00e7a na Libertadores.\" \/>\n<meta name=\"robots\" content=\"index, follow, max-snippet:-1, max-image-preview:large, max-video-preview:-1\" \/>\n<link rel=\"canonical\" href=\"https:\/\/mznoticia.com.br\/jaguariaiva\/sao-paulo-e-boca-juniors-avancam-na-copa-sul-americana\/\" \/>\n<meta property=\"og:locale\" content=\"pt_BR\" \/>\n<meta property=\"og:type\" content=\"article\" \/>\n<meta property=\"og:title\" content=\"S\u00e3o Paulo e Boca Juniors avan\u00e7am na Copa Sul-Americana - Mz Not\u00edcias\" \/>\n<meta property=\"og:description\" content=\"S\u00e3o Paulo vence o Bol\u00edvar por 3 a 1 e Boca Juniors goleia o Recoleta pela Copa Sul-Americana. Fluminense tamb\u00e9m avan\u00e7a na Libertadores.\" \/>\n<meta property=\"og:url\" content=\"https:\/\/mznoticia.com.br\/jaguariaiva\/sao-paulo-e-boca-juniors-avancam-na-copa-sul-americana\/\" \/>\n<meta property=\"og:site_name\" content=\"Mz Not\u00edcias\" \/>\n<meta property=\"article:publisher\" content=\"https:\/\/www.facebook.com\/profile.php?id=61573479951222\" \/>\n<meta property=\"article:published_time\" content=\"2026-08-19T13:53:25+00:00\" \/>\n<meta property=\"og:image\" content=\"https:\/\/mznoticia.com.br\/jaguariaiva\/wp-content\/uploads\/2026\/08\/ESPORTEMZ-5.jpg\" \/>\n\t<meta property=\"og:image:width\" content=\"1068\" \/>\n\t<meta property=\"og:image:height\" content=\"909\" \/>\n\t<meta property=\"og:image:type\" content=\"image\/jpeg\" \/>\n<meta name=\"author\" content=\"Redacao mz\" \/>\n<meta name=\"twitter:card\" content=\"summary_large_image\" \/>\n<meta name=\"twitter:label1\" content=\"Escrito por\" \/>\n\t<meta name=\"twitter:data1\" content=\"Redacao mz\" \/>\n\t<meta name=\"twitter:label2\" content=\"Est. tempo de leitura\" \/>\n\t<meta name=\"twitter:data2\" content=\"2 minutos\" \/>\n<script type=\"application\/ld+json\" class=\"yoast-schema-graph\">{\"@context\":\"https:\\\/\\\/schema.org\",\"@graph\":[{\"@type\":\"Article\",\"@id\":\"https:\\\/\\\/mznoticia.com.br\\\/jaguariaiva\\\/sao-paulo-e-boca-juniors-avancam-na-copa-sul-americana\\\/#article\",\"isPartOf\":{\"@id\":\"https:\\\/\\\/mznoticia.com.br\\\/jaguariaiva\\\/sao-paulo-e-boca-juniors-avancam-na-copa-sul-americana\\\/\"},\"author\":{\"name\":\"Redacao mz\",\"@id\":\"https:\\\/\\\/mznoticia.com.br\\\/jaguariaiva\\\/#\\\/schema\\\/person\\\/84012d827247b3f42f37b550da79cd03\"},\"headline\":\"S\u00e3o Paulo e Boca Juniors avan\u00e7am na Copa Sul-Americana\",\"datePublished\":\"2026-08-19T13:53:25+00:00\",\"mainEntityOfPage\":{\"@id\":\"https:\\\/\\\/mznoticia.com.br\\\/jaguariaiva\\\/sao-paulo-e-boca-juniors-avancam-na-copa-sul-americana\\\/\"},\"wordCount\":246,\"commentCount\":0,\"publisher\":{\"@id\":\"https:\\\/\\\/mznoticia.com.br\\\/jaguariaiva\\\/#organization\"},\"image\":{\"@id\":\"https:\\\/\\\/mznoticia.com.br\\\/jaguariaiva\\\/sao-paulo-e-boca-juniors-avancam-na-copa-sul-americana\\\/#primaryimage\"},\"thumbnailUrl\":\"https:\\\/\\\/mznoticia.com.br\\\/jaguariaiva\\\/wp-content\\\/uploads\\\/2026\\\/08\\\/ESPORTEMZ-5.jpg\",\"keywords\":[\"Boca Juniors\",\"Bol\u00edvar\",\"Copa Libertadores\",\"Copa Sul-Americana\",\"Esporte\",\"Fluminense\",\"futebol\",\"Recoleta\",\"S\u00e3o Paulo\"],\"articleSection\":[\"Esportes\"],\"inLanguage\":\"pt-BR\",\"potentialAction\":[{\"@type\":\"CommentAction\",\"name\":\"Comment\",\"target\":[\"https:\\\/\\\/mznoticia.com.br\\\/jaguariaiva\\\/sao-paulo-e-boca-juniors-avancam-na-copa-sul-americana\\\/#respond\"]}]},{\"@type\":\"WebPage\",\"@id\":\"https:\\\/\\\/mznoticia.com.br\\\/jaguariaiva\\\/sao-paulo-e-boca-juniors-avancam-na-copa-sul-americana\\\/\",\"url\":\"https:\\\/\\\/mznoticia.com.br\\\/jaguariaiva\\\/sao-paulo-e-boca-juniors-avancam-na-copa-sul-americana\\\/\",\"name\":\"S\u00e3o Paulo e Boca Juniors avan\u00e7am na Copa Sul-Americana - Mz Not\u00edcias\",\"isPartOf\":{\"@id\":\"https:\\\/\\\/mznoticia.com.br\\\/jaguariaiva\\\/#website\"},\"primaryImageOfPage\":{\"@id\":\"https:\\\/\\\/mznoticia.com.br\\\/jaguariaiva\\\/sao-paulo-e-boca-juniors-avancam-na-copa-sul-americana\\\/#primaryimage\"},\"image\":{\"@id\":\"https:\\\/\\\/mznoticia.com.br\\\/jaguariaiva\\\/sao-paulo-e-boca-juniors-avancam-na-copa-sul-americana\\\/#primaryimage\"},\"thumbnailUrl\":\"https:\\\/\\\/mznoticia.com.br\\\/jaguariaiva\\\/wp-content\\\/uploads\\\/2026\\\/08\\\/ESPORTEMZ-5.jpg\",\"datePublished\":\"2026-08-19T13:53:25+00:00\",\"description\":\"S\u00e3o Paulo vence o Bol\u00edvar por 3 a 1 e Boca Juniors goleia o Recoleta pela Copa Sul-Americana. Fluminense tamb\u00e9m avan\u00e7a na Libertadores.\",\"breadcrumb\":{\"@id\":\"https:\\\/\\\/mznoticia.com.br\\\/jaguariaiva\\\/sao-paulo-e-boca-juniors-avancam-na-copa-sul-americana\\\/#breadcrumb\"},\"inLanguage\":\"pt-BR\",\"potentialAction\":[{\"@type\":\"ReadAction\",\"target\":[\"https:\\\/\\\/mznoticia.com.br\\\/jaguariaiva\\\/sao-paulo-e-boca-juniors-avancam-na-copa-sul-americana\\\/\"]}]},{\"@type\":\"ImageObject\",\"inLanguage\":\"pt-BR\",\"@id\":\"https:\\\/\\\/mznoticia.com.br\\\/jaguariaiva\\\/sao-paulo-e-boca-juniors-avancam-na-copa-sul-americana\\\/#primaryimage\",\"url\":\"https:\\\/\\\/mznoticia.com.br\\\/jaguariaiva\\\/wp-content\\\/uploads\\\/2026\\\/08\\\/ESPORTEMZ-5.jpg\",\"contentUrl\":\"https:\\\/\\\/mznoticia.com.br\\\/jaguariaiva\\\/wp-content\\\/uploads\\\/2026\\\/08\\\/ESPORTEMZ-5.jpg\",\"width\":1068,\"height\":909},{\"@type\":\"BreadcrumbList\",\"@id\":\"https:\\\/\\\/mznoticia.com.br\\\/jaguariaiva\\\/sao-paulo-e-boca-juniors-avancam-na-copa-sul-americana\\\/#breadcrumb\",\"itemListElement\":[{\"@type\":\"ListItem\",\"position\":1,\"name\":\"Home\",\"item\":\"https:\\\/\\\/mznoticia.com.br\\\/jaguariaiva\\\/\"},{\"@type\":\"ListItem\",\"position\":2,\"name\":\"S\u00e3o Paulo e Boca Juniors avan\u00e7am na Copa Sul-Americana\"}]},{\"@type\":\"WebSite\",\"@id\":\"https:\\\/\\\/mznoticia.com.br\\\/jaguariaiva\\\/#website\",\"url\":\"https:\\\/\\\/mznoticia.com.br\\\/jaguariaiva\\\/\",\"name\":\"Mz Not\u00edcia\",\"description\":\"A informa\u00e7\u00e3o que voc\u00ea precisa na hora certa!\",\"publisher\":{\"@id\":\"https:\\\/\\\/mznoticia.com.br\\\/jaguariaiva\\\/#organization\"},\"potentialAction\":[{\"@type\":\"SearchAction\",\"target\":{\"@type\":\"EntryPoint\",\"urlTemplate\":\"https:\\\/\\\/mznoticia.com.br\\\/jaguariaiva\\\/?s={search_term_string}\"},\"query-input\":{\"@type\":\"PropertyValueSpecification\",\"valueRequired\":true,\"valueName\":\"search_term_string\"}}],\"inLanguage\":\"pt-BR\"},{\"@type\":\"Organization\",\"@id\":\"https:\\\/\\\/mznoticia.com.br\\\/jaguariaiva\\\/#organization\",\"name\":\"Mz Not\u00edcia\",\"url\":\"https:\\\/\\\/mznoticia.com.br\\\/jaguariaiva\\\/\",\"logo\":{\"@type\":\"ImageObject\",\"inLanguage\":\"pt-BR\",\"@id\":\"https:\\\/\\\/mznoticia.com.br\\\/jaguariaiva\\\/#\\\/schema\\\/logo\\\/image\\\/\",\"url\":\"https:\\\/\\\/mznoticia.com.br\\\/jaguariaiva\\\/wp-content\\\/uploads\\\/2025\\\/03\\\/Design-sem-nome-4-e1741200616392.png\",\"contentUrl\":\"https:\\\/\\\/mznoticia.com.br\\\/jaguariaiva\\\/wp-content\\\/uploads\\\/2025\\\/03\\\/Design-sem-nome-4-e1741200616392.png\",\"width\":750,\"height\":563,\"caption\":\"Mz Not\u00edcia\"},\"image\":{\"@id\":\"https:\\\/\\\/mznoticia.com.br\\\/jaguariaiva\\\/#\\\/schema\\\/logo\\\/image\\\/\"},\"sameAs\":[\"https:\\\/\\\/www.facebook.com\\\/profile.php?id=61573479951222\",\"https:\\\/\\\/www.instagram.com\\\/mz.jaguariaiva\\\/\"]},{\"@type\":\"Person\",\"@id\":\"https:\\\/\\\/mznoticia.com.br\\\/jaguariaiva\\\/#\\\/schema\\\/person\\\/84012d827247b3f42f37b550da79cd03\",\"name\":\"Redacao mz\",\"image\":{\"@type\":\"ImageObject\",\"inLanguage\":\"pt-BR\",\"@id\":\"https:\\\/\\\/mznoticia.com.br\\\/jaguariaiva\\\/wp-content\\\/uploads\\\/2025\\\/02\\\/mznoticia_jaguariaiva_coluna-150x150.png\",\"url\":\"https:\\\/\\\/mznoticia.com.br\\\/jaguariaiva\\\/wp-content\\\/uploads\\\/2025\\\/02\\\/mznoticia_jaguariaiva_coluna-150x150.png\",\"contentUrl\":\"https:\\\/\\\/mznoticia.com.br\\\/jaguariaiva\\\/wp-content\\\/uploads\\\/2025\\\/02\\\/mznoticia_jaguariaiva_coluna-150x150.png\",\"caption\":\"Redacao mz\"},\"sameAs\":[\"http:\\\/\\\/mznoticia.com.br\"],\"url\":\"https:\\\/\\\/mznoticia.com.br\\\/jaguariaiva\\\/author\\\/lucimara\\\/\"}]}<\/script>\n<!-- \/ Yoast SEO plugin. -->","yoast_head_json":{"title":"S\u00e3o Paulo e Boca Juniors avan\u00e7am na Copa Sul-Americana - Mz Not\u00edcias","description":"S\u00e3o Paulo vence o Bol\u00edvar por 3 a 1 e Boca Juniors goleia o Recoleta pela Copa Sul-Americana. Fluminense tamb\u00e9m avan\u00e7a na Libertadores.","robots":{"index":"index","follow":"follow","max-snippet":"max-snippet:-1","max-image-preview":"max-image-preview:large","max-video-preview":"max-video-preview:-1"},"canonical":"https:\/\/mznoticia.com.br\/jaguariaiva\/sao-paulo-e-boca-juniors-avancam-na-copa-sul-americana\/","og_locale":"pt_BR","og_type":"article","og_title":"S\u00e3o Paulo e Boca Juniors avan\u00e7am na Copa Sul-Americana - Mz Not\u00edcias","og_description":"S\u00e3o Paulo vence o Bol\u00edvar por 3 a 1 e Boca Juniors goleia o Recoleta pela Copa Sul-Americana. Fluminense tamb\u00e9m avan\u00e7a na Libertadores.","og_url":"https:\/\/mznoticia.com.br\/jaguariaiva\/sao-paulo-e-boca-juniors-avancam-na-copa-sul-americana\/","og_site_name":"Mz Not\u00edcias","article_publisher":"https:\/\/www.facebook.com\/profile.php?id=61573479951222","article_published_time":"2026-08-19T13:53:25+00:00","og_image":[{"width":1068,"height":909,"url":"https:\/\/mznoticia.com.br\/jaguariaiva\/wp-content\/uploads\/2026\/08\/ESPORTEMZ-5.jpg","type":"image\/jpeg"}],"author":"Redacao mz","twitter_card":"summary_large_image","twitter_misc":{"Escrito por":"Redacao mz","Est. tempo de leitura":"2 minutos"},"schema":{"@context":"https:\/\/schema.org","@graph":[{"@type":"Article","@id":"https:\/\/mznoticia.com.br\/jaguariaiva\/sao-paulo-e-boca-juniors-avancam-na-copa-sul-americana\/#article","isPartOf":{"@id":"https:\/\/mznoticia.com.br\/jaguariaiva\/sao-paulo-e-boca-juniors-avancam-na-copa-sul-americana\/"},"author":{"name":"Redacao mz","@id":"https:\/\/mznoticia.com.br\/jaguariaiva\/#\/schema\/person\/84012d827247b3f42f37b550da79cd03"},"headline":"S\u00e3o Paulo e Boca Juniors avan\u00e7am na Copa Sul-Americana","datePublished":"2026-08-19T13:53:25+00:00","mainEntityOfPage":{"@id":"https:\/\/mznoticia.com.br\/jaguariaiva\/sao-paulo-e-boca-juniors-avancam-na-copa-sul-americana\/"},"wordCount":246,"commentCount":0,"publisher":{"@id":"https:\/\/mznoticia.com.br\/jaguariaiva\/#organization"},"image":{"@id":"https:\/\/mznoticia.com.br\/jaguariaiva\/sao-paulo-e-boca-juniors-avancam-na-copa-sul-americana\/#primaryimage"},"thumbnailUrl":"https:\/\/mznoticia.com.br\/jaguariaiva\/wp-content\/uploads\/2026\/08\/ESPORTEMZ-5.jpg","keywords":["Boca Juniors","Bol\u00edvar","Copa Libertadores","Copa Sul-Americana","Esporte","Fluminense","futebol","Recoleta","S\u00e3o Paulo"],"articleSection":["Esportes"],"inLanguage":"pt-BR","potentialAction":[{"@type":"CommentAction","name":"Comment","target":["https:\/\/mznoticia.com.br\/jaguariaiva\/sao-paulo-e-boca-juniors-avancam-na-copa-sul-americana\/#respond"]}]},{"@type":"WebPage","@id":"https:\/\/mznoticia.com.br\/jaguariaiva\/sao-paulo-e-boca-juniors-avancam-na-copa-sul-americana\/","url":"https:\/\/mznoticia.com.br\/jaguariaiva\/sao-paulo-e-boca-juniors-avancam-na-copa-sul-americana\/","name":"S\u00e3o Paulo e Boca Juniors avan\u00e7am na Copa Sul-Americana - Mz Not\u00edcias","isPartOf":{"@id":"https:\/\/mznoticia.com.br\/jaguariaiva\/#website"},"primaryImageOfPage":{"@id":"https:\/\/mznoticia.com.br\/jaguariaiva\/sao-paulo-e-boca-juniors-avancam-na-copa-sul-americana\/#primaryimage"},"image":{"@id":"https:\/\/mznoticia.com.br\/jaguariaiva\/sao-paulo-e-boca-juniors-avancam-na-copa-sul-americana\/#primaryimage"},"thumbnailUrl":"https:\/\/mznoticia.com.br\/jaguariaiva\/wp-content\/uploads\/2026\/08\/ESPORTEMZ-5.jpg","datePublished":"2026-08-19T13:53:25+00:00","description":"S\u00e3o Paulo vence o Bol\u00edvar por 3 a 1 e Boca Juniors goleia o Recoleta pela Copa Sul-Americana. Fluminense tamb\u00e9m avan\u00e7a na Libertadores.","breadcrumb":{"@id":"https:\/\/mznoticia.com.br\/jaguariaiva\/sao-paulo-e-boca-juniors-avancam-na-copa-sul-americana\/#breadcrumb"},"inLanguage":"pt-BR","potentialAction":[{"@type":"ReadAction","target":["https:\/\/mznoticia.com.br\/jaguariaiva\/sao-paulo-e-boca-juniors-avancam-na-copa-sul-americana\/"]}]},{"@type":"ImageObject","inLanguage":"pt-BR","@id":"https:\/\/mznoticia.com.br\/jaguariaiva\/sao-paulo-e-boca-juniors-avancam-na-copa-sul-americana\/#primaryimage","url":"https:\/\/mznoticia.com.br\/jaguariaiva\/wp-content\/uploads\/2026\/08\/ESPORTEMZ-5.jpg","contentUrl":"https:\/\/mznoticia.com.br\/jaguariaiva\/wp-content\/uploads\/2026\/08\/ESPORTEMZ-5.jpg","width":1068,"height":909},{"@type":"BreadcrumbList","@id":"https:\/\/mznoticia.com.br\/jaguariaiva\/sao-paulo-e-boca-juniors-avancam-na-copa-sul-americana\/#breadcrumb","itemListElement":[{"@type":"ListItem","position":1,"name":"Home","item":"https:\/\/mznoticia.com.br\/jaguariaiva\/"},{"@type":"ListItem","position":2,"name":"S\u00e3o Paulo e Boca Juniors avan\u00e7am na Copa Sul-Americana"}]},{"@type":"WebSite","@id":"https:\/\/mznoticia.com.br\/jaguariaiva\/#website","url":"https:\/\/mznoticia.com.br\/jaguariaiva\/","name":"Mz Not\u00edcia","description":"A informa\u00e7\u00e3o que voc\u00ea precisa na hora certa!","publisher":{"@id":"https:\/\/mznoticia.com.br\/jaguariaiva\/#organization"},"potentialAction":[{"@type":"SearchAction","target":{"@type":"EntryPoint","urlTemplate":"https:\/\/mznoticia.com.br\/jaguariaiva\/?s={search_term_string}"},"query-input":{"@type":"PropertyValueSpecification","valueRequired":true,"valueName":"search_term_string"}}],"inLanguage":"pt-BR"},{"@type":"Organization","@id":"https:\/\/mznoticia.com.br\/jaguariaiva\/#organization","name":"Mz Not\u00edcia","url":"https:\/\/mznoticia.com.br\/jaguariaiva\/","logo":{"@type":"ImageObject","inLanguage":"pt-BR","@id":"https:\/\/mznoticia.com.br\/jaguariaiva\/#\/schema\/logo\/image\/","url":"https:\/\/mznoticia.com.br\/jaguariaiva\/wp-content\/uploads\/2025\/03\/Design-sem-nome-4-e1741200616392.png","contentUrl":"https:\/\/mznoticia.com.br\/jaguariaiva\/wp-content\/uploads\/2025\/03\/Design-sem-nome-4-e1741200616392.png","width":750,"height":563,"caption":"Mz Not\u00edcia"},"image":{"@id":"https:\/\/mznoticia.com.br\/jaguariaiva\/#\/schema\/logo\/image\/"},"sameAs":["https:\/\/www.facebook.com\/profile.php?id=61573479951222","https:\/\/www.instagram.com\/mz.jaguariaiva\/"]},{"@type":"Person","@id":"https:\/\/mznoticia.com.br\/jaguariaiva\/#\/schema\/person\/84012d827247b3f42f37b550da79cd03","name":"Redacao mz","image":{"@type":"ImageObject","inLanguage":"pt-BR","@id":"https:\/\/mznoticia.com.br\/jaguariaiva\/wp-content\/uploads\/2025\/02\/mznoticia_jaguariaiva_coluna-150x150.png","url":"https:\/\/mznoticia.com.br\/jaguariaiva\/wp-content\/uploads\/2025\/02\/mznoticia_jaguariaiva_coluna-150x150.png","contentUrl":"https:\/\/mznoticia.com.br\/jaguariaiva\/wp-content\/uploads\/2025\/02\/mznoticia_jaguariaiva_coluna-150x150.png","caption":"Redacao mz"},"sameAs":["http:\/\/mznoticia.com.br"],"url":"https:\/\/mznoticia.com.br\/jaguariaiva\/author\/lucimara\/"}]}},"_links":{"self":[{"href":"https:\/\/mznoticia.com.br\/jaguariaiva\/wp-json\/wp\/v2\/posts\/6736","targetHints":{"allow":["GET"]}}],"collection":[{"href":"https:\/\/mznoticia.com.br\/jaguariaiva\/wp-json\/wp\/v2\/posts"}],"about":[{"href":"https:\/\/mznoticia.com.br\/jaguariaiva\/wp-json\/wp\/v2\/types\/post"}],"author":[{"embeddable":true,"href":"https:\/\/mznoticia.com.br\/jaguariaiva\/wp-json\/wp\/v2\/users\/16"}],"replies":[{"embeddable":true,"href":"https:\/\/mznoticia.com.br\/jaguariaiva\/wp-json\/wp\/v2\/comments?post=6736"}],"version-history":[{"count":1,"href":"https:\/\/mznoticia.com.br\/jaguariaiva\/wp-json\/wp\/v2\/posts\/6736\/revisions"}],"predecessor-version":[{"id":6738,"href":"https:\/\/mznoticia.com.br\/jaguariaiva\/wp-json\/wp\/v2\/posts\/6736\/revisions\/6738"}],"wp:featuredmedia":[{"embeddable":true,"href":"https:\/\/mznoticia.com.br\/jaguariaiva\/wp-json\/wp\/v2\/media\/6737"}],"wp:attachment":[{"href":"https:\/\/mznoticia.com.br\/jaguariaiva\/wp-json\/wp\/v2\/media?parent=6736"}],"wp:term":[{"taxonomy":"category","embeddable":true,"href":"https:\/\/mznoticia.com.br\/jaguariaiva\/wp-json\/wp\/v2\/categories?post=6736"},{"taxonomy":"post_tag","embeddable":true,"href":"https:\/\/mznoticia.com.br\/jaguariaiva\/wp-json\/wp\/v2\/tags?post=6736"}],"curies":[{"name":"wp","href":"https:\/\/api.w.org\/{rel}","templated":true}]}}