{"id":6769,"date":"2026-08-19T17:22:47","date_gmt":"2026-08-19T17:22:47","guid":{"rendered":"https:\/\/mznoticia.com.br\/jaguariaiva\/?p=6769"},"modified":"2026-08-19T17:22:47","modified_gmt":"2026-08-19T17:22:47","slug":"pm-apreende-duas-toneladas-de-maconha-escondidas-em-caminhao-em-foz-do-iguacu","status":"publish","type":"post","link":"https:\/\/mznoticia.com.br\/jaguariaiva\/pm-apreende-duas-toneladas-de-maconha-escondidas-em-caminhao-em-foz-do-iguacu\/","title":{"rendered":"PM apreende duas toneladas de maconha escondidas em caminh\u00e3o em Foz do Igua\u00e7u"},"content":{"rendered":"<h3 class=\"PDq2pG_selectionAnchorContainer\" data-section-id=\"1bb4jif\" data-start=\"81\" data-end=\"176\">Motorista confessou ter fumado a droga antes da abordagem; carga seria levada para Curitiba<\/h3>\n<p data-start=\"178\" data-end=\"384\">Um homem foi preso na noite de ter\u00e7a-feira (18), em <strong data-start=\"230\" data-end=\"247\">Foz do Igua\u00e7u<\/strong>, no Oeste do Paran\u00e1, suspeito de transportar cerca de <strong data-start=\"302\" data-end=\"331\">duas toneladas de maconha<\/strong> escondidas no compartimento de carga de um caminh\u00e3o.<\/p>\n<p data-start=\"386\" data-end=\"618\">Segundo a Pol\u00edcia Militar, a abordagem ocorreu durante um patrulhamento pr\u00f3ximo \u00e0 <strong data-start=\"468\" data-end=\"478\">BR-277<\/strong>, nas imedia\u00e7\u00f5es do Hotel Rafain. Os policiais perceberam um forte cheiro de maconha vindo de um caminh\u00e3o com a carroceria coberta por lona.<\/p>\n<p data-start=\"620\" data-end=\"766\">Durante a abordagem, o motorista demonstrou nervosismo e <strong data-start=\"677\" data-end=\"765\">confessou que havia fumado maconha e que transportava uma grande quantidade da droga<\/strong>.<\/p>\n<h3 data-section-id=\"saew0u\" data-start=\"768\" data-end=\"809\">Fardos estavam escondidos no caminh\u00e3o<\/h3>\n<p data-start=\"811\" data-end=\"920\">Os policiais abriram o compartimento de carga e encontraram diversos fardos de maconha embalados em pl\u00e1stico.<\/p>\n<p data-start=\"922\" data-end=\"1043\">A carga foi pesada e totalizou aproximadamente <strong data-start=\"969\" data-end=\"987\">duas toneladas<\/strong>. Segundo a PM, a droga tinha como destino <strong data-start=\"1030\" data-end=\"1042\">Curitiba<\/strong>.<\/p>\n<p data-start=\"1045\" data-end=\"1110\">O entorpecente foi apreendido e encaminhado para <strong data-start=\"1094\" data-end=\"1109\">incinera\u00e7\u00e3o<\/strong>.<\/p>\n<p data-start=\"1112\" data-end=\"1339\">O motorista, natural do Rio Grande do Sul, foi preso e encaminhado para os procedimentos cab\u00edveis. A Pol\u00edcia Civil dever\u00e1 investigar a poss\u00edvel participa\u00e7\u00e3o de outras pessoas e a exist\u00eancia de uma rede de tr\u00e1fico e contrabando.<\/p>\n","protected":false},"excerpt":{"rendered":"<p>Motorista confessou ter fumado a droga antes da abordagem; carga seria levada para Curitiba Um homem foi preso na noite de ter\u00e7a-feira (18), em Foz do Igua\u00e7u, no Oeste do Paran\u00e1, suspeito de transportar cerca de duas toneladas de maconha escondidas no compartimento de carga de um caminh\u00e3o. Segundo a Pol\u00edcia Militar, a abordagem ocorreu [&hellip;]<\/p>\n","protected":false},"author":16,"featured_media":6770,"comment_status":"open","ping_status":"open","sticky":false,"template":"","format":"standard","meta":{"footnotes":""},"categories":[4],"tags":[500,721,153,786,171,877,397,77,892,139,316,396],"class_list":["post-6769","post","type-post","status-publish","format-standard","has-post-thumbnail","hentry","category-policial","tag-apreensao-de-drogas","tag-br-277","tag-caminhao","tag-curitiba","tag-drogas","tag-foz-do-iguacu","tag-maconha","tag-parana","tag-pmpr","tag-policia-militar","tag-seguranca-publica","tag-trafico-de-drogas"],"yoast_head":"<!-- This site is optimized with the Yoast SEO plugin v28.1 - https:\/\/yoast.com\/product\/yoast-seo-wordpress\/ -->\n<title>PM apreende duas toneladas de maconha escondidas em caminh\u00e3o em Foz do Igua\u00e7u - Mz Not\u00edcias<\/title>\n<meta name=\"description\" content=\"PM apreende cerca de duas toneladas de maconha escondidas em caminh\u00e3o em Foz do Igua\u00e7u. Motorista confessou ter fumado a droga e que carga iria para Curitiba.\" \/>\n<meta name=\"robots\" content=\"index, follow, max-snippet:-1, max-image-preview:large, max-video-preview:-1\" \/>\n<link rel=\"canonical\" href=\"https:\/\/mznoticia.com.br\/jaguariaiva\/pm-apreende-duas-toneladas-de-maconha-escondidas-em-caminhao-em-foz-do-iguacu\/\" \/>\n<meta property=\"og:locale\" content=\"pt_BR\" \/>\n<meta property=\"og:type\" content=\"article\" \/>\n<meta property=\"og:title\" content=\"PM apreende duas toneladas de maconha escondidas em caminh\u00e3o em Foz do Igua\u00e7u - Mz Not\u00edcias\" \/>\n<meta property=\"og:description\" content=\"PM apreende cerca de duas toneladas de maconha escondidas em caminh\u00e3o em Foz do Igua\u00e7u. Motorista confessou ter fumado a droga e que carga iria para Curitiba.\" \/>\n<meta property=\"og:url\" content=\"https:\/\/mznoticia.com.br\/jaguariaiva\/pm-apreende-duas-toneladas-de-maconha-escondidas-em-caminhao-em-foz-do-iguacu\/\" \/>\n<meta property=\"og:site_name\" content=\"Mz Not\u00edcias\" \/>\n<meta property=\"article:publisher\" content=\"https:\/\/www.facebook.com\/profile.php?id=61573479951222\" \/>\n<meta property=\"article:published_time\" content=\"2026-08-19T17:22:47+00:00\" \/>\n<meta property=\"og:image\" content=\"https:\/\/mznoticia.com.br\/jaguariaiva\/wp-content\/uploads\/2026\/08\/50-3.webp\" \/>\n\t<meta property=\"og:image:width\" content=\"960\" \/>\n\t<meta property=\"og:image:height\" content=\"592\" \/>\n\t<meta property=\"og:image:type\" content=\"image\/webp\" \/>\n<meta name=\"author\" content=\"Redacao mz\" \/>\n<meta name=\"twitter:card\" content=\"summary_large_image\" \/>\n<meta name=\"twitter:label1\" content=\"Escrito por\" \/>\n\t<meta name=\"twitter:data1\" content=\"Redacao mz\" \/>\n\t<meta name=\"twitter:label2\" content=\"Est. tempo de leitura\" \/>\n\t<meta name=\"twitter:data2\" content=\"2 minutos\" \/>\n<script type=\"application\/ld+json\" class=\"yoast-schema-graph\">{\"@context\":\"https:\\\/\\\/schema.org\",\"@graph\":[{\"@type\":\"Article\",\"@id\":\"https:\\\/\\\/mznoticia.com.br\\\/jaguariaiva\\\/pm-apreende-duas-toneladas-de-maconha-escondidas-em-caminhao-em-foz-do-iguacu\\\/#article\",\"isPartOf\":{\"@id\":\"https:\\\/\\\/mznoticia.com.br\\\/jaguariaiva\\\/pm-apreende-duas-toneladas-de-maconha-escondidas-em-caminhao-em-foz-do-iguacu\\\/\"},\"author\":{\"name\":\"Redacao mz\",\"@id\":\"https:\\\/\\\/mznoticia.com.br\\\/jaguariaiva\\\/#\\\/schema\\\/person\\\/84012d827247b3f42f37b550da79cd03\"},\"headline\":\"PM apreende duas toneladas de maconha escondidas em caminh\u00e3o em Foz do Igua\u00e7u\",\"datePublished\":\"2026-08-19T17:22:47+00:00\",\"mainEntityOfPage\":{\"@id\":\"https:\\\/\\\/mznoticia.com.br\\\/jaguariaiva\\\/pm-apreende-duas-toneladas-de-maconha-escondidas-em-caminhao-em-foz-do-iguacu\\\/\"},\"wordCount\":218,\"commentCount\":0,\"publisher\":{\"@id\":\"https:\\\/\\\/mznoticia.com.br\\\/jaguariaiva\\\/#organization\"},\"image\":{\"@id\":\"https:\\\/\\\/mznoticia.com.br\\\/jaguariaiva\\\/pm-apreende-duas-toneladas-de-maconha-escondidas-em-caminhao-em-foz-do-iguacu\\\/#primaryimage\"},\"thumbnailUrl\":\"https:\\\/\\\/mznoticia.com.br\\\/jaguariaiva\\\/wp-content\\\/uploads\\\/2026\\\/08\\\/50-3.webp\",\"keywords\":[\"Apreens\u00e3o de Drogas\",\"BR-277\",\"caminh\u00e3o\",\"Curitiba\",\"drogas\",\"Foz do Igua\u00e7u\",\"Maconha\",\"parana\",\"PMPR\",\"pol\u00edcia militar\",\"Seguran\u00e7a P\u00fablica\",\"Tr\u00e1fico de Drogas\"],\"articleSection\":[\"Policial\"],\"inLanguage\":\"pt-BR\",\"potentialAction\":[{\"@type\":\"CommentAction\",\"name\":\"Comment\",\"target\":[\"https:\\\/\\\/mznoticia.com.br\\\/jaguariaiva\\\/pm-apreende-duas-toneladas-de-maconha-escondidas-em-caminhao-em-foz-do-iguacu\\\/#respond\"]}]},{\"@type\":\"WebPage\",\"@id\":\"https:\\\/\\\/mznoticia.com.br\\\/jaguariaiva\\\/pm-apreende-duas-toneladas-de-maconha-escondidas-em-caminhao-em-foz-do-iguacu\\\/\",\"url\":\"https:\\\/\\\/mznoticia.com.br\\\/jaguariaiva\\\/pm-apreende-duas-toneladas-de-maconha-escondidas-em-caminhao-em-foz-do-iguacu\\\/\",\"name\":\"PM apreende duas toneladas de maconha escondidas em caminh\u00e3o em Foz do Igua\u00e7u - Mz Not\u00edcias\",\"isPartOf\":{\"@id\":\"https:\\\/\\\/mznoticia.com.br\\\/jaguariaiva\\\/#website\"},\"primaryImageOfPage\":{\"@id\":\"https:\\\/\\\/mznoticia.com.br\\\/jaguariaiva\\\/pm-apreende-duas-toneladas-de-maconha-escondidas-em-caminhao-em-foz-do-iguacu\\\/#primaryimage\"},\"image\":{\"@id\":\"https:\\\/\\\/mznoticia.com.br\\\/jaguariaiva\\\/pm-apreende-duas-toneladas-de-maconha-escondidas-em-caminhao-em-foz-do-iguacu\\\/#primaryimage\"},\"thumbnailUrl\":\"https:\\\/\\\/mznoticia.com.br\\\/jaguariaiva\\\/wp-content\\\/uploads\\\/2026\\\/08\\\/50-3.webp\",\"datePublished\":\"2026-08-19T17:22:47+00:00\",\"description\":\"PM apreende cerca de duas toneladas de maconha escondidas em caminh\u00e3o em Foz do Igua\u00e7u. Motorista confessou ter fumado a droga e que carga iria para Curitiba.\",\"breadcrumb\":{\"@id\":\"https:\\\/\\\/mznoticia.com.br\\\/jaguariaiva\\\/pm-apreende-duas-toneladas-de-maconha-escondidas-em-caminhao-em-foz-do-iguacu\\\/#breadcrumb\"},\"inLanguage\":\"pt-BR\",\"potentialAction\":[{\"@type\":\"ReadAction\",\"target\":[\"https:\\\/\\\/mznoticia.com.br\\\/jaguariaiva\\\/pm-apreende-duas-toneladas-de-maconha-escondidas-em-caminhao-em-foz-do-iguacu\\\/\"]}]},{\"@type\":\"ImageObject\",\"inLanguage\":\"pt-BR\",\"@id\":\"https:\\\/\\\/mznoticia.com.br\\\/jaguariaiva\\\/pm-apreende-duas-toneladas-de-maconha-escondidas-em-caminhao-em-foz-do-iguacu\\\/#primaryimage\",\"url\":\"https:\\\/\\\/mznoticia.com.br\\\/jaguariaiva\\\/wp-content\\\/uploads\\\/2026\\\/08\\\/50-3.webp\",\"contentUrl\":\"https:\\\/\\\/mznoticia.com.br\\\/jaguariaiva\\\/wp-content\\\/uploads\\\/2026\\\/08\\\/50-3.webp\",\"width\":960,\"height\":592},{\"@type\":\"BreadcrumbList\",\"@id\":\"https:\\\/\\\/mznoticia.com.br\\\/jaguariaiva\\\/pm-apreende-duas-toneladas-de-maconha-escondidas-em-caminhao-em-foz-do-iguacu\\\/#breadcrumb\",\"itemListElement\":[{\"@type\":\"ListItem\",\"position\":1,\"name\":\"Home\",\"item\":\"https:\\\/\\\/mznoticia.com.br\\\/jaguariaiva\\\/\"},{\"@type\":\"ListItem\",\"position\":2,\"name\":\"PM apreende duas toneladas de maconha escondidas em caminh\u00e3o em Foz do Igua\u00e7u\"}]},{\"@type\":\"WebSite\",\"@id\":\"https:\\\/\\\/mznoticia.com.br\\\/jaguariaiva\\\/#website\",\"url\":\"https:\\\/\\\/mznoticia.com.br\\\/jaguariaiva\\\/\",\"name\":\"Mz Not\u00edcia\",\"description\":\"A informa\u00e7\u00e3o que voc\u00ea precisa na hora certa!\",\"publisher\":{\"@id\":\"https:\\\/\\\/mznoticia.com.br\\\/jaguariaiva\\\/#organization\"},\"potentialAction\":[{\"@type\":\"SearchAction\",\"target\":{\"@type\":\"EntryPoint\",\"urlTemplate\":\"https:\\\/\\\/mznoticia.com.br\\\/jaguariaiva\\\/?s={search_term_string}\"},\"query-input\":{\"@type\":\"PropertyValueSpecification\",\"valueRequired\":true,\"valueName\":\"search_term_string\"}}],\"inLanguage\":\"pt-BR\"},{\"@type\":\"Organization\",\"@id\":\"https:\\\/\\\/mznoticia.com.br\\\/jaguariaiva\\\/#organization\",\"name\":\"Mz Not\u00edcia\",\"url\":\"https:\\\/\\\/mznoticia.com.br\\\/jaguariaiva\\\/\",\"logo\":{\"@type\":\"ImageObject\",\"inLanguage\":\"pt-BR\",\"@id\":\"https:\\\/\\\/mznoticia.com.br\\\/jaguariaiva\\\/#\\\/schema\\\/logo\\\/image\\\/\",\"url\":\"https:\\\/\\\/mznoticia.com.br\\\/jaguariaiva\\\/wp-content\\\/uploads\\\/2025\\\/03\\\/Design-sem-nome-4-e1741200616392.png\",\"contentUrl\":\"https:\\\/\\\/mznoticia.com.br\\\/jaguariaiva\\\/wp-content\\\/uploads\\\/2025\\\/03\\\/Design-sem-nome-4-e1741200616392.png\",\"width\":750,\"height\":563,\"caption\":\"Mz Not\u00edcia\"},\"image\":{\"@id\":\"https:\\\/\\\/mznoticia.com.br\\\/jaguariaiva\\\/#\\\/schema\\\/logo\\\/image\\\/\"},\"sameAs\":[\"https:\\\/\\\/www.facebook.com\\\/profile.php?id=61573479951222\",\"https:\\\/\\\/www.instagram.com\\\/mz.jaguariaiva\\\/\"]},{\"@type\":\"Person\",\"@id\":\"https:\\\/\\\/mznoticia.com.br\\\/jaguariaiva\\\/#\\\/schema\\\/person\\\/84012d827247b3f42f37b550da79cd03\",\"name\":\"Redacao mz\",\"image\":{\"@type\":\"ImageObject\",\"inLanguage\":\"pt-BR\",\"@id\":\"https:\\\/\\\/mznoticia.com.br\\\/jaguariaiva\\\/wp-content\\\/uploads\\\/2025\\\/02\\\/mznoticia_jaguariaiva_coluna-150x150.png\",\"url\":\"https:\\\/\\\/mznoticia.com.br\\\/jaguariaiva\\\/wp-content\\\/uploads\\\/2025\\\/02\\\/mznoticia_jaguariaiva_coluna-150x150.png\",\"contentUrl\":\"https:\\\/\\\/mznoticia.com.br\\\/jaguariaiva\\\/wp-content\\\/uploads\\\/2025\\\/02\\\/mznoticia_jaguariaiva_coluna-150x150.png\",\"caption\":\"Redacao mz\"},\"sameAs\":[\"http:\\\/\\\/mznoticia.com.br\"],\"url\":\"https:\\\/\\\/mznoticia.com.br\\\/jaguariaiva\\\/author\\\/lucimara\\\/\"}]}<\/script>\n<!-- \/ Yoast SEO plugin. -->","yoast_head_json":{"title":"PM apreende duas toneladas de maconha escondidas em caminh\u00e3o em Foz do Igua\u00e7u - Mz Not\u00edcias","description":"PM apreende cerca de duas toneladas de maconha escondidas em caminh\u00e3o em Foz do Igua\u00e7u. Motorista confessou ter fumado a droga e que carga iria para Curitiba.","robots":{"index":"index","follow":"follow","max-snippet":"max-snippet:-1","max-image-preview":"max-image-preview:large","max-video-preview":"max-video-preview:-1"},"canonical":"https:\/\/mznoticia.com.br\/jaguariaiva\/pm-apreende-duas-toneladas-de-maconha-escondidas-em-caminhao-em-foz-do-iguacu\/","og_locale":"pt_BR","og_type":"article","og_title":"PM apreende duas toneladas de maconha escondidas em caminh\u00e3o em Foz do Igua\u00e7u - Mz Not\u00edcias","og_description":"PM apreende cerca de duas toneladas de maconha escondidas em caminh\u00e3o em Foz do Igua\u00e7u. Motorista confessou ter fumado a droga e que carga iria para Curitiba.","og_url":"https:\/\/mznoticia.com.br\/jaguariaiva\/pm-apreende-duas-toneladas-de-maconha-escondidas-em-caminhao-em-foz-do-iguacu\/","og_site_name":"Mz Not\u00edcias","article_publisher":"https:\/\/www.facebook.com\/profile.php?id=61573479951222","article_published_time":"2026-08-19T17:22:47+00:00","og_image":[{"width":960,"height":592,"url":"https:\/\/mznoticia.com.br\/jaguariaiva\/wp-content\/uploads\/2026\/08\/50-3.webp","type":"image\/webp"}],"author":"Redacao mz","twitter_card":"summary_large_image","twitter_misc":{"Escrito por":"Redacao mz","Est. tempo de leitura":"2 minutos"},"schema":{"@context":"https:\/\/schema.org","@graph":[{"@type":"Article","@id":"https:\/\/mznoticia.com.br\/jaguariaiva\/pm-apreende-duas-toneladas-de-maconha-escondidas-em-caminhao-em-foz-do-iguacu\/#article","isPartOf":{"@id":"https:\/\/mznoticia.com.br\/jaguariaiva\/pm-apreende-duas-toneladas-de-maconha-escondidas-em-caminhao-em-foz-do-iguacu\/"},"author":{"name":"Redacao mz","@id":"https:\/\/mznoticia.com.br\/jaguariaiva\/#\/schema\/person\/84012d827247b3f42f37b550da79cd03"},"headline":"PM apreende duas toneladas de maconha escondidas em caminh\u00e3o em Foz do Igua\u00e7u","datePublished":"2026-08-19T17:22:47+00:00","mainEntityOfPage":{"@id":"https:\/\/mznoticia.com.br\/jaguariaiva\/pm-apreende-duas-toneladas-de-maconha-escondidas-em-caminhao-em-foz-do-iguacu\/"},"wordCount":218,"commentCount":0,"publisher":{"@id":"https:\/\/mznoticia.com.br\/jaguariaiva\/#organization"},"image":{"@id":"https:\/\/mznoticia.com.br\/jaguariaiva\/pm-apreende-duas-toneladas-de-maconha-escondidas-em-caminhao-em-foz-do-iguacu\/#primaryimage"},"thumbnailUrl":"https:\/\/mznoticia.com.br\/jaguariaiva\/wp-content\/uploads\/2026\/08\/50-3.webp","keywords":["Apreens\u00e3o de Drogas","BR-277","caminh\u00e3o","Curitiba","drogas","Foz do Igua\u00e7u","Maconha","parana","PMPR","pol\u00edcia militar","Seguran\u00e7a P\u00fablica","Tr\u00e1fico de Drogas"],"articleSection":["Policial"],"inLanguage":"pt-BR","potentialAction":[{"@type":"CommentAction","name":"Comment","target":["https:\/\/mznoticia.com.br\/jaguariaiva\/pm-apreende-duas-toneladas-de-maconha-escondidas-em-caminhao-em-foz-do-iguacu\/#respond"]}]},{"@type":"WebPage","@id":"https:\/\/mznoticia.com.br\/jaguariaiva\/pm-apreende-duas-toneladas-de-maconha-escondidas-em-caminhao-em-foz-do-iguacu\/","url":"https:\/\/mznoticia.com.br\/jaguariaiva\/pm-apreende-duas-toneladas-de-maconha-escondidas-em-caminhao-em-foz-do-iguacu\/","name":"PM apreende duas toneladas de maconha escondidas em caminh\u00e3o em Foz do Igua\u00e7u - Mz Not\u00edcias","isPartOf":{"@id":"https:\/\/mznoticia.com.br\/jaguariaiva\/#website"},"primaryImageOfPage":{"@id":"https:\/\/mznoticia.com.br\/jaguariaiva\/pm-apreende-duas-toneladas-de-maconha-escondidas-em-caminhao-em-foz-do-iguacu\/#primaryimage"},"image":{"@id":"https:\/\/mznoticia.com.br\/jaguariaiva\/pm-apreende-duas-toneladas-de-maconha-escondidas-em-caminhao-em-foz-do-iguacu\/#primaryimage"},"thumbnailUrl":"https:\/\/mznoticia.com.br\/jaguariaiva\/wp-content\/uploads\/2026\/08\/50-3.webp","datePublished":"2026-08-19T17:22:47+00:00","description":"PM apreende cerca de duas toneladas de maconha escondidas em caminh\u00e3o em Foz do Igua\u00e7u. Motorista confessou ter fumado a droga e que carga iria para Curitiba.","breadcrumb":{"@id":"https:\/\/mznoticia.com.br\/jaguariaiva\/pm-apreende-duas-toneladas-de-maconha-escondidas-em-caminhao-em-foz-do-iguacu\/#breadcrumb"},"inLanguage":"pt-BR","potentialAction":[{"@type":"ReadAction","target":["https:\/\/mznoticia.com.br\/jaguariaiva\/pm-apreende-duas-toneladas-de-maconha-escondidas-em-caminhao-em-foz-do-iguacu\/"]}]},{"@type":"ImageObject","inLanguage":"pt-BR","@id":"https:\/\/mznoticia.com.br\/jaguariaiva\/pm-apreende-duas-toneladas-de-maconha-escondidas-em-caminhao-em-foz-do-iguacu\/#primaryimage","url":"https:\/\/mznoticia.com.br\/jaguariaiva\/wp-content\/uploads\/2026\/08\/50-3.webp","contentUrl":"https:\/\/mznoticia.com.br\/jaguariaiva\/wp-content\/uploads\/2026\/08\/50-3.webp","width":960,"height":592},{"@type":"BreadcrumbList","@id":"https:\/\/mznoticia.com.br\/jaguariaiva\/pm-apreende-duas-toneladas-de-maconha-escondidas-em-caminhao-em-foz-do-iguacu\/#breadcrumb","itemListElement":[{"@type":"ListItem","position":1,"name":"Home","item":"https:\/\/mznoticia.com.br\/jaguariaiva\/"},{"@type":"ListItem","position":2,"name":"PM apreende duas toneladas de maconha escondidas em caminh\u00e3o em Foz do Igua\u00e7u"}]},{"@type":"WebSite","@id":"https:\/\/mznoticia.com.br\/jaguariaiva\/#website","url":"https:\/\/mznoticia.com.br\/jaguariaiva\/","name":"Mz Not\u00edcia","description":"A informa\u00e7\u00e3o que voc\u00ea precisa na hora certa!","publisher":{"@id":"https:\/\/mznoticia.com.br\/jaguariaiva\/#organization"},"potentialAction":[{"@type":"SearchAction","target":{"@type":"EntryPoint","urlTemplate":"https:\/\/mznoticia.com.br\/jaguariaiva\/?s={search_term_string}"},"query-input":{"@type":"PropertyValueSpecification","valueRequired":true,"valueName":"search_term_string"}}],"inLanguage":"pt-BR"},{"@type":"Organization","@id":"https:\/\/mznoticia.com.br\/jaguariaiva\/#organization","name":"Mz Not\u00edcia","url":"https:\/\/mznoticia.com.br\/jaguariaiva\/","logo":{"@type":"ImageObject","inLanguage":"pt-BR","@id":"https:\/\/mznoticia.com.br\/jaguariaiva\/#\/schema\/logo\/image\/","url":"https:\/\/mznoticia.com.br\/jaguariaiva\/wp-content\/uploads\/2025\/03\/Design-sem-nome-4-e1741200616392.png","contentUrl":"https:\/\/mznoticia.com.br\/jaguariaiva\/wp-content\/uploads\/2025\/03\/Design-sem-nome-4-e1741200616392.png","width":750,"height":563,"caption":"Mz Not\u00edcia"},"image":{"@id":"https:\/\/mznoticia.com.br\/jaguariaiva\/#\/schema\/logo\/image\/"},"sameAs":["https:\/\/www.facebook.com\/profile.php?id=61573479951222","https:\/\/www.instagram.com\/mz.jaguariaiva\/"]},{"@type":"Person","@id":"https:\/\/mznoticia.com.br\/jaguariaiva\/#\/schema\/person\/84012d827247b3f42f37b550da79cd03","name":"Redacao mz","image":{"@type":"ImageObject","inLanguage":"pt-BR","@id":"https:\/\/mznoticia.com.br\/jaguariaiva\/wp-content\/uploads\/2025\/02\/mznoticia_jaguariaiva_coluna-150x150.png","url":"https:\/\/mznoticia.com.br\/jaguariaiva\/wp-content\/uploads\/2025\/02\/mznoticia_jaguariaiva_coluna-150x150.png","contentUrl":"https:\/\/mznoticia.com.br\/jaguariaiva\/wp-content\/uploads\/2025\/02\/mznoticia_jaguariaiva_coluna-150x150.png","caption":"Redacao mz"},"sameAs":["http:\/\/mznoticia.com.br"],"url":"https:\/\/mznoticia.com.br\/jaguariaiva\/author\/lucimara\/"}]}},"_links":{"self":[{"href":"https:\/\/mznoticia.com.br\/jaguariaiva\/wp-json\/wp\/v2\/posts\/6769","targetHints":{"allow":["GET"]}}],"collection":[{"href":"https:\/\/mznoticia.com.br\/jaguariaiva\/wp-json\/wp\/v2\/posts"}],"about":[{"href":"https:\/\/mznoticia.com.br\/jaguariaiva\/wp-json\/wp\/v2\/types\/post"}],"author":[{"embeddable":true,"href":"https:\/\/mznoticia.com.br\/jaguariaiva\/wp-json\/wp\/v2\/users\/16"}],"replies":[{"embeddable":true,"href":"https:\/\/mznoticia.com.br\/jaguariaiva\/wp-json\/wp\/v2\/comments?post=6769"}],"version-history":[{"count":1,"href":"https:\/\/mznoticia.com.br\/jaguariaiva\/wp-json\/wp\/v2\/posts\/6769\/revisions"}],"predecessor-version":[{"id":6771,"href":"https:\/\/mznoticia.com.br\/jaguariaiva\/wp-json\/wp\/v2\/posts\/6769\/revisions\/6771"}],"wp:featuredmedia":[{"embeddable":true,"href":"https:\/\/mznoticia.com.br\/jaguariaiva\/wp-json\/wp\/v2\/media\/6770"}],"wp:attachment":[{"href":"https:\/\/mznoticia.com.br\/jaguariaiva\/wp-json\/wp\/v2\/media?parent=6769"}],"wp:term":[{"taxonomy":"category","embeddable":true,"href":"https:\/\/mznoticia.com.br\/jaguariaiva\/wp-json\/wp\/v2\/categories?post=6769"},{"taxonomy":"post_tag","embeddable":true,"href":"https:\/\/mznoticia.com.br\/jaguariaiva\/wp-json\/wp\/v2\/tags?post=6769"}],"curies":[{"name":"wp","href":"https:\/\/api.w.org\/{rel}","templated":true}]}}