{"id":6810,"date":"2026-08-20T12:50:38","date_gmt":"2026-08-20T12:50:38","guid":{"rendered":"https:\/\/mznoticia.com.br\/jaguariaiva\/?p=6810"},"modified":"2026-08-20T12:50:38","modified_gmt":"2026-08-20T12:50:38","slug":"ciclone-extratropical-muda-o-tempo-em-ponta-grossa-e-regiao-e-traz-frio-aos-campos-gerais","status":"publish","type":"post","link":"https:\/\/mznoticia.com.br\/jaguariaiva\/ciclone-extratropical-muda-o-tempo-em-ponta-grossa-e-regiao-e-traz-frio-aos-campos-gerais\/","title":{"rendered":"Ciclone extratropical muda o tempo em Ponta Grossa e regi\u00e3o e traz frio aos Campos Gerais"},"content":{"rendered":"<h2>Frente fria avan\u00e7a sobre a regi\u00e3o e derruba as temperaturas no fim de semana, com m\u00ednimas pr\u00f3ximas de 6\u00b0C em algumas cidades<\/h2>\n<p class=\"isSelectedEnd\">A forma\u00e7\u00e3o de um ciclone extratropical no Sul do Brasil provoca mudan\u00e7as no tempo no Paran\u00e1 e deve influenciar tamb\u00e9m <strong>Ponta Grossa e os munic\u00edpios dos Campos Gerais<\/strong> nos pr\u00f3ximos dias.<\/p>\n<p class=\"isSelectedEnd\">Nesta quinta-feira (20), Ponta Grossa ainda registra temperaturas amenas, mas a chegada de uma massa de ar frio deve provocar uma queda significativa nos term\u00f4metros a partir de sexta-feira (21). A previs\u00e3o indica um fim de semana de temperaturas baixas na regi\u00e3o.<\/p>\n<h2>Ponta Grossa ter\u00e1 queda nas temperaturas<\/h2>\n<p class=\"isSelectedEnd\">Em Ponta Grossa, a temperatura chegou a cerca de 17\u00b0C durante a manh\u00e3 desta quinta-feira, com previs\u00e3o de m\u00e1xima pr\u00f3xima dos 25\u00b0C. A mudan\u00e7a mais significativa deve ocorrer nos pr\u00f3ximos dias, com o avan\u00e7o da frente fria e da massa de ar polar.<\/p>\n<p class=\"isSelectedEnd\">Para sexta-feira (21), o cen\u00e1rio passa a ser de tempo mais est\u00e1vel, mas com temperaturas mais baixas. O amanhecer do s\u00e1bado e do domingo deve ser marcado pelo frio, com possibilidade de geada em algumas localidades do Sul e Centro-Sul do Paran\u00e1.<\/p>\n<h2>Frio deve atingir os Campos Gerais<\/h2>\n<p class=\"isSelectedEnd\">A queda das temperaturas n\u00e3o ficar\u00e1 restrita a Ponta Grossa. Diversos munic\u00edpios dos Campos Gerais tamb\u00e9m devem sentir a chegada do ar frio.<\/p>\n<p class=\"isSelectedEnd\">A previs\u00e3o aponta <strong>m\u00ednimas pr\u00f3ximas de 6\u00b0C em algumas cidades da regi\u00e3o durante o fim de semana<\/strong>. Com isso, moradores devem se preparar para uma mudan\u00e7a brusca ap\u00f3s os dias de temperaturas mais elevadas.<\/p>\n<h2>Ciclone provoca mudan\u00e7a no tempo<\/h2>\n<p class=\"isSelectedEnd\">O ciclone extratropical est\u00e1 se formando entre o Rio Grande do Sul e o Uruguai e deve ganhar for\u00e7a sobre o oceano na sexta-feira (21).<\/p>\n<p class=\"isSelectedEnd\">O sistema favorece a forma\u00e7\u00e3o e o avan\u00e7o de uma frente fria, que provoca mudan\u00e7as nas condi\u00e7\u00f5es meteorol\u00f3gicas no Sul do pa\u00eds. No Paran\u00e1, h\u00e1 previs\u00e3o de instabilidades inicialmente nas regi\u00f5es Oeste, Sudoeste e Centro-Sul, com avan\u00e7o das altera\u00e7\u00f5es para outras \u00e1reas.<\/p>\n<p class=\"isSelectedEnd\">Segundo o Instituto Nacional de Meteorologia (Inmet), algumas \u00e1reas do Paran\u00e1 podem registrar ventos de at\u00e9 100 km\/h, al\u00e9m de chuva forte e possibilidade de granizo.<\/p>\n<h2>Como fica o tempo na regi\u00e3o<\/h2>\n<p class=\"isSelectedEnd\">A partir de sexta-feira, a entrada do ar polar deve deixar as manh\u00e3s mais frias nos Campos Gerais.<\/p>\n<p class=\"isSelectedEnd\">Durante o dia, com a presen\u00e7a do sol, as temperaturas podem subir gradualmente, mas o frio deve predominar principalmente durante as primeiras horas da manh\u00e3 e \u00e0 noite.<\/p>\n<p class=\"isSelectedEnd\">Em Ponta Grossa, o Simepar indica tempo est\u00e1vel na sexta-feira, com possibilidade de rajadas de vento de at\u00e9 40 km\/h.<\/p>\n<h2>Cuidados durante ventos fortes<\/h2>\n<p class=\"isSelectedEnd\">Durante a ocorr\u00eancia de temporais e ventos intensos, a recomenda\u00e7\u00e3o \u00e9 permanecer em local seguro e evitar \u00e1reas abertas.<\/p>\n<p class=\"isSelectedEnd\">Tamb\u00e9m \u00e9 importante:<\/p>\n<ul data-spread=\"false\">\n<li>Recolher vasos, m\u00f3veis, lixeiras e outros objetos soltos em quintais e varandas;<\/li>\n<li>Evitar permanecer pr\u00f3ximo de \u00e1rvores, postes e estruturas met\u00e1licas;<\/li>\n<li>Manter portas e janelas fechadas durante os ventos fortes;<\/li>\n<li>Evitar \u00e1reas de risco e locais pr\u00f3ximos a rios em caso de chuva intensa;<\/li>\n<li>N\u00e3o tocar em fios el\u00e9tricos ca\u00eddos;<\/li>\n<li>Acompanhar os alertas e orienta\u00e7\u00f5es da Defesa Civil.<\/li>\n<\/ul>\n<p>A popula\u00e7\u00e3o dos Campos Gerais deve ficar atenta \u00e0s atualiza\u00e7\u00f5es da previs\u00e3o do tempo, principalmente durante a passagem da frente fria.<\/p>\n","protected":false},"excerpt":{"rendered":"<p>Frente fria avan\u00e7a sobre a regi\u00e3o e derruba as temperaturas no fim de semana, com m\u00ednimas pr\u00f3ximas de 6\u00b0C em algumas cidades A forma\u00e7\u00e3o de um ciclone extratropical no Sul do Brasil provoca mudan\u00e7as no tempo no Paran\u00e1 e deve influenciar tamb\u00e9m Ponta Grossa e os munic\u00edpios dos Campos Gerais nos pr\u00f3ximos dias. Nesta quinta-feira [&hellip;]<\/p>\n","protected":false},"author":16,"featured_media":6811,"comment_status":"open","ping_status":"open","sticky":false,"template":"","format":"standard","meta":{"footnotes":""},"categories":[8,1217],"tags":[314,1603,47,1606,1938,2402,77,24,783,429,965,434,1270],"class_list":["post-6810","post","type-post","status-publish","format-standard","has-post-thumbnail","hentry","category-campos-gerais","category-previsao-do-tempo","tag-campos-gerais","tag-ciclone-extratropical","tag-destaque","tag-frente-fria","tag-frio","tag-geada","tag-parana","tag-ponta-grossa","tag-previsao-do-tempo","tag-simepar","tag-temperaturas","tag-temporais","tag-ventos-fortes"],"yoast_head":"<!-- This site is optimized with the Yoast SEO plugin v28.1 - https:\/\/yoast.com\/product\/yoast-seo-wordpress\/ -->\n<title>Ciclone extratropical muda o tempo em Ponta Grossa e regi\u00e3o e traz frio aos Campos Gerais - Mz Not\u00edcias<\/title>\n<meta name=\"description\" content=\"Ciclone extratropical muda o tempo em Ponta Grossa e nos Campos Gerais, com queda das temperaturas e m\u00ednimas pr\u00f3ximas de 6\u00b0C no fim de semana.\" \/>\n<meta name=\"robots\" content=\"index, follow, max-snippet:-1, max-image-preview:large, max-video-preview:-1\" \/>\n<link rel=\"canonical\" href=\"https:\/\/mznoticia.com.br\/jaguariaiva\/ciclone-extratropical-muda-o-tempo-em-ponta-grossa-e-regiao-e-traz-frio-aos-campos-gerais\/\" \/>\n<meta property=\"og:locale\" content=\"pt_BR\" \/>\n<meta property=\"og:type\" content=\"article\" \/>\n<meta property=\"og:title\" content=\"Ciclone extratropical muda o tempo em Ponta Grossa e regi\u00e3o e traz frio aos Campos Gerais - Mz Not\u00edcias\" \/>\n<meta property=\"og:description\" content=\"Ciclone extratropical muda o tempo em Ponta Grossa e nos Campos Gerais, com queda das temperaturas e m\u00ednimas pr\u00f3ximas de 6\u00b0C no fim de semana.\" \/>\n<meta property=\"og:url\" content=\"https:\/\/mznoticia.com.br\/jaguariaiva\/ciclone-extratropical-muda-o-tempo-em-ponta-grossa-e-regiao-e-traz-frio-aos-campos-gerais\/\" \/>\n<meta property=\"og:site_name\" content=\"Mz Not\u00edcias\" \/>\n<meta property=\"article:publisher\" content=\"https:\/\/www.facebook.com\/profile.php?id=61573479951222\" \/>\n<meta property=\"article:published_time\" content=\"2026-08-20T12:50:38+00:00\" \/>\n<meta property=\"og:image\" content=\"https:\/\/mznoticia.com.br\/jaguariaiva\/wp-content\/uploads\/2026\/08\/10-10.jpg\" \/>\n\t<meta property=\"og:image:width\" content=\"1059\" \/>\n\t<meta property=\"og:image:height\" content=\"960\" \/>\n\t<meta property=\"og:image:type\" content=\"image\/jpeg\" \/>\n<meta name=\"author\" content=\"Redacao mz\" \/>\n<meta name=\"twitter:card\" content=\"summary_large_image\" \/>\n<meta name=\"twitter:label1\" content=\"Escrito por\" \/>\n\t<meta name=\"twitter:data1\" content=\"Redacao mz\" \/>\n\t<meta name=\"twitter:label2\" content=\"Est. tempo de leitura\" \/>\n\t<meta name=\"twitter:data2\" content=\"3 minutos\" \/>\n<script type=\"application\/ld+json\" class=\"yoast-schema-graph\">{\"@context\":\"https:\\\/\\\/schema.org\",\"@graph\":[{\"@type\":\"Article\",\"@id\":\"https:\\\/\\\/mznoticia.com.br\\\/jaguariaiva\\\/ciclone-extratropical-muda-o-tempo-em-ponta-grossa-e-regiao-e-traz-frio-aos-campos-gerais\\\/#article\",\"isPartOf\":{\"@id\":\"https:\\\/\\\/mznoticia.com.br\\\/jaguariaiva\\\/ciclone-extratropical-muda-o-tempo-em-ponta-grossa-e-regiao-e-traz-frio-aos-campos-gerais\\\/\"},\"author\":{\"name\":\"Redacao mz\",\"@id\":\"https:\\\/\\\/mznoticia.com.br\\\/jaguariaiva\\\/#\\\/schema\\\/person\\\/84012d827247b3f42f37b550da79cd03\"},\"headline\":\"Ciclone extratropical muda o tempo em Ponta Grossa e regi\u00e3o e traz frio aos Campos Gerais\",\"datePublished\":\"2026-08-20T12:50:38+00:00\",\"mainEntityOfPage\":{\"@id\":\"https:\\\/\\\/mznoticia.com.br\\\/jaguariaiva\\\/ciclone-extratropical-muda-o-tempo-em-ponta-grossa-e-regiao-e-traz-frio-aos-campos-gerais\\\/\"},\"wordCount\":595,\"commentCount\":0,\"publisher\":{\"@id\":\"https:\\\/\\\/mznoticia.com.br\\\/jaguariaiva\\\/#organization\"},\"image\":{\"@id\":\"https:\\\/\\\/mznoticia.com.br\\\/jaguariaiva\\\/ciclone-extratropical-muda-o-tempo-em-ponta-grossa-e-regiao-e-traz-frio-aos-campos-gerais\\\/#primaryimage\"},\"thumbnailUrl\":\"https:\\\/\\\/mznoticia.com.br\\\/jaguariaiva\\\/wp-content\\\/uploads\\\/2026\\\/08\\\/10-10.jpg\",\"keywords\":[\"Campos Gerais\",\"Ciclone Extratropical\",\"destaque\",\"Frente Fria\",\"frio\",\"geada\",\"parana\",\"Ponta Grossa\",\"Previs\u00e3o do Tempo\",\"Simepar\",\"Temperaturas\",\"Temporais\",\"Ventos Fortes\"],\"articleSection\":[\"Campos Gerais\",\"Previs\u00e3o do Tempo\"],\"inLanguage\":\"pt-BR\",\"potentialAction\":[{\"@type\":\"CommentAction\",\"name\":\"Comment\",\"target\":[\"https:\\\/\\\/mznoticia.com.br\\\/jaguariaiva\\\/ciclone-extratropical-muda-o-tempo-em-ponta-grossa-e-regiao-e-traz-frio-aos-campos-gerais\\\/#respond\"]}]},{\"@type\":\"WebPage\",\"@id\":\"https:\\\/\\\/mznoticia.com.br\\\/jaguariaiva\\\/ciclone-extratropical-muda-o-tempo-em-ponta-grossa-e-regiao-e-traz-frio-aos-campos-gerais\\\/\",\"url\":\"https:\\\/\\\/mznoticia.com.br\\\/jaguariaiva\\\/ciclone-extratropical-muda-o-tempo-em-ponta-grossa-e-regiao-e-traz-frio-aos-campos-gerais\\\/\",\"name\":\"Ciclone extratropical muda o tempo em Ponta Grossa e regi\u00e3o e traz frio aos Campos Gerais - Mz Not\u00edcias\",\"isPartOf\":{\"@id\":\"https:\\\/\\\/mznoticia.com.br\\\/jaguariaiva\\\/#website\"},\"primaryImageOfPage\":{\"@id\":\"https:\\\/\\\/mznoticia.com.br\\\/jaguariaiva\\\/ciclone-extratropical-muda-o-tempo-em-ponta-grossa-e-regiao-e-traz-frio-aos-campos-gerais\\\/#primaryimage\"},\"image\":{\"@id\":\"https:\\\/\\\/mznoticia.com.br\\\/jaguariaiva\\\/ciclone-extratropical-muda-o-tempo-em-ponta-grossa-e-regiao-e-traz-frio-aos-campos-gerais\\\/#primaryimage\"},\"thumbnailUrl\":\"https:\\\/\\\/mznoticia.com.br\\\/jaguariaiva\\\/wp-content\\\/uploads\\\/2026\\\/08\\\/10-10.jpg\",\"datePublished\":\"2026-08-20T12:50:38+00:00\",\"description\":\"Ciclone extratropical muda o tempo em Ponta Grossa e nos Campos Gerais, com queda das temperaturas e m\u00ednimas pr\u00f3ximas de 6\u00b0C no fim de semana.\",\"breadcrumb\":{\"@id\":\"https:\\\/\\\/mznoticia.com.br\\\/jaguariaiva\\\/ciclone-extratropical-muda-o-tempo-em-ponta-grossa-e-regiao-e-traz-frio-aos-campos-gerais\\\/#breadcrumb\"},\"inLanguage\":\"pt-BR\",\"potentialAction\":[{\"@type\":\"ReadAction\",\"target\":[\"https:\\\/\\\/mznoticia.com.br\\\/jaguariaiva\\\/ciclone-extratropical-muda-o-tempo-em-ponta-grossa-e-regiao-e-traz-frio-aos-campos-gerais\\\/\"]}]},{\"@type\":\"ImageObject\",\"inLanguage\":\"pt-BR\",\"@id\":\"https:\\\/\\\/mznoticia.com.br\\\/jaguariaiva\\\/ciclone-extratropical-muda-o-tempo-em-ponta-grossa-e-regiao-e-traz-frio-aos-campos-gerais\\\/#primaryimage\",\"url\":\"https:\\\/\\\/mznoticia.com.br\\\/jaguariaiva\\\/wp-content\\\/uploads\\\/2026\\\/08\\\/10-10.jpg\",\"contentUrl\":\"https:\\\/\\\/mznoticia.com.br\\\/jaguariaiva\\\/wp-content\\\/uploads\\\/2026\\\/08\\\/10-10.jpg\",\"width\":1059,\"height\":960},{\"@type\":\"BreadcrumbList\",\"@id\":\"https:\\\/\\\/mznoticia.com.br\\\/jaguariaiva\\\/ciclone-extratropical-muda-o-tempo-em-ponta-grossa-e-regiao-e-traz-frio-aos-campos-gerais\\\/#breadcrumb\",\"itemListElement\":[{\"@type\":\"ListItem\",\"position\":1,\"name\":\"Home\",\"item\":\"https:\\\/\\\/mznoticia.com.br\\\/jaguariaiva\\\/\"},{\"@type\":\"ListItem\",\"position\":2,\"name\":\"Ciclone extratropical muda o tempo em Ponta Grossa e regi\u00e3o e traz frio aos Campos Gerais\"}]},{\"@type\":\"WebSite\",\"@id\":\"https:\\\/\\\/mznoticia.com.br\\\/jaguariaiva\\\/#website\",\"url\":\"https:\\\/\\\/mznoticia.com.br\\\/jaguariaiva\\\/\",\"name\":\"Mz Not\u00edcia\",\"description\":\"A informa\u00e7\u00e3o que voc\u00ea precisa na hora certa!\",\"publisher\":{\"@id\":\"https:\\\/\\\/mznoticia.com.br\\\/jaguariaiva\\\/#organization\"},\"potentialAction\":[{\"@type\":\"SearchAction\",\"target\":{\"@type\":\"EntryPoint\",\"urlTemplate\":\"https:\\\/\\\/mznoticia.com.br\\\/jaguariaiva\\\/?s={search_term_string}\"},\"query-input\":{\"@type\":\"PropertyValueSpecification\",\"valueRequired\":true,\"valueName\":\"search_term_string\"}}],\"inLanguage\":\"pt-BR\"},{\"@type\":\"Organization\",\"@id\":\"https:\\\/\\\/mznoticia.com.br\\\/jaguariaiva\\\/#organization\",\"name\":\"Mz Not\u00edcia\",\"url\":\"https:\\\/\\\/mznoticia.com.br\\\/jaguariaiva\\\/\",\"logo\":{\"@type\":\"ImageObject\",\"inLanguage\":\"pt-BR\",\"@id\":\"https:\\\/\\\/mznoticia.com.br\\\/jaguariaiva\\\/#\\\/schema\\\/logo\\\/image\\\/\",\"url\":\"https:\\\/\\\/mznoticia.com.br\\\/jaguariaiva\\\/wp-content\\\/uploads\\\/2025\\\/03\\\/Design-sem-nome-4-e1741200616392.png\",\"contentUrl\":\"https:\\\/\\\/mznoticia.com.br\\\/jaguariaiva\\\/wp-content\\\/uploads\\\/2025\\\/03\\\/Design-sem-nome-4-e1741200616392.png\",\"width\":750,\"height\":563,\"caption\":\"Mz Not\u00edcia\"},\"image\":{\"@id\":\"https:\\\/\\\/mznoticia.com.br\\\/jaguariaiva\\\/#\\\/schema\\\/logo\\\/image\\\/\"},\"sameAs\":[\"https:\\\/\\\/www.facebook.com\\\/profile.php?id=61573479951222\",\"https:\\\/\\\/www.instagram.com\\\/mz.jaguariaiva\\\/\"]},{\"@type\":\"Person\",\"@id\":\"https:\\\/\\\/mznoticia.com.br\\\/jaguariaiva\\\/#\\\/schema\\\/person\\\/84012d827247b3f42f37b550da79cd03\",\"name\":\"Redacao mz\",\"image\":{\"@type\":\"ImageObject\",\"inLanguage\":\"pt-BR\",\"@id\":\"https:\\\/\\\/mznoticia.com.br\\\/jaguariaiva\\\/wp-content\\\/uploads\\\/2025\\\/02\\\/mznoticia_jaguariaiva_coluna-150x150.png\",\"url\":\"https:\\\/\\\/mznoticia.com.br\\\/jaguariaiva\\\/wp-content\\\/uploads\\\/2025\\\/02\\\/mznoticia_jaguariaiva_coluna-150x150.png\",\"contentUrl\":\"https:\\\/\\\/mznoticia.com.br\\\/jaguariaiva\\\/wp-content\\\/uploads\\\/2025\\\/02\\\/mznoticia_jaguariaiva_coluna-150x150.png\",\"caption\":\"Redacao mz\"},\"sameAs\":[\"http:\\\/\\\/mznoticia.com.br\"],\"url\":\"https:\\\/\\\/mznoticia.com.br\\\/jaguariaiva\\\/author\\\/lucimara\\\/\"}]}<\/script>\n<!-- \/ Yoast SEO plugin. -->","yoast_head_json":{"title":"Ciclone extratropical muda o tempo em Ponta Grossa e regi\u00e3o e traz frio aos Campos Gerais - Mz Not\u00edcias","description":"Ciclone extratropical muda o tempo em Ponta Grossa e nos Campos Gerais, com queda das temperaturas e m\u00ednimas pr\u00f3ximas de 6\u00b0C no fim de semana.","robots":{"index":"index","follow":"follow","max-snippet":"max-snippet:-1","max-image-preview":"max-image-preview:large","max-video-preview":"max-video-preview:-1"},"canonical":"https:\/\/mznoticia.com.br\/jaguariaiva\/ciclone-extratropical-muda-o-tempo-em-ponta-grossa-e-regiao-e-traz-frio-aos-campos-gerais\/","og_locale":"pt_BR","og_type":"article","og_title":"Ciclone extratropical muda o tempo em Ponta Grossa e regi\u00e3o e traz frio aos Campos Gerais - Mz Not\u00edcias","og_description":"Ciclone extratropical muda o tempo em Ponta Grossa e nos Campos Gerais, com queda das temperaturas e m\u00ednimas pr\u00f3ximas de 6\u00b0C no fim de semana.","og_url":"https:\/\/mznoticia.com.br\/jaguariaiva\/ciclone-extratropical-muda-o-tempo-em-ponta-grossa-e-regiao-e-traz-frio-aos-campos-gerais\/","og_site_name":"Mz Not\u00edcias","article_publisher":"https:\/\/www.facebook.com\/profile.php?id=61573479951222","article_published_time":"2026-08-20T12:50:38+00:00","og_image":[{"width":1059,"height":960,"url":"https:\/\/mznoticia.com.br\/jaguariaiva\/wp-content\/uploads\/2026\/08\/10-10.jpg","type":"image\/jpeg"}],"author":"Redacao mz","twitter_card":"summary_large_image","twitter_misc":{"Escrito por":"Redacao mz","Est. tempo de leitura":"3 minutos"},"schema":{"@context":"https:\/\/schema.org","@graph":[{"@type":"Article","@id":"https:\/\/mznoticia.com.br\/jaguariaiva\/ciclone-extratropical-muda-o-tempo-em-ponta-grossa-e-regiao-e-traz-frio-aos-campos-gerais\/#article","isPartOf":{"@id":"https:\/\/mznoticia.com.br\/jaguariaiva\/ciclone-extratropical-muda-o-tempo-em-ponta-grossa-e-regiao-e-traz-frio-aos-campos-gerais\/"},"author":{"name":"Redacao mz","@id":"https:\/\/mznoticia.com.br\/jaguariaiva\/#\/schema\/person\/84012d827247b3f42f37b550da79cd03"},"headline":"Ciclone extratropical muda o tempo em Ponta Grossa e regi\u00e3o e traz frio aos Campos Gerais","datePublished":"2026-08-20T12:50:38+00:00","mainEntityOfPage":{"@id":"https:\/\/mznoticia.com.br\/jaguariaiva\/ciclone-extratropical-muda-o-tempo-em-ponta-grossa-e-regiao-e-traz-frio-aos-campos-gerais\/"},"wordCount":595,"commentCount":0,"publisher":{"@id":"https:\/\/mznoticia.com.br\/jaguariaiva\/#organization"},"image":{"@id":"https:\/\/mznoticia.com.br\/jaguariaiva\/ciclone-extratropical-muda-o-tempo-em-ponta-grossa-e-regiao-e-traz-frio-aos-campos-gerais\/#primaryimage"},"thumbnailUrl":"https:\/\/mznoticia.com.br\/jaguariaiva\/wp-content\/uploads\/2026\/08\/10-10.jpg","keywords":["Campos Gerais","Ciclone Extratropical","destaque","Frente Fria","frio","geada","parana","Ponta Grossa","Previs\u00e3o do Tempo","Simepar","Temperaturas","Temporais","Ventos Fortes"],"articleSection":["Campos Gerais","Previs\u00e3o do Tempo"],"inLanguage":"pt-BR","potentialAction":[{"@type":"CommentAction","name":"Comment","target":["https:\/\/mznoticia.com.br\/jaguariaiva\/ciclone-extratropical-muda-o-tempo-em-ponta-grossa-e-regiao-e-traz-frio-aos-campos-gerais\/#respond"]}]},{"@type":"WebPage","@id":"https:\/\/mznoticia.com.br\/jaguariaiva\/ciclone-extratropical-muda-o-tempo-em-ponta-grossa-e-regiao-e-traz-frio-aos-campos-gerais\/","url":"https:\/\/mznoticia.com.br\/jaguariaiva\/ciclone-extratropical-muda-o-tempo-em-ponta-grossa-e-regiao-e-traz-frio-aos-campos-gerais\/","name":"Ciclone extratropical muda o tempo em Ponta Grossa e regi\u00e3o e traz frio aos Campos Gerais - Mz Not\u00edcias","isPartOf":{"@id":"https:\/\/mznoticia.com.br\/jaguariaiva\/#website"},"primaryImageOfPage":{"@id":"https:\/\/mznoticia.com.br\/jaguariaiva\/ciclone-extratropical-muda-o-tempo-em-ponta-grossa-e-regiao-e-traz-frio-aos-campos-gerais\/#primaryimage"},"image":{"@id":"https:\/\/mznoticia.com.br\/jaguariaiva\/ciclone-extratropical-muda-o-tempo-em-ponta-grossa-e-regiao-e-traz-frio-aos-campos-gerais\/#primaryimage"},"thumbnailUrl":"https:\/\/mznoticia.com.br\/jaguariaiva\/wp-content\/uploads\/2026\/08\/10-10.jpg","datePublished":"2026-08-20T12:50:38+00:00","description":"Ciclone extratropical muda o tempo em Ponta Grossa e nos Campos Gerais, com queda das temperaturas e m\u00ednimas pr\u00f3ximas de 6\u00b0C no fim de semana.","breadcrumb":{"@id":"https:\/\/mznoticia.com.br\/jaguariaiva\/ciclone-extratropical-muda-o-tempo-em-ponta-grossa-e-regiao-e-traz-frio-aos-campos-gerais\/#breadcrumb"},"inLanguage":"pt-BR","potentialAction":[{"@type":"ReadAction","target":["https:\/\/mznoticia.com.br\/jaguariaiva\/ciclone-extratropical-muda-o-tempo-em-ponta-grossa-e-regiao-e-traz-frio-aos-campos-gerais\/"]}]},{"@type":"ImageObject","inLanguage":"pt-BR","@id":"https:\/\/mznoticia.com.br\/jaguariaiva\/ciclone-extratropical-muda-o-tempo-em-ponta-grossa-e-regiao-e-traz-frio-aos-campos-gerais\/#primaryimage","url":"https:\/\/mznoticia.com.br\/jaguariaiva\/wp-content\/uploads\/2026\/08\/10-10.jpg","contentUrl":"https:\/\/mznoticia.com.br\/jaguariaiva\/wp-content\/uploads\/2026\/08\/10-10.jpg","width":1059,"height":960},{"@type":"BreadcrumbList","@id":"https:\/\/mznoticia.com.br\/jaguariaiva\/ciclone-extratropical-muda-o-tempo-em-ponta-grossa-e-regiao-e-traz-frio-aos-campos-gerais\/#breadcrumb","itemListElement":[{"@type":"ListItem","position":1,"name":"Home","item":"https:\/\/mznoticia.com.br\/jaguariaiva\/"},{"@type":"ListItem","position":2,"name":"Ciclone extratropical muda o tempo em Ponta Grossa e regi\u00e3o e traz frio aos Campos Gerais"}]},{"@type":"WebSite","@id":"https:\/\/mznoticia.com.br\/jaguariaiva\/#website","url":"https:\/\/mznoticia.com.br\/jaguariaiva\/","name":"Mz Not\u00edcia","description":"A informa\u00e7\u00e3o que voc\u00ea precisa na hora certa!","publisher":{"@id":"https:\/\/mznoticia.com.br\/jaguariaiva\/#organization"},"potentialAction":[{"@type":"SearchAction","target":{"@type":"EntryPoint","urlTemplate":"https:\/\/mznoticia.com.br\/jaguariaiva\/?s={search_term_string}"},"query-input":{"@type":"PropertyValueSpecification","valueRequired":true,"valueName":"search_term_string"}}],"inLanguage":"pt-BR"},{"@type":"Organization","@id":"https:\/\/mznoticia.com.br\/jaguariaiva\/#organization","name":"Mz Not\u00edcia","url":"https:\/\/mznoticia.com.br\/jaguariaiva\/","logo":{"@type":"ImageObject","inLanguage":"pt-BR","@id":"https:\/\/mznoticia.com.br\/jaguariaiva\/#\/schema\/logo\/image\/","url":"https:\/\/mznoticia.com.br\/jaguariaiva\/wp-content\/uploads\/2025\/03\/Design-sem-nome-4-e1741200616392.png","contentUrl":"https:\/\/mznoticia.com.br\/jaguariaiva\/wp-content\/uploads\/2025\/03\/Design-sem-nome-4-e1741200616392.png","width":750,"height":563,"caption":"Mz Not\u00edcia"},"image":{"@id":"https:\/\/mznoticia.com.br\/jaguariaiva\/#\/schema\/logo\/image\/"},"sameAs":["https:\/\/www.facebook.com\/profile.php?id=61573479951222","https:\/\/www.instagram.com\/mz.jaguariaiva\/"]},{"@type":"Person","@id":"https:\/\/mznoticia.com.br\/jaguariaiva\/#\/schema\/person\/84012d827247b3f42f37b550da79cd03","name":"Redacao mz","image":{"@type":"ImageObject","inLanguage":"pt-BR","@id":"https:\/\/mznoticia.com.br\/jaguariaiva\/wp-content\/uploads\/2025\/02\/mznoticia_jaguariaiva_coluna-150x150.png","url":"https:\/\/mznoticia.com.br\/jaguariaiva\/wp-content\/uploads\/2025\/02\/mznoticia_jaguariaiva_coluna-150x150.png","contentUrl":"https:\/\/mznoticia.com.br\/jaguariaiva\/wp-content\/uploads\/2025\/02\/mznoticia_jaguariaiva_coluna-150x150.png","caption":"Redacao mz"},"sameAs":["http:\/\/mznoticia.com.br"],"url":"https:\/\/mznoticia.com.br\/jaguariaiva\/author\/lucimara\/"}]}},"_links":{"self":[{"href":"https:\/\/mznoticia.com.br\/jaguariaiva\/wp-json\/wp\/v2\/posts\/6810","targetHints":{"allow":["GET"]}}],"collection":[{"href":"https:\/\/mznoticia.com.br\/jaguariaiva\/wp-json\/wp\/v2\/posts"}],"about":[{"href":"https:\/\/mznoticia.com.br\/jaguariaiva\/wp-json\/wp\/v2\/types\/post"}],"author":[{"embeddable":true,"href":"https:\/\/mznoticia.com.br\/jaguariaiva\/wp-json\/wp\/v2\/users\/16"}],"replies":[{"embeddable":true,"href":"https:\/\/mznoticia.com.br\/jaguariaiva\/wp-json\/wp\/v2\/comments?post=6810"}],"version-history":[{"count":1,"href":"https:\/\/mznoticia.com.br\/jaguariaiva\/wp-json\/wp\/v2\/posts\/6810\/revisions"}],"predecessor-version":[{"id":6812,"href":"https:\/\/mznoticia.com.br\/jaguariaiva\/wp-json\/wp\/v2\/posts\/6810\/revisions\/6812"}],"wp:featuredmedia":[{"embeddable":true,"href":"https:\/\/mznoticia.com.br\/jaguariaiva\/wp-json\/wp\/v2\/media\/6811"}],"wp:attachment":[{"href":"https:\/\/mznoticia.com.br\/jaguariaiva\/wp-json\/wp\/v2\/media?parent=6810"}],"wp:term":[{"taxonomy":"category","embeddable":true,"href":"https:\/\/mznoticia.com.br\/jaguariaiva\/wp-json\/wp\/v2\/categories?post=6810"},{"taxonomy":"post_tag","embeddable":true,"href":"https:\/\/mznoticia.com.br\/jaguariaiva\/wp-json\/wp\/v2\/tags?post=6810"}],"curies":[{"name":"wp","href":"https:\/\/api.w.org\/{rel}","templated":true}]}}