{"id":6871,"date":"2026-08-21T11:27:15","date_gmt":"2026-08-21T11:27:15","guid":{"rendered":"https:\/\/mznoticia.com.br\/jaguariaiva\/?p=6871"},"modified":"2026-08-21T11:27:15","modified_gmt":"2026-08-21T11:27:15","slug":"falecimentos-obituario-desta-sexta-feira-21-em-ponta-grossa-e-regiao","status":"publish","type":"post","link":"https:\/\/mznoticia.com.br\/jaguariaiva\/falecimentos-obituario-desta-sexta-feira-21-em-ponta-grossa-e-regiao\/","title":{"rendered":"Falecimentos: obitu\u00e1rio desta sexta-feira (21) em Ponta Grossa e regi\u00e3o"},"content":{"rendered":"<h2>Confira os falecimentos e sepultamentos previstos para esta sexta-feira, 21 de agosto, em Ponta Grossa e munic\u00edpios dos Campos Gerais<\/h2>\n<p class=\"isSelectedEnd\">O Servi\u00e7o Funer\u00e1rio Municipal de Ponta Grossa divulgou as informa\u00e7\u00f5es sobre os falecimentos e sepultamentos previstos para esta sexta-feira, dia 21 de agosto de 2026.<\/p>\n<p class=\"isSelectedEnd\">Confira a rela\u00e7\u00e3o:<\/p>\n<h3>Cleuza de Jesus Machado Correa, 62 anos<\/h3>\n<p class=\"isSelectedEnd\">O vel\u00f3rio ocorre na Capela Parque Nossa Senhora das Gra\u00e7as.<\/p>\n<p class=\"isSelectedEnd\">O sepultamento est\u00e1 marcado para as 17h, no Memorial Parque Campos Gerais.<\/p>\n<h3>Erik Couto da Silva, 24 anos<\/h3>\n<p class=\"isSelectedEnd\">O vel\u00f3rio acontece na Capela do Parque Jardim Para\u00edso.<\/p>\n<p class=\"isSelectedEnd\">O sepultamento est\u00e1 previsto para as 10h, no Parque Jardim Para\u00edso.<\/p>\n<h3>Gabriel Monteiro, 71 anos<\/h3>\n<p class=\"isSelectedEnd\">O vel\u00f3rio ocorre em outro munic\u00edpio.<\/p>\n<p class=\"isSelectedEnd\">O sepultamento est\u00e1 marcado para as 16h, no Cemit\u00e9rio Saudade.<\/p>\n<h3>Irailde de Lourdes Cruz, 92 anos<\/h3>\n<p class=\"isSelectedEnd\">O vel\u00f3rio ocorre em outro munic\u00edpio.<\/p>\n<p class=\"isSelectedEnd\">O sepultamento est\u00e1 previsto para as 16h, no Cemit\u00e9rio Municipal de Iva\u00ed.<\/p>\n<h3>Informa\u00e7\u00f5es<\/h3>\n<p class=\"isSelectedEnd\">As informa\u00e7\u00f5es sobre os falecimentos e sepultamentos s\u00e3o divulgadas pelo Servi\u00e7o Funer\u00e1rio Municipal de Ponta Grossa. Dados adicionais podem ser consultados junto aos servi\u00e7os funer\u00e1rios respons\u00e1veis.<\/p>\n<p><strong>Data:<\/strong> sexta-feira, 21 de agosto de 2026.<\/p>\n","protected":false},"excerpt":{"rendered":"<p>Confira os falecimentos e sepultamentos previstos para esta sexta-feira, 21 de agosto, em Ponta Grossa e munic\u00edpios dos Campos Gerais O Servi\u00e7o Funer\u00e1rio Municipal de Ponta Grossa divulgou as informa\u00e7\u00f5es sobre os falecimentos e sepultamentos previstos para esta sexta-feira, dia 21 de agosto de 2026. Confira a rela\u00e7\u00e3o: Cleuza de Jesus Machado Correa, 62 anos [&hellip;]<\/p>\n","protected":false},"author":16,"featured_media":6872,"comment_status":"open","ping_status":"open","sticky":false,"template":"","format":"standard","meta":{"footnotes":""},"categories":[131],"tags":[314,47,639,2478,1845,408,24,407,463],"class_list":["post-6871","post","type-post","status-publish","format-standard","has-post-thumbnail","hentry","category-falecimentos","tag-campos-gerais","tag-destaque","tag-falecimentos","tag-ivai","tag-noticias-de-ponta-grossa","tag-obituario","tag-ponta-grossa","tag-sepultamentos","tag-servico-funerario"],"yoast_head":"<!-- This site is optimized with the Yoast SEO plugin v28.1 - https:\/\/yoast.com\/product\/yoast-seo-wordpress\/ -->\n<title>Falecimentos: obitu\u00e1rio desta sexta-feira (21) em Ponta Grossa e regi\u00e3o - Mz Not\u00edcias<\/title>\n<meta name=\"description\" content=\"Confira os falecimentos e sepultamentos previstos para esta sexta-feira (21) em Ponta Grossa e munic\u00edpios dos Campos Gerais.\" \/>\n<meta name=\"robots\" content=\"index, follow, max-snippet:-1, max-image-preview:large, max-video-preview:-1\" \/>\n<link rel=\"canonical\" href=\"https:\/\/mznoticia.com.br\/jaguariaiva\/falecimentos-obituario-desta-sexta-feira-21-em-ponta-grossa-e-regiao\/\" \/>\n<meta property=\"og:locale\" content=\"pt_BR\" \/>\n<meta property=\"og:type\" content=\"article\" \/>\n<meta property=\"og:title\" content=\"Falecimentos: obitu\u00e1rio desta sexta-feira (21) em Ponta Grossa e regi\u00e3o - Mz Not\u00edcias\" \/>\n<meta property=\"og:description\" content=\"Confira os falecimentos e sepultamentos previstos para esta sexta-feira (21) em Ponta Grossa e munic\u00edpios dos Campos Gerais.\" \/>\n<meta property=\"og:url\" content=\"https:\/\/mznoticia.com.br\/jaguariaiva\/falecimentos-obituario-desta-sexta-feira-21-em-ponta-grossa-e-regiao\/\" \/>\n<meta property=\"og:site_name\" content=\"Mz Not\u00edcias\" \/>\n<meta property=\"article:publisher\" content=\"https:\/\/www.facebook.com\/profile.php?id=61573479951222\" \/>\n<meta property=\"article:published_time\" content=\"2026-08-21T11:27:15+00:00\" \/>\n<meta property=\"og:image\" content=\"https:\/\/mznoticia.com.br\/jaguariaiva\/wp-content\/uploads\/2026\/08\/nota-falecimento-13.jpg\" \/>\n\t<meta property=\"og:image:width\" content=\"1041\" \/>\n\t<meta property=\"og:image:height\" content=\"1023\" \/>\n\t<meta property=\"og:image:type\" content=\"image\/jpeg\" \/>\n<meta name=\"author\" content=\"Redacao mz\" \/>\n<meta name=\"twitter:card\" content=\"summary_large_image\" \/>\n<meta name=\"twitter:label1\" content=\"Escrito por\" \/>\n\t<meta name=\"twitter:data1\" content=\"Redacao mz\" \/>\n\t<meta name=\"twitter:label2\" content=\"Est. tempo de leitura\" \/>\n\t<meta name=\"twitter:data2\" content=\"2 minutos\" \/>\n<script type=\"application\/ld+json\" class=\"yoast-schema-graph\">{\"@context\":\"https:\\\/\\\/schema.org\",\"@graph\":[{\"@type\":\"Article\",\"@id\":\"https:\\\/\\\/mznoticia.com.br\\\/jaguariaiva\\\/falecimentos-obituario-desta-sexta-feira-21-em-ponta-grossa-e-regiao\\\/#article\",\"isPartOf\":{\"@id\":\"https:\\\/\\\/mznoticia.com.br\\\/jaguariaiva\\\/falecimentos-obituario-desta-sexta-feira-21-em-ponta-grossa-e-regiao\\\/\"},\"author\":{\"name\":\"Redacao mz\",\"@id\":\"https:\\\/\\\/mznoticia.com.br\\\/jaguariaiva\\\/#\\\/schema\\\/person\\\/84012d827247b3f42f37b550da79cd03\"},\"headline\":\"Falecimentos: obitu\u00e1rio desta sexta-feira (21) em Ponta Grossa e regi\u00e3o\",\"datePublished\":\"2026-08-21T11:27:15+00:00\",\"mainEntityOfPage\":{\"@id\":\"https:\\\/\\\/mznoticia.com.br\\\/jaguariaiva\\\/falecimentos-obituario-desta-sexta-feira-21-em-ponta-grossa-e-regiao\\\/\"},\"wordCount\":207,\"commentCount\":0,\"publisher\":{\"@id\":\"https:\\\/\\\/mznoticia.com.br\\\/jaguariaiva\\\/#organization\"},\"image\":{\"@id\":\"https:\\\/\\\/mznoticia.com.br\\\/jaguariaiva\\\/falecimentos-obituario-desta-sexta-feira-21-em-ponta-grossa-e-regiao\\\/#primaryimage\"},\"thumbnailUrl\":\"https:\\\/\\\/mznoticia.com.br\\\/jaguariaiva\\\/wp-content\\\/uploads\\\/2026\\\/08\\\/nota-falecimento-13.jpg\",\"keywords\":[\"Campos Gerais\",\"destaque\",\"Falecimentos\",\"Iva\u00ed\",\"Not\u00edcias de Ponta Grossa\",\"Obitu\u00e1rio\",\"Ponta Grossa\",\"Sepultamentos\",\"Servi\u00e7o Funer\u00e1rio\"],\"articleSection\":[\"Falecimentos\"],\"inLanguage\":\"pt-BR\",\"potentialAction\":[{\"@type\":\"CommentAction\",\"name\":\"Comment\",\"target\":[\"https:\\\/\\\/mznoticia.com.br\\\/jaguariaiva\\\/falecimentos-obituario-desta-sexta-feira-21-em-ponta-grossa-e-regiao\\\/#respond\"]}]},{\"@type\":\"WebPage\",\"@id\":\"https:\\\/\\\/mznoticia.com.br\\\/jaguariaiva\\\/falecimentos-obituario-desta-sexta-feira-21-em-ponta-grossa-e-regiao\\\/\",\"url\":\"https:\\\/\\\/mznoticia.com.br\\\/jaguariaiva\\\/falecimentos-obituario-desta-sexta-feira-21-em-ponta-grossa-e-regiao\\\/\",\"name\":\"Falecimentos: obitu\u00e1rio desta sexta-feira (21) em Ponta Grossa e regi\u00e3o - Mz Not\u00edcias\",\"isPartOf\":{\"@id\":\"https:\\\/\\\/mznoticia.com.br\\\/jaguariaiva\\\/#website\"},\"primaryImageOfPage\":{\"@id\":\"https:\\\/\\\/mznoticia.com.br\\\/jaguariaiva\\\/falecimentos-obituario-desta-sexta-feira-21-em-ponta-grossa-e-regiao\\\/#primaryimage\"},\"image\":{\"@id\":\"https:\\\/\\\/mznoticia.com.br\\\/jaguariaiva\\\/falecimentos-obituario-desta-sexta-feira-21-em-ponta-grossa-e-regiao\\\/#primaryimage\"},\"thumbnailUrl\":\"https:\\\/\\\/mznoticia.com.br\\\/jaguariaiva\\\/wp-content\\\/uploads\\\/2026\\\/08\\\/nota-falecimento-13.jpg\",\"datePublished\":\"2026-08-21T11:27:15+00:00\",\"description\":\"Confira os falecimentos e sepultamentos previstos para esta sexta-feira (21) em Ponta Grossa e munic\u00edpios dos Campos Gerais.\",\"breadcrumb\":{\"@id\":\"https:\\\/\\\/mznoticia.com.br\\\/jaguariaiva\\\/falecimentos-obituario-desta-sexta-feira-21-em-ponta-grossa-e-regiao\\\/#breadcrumb\"},\"inLanguage\":\"pt-BR\",\"potentialAction\":[{\"@type\":\"ReadAction\",\"target\":[\"https:\\\/\\\/mznoticia.com.br\\\/jaguariaiva\\\/falecimentos-obituario-desta-sexta-feira-21-em-ponta-grossa-e-regiao\\\/\"]}]},{\"@type\":\"ImageObject\",\"inLanguage\":\"pt-BR\",\"@id\":\"https:\\\/\\\/mznoticia.com.br\\\/jaguariaiva\\\/falecimentos-obituario-desta-sexta-feira-21-em-ponta-grossa-e-regiao\\\/#primaryimage\",\"url\":\"https:\\\/\\\/mznoticia.com.br\\\/jaguariaiva\\\/wp-content\\\/uploads\\\/2026\\\/08\\\/nota-falecimento-13.jpg\",\"contentUrl\":\"https:\\\/\\\/mznoticia.com.br\\\/jaguariaiva\\\/wp-content\\\/uploads\\\/2026\\\/08\\\/nota-falecimento-13.jpg\",\"width\":1041,\"height\":1023},{\"@type\":\"BreadcrumbList\",\"@id\":\"https:\\\/\\\/mznoticia.com.br\\\/jaguariaiva\\\/falecimentos-obituario-desta-sexta-feira-21-em-ponta-grossa-e-regiao\\\/#breadcrumb\",\"itemListElement\":[{\"@type\":\"ListItem\",\"position\":1,\"name\":\"Home\",\"item\":\"https:\\\/\\\/mznoticia.com.br\\\/jaguariaiva\\\/\"},{\"@type\":\"ListItem\",\"position\":2,\"name\":\"Falecimentos: obitu\u00e1rio desta sexta-feira (21) em Ponta Grossa e regi\u00e3o\"}]},{\"@type\":\"WebSite\",\"@id\":\"https:\\\/\\\/mznoticia.com.br\\\/jaguariaiva\\\/#website\",\"url\":\"https:\\\/\\\/mznoticia.com.br\\\/jaguariaiva\\\/\",\"name\":\"Mz Not\u00edcia\",\"description\":\"A informa\u00e7\u00e3o que voc\u00ea precisa na hora certa!\",\"publisher\":{\"@id\":\"https:\\\/\\\/mznoticia.com.br\\\/jaguariaiva\\\/#organization\"},\"potentialAction\":[{\"@type\":\"SearchAction\",\"target\":{\"@type\":\"EntryPoint\",\"urlTemplate\":\"https:\\\/\\\/mznoticia.com.br\\\/jaguariaiva\\\/?s={search_term_string}\"},\"query-input\":{\"@type\":\"PropertyValueSpecification\",\"valueRequired\":true,\"valueName\":\"search_term_string\"}}],\"inLanguage\":\"pt-BR\"},{\"@type\":\"Organization\",\"@id\":\"https:\\\/\\\/mznoticia.com.br\\\/jaguariaiva\\\/#organization\",\"name\":\"Mz Not\u00edcia\",\"url\":\"https:\\\/\\\/mznoticia.com.br\\\/jaguariaiva\\\/\",\"logo\":{\"@type\":\"ImageObject\",\"inLanguage\":\"pt-BR\",\"@id\":\"https:\\\/\\\/mznoticia.com.br\\\/jaguariaiva\\\/#\\\/schema\\\/logo\\\/image\\\/\",\"url\":\"https:\\\/\\\/mznoticia.com.br\\\/jaguariaiva\\\/wp-content\\\/uploads\\\/2025\\\/03\\\/Design-sem-nome-4-e1741200616392.png\",\"contentUrl\":\"https:\\\/\\\/mznoticia.com.br\\\/jaguariaiva\\\/wp-content\\\/uploads\\\/2025\\\/03\\\/Design-sem-nome-4-e1741200616392.png\",\"width\":750,\"height\":563,\"caption\":\"Mz Not\u00edcia\"},\"image\":{\"@id\":\"https:\\\/\\\/mznoticia.com.br\\\/jaguariaiva\\\/#\\\/schema\\\/logo\\\/image\\\/\"},\"sameAs\":[\"https:\\\/\\\/www.facebook.com\\\/profile.php?id=61573479951222\",\"https:\\\/\\\/www.instagram.com\\\/mz.jaguariaiva\\\/\"]},{\"@type\":\"Person\",\"@id\":\"https:\\\/\\\/mznoticia.com.br\\\/jaguariaiva\\\/#\\\/schema\\\/person\\\/84012d827247b3f42f37b550da79cd03\",\"name\":\"Redacao mz\",\"image\":{\"@type\":\"ImageObject\",\"inLanguage\":\"pt-BR\",\"@id\":\"https:\\\/\\\/mznoticia.com.br\\\/jaguariaiva\\\/wp-content\\\/uploads\\\/2025\\\/02\\\/mznoticia_jaguariaiva_coluna-150x150.png\",\"url\":\"https:\\\/\\\/mznoticia.com.br\\\/jaguariaiva\\\/wp-content\\\/uploads\\\/2025\\\/02\\\/mznoticia_jaguariaiva_coluna-150x150.png\",\"contentUrl\":\"https:\\\/\\\/mznoticia.com.br\\\/jaguariaiva\\\/wp-content\\\/uploads\\\/2025\\\/02\\\/mznoticia_jaguariaiva_coluna-150x150.png\",\"caption\":\"Redacao mz\"},\"sameAs\":[\"http:\\\/\\\/mznoticia.com.br\"],\"url\":\"https:\\\/\\\/mznoticia.com.br\\\/jaguariaiva\\\/author\\\/lucimara\\\/\"}]}<\/script>\n<!-- \/ Yoast SEO plugin. -->","yoast_head_json":{"title":"Falecimentos: obitu\u00e1rio desta sexta-feira (21) em Ponta Grossa e regi\u00e3o - Mz Not\u00edcias","description":"Confira os falecimentos e sepultamentos previstos para esta sexta-feira (21) em Ponta Grossa e munic\u00edpios dos Campos Gerais.","robots":{"index":"index","follow":"follow","max-snippet":"max-snippet:-1","max-image-preview":"max-image-preview:large","max-video-preview":"max-video-preview:-1"},"canonical":"https:\/\/mznoticia.com.br\/jaguariaiva\/falecimentos-obituario-desta-sexta-feira-21-em-ponta-grossa-e-regiao\/","og_locale":"pt_BR","og_type":"article","og_title":"Falecimentos: obitu\u00e1rio desta sexta-feira (21) em Ponta Grossa e regi\u00e3o - Mz Not\u00edcias","og_description":"Confira os falecimentos e sepultamentos previstos para esta sexta-feira (21) em Ponta Grossa e munic\u00edpios dos Campos Gerais.","og_url":"https:\/\/mznoticia.com.br\/jaguariaiva\/falecimentos-obituario-desta-sexta-feira-21-em-ponta-grossa-e-regiao\/","og_site_name":"Mz Not\u00edcias","article_publisher":"https:\/\/www.facebook.com\/profile.php?id=61573479951222","article_published_time":"2026-08-21T11:27:15+00:00","og_image":[{"width":1041,"height":1023,"url":"https:\/\/mznoticia.com.br\/jaguariaiva\/wp-content\/uploads\/2026\/08\/nota-falecimento-13.jpg","type":"image\/jpeg"}],"author":"Redacao mz","twitter_card":"summary_large_image","twitter_misc":{"Escrito por":"Redacao mz","Est. tempo de leitura":"2 minutos"},"schema":{"@context":"https:\/\/schema.org","@graph":[{"@type":"Article","@id":"https:\/\/mznoticia.com.br\/jaguariaiva\/falecimentos-obituario-desta-sexta-feira-21-em-ponta-grossa-e-regiao\/#article","isPartOf":{"@id":"https:\/\/mznoticia.com.br\/jaguariaiva\/falecimentos-obituario-desta-sexta-feira-21-em-ponta-grossa-e-regiao\/"},"author":{"name":"Redacao mz","@id":"https:\/\/mznoticia.com.br\/jaguariaiva\/#\/schema\/person\/84012d827247b3f42f37b550da79cd03"},"headline":"Falecimentos: obitu\u00e1rio desta sexta-feira (21) em Ponta Grossa e regi\u00e3o","datePublished":"2026-08-21T11:27:15+00:00","mainEntityOfPage":{"@id":"https:\/\/mznoticia.com.br\/jaguariaiva\/falecimentos-obituario-desta-sexta-feira-21-em-ponta-grossa-e-regiao\/"},"wordCount":207,"commentCount":0,"publisher":{"@id":"https:\/\/mznoticia.com.br\/jaguariaiva\/#organization"},"image":{"@id":"https:\/\/mznoticia.com.br\/jaguariaiva\/falecimentos-obituario-desta-sexta-feira-21-em-ponta-grossa-e-regiao\/#primaryimage"},"thumbnailUrl":"https:\/\/mznoticia.com.br\/jaguariaiva\/wp-content\/uploads\/2026\/08\/nota-falecimento-13.jpg","keywords":["Campos Gerais","destaque","Falecimentos","Iva\u00ed","Not\u00edcias de Ponta Grossa","Obitu\u00e1rio","Ponta Grossa","Sepultamentos","Servi\u00e7o Funer\u00e1rio"],"articleSection":["Falecimentos"],"inLanguage":"pt-BR","potentialAction":[{"@type":"CommentAction","name":"Comment","target":["https:\/\/mznoticia.com.br\/jaguariaiva\/falecimentos-obituario-desta-sexta-feira-21-em-ponta-grossa-e-regiao\/#respond"]}]},{"@type":"WebPage","@id":"https:\/\/mznoticia.com.br\/jaguariaiva\/falecimentos-obituario-desta-sexta-feira-21-em-ponta-grossa-e-regiao\/","url":"https:\/\/mznoticia.com.br\/jaguariaiva\/falecimentos-obituario-desta-sexta-feira-21-em-ponta-grossa-e-regiao\/","name":"Falecimentos: obitu\u00e1rio desta sexta-feira (21) em Ponta Grossa e regi\u00e3o - Mz Not\u00edcias","isPartOf":{"@id":"https:\/\/mznoticia.com.br\/jaguariaiva\/#website"},"primaryImageOfPage":{"@id":"https:\/\/mznoticia.com.br\/jaguariaiva\/falecimentos-obituario-desta-sexta-feira-21-em-ponta-grossa-e-regiao\/#primaryimage"},"image":{"@id":"https:\/\/mznoticia.com.br\/jaguariaiva\/falecimentos-obituario-desta-sexta-feira-21-em-ponta-grossa-e-regiao\/#primaryimage"},"thumbnailUrl":"https:\/\/mznoticia.com.br\/jaguariaiva\/wp-content\/uploads\/2026\/08\/nota-falecimento-13.jpg","datePublished":"2026-08-21T11:27:15+00:00","description":"Confira os falecimentos e sepultamentos previstos para esta sexta-feira (21) em Ponta Grossa e munic\u00edpios dos Campos Gerais.","breadcrumb":{"@id":"https:\/\/mznoticia.com.br\/jaguariaiva\/falecimentos-obituario-desta-sexta-feira-21-em-ponta-grossa-e-regiao\/#breadcrumb"},"inLanguage":"pt-BR","potentialAction":[{"@type":"ReadAction","target":["https:\/\/mznoticia.com.br\/jaguariaiva\/falecimentos-obituario-desta-sexta-feira-21-em-ponta-grossa-e-regiao\/"]}]},{"@type":"ImageObject","inLanguage":"pt-BR","@id":"https:\/\/mznoticia.com.br\/jaguariaiva\/falecimentos-obituario-desta-sexta-feira-21-em-ponta-grossa-e-regiao\/#primaryimage","url":"https:\/\/mznoticia.com.br\/jaguariaiva\/wp-content\/uploads\/2026\/08\/nota-falecimento-13.jpg","contentUrl":"https:\/\/mznoticia.com.br\/jaguariaiva\/wp-content\/uploads\/2026\/08\/nota-falecimento-13.jpg","width":1041,"height":1023},{"@type":"BreadcrumbList","@id":"https:\/\/mznoticia.com.br\/jaguariaiva\/falecimentos-obituario-desta-sexta-feira-21-em-ponta-grossa-e-regiao\/#breadcrumb","itemListElement":[{"@type":"ListItem","position":1,"name":"Home","item":"https:\/\/mznoticia.com.br\/jaguariaiva\/"},{"@type":"ListItem","position":2,"name":"Falecimentos: obitu\u00e1rio desta sexta-feira (21) em Ponta Grossa e regi\u00e3o"}]},{"@type":"WebSite","@id":"https:\/\/mznoticia.com.br\/jaguariaiva\/#website","url":"https:\/\/mznoticia.com.br\/jaguariaiva\/","name":"Mz Not\u00edcia","description":"A informa\u00e7\u00e3o que voc\u00ea precisa na hora certa!","publisher":{"@id":"https:\/\/mznoticia.com.br\/jaguariaiva\/#organization"},"potentialAction":[{"@type":"SearchAction","target":{"@type":"EntryPoint","urlTemplate":"https:\/\/mznoticia.com.br\/jaguariaiva\/?s={search_term_string}"},"query-input":{"@type":"PropertyValueSpecification","valueRequired":true,"valueName":"search_term_string"}}],"inLanguage":"pt-BR"},{"@type":"Organization","@id":"https:\/\/mznoticia.com.br\/jaguariaiva\/#organization","name":"Mz Not\u00edcia","url":"https:\/\/mznoticia.com.br\/jaguariaiva\/","logo":{"@type":"ImageObject","inLanguage":"pt-BR","@id":"https:\/\/mznoticia.com.br\/jaguariaiva\/#\/schema\/logo\/image\/","url":"https:\/\/mznoticia.com.br\/jaguariaiva\/wp-content\/uploads\/2025\/03\/Design-sem-nome-4-e1741200616392.png","contentUrl":"https:\/\/mznoticia.com.br\/jaguariaiva\/wp-content\/uploads\/2025\/03\/Design-sem-nome-4-e1741200616392.png","width":750,"height":563,"caption":"Mz Not\u00edcia"},"image":{"@id":"https:\/\/mznoticia.com.br\/jaguariaiva\/#\/schema\/logo\/image\/"},"sameAs":["https:\/\/www.facebook.com\/profile.php?id=61573479951222","https:\/\/www.instagram.com\/mz.jaguariaiva\/"]},{"@type":"Person","@id":"https:\/\/mznoticia.com.br\/jaguariaiva\/#\/schema\/person\/84012d827247b3f42f37b550da79cd03","name":"Redacao mz","image":{"@type":"ImageObject","inLanguage":"pt-BR","@id":"https:\/\/mznoticia.com.br\/jaguariaiva\/wp-content\/uploads\/2025\/02\/mznoticia_jaguariaiva_coluna-150x150.png","url":"https:\/\/mznoticia.com.br\/jaguariaiva\/wp-content\/uploads\/2025\/02\/mznoticia_jaguariaiva_coluna-150x150.png","contentUrl":"https:\/\/mznoticia.com.br\/jaguariaiva\/wp-content\/uploads\/2025\/02\/mznoticia_jaguariaiva_coluna-150x150.png","caption":"Redacao mz"},"sameAs":["http:\/\/mznoticia.com.br"],"url":"https:\/\/mznoticia.com.br\/jaguariaiva\/author\/lucimara\/"}]}},"_links":{"self":[{"href":"https:\/\/mznoticia.com.br\/jaguariaiva\/wp-json\/wp\/v2\/posts\/6871","targetHints":{"allow":["GET"]}}],"collection":[{"href":"https:\/\/mznoticia.com.br\/jaguariaiva\/wp-json\/wp\/v2\/posts"}],"about":[{"href":"https:\/\/mznoticia.com.br\/jaguariaiva\/wp-json\/wp\/v2\/types\/post"}],"author":[{"embeddable":true,"href":"https:\/\/mznoticia.com.br\/jaguariaiva\/wp-json\/wp\/v2\/users\/16"}],"replies":[{"embeddable":true,"href":"https:\/\/mznoticia.com.br\/jaguariaiva\/wp-json\/wp\/v2\/comments?post=6871"}],"version-history":[{"count":1,"href":"https:\/\/mznoticia.com.br\/jaguariaiva\/wp-json\/wp\/v2\/posts\/6871\/revisions"}],"predecessor-version":[{"id":6873,"href":"https:\/\/mznoticia.com.br\/jaguariaiva\/wp-json\/wp\/v2\/posts\/6871\/revisions\/6873"}],"wp:featuredmedia":[{"embeddable":true,"href":"https:\/\/mznoticia.com.br\/jaguariaiva\/wp-json\/wp\/v2\/media\/6872"}],"wp:attachment":[{"href":"https:\/\/mznoticia.com.br\/jaguariaiva\/wp-json\/wp\/v2\/media?parent=6871"}],"wp:term":[{"taxonomy":"category","embeddable":true,"href":"https:\/\/mznoticia.com.br\/jaguariaiva\/wp-json\/wp\/v2\/categories?post=6871"},{"taxonomy":"post_tag","embeddable":true,"href":"https:\/\/mznoticia.com.br\/jaguariaiva\/wp-json\/wp\/v2\/tags?post=6871"}],"curies":[{"name":"wp","href":"https:\/\/api.w.org\/{rel}","templated":true}]}}