{"id":6885,"date":"2026-08-21T13:39:44","date_gmt":"2026-08-21T13:39:44","guid":{"rendered":"https:\/\/mznoticia.com.br\/jaguariaiva\/?p=6885"},"modified":"2026-08-21T13:39:44","modified_gmt":"2026-08-21T13:39:44","slug":"parana-recebe-alerta-de-geadas-apos-veranico-com-temperaturas-acima-de-36c","status":"publish","type":"post","link":"https:\/\/mznoticia.com.br\/jaguariaiva\/parana-recebe-alerta-de-geadas-apos-veranico-com-temperaturas-acima-de-36c\/","title":{"rendered":"Paran\u00e1 recebe alerta de geadas ap\u00f3s veranico com temperaturas acima de 36\u00b0C"},"content":{"rendered":"<h3 class=\"PDq2pG_selectionAnchorContainer\" data-section-id=\"uhb483\" data-start=\"79\" data-end=\"236\">Massa de ar polar derruba as temperaturas no estado; m\u00ednima chegou a 4,2\u00b0C nesta sexta-feira e geadas podem ocorrer no Centro-Sul durante o fim de semana<\/h3>\n<p data-start=\"238\" data-end=\"533\">Ap\u00f3s uma semana marcada por <strong data-start=\"266\" data-end=\"296\">temperaturas acima de 36\u00b0C<\/strong>, o Paran\u00e1 come\u00e7ou a registrar uma mudan\u00e7a significativa no tempo. A chegada de uma massa de ar frio de origem polar derrubou as temperaturas e colocou o estado em <strong data-start=\"460\" data-end=\"532\">alerta para possibilidade de geadas neste s\u00e1bado (22) e domingo (23)<\/strong>.<\/p>\n<p data-start=\"535\" data-end=\"630\">Nesta sexta-feira (21), a temperatura chegou a <strong data-start=\"582\" data-end=\"611\">4,2\u00b0C em General Carneiro<\/strong>, no Sul do Paran\u00e1.<\/p>\n<h2 data-section-id=\"7mdzz7\" data-start=\"632\" data-end=\"660\">Frio aumenta neste s\u00e1bado<\/h2>\n<p data-start=\"662\" data-end=\"867\">A previs\u00e3o indica que o frio deve se espalhar pelo estado neste s\u00e1bado. As temperaturas m\u00ednimas devem ficar <strong data-start=\"770\" data-end=\"810\">abaixo de 5\u00b0C em \u00e1reas do Centro-Sul<\/strong>, principalmente em regi\u00f5es serranas e de maior altitude.<\/p>\n<p data-start=\"869\" data-end=\"1036\">Nessas \u00e1reas, h\u00e1 possibilidade de <strong data-start=\"903\" data-end=\"932\">forma\u00e7\u00e3o de geadas fracas<\/strong>. Apesar do frio, o tempo deve permanecer firme na maior parte do Paran\u00e1, com pouca ocorr\u00eancia de chuva.<\/p>\n<h2 data-section-id=\"1cl1pw6\" data-start=\"1038\" data-end=\"1079\">Domingo ainda ter\u00e1 temperaturas baixas<\/h2>\n<p data-start=\"1081\" data-end=\"1244\">No domingo (23), a massa de ar polar continuar\u00e1 influenciando o Paran\u00e1. As temperaturas permanecer\u00e3o baixas principalmente durante a madrugada e o in\u00edcio da manh\u00e3.<\/p>\n<p data-start=\"1246\" data-end=\"1406\">As regi\u00f5es de maior altitude devem registrar novamente um amanhecer bastante frio, enquanto o tempo seguir\u00e1 predominantemente est\u00e1vel em grande parte do estado.<\/p>\n<h2 data-section-id=\"1nei6gq\" data-start=\"1408\" data-end=\"1456\">Segunda-feira ter\u00e1 manh\u00e3 gelada e tarde amena<\/h2>\n<p data-start=\"1458\" data-end=\"1608\">Na segunda-feira (24), o padr\u00e3o de tempo firme deve continuar. A previs\u00e3o indica <strong data-start=\"1539\" data-end=\"1607\">amanhecer mais gelado e temperaturas mais amenas durante a tarde<\/strong>.<\/p>\n<p data-start=\"1610\" data-end=\"1751\">No litoral, a circula\u00e7\u00e3o mar\u00edtima pode manter o c\u00e9u mais encoberto e n\u00e3o est\u00e1 descartada a ocorr\u00eancia de pancadas isoladas e fracas de chuva.<\/p>\n<h3 data-section-id=\"kwrkbm\" data-start=\"1753\" data-end=\"1777\">Previs\u00e3o por per\u00edodo<\/h3>\n<p data-start=\"1779\" data-end=\"1893\"><strong data-start=\"1779\" data-end=\"1800\">Sexta-feira (21):<\/strong> queda generalizada das temperaturas ap\u00f3s a passagem de uma frente fria e avan\u00e7o do ar polar.<\/p>\n<p data-start=\"1895\" data-end=\"2003\"><strong data-start=\"1895\" data-end=\"1911\">S\u00e1bado (22):<\/strong> frio intenso pela manh\u00e3, com possibilidade de geadas no extremo Sul e Centro-Sul do Paran\u00e1.<\/p>\n<p data-start=\"2005\" data-end=\"2129\"><strong data-start=\"2005\" data-end=\"2022\">Domingo (23):<\/strong> temperaturas baixas, principalmente durante a madrugada e manh\u00e3, com tempo firme na maior parte do estado.<\/p>\n<p data-start=\"2131\" data-end=\"2235\"><strong data-start=\"2131\" data-end=\"2154\">Segunda-feira (24):<\/strong> manh\u00e3 fria e tarde amena, com possibilidade de chuva fraca e isolada no litoral.<\/p>\n","protected":false},"excerpt":{"rendered":"<p>Massa de ar polar derruba as temperaturas no estado; m\u00ednima chegou a 4,2\u00b0C nesta sexta-feira e geadas podem ocorrer no Centro-Sul durante o fim de semana Ap\u00f3s uma semana marcada por temperaturas acima de 36\u00b0C, o Paran\u00e1 come\u00e7ou a registrar uma mudan\u00e7a significativa no tempo. A chegada de uma massa de ar frio de origem [&hellip;]<\/p>\n","protected":false},"author":16,"featured_media":6886,"comment_status":"open","ping_status":"open","sticky":false,"template":"","format":"standard","meta":{"footnotes":""},"categories":[328,1217],"tags":[2495,314,2498,431,1938,2494,2497,2307,860,399,77,24,783,2496,1936],"class_list":["post-6885","post","type-post","status-publish","format-standard","has-post-thumbnail","hentry","category-parana","category-previsao-do-tempo","tag-alerta-de-geada","tag-campos-gerais","tag-centro-sul","tag-clima","tag-frio","tag-geadas","tag-general-carneiro","tag-massa-de-ar-polar","tag-meteorologia","tag-mz-noticias","tag-parana","tag-ponta-grossa","tag-previsao-do-tempo","tag-temperaturas-baixas","tag-veranico"],"yoast_head":"<!-- This site is optimized with the Yoast SEO plugin v28.1 - https:\/\/yoast.com\/product\/yoast-seo-wordpress\/ -->\n<title>Paran\u00e1 recebe alerta de geadas ap\u00f3s veranico com temperaturas acima de 36\u00b0C - Mz Not\u00edcias<\/title>\n<meta name=\"description\" content=\"Paran\u00e1 recebe alerta de geadas para s\u00e1bado e domingo ap\u00f3s veranico. Temperatura chegou a 4,2\u00b0C e frio deve atingir principalmente o Centro-Sul.\" \/>\n<meta name=\"robots\" content=\"index, follow, max-snippet:-1, max-image-preview:large, max-video-preview:-1\" \/>\n<link rel=\"canonical\" href=\"https:\/\/mznoticia.com.br\/jaguariaiva\/parana-recebe-alerta-de-geadas-apos-veranico-com-temperaturas-acima-de-36c\/\" \/>\n<meta property=\"og:locale\" content=\"pt_BR\" \/>\n<meta property=\"og:type\" content=\"article\" \/>\n<meta property=\"og:title\" content=\"Paran\u00e1 recebe alerta de geadas ap\u00f3s veranico com temperaturas acima de 36\u00b0C - Mz Not\u00edcias\" \/>\n<meta property=\"og:description\" content=\"Paran\u00e1 recebe alerta de geadas para s\u00e1bado e domingo ap\u00f3s veranico. Temperatura chegou a 4,2\u00b0C e frio deve atingir principalmente o Centro-Sul.\" \/>\n<meta property=\"og:url\" content=\"https:\/\/mznoticia.com.br\/jaguariaiva\/parana-recebe-alerta-de-geadas-apos-veranico-com-temperaturas-acima-de-36c\/\" \/>\n<meta property=\"og:site_name\" content=\"Mz Not\u00edcias\" \/>\n<meta property=\"article:publisher\" content=\"https:\/\/www.facebook.com\/profile.php?id=61573479951222\" \/>\n<meta property=\"article:published_time\" content=\"2026-08-21T13:39:44+00:00\" \/>\n<meta property=\"og:image\" content=\"https:\/\/mznoticia.com.br\/jaguariaiva\/wp-content\/uploads\/2026\/08\/10-12.jpg\" \/>\n\t<meta property=\"og:image:width\" content=\"739\" \/>\n\t<meta property=\"og:image:height\" content=\"415\" \/>\n\t<meta property=\"og:image:type\" content=\"image\/jpeg\" \/>\n<meta name=\"author\" content=\"Redacao mz\" \/>\n<meta name=\"twitter:card\" content=\"summary_large_image\" \/>\n<meta name=\"twitter:label1\" content=\"Escrito por\" \/>\n\t<meta name=\"twitter:data1\" content=\"Redacao mz\" \/>\n\t<meta name=\"twitter:label2\" content=\"Est. tempo de leitura\" \/>\n\t<meta name=\"twitter:data2\" content=\"3 minutos\" \/>\n<script type=\"application\/ld+json\" class=\"yoast-schema-graph\">{\"@context\":\"https:\\\/\\\/schema.org\",\"@graph\":[{\"@type\":\"Article\",\"@id\":\"https:\\\/\\\/mznoticia.com.br\\\/jaguariaiva\\\/parana-recebe-alerta-de-geadas-apos-veranico-com-temperaturas-acima-de-36c\\\/#article\",\"isPartOf\":{\"@id\":\"https:\\\/\\\/mznoticia.com.br\\\/jaguariaiva\\\/parana-recebe-alerta-de-geadas-apos-veranico-com-temperaturas-acima-de-36c\\\/\"},\"author\":{\"name\":\"Redacao mz\",\"@id\":\"https:\\\/\\\/mznoticia.com.br\\\/jaguariaiva\\\/#\\\/schema\\\/person\\\/84012d827247b3f42f37b550da79cd03\"},\"headline\":\"Paran\u00e1 recebe alerta de geadas ap\u00f3s veranico com temperaturas acima de 36\u00b0C\",\"datePublished\":\"2026-08-21T13:39:44+00:00\",\"mainEntityOfPage\":{\"@id\":\"https:\\\/\\\/mznoticia.com.br\\\/jaguariaiva\\\/parana-recebe-alerta-de-geadas-apos-veranico-com-temperaturas-acima-de-36c\\\/\"},\"wordCount\":365,\"commentCount\":0,\"publisher\":{\"@id\":\"https:\\\/\\\/mznoticia.com.br\\\/jaguariaiva\\\/#organization\"},\"image\":{\"@id\":\"https:\\\/\\\/mznoticia.com.br\\\/jaguariaiva\\\/parana-recebe-alerta-de-geadas-apos-veranico-com-temperaturas-acima-de-36c\\\/#primaryimage\"},\"thumbnailUrl\":\"https:\\\/\\\/mznoticia.com.br\\\/jaguariaiva\\\/wp-content\\\/uploads\\\/2026\\\/08\\\/10-12.jpg\",\"keywords\":[\"alerta de geada\",\"Campos Gerais\",\"Centro-Sul\",\"Clima\",\"frio\",\"geadas\",\"General Carneiro\",\"massa de ar polar\",\"Meteorologia\",\"MZ Not\u00edcias.\",\"parana\",\"Ponta Grossa\",\"Previs\u00e3o do Tempo\",\"temperaturas baixas\",\"veranico\"],\"articleSection\":[\"Paran\u00e1\",\"Previs\u00e3o do Tempo\"],\"inLanguage\":\"pt-BR\",\"potentialAction\":[{\"@type\":\"CommentAction\",\"name\":\"Comment\",\"target\":[\"https:\\\/\\\/mznoticia.com.br\\\/jaguariaiva\\\/parana-recebe-alerta-de-geadas-apos-veranico-com-temperaturas-acima-de-36c\\\/#respond\"]}]},{\"@type\":\"WebPage\",\"@id\":\"https:\\\/\\\/mznoticia.com.br\\\/jaguariaiva\\\/parana-recebe-alerta-de-geadas-apos-veranico-com-temperaturas-acima-de-36c\\\/\",\"url\":\"https:\\\/\\\/mznoticia.com.br\\\/jaguariaiva\\\/parana-recebe-alerta-de-geadas-apos-veranico-com-temperaturas-acima-de-36c\\\/\",\"name\":\"Paran\u00e1 recebe alerta de geadas ap\u00f3s veranico com temperaturas acima de 36\u00b0C - Mz Not\u00edcias\",\"isPartOf\":{\"@id\":\"https:\\\/\\\/mznoticia.com.br\\\/jaguariaiva\\\/#website\"},\"primaryImageOfPage\":{\"@id\":\"https:\\\/\\\/mznoticia.com.br\\\/jaguariaiva\\\/parana-recebe-alerta-de-geadas-apos-veranico-com-temperaturas-acima-de-36c\\\/#primaryimage\"},\"image\":{\"@id\":\"https:\\\/\\\/mznoticia.com.br\\\/jaguariaiva\\\/parana-recebe-alerta-de-geadas-apos-veranico-com-temperaturas-acima-de-36c\\\/#primaryimage\"},\"thumbnailUrl\":\"https:\\\/\\\/mznoticia.com.br\\\/jaguariaiva\\\/wp-content\\\/uploads\\\/2026\\\/08\\\/10-12.jpg\",\"datePublished\":\"2026-08-21T13:39:44+00:00\",\"description\":\"Paran\u00e1 recebe alerta de geadas para s\u00e1bado e domingo ap\u00f3s veranico. Temperatura chegou a 4,2\u00b0C e frio deve atingir principalmente o Centro-Sul.\",\"breadcrumb\":{\"@id\":\"https:\\\/\\\/mznoticia.com.br\\\/jaguariaiva\\\/parana-recebe-alerta-de-geadas-apos-veranico-com-temperaturas-acima-de-36c\\\/#breadcrumb\"},\"inLanguage\":\"pt-BR\",\"potentialAction\":[{\"@type\":\"ReadAction\",\"target\":[\"https:\\\/\\\/mznoticia.com.br\\\/jaguariaiva\\\/parana-recebe-alerta-de-geadas-apos-veranico-com-temperaturas-acima-de-36c\\\/\"]}]},{\"@type\":\"ImageObject\",\"inLanguage\":\"pt-BR\",\"@id\":\"https:\\\/\\\/mznoticia.com.br\\\/jaguariaiva\\\/parana-recebe-alerta-de-geadas-apos-veranico-com-temperaturas-acima-de-36c\\\/#primaryimage\",\"url\":\"https:\\\/\\\/mznoticia.com.br\\\/jaguariaiva\\\/wp-content\\\/uploads\\\/2026\\\/08\\\/10-12.jpg\",\"contentUrl\":\"https:\\\/\\\/mznoticia.com.br\\\/jaguariaiva\\\/wp-content\\\/uploads\\\/2026\\\/08\\\/10-12.jpg\",\"width\":739,\"height\":415},{\"@type\":\"BreadcrumbList\",\"@id\":\"https:\\\/\\\/mznoticia.com.br\\\/jaguariaiva\\\/parana-recebe-alerta-de-geadas-apos-veranico-com-temperaturas-acima-de-36c\\\/#breadcrumb\",\"itemListElement\":[{\"@type\":\"ListItem\",\"position\":1,\"name\":\"Home\",\"item\":\"https:\\\/\\\/mznoticia.com.br\\\/jaguariaiva\\\/\"},{\"@type\":\"ListItem\",\"position\":2,\"name\":\"Paran\u00e1 recebe alerta de geadas ap\u00f3s veranico com temperaturas acima de 36\u00b0C\"}]},{\"@type\":\"WebSite\",\"@id\":\"https:\\\/\\\/mznoticia.com.br\\\/jaguariaiva\\\/#website\",\"url\":\"https:\\\/\\\/mznoticia.com.br\\\/jaguariaiva\\\/\",\"name\":\"Mz Not\u00edcia\",\"description\":\"A informa\u00e7\u00e3o que voc\u00ea precisa na hora certa!\",\"publisher\":{\"@id\":\"https:\\\/\\\/mznoticia.com.br\\\/jaguariaiva\\\/#organization\"},\"potentialAction\":[{\"@type\":\"SearchAction\",\"target\":{\"@type\":\"EntryPoint\",\"urlTemplate\":\"https:\\\/\\\/mznoticia.com.br\\\/jaguariaiva\\\/?s={search_term_string}\"},\"query-input\":{\"@type\":\"PropertyValueSpecification\",\"valueRequired\":true,\"valueName\":\"search_term_string\"}}],\"inLanguage\":\"pt-BR\"},{\"@type\":\"Organization\",\"@id\":\"https:\\\/\\\/mznoticia.com.br\\\/jaguariaiva\\\/#organization\",\"name\":\"Mz Not\u00edcia\",\"url\":\"https:\\\/\\\/mznoticia.com.br\\\/jaguariaiva\\\/\",\"logo\":{\"@type\":\"ImageObject\",\"inLanguage\":\"pt-BR\",\"@id\":\"https:\\\/\\\/mznoticia.com.br\\\/jaguariaiva\\\/#\\\/schema\\\/logo\\\/image\\\/\",\"url\":\"https:\\\/\\\/mznoticia.com.br\\\/jaguariaiva\\\/wp-content\\\/uploads\\\/2025\\\/03\\\/Design-sem-nome-4-e1741200616392.png\",\"contentUrl\":\"https:\\\/\\\/mznoticia.com.br\\\/jaguariaiva\\\/wp-content\\\/uploads\\\/2025\\\/03\\\/Design-sem-nome-4-e1741200616392.png\",\"width\":750,\"height\":563,\"caption\":\"Mz Not\u00edcia\"},\"image\":{\"@id\":\"https:\\\/\\\/mznoticia.com.br\\\/jaguariaiva\\\/#\\\/schema\\\/logo\\\/image\\\/\"},\"sameAs\":[\"https:\\\/\\\/www.facebook.com\\\/profile.php?id=61573479951222\",\"https:\\\/\\\/www.instagram.com\\\/mz.jaguariaiva\\\/\"]},{\"@type\":\"Person\",\"@id\":\"https:\\\/\\\/mznoticia.com.br\\\/jaguariaiva\\\/#\\\/schema\\\/person\\\/84012d827247b3f42f37b550da79cd03\",\"name\":\"Redacao mz\",\"image\":{\"@type\":\"ImageObject\",\"inLanguage\":\"pt-BR\",\"@id\":\"https:\\\/\\\/mznoticia.com.br\\\/jaguariaiva\\\/wp-content\\\/uploads\\\/2025\\\/02\\\/mznoticia_jaguariaiva_coluna-150x150.png\",\"url\":\"https:\\\/\\\/mznoticia.com.br\\\/jaguariaiva\\\/wp-content\\\/uploads\\\/2025\\\/02\\\/mznoticia_jaguariaiva_coluna-150x150.png\",\"contentUrl\":\"https:\\\/\\\/mznoticia.com.br\\\/jaguariaiva\\\/wp-content\\\/uploads\\\/2025\\\/02\\\/mznoticia_jaguariaiva_coluna-150x150.png\",\"caption\":\"Redacao mz\"},\"sameAs\":[\"http:\\\/\\\/mznoticia.com.br\"],\"url\":\"https:\\\/\\\/mznoticia.com.br\\\/jaguariaiva\\\/author\\\/lucimara\\\/\"}]}<\/script>\n<!-- \/ Yoast SEO plugin. -->","yoast_head_json":{"title":"Paran\u00e1 recebe alerta de geadas ap\u00f3s veranico com temperaturas acima de 36\u00b0C - Mz Not\u00edcias","description":"Paran\u00e1 recebe alerta de geadas para s\u00e1bado e domingo ap\u00f3s veranico. Temperatura chegou a 4,2\u00b0C e frio deve atingir principalmente o Centro-Sul.","robots":{"index":"index","follow":"follow","max-snippet":"max-snippet:-1","max-image-preview":"max-image-preview:large","max-video-preview":"max-video-preview:-1"},"canonical":"https:\/\/mznoticia.com.br\/jaguariaiva\/parana-recebe-alerta-de-geadas-apos-veranico-com-temperaturas-acima-de-36c\/","og_locale":"pt_BR","og_type":"article","og_title":"Paran\u00e1 recebe alerta de geadas ap\u00f3s veranico com temperaturas acima de 36\u00b0C - Mz Not\u00edcias","og_description":"Paran\u00e1 recebe alerta de geadas para s\u00e1bado e domingo ap\u00f3s veranico. Temperatura chegou a 4,2\u00b0C e frio deve atingir principalmente o Centro-Sul.","og_url":"https:\/\/mznoticia.com.br\/jaguariaiva\/parana-recebe-alerta-de-geadas-apos-veranico-com-temperaturas-acima-de-36c\/","og_site_name":"Mz Not\u00edcias","article_publisher":"https:\/\/www.facebook.com\/profile.php?id=61573479951222","article_published_time":"2026-08-21T13:39:44+00:00","og_image":[{"width":739,"height":415,"url":"https:\/\/mznoticia.com.br\/jaguariaiva\/wp-content\/uploads\/2026\/08\/10-12.jpg","type":"image\/jpeg"}],"author":"Redacao mz","twitter_card":"summary_large_image","twitter_misc":{"Escrito por":"Redacao mz","Est. tempo de leitura":"3 minutos"},"schema":{"@context":"https:\/\/schema.org","@graph":[{"@type":"Article","@id":"https:\/\/mznoticia.com.br\/jaguariaiva\/parana-recebe-alerta-de-geadas-apos-veranico-com-temperaturas-acima-de-36c\/#article","isPartOf":{"@id":"https:\/\/mznoticia.com.br\/jaguariaiva\/parana-recebe-alerta-de-geadas-apos-veranico-com-temperaturas-acima-de-36c\/"},"author":{"name":"Redacao mz","@id":"https:\/\/mznoticia.com.br\/jaguariaiva\/#\/schema\/person\/84012d827247b3f42f37b550da79cd03"},"headline":"Paran\u00e1 recebe alerta de geadas ap\u00f3s veranico com temperaturas acima de 36\u00b0C","datePublished":"2026-08-21T13:39:44+00:00","mainEntityOfPage":{"@id":"https:\/\/mznoticia.com.br\/jaguariaiva\/parana-recebe-alerta-de-geadas-apos-veranico-com-temperaturas-acima-de-36c\/"},"wordCount":365,"commentCount":0,"publisher":{"@id":"https:\/\/mznoticia.com.br\/jaguariaiva\/#organization"},"image":{"@id":"https:\/\/mznoticia.com.br\/jaguariaiva\/parana-recebe-alerta-de-geadas-apos-veranico-com-temperaturas-acima-de-36c\/#primaryimage"},"thumbnailUrl":"https:\/\/mznoticia.com.br\/jaguariaiva\/wp-content\/uploads\/2026\/08\/10-12.jpg","keywords":["alerta de geada","Campos Gerais","Centro-Sul","Clima","frio","geadas","General Carneiro","massa de ar polar","Meteorologia","MZ Not\u00edcias.","parana","Ponta Grossa","Previs\u00e3o do Tempo","temperaturas baixas","veranico"],"articleSection":["Paran\u00e1","Previs\u00e3o do Tempo"],"inLanguage":"pt-BR","potentialAction":[{"@type":"CommentAction","name":"Comment","target":["https:\/\/mznoticia.com.br\/jaguariaiva\/parana-recebe-alerta-de-geadas-apos-veranico-com-temperaturas-acima-de-36c\/#respond"]}]},{"@type":"WebPage","@id":"https:\/\/mznoticia.com.br\/jaguariaiva\/parana-recebe-alerta-de-geadas-apos-veranico-com-temperaturas-acima-de-36c\/","url":"https:\/\/mznoticia.com.br\/jaguariaiva\/parana-recebe-alerta-de-geadas-apos-veranico-com-temperaturas-acima-de-36c\/","name":"Paran\u00e1 recebe alerta de geadas ap\u00f3s veranico com temperaturas acima de 36\u00b0C - Mz Not\u00edcias","isPartOf":{"@id":"https:\/\/mznoticia.com.br\/jaguariaiva\/#website"},"primaryImageOfPage":{"@id":"https:\/\/mznoticia.com.br\/jaguariaiva\/parana-recebe-alerta-de-geadas-apos-veranico-com-temperaturas-acima-de-36c\/#primaryimage"},"image":{"@id":"https:\/\/mznoticia.com.br\/jaguariaiva\/parana-recebe-alerta-de-geadas-apos-veranico-com-temperaturas-acima-de-36c\/#primaryimage"},"thumbnailUrl":"https:\/\/mznoticia.com.br\/jaguariaiva\/wp-content\/uploads\/2026\/08\/10-12.jpg","datePublished":"2026-08-21T13:39:44+00:00","description":"Paran\u00e1 recebe alerta de geadas para s\u00e1bado e domingo ap\u00f3s veranico. Temperatura chegou a 4,2\u00b0C e frio deve atingir principalmente o Centro-Sul.","breadcrumb":{"@id":"https:\/\/mznoticia.com.br\/jaguariaiva\/parana-recebe-alerta-de-geadas-apos-veranico-com-temperaturas-acima-de-36c\/#breadcrumb"},"inLanguage":"pt-BR","potentialAction":[{"@type":"ReadAction","target":["https:\/\/mznoticia.com.br\/jaguariaiva\/parana-recebe-alerta-de-geadas-apos-veranico-com-temperaturas-acima-de-36c\/"]}]},{"@type":"ImageObject","inLanguage":"pt-BR","@id":"https:\/\/mznoticia.com.br\/jaguariaiva\/parana-recebe-alerta-de-geadas-apos-veranico-com-temperaturas-acima-de-36c\/#primaryimage","url":"https:\/\/mznoticia.com.br\/jaguariaiva\/wp-content\/uploads\/2026\/08\/10-12.jpg","contentUrl":"https:\/\/mznoticia.com.br\/jaguariaiva\/wp-content\/uploads\/2026\/08\/10-12.jpg","width":739,"height":415},{"@type":"BreadcrumbList","@id":"https:\/\/mznoticia.com.br\/jaguariaiva\/parana-recebe-alerta-de-geadas-apos-veranico-com-temperaturas-acima-de-36c\/#breadcrumb","itemListElement":[{"@type":"ListItem","position":1,"name":"Home","item":"https:\/\/mznoticia.com.br\/jaguariaiva\/"},{"@type":"ListItem","position":2,"name":"Paran\u00e1 recebe alerta de geadas ap\u00f3s veranico com temperaturas acima de 36\u00b0C"}]},{"@type":"WebSite","@id":"https:\/\/mznoticia.com.br\/jaguariaiva\/#website","url":"https:\/\/mznoticia.com.br\/jaguariaiva\/","name":"Mz Not\u00edcia","description":"A informa\u00e7\u00e3o que voc\u00ea precisa na hora certa!","publisher":{"@id":"https:\/\/mznoticia.com.br\/jaguariaiva\/#organization"},"potentialAction":[{"@type":"SearchAction","target":{"@type":"EntryPoint","urlTemplate":"https:\/\/mznoticia.com.br\/jaguariaiva\/?s={search_term_string}"},"query-input":{"@type":"PropertyValueSpecification","valueRequired":true,"valueName":"search_term_string"}}],"inLanguage":"pt-BR"},{"@type":"Organization","@id":"https:\/\/mznoticia.com.br\/jaguariaiva\/#organization","name":"Mz Not\u00edcia","url":"https:\/\/mznoticia.com.br\/jaguariaiva\/","logo":{"@type":"ImageObject","inLanguage":"pt-BR","@id":"https:\/\/mznoticia.com.br\/jaguariaiva\/#\/schema\/logo\/image\/","url":"https:\/\/mznoticia.com.br\/jaguariaiva\/wp-content\/uploads\/2025\/03\/Design-sem-nome-4-e1741200616392.png","contentUrl":"https:\/\/mznoticia.com.br\/jaguariaiva\/wp-content\/uploads\/2025\/03\/Design-sem-nome-4-e1741200616392.png","width":750,"height":563,"caption":"Mz Not\u00edcia"},"image":{"@id":"https:\/\/mznoticia.com.br\/jaguariaiva\/#\/schema\/logo\/image\/"},"sameAs":["https:\/\/www.facebook.com\/profile.php?id=61573479951222","https:\/\/www.instagram.com\/mz.jaguariaiva\/"]},{"@type":"Person","@id":"https:\/\/mznoticia.com.br\/jaguariaiva\/#\/schema\/person\/84012d827247b3f42f37b550da79cd03","name":"Redacao mz","image":{"@type":"ImageObject","inLanguage":"pt-BR","@id":"https:\/\/mznoticia.com.br\/jaguariaiva\/wp-content\/uploads\/2025\/02\/mznoticia_jaguariaiva_coluna-150x150.png","url":"https:\/\/mznoticia.com.br\/jaguariaiva\/wp-content\/uploads\/2025\/02\/mznoticia_jaguariaiva_coluna-150x150.png","contentUrl":"https:\/\/mznoticia.com.br\/jaguariaiva\/wp-content\/uploads\/2025\/02\/mznoticia_jaguariaiva_coluna-150x150.png","caption":"Redacao mz"},"sameAs":["http:\/\/mznoticia.com.br"],"url":"https:\/\/mznoticia.com.br\/jaguariaiva\/author\/lucimara\/"}]}},"_links":{"self":[{"href":"https:\/\/mznoticia.com.br\/jaguariaiva\/wp-json\/wp\/v2\/posts\/6885","targetHints":{"allow":["GET"]}}],"collection":[{"href":"https:\/\/mznoticia.com.br\/jaguariaiva\/wp-json\/wp\/v2\/posts"}],"about":[{"href":"https:\/\/mznoticia.com.br\/jaguariaiva\/wp-json\/wp\/v2\/types\/post"}],"author":[{"embeddable":true,"href":"https:\/\/mznoticia.com.br\/jaguariaiva\/wp-json\/wp\/v2\/users\/16"}],"replies":[{"embeddable":true,"href":"https:\/\/mznoticia.com.br\/jaguariaiva\/wp-json\/wp\/v2\/comments?post=6885"}],"version-history":[{"count":1,"href":"https:\/\/mznoticia.com.br\/jaguariaiva\/wp-json\/wp\/v2\/posts\/6885\/revisions"}],"predecessor-version":[{"id":6887,"href":"https:\/\/mznoticia.com.br\/jaguariaiva\/wp-json\/wp\/v2\/posts\/6885\/revisions\/6887"}],"wp:featuredmedia":[{"embeddable":true,"href":"https:\/\/mznoticia.com.br\/jaguariaiva\/wp-json\/wp\/v2\/media\/6886"}],"wp:attachment":[{"href":"https:\/\/mznoticia.com.br\/jaguariaiva\/wp-json\/wp\/v2\/media?parent=6885"}],"wp:term":[{"taxonomy":"category","embeddable":true,"href":"https:\/\/mznoticia.com.br\/jaguariaiva\/wp-json\/wp\/v2\/categories?post=6885"},{"taxonomy":"post_tag","embeddable":true,"href":"https:\/\/mznoticia.com.br\/jaguariaiva\/wp-json\/wp\/v2\/tags?post=6885"}],"curies":[{"name":"wp","href":"https:\/\/api.w.org\/{rel}","templated":true}]}}