{"id":6916,"date":"2026-08-21T17:54:48","date_gmt":"2026-08-21T17:54:48","guid":{"rendered":"https:\/\/mznoticia.com.br\/jaguariaiva\/?p=6916"},"modified":"2026-08-21T17:54:48","modified_gmt":"2026-08-21T17:54:48","slug":"suspeito-de-matar-primas-desaparecidas-no-parana-e-morto-em-confronto-com-a-policia","status":"publish","type":"post","link":"https:\/\/mznoticia.com.br\/jaguariaiva\/suspeito-de-matar-primas-desaparecidas-no-parana-e-morto-em-confronto-com-a-policia\/","title":{"rendered":"Suspeito de matar primas desaparecidas no Paran\u00e1 \u00e9 morto em confronto com a pol\u00edcia"},"content":{"rendered":"<p class=\"PDq2pG_selectionAnchorContainer\" data-start=\"284\" data-end=\"506\">A Pol\u00edcia Civil do Paran\u00e1 (PCPR) localizou, nesta sexta-feira (21), <strong data-start=\"352\" data-end=\"460\">dois suspeitos de envolvimento na morte das primas Letycia Garcia Mendes e Sttela Dalva Melegari Almeida<\/strong>, ambas de 18 anos, desaparecidas desde abril.<\/p>\n<p data-start=\"508\" data-end=\"703\">Durante a abordagem, um dos investigados tentou fugir pelo telhado de uma resid\u00eancia e foi localizado com o aux\u00edlio de um drone. Houve confronto com os policiais, e o homem foi atingido e morreu.<\/p>\n<p data-start=\"705\" data-end=\"777\">O segundo suspeito foi preso e encaminhado para os procedimentos legais.<\/p>\n<p data-start=\"779\" data-end=\"904\">No mesmo dia, os <strong data-start=\"796\" data-end=\"880\">corpos das duas jovens foram encontrados em uma \u00e1rea de mata em Para\u00edso do Norte<\/strong>, no Noroeste do Paran\u00e1.<\/p>\n<h3 data-section-id=\"18plxkz\" data-start=\"906\" data-end=\"954\">Primas desapareceram ap\u00f3s sa\u00edrem de Cianorte<\/h3>\n<p data-start=\"956\" data-end=\"1181\">Letycia e Sttela desapareceram ap\u00f3s deixarem <strong data-start=\"1001\" data-end=\"1013\">Cianorte<\/strong>. Segundo as investiga\u00e7\u00f5es, elas foram vistas pela \u00faltima vez acompanhadas de Clayton Antonio da Silva Cruz, de 39 anos, que teria utilizado o nome falso de <strong data-start=\"1170\" data-end=\"1180\">\u201cDavi\u201d<\/strong>.<\/p>\n<p data-start=\"1183\" data-end=\"1295\">Clayton tamb\u00e9m era conhecido pelos apelidos de <strong data-start=\"1230\" data-end=\"1253\">\u201cSagaz\u201d e \u201cDog Dog\u201d<\/strong> e frequentava festas e baladas na regi\u00e3o.<\/p>\n<h3 data-section-id=\"3trlmt\" data-start=\"1297\" data-end=\"1339\">Suspeito j\u00e1 era procurado pela Justi\u00e7a<\/h3>\n<p data-start=\"1341\" data-end=\"1480\">Antes mesmo do desaparecimento das jovens, Clayton j\u00e1 tinha um <strong data-start=\"1404\" data-end=\"1479\">mandado de pris\u00e3o relacionado a um roubo cometido em 2023, em Apucarana<\/strong>.<\/p>\n<p data-start=\"1482\" data-end=\"1710\">Durante a investiga\u00e7\u00e3o, a pol\u00edcia descobriu que ele havia passado por Maring\u00e1. Em <strong data-start=\"1564\" data-end=\"1579\">29 de abril<\/strong>, foi expedido um novo mandado de pris\u00e3o contra Clayton pelos crimes de roubo e homic\u00eddio, e ele passou a ser considerado foragido.<\/p>\n<h3 data-section-id=\"tt7qp5\" data-start=\"1712\" data-end=\"1747\">Investiga\u00e7\u00e3o durou quatro meses<\/h3>\n<p data-start=\"1749\" data-end=\"1967\">A investiga\u00e7\u00e3o avan\u00e7ou ao longo dos meses. Em <strong data-start=\"1795\" data-end=\"1817\">23 de abril, \u00e0s 9h<\/strong>, foi registrada a \u00faltima conex\u00e3o de Clayton \u00e0 internet. No dia seguinte, a pol\u00edcia identificou registros indicando que ele havia passado por Maring\u00e1.<\/p>\n<p data-start=\"1969\" data-end=\"2206\">Em <strong data-start=\"1972\" data-end=\"1986\">15 de maio<\/strong>, a ex-companheira do suspeito, de 23 anos, foi presa temporariamente em Paragua\u00e7u Paulista, no interior de S\u00e3o Paulo. Segundo a investiga\u00e7\u00e3o, ela \u00e9 suspeita de ter fornecido <strong data-start=\"2161\" data-end=\"2193\">apoio financeiro e log\u00edstico<\/strong> ao foragido.<\/p>\n<p data-start=\"2208\" data-end=\"2311\">Na ocasi\u00e3o, policiais tamb\u00e9m realizaram buscas em tr\u00eas endere\u00e7os e apreenderam um celular para per\u00edcia.<\/p>\n<h3 data-section-id=\"x20rig\" data-start=\"2313\" data-end=\"2360\">Buscas foram realizadas em Para\u00edso do Norte<\/h3>\n<p data-start=\"2362\" data-end=\"2553\">Em <strong data-start=\"2365\" data-end=\"2380\">15 de junho<\/strong>, equipes da Pol\u00edcia Civil realizaram buscas em uma \u00e1rea rural de Para\u00edso do Norte ap\u00f3s o recebimento de den\u00fancias e a an\u00e1lise de informa\u00e7\u00f5es obtidas durante a investiga\u00e7\u00e3o.<\/p>\n<p data-start=\"2555\" data-end=\"2662\">O munic\u00edpio fica a cerca de 32 quil\u00f4metros de Paranava\u00ed, onde as primas teriam sido vistas pela \u00faltima vez.<\/p>\n<p data-start=\"2664\" data-end=\"2830\" data-is-last-node=\"\" data-is-only-node=\"\">Agora, com a localiza\u00e7\u00e3o dos corpos e a pris\u00e3o de um dos suspeitos, a Pol\u00edcia Civil continua investigando <strong data-start=\"2770\" data-end=\"2829\">a motiva\u00e7\u00e3o do crime e a participa\u00e7\u00e3o de cada envolvido<\/strong>.<\/p>\n","protected":false},"excerpt":{"rendered":"<p>A Pol\u00edcia Civil do Paran\u00e1 (PCPR) localizou, nesta sexta-feira (21), dois suspeitos de envolvimento na morte das primas Letycia Garcia Mendes e Sttela Dalva Melegari Almeida, ambas de 18 anos, desaparecidas desde abril. Durante a abordagem, um dos investigados tentou fugir pelo telhado de uma resid\u00eancia e foi localizado com o aux\u00edlio de um drone. [&hellip;]<\/p>\n","protected":false},"author":16,"featured_media":6917,"comment_status":"open","ping_status":"open","sticky":false,"template":"","format":"standard","meta":{"footnotes":""},"categories":[4],"tags":[1759,1770,2445,857,173,710,2522,1898,2515,77,320,313,2524,2523,928],"class_list":["post-6916","post","type-post","status-publish","format-standard","has-post-thumbnail","hentry","category-policial","tag-cianorte","tag-clayton-antonio-da-silva-cruz","tag-confronto-policial","tag-desaparecimento","tag-homicidio","tag-investigacao-policial","tag-letycia-garcia-mendes","tag-noticias-do-parana","tag-paraiso-do-norte","tag-parana","tag-pcpr","tag-policia-civil-do-parana","tag-primas-desaparecidas","tag-sttela-dalva-melegari-almeida","tag-violencia"],"yoast_head":"<!-- This site is optimized with the Yoast SEO plugin v28.1 - https:\/\/yoast.com\/product\/yoast-seo-wordpress\/ -->\n<title>Suspeito de matar primas desaparecidas no Paran\u00e1 \u00e9 morto em confronto com a pol\u00edcia - Mz Not\u00edcias<\/title>\n<meta name=\"description\" content=\"Corpos foram encontrados em Para\u00edso do Norte; um suspeito morreu em confronto.\" \/>\n<meta name=\"robots\" content=\"index, follow, max-snippet:-1, max-image-preview:large, max-video-preview:-1\" \/>\n<link rel=\"canonical\" href=\"https:\/\/mznoticia.com.br\/jaguariaiva\/suspeito-de-matar-primas-desaparecidas-no-parana-e-morto-em-confronto-com-a-policia\/\" \/>\n<meta property=\"og:locale\" content=\"pt_BR\" \/>\n<meta property=\"og:type\" content=\"article\" \/>\n<meta property=\"og:title\" content=\"Suspeito de matar primas desaparecidas no Paran\u00e1 \u00e9 morto em confronto com a pol\u00edcia - Mz Not\u00edcias\" \/>\n<meta property=\"og:description\" content=\"Corpos foram encontrados em Para\u00edso do Norte; um suspeito morreu em confronto.\" \/>\n<meta property=\"og:url\" content=\"https:\/\/mznoticia.com.br\/jaguariaiva\/suspeito-de-matar-primas-desaparecidas-no-parana-e-morto-em-confronto-com-a-policia\/\" \/>\n<meta property=\"og:site_name\" content=\"Mz Not\u00edcias\" \/>\n<meta property=\"article:publisher\" content=\"https:\/\/www.facebook.com\/profile.php?id=61573479951222\" \/>\n<meta property=\"article:published_time\" content=\"2026-08-21T17:54:48+00:00\" \/>\n<meta property=\"og:image\" content=\"https:\/\/mznoticia.com.br\/jaguariaiva\/wp-content\/uploads\/2026\/08\/10.jpg-3.webp\" \/>\n\t<meta property=\"og:image:width\" content=\"970\" \/>\n\t<meta property=\"og:image:height\" content=\"550\" \/>\n\t<meta property=\"og:image:type\" content=\"image\/webp\" \/>\n<meta name=\"author\" content=\"Redacao mz\" \/>\n<meta name=\"twitter:card\" content=\"summary_large_image\" \/>\n<meta name=\"twitter:label1\" content=\"Escrito por\" \/>\n\t<meta name=\"twitter:data1\" content=\"Redacao mz\" \/>\n\t<meta name=\"twitter:label2\" content=\"Est. tempo de leitura\" \/>\n\t<meta name=\"twitter:data2\" content=\"3 minutos\" \/>\n<script type=\"application\/ld+json\" class=\"yoast-schema-graph\">{\"@context\":\"https:\\\/\\\/schema.org\",\"@graph\":[{\"@type\":\"Article\",\"@id\":\"https:\\\/\\\/mznoticia.com.br\\\/jaguariaiva\\\/suspeito-de-matar-primas-desaparecidas-no-parana-e-morto-em-confronto-com-a-policia\\\/#article\",\"isPartOf\":{\"@id\":\"https:\\\/\\\/mznoticia.com.br\\\/jaguariaiva\\\/suspeito-de-matar-primas-desaparecidas-no-parana-e-morto-em-confronto-com-a-policia\\\/\"},\"author\":{\"name\":\"Redacao mz\",\"@id\":\"https:\\\/\\\/mznoticia.com.br\\\/jaguariaiva\\\/#\\\/schema\\\/person\\\/84012d827247b3f42f37b550da79cd03\"},\"headline\":\"Suspeito de matar primas desaparecidas no Paran\u00e1 \u00e9 morto em confronto com a pol\u00edcia\",\"datePublished\":\"2026-08-21T17:54:48+00:00\",\"mainEntityOfPage\":{\"@id\":\"https:\\\/\\\/mznoticia.com.br\\\/jaguariaiva\\\/suspeito-de-matar-primas-desaparecidas-no-parana-e-morto-em-confronto-com-a-policia\\\/\"},\"wordCount\":450,\"commentCount\":0,\"publisher\":{\"@id\":\"https:\\\/\\\/mznoticia.com.br\\\/jaguariaiva\\\/#organization\"},\"image\":{\"@id\":\"https:\\\/\\\/mznoticia.com.br\\\/jaguariaiva\\\/suspeito-de-matar-primas-desaparecidas-no-parana-e-morto-em-confronto-com-a-policia\\\/#primaryimage\"},\"thumbnailUrl\":\"https:\\\/\\\/mznoticia.com.br\\\/jaguariaiva\\\/wp-content\\\/uploads\\\/2026\\\/08\\\/10.jpg-3.webp\",\"keywords\":[\"Cianorte\",\"Clayton Ant\u00f4nio da Silva Cruz\",\"confronto policial\",\"Desaparecimento\",\"homic\u00eddio\",\"investiga\u00e7\u00e3o policial\",\"Letycia Garcia Mendes\",\"Not\u00edcias do Paran\u00e1\",\"Para\u00edso do Norte\",\"parana\",\"PCPR\",\"Pol\u00edcia Civil do Paran\u00e1\",\"primas desaparecidas\",\"Sttela Dalva Melegari Almeida\",\"Viol\u00eancia\"],\"articleSection\":[\"Policial\"],\"inLanguage\":\"pt-BR\",\"potentialAction\":[{\"@type\":\"CommentAction\",\"name\":\"Comment\",\"target\":[\"https:\\\/\\\/mznoticia.com.br\\\/jaguariaiva\\\/suspeito-de-matar-primas-desaparecidas-no-parana-e-morto-em-confronto-com-a-policia\\\/#respond\"]}]},{\"@type\":\"WebPage\",\"@id\":\"https:\\\/\\\/mznoticia.com.br\\\/jaguariaiva\\\/suspeito-de-matar-primas-desaparecidas-no-parana-e-morto-em-confronto-com-a-policia\\\/\",\"url\":\"https:\\\/\\\/mznoticia.com.br\\\/jaguariaiva\\\/suspeito-de-matar-primas-desaparecidas-no-parana-e-morto-em-confronto-com-a-policia\\\/\",\"name\":\"Suspeito de matar primas desaparecidas no Paran\u00e1 \u00e9 morto em confronto com a pol\u00edcia - Mz Not\u00edcias\",\"isPartOf\":{\"@id\":\"https:\\\/\\\/mznoticia.com.br\\\/jaguariaiva\\\/#website\"},\"primaryImageOfPage\":{\"@id\":\"https:\\\/\\\/mznoticia.com.br\\\/jaguariaiva\\\/suspeito-de-matar-primas-desaparecidas-no-parana-e-morto-em-confronto-com-a-policia\\\/#primaryimage\"},\"image\":{\"@id\":\"https:\\\/\\\/mznoticia.com.br\\\/jaguariaiva\\\/suspeito-de-matar-primas-desaparecidas-no-parana-e-morto-em-confronto-com-a-policia\\\/#primaryimage\"},\"thumbnailUrl\":\"https:\\\/\\\/mznoticia.com.br\\\/jaguariaiva\\\/wp-content\\\/uploads\\\/2026\\\/08\\\/10.jpg-3.webp\",\"datePublished\":\"2026-08-21T17:54:48+00:00\",\"description\":\"Corpos foram encontrados em Para\u00edso do Norte; um suspeito morreu em confronto.\",\"breadcrumb\":{\"@id\":\"https:\\\/\\\/mznoticia.com.br\\\/jaguariaiva\\\/suspeito-de-matar-primas-desaparecidas-no-parana-e-morto-em-confronto-com-a-policia\\\/#breadcrumb\"},\"inLanguage\":\"pt-BR\",\"potentialAction\":[{\"@type\":\"ReadAction\",\"target\":[\"https:\\\/\\\/mznoticia.com.br\\\/jaguariaiva\\\/suspeito-de-matar-primas-desaparecidas-no-parana-e-morto-em-confronto-com-a-policia\\\/\"]}]},{\"@type\":\"ImageObject\",\"inLanguage\":\"pt-BR\",\"@id\":\"https:\\\/\\\/mznoticia.com.br\\\/jaguariaiva\\\/suspeito-de-matar-primas-desaparecidas-no-parana-e-morto-em-confronto-com-a-policia\\\/#primaryimage\",\"url\":\"https:\\\/\\\/mznoticia.com.br\\\/jaguariaiva\\\/wp-content\\\/uploads\\\/2026\\\/08\\\/10.jpg-3.webp\",\"contentUrl\":\"https:\\\/\\\/mznoticia.com.br\\\/jaguariaiva\\\/wp-content\\\/uploads\\\/2026\\\/08\\\/10.jpg-3.webp\",\"width\":970,\"height\":550},{\"@type\":\"BreadcrumbList\",\"@id\":\"https:\\\/\\\/mznoticia.com.br\\\/jaguariaiva\\\/suspeito-de-matar-primas-desaparecidas-no-parana-e-morto-em-confronto-com-a-policia\\\/#breadcrumb\",\"itemListElement\":[{\"@type\":\"ListItem\",\"position\":1,\"name\":\"Home\",\"item\":\"https:\\\/\\\/mznoticia.com.br\\\/jaguariaiva\\\/\"},{\"@type\":\"ListItem\",\"position\":2,\"name\":\"Suspeito de matar primas desaparecidas no Paran\u00e1 \u00e9 morto em confronto com a pol\u00edcia\"}]},{\"@type\":\"WebSite\",\"@id\":\"https:\\\/\\\/mznoticia.com.br\\\/jaguariaiva\\\/#website\",\"url\":\"https:\\\/\\\/mznoticia.com.br\\\/jaguariaiva\\\/\",\"name\":\"Mz Not\u00edcia\",\"description\":\"A informa\u00e7\u00e3o que voc\u00ea precisa na hora certa!\",\"publisher\":{\"@id\":\"https:\\\/\\\/mznoticia.com.br\\\/jaguariaiva\\\/#organization\"},\"potentialAction\":[{\"@type\":\"SearchAction\",\"target\":{\"@type\":\"EntryPoint\",\"urlTemplate\":\"https:\\\/\\\/mznoticia.com.br\\\/jaguariaiva\\\/?s={search_term_string}\"},\"query-input\":{\"@type\":\"PropertyValueSpecification\",\"valueRequired\":true,\"valueName\":\"search_term_string\"}}],\"inLanguage\":\"pt-BR\"},{\"@type\":\"Organization\",\"@id\":\"https:\\\/\\\/mznoticia.com.br\\\/jaguariaiva\\\/#organization\",\"name\":\"Mz Not\u00edcia\",\"url\":\"https:\\\/\\\/mznoticia.com.br\\\/jaguariaiva\\\/\",\"logo\":{\"@type\":\"ImageObject\",\"inLanguage\":\"pt-BR\",\"@id\":\"https:\\\/\\\/mznoticia.com.br\\\/jaguariaiva\\\/#\\\/schema\\\/logo\\\/image\\\/\",\"url\":\"https:\\\/\\\/mznoticia.com.br\\\/jaguariaiva\\\/wp-content\\\/uploads\\\/2025\\\/03\\\/Design-sem-nome-4-e1741200616392.png\",\"contentUrl\":\"https:\\\/\\\/mznoticia.com.br\\\/jaguariaiva\\\/wp-content\\\/uploads\\\/2025\\\/03\\\/Design-sem-nome-4-e1741200616392.png\",\"width\":750,\"height\":563,\"caption\":\"Mz Not\u00edcia\"},\"image\":{\"@id\":\"https:\\\/\\\/mznoticia.com.br\\\/jaguariaiva\\\/#\\\/schema\\\/logo\\\/image\\\/\"},\"sameAs\":[\"https:\\\/\\\/www.facebook.com\\\/profile.php?id=61573479951222\",\"https:\\\/\\\/www.instagram.com\\\/mz.jaguariaiva\\\/\"]},{\"@type\":\"Person\",\"@id\":\"https:\\\/\\\/mznoticia.com.br\\\/jaguariaiva\\\/#\\\/schema\\\/person\\\/84012d827247b3f42f37b550da79cd03\",\"name\":\"Redacao mz\",\"image\":{\"@type\":\"ImageObject\",\"inLanguage\":\"pt-BR\",\"@id\":\"https:\\\/\\\/mznoticia.com.br\\\/jaguariaiva\\\/wp-content\\\/uploads\\\/2025\\\/02\\\/mznoticia_jaguariaiva_coluna-150x150.png\",\"url\":\"https:\\\/\\\/mznoticia.com.br\\\/jaguariaiva\\\/wp-content\\\/uploads\\\/2025\\\/02\\\/mznoticia_jaguariaiva_coluna-150x150.png\",\"contentUrl\":\"https:\\\/\\\/mznoticia.com.br\\\/jaguariaiva\\\/wp-content\\\/uploads\\\/2025\\\/02\\\/mznoticia_jaguariaiva_coluna-150x150.png\",\"caption\":\"Redacao mz\"},\"sameAs\":[\"http:\\\/\\\/mznoticia.com.br\"],\"url\":\"https:\\\/\\\/mznoticia.com.br\\\/jaguariaiva\\\/author\\\/lucimara\\\/\"}]}<\/script>\n<!-- \/ Yoast SEO plugin. -->","yoast_head_json":{"title":"Suspeito de matar primas desaparecidas no Paran\u00e1 \u00e9 morto em confronto com a pol\u00edcia - Mz Not\u00edcias","description":"Corpos foram encontrados em Para\u00edso do Norte; um suspeito morreu em confronto.","robots":{"index":"index","follow":"follow","max-snippet":"max-snippet:-1","max-image-preview":"max-image-preview:large","max-video-preview":"max-video-preview:-1"},"canonical":"https:\/\/mznoticia.com.br\/jaguariaiva\/suspeito-de-matar-primas-desaparecidas-no-parana-e-morto-em-confronto-com-a-policia\/","og_locale":"pt_BR","og_type":"article","og_title":"Suspeito de matar primas desaparecidas no Paran\u00e1 \u00e9 morto em confronto com a pol\u00edcia - Mz Not\u00edcias","og_description":"Corpos foram encontrados em Para\u00edso do Norte; um suspeito morreu em confronto.","og_url":"https:\/\/mznoticia.com.br\/jaguariaiva\/suspeito-de-matar-primas-desaparecidas-no-parana-e-morto-em-confronto-com-a-policia\/","og_site_name":"Mz Not\u00edcias","article_publisher":"https:\/\/www.facebook.com\/profile.php?id=61573479951222","article_published_time":"2026-08-21T17:54:48+00:00","og_image":[{"width":970,"height":550,"url":"https:\/\/mznoticia.com.br\/jaguariaiva\/wp-content\/uploads\/2026\/08\/10.jpg-3.webp","type":"image\/webp"}],"author":"Redacao mz","twitter_card":"summary_large_image","twitter_misc":{"Escrito por":"Redacao mz","Est. tempo de leitura":"3 minutos"},"schema":{"@context":"https:\/\/schema.org","@graph":[{"@type":"Article","@id":"https:\/\/mznoticia.com.br\/jaguariaiva\/suspeito-de-matar-primas-desaparecidas-no-parana-e-morto-em-confronto-com-a-policia\/#article","isPartOf":{"@id":"https:\/\/mznoticia.com.br\/jaguariaiva\/suspeito-de-matar-primas-desaparecidas-no-parana-e-morto-em-confronto-com-a-policia\/"},"author":{"name":"Redacao mz","@id":"https:\/\/mznoticia.com.br\/jaguariaiva\/#\/schema\/person\/84012d827247b3f42f37b550da79cd03"},"headline":"Suspeito de matar primas desaparecidas no Paran\u00e1 \u00e9 morto em confronto com a pol\u00edcia","datePublished":"2026-08-21T17:54:48+00:00","mainEntityOfPage":{"@id":"https:\/\/mznoticia.com.br\/jaguariaiva\/suspeito-de-matar-primas-desaparecidas-no-parana-e-morto-em-confronto-com-a-policia\/"},"wordCount":450,"commentCount":0,"publisher":{"@id":"https:\/\/mznoticia.com.br\/jaguariaiva\/#organization"},"image":{"@id":"https:\/\/mznoticia.com.br\/jaguariaiva\/suspeito-de-matar-primas-desaparecidas-no-parana-e-morto-em-confronto-com-a-policia\/#primaryimage"},"thumbnailUrl":"https:\/\/mznoticia.com.br\/jaguariaiva\/wp-content\/uploads\/2026\/08\/10.jpg-3.webp","keywords":["Cianorte","Clayton Ant\u00f4nio da Silva Cruz","confronto policial","Desaparecimento","homic\u00eddio","investiga\u00e7\u00e3o policial","Letycia Garcia Mendes","Not\u00edcias do Paran\u00e1","Para\u00edso do Norte","parana","PCPR","Pol\u00edcia Civil do Paran\u00e1","primas desaparecidas","Sttela Dalva Melegari Almeida","Viol\u00eancia"],"articleSection":["Policial"],"inLanguage":"pt-BR","potentialAction":[{"@type":"CommentAction","name":"Comment","target":["https:\/\/mznoticia.com.br\/jaguariaiva\/suspeito-de-matar-primas-desaparecidas-no-parana-e-morto-em-confronto-com-a-policia\/#respond"]}]},{"@type":"WebPage","@id":"https:\/\/mznoticia.com.br\/jaguariaiva\/suspeito-de-matar-primas-desaparecidas-no-parana-e-morto-em-confronto-com-a-policia\/","url":"https:\/\/mznoticia.com.br\/jaguariaiva\/suspeito-de-matar-primas-desaparecidas-no-parana-e-morto-em-confronto-com-a-policia\/","name":"Suspeito de matar primas desaparecidas no Paran\u00e1 \u00e9 morto em confronto com a pol\u00edcia - Mz Not\u00edcias","isPartOf":{"@id":"https:\/\/mznoticia.com.br\/jaguariaiva\/#website"},"primaryImageOfPage":{"@id":"https:\/\/mznoticia.com.br\/jaguariaiva\/suspeito-de-matar-primas-desaparecidas-no-parana-e-morto-em-confronto-com-a-policia\/#primaryimage"},"image":{"@id":"https:\/\/mznoticia.com.br\/jaguariaiva\/suspeito-de-matar-primas-desaparecidas-no-parana-e-morto-em-confronto-com-a-policia\/#primaryimage"},"thumbnailUrl":"https:\/\/mznoticia.com.br\/jaguariaiva\/wp-content\/uploads\/2026\/08\/10.jpg-3.webp","datePublished":"2026-08-21T17:54:48+00:00","description":"Corpos foram encontrados em Para\u00edso do Norte; um suspeito morreu em confronto.","breadcrumb":{"@id":"https:\/\/mznoticia.com.br\/jaguariaiva\/suspeito-de-matar-primas-desaparecidas-no-parana-e-morto-em-confronto-com-a-policia\/#breadcrumb"},"inLanguage":"pt-BR","potentialAction":[{"@type":"ReadAction","target":["https:\/\/mznoticia.com.br\/jaguariaiva\/suspeito-de-matar-primas-desaparecidas-no-parana-e-morto-em-confronto-com-a-policia\/"]}]},{"@type":"ImageObject","inLanguage":"pt-BR","@id":"https:\/\/mznoticia.com.br\/jaguariaiva\/suspeito-de-matar-primas-desaparecidas-no-parana-e-morto-em-confronto-com-a-policia\/#primaryimage","url":"https:\/\/mznoticia.com.br\/jaguariaiva\/wp-content\/uploads\/2026\/08\/10.jpg-3.webp","contentUrl":"https:\/\/mznoticia.com.br\/jaguariaiva\/wp-content\/uploads\/2026\/08\/10.jpg-3.webp","width":970,"height":550},{"@type":"BreadcrumbList","@id":"https:\/\/mznoticia.com.br\/jaguariaiva\/suspeito-de-matar-primas-desaparecidas-no-parana-e-morto-em-confronto-com-a-policia\/#breadcrumb","itemListElement":[{"@type":"ListItem","position":1,"name":"Home","item":"https:\/\/mznoticia.com.br\/jaguariaiva\/"},{"@type":"ListItem","position":2,"name":"Suspeito de matar primas desaparecidas no Paran\u00e1 \u00e9 morto em confronto com a pol\u00edcia"}]},{"@type":"WebSite","@id":"https:\/\/mznoticia.com.br\/jaguariaiva\/#website","url":"https:\/\/mznoticia.com.br\/jaguariaiva\/","name":"Mz Not\u00edcia","description":"A informa\u00e7\u00e3o que voc\u00ea precisa na hora certa!","publisher":{"@id":"https:\/\/mznoticia.com.br\/jaguariaiva\/#organization"},"potentialAction":[{"@type":"SearchAction","target":{"@type":"EntryPoint","urlTemplate":"https:\/\/mznoticia.com.br\/jaguariaiva\/?s={search_term_string}"},"query-input":{"@type":"PropertyValueSpecification","valueRequired":true,"valueName":"search_term_string"}}],"inLanguage":"pt-BR"},{"@type":"Organization","@id":"https:\/\/mznoticia.com.br\/jaguariaiva\/#organization","name":"Mz Not\u00edcia","url":"https:\/\/mznoticia.com.br\/jaguariaiva\/","logo":{"@type":"ImageObject","inLanguage":"pt-BR","@id":"https:\/\/mznoticia.com.br\/jaguariaiva\/#\/schema\/logo\/image\/","url":"https:\/\/mznoticia.com.br\/jaguariaiva\/wp-content\/uploads\/2025\/03\/Design-sem-nome-4-e1741200616392.png","contentUrl":"https:\/\/mznoticia.com.br\/jaguariaiva\/wp-content\/uploads\/2025\/03\/Design-sem-nome-4-e1741200616392.png","width":750,"height":563,"caption":"Mz Not\u00edcia"},"image":{"@id":"https:\/\/mznoticia.com.br\/jaguariaiva\/#\/schema\/logo\/image\/"},"sameAs":["https:\/\/www.facebook.com\/profile.php?id=61573479951222","https:\/\/www.instagram.com\/mz.jaguariaiva\/"]},{"@type":"Person","@id":"https:\/\/mznoticia.com.br\/jaguariaiva\/#\/schema\/person\/84012d827247b3f42f37b550da79cd03","name":"Redacao mz","image":{"@type":"ImageObject","inLanguage":"pt-BR","@id":"https:\/\/mznoticia.com.br\/jaguariaiva\/wp-content\/uploads\/2025\/02\/mznoticia_jaguariaiva_coluna-150x150.png","url":"https:\/\/mznoticia.com.br\/jaguariaiva\/wp-content\/uploads\/2025\/02\/mznoticia_jaguariaiva_coluna-150x150.png","contentUrl":"https:\/\/mznoticia.com.br\/jaguariaiva\/wp-content\/uploads\/2025\/02\/mznoticia_jaguariaiva_coluna-150x150.png","caption":"Redacao mz"},"sameAs":["http:\/\/mznoticia.com.br"],"url":"https:\/\/mznoticia.com.br\/jaguariaiva\/author\/lucimara\/"}]}},"_links":{"self":[{"href":"https:\/\/mznoticia.com.br\/jaguariaiva\/wp-json\/wp\/v2\/posts\/6916","targetHints":{"allow":["GET"]}}],"collection":[{"href":"https:\/\/mznoticia.com.br\/jaguariaiva\/wp-json\/wp\/v2\/posts"}],"about":[{"href":"https:\/\/mznoticia.com.br\/jaguariaiva\/wp-json\/wp\/v2\/types\/post"}],"author":[{"embeddable":true,"href":"https:\/\/mznoticia.com.br\/jaguariaiva\/wp-json\/wp\/v2\/users\/16"}],"replies":[{"embeddable":true,"href":"https:\/\/mznoticia.com.br\/jaguariaiva\/wp-json\/wp\/v2\/comments?post=6916"}],"version-history":[{"count":1,"href":"https:\/\/mznoticia.com.br\/jaguariaiva\/wp-json\/wp\/v2\/posts\/6916\/revisions"}],"predecessor-version":[{"id":6918,"href":"https:\/\/mznoticia.com.br\/jaguariaiva\/wp-json\/wp\/v2\/posts\/6916\/revisions\/6918"}],"wp:featuredmedia":[{"embeddable":true,"href":"https:\/\/mznoticia.com.br\/jaguariaiva\/wp-json\/wp\/v2\/media\/6917"}],"wp:attachment":[{"href":"https:\/\/mznoticia.com.br\/jaguariaiva\/wp-json\/wp\/v2\/media?parent=6916"}],"wp:term":[{"taxonomy":"category","embeddable":true,"href":"https:\/\/mznoticia.com.br\/jaguariaiva\/wp-json\/wp\/v2\/categories?post=6916"},{"taxonomy":"post_tag","embeddable":true,"href":"https:\/\/mznoticia.com.br\/jaguariaiva\/wp-json\/wp\/v2\/tags?post=6916"}],"curies":[{"name":"wp","href":"https:\/\/api.w.org\/{rel}","templated":true}]}}